{"id":12447,"date":"2017-05-23T17:25:57","date_gmt":"2017-05-23T16:25:57","guid":{"rendered":"http:\/\/www.info-algerie.com\/actualites\/participation-du-conseil-de-la-nation-au-forum-des-parlementaires-arabes-pour-la-population-et-le-developpement-durable\/"},"modified":"2017-05-23T17:25:57","modified_gmt":"2017-05-23T16:25:57","slug":"participation-du-conseil-de-la-nation-au-forum-des-parlementaires-arabes-pour-la-population-et-le-developpement-durable","status":"publish","type":"post","link":"https:\/\/www.info-algerie.com\/actualites\/participation-du-conseil-de-la-nation-au-forum-des-parlementaires-arabes-pour-la-population-et-le-developpement-durable\/","title":{"rendered":"Participation du Conseil de la Nation au forum des parlementaires arabes pour la population et le d\u00e9veloppement durable"},"content":{"rendered":"<div class=\"K2FeedIntroText\">\n<p>ALGER &#8211; Le Conseil de la Nation prendra part au deuxi\u00e8me atelier de sensibilisation sur le r\u00f4le des parlementaires dans l&rsquo;encadrement des indicateurs des populations et l&rsquo;adoption des \u00e9quilibres du d\u00e9veloppement de la population, qui sera organis\u00e9 au si\u00e8ge du Secr\u00e9tariat g\u00e9n\u00e9ral de la Ligue arabe au Caire \u00e0 partir de mardi, a indiqu\u00e9 un communiqu\u00e9 du Conseil.<\/p>\n<p>&#013;\n<\/p><\/div>\n<div class=\"K2FeedFullText\">&#013;<\/p>\n<p>Ce deuxi\u00e8me atelier de sensibilisation organis\u00e9 par la Direction des recherches et des \u00e9tudes sur la population relevant de la Ligue arabe, en collaboration avec le fonds de l&rsquo;ONU pour la population, vise \u00e0 hisser le niveau de prise de conscience chez les parlementaires, leur fournir les connaissances fondamentales pour \u00e9laborer et adopter des l\u00e9gislations visant \u00e0 promouvoir la population et \u00e9clairer les connaissances concernant l&rsquo;adoption des indices de d\u00e9veloppement de la population.<\/p>\n<p>&#013;<\/p>\n<p class=\"MsoNormal\">Cet atelier auquel prendra part une d\u00e9l\u00e9gation du Conseil de la nation pr\u00e9sid\u00e9e par Abdelmadjid Tekich, membre du Conseil de la Nation et vice-pr\u00e9sident des parlementaires arabes des populations et du d\u00e9veloppement, vise \u00e0 \u00e9changer les exp\u00e9riences sur les lois et l\u00e9gislations r\u00e9gissant les affaires financi\u00e8res ainsi que le renforcement des capacit\u00e9s des parlementaires en fonction d&rsquo;une m\u00e9thodologie scientifique et professionnelle des voies d&rsquo;\u00e9laboration des l\u00e9gislations qui consacrent l&rsquo;adoption des indices de d\u00e9veloppement durable.<\/p>\n<\/div>\n<p>&#013;<br \/>\nSource: <a href=\"http:\/\/www.aps.dz\/algerie\/58082-participation-du-conseil-de-la-nation-au-forum-des-parlementaires-arabes-pour-la-population-et-le-developpement-durable\" target=\"_blank\">Participation du Conseil de la Nation au forum des parlementaires arabes pour la population et le d\u00e9veloppement durable<\/a><\/p>\n<!--CusAds0-->\n<div style=\"font-size: 0px; height: 0px; line-height: 0px; margin: 0; padding: 0; clear: both;\"><\/div>","protected":false},"excerpt":{"rendered":"<p>ALGER &#8211; Le Conseil de la Nation prendra part au deuxi\u00e8me atelier de sensibilisation sur le r\u00f4le des parlementaires dans l&rsquo;encadrement des indicateurs des populations et l&rsquo;adoption des \u00e9quilibres du d\u00e9veloppement de la population, qui sera organis\u00e9 au si\u00e8ge du Secr\u00e9tariat g\u00e9n\u00e9ral de la Ligue arabe au Caire \u00e0 partir de mardi, a indiqu\u00e9 un<\/p>\n","protected":false},"author":6,"featured_media":0,"comment_status":"open","ping_status":"open","sticky":false,"template":"","format":"standard","meta":{"footnotes":""},"categories":[22],"tags":[93],"class_list":["post-12447","post","type-post","status-publish","format-standard","hentry","category-infos","tag-onu"],"yoast_head":"<!-- This site is optimized with the Yoast SEO plugin v27.5 - https:\/\/yoast.com\/product\/yoast-seo-wordpress\/ -->\n<title>Participation du Conseil de la Nation au forum des parlementaires arabes pour la population et le d\u00e9veloppement durable - info algerie<\/title>\n<meta name=\"robots\" content=\"index, follow, max-snippet:-1, max-image-preview:large, max-video-preview:-1\" \/>\n<link rel=\"canonical\" href=\"https:\/\/www.info-algerie.com\/actualites\/participation-du-conseil-de-la-nation-au-forum-des-parlementaires-arabes-pour-la-population-et-le-developpement-durable\/\" \/>\n<meta property=\"og:locale\" content=\"fr_FR\" \/>\n<meta property=\"og:type\" content=\"article\" \/>\n<meta property=\"og:title\" content=\"Participation du Conseil de la Nation au forum des parlementaires arabes pour la population et le d\u00e9veloppement durable - info algerie\" \/>\n<meta property=\"og:description\" content=\"ALGER &#8211; Le Conseil de la Nation prendra part au deuxi\u00e8me atelier de sensibilisation sur le r\u00f4le des parlementaires dans l&rsquo;encadrement des indicateurs des populations et l&rsquo;adoption des \u00e9quilibres du d\u00e9veloppement de la population, qui sera organis\u00e9 au si\u00e8ge du Secr\u00e9tariat g\u00e9n\u00e9ral de la Ligue arabe au Caire \u00e0 partir de mardi, a indiqu\u00e9 un\" \/>\n<meta property=\"og:url\" content=\"https:\/\/www.info-algerie.com\/actualites\/participation-du-conseil-de-la-nation-au-forum-des-parlementaires-arabes-pour-la-population-et-le-developpement-durable\/\" \/>\n<meta property=\"og:site_name\" content=\"info algerie\" \/>\n<meta property=\"article:publisher\" content=\"https:\/\/www.facebook.com\/infoalgerieactu\" \/>\n<meta property=\"article:published_time\" content=\"2017-05-23T16:25:57+00:00\" \/>\n<meta name=\"author\" content=\"La r\u00e9daction\" \/>\n<meta name=\"twitter:label1\" content=\"\u00c9crit par\" \/>\n\t<meta name=\"twitter:data1\" content=\"La r\u00e9daction\" \/>\n\t<meta name=\"twitter:label2\" content=\"Dur\u00e9e de lecture estim\u00e9e\" \/>\n\t<meta name=\"twitter:data2\" content=\"1 minute\" \/>\n<script type=\"application\/ld+json\" class=\"yoast-schema-graph\">{\"@context\":\"https:\\\/\\\/schema.org\",\"@graph\":[{\"@type\":\"Article\",\"@id\":\"https:\\\/\\\/www.info-algerie.com\\\/actualites\\\/participation-du-conseil-de-la-nation-au-forum-des-parlementaires-arabes-pour-la-population-et-le-developpement-durable\\\/#article\",\"isPartOf\":{\"@id\":\"https:\\\/\\\/www.info-algerie.com\\\/actualites\\\/participation-du-conseil-de-la-nation-au-forum-des-parlementaires-arabes-pour-la-population-et-le-developpement-durable\\\/\"},\"author\":{\"name\":\"La r\u00e9daction\",\"@id\":\"https:\\\/\\\/www.info-algerie.com\\\/actualites\\\/#\\\/schema\\\/person\\\/847aaec44920825b843a08f30ec6aa1e\"},\"headline\":\"Participation du Conseil de la Nation au forum des parlementaires arabes pour la population et le d\u00e9veloppement durable\",\"datePublished\":\"2017-05-23T16:25:57+00:00\",\"mainEntityOfPage\":{\"@id\":\"https:\\\/\\\/www.info-algerie.com\\\/actualites\\\/participation-du-conseil-de-la-nation-au-forum-des-parlementaires-arabes-pour-la-population-et-le-developpement-durable\\\/\"},\"wordCount\":271,\"commentCount\":0,\"publisher\":{\"@id\":\"https:\\\/\\\/www.info-algerie.com\\\/actualites\\\/#organization\"},\"keywords\":[\"ONU\"],\"articleSection\":[\"infos\"],\"inLanguage\":\"fr-FR\",\"potentialAction\":[{\"@type\":\"CommentAction\",\"name\":\"Comment\",\"target\":[\"https:\\\/\\\/www.info-algerie.com\\\/actualites\\\/participation-du-conseil-de-la-nation-au-forum-des-parlementaires-arabes-pour-la-population-et-le-developpement-durable\\\/#respond\"]}]},{\"@type\":\"WebPage\",\"@id\":\"https:\\\/\\\/www.info-algerie.com\\\/actualites\\\/participation-du-conseil-de-la-nation-au-forum-des-parlementaires-arabes-pour-la-population-et-le-developpement-durable\\\/\",\"url\":\"https:\\\/\\\/www.info-algerie.com\\\/actualites\\\/participation-du-conseil-de-la-nation-au-forum-des-parlementaires-arabes-pour-la-population-et-le-developpement-durable\\\/\",\"name\":\"Participation du Conseil de la Nation au forum des parlementaires arabes pour la population et le d\u00e9veloppement durable - info algerie\",\"isPartOf\":{\"@id\":\"https:\\\/\\\/www.info-algerie.com\\\/actualites\\\/#website\"},\"datePublished\":\"2017-05-23T16:25:57+00:00\",\"breadcrumb\":{\"@id\":\"https:\\\/\\\/www.info-algerie.com\\\/actualites\\\/participation-du-conseil-de-la-nation-au-forum-des-parlementaires-arabes-pour-la-population-et-le-developpement-durable\\\/#breadcrumb\"},\"inLanguage\":\"fr-FR\",\"potentialAction\":[{\"@type\":\"ReadAction\",\"target\":[\"https:\\\/\\\/www.info-algerie.com\\\/actualites\\\/participation-du-conseil-de-la-nation-au-forum-des-parlementaires-arabes-pour-la-population-et-le-developpement-durable\\\/\"]}]},{\"@type\":\"BreadcrumbList\",\"@id\":\"https:\\\/\\\/www.info-algerie.com\\\/actualites\\\/participation-du-conseil-de-la-nation-au-forum-des-parlementaires-arabes-pour-la-population-et-le-developpement-durable\\\/#breadcrumb\",\"itemListElement\":[{\"@type\":\"ListItem\",\"position\":1,\"name\":\"Accueil\",\"item\":\"https:\\\/\\\/www.info-algerie.com\\\/actualites\\\/\"},{\"@type\":\"ListItem\",\"position\":2,\"name\":\"Participation du Conseil de la Nation au forum des parlementaires arabes pour la population et le d\u00e9veloppement durable\"}]},{\"@type\":\"WebSite\",\"@id\":\"https:\\\/\\\/www.info-algerie.com\\\/actualites\\\/#website\",\"url\":\"https:\\\/\\\/www.info-algerie.com\\\/actualites\\\/\",\"name\":\"info algerie\",\"description\":\"Toutes les actualit\u00e9s\",\"publisher\":{\"@id\":\"https:\\\/\\\/www.info-algerie.com\\\/actualites\\\/#organization\"},\"potentialAction\":[{\"@type\":\"SearchAction\",\"target\":{\"@type\":\"EntryPoint\",\"urlTemplate\":\"https:\\\/\\\/www.info-algerie.com\\\/actualites\\\/?s={search_term_string}\"},\"query-input\":{\"@type\":\"PropertyValueSpecification\",\"valueRequired\":true,\"valueName\":\"search_term_string\"}}],\"inLanguage\":\"fr-FR\"},{\"@type\":\"Organization\",\"@id\":\"https:\\\/\\\/www.info-algerie.com\\\/actualites\\\/#organization\",\"name\":\"info algerie\",\"url\":\"https:\\\/\\\/www.info-algerie.com\\\/actualites\\\/\",\"logo\":{\"@type\":\"ImageObject\",\"inLanguage\":\"fr-FR\",\"@id\":\"https:\\\/\\\/www.info-algerie.com\\\/actualites\\\/#\\\/schema\\\/logo\\\/image\\\/\",\"url\":\"https:\\\/\\\/www.info-algerie.com\\\/actualites\\\/wp-content\\\/uploads\\\/2022\\\/07\\\/logo-ia-120.png\",\"contentUrl\":\"https:\\\/\\\/www.info-algerie.com\\\/actualites\\\/wp-content\\\/uploads\\\/2022\\\/07\\\/logo-ia-120.png\",\"width\":120,\"height\":43,\"caption\":\"info algerie\"},\"image\":{\"@id\":\"https:\\\/\\\/www.info-algerie.com\\\/actualites\\\/#\\\/schema\\\/logo\\\/image\\\/\"},\"sameAs\":[\"https:\\\/\\\/www.facebook.com\\\/infoalgerieactu\",\"https:\\\/\\\/x.com\\\/infoalgerie1\"]},{\"@type\":\"Person\",\"@id\":\"https:\\\/\\\/www.info-algerie.com\\\/actualites\\\/#\\\/schema\\\/person\\\/847aaec44920825b843a08f30ec6aa1e\",\"name\":\"La r\u00e9daction\",\"image\":{\"@type\":\"ImageObject\",\"inLanguage\":\"fr-FR\",\"@id\":\"https:\\\/\\\/secure.gravatar.com\\\/avatar\\\/769db425c6f465158149f1ffd6cf61ce7a8a879d11dfbef8288af36dfddd418c?s=96&d=mm&r=g\",\"url\":\"https:\\\/\\\/secure.gravatar.com\\\/avatar\\\/769db425c6f465158149f1ffd6cf61ce7a8a879d11dfbef8288af36dfddd418c?s=96&d=mm&r=g\",\"contentUrl\":\"https:\\\/\\\/secure.gravatar.com\\\/avatar\\\/769db425c6f465158149f1ffd6cf61ce7a8a879d11dfbef8288af36dfddd418c?s=96&d=mm&r=g\",\"caption\":\"La r\u00e9daction\"},\"sameAs\":[\"http:\\\/\\\/www.lkeria.com\\\/\"],\"url\":\"https:\\\/\\\/www.info-algerie.com\\\/actualites\\\/author\\\/chakib32\\\/\"}]}<\/script>\n<!-- \/ Yoast SEO plugin. -->","yoast_head_json":{"title":"Participation du Conseil de la Nation au forum des parlementaires arabes pour la population et le d\u00e9veloppement durable - info algerie","robots":{"index":"index","follow":"follow","max-snippet":"max-snippet:-1","max-image-preview":"max-image-preview:large","max-video-preview":"max-video-preview:-1"},"canonical":"https:\/\/www.info-algerie.com\/actualites\/participation-du-conseil-de-la-nation-au-forum-des-parlementaires-arabes-pour-la-population-et-le-developpement-durable\/","og_locale":"fr_FR","og_type":"article","og_title":"Participation du Conseil de la Nation au forum des parlementaires arabes pour la population et le d\u00e9veloppement durable - info algerie","og_description":"ALGER &#8211; Le Conseil de la Nation prendra part au deuxi\u00e8me atelier de sensibilisation sur le r\u00f4le des parlementaires dans l&rsquo;encadrement des indicateurs des populations et l&rsquo;adoption des \u00e9quilibres du d\u00e9veloppement de la population, qui sera organis\u00e9 au si\u00e8ge du Secr\u00e9tariat g\u00e9n\u00e9ral de la Ligue arabe au Caire \u00e0 partir de mardi, a indiqu\u00e9 un","og_url":"https:\/\/www.info-algerie.com\/actualites\/participation-du-conseil-de-la-nation-au-forum-des-parlementaires-arabes-pour-la-population-et-le-developpement-durable\/","og_site_name":"info algerie","article_publisher":"https:\/\/www.facebook.com\/infoalgerieactu","article_published_time":"2017-05-23T16:25:57+00:00","author":"La r\u00e9daction","twitter_misc":{"\u00c9crit par":"La r\u00e9daction","Dur\u00e9e de lecture estim\u00e9e":"1 minute"},"schema":{"@context":"https:\/\/schema.org","@graph":[{"@type":"Article","@id":"https:\/\/www.info-algerie.com\/actualites\/participation-du-conseil-de-la-nation-au-forum-des-parlementaires-arabes-pour-la-population-et-le-developpement-durable\/#article","isPartOf":{"@id":"https:\/\/www.info-algerie.com\/actualites\/participation-du-conseil-de-la-nation-au-forum-des-parlementaires-arabes-pour-la-population-et-le-developpement-durable\/"},"author":{"name":"La r\u00e9daction","@id":"https:\/\/www.info-algerie.com\/actualites\/#\/schema\/person\/847aaec44920825b843a08f30ec6aa1e"},"headline":"Participation du Conseil de la Nation au forum des parlementaires arabes pour la population et le d\u00e9veloppement durable","datePublished":"2017-05-23T16:25:57+00:00","mainEntityOfPage":{"@id":"https:\/\/www.info-algerie.com\/actualites\/participation-du-conseil-de-la-nation-au-forum-des-parlementaires-arabes-pour-la-population-et-le-developpement-durable\/"},"wordCount":271,"commentCount":0,"publisher":{"@id":"https:\/\/www.info-algerie.com\/actualites\/#organization"},"keywords":["ONU"],"articleSection":["infos"],"inLanguage":"fr-FR","potentialAction":[{"@type":"CommentAction","name":"Comment","target":["https:\/\/www.info-algerie.com\/actualites\/participation-du-conseil-de-la-nation-au-forum-des-parlementaires-arabes-pour-la-population-et-le-developpement-durable\/#respond"]}]},{"@type":"WebPage","@id":"https:\/\/www.info-algerie.com\/actualites\/participation-du-conseil-de-la-nation-au-forum-des-parlementaires-arabes-pour-la-population-et-le-developpement-durable\/","url":"https:\/\/www.info-algerie.com\/actualites\/participation-du-conseil-de-la-nation-au-forum-des-parlementaires-arabes-pour-la-population-et-le-developpement-durable\/","name":"Participation du Conseil de la Nation au forum des parlementaires arabes pour la population et le d\u00e9veloppement durable - info algerie","isPartOf":{"@id":"https:\/\/www.info-algerie.com\/actualites\/#website"},"datePublished":"2017-05-23T16:25:57+00:00","breadcrumb":{"@id":"https:\/\/www.info-algerie.com\/actualites\/participation-du-conseil-de-la-nation-au-forum-des-parlementaires-arabes-pour-la-population-et-le-developpement-durable\/#breadcrumb"},"inLanguage":"fr-FR","potentialAction":[{"@type":"ReadAction","target":["https:\/\/www.info-algerie.com\/actualites\/participation-du-conseil-de-la-nation-au-forum-des-parlementaires-arabes-pour-la-population-et-le-developpement-durable\/"]}]},{"@type":"BreadcrumbList","@id":"https:\/\/www.info-algerie.com\/actualites\/participation-du-conseil-de-la-nation-au-forum-des-parlementaires-arabes-pour-la-population-et-le-developpement-durable\/#breadcrumb","itemListElement":[{"@type":"ListItem","position":1,"name":"Accueil","item":"https:\/\/www.info-algerie.com\/actualites\/"},{"@type":"ListItem","position":2,"name":"Participation du Conseil de la Nation au forum des parlementaires arabes pour la population et le d\u00e9veloppement durable"}]},{"@type":"WebSite","@id":"https:\/\/www.info-algerie.com\/actualites\/#website","url":"https:\/\/www.info-algerie.com\/actualites\/","name":"info algerie","description":"Toutes les actualit\u00e9s","publisher":{"@id":"https:\/\/www.info-algerie.com\/actualites\/#organization"},"potentialAction":[{"@type":"SearchAction","target":{"@type":"EntryPoint","urlTemplate":"https:\/\/www.info-algerie.com\/actualites\/?s={search_term_string}"},"query-input":{"@type":"PropertyValueSpecification","valueRequired":true,"valueName":"search_term_string"}}],"inLanguage":"fr-FR"},{"@type":"Organization","@id":"https:\/\/www.info-algerie.com\/actualites\/#organization","name":"info algerie","url":"https:\/\/www.info-algerie.com\/actualites\/","logo":{"@type":"ImageObject","inLanguage":"fr-FR","@id":"https:\/\/www.info-algerie.com\/actualites\/#\/schema\/logo\/image\/","url":"https:\/\/www.info-algerie.com\/actualites\/wp-content\/uploads\/2022\/07\/logo-ia-120.png","contentUrl":"https:\/\/www.info-algerie.com\/actualites\/wp-content\/uploads\/2022\/07\/logo-ia-120.png","width":120,"height":43,"caption":"info algerie"},"image":{"@id":"https:\/\/www.info-algerie.com\/actualites\/#\/schema\/logo\/image\/"},"sameAs":["https:\/\/www.facebook.com\/infoalgerieactu","https:\/\/x.com\/infoalgerie1"]},{"@type":"Person","@id":"https:\/\/www.info-algerie.com\/actualites\/#\/schema\/person\/847aaec44920825b843a08f30ec6aa1e","name":"La r\u00e9daction","image":{"@type":"ImageObject","inLanguage":"fr-FR","@id":"https:\/\/secure.gravatar.com\/avatar\/769db425c6f465158149f1ffd6cf61ce7a8a879d11dfbef8288af36dfddd418c?s=96&d=mm&r=g","url":"https:\/\/secure.gravatar.com\/avatar\/769db425c6f465158149f1ffd6cf61ce7a8a879d11dfbef8288af36dfddd418c?s=96&d=mm&r=g","contentUrl":"https:\/\/secure.gravatar.com\/avatar\/769db425c6f465158149f1ffd6cf61ce7a8a879d11dfbef8288af36dfddd418c?s=96&d=mm&r=g","caption":"La r\u00e9daction"},"sameAs":["http:\/\/www.lkeria.com\/"],"url":"https:\/\/www.info-algerie.com\/actualites\/author\/chakib32\/"}]}},"_links":{"self":[{"href":"https:\/\/www.info-algerie.com\/actualites\/wp-json\/wp\/v2\/posts\/12447","targetHints":{"allow":["GET"]}}],"collection":[{"href":"https:\/\/www.info-algerie.com\/actualites\/wp-json\/wp\/v2\/posts"}],"about":[{"href":"https:\/\/www.info-algerie.com\/actualites\/wp-json\/wp\/v2\/types\/post"}],"author":[{"embeddable":true,"href":"https:\/\/www.info-algerie.com\/actualites\/wp-json\/wp\/v2\/users\/6"}],"replies":[{"embeddable":true,"href":"https:\/\/www.info-algerie.com\/actualites\/wp-json\/wp\/v2\/comments?post=12447"}],"version-history":[{"count":0,"href":"https:\/\/www.info-algerie.com\/actualites\/wp-json\/wp\/v2\/posts\/12447\/revisions"}],"wp:attachment":[{"href":"https:\/\/www.info-algerie.com\/actualites\/wp-json\/wp\/v2\/media?parent=12447"}],"wp:term":[{"taxonomy":"category","embeddable":true,"href":"https:\/\/www.info-algerie.com\/actualites\/wp-json\/wp\/v2\/categories?post=12447"},{"taxonomy":"post_tag","embeddable":true,"href":"https:\/\/www.info-algerie.com\/actualites\/wp-json\/wp\/v2\/tags?post=12447"}],"curies":[{"name":"wp","href":"https:\/\/api.w.org\/{rel}","templated":true}]}}