{"id":12455,"date":"2017-05-23T20:06:32","date_gmt":"2017-05-23T19:06:32","guid":{"rendered":"http:\/\/www.info-algerie.com\/actualites\/lutte-contre-le-terrorisme-messahel-qualifie-son-echange-avec-le-comite-politique-et-securite-de-lue-de-tres-interessant\/"},"modified":"2017-05-23T20:06:32","modified_gmt":"2017-05-23T19:06:32","slug":"lutte-contre-le-terrorisme-messahel-qualifie-son-echange-avec-le-comite-politique-et-securite-de-lue-de-tres-interessant","status":"publish","type":"post","link":"https:\/\/www.info-algerie.com\/actualites\/lutte-contre-le-terrorisme-messahel-qualifie-son-echange-avec-le-comite-politique-et-securite-de-lue-de-tres-interessant\/","title":{"rendered":"Lutte contre le terrorisme: Messahel qualifie son \u00e9change avec le comit\u00e9 politique et s\u00e9curit\u00e9 de l&#039;UE de &quot;tr\u00e8s int\u00e9ressant&quot;"},"content":{"rendered":"<div class=\"K2FeedImage\"><img decoding=\"async\" src=\"https:\/\/www.info-algerie.com\/actualites\/wp-content\/uploads\/2017\/05\/5b37d8d13af41b668f298fa0a29c2837_S.jpg\" \/><\/div>\n<div class=\"K2FeedIntroText\">\n<p>BRUXELLES &#8211; Le ministre des Affaires maghr\u00e9bines, de l&rsquo;Union africaine (UA) et de la Ligue des Etats arabes, Abdelkader Messahel, a qualifi\u00e9 mardi son \u00e9change avec le comit\u00e9 politique et s\u00e9curit\u00e9 de l&rsquo;Union europ\u00e9enne (UE) sur l&rsquo;exp\u00e9rience de l&rsquo;Alg\u00e9rie en mati\u00e8re de lutte contre le terrorisme de \u00ab\u00a0tr\u00e8s int\u00e9ressant\u00a0\u00bb.<\/p>\n<p>&#013;\n<\/p><\/div>\n<div class=\"K2FeedFullText\">&#013;<\/p>\n<p>\u00ab\u00a0Nous avons eu un d\u00e9bat tr\u00e8s int\u00e9ressant \u00e0 ce sujet\u00a0\u00bb, a-t-il d\u00e9clar\u00e9 \u00e0 la presse \u00e0 l&rsquo;issue de sa rencontre avec les ambassadeurs des Etats membres de l&rsquo;UE au si\u00e8ge du Conseil de l&rsquo;Union \u00e0 Bruxelles.<\/p>\n<p>&#013;<\/p>\n<p>Selon le ministre, les membres du comit\u00e9 politique et s\u00e9curit\u00e9 de l&rsquo;UE \u00ab\u00a0\u00e9taient tr\u00e8s int\u00e9ress\u00e9s par l&rsquo;exp\u00e9rience de l&rsquo;Alg\u00e9rie\u00a0\u00bb, notamment par les politiques mises en \u0153uvre par le gouvernement alg\u00e9rien dans le domaine cultuel et d&rsquo;\u00e9largissement des espaces d\u00e9mocratiques pour lutter contre le discours radical.<\/p>\n<p>&#013;<\/p>\n<p>M. Messahel a expos\u00e9 au d\u00e9but de l&rsquo;apr\u00e8s-midi, l&rsquo;exp\u00e9rience de l&rsquo;Alg\u00e9rie en mati\u00e8re de d\u00e9-radicalisation, affirmant que la lutte contre l&rsquo;extr\u00e9misme violent et le terrorisme consiste \u00e0 \u00ab\u00a0priver leurs tenants et promoteurs de facteurs d&rsquo;ancrage dans la soci\u00e9t\u00e9 et dans son mode de fonctionnement politique et socio\u00e9conomique\u00a0\u00bb.<\/p>\n<p>&#013;<\/p>\n<p>Intervenant devant le comit\u00e9 politique et s\u00e9curit\u00e9 de l&rsquo;Union europ\u00e9enne (UE), le ministre a soulign\u00e9 que la politique alg\u00e9rienne repose sur la lutte contre les facteurs de marginalisation et d&rsquo;exclusion, la promotion de la justice sociale et de l&rsquo;\u00e9galit\u00e9 des chances.<\/p>\n<p>&#013;<\/p>\n<p>La politique de d\u00e9-radicalisation en Alg\u00e9rie repose \u00e9galement, a-t-il poursuivi, sur \u00a0\u00bb la r\u00e9conciliation nationale, la promotion de la d\u00e9mocratie, de l&rsquo;Etat de droit, de la bonne gouvernance, des droits de l&rsquo;homme et des libert\u00e9s fondamentales, ainsi que l&rsquo;ind\u00e9pendance de la justice\u00a0\u00bb.<\/p>\n<p>&#013;<\/p>\n<p>La situation dans la r\u00e9gion du Sahel, particuli\u00e8rement en Libye et la question migratoire \u00ab\u00a0int\u00e9ressent particuli\u00e8rement\u00a0\u00bb les membres du comit\u00e9 politique et s\u00e9curit\u00e9 de l&rsquo;UE, a indiqu\u00e9 le ministre, assurant avoir expos\u00e9 le point de vue de l&rsquo;Alg\u00e9rie qui \u00ab\u00a0participe \u00e0 la recherche de solutions politiques aux conflits dans son voisinage imm\u00e9diat par le dialogue et la r\u00e9conciliation nationale\u00a0\u00bb.<\/p>\n<p>&#013;<\/p>\n<p>\u00ab\u00a0Cet effort n&rsquo;est pas seulement celui de l&rsquo;Alg\u00e9rie, mais c&rsquo;est un effort sur lequel doit s&rsquo;accorder la communaut\u00e9 internationale et particuli\u00e8rement l&rsquo;UE qui est dans le voisinage imm\u00e9diat\u00a0\u00bb, a-t-il soutenu.<\/p>\n<p>&#013;<\/p>\n<p>\u00ab\u00a0Dans une r\u00e9gion en pleine effervescence et o\u00f9 il y a de grandes turbulences, nous essayons d&rsquo;apporter notre contribution par le dialogue et sans interf\u00e9rences dans les affaires aussi bien des Maliens que des Libyens\u00a0\u00bb, a-t-il ajout\u00e9.<\/p>\n<p>&#013;<\/p>\n<p>Evoquant sa rencontre avec le chef de la mission de l&rsquo;ONU pour la Libye, Martin Kobler, le ministre a soulign\u00e9 que ces entretiens s&rsquo;inscrivent dans le cadre de la concertation r\u00e9guli\u00e8re avec l&rsquo;ONU.<\/p>\n<p>&#013;<\/p>\n<p>\u00ab\u00a0Nous avons fait une \u00e9valuation des r\u00e9sultats de la r\u00e9union des pays voisins de la Libye tenue le 8 mai \u00e0 Alger et nous avons eu un \u00e9change sur cette r\u00e9union du quartet pour la Libye organis\u00e9e ce mardi \u00e0 Bruxelles\u00a0\u00bb, a-t-il indiqu\u00e9.<\/p>\n<p>&#013;<\/p>\n<p>Les discussions avec Kobler, a-t-il poursuivi, ont port\u00e9 notamment sur \u00ab\u00a0la mani\u00e8re dont la suite se fera et quelles sont les diff\u00e9rentes \u00e9tapes\u00a0\u00bb. \u00ab\u00a0On a \u00e9chang\u00e9 quelques id\u00e9es sur la relance du dialogue politique inter libyens et\u00a0 sur l&rsquo;\u00e9ch\u00e9ancier qu&rsquo;il va soumettre aux diff\u00e9rentes parties libyennes\u00a0\u00bb, a-t-il ajout\u00e9.<\/p>\n<p>&#013;<\/p>\n<p>Quant \u00e0 ses entretiens avec le repr\u00e9sentant sp\u00e9cial de l&rsquo;UE pour le Sahel, Angel Losada, le ministre a affirm\u00e9 qu&rsquo;ils ont permis d&rsquo;examiner les \u00ab\u00a0\u00e9tapes positives\u00a0\u00bb accomplies dans le processus de mise en \u0153uvre de l&rsquo;accord de paix au Mali, et d&rsquo;\u00e9changer les vues sur \u00ab\u00a0la dynamique politique\u00a0\u00bb constat\u00e9e depuis le mois de f\u00e9vrier.<\/p>\n<p>&#013;<\/p>\n<p class=\"MsoNormal\">M. Messahel a annonc\u00e9, \u00e0 ce titre, la tenue prochaine, au niveau minist\u00e9riel, d&rsquo;une r\u00e9union du comit\u00e9 de suivi de la mise en \u0153uvre de l&rsquo;accord de paix au Mali.<\/p>\n<\/div>\n<p>&#013;<br \/>\nSource: <a href=\"http:\/\/www.aps.dz\/algerie\/58097-lutte-contre-le-terrorisme-messahel-qualifie-son-echange-avec-le-comite-politique-et-securite-de-l-ue-de-tres-interessant\" target=\"_blank\">Lutte contre le terrorisme: Messahel qualifie son \u00e9change avec le comit\u00e9 politique et s\u00e9curit\u00e9 de l&rsquo;UE de \u00ab\u00a0tr\u00e8s int\u00e9ressant\u00a0\u00bb<\/a><\/p>\n<!--CusAds0-->\n<div style=\"font-size: 0px; height: 0px; line-height: 0px; margin: 0; padding: 0; clear: both;\"><\/div>","protected":false},"excerpt":{"rendered":"<p>BRUXELLES &#8211; Le ministre des Affaires maghr\u00e9bines, de l&rsquo;Union africaine (UA) et de la Ligue des Etats arabes, Abdelkader Messahel, a qualifi\u00e9 mardi son \u00e9change avec le comit\u00e9 politique et s\u00e9curit\u00e9 de l&rsquo;Union europ\u00e9enne (UE) sur l&rsquo;exp\u00e9rience de l&rsquo;Alg\u00e9rie en mati\u00e8re de lutte contre le terrorisme de \u00ab\u00a0tr\u00e8s int\u00e9ressant\u00a0\u00bb. &#013; &#013; \u00ab\u00a0Nous avons eu un<\/p>\n","protected":false},"author":6,"featured_media":12456,"comment_status":"open","ping_status":"open","sticky":false,"template":"","format":"standard","meta":{"footnotes":""},"categories":[22],"tags":[93],"class_list":["post-12455","post","type-post","status-publish","format-standard","has-post-thumbnail","hentry","category-infos","tag-onu"],"yoast_head":"<!-- This site is optimized with the Yoast SEO plugin v27.5 - https:\/\/yoast.com\/product\/yoast-seo-wordpress\/ -->\n<title>Lutte contre le terrorisme: Messahel qualifie son \u00e9change avec le comit\u00e9 politique et s\u00e9curit\u00e9 de l&#039;UE de &quot;tr\u00e8s int\u00e9ressant&quot; - info algerie<\/title>\n<meta name=\"robots\" content=\"index, follow, max-snippet:-1, max-image-preview:large, max-video-preview:-1\" \/>\n<link rel=\"canonical\" href=\"https:\/\/www.info-algerie.com\/actualites\/lutte-contre-le-terrorisme-messahel-qualifie-son-echange-avec-le-comite-politique-et-securite-de-lue-de-tres-interessant\/\" \/>\n<meta property=\"og:locale\" content=\"fr_FR\" \/>\n<meta property=\"og:type\" content=\"article\" \/>\n<meta property=\"og:title\" content=\"Lutte contre le terrorisme: Messahel qualifie son \u00e9change avec le comit\u00e9 politique et s\u00e9curit\u00e9 de l&#039;UE de &quot;tr\u00e8s int\u00e9ressant&quot; - info algerie\" \/>\n<meta property=\"og:description\" content=\"BRUXELLES &#8211; Le ministre des Affaires maghr\u00e9bines, de l&rsquo;Union africaine (UA) et de la Ligue des Etats arabes, Abdelkader Messahel, a qualifi\u00e9 mardi son \u00e9change avec le comit\u00e9 politique et s\u00e9curit\u00e9 de l&rsquo;Union europ\u00e9enne (UE) sur l&rsquo;exp\u00e9rience de l&rsquo;Alg\u00e9rie en mati\u00e8re de lutte contre le terrorisme de \u00ab\u00a0tr\u00e8s int\u00e9ressant\u00a0\u00bb. &#013; &#013; \u00ab\u00a0Nous avons eu un\" \/>\n<meta property=\"og:url\" content=\"https:\/\/www.info-algerie.com\/actualites\/lutte-contre-le-terrorisme-messahel-qualifie-son-echange-avec-le-comite-politique-et-securite-de-lue-de-tres-interessant\/\" \/>\n<meta property=\"og:site_name\" content=\"info algerie\" \/>\n<meta property=\"article:publisher\" content=\"https:\/\/www.facebook.com\/infoalgerieactu\" \/>\n<meta property=\"article:published_time\" content=\"2017-05-23T19:06:32+00:00\" \/>\n<meta property=\"og:image\" content=\"https:\/\/www.info-algerie.com\/actualites\/wp-content\/uploads\/2017\/05\/5b37d8d13af41b668f298fa0a29c2837_S-1.jpg\" \/>\n\t<meta property=\"og:image:width\" content=\"280\" \/>\n\t<meta property=\"og:image:height\" content=\"169\" \/>\n\t<meta property=\"og:image:type\" content=\"image\/jpeg\" \/>\n<meta name=\"author\" content=\"La r\u00e9daction\" \/>\n<meta name=\"twitter:label1\" content=\"\u00c9crit par\" \/>\n\t<meta name=\"twitter:data1\" content=\"La r\u00e9daction\" \/>\n\t<meta name=\"twitter:label2\" content=\"Dur\u00e9e de lecture estim\u00e9e\" \/>\n\t<meta name=\"twitter:data2\" content=\"3 minutes\" \/>\n<script type=\"application\/ld+json\" class=\"yoast-schema-graph\">{\"@context\":\"https:\\\/\\\/schema.org\",\"@graph\":[{\"@type\":\"Article\",\"@id\":\"https:\\\/\\\/www.info-algerie.com\\\/actualites\\\/lutte-contre-le-terrorisme-messahel-qualifie-son-echange-avec-le-comite-politique-et-securite-de-lue-de-tres-interessant\\\/#article\",\"isPartOf\":{\"@id\":\"https:\\\/\\\/www.info-algerie.com\\\/actualites\\\/lutte-contre-le-terrorisme-messahel-qualifie-son-echange-avec-le-comite-politique-et-securite-de-lue-de-tres-interessant\\\/\"},\"author\":{\"name\":\"La r\u00e9daction\",\"@id\":\"https:\\\/\\\/www.info-algerie.com\\\/actualites\\\/#\\\/schema\\\/person\\\/847aaec44920825b843a08f30ec6aa1e\"},\"headline\":\"Lutte contre le terrorisme: Messahel qualifie son \u00e9change avec le comit\u00e9 politique et s\u00e9curit\u00e9 de l&#039;UE de &quot;tr\u00e8s int\u00e9ressant&quot;\",\"datePublished\":\"2017-05-23T19:06:32+00:00\",\"mainEntityOfPage\":{\"@id\":\"https:\\\/\\\/www.info-algerie.com\\\/actualites\\\/lutte-contre-le-terrorisme-messahel-qualifie-son-echange-avec-le-comite-politique-et-securite-de-lue-de-tres-interessant\\\/\"},\"wordCount\":742,\"commentCount\":0,\"publisher\":{\"@id\":\"https:\\\/\\\/www.info-algerie.com\\\/actualites\\\/#organization\"},\"image\":{\"@id\":\"https:\\\/\\\/www.info-algerie.com\\\/actualites\\\/lutte-contre-le-terrorisme-messahel-qualifie-son-echange-avec-le-comite-politique-et-securite-de-lue-de-tres-interessant\\\/#primaryimage\"},\"thumbnailUrl\":\"https:\\\/\\\/www.info-algerie.com\\\/actualites\\\/wp-content\\\/uploads\\\/2017\\\/05\\\/5b37d8d13af41b668f298fa0a29c2837_S-1.jpg\",\"keywords\":[\"ONU\"],\"articleSection\":[\"infos\"],\"inLanguage\":\"fr-FR\",\"potentialAction\":[{\"@type\":\"CommentAction\",\"name\":\"Comment\",\"target\":[\"https:\\\/\\\/www.info-algerie.com\\\/actualites\\\/lutte-contre-le-terrorisme-messahel-qualifie-son-echange-avec-le-comite-politique-et-securite-de-lue-de-tres-interessant\\\/#respond\"]}]},{\"@type\":\"WebPage\",\"@id\":\"https:\\\/\\\/www.info-algerie.com\\\/actualites\\\/lutte-contre-le-terrorisme-messahel-qualifie-son-echange-avec-le-comite-politique-et-securite-de-lue-de-tres-interessant\\\/\",\"url\":\"https:\\\/\\\/www.info-algerie.com\\\/actualites\\\/lutte-contre-le-terrorisme-messahel-qualifie-son-echange-avec-le-comite-politique-et-securite-de-lue-de-tres-interessant\\\/\",\"name\":\"Lutte contre le terrorisme: Messahel qualifie son \u00e9change avec le comit\u00e9 politique et s\u00e9curit\u00e9 de l&#039;UE de &quot;tr\u00e8s int\u00e9ressant&quot; - info algerie\",\"isPartOf\":{\"@id\":\"https:\\\/\\\/www.info-algerie.com\\\/actualites\\\/#website\"},\"primaryImageOfPage\":{\"@id\":\"https:\\\/\\\/www.info-algerie.com\\\/actualites\\\/lutte-contre-le-terrorisme-messahel-qualifie-son-echange-avec-le-comite-politique-et-securite-de-lue-de-tres-interessant\\\/#primaryimage\"},\"image\":{\"@id\":\"https:\\\/\\\/www.info-algerie.com\\\/actualites\\\/lutte-contre-le-terrorisme-messahel-qualifie-son-echange-avec-le-comite-politique-et-securite-de-lue-de-tres-interessant\\\/#primaryimage\"},\"thumbnailUrl\":\"https:\\\/\\\/www.info-algerie.com\\\/actualites\\\/wp-content\\\/uploads\\\/2017\\\/05\\\/5b37d8d13af41b668f298fa0a29c2837_S-1.jpg\",\"datePublished\":\"2017-05-23T19:06:32+00:00\",\"breadcrumb\":{\"@id\":\"https:\\\/\\\/www.info-algerie.com\\\/actualites\\\/lutte-contre-le-terrorisme-messahel-qualifie-son-echange-avec-le-comite-politique-et-securite-de-lue-de-tres-interessant\\\/#breadcrumb\"},\"inLanguage\":\"fr-FR\",\"potentialAction\":[{\"@type\":\"ReadAction\",\"target\":[\"https:\\\/\\\/www.info-algerie.com\\\/actualites\\\/lutte-contre-le-terrorisme-messahel-qualifie-son-echange-avec-le-comite-politique-et-securite-de-lue-de-tres-interessant\\\/\"]}]},{\"@type\":\"ImageObject\",\"inLanguage\":\"fr-FR\",\"@id\":\"https:\\\/\\\/www.info-algerie.com\\\/actualites\\\/lutte-contre-le-terrorisme-messahel-qualifie-son-echange-avec-le-comite-politique-et-securite-de-lue-de-tres-interessant\\\/#primaryimage\",\"url\":\"https:\\\/\\\/www.info-algerie.com\\\/actualites\\\/wp-content\\\/uploads\\\/2017\\\/05\\\/5b37d8d13af41b668f298fa0a29c2837_S-1.jpg\",\"contentUrl\":\"https:\\\/\\\/www.info-algerie.com\\\/actualites\\\/wp-content\\\/uploads\\\/2017\\\/05\\\/5b37d8d13af41b668f298fa0a29c2837_S-1.jpg\",\"width\":280,\"height\":169},{\"@type\":\"BreadcrumbList\",\"@id\":\"https:\\\/\\\/www.info-algerie.com\\\/actualites\\\/lutte-contre-le-terrorisme-messahel-qualifie-son-echange-avec-le-comite-politique-et-securite-de-lue-de-tres-interessant\\\/#breadcrumb\",\"itemListElement\":[{\"@type\":\"ListItem\",\"position\":1,\"name\":\"Accueil\",\"item\":\"https:\\\/\\\/www.info-algerie.com\\\/actualites\\\/\"},{\"@type\":\"ListItem\",\"position\":2,\"name\":\"Lutte contre le terrorisme: Messahel qualifie son \u00e9change avec le comit\u00e9 politique et s\u00e9curit\u00e9 de l&#039;UE de &quot;tr\u00e8s int\u00e9ressant&quot;\"}]},{\"@type\":\"WebSite\",\"@id\":\"https:\\\/\\\/www.info-algerie.com\\\/actualites\\\/#website\",\"url\":\"https:\\\/\\\/www.info-algerie.com\\\/actualites\\\/\",\"name\":\"info algerie\",\"description\":\"Toutes les actualit\u00e9s\",\"publisher\":{\"@id\":\"https:\\\/\\\/www.info-algerie.com\\\/actualites\\\/#organization\"},\"potentialAction\":[{\"@type\":\"SearchAction\",\"target\":{\"@type\":\"EntryPoint\",\"urlTemplate\":\"https:\\\/\\\/www.info-algerie.com\\\/actualites\\\/?s={search_term_string}\"},\"query-input\":{\"@type\":\"PropertyValueSpecification\",\"valueRequired\":true,\"valueName\":\"search_term_string\"}}],\"inLanguage\":\"fr-FR\"},{\"@type\":\"Organization\",\"@id\":\"https:\\\/\\\/www.info-algerie.com\\\/actualites\\\/#organization\",\"name\":\"info algerie\",\"url\":\"https:\\\/\\\/www.info-algerie.com\\\/actualites\\\/\",\"logo\":{\"@type\":\"ImageObject\",\"inLanguage\":\"fr-FR\",\"@id\":\"https:\\\/\\\/www.info-algerie.com\\\/actualites\\\/#\\\/schema\\\/logo\\\/image\\\/\",\"url\":\"https:\\\/\\\/www.info-algerie.com\\\/actualites\\\/wp-content\\\/uploads\\\/2022\\\/07\\\/logo-ia-120.png\",\"contentUrl\":\"https:\\\/\\\/www.info-algerie.com\\\/actualites\\\/wp-content\\\/uploads\\\/2022\\\/07\\\/logo-ia-120.png\",\"width\":120,\"height\":43,\"caption\":\"info algerie\"},\"image\":{\"@id\":\"https:\\\/\\\/www.info-algerie.com\\\/actualites\\\/#\\\/schema\\\/logo\\\/image\\\/\"},\"sameAs\":[\"https:\\\/\\\/www.facebook.com\\\/infoalgerieactu\",\"https:\\\/\\\/x.com\\\/infoalgerie1\"]},{\"@type\":\"Person\",\"@id\":\"https:\\\/\\\/www.info-algerie.com\\\/actualites\\\/#\\\/schema\\\/person\\\/847aaec44920825b843a08f30ec6aa1e\",\"name\":\"La r\u00e9daction\",\"image\":{\"@type\":\"ImageObject\",\"inLanguage\":\"fr-FR\",\"@id\":\"https:\\\/\\\/secure.gravatar.com\\\/avatar\\\/769db425c6f465158149f1ffd6cf61ce7a8a879d11dfbef8288af36dfddd418c?s=96&d=mm&r=g\",\"url\":\"https:\\\/\\\/secure.gravatar.com\\\/avatar\\\/769db425c6f465158149f1ffd6cf61ce7a8a879d11dfbef8288af36dfddd418c?s=96&d=mm&r=g\",\"contentUrl\":\"https:\\\/\\\/secure.gravatar.com\\\/avatar\\\/769db425c6f465158149f1ffd6cf61ce7a8a879d11dfbef8288af36dfddd418c?s=96&d=mm&r=g\",\"caption\":\"La r\u00e9daction\"},\"sameAs\":[\"http:\\\/\\\/www.lkeria.com\\\/\"],\"url\":\"https:\\\/\\\/www.info-algerie.com\\\/actualites\\\/author\\\/chakib32\\\/\"}]}<\/script>\n<!-- \/ Yoast SEO plugin. -->","yoast_head_json":{"title":"Lutte contre le terrorisme: Messahel qualifie son \u00e9change avec le comit\u00e9 politique et s\u00e9curit\u00e9 de l&#039;UE de &quot;tr\u00e8s int\u00e9ressant&quot; - info algerie","robots":{"index":"index","follow":"follow","max-snippet":"max-snippet:-1","max-image-preview":"max-image-preview:large","max-video-preview":"max-video-preview:-1"},"canonical":"https:\/\/www.info-algerie.com\/actualites\/lutte-contre-le-terrorisme-messahel-qualifie-son-echange-avec-le-comite-politique-et-securite-de-lue-de-tres-interessant\/","og_locale":"fr_FR","og_type":"article","og_title":"Lutte contre le terrorisme: Messahel qualifie son \u00e9change avec le comit\u00e9 politique et s\u00e9curit\u00e9 de l&#039;UE de &quot;tr\u00e8s int\u00e9ressant&quot; - info algerie","og_description":"BRUXELLES &#8211; Le ministre des Affaires maghr\u00e9bines, de l&rsquo;Union africaine (UA) et de la Ligue des Etats arabes, Abdelkader Messahel, a qualifi\u00e9 mardi son \u00e9change avec le comit\u00e9 politique et s\u00e9curit\u00e9 de l&rsquo;Union europ\u00e9enne (UE) sur l&rsquo;exp\u00e9rience de l&rsquo;Alg\u00e9rie en mati\u00e8re de lutte contre le terrorisme de \u00ab\u00a0tr\u00e8s int\u00e9ressant\u00a0\u00bb. &#013; &#013; \u00ab\u00a0Nous avons eu un","og_url":"https:\/\/www.info-algerie.com\/actualites\/lutte-contre-le-terrorisme-messahel-qualifie-son-echange-avec-le-comite-politique-et-securite-de-lue-de-tres-interessant\/","og_site_name":"info algerie","article_publisher":"https:\/\/www.facebook.com\/infoalgerieactu","article_published_time":"2017-05-23T19:06:32+00:00","og_image":[{"width":280,"height":169,"url":"https:\/\/www.info-algerie.com\/actualites\/wp-content\/uploads\/2017\/05\/5b37d8d13af41b668f298fa0a29c2837_S-1.jpg","type":"image\/jpeg"}],"author":"La r\u00e9daction","twitter_misc":{"\u00c9crit par":"La r\u00e9daction","Dur\u00e9e de lecture estim\u00e9e":"3 minutes"},"schema":{"@context":"https:\/\/schema.org","@graph":[{"@type":"Article","@id":"https:\/\/www.info-algerie.com\/actualites\/lutte-contre-le-terrorisme-messahel-qualifie-son-echange-avec-le-comite-politique-et-securite-de-lue-de-tres-interessant\/#article","isPartOf":{"@id":"https:\/\/www.info-algerie.com\/actualites\/lutte-contre-le-terrorisme-messahel-qualifie-son-echange-avec-le-comite-politique-et-securite-de-lue-de-tres-interessant\/"},"author":{"name":"La r\u00e9daction","@id":"https:\/\/www.info-algerie.com\/actualites\/#\/schema\/person\/847aaec44920825b843a08f30ec6aa1e"},"headline":"Lutte contre le terrorisme: Messahel qualifie son \u00e9change avec le comit\u00e9 politique et s\u00e9curit\u00e9 de l&#039;UE de &quot;tr\u00e8s int\u00e9ressant&quot;","datePublished":"2017-05-23T19:06:32+00:00","mainEntityOfPage":{"@id":"https:\/\/www.info-algerie.com\/actualites\/lutte-contre-le-terrorisme-messahel-qualifie-son-echange-avec-le-comite-politique-et-securite-de-lue-de-tres-interessant\/"},"wordCount":742,"commentCount":0,"publisher":{"@id":"https:\/\/www.info-algerie.com\/actualites\/#organization"},"image":{"@id":"https:\/\/www.info-algerie.com\/actualites\/lutte-contre-le-terrorisme-messahel-qualifie-son-echange-avec-le-comite-politique-et-securite-de-lue-de-tres-interessant\/#primaryimage"},"thumbnailUrl":"https:\/\/www.info-algerie.com\/actualites\/wp-content\/uploads\/2017\/05\/5b37d8d13af41b668f298fa0a29c2837_S-1.jpg","keywords":["ONU"],"articleSection":["infos"],"inLanguage":"fr-FR","potentialAction":[{"@type":"CommentAction","name":"Comment","target":["https:\/\/www.info-algerie.com\/actualites\/lutte-contre-le-terrorisme-messahel-qualifie-son-echange-avec-le-comite-politique-et-securite-de-lue-de-tres-interessant\/#respond"]}]},{"@type":"WebPage","@id":"https:\/\/www.info-algerie.com\/actualites\/lutte-contre-le-terrorisme-messahel-qualifie-son-echange-avec-le-comite-politique-et-securite-de-lue-de-tres-interessant\/","url":"https:\/\/www.info-algerie.com\/actualites\/lutte-contre-le-terrorisme-messahel-qualifie-son-echange-avec-le-comite-politique-et-securite-de-lue-de-tres-interessant\/","name":"Lutte contre le terrorisme: Messahel qualifie son \u00e9change avec le comit\u00e9 politique et s\u00e9curit\u00e9 de l&#039;UE de &quot;tr\u00e8s int\u00e9ressant&quot; - info algerie","isPartOf":{"@id":"https:\/\/www.info-algerie.com\/actualites\/#website"},"primaryImageOfPage":{"@id":"https:\/\/www.info-algerie.com\/actualites\/lutte-contre-le-terrorisme-messahel-qualifie-son-echange-avec-le-comite-politique-et-securite-de-lue-de-tres-interessant\/#primaryimage"},"image":{"@id":"https:\/\/www.info-algerie.com\/actualites\/lutte-contre-le-terrorisme-messahel-qualifie-son-echange-avec-le-comite-politique-et-securite-de-lue-de-tres-interessant\/#primaryimage"},"thumbnailUrl":"https:\/\/www.info-algerie.com\/actualites\/wp-content\/uploads\/2017\/05\/5b37d8d13af41b668f298fa0a29c2837_S-1.jpg","datePublished":"2017-05-23T19:06:32+00:00","breadcrumb":{"@id":"https:\/\/www.info-algerie.com\/actualites\/lutte-contre-le-terrorisme-messahel-qualifie-son-echange-avec-le-comite-politique-et-securite-de-lue-de-tres-interessant\/#breadcrumb"},"inLanguage":"fr-FR","potentialAction":[{"@type":"ReadAction","target":["https:\/\/www.info-algerie.com\/actualites\/lutte-contre-le-terrorisme-messahel-qualifie-son-echange-avec-le-comite-politique-et-securite-de-lue-de-tres-interessant\/"]}]},{"@type":"ImageObject","inLanguage":"fr-FR","@id":"https:\/\/www.info-algerie.com\/actualites\/lutte-contre-le-terrorisme-messahel-qualifie-son-echange-avec-le-comite-politique-et-securite-de-lue-de-tres-interessant\/#primaryimage","url":"https:\/\/www.info-algerie.com\/actualites\/wp-content\/uploads\/2017\/05\/5b37d8d13af41b668f298fa0a29c2837_S-1.jpg","contentUrl":"https:\/\/www.info-algerie.com\/actualites\/wp-content\/uploads\/2017\/05\/5b37d8d13af41b668f298fa0a29c2837_S-1.jpg","width":280,"height":169},{"@type":"BreadcrumbList","@id":"https:\/\/www.info-algerie.com\/actualites\/lutte-contre-le-terrorisme-messahel-qualifie-son-echange-avec-le-comite-politique-et-securite-de-lue-de-tres-interessant\/#breadcrumb","itemListElement":[{"@type":"ListItem","position":1,"name":"Accueil","item":"https:\/\/www.info-algerie.com\/actualites\/"},{"@type":"ListItem","position":2,"name":"Lutte contre le terrorisme: Messahel qualifie son \u00e9change avec le comit\u00e9 politique et s\u00e9curit\u00e9 de l&#039;UE de &quot;tr\u00e8s int\u00e9ressant&quot;"}]},{"@type":"WebSite","@id":"https:\/\/www.info-algerie.com\/actualites\/#website","url":"https:\/\/www.info-algerie.com\/actualites\/","name":"info algerie","description":"Toutes les actualit\u00e9s","publisher":{"@id":"https:\/\/www.info-algerie.com\/actualites\/#organization"},"potentialAction":[{"@type":"SearchAction","target":{"@type":"EntryPoint","urlTemplate":"https:\/\/www.info-algerie.com\/actualites\/?s={search_term_string}"},"query-input":{"@type":"PropertyValueSpecification","valueRequired":true,"valueName":"search_term_string"}}],"inLanguage":"fr-FR"},{"@type":"Organization","@id":"https:\/\/www.info-algerie.com\/actualites\/#organization","name":"info algerie","url":"https:\/\/www.info-algerie.com\/actualites\/","logo":{"@type":"ImageObject","inLanguage":"fr-FR","@id":"https:\/\/www.info-algerie.com\/actualites\/#\/schema\/logo\/image\/","url":"https:\/\/www.info-algerie.com\/actualites\/wp-content\/uploads\/2022\/07\/logo-ia-120.png","contentUrl":"https:\/\/www.info-algerie.com\/actualites\/wp-content\/uploads\/2022\/07\/logo-ia-120.png","width":120,"height":43,"caption":"info algerie"},"image":{"@id":"https:\/\/www.info-algerie.com\/actualites\/#\/schema\/logo\/image\/"},"sameAs":["https:\/\/www.facebook.com\/infoalgerieactu","https:\/\/x.com\/infoalgerie1"]},{"@type":"Person","@id":"https:\/\/www.info-algerie.com\/actualites\/#\/schema\/person\/847aaec44920825b843a08f30ec6aa1e","name":"La r\u00e9daction","image":{"@type":"ImageObject","inLanguage":"fr-FR","@id":"https:\/\/secure.gravatar.com\/avatar\/769db425c6f465158149f1ffd6cf61ce7a8a879d11dfbef8288af36dfddd418c?s=96&d=mm&r=g","url":"https:\/\/secure.gravatar.com\/avatar\/769db425c6f465158149f1ffd6cf61ce7a8a879d11dfbef8288af36dfddd418c?s=96&d=mm&r=g","contentUrl":"https:\/\/secure.gravatar.com\/avatar\/769db425c6f465158149f1ffd6cf61ce7a8a879d11dfbef8288af36dfddd418c?s=96&d=mm&r=g","caption":"La r\u00e9daction"},"sameAs":["http:\/\/www.lkeria.com\/"],"url":"https:\/\/www.info-algerie.com\/actualites\/author\/chakib32\/"}]}},"_links":{"self":[{"href":"https:\/\/www.info-algerie.com\/actualites\/wp-json\/wp\/v2\/posts\/12455","targetHints":{"allow":["GET"]}}],"collection":[{"href":"https:\/\/www.info-algerie.com\/actualites\/wp-json\/wp\/v2\/posts"}],"about":[{"href":"https:\/\/www.info-algerie.com\/actualites\/wp-json\/wp\/v2\/types\/post"}],"author":[{"embeddable":true,"href":"https:\/\/www.info-algerie.com\/actualites\/wp-json\/wp\/v2\/users\/6"}],"replies":[{"embeddable":true,"href":"https:\/\/www.info-algerie.com\/actualites\/wp-json\/wp\/v2\/comments?post=12455"}],"version-history":[{"count":0,"href":"https:\/\/www.info-algerie.com\/actualites\/wp-json\/wp\/v2\/posts\/12455\/revisions"}],"wp:featuredmedia":[{"embeddable":true,"href":"https:\/\/www.info-algerie.com\/actualites\/wp-json\/wp\/v2\/media\/12456"}],"wp:attachment":[{"href":"https:\/\/www.info-algerie.com\/actualites\/wp-json\/wp\/v2\/media?parent=12455"}],"wp:term":[{"taxonomy":"category","embeddable":true,"href":"https:\/\/www.info-algerie.com\/actualites\/wp-json\/wp\/v2\/categories?post=12455"},{"taxonomy":"post_tag","embeddable":true,"href":"https:\/\/www.info-algerie.com\/actualites\/wp-json\/wp\/v2\/tags?post=12455"}],"curies":[{"name":"wp","href":"https:\/\/api.w.org\/{rel}","templated":true}]}}