{"id":12473,"date":"2017-05-24T08:49:08","date_gmt":"2017-05-24T07:49:08","guid":{"rendered":"http:\/\/www.info-algerie.com\/actualites\/debut-des-epreuves-de-lexamen-de-fin-de-cycle-primaire-a-travers-le-territoire-national\/"},"modified":"2017-05-24T08:49:08","modified_gmt":"2017-05-24T07:49:08","slug":"debut-des-epreuves-de-lexamen-de-fin-de-cycle-primaire-a-travers-le-territoire-national","status":"publish","type":"post","link":"https:\/\/www.info-algerie.com\/actualites\/debut-des-epreuves-de-lexamen-de-fin-de-cycle-primaire-a-travers-le-territoire-national\/","title":{"rendered":"D\u00e9but des \u00e9preuves de l&#039;examen de fin de cycle primaire \u00e0 travers le territoire national"},"content":{"rendered":"<div class=\"K2FeedImage\"><img decoding=\"async\" src=\"https:\/\/www.info-algerie.com\/actualites\/wp-content\/uploads\/2017\/05\/dde73dc6c00fa8fd144d1f459a89b10e_S.jpg\" alt=\"D&#xE9;but des &#xE9;preuves de l'examen de fin de cycle primaire &#xE0; travers le territoire national\" \/><\/div>\n<div class=\"K2FeedIntroText\">\n<p>ALGER- Les \u00e9preuves de l&rsquo;examen de fin de cycle primaire\u00a0 session 2017 ont d\u00e9but\u00e9 mercredi matin \u00e0 travers tout le territoire\u00a0 national avec la participation de plus de 760 000 \u00e9l\u00e8ves r\u00e9partis sur plus\u00a0 de 13.000 centres d&rsquo;examen.<\/p>\n<p>&#013;\n<\/p><\/div>\n<div class=\"K2FeedFullText\">&#013;<\/p>\n<p>Le coup d`envoi des \u00e9preuves a \u00e9t\u00e9 donn\u00e9 \u00e0 partir de la wilaya de\u00a0 B\u00e9char par la ministre de l`Education nationale, Nouria Benghebrit qui se\u00a0 rendra, par la suite, dans la wilaya de Tindouf pour donner le coup d&rsquo;envoi\u00a0 de l&rsquo;\u00e9preuve de l&rsquo;apr\u00e8s-midi.<\/p>\n<p>&#013;<\/p>\n<p>Au total, 760 652 \u00e9l\u00e8ves, dont 47,93 % de filles sont concern\u00e9s par\u00a0 cet examen qui enregistre cette ann\u00e9e\u00a0 une hausse de 55 192 candidats par rapport \u00e0 la session pr\u00e9c\u00e9dente, selon\u00a0 le minist\u00e8re de l&rsquo;Education nationale.<\/p>\n<p>&#013;<\/p>\n<p>Les candidats, r\u00e9partis sur 13 688 centres d&rsquo;examen et encadr\u00e9s par\u00a0 160 880 enseignants seront examin\u00e9s\u00a0 sur trois mati\u00e8res \u00e0 savoir la langue arabe et les math\u00e9matiques durant la\u00a0 matin\u00e9e et la langue fran\u00e7aise pour l&rsquo;apr\u00e8s-midi.<\/p>\n<p>&#013;<\/p>\n<p>Mme Benghebrit avait affirm\u00e9 r\u00e9cemment que les candidats passeront\u00a0 cet examen qui leur permettra d&rsquo;acc\u00e9der au cycle moyen, au sein de leurs\u00a0 \u00e9tablissements et ce pour la deuxi\u00e8me fois cons\u00e9cutive. Selon elle, cette option a \u00e9t\u00e9 adopt\u00e9e pour ne pas d\u00e9stabiliser et\u00a0 perturber l&rsquo;\u00e9l\u00e8ve, affirmant que les\u00a0 enseignants devant assurer l&rsquo;encadrement se d\u00e9placeront dans les centres\u00a0 d&rsquo;examen autres que ceux o\u00f9 ils enseignent. Les r\u00e9sultats de l&rsquo;examen de fin de cycle primaire seront annonc\u00e9s\u00a0 le 9 juin.<\/p>\n<p>&#013;<\/p>\n<p>Le Commandement de la Gendarmerie nationale a mis en place un plan\u00a0 de s\u00e9curit\u00e9 sp\u00e9cial pour les examens de fin d&rsquo;ann\u00e9e (les trois cycles\u00a0 confondus) en assurant tous les moyens humains et mat\u00e9riels pour le bon\u00a0 d\u00e9roulement des \u00e9preuves \u00e0 travers les 48 wilayas.<\/p>\n<p>&#013;<\/p>\n<p>Les centres d&rsquo;impression des sujets des \u00e9preuves des examens des\u00a0 trois cycles seront ainsi s\u00e9curis\u00e9s et\u00a0 les brigades de la s\u00e9curit\u00e9 routi\u00e8re de la Gendarmerie nationale renforc\u00e9es\u00a0 au niveau des diff\u00e9rentes routes nationales, communales et de wilaya\u00a0 notamment celles d\u00e9bouchant sur les zones urbaines et ce avant et pendant le d\u00e9roulement des examens. La Direction g\u00e9n\u00e9rale de la S\u00fbret\u00e9 nationale mobilisera 38 697\u00a0 agents d&rsquo;intervention et 1914 ambulances ainsi que 1092 voitures de la\u00a0 protection civile dans le cadre d&rsquo;un dispositif s\u00e9curitaire sp\u00e9cial.<\/p>\n<p>&#013;<\/p>\n<p>\u00a0<\/p>\n<p>&#013;<\/p>\n<p>\u00a0<\/p>\n<p>&#013;<\/p>\n<p>\u00a0<\/p>\n<p>&#013;<\/p>\n<p><strong>Un dispositif de s\u00e9curit\u00e9 \u00e0 l&rsquo;occasion des examens de fin d&rsquo;ann\u00e9e scolaire \u00a0(DGSN) \u00a0\u00a0<\/strong><\/p>\n<p>&#013;<\/p>\n<p>\u00a0<\/p>\n<p>&#013;<\/p>\n<p>ALGER- La Direction g\u00e9n\u00e9rale de la suret\u00e9 nationale\u00a0 (DGSN) a mis en place dispositif de s\u00e9curit\u00e9 \u00e0 l&rsquo;occasion des examens de\u00a0 fin d&rsquo;ann\u00e9e scolaire 2016\/2017, tous paliers confondus, et dont la mise en\u00a0 ex\u00e9cution sera confi\u00e9e \u00e0 des brigades de police suret\u00e9 des 48 wilayas,\u00a0 indique mardi un communiqu\u00e9 de la DGSN.<\/p>\n<p>&#013;<\/p>\n<p>Selon le communiqu\u00e9, le dispositif de s\u00e9curit\u00e9 repose sur \u00ab\u00a0la mobilisation\u00a0 des services de la police pour s\u00e9curiser les centres d&rsquo;examen pour les\u00a0 trois paliers (primaire, moyen et secondaire) dans les r\u00e9gions urbaines \u00e0\u00a0 travers l&rsquo;ensemble du territoire national\u00a0\u00bb.<\/p>\n<p>&#013;<\/p>\n<p>Le plan, pr\u00e9cise la m\u00eame source, comporte entre autres des \u00ab\u00a0mesures\u00a0 s\u00e9curitaires pragmatiques visant \u00e0 garantir la fluidit\u00e9 routi\u00e8re et\u00a0 faciliter le trafic au niveau des grands axes menant vers les centres\u00a0 d&rsquo;examen, outre les \u00e9quipes de s\u00e9curit\u00e9 sp\u00e9cialis\u00e9es charg\u00e9es de l&rsquo;escorte et la s\u00e9curisation er les sujets et les copies vers les centres de\u00a0 correction\u00a0\u00bb.<\/p>\n<p>&#013;<\/p>\n<p>A cette occasion, la Direction g\u00e9n\u00e9rale de la suret\u00e9 nationale a mobilis\u00e9\u00a0 \u00ab\u00a0tous les moyens humains et mat\u00e9riels pour assurer le succ\u00e8s de cette\u00a0\u00a0 op\u00e9ration par le d\u00e9ploiement d&rsquo;\u00e9quipes de suret\u00e9 mobiles et pi\u00e9tonnes au\u00a0 niveau des points connaissant un trafic routier intense notamment lors des\u00a0 heures de pointe du matin, souligne le communiqu\u00e9.<\/p>\n<p>&#013;<\/p>\n<p>\u00a0<\/p>\n<p>&#013;<\/p>\n<p>D&rsquo;autre part, la DGSN appelle les usagers des routes et, tout\u00a0 particuli\u00e8rement les conducteurs de v\u00e9hicules et les parents d&rsquo;\u00e9l\u00e8ves qui\u00a0 accompagnent leurs enfants aux centres d&rsquo;examen \u00e0 \u00ab\u00a0\u00e9viter le stationnement\u00a0 anarchique devant les centres en vue de permettre aux candidats de se\u00a0 rendre ais\u00e9ment vers les centres d&rsquo;examen\u00a0\u00bb, rappelant aux citoyens\u00a0 l&rsquo;existence du num\u00e9ro vert 1548 et le 17 pour le signalement de tout\u00a0 impr\u00e9vu ou pr\u00eater aide durant ces 24h.<\/p>\n<\/div>\n<p>&#013;<br \/>\nSource: <a href=\"http:\/\/www.aps.dz\/algerie\/58099-debut-des-epreuves-de-l-examen-de-fin-de-cycle-primaire-a-travers-le-territoire-national\" target=\"_blank\">D\u00e9but des \u00e9preuves de l&rsquo;examen de fin de cycle primaire \u00e0 travers le territoire national<\/a><\/p>\n<!--CusAds0-->\n<div style=\"font-size: 0px; height: 0px; line-height: 0px; margin: 0; padding: 0; clear: both;\"><\/div>","protected":false},"excerpt":{"rendered":"<p>ALGER- Les \u00e9preuves de l&rsquo;examen de fin de cycle primaire\u00a0 session 2017 ont d\u00e9but\u00e9 mercredi matin \u00e0 travers tout le territoire\u00a0 national avec la participation de plus de 760 000 \u00e9l\u00e8ves r\u00e9partis sur plus\u00a0 de 13.000 centres d&rsquo;examen. &#013; &#013; Le coup d`envoi des \u00e9preuves a \u00e9t\u00e9 donn\u00e9 \u00e0 partir de la wilaya de\u00a0 B\u00e9char<\/p>\n","protected":false},"author":6,"featured_media":12474,"comment_status":"open","ping_status":"open","sticky":false,"template":"","format":"standard","meta":{"footnotes":""},"categories":[22],"tags":[93],"class_list":["post-12473","post","type-post","status-publish","format-standard","has-post-thumbnail","hentry","category-infos","tag-onu"],"yoast_head":"<!-- This site is optimized with the Yoast SEO plugin v27.5 - https:\/\/yoast.com\/product\/yoast-seo-wordpress\/ -->\n<title>D\u00e9but des \u00e9preuves de l&#039;examen de fin de cycle primaire \u00e0 travers le territoire national - info algerie<\/title>\n<meta name=\"robots\" content=\"index, follow, max-snippet:-1, max-image-preview:large, max-video-preview:-1\" \/>\n<link rel=\"canonical\" href=\"https:\/\/www.info-algerie.com\/actualites\/debut-des-epreuves-de-lexamen-de-fin-de-cycle-primaire-a-travers-le-territoire-national\/\" \/>\n<meta property=\"og:locale\" content=\"fr_FR\" \/>\n<meta property=\"og:type\" content=\"article\" \/>\n<meta property=\"og:title\" content=\"D\u00e9but des \u00e9preuves de l&#039;examen de fin de cycle primaire \u00e0 travers le territoire national - info algerie\" \/>\n<meta property=\"og:description\" content=\"ALGER- Les \u00e9preuves de l&rsquo;examen de fin de cycle primaire\u00a0 session 2017 ont d\u00e9but\u00e9 mercredi matin \u00e0 travers tout le territoire\u00a0 national avec la participation de plus de 760 000 \u00e9l\u00e8ves r\u00e9partis sur plus\u00a0 de 13.000 centres d&rsquo;examen. &#013; &#013; Le coup d`envoi des \u00e9preuves a \u00e9t\u00e9 donn\u00e9 \u00e0 partir de la wilaya de\u00a0 B\u00e9char\" \/>\n<meta property=\"og:url\" content=\"https:\/\/www.info-algerie.com\/actualites\/debut-des-epreuves-de-lexamen-de-fin-de-cycle-primaire-a-travers-le-territoire-national\/\" \/>\n<meta property=\"og:site_name\" content=\"info algerie\" \/>\n<meta property=\"article:publisher\" content=\"https:\/\/www.facebook.com\/infoalgerieactu\" \/>\n<meta property=\"article:published_time\" content=\"2017-05-24T07:49:08+00:00\" \/>\n<meta property=\"og:image\" content=\"https:\/\/www.info-algerie.com\/actualites\/wp-content\/uploads\/2017\/05\/dde73dc6c00fa8fd144d1f459a89b10e_S-1.jpg\" \/>\n\t<meta property=\"og:image:width\" content=\"280\" \/>\n\t<meta property=\"og:image:height\" content=\"158\" \/>\n\t<meta property=\"og:image:type\" content=\"image\/jpeg\" \/>\n<meta name=\"author\" content=\"La r\u00e9daction\" \/>\n<meta name=\"twitter:label1\" content=\"\u00c9crit par\" \/>\n\t<meta name=\"twitter:data1\" content=\"La r\u00e9daction\" \/>\n\t<meta name=\"twitter:label2\" content=\"Dur\u00e9e de lecture estim\u00e9e\" \/>\n\t<meta name=\"twitter:data2\" content=\"4 minutes\" \/>\n<script type=\"application\/ld+json\" class=\"yoast-schema-graph\">{\"@context\":\"https:\\\/\\\/schema.org\",\"@graph\":[{\"@type\":\"Article\",\"@id\":\"https:\\\/\\\/www.info-algerie.com\\\/actualites\\\/debut-des-epreuves-de-lexamen-de-fin-de-cycle-primaire-a-travers-le-territoire-national\\\/#article\",\"isPartOf\":{\"@id\":\"https:\\\/\\\/www.info-algerie.com\\\/actualites\\\/debut-des-epreuves-de-lexamen-de-fin-de-cycle-primaire-a-travers-le-territoire-national\\\/\"},\"author\":{\"name\":\"La r\u00e9daction\",\"@id\":\"https:\\\/\\\/www.info-algerie.com\\\/actualites\\\/#\\\/schema\\\/person\\\/847aaec44920825b843a08f30ec6aa1e\"},\"headline\":\"D\u00e9but des \u00e9preuves de l&#039;examen de fin de cycle primaire \u00e0 travers le territoire national\",\"datePublished\":\"2017-05-24T07:49:08+00:00\",\"mainEntityOfPage\":{\"@id\":\"https:\\\/\\\/www.info-algerie.com\\\/actualites\\\/debut-des-epreuves-de-lexamen-de-fin-de-cycle-primaire-a-travers-le-territoire-national\\\/\"},\"wordCount\":756,\"commentCount\":0,\"publisher\":{\"@id\":\"https:\\\/\\\/www.info-algerie.com\\\/actualites\\\/#organization\"},\"image\":{\"@id\":\"https:\\\/\\\/www.info-algerie.com\\\/actualites\\\/debut-des-epreuves-de-lexamen-de-fin-de-cycle-primaire-a-travers-le-territoire-national\\\/#primaryimage\"},\"thumbnailUrl\":\"https:\\\/\\\/www.info-algerie.com\\\/actualites\\\/wp-content\\\/uploads\\\/2017\\\/05\\\/dde73dc6c00fa8fd144d1f459a89b10e_S-1.jpg\",\"keywords\":[\"ONU\"],\"articleSection\":[\"infos\"],\"inLanguage\":\"fr-FR\",\"potentialAction\":[{\"@type\":\"CommentAction\",\"name\":\"Comment\",\"target\":[\"https:\\\/\\\/www.info-algerie.com\\\/actualites\\\/debut-des-epreuves-de-lexamen-de-fin-de-cycle-primaire-a-travers-le-territoire-national\\\/#respond\"]}]},{\"@type\":\"WebPage\",\"@id\":\"https:\\\/\\\/www.info-algerie.com\\\/actualites\\\/debut-des-epreuves-de-lexamen-de-fin-de-cycle-primaire-a-travers-le-territoire-national\\\/\",\"url\":\"https:\\\/\\\/www.info-algerie.com\\\/actualites\\\/debut-des-epreuves-de-lexamen-de-fin-de-cycle-primaire-a-travers-le-territoire-national\\\/\",\"name\":\"D\u00e9but des \u00e9preuves de l&#039;examen de fin de cycle primaire \u00e0 travers le territoire national - info algerie\",\"isPartOf\":{\"@id\":\"https:\\\/\\\/www.info-algerie.com\\\/actualites\\\/#website\"},\"primaryImageOfPage\":{\"@id\":\"https:\\\/\\\/www.info-algerie.com\\\/actualites\\\/debut-des-epreuves-de-lexamen-de-fin-de-cycle-primaire-a-travers-le-territoire-national\\\/#primaryimage\"},\"image\":{\"@id\":\"https:\\\/\\\/www.info-algerie.com\\\/actualites\\\/debut-des-epreuves-de-lexamen-de-fin-de-cycle-primaire-a-travers-le-territoire-national\\\/#primaryimage\"},\"thumbnailUrl\":\"https:\\\/\\\/www.info-algerie.com\\\/actualites\\\/wp-content\\\/uploads\\\/2017\\\/05\\\/dde73dc6c00fa8fd144d1f459a89b10e_S-1.jpg\",\"datePublished\":\"2017-05-24T07:49:08+00:00\",\"breadcrumb\":{\"@id\":\"https:\\\/\\\/www.info-algerie.com\\\/actualites\\\/debut-des-epreuves-de-lexamen-de-fin-de-cycle-primaire-a-travers-le-territoire-national\\\/#breadcrumb\"},\"inLanguage\":\"fr-FR\",\"potentialAction\":[{\"@type\":\"ReadAction\",\"target\":[\"https:\\\/\\\/www.info-algerie.com\\\/actualites\\\/debut-des-epreuves-de-lexamen-de-fin-de-cycle-primaire-a-travers-le-territoire-national\\\/\"]}]},{\"@type\":\"ImageObject\",\"inLanguage\":\"fr-FR\",\"@id\":\"https:\\\/\\\/www.info-algerie.com\\\/actualites\\\/debut-des-epreuves-de-lexamen-de-fin-de-cycle-primaire-a-travers-le-territoire-national\\\/#primaryimage\",\"url\":\"https:\\\/\\\/www.info-algerie.com\\\/actualites\\\/wp-content\\\/uploads\\\/2017\\\/05\\\/dde73dc6c00fa8fd144d1f459a89b10e_S-1.jpg\",\"contentUrl\":\"https:\\\/\\\/www.info-algerie.com\\\/actualites\\\/wp-content\\\/uploads\\\/2017\\\/05\\\/dde73dc6c00fa8fd144d1f459a89b10e_S-1.jpg\",\"width\":280,\"height\":158},{\"@type\":\"BreadcrumbList\",\"@id\":\"https:\\\/\\\/www.info-algerie.com\\\/actualites\\\/debut-des-epreuves-de-lexamen-de-fin-de-cycle-primaire-a-travers-le-territoire-national\\\/#breadcrumb\",\"itemListElement\":[{\"@type\":\"ListItem\",\"position\":1,\"name\":\"Accueil\",\"item\":\"https:\\\/\\\/www.info-algerie.com\\\/actualites\\\/\"},{\"@type\":\"ListItem\",\"position\":2,\"name\":\"D\u00e9but des \u00e9preuves de l&#039;examen de fin de cycle primaire \u00e0 travers le territoire national\"}]},{\"@type\":\"WebSite\",\"@id\":\"https:\\\/\\\/www.info-algerie.com\\\/actualites\\\/#website\",\"url\":\"https:\\\/\\\/www.info-algerie.com\\\/actualites\\\/\",\"name\":\"info algerie\",\"description\":\"Toutes les actualit\u00e9s\",\"publisher\":{\"@id\":\"https:\\\/\\\/www.info-algerie.com\\\/actualites\\\/#organization\"},\"potentialAction\":[{\"@type\":\"SearchAction\",\"target\":{\"@type\":\"EntryPoint\",\"urlTemplate\":\"https:\\\/\\\/www.info-algerie.com\\\/actualites\\\/?s={search_term_string}\"},\"query-input\":{\"@type\":\"PropertyValueSpecification\",\"valueRequired\":true,\"valueName\":\"search_term_string\"}}],\"inLanguage\":\"fr-FR\"},{\"@type\":\"Organization\",\"@id\":\"https:\\\/\\\/www.info-algerie.com\\\/actualites\\\/#organization\",\"name\":\"info algerie\",\"url\":\"https:\\\/\\\/www.info-algerie.com\\\/actualites\\\/\",\"logo\":{\"@type\":\"ImageObject\",\"inLanguage\":\"fr-FR\",\"@id\":\"https:\\\/\\\/www.info-algerie.com\\\/actualites\\\/#\\\/schema\\\/logo\\\/image\\\/\",\"url\":\"https:\\\/\\\/www.info-algerie.com\\\/actualites\\\/wp-content\\\/uploads\\\/2022\\\/07\\\/logo-ia-120.png\",\"contentUrl\":\"https:\\\/\\\/www.info-algerie.com\\\/actualites\\\/wp-content\\\/uploads\\\/2022\\\/07\\\/logo-ia-120.png\",\"width\":120,\"height\":43,\"caption\":\"info algerie\"},\"image\":{\"@id\":\"https:\\\/\\\/www.info-algerie.com\\\/actualites\\\/#\\\/schema\\\/logo\\\/image\\\/\"},\"sameAs\":[\"https:\\\/\\\/www.facebook.com\\\/infoalgerieactu\",\"https:\\\/\\\/x.com\\\/infoalgerie1\"]},{\"@type\":\"Person\",\"@id\":\"https:\\\/\\\/www.info-algerie.com\\\/actualites\\\/#\\\/schema\\\/person\\\/847aaec44920825b843a08f30ec6aa1e\",\"name\":\"La r\u00e9daction\",\"image\":{\"@type\":\"ImageObject\",\"inLanguage\":\"fr-FR\",\"@id\":\"https:\\\/\\\/secure.gravatar.com\\\/avatar\\\/769db425c6f465158149f1ffd6cf61ce7a8a879d11dfbef8288af36dfddd418c?s=96&d=mm&r=g\",\"url\":\"https:\\\/\\\/secure.gravatar.com\\\/avatar\\\/769db425c6f465158149f1ffd6cf61ce7a8a879d11dfbef8288af36dfddd418c?s=96&d=mm&r=g\",\"contentUrl\":\"https:\\\/\\\/secure.gravatar.com\\\/avatar\\\/769db425c6f465158149f1ffd6cf61ce7a8a879d11dfbef8288af36dfddd418c?s=96&d=mm&r=g\",\"caption\":\"La r\u00e9daction\"},\"sameAs\":[\"http:\\\/\\\/www.lkeria.com\\\/\"],\"url\":\"https:\\\/\\\/www.info-algerie.com\\\/actualites\\\/author\\\/chakib32\\\/\"}]}<\/script>\n<!-- \/ Yoast SEO plugin. -->","yoast_head_json":{"title":"D\u00e9but des \u00e9preuves de l&#039;examen de fin de cycle primaire \u00e0 travers le territoire national - info algerie","robots":{"index":"index","follow":"follow","max-snippet":"max-snippet:-1","max-image-preview":"max-image-preview:large","max-video-preview":"max-video-preview:-1"},"canonical":"https:\/\/www.info-algerie.com\/actualites\/debut-des-epreuves-de-lexamen-de-fin-de-cycle-primaire-a-travers-le-territoire-national\/","og_locale":"fr_FR","og_type":"article","og_title":"D\u00e9but des \u00e9preuves de l&#039;examen de fin de cycle primaire \u00e0 travers le territoire national - info algerie","og_description":"ALGER- Les \u00e9preuves de l&rsquo;examen de fin de cycle primaire\u00a0 session 2017 ont d\u00e9but\u00e9 mercredi matin \u00e0 travers tout le territoire\u00a0 national avec la participation de plus de 760 000 \u00e9l\u00e8ves r\u00e9partis sur plus\u00a0 de 13.000 centres d&rsquo;examen. &#013; &#013; Le coup d`envoi des \u00e9preuves a \u00e9t\u00e9 donn\u00e9 \u00e0 partir de la wilaya de\u00a0 B\u00e9char","og_url":"https:\/\/www.info-algerie.com\/actualites\/debut-des-epreuves-de-lexamen-de-fin-de-cycle-primaire-a-travers-le-territoire-national\/","og_site_name":"info algerie","article_publisher":"https:\/\/www.facebook.com\/infoalgerieactu","article_published_time":"2017-05-24T07:49:08+00:00","og_image":[{"width":280,"height":158,"url":"https:\/\/www.info-algerie.com\/actualites\/wp-content\/uploads\/2017\/05\/dde73dc6c00fa8fd144d1f459a89b10e_S-1.jpg","type":"image\/jpeg"}],"author":"La r\u00e9daction","twitter_misc":{"\u00c9crit par":"La r\u00e9daction","Dur\u00e9e de lecture estim\u00e9e":"4 minutes"},"schema":{"@context":"https:\/\/schema.org","@graph":[{"@type":"Article","@id":"https:\/\/www.info-algerie.com\/actualites\/debut-des-epreuves-de-lexamen-de-fin-de-cycle-primaire-a-travers-le-territoire-national\/#article","isPartOf":{"@id":"https:\/\/www.info-algerie.com\/actualites\/debut-des-epreuves-de-lexamen-de-fin-de-cycle-primaire-a-travers-le-territoire-national\/"},"author":{"name":"La r\u00e9daction","@id":"https:\/\/www.info-algerie.com\/actualites\/#\/schema\/person\/847aaec44920825b843a08f30ec6aa1e"},"headline":"D\u00e9but des \u00e9preuves de l&#039;examen de fin de cycle primaire \u00e0 travers le territoire national","datePublished":"2017-05-24T07:49:08+00:00","mainEntityOfPage":{"@id":"https:\/\/www.info-algerie.com\/actualites\/debut-des-epreuves-de-lexamen-de-fin-de-cycle-primaire-a-travers-le-territoire-national\/"},"wordCount":756,"commentCount":0,"publisher":{"@id":"https:\/\/www.info-algerie.com\/actualites\/#organization"},"image":{"@id":"https:\/\/www.info-algerie.com\/actualites\/debut-des-epreuves-de-lexamen-de-fin-de-cycle-primaire-a-travers-le-territoire-national\/#primaryimage"},"thumbnailUrl":"https:\/\/www.info-algerie.com\/actualites\/wp-content\/uploads\/2017\/05\/dde73dc6c00fa8fd144d1f459a89b10e_S-1.jpg","keywords":["ONU"],"articleSection":["infos"],"inLanguage":"fr-FR","potentialAction":[{"@type":"CommentAction","name":"Comment","target":["https:\/\/www.info-algerie.com\/actualites\/debut-des-epreuves-de-lexamen-de-fin-de-cycle-primaire-a-travers-le-territoire-national\/#respond"]}]},{"@type":"WebPage","@id":"https:\/\/www.info-algerie.com\/actualites\/debut-des-epreuves-de-lexamen-de-fin-de-cycle-primaire-a-travers-le-territoire-national\/","url":"https:\/\/www.info-algerie.com\/actualites\/debut-des-epreuves-de-lexamen-de-fin-de-cycle-primaire-a-travers-le-territoire-national\/","name":"D\u00e9but des \u00e9preuves de l&#039;examen de fin de cycle primaire \u00e0 travers le territoire national - info algerie","isPartOf":{"@id":"https:\/\/www.info-algerie.com\/actualites\/#website"},"primaryImageOfPage":{"@id":"https:\/\/www.info-algerie.com\/actualites\/debut-des-epreuves-de-lexamen-de-fin-de-cycle-primaire-a-travers-le-territoire-national\/#primaryimage"},"image":{"@id":"https:\/\/www.info-algerie.com\/actualites\/debut-des-epreuves-de-lexamen-de-fin-de-cycle-primaire-a-travers-le-territoire-national\/#primaryimage"},"thumbnailUrl":"https:\/\/www.info-algerie.com\/actualites\/wp-content\/uploads\/2017\/05\/dde73dc6c00fa8fd144d1f459a89b10e_S-1.jpg","datePublished":"2017-05-24T07:49:08+00:00","breadcrumb":{"@id":"https:\/\/www.info-algerie.com\/actualites\/debut-des-epreuves-de-lexamen-de-fin-de-cycle-primaire-a-travers-le-territoire-national\/#breadcrumb"},"inLanguage":"fr-FR","potentialAction":[{"@type":"ReadAction","target":["https:\/\/www.info-algerie.com\/actualites\/debut-des-epreuves-de-lexamen-de-fin-de-cycle-primaire-a-travers-le-territoire-national\/"]}]},{"@type":"ImageObject","inLanguage":"fr-FR","@id":"https:\/\/www.info-algerie.com\/actualites\/debut-des-epreuves-de-lexamen-de-fin-de-cycle-primaire-a-travers-le-territoire-national\/#primaryimage","url":"https:\/\/www.info-algerie.com\/actualites\/wp-content\/uploads\/2017\/05\/dde73dc6c00fa8fd144d1f459a89b10e_S-1.jpg","contentUrl":"https:\/\/www.info-algerie.com\/actualites\/wp-content\/uploads\/2017\/05\/dde73dc6c00fa8fd144d1f459a89b10e_S-1.jpg","width":280,"height":158},{"@type":"BreadcrumbList","@id":"https:\/\/www.info-algerie.com\/actualites\/debut-des-epreuves-de-lexamen-de-fin-de-cycle-primaire-a-travers-le-territoire-national\/#breadcrumb","itemListElement":[{"@type":"ListItem","position":1,"name":"Accueil","item":"https:\/\/www.info-algerie.com\/actualites\/"},{"@type":"ListItem","position":2,"name":"D\u00e9but des \u00e9preuves de l&#039;examen de fin de cycle primaire \u00e0 travers le territoire national"}]},{"@type":"WebSite","@id":"https:\/\/www.info-algerie.com\/actualites\/#website","url":"https:\/\/www.info-algerie.com\/actualites\/","name":"info algerie","description":"Toutes les actualit\u00e9s","publisher":{"@id":"https:\/\/www.info-algerie.com\/actualites\/#organization"},"potentialAction":[{"@type":"SearchAction","target":{"@type":"EntryPoint","urlTemplate":"https:\/\/www.info-algerie.com\/actualites\/?s={search_term_string}"},"query-input":{"@type":"PropertyValueSpecification","valueRequired":true,"valueName":"search_term_string"}}],"inLanguage":"fr-FR"},{"@type":"Organization","@id":"https:\/\/www.info-algerie.com\/actualites\/#organization","name":"info algerie","url":"https:\/\/www.info-algerie.com\/actualites\/","logo":{"@type":"ImageObject","inLanguage":"fr-FR","@id":"https:\/\/www.info-algerie.com\/actualites\/#\/schema\/logo\/image\/","url":"https:\/\/www.info-algerie.com\/actualites\/wp-content\/uploads\/2022\/07\/logo-ia-120.png","contentUrl":"https:\/\/www.info-algerie.com\/actualites\/wp-content\/uploads\/2022\/07\/logo-ia-120.png","width":120,"height":43,"caption":"info algerie"},"image":{"@id":"https:\/\/www.info-algerie.com\/actualites\/#\/schema\/logo\/image\/"},"sameAs":["https:\/\/www.facebook.com\/infoalgerieactu","https:\/\/x.com\/infoalgerie1"]},{"@type":"Person","@id":"https:\/\/www.info-algerie.com\/actualites\/#\/schema\/person\/847aaec44920825b843a08f30ec6aa1e","name":"La r\u00e9daction","image":{"@type":"ImageObject","inLanguage":"fr-FR","@id":"https:\/\/secure.gravatar.com\/avatar\/769db425c6f465158149f1ffd6cf61ce7a8a879d11dfbef8288af36dfddd418c?s=96&d=mm&r=g","url":"https:\/\/secure.gravatar.com\/avatar\/769db425c6f465158149f1ffd6cf61ce7a8a879d11dfbef8288af36dfddd418c?s=96&d=mm&r=g","contentUrl":"https:\/\/secure.gravatar.com\/avatar\/769db425c6f465158149f1ffd6cf61ce7a8a879d11dfbef8288af36dfddd418c?s=96&d=mm&r=g","caption":"La r\u00e9daction"},"sameAs":["http:\/\/www.lkeria.com\/"],"url":"https:\/\/www.info-algerie.com\/actualites\/author\/chakib32\/"}]}},"_links":{"self":[{"href":"https:\/\/www.info-algerie.com\/actualites\/wp-json\/wp\/v2\/posts\/12473","targetHints":{"allow":["GET"]}}],"collection":[{"href":"https:\/\/www.info-algerie.com\/actualites\/wp-json\/wp\/v2\/posts"}],"about":[{"href":"https:\/\/www.info-algerie.com\/actualites\/wp-json\/wp\/v2\/types\/post"}],"author":[{"embeddable":true,"href":"https:\/\/www.info-algerie.com\/actualites\/wp-json\/wp\/v2\/users\/6"}],"replies":[{"embeddable":true,"href":"https:\/\/www.info-algerie.com\/actualites\/wp-json\/wp\/v2\/comments?post=12473"}],"version-history":[{"count":0,"href":"https:\/\/www.info-algerie.com\/actualites\/wp-json\/wp\/v2\/posts\/12473\/revisions"}],"wp:featuredmedia":[{"embeddable":true,"href":"https:\/\/www.info-algerie.com\/actualites\/wp-json\/wp\/v2\/media\/12474"}],"wp:attachment":[{"href":"https:\/\/www.info-algerie.com\/actualites\/wp-json\/wp\/v2\/media?parent=12473"}],"wp:term":[{"taxonomy":"category","embeddable":true,"href":"https:\/\/www.info-algerie.com\/actualites\/wp-json\/wp\/v2\/categories?post=12473"},{"taxonomy":"post_tag","embeddable":true,"href":"https:\/\/www.info-algerie.com\/actualites\/wp-json\/wp\/v2\/tags?post=12473"}],"curies":[{"name":"wp","href":"https:\/\/api.w.org\/{rel}","templated":true}]}}