{"id":12476,"date":"2017-05-24T10:43:15","date_gmt":"2017-05-24T09:43:15","guid":{"rendered":"http:\/\/www.info-algerie.com\/actualites\/pretendue-agression-dun-diplomate-marocain-haneche-condamne-une-mise-en-scene-repugnante\/"},"modified":"2017-05-24T10:43:15","modified_gmt":"2017-05-24T09:43:15","slug":"pretendue-agression-dun-diplomate-marocain-haneche-condamne-une-mise-en-scene-repugnante","status":"publish","type":"post","link":"https:\/\/www.info-algerie.com\/actualites\/pretendue-agression-dun-diplomate-marocain-haneche-condamne-une-mise-en-scene-repugnante\/","title":{"rendered":"Pr\u00e9tendue agression d&#039;un diplomate marocain: Haneche condamne une mise en sc\u00e8ne &quot;r\u00e9pugnante&quot;"},"content":{"rendered":"<div class=\"K2FeedImage\"><img decoding=\"async\" src=\"https:\/\/www.info-algerie.com\/actualites\/wp-content\/uploads\/2017\/05\/96a0daefda731683391774e9b3cffed4_S.jpg\" \/><\/div>\n<div class=\"K2FeedIntroText\">\n<p class=\"MsoNoSpacing\">ALGER &#8211; L&rsquo;Ambassadeur conseiller au minist\u00e8re des\u00a0 Affaires \u00e9trang\u00e8res et de la coop\u00e9ration internationale, Mohamed Haneche, a\u00a0 assur\u00e9 mercredi \u00e0 Alger que la pr\u00e9tendue agression d&rsquo;un membre de la\u00a0 d\u00e9l\u00e9gation marocaine lors d&rsquo;une r\u00e9union du Comit\u00e9 des 24 sur la\u00a0 d\u00e9colonisation tenue r\u00e9cemment \u00e0 Kingstown (Cara\u00efbes) rel\u00e8ve d&rsquo;une mise en\u00a0 sc\u00e8ne \u00ab\u00a0grotesque\u00a0\u00bb et \u00ab\u00a0grossi\u00e8re\u00a0\u00bb, condamnant un proc\u00e9d\u00e9 et un acte\u00a0 r\u00e9pugnants qui ne m\u00e9ritent pas de s&rsquo;y attarder.<\/p>\n<p>&#013;\n<\/p><\/div>\n<div class=\"K2FeedFullText\">&#013;<\/p>\n<p>En r\u00e9action \u00e0 cette pr\u00e9tendue agression rapport\u00e9e par la presse marocaine,\u00a0 M. Haneche a affirm\u00e9 que l\u2019incident r\u00e9pugnant \u00e9tait une mise en sc\u00e8ne\u00a0 \u00ab\u00a0grotesque\u00a0\u00bb et \u00ab\u00a0grossi\u00e8re\u00a0\u00bb mont\u00e9e par le chef de la d\u00e9l\u00e9gation marocaine.<\/p>\n<p>&#013;<\/p>\n<p>\u00ab\u00a0Cette mise en sc\u00e8ne grotesque et grossi\u00e8re ne m\u00e9rite pas qu\u2019on s\u2019y\u00a0 attarde si ce n\u2019est pour condamner cet acte r\u00e9pugnant, cette machination\u00a0 abjecte indigne de ce que doit \u00eatre un diplomate &#8211; dont la mission est par\u00a0 d\u00e9finition une mani\u00e8re noble de participer \u00e0 un rapprochement et n\u00e9gocier pour r\u00e9gler les probl\u00e8mes ce n\u2019est pas de verser dans des machinations\u00a0 aussi indignes-\u00ab\u00a0, a-t-il affirm\u00e9 dans une d\u00e9claration \u00e0 l&rsquo;APS.<\/p>\n<p>&#013;<\/p>\n<p>\u00ab\u00a0Je suis d\u00e9sol\u00e9 de le dire, mais c\u2019\u00e9tait lui (le chef de la d\u00e9l\u00e9gation\u00a0 marocaine) qui \u00e9tait en train d\u2019orchestrer cette machination et demander (\u00e0\u00a0 ses coll\u00e8gues) devant le diplomate agresseur (qui a plut\u00f4t agress\u00e9 notre\u00a0 diplomate) de filmer +la sc\u00e8ne+\u00a0\u00bb, a fait savoir M. Haneche.<\/p>\n<p>&#013;<\/p>\n<p>M. Haneche, qui conduisait la d\u00e9l\u00e9gation alg\u00e9rienne aux travaux de la\u00a0 r\u00e9union, a expliqu\u00e9 que le diplomate marocain a essay\u00e9 d&rsquo;abord de provoquer\u00a0 M. Sofiane Mimouni d&rsquo;une fa\u00e7on indigne avant de se lancer dans une crise\u00a0 hyst\u00e9rique engendrant une sc\u00e8ne absolument \u00ab\u00a0surr\u00e9aliste\u00a0\u00bb et \u00ab\u00a0ridicule\u00a0\u00bb pour\u00a0 pr\u00e9tendre par la suite qu'\u00a0\u00bbil y a eu un acte d\u2019agression commis par un\u00a0 diplomate alg\u00e9rien\u00a0\u00bb.<\/p>\n<p>&#013;<\/p>\n<p>\u00ab\u00a0Il s\u2019agissait bien d\u2019une agression perp\u00e9tr\u00e9e par un diplomate marocain\u00a0 contre l\u2019ambassadeur alg\u00e9rien Sofiane Mimouni au vu et au su de tout le\u00a0 monde et de l\u2019ensemble des participants\u00a0\u00bb, a soutenu M. Haneche, rappelant\u00a0 qu'\u00a0\u00bbil n\u2019est pas des traditions et des coutumes des diplomates alg\u00e9riens de\u00a0 se muer en boxeur \u00e0 l&rsquo;inverse de ce que la presse marocaine a pu raconter\u00a0\u00bb.<\/p>\n<p>&#013;<\/p>\n<p>\u00ab\u00a0Je le dis en tant que chef de d\u00e9l\u00e9gation, je le dis en me r\u00e9f\u00e9rant \u00e0\u00a0 l\u2019ensemble des t\u00e9moins, au pr\u00e9sident de la s\u00e9ance, il y a eu une agression\u00a0 caract\u00e9ris\u00e9e commise par un diplomate marocain qui en l\u2019occurrence a agi\u00a0 d\u2019une fa\u00e7on contraire aux us diplomatiques. Il s\u2019est comport\u00e9 en voyou\u00a0\u00bb.<\/p>\n<p>&#013;<\/p>\n<p>A cette occasion, l&rsquo;ambassadeur alg\u00e9rien a assur\u00e9 que le comportement\u00a0 \u00ab\u00a0d\u2019extr\u00eame responsabilit\u00e9 et de retenue\u00a0\u00bb de M. Mimouni, a \u00e9t\u00e9 constat\u00e9 par\u00a0 tout le monde et que celui-ci n&rsquo;a pas fait usage de force ou de violence.<\/p>\n<p>&#013;<\/p>\n<p>\u00ab\u00a0Il ya eu une agression caract\u00e9ris\u00e9e commise contre un diplomate alg\u00e9rien,\u00a0 qui a agi avec beaucoup de r\u00e9serve et de retenue et en tout \u00e9tat de cause\u00a0 avec la dignit\u00e9 qui est propre aux diplomates alg\u00e9riens. Il n\u2019a pas r\u00e9agi\u00a0 avec violence, il s\u2019est content\u00e9 d\u2019une attitude de r\u00e9serve qui exprime l\u2019attachement des fonctionnaires alg\u00e9riens et le respect \u00e0 l\u2019Etat qu\u2019ils\u00a0 repr\u00e9sentent si bien en Alg\u00e9rie qu\u2019\u00e0 l\u2019\u00e9tranger\u00a0\u00bb, s&rsquo;est-il f\u00e9licit\u00e9.<\/p>\n<p>&#013;<\/p>\n<p>Apr\u00e8s cet incident, M. Haneche a r\u00e9v\u00e9l\u00e9 que \u00ab\u00a0le pr\u00e9sident de la s\u00e9ance\u00a0 avait pris acte de cette attitude et que beaucoup de d\u00e9l\u00e9gations sont\u00a0 venues t\u00e9moigner leurs sympathie \u00e0 la d\u00e9l\u00e9gation alg\u00e9rienne et exprimer\u00a0 leur profonde r\u00e9probation de cet acte inqualifiable de ce diplomate\u00a0 marocain\u00a0\u00bb.<\/p>\n<p>&#013;<\/p>\n<p>\u00ab\u00a0C\u2019est la premi\u00e8re fois dans ma longue carri\u00e8re de diplomate que j\u2019assiste\u00a0 \u00e0 ce genre d\u2019\u00e9v\u00e8nement. C\u2019est g\u00eanant, c\u2019est inqualifiable! J\u2019ai de la peine\u00a0 pour qu&rsquo;un tel acte puisse \u00eatre commis\u00a0\u00bb, a-t-il regrett\u00e9.<\/p>\n<p>&#013;<\/p>\n<p>Dans le m\u00eame sillage, M. Haneche a rappel\u00e9 qu&rsquo;en 2016 la d\u00e9l\u00e9gation\u00a0 marocaine s\u2019\u00e9tait comport\u00e9e d\u2019une mani\u00e8re scandaleuse lors des r\u00e9unions de\u00a0 l\u2019ONU sur le Sahara Occidental en recourant \u00e0 l\u2019invective contre toutes les\u00a0 d\u00e9l\u00e9gations qui refusaient de s\u2019aligner aux th\u00e8ses annexionnistes du Maroc.<\/p>\n<p>&#013;<\/p>\n<p>Le pr\u00e9sident de la s\u00e9ance du Comit\u00e9 des 24 a du recourir \u00e0 la brigade\u00a0 sp\u00e9ciale de s\u00e9curit\u00e9 pour faire face au d\u00e9cha\u00eenement du repr\u00e9sentant du\u00a0 Maroc aupr\u00e8s de l\u2019ONU, Omar Hillal, qui voulait emp\u00eacher le repr\u00e9sentant du\u00a0 Front Polisario, Ahmed Boukhari de prendre la parole en 2016.<\/p>\n<p>&#013;<\/p>\n<p>\u00ab\u00a0H\u00e9las c\u2019est un dossier assez \u00e9toff\u00e9 sur le peu de respect de d\u00e9ontologie diplomatique et de ces comportements entre diplomates, il y a eu cette\u00a0 histoire en 2016 qui n\u2019est pas tr\u00e8s brillante ni pour lui ni pour son pays\u00a0 qui a terni une image d\u00e9j\u00e0 \u00e9corn\u00e9e de la diplomatie marocaine qui s\u2019est encore une fois manifest\u00e9 (\u00e0 Saint Lucie) au cours de la derni\u00e8re r\u00e9union\u00a0\u00bb.<\/p>\n<p>&#013;<\/p>\n<p>La r\u00e9union du Comit\u00e9 sp\u00e9cial de la d\u00e9colonisation de l\u2019ONU, dit Comit\u00e9 des\u00a0 24, qui s\u2019est d\u00e9roul\u00e9 du 16 au 18 mai \u00e0 Kingstown (Saint-Vincent et les\u00a0 Grenadines), a \u00e9t\u00e9 marqu\u00e9e par un grave incident o\u00f9 des membres de la\u00a0 d\u00e9l\u00e9gation marocaine ont tent\u00e9 aussi d\u2019agresser une jeune diplomate alg\u00e9rienne ce qui a amen\u00e9 les autorit\u00e9s du pays organisateur de cette\u00a0 rencontre \u00e0 d\u00e9signer des agents pour assurer sa s\u00e9curit\u00e9, avait pr\u00e9cis\u00e9 le\u00a0 minist\u00e8re des Affaires Etrang\u00e8res.<\/p>\n<p>&#013;<\/p>\n<p>Le Front Polisario, quant \u00e0 lui, il a condamn\u00e9 le comportement \u00a0\u00bb agressif\u00a0 \u00a0\u00bb et \u00a0\u00bb irresponsable\u00a0\u00bb de la d\u00e9l\u00e9gation marocaine contre des repr\u00e9sentants\u00a0 d\u2019Etats souverains lors de la m\u00eame r\u00e9union de l&rsquo;ONU sur la d\u00e9colonisation,\u00a0 tenu \u00e0 Kingstown.<\/p>\n<p>&#013;<\/p>\n<p>\u00ab\u00a0Le comportement agressif et irresponsable contre des repr\u00e9sentants\u00a0 d&rsquo;Etats souverains, membres de l&rsquo;ONU participants \u00e0 des r\u00e9unions\u00a0 officielles, que le Front Polisario condamne \u00e9nergiquement, a fait prendre\u00a0 conscience aux d\u00e9l\u00e9gations de la r\u00e9pression virulente exerc\u00e9e par la\u00a0 puissance occupante contre nos populations civiles dans les zones occup\u00e9es,\u00a0 converties en une immense prison \u00e0 ciel ouvert\u00a0\u00bb, a indiqu\u00e9 le repr\u00e9sentant\u00a0 du Front Polisario, aupr\u00e8s de l\u2019ONU, Ahmed Boukhari.<\/p>\n<p>&#013;<\/p>\n<p>M. Boukhari a pr\u00e9cis\u00e9 que \u00a0\u00bb devant l&rsquo;\u00e9chec des manoeuvres et des tentatives\u00a0 visant \u00e0 tromper les participants au s\u00e9minaire, la d\u00e9l\u00e9gation marocaine a\u00a0 eu recours \u00e0 l&rsquo;agression physique directe contre des membres de la\u00a0 d\u00e9l\u00e9gation alg\u00e9rienne, dont a \u00e9t\u00e9 t\u00e9moin\u00a0\u00bb l\u2019ensemble des d\u00e9l\u00e9gations qui\u00a0 ont pris part \u00e0 cette rencontre.<\/p>\n<p>&#013;<\/p>\n<p>\u00a0<\/p>\n<p>&#013;<\/p>\n<p>Les d\u00e9l\u00e9gations des pays, amis de la cause sahraouie, ont fait l&rsquo;objet\u00a0 d\u2019un v\u00e9ritable \u00ab\u00a0harc\u00e8lement au cours des trois jours qu\u2019a dur\u00e9 le s\u00e9minaire\u00a0 et ont \u00e9t\u00e9 t\u00e9moins de la pi\u00e8ce th\u00e9\u00e2trale exhib\u00e9e par la d\u00e9l\u00e9gation du Maroc\u00a0 visant \u00e0 faire croire, en vain, que l&rsquo;agresseur a \u00e9t\u00e9 victime d\u2019une\u00a0 agression\u00a0\u00bb, a ajout\u00e9 M. Boukhari.<\/p>\n<\/div>\n<p>&#013;<br \/>\nSource: <a href=\"http:\/\/www.aps.dz\/algerie\/58107-pretendue-agression-d-un-diplomate-marocain-haneche-condamne-une-mise-en-scene-repugnante\" target=\"_blank\">Pr\u00e9tendue agression d&rsquo;un diplomate marocain: Haneche condamne une mise en sc\u00e8ne \u00ab\u00a0r\u00e9pugnante\u00a0\u00bb<\/a><\/p>\n<!--CusAds0-->\n<div style=\"font-size: 0px; height: 0px; line-height: 0px; margin: 0; padding: 0; clear: both;\"><\/div>","protected":false},"excerpt":{"rendered":"<p>ALGER &#8211; L&rsquo;Ambassadeur conseiller au minist\u00e8re des\u00a0 Affaires \u00e9trang\u00e8res et de la coop\u00e9ration internationale, Mohamed Haneche, a\u00a0 assur\u00e9 mercredi \u00e0 Alger que la pr\u00e9tendue agression d&rsquo;un membre de la\u00a0 d\u00e9l\u00e9gation marocaine lors d&rsquo;une r\u00e9union du Comit\u00e9 des 24 sur la\u00a0 d\u00e9colonisation tenue r\u00e9cemment \u00e0 Kingstown (Cara\u00efbes) rel\u00e8ve d&rsquo;une mise en\u00a0 sc\u00e8ne \u00ab\u00a0grotesque\u00a0\u00bb et \u00ab\u00a0grossi\u00e8re\u00a0\u00bb, condamnant<\/p>\n","protected":false},"author":6,"featured_media":12477,"comment_status":"open","ping_status":"open","sticky":false,"template":"","format":"standard","meta":{"footnotes":""},"categories":[22],"tags":[93],"class_list":["post-12476","post","type-post","status-publish","format-standard","has-post-thumbnail","hentry","category-infos","tag-onu"],"yoast_head":"<!-- This site is optimized with the Yoast SEO plugin v27.5 - https:\/\/yoast.com\/product\/yoast-seo-wordpress\/ -->\n<title>Pr\u00e9tendue agression d&#039;un diplomate marocain: Haneche condamne une mise en sc\u00e8ne &quot;r\u00e9pugnante&quot; - info algerie<\/title>\n<meta name=\"robots\" content=\"index, follow, max-snippet:-1, max-image-preview:large, max-video-preview:-1\" \/>\n<link rel=\"canonical\" href=\"https:\/\/www.info-algerie.com\/actualites\/pretendue-agression-dun-diplomate-marocain-haneche-condamne-une-mise-en-scene-repugnante\/\" \/>\n<meta property=\"og:locale\" content=\"fr_FR\" \/>\n<meta property=\"og:type\" content=\"article\" \/>\n<meta property=\"og:title\" content=\"Pr\u00e9tendue agression d&#039;un diplomate marocain: Haneche condamne une mise en sc\u00e8ne &quot;r\u00e9pugnante&quot; - info algerie\" \/>\n<meta property=\"og:description\" content=\"ALGER &#8211; L&rsquo;Ambassadeur conseiller au minist\u00e8re des\u00a0 Affaires \u00e9trang\u00e8res et de la coop\u00e9ration internationale, Mohamed Haneche, a\u00a0 assur\u00e9 mercredi \u00e0 Alger que la pr\u00e9tendue agression d&rsquo;un membre de la\u00a0 d\u00e9l\u00e9gation marocaine lors d&rsquo;une r\u00e9union du Comit\u00e9 des 24 sur la\u00a0 d\u00e9colonisation tenue r\u00e9cemment \u00e0 Kingstown (Cara\u00efbes) rel\u00e8ve d&rsquo;une mise en\u00a0 sc\u00e8ne \u00ab\u00a0grotesque\u00a0\u00bb et \u00ab\u00a0grossi\u00e8re\u00a0\u00bb, condamnant\" \/>\n<meta property=\"og:url\" content=\"https:\/\/www.info-algerie.com\/actualites\/pretendue-agression-dun-diplomate-marocain-haneche-condamne-une-mise-en-scene-repugnante\/\" \/>\n<meta property=\"og:site_name\" content=\"info algerie\" \/>\n<meta property=\"article:publisher\" content=\"https:\/\/www.facebook.com\/infoalgerieactu\" \/>\n<meta property=\"article:published_time\" content=\"2017-05-24T09:43:15+00:00\" \/>\n<meta property=\"og:image\" content=\"https:\/\/www.info-algerie.com\/actualites\/wp-content\/uploads\/2017\/05\/96a0daefda731683391774e9b3cffed4_S-1.jpg\" \/>\n\t<meta property=\"og:image:width\" content=\"280\" \/>\n\t<meta property=\"og:image:height\" content=\"174\" \/>\n\t<meta property=\"og:image:type\" content=\"image\/jpeg\" \/>\n<meta name=\"author\" content=\"La r\u00e9daction\" \/>\n<meta name=\"twitter:label1\" content=\"\u00c9crit par\" \/>\n\t<meta name=\"twitter:data1\" content=\"La r\u00e9daction\" \/>\n\t<meta name=\"twitter:label2\" content=\"Dur\u00e9e de lecture estim\u00e9e\" \/>\n\t<meta name=\"twitter:data2\" content=\"6 minutes\" \/>\n<script type=\"application\/ld+json\" class=\"yoast-schema-graph\">{\"@context\":\"https:\\\/\\\/schema.org\",\"@graph\":[{\"@type\":\"Article\",\"@id\":\"https:\\\/\\\/www.info-algerie.com\\\/actualites\\\/pretendue-agression-dun-diplomate-marocain-haneche-condamne-une-mise-en-scene-repugnante\\\/#article\",\"isPartOf\":{\"@id\":\"https:\\\/\\\/www.info-algerie.com\\\/actualites\\\/pretendue-agression-dun-diplomate-marocain-haneche-condamne-une-mise-en-scene-repugnante\\\/\"},\"author\":{\"name\":\"La r\u00e9daction\",\"@id\":\"https:\\\/\\\/www.info-algerie.com\\\/actualites\\\/#\\\/schema\\\/person\\\/847aaec44920825b843a08f30ec6aa1e\"},\"headline\":\"Pr\u00e9tendue agression d&#039;un diplomate marocain: Haneche condamne une mise en sc\u00e8ne &quot;r\u00e9pugnante&quot;\",\"datePublished\":\"2017-05-24T09:43:15+00:00\",\"mainEntityOfPage\":{\"@id\":\"https:\\\/\\\/www.info-algerie.com\\\/actualites\\\/pretendue-agression-dun-diplomate-marocain-haneche-condamne-une-mise-en-scene-repugnante\\\/\"},\"wordCount\":1266,\"commentCount\":0,\"publisher\":{\"@id\":\"https:\\\/\\\/www.info-algerie.com\\\/actualites\\\/#organization\"},\"image\":{\"@id\":\"https:\\\/\\\/www.info-algerie.com\\\/actualites\\\/pretendue-agression-dun-diplomate-marocain-haneche-condamne-une-mise-en-scene-repugnante\\\/#primaryimage\"},\"thumbnailUrl\":\"https:\\\/\\\/www.info-algerie.com\\\/actualites\\\/wp-content\\\/uploads\\\/2017\\\/05\\\/96a0daefda731683391774e9b3cffed4_S-1.jpg\",\"keywords\":[\"ONU\"],\"articleSection\":[\"infos\"],\"inLanguage\":\"fr-FR\",\"potentialAction\":[{\"@type\":\"CommentAction\",\"name\":\"Comment\",\"target\":[\"https:\\\/\\\/www.info-algerie.com\\\/actualites\\\/pretendue-agression-dun-diplomate-marocain-haneche-condamne-une-mise-en-scene-repugnante\\\/#respond\"]}]},{\"@type\":\"WebPage\",\"@id\":\"https:\\\/\\\/www.info-algerie.com\\\/actualites\\\/pretendue-agression-dun-diplomate-marocain-haneche-condamne-une-mise-en-scene-repugnante\\\/\",\"url\":\"https:\\\/\\\/www.info-algerie.com\\\/actualites\\\/pretendue-agression-dun-diplomate-marocain-haneche-condamne-une-mise-en-scene-repugnante\\\/\",\"name\":\"Pr\u00e9tendue agression d&#039;un diplomate marocain: Haneche condamne une mise en sc\u00e8ne &quot;r\u00e9pugnante&quot; - info algerie\",\"isPartOf\":{\"@id\":\"https:\\\/\\\/www.info-algerie.com\\\/actualites\\\/#website\"},\"primaryImageOfPage\":{\"@id\":\"https:\\\/\\\/www.info-algerie.com\\\/actualites\\\/pretendue-agression-dun-diplomate-marocain-haneche-condamne-une-mise-en-scene-repugnante\\\/#primaryimage\"},\"image\":{\"@id\":\"https:\\\/\\\/www.info-algerie.com\\\/actualites\\\/pretendue-agression-dun-diplomate-marocain-haneche-condamne-une-mise-en-scene-repugnante\\\/#primaryimage\"},\"thumbnailUrl\":\"https:\\\/\\\/www.info-algerie.com\\\/actualites\\\/wp-content\\\/uploads\\\/2017\\\/05\\\/96a0daefda731683391774e9b3cffed4_S-1.jpg\",\"datePublished\":\"2017-05-24T09:43:15+00:00\",\"breadcrumb\":{\"@id\":\"https:\\\/\\\/www.info-algerie.com\\\/actualites\\\/pretendue-agression-dun-diplomate-marocain-haneche-condamne-une-mise-en-scene-repugnante\\\/#breadcrumb\"},\"inLanguage\":\"fr-FR\",\"potentialAction\":[{\"@type\":\"ReadAction\",\"target\":[\"https:\\\/\\\/www.info-algerie.com\\\/actualites\\\/pretendue-agression-dun-diplomate-marocain-haneche-condamne-une-mise-en-scene-repugnante\\\/\"]}]},{\"@type\":\"ImageObject\",\"inLanguage\":\"fr-FR\",\"@id\":\"https:\\\/\\\/www.info-algerie.com\\\/actualites\\\/pretendue-agression-dun-diplomate-marocain-haneche-condamne-une-mise-en-scene-repugnante\\\/#primaryimage\",\"url\":\"https:\\\/\\\/www.info-algerie.com\\\/actualites\\\/wp-content\\\/uploads\\\/2017\\\/05\\\/96a0daefda731683391774e9b3cffed4_S-1.jpg\",\"contentUrl\":\"https:\\\/\\\/www.info-algerie.com\\\/actualites\\\/wp-content\\\/uploads\\\/2017\\\/05\\\/96a0daefda731683391774e9b3cffed4_S-1.jpg\",\"width\":280,\"height\":174},{\"@type\":\"BreadcrumbList\",\"@id\":\"https:\\\/\\\/www.info-algerie.com\\\/actualites\\\/pretendue-agression-dun-diplomate-marocain-haneche-condamne-une-mise-en-scene-repugnante\\\/#breadcrumb\",\"itemListElement\":[{\"@type\":\"ListItem\",\"position\":1,\"name\":\"Accueil\",\"item\":\"https:\\\/\\\/www.info-algerie.com\\\/actualites\\\/\"},{\"@type\":\"ListItem\",\"position\":2,\"name\":\"Pr\u00e9tendue agression d&#039;un diplomate marocain: Haneche condamne une mise en sc\u00e8ne &quot;r\u00e9pugnante&quot;\"}]},{\"@type\":\"WebSite\",\"@id\":\"https:\\\/\\\/www.info-algerie.com\\\/actualites\\\/#website\",\"url\":\"https:\\\/\\\/www.info-algerie.com\\\/actualites\\\/\",\"name\":\"info algerie\",\"description\":\"Toutes les actualit\u00e9s\",\"publisher\":{\"@id\":\"https:\\\/\\\/www.info-algerie.com\\\/actualites\\\/#organization\"},\"potentialAction\":[{\"@type\":\"SearchAction\",\"target\":{\"@type\":\"EntryPoint\",\"urlTemplate\":\"https:\\\/\\\/www.info-algerie.com\\\/actualites\\\/?s={search_term_string}\"},\"query-input\":{\"@type\":\"PropertyValueSpecification\",\"valueRequired\":true,\"valueName\":\"search_term_string\"}}],\"inLanguage\":\"fr-FR\"},{\"@type\":\"Organization\",\"@id\":\"https:\\\/\\\/www.info-algerie.com\\\/actualites\\\/#organization\",\"name\":\"info algerie\",\"url\":\"https:\\\/\\\/www.info-algerie.com\\\/actualites\\\/\",\"logo\":{\"@type\":\"ImageObject\",\"inLanguage\":\"fr-FR\",\"@id\":\"https:\\\/\\\/www.info-algerie.com\\\/actualites\\\/#\\\/schema\\\/logo\\\/image\\\/\",\"url\":\"https:\\\/\\\/www.info-algerie.com\\\/actualites\\\/wp-content\\\/uploads\\\/2022\\\/07\\\/logo-ia-120.png\",\"contentUrl\":\"https:\\\/\\\/www.info-algerie.com\\\/actualites\\\/wp-content\\\/uploads\\\/2022\\\/07\\\/logo-ia-120.png\",\"width\":120,\"height\":43,\"caption\":\"info algerie\"},\"image\":{\"@id\":\"https:\\\/\\\/www.info-algerie.com\\\/actualites\\\/#\\\/schema\\\/logo\\\/image\\\/\"},\"sameAs\":[\"https:\\\/\\\/www.facebook.com\\\/infoalgerieactu\",\"https:\\\/\\\/x.com\\\/infoalgerie1\"]},{\"@type\":\"Person\",\"@id\":\"https:\\\/\\\/www.info-algerie.com\\\/actualites\\\/#\\\/schema\\\/person\\\/847aaec44920825b843a08f30ec6aa1e\",\"name\":\"La r\u00e9daction\",\"image\":{\"@type\":\"ImageObject\",\"inLanguage\":\"fr-FR\",\"@id\":\"https:\\\/\\\/secure.gravatar.com\\\/avatar\\\/769db425c6f465158149f1ffd6cf61ce7a8a879d11dfbef8288af36dfddd418c?s=96&d=mm&r=g\",\"url\":\"https:\\\/\\\/secure.gravatar.com\\\/avatar\\\/769db425c6f465158149f1ffd6cf61ce7a8a879d11dfbef8288af36dfddd418c?s=96&d=mm&r=g\",\"contentUrl\":\"https:\\\/\\\/secure.gravatar.com\\\/avatar\\\/769db425c6f465158149f1ffd6cf61ce7a8a879d11dfbef8288af36dfddd418c?s=96&d=mm&r=g\",\"caption\":\"La r\u00e9daction\"},\"sameAs\":[\"http:\\\/\\\/www.lkeria.com\\\/\"],\"url\":\"https:\\\/\\\/www.info-algerie.com\\\/actualites\\\/author\\\/chakib32\\\/\"}]}<\/script>\n<!-- \/ Yoast SEO plugin. -->","yoast_head_json":{"title":"Pr\u00e9tendue agression d&#039;un diplomate marocain: Haneche condamne une mise en sc\u00e8ne &quot;r\u00e9pugnante&quot; - info algerie","robots":{"index":"index","follow":"follow","max-snippet":"max-snippet:-1","max-image-preview":"max-image-preview:large","max-video-preview":"max-video-preview:-1"},"canonical":"https:\/\/www.info-algerie.com\/actualites\/pretendue-agression-dun-diplomate-marocain-haneche-condamne-une-mise-en-scene-repugnante\/","og_locale":"fr_FR","og_type":"article","og_title":"Pr\u00e9tendue agression d&#039;un diplomate marocain: Haneche condamne une mise en sc\u00e8ne &quot;r\u00e9pugnante&quot; - info algerie","og_description":"ALGER &#8211; L&rsquo;Ambassadeur conseiller au minist\u00e8re des\u00a0 Affaires \u00e9trang\u00e8res et de la coop\u00e9ration internationale, Mohamed Haneche, a\u00a0 assur\u00e9 mercredi \u00e0 Alger que la pr\u00e9tendue agression d&rsquo;un membre de la\u00a0 d\u00e9l\u00e9gation marocaine lors d&rsquo;une r\u00e9union du Comit\u00e9 des 24 sur la\u00a0 d\u00e9colonisation tenue r\u00e9cemment \u00e0 Kingstown (Cara\u00efbes) rel\u00e8ve d&rsquo;une mise en\u00a0 sc\u00e8ne \u00ab\u00a0grotesque\u00a0\u00bb et \u00ab\u00a0grossi\u00e8re\u00a0\u00bb, condamnant","og_url":"https:\/\/www.info-algerie.com\/actualites\/pretendue-agression-dun-diplomate-marocain-haneche-condamne-une-mise-en-scene-repugnante\/","og_site_name":"info algerie","article_publisher":"https:\/\/www.facebook.com\/infoalgerieactu","article_published_time":"2017-05-24T09:43:15+00:00","og_image":[{"width":280,"height":174,"url":"https:\/\/www.info-algerie.com\/actualites\/wp-content\/uploads\/2017\/05\/96a0daefda731683391774e9b3cffed4_S-1.jpg","type":"image\/jpeg"}],"author":"La r\u00e9daction","twitter_misc":{"\u00c9crit par":"La r\u00e9daction","Dur\u00e9e de lecture estim\u00e9e":"6 minutes"},"schema":{"@context":"https:\/\/schema.org","@graph":[{"@type":"Article","@id":"https:\/\/www.info-algerie.com\/actualites\/pretendue-agression-dun-diplomate-marocain-haneche-condamne-une-mise-en-scene-repugnante\/#article","isPartOf":{"@id":"https:\/\/www.info-algerie.com\/actualites\/pretendue-agression-dun-diplomate-marocain-haneche-condamne-une-mise-en-scene-repugnante\/"},"author":{"name":"La r\u00e9daction","@id":"https:\/\/www.info-algerie.com\/actualites\/#\/schema\/person\/847aaec44920825b843a08f30ec6aa1e"},"headline":"Pr\u00e9tendue agression d&#039;un diplomate marocain: Haneche condamne une mise en sc\u00e8ne &quot;r\u00e9pugnante&quot;","datePublished":"2017-05-24T09:43:15+00:00","mainEntityOfPage":{"@id":"https:\/\/www.info-algerie.com\/actualites\/pretendue-agression-dun-diplomate-marocain-haneche-condamne-une-mise-en-scene-repugnante\/"},"wordCount":1266,"commentCount":0,"publisher":{"@id":"https:\/\/www.info-algerie.com\/actualites\/#organization"},"image":{"@id":"https:\/\/www.info-algerie.com\/actualites\/pretendue-agression-dun-diplomate-marocain-haneche-condamne-une-mise-en-scene-repugnante\/#primaryimage"},"thumbnailUrl":"https:\/\/www.info-algerie.com\/actualites\/wp-content\/uploads\/2017\/05\/96a0daefda731683391774e9b3cffed4_S-1.jpg","keywords":["ONU"],"articleSection":["infos"],"inLanguage":"fr-FR","potentialAction":[{"@type":"CommentAction","name":"Comment","target":["https:\/\/www.info-algerie.com\/actualites\/pretendue-agression-dun-diplomate-marocain-haneche-condamne-une-mise-en-scene-repugnante\/#respond"]}]},{"@type":"WebPage","@id":"https:\/\/www.info-algerie.com\/actualites\/pretendue-agression-dun-diplomate-marocain-haneche-condamne-une-mise-en-scene-repugnante\/","url":"https:\/\/www.info-algerie.com\/actualites\/pretendue-agression-dun-diplomate-marocain-haneche-condamne-une-mise-en-scene-repugnante\/","name":"Pr\u00e9tendue agression d&#039;un diplomate marocain: Haneche condamne une mise en sc\u00e8ne &quot;r\u00e9pugnante&quot; - info algerie","isPartOf":{"@id":"https:\/\/www.info-algerie.com\/actualites\/#website"},"primaryImageOfPage":{"@id":"https:\/\/www.info-algerie.com\/actualites\/pretendue-agression-dun-diplomate-marocain-haneche-condamne-une-mise-en-scene-repugnante\/#primaryimage"},"image":{"@id":"https:\/\/www.info-algerie.com\/actualites\/pretendue-agression-dun-diplomate-marocain-haneche-condamne-une-mise-en-scene-repugnante\/#primaryimage"},"thumbnailUrl":"https:\/\/www.info-algerie.com\/actualites\/wp-content\/uploads\/2017\/05\/96a0daefda731683391774e9b3cffed4_S-1.jpg","datePublished":"2017-05-24T09:43:15+00:00","breadcrumb":{"@id":"https:\/\/www.info-algerie.com\/actualites\/pretendue-agression-dun-diplomate-marocain-haneche-condamne-une-mise-en-scene-repugnante\/#breadcrumb"},"inLanguage":"fr-FR","potentialAction":[{"@type":"ReadAction","target":["https:\/\/www.info-algerie.com\/actualites\/pretendue-agression-dun-diplomate-marocain-haneche-condamne-une-mise-en-scene-repugnante\/"]}]},{"@type":"ImageObject","inLanguage":"fr-FR","@id":"https:\/\/www.info-algerie.com\/actualites\/pretendue-agression-dun-diplomate-marocain-haneche-condamne-une-mise-en-scene-repugnante\/#primaryimage","url":"https:\/\/www.info-algerie.com\/actualites\/wp-content\/uploads\/2017\/05\/96a0daefda731683391774e9b3cffed4_S-1.jpg","contentUrl":"https:\/\/www.info-algerie.com\/actualites\/wp-content\/uploads\/2017\/05\/96a0daefda731683391774e9b3cffed4_S-1.jpg","width":280,"height":174},{"@type":"BreadcrumbList","@id":"https:\/\/www.info-algerie.com\/actualites\/pretendue-agression-dun-diplomate-marocain-haneche-condamne-une-mise-en-scene-repugnante\/#breadcrumb","itemListElement":[{"@type":"ListItem","position":1,"name":"Accueil","item":"https:\/\/www.info-algerie.com\/actualites\/"},{"@type":"ListItem","position":2,"name":"Pr\u00e9tendue agression d&#039;un diplomate marocain: Haneche condamne une mise en sc\u00e8ne &quot;r\u00e9pugnante&quot;"}]},{"@type":"WebSite","@id":"https:\/\/www.info-algerie.com\/actualites\/#website","url":"https:\/\/www.info-algerie.com\/actualites\/","name":"info algerie","description":"Toutes les actualit\u00e9s","publisher":{"@id":"https:\/\/www.info-algerie.com\/actualites\/#organization"},"potentialAction":[{"@type":"SearchAction","target":{"@type":"EntryPoint","urlTemplate":"https:\/\/www.info-algerie.com\/actualites\/?s={search_term_string}"},"query-input":{"@type":"PropertyValueSpecification","valueRequired":true,"valueName":"search_term_string"}}],"inLanguage":"fr-FR"},{"@type":"Organization","@id":"https:\/\/www.info-algerie.com\/actualites\/#organization","name":"info algerie","url":"https:\/\/www.info-algerie.com\/actualites\/","logo":{"@type":"ImageObject","inLanguage":"fr-FR","@id":"https:\/\/www.info-algerie.com\/actualites\/#\/schema\/logo\/image\/","url":"https:\/\/www.info-algerie.com\/actualites\/wp-content\/uploads\/2022\/07\/logo-ia-120.png","contentUrl":"https:\/\/www.info-algerie.com\/actualites\/wp-content\/uploads\/2022\/07\/logo-ia-120.png","width":120,"height":43,"caption":"info algerie"},"image":{"@id":"https:\/\/www.info-algerie.com\/actualites\/#\/schema\/logo\/image\/"},"sameAs":["https:\/\/www.facebook.com\/infoalgerieactu","https:\/\/x.com\/infoalgerie1"]},{"@type":"Person","@id":"https:\/\/www.info-algerie.com\/actualites\/#\/schema\/person\/847aaec44920825b843a08f30ec6aa1e","name":"La r\u00e9daction","image":{"@type":"ImageObject","inLanguage":"fr-FR","@id":"https:\/\/secure.gravatar.com\/avatar\/769db425c6f465158149f1ffd6cf61ce7a8a879d11dfbef8288af36dfddd418c?s=96&d=mm&r=g","url":"https:\/\/secure.gravatar.com\/avatar\/769db425c6f465158149f1ffd6cf61ce7a8a879d11dfbef8288af36dfddd418c?s=96&d=mm&r=g","contentUrl":"https:\/\/secure.gravatar.com\/avatar\/769db425c6f465158149f1ffd6cf61ce7a8a879d11dfbef8288af36dfddd418c?s=96&d=mm&r=g","caption":"La r\u00e9daction"},"sameAs":["http:\/\/www.lkeria.com\/"],"url":"https:\/\/www.info-algerie.com\/actualites\/author\/chakib32\/"}]}},"_links":{"self":[{"href":"https:\/\/www.info-algerie.com\/actualites\/wp-json\/wp\/v2\/posts\/12476","targetHints":{"allow":["GET"]}}],"collection":[{"href":"https:\/\/www.info-algerie.com\/actualites\/wp-json\/wp\/v2\/posts"}],"about":[{"href":"https:\/\/www.info-algerie.com\/actualites\/wp-json\/wp\/v2\/types\/post"}],"author":[{"embeddable":true,"href":"https:\/\/www.info-algerie.com\/actualites\/wp-json\/wp\/v2\/users\/6"}],"replies":[{"embeddable":true,"href":"https:\/\/www.info-algerie.com\/actualites\/wp-json\/wp\/v2\/comments?post=12476"}],"version-history":[{"count":0,"href":"https:\/\/www.info-algerie.com\/actualites\/wp-json\/wp\/v2\/posts\/12476\/revisions"}],"wp:featuredmedia":[{"embeddable":true,"href":"https:\/\/www.info-algerie.com\/actualites\/wp-json\/wp\/v2\/media\/12477"}],"wp:attachment":[{"href":"https:\/\/www.info-algerie.com\/actualites\/wp-json\/wp\/v2\/media?parent=12476"}],"wp:term":[{"taxonomy":"category","embeddable":true,"href":"https:\/\/www.info-algerie.com\/actualites\/wp-json\/wp\/v2\/categories?post=12476"},{"taxonomy":"post_tag","embeddable":true,"href":"https:\/\/www.info-algerie.com\/actualites\/wp-json\/wp\/v2\/tags?post=12476"}],"curies":[{"name":"wp","href":"https:\/\/api.w.org\/{rel}","templated":true}]}}