{"id":12484,"date":"2017-05-24T13:20:00","date_gmt":"2017-05-24T12:20:00","guid":{"rendered":"http:\/\/www.info-algerie.com\/actualites\/la-prochaine-rentree-scolaire-sinscrit-dans-le-cadre-de-la-refonte-pedagogique\/"},"modified":"2017-05-24T13:20:00","modified_gmt":"2017-05-24T12:20:00","slug":"la-prochaine-rentree-scolaire-sinscrit-dans-le-cadre-de-la-refonte-pedagogique","status":"publish","type":"post","link":"https:\/\/www.info-algerie.com\/actualites\/la-prochaine-rentree-scolaire-sinscrit-dans-le-cadre-de-la-refonte-pedagogique\/","title":{"rendered":"La prochaine rentr\u00e9e scolaire s\u2019inscrit dans le cadre de la refonte p\u00e9dagogique"},"content":{"rendered":"<div class=\"K2FeedImage\"><img decoding=\"async\" src=\"https:\/\/www.info-algerie.com\/actualites\/wp-content\/uploads\/2017\/05\/e2fbb87ec308265cd903bc03366cd6b0_S.jpg\" alt=\"La prochaine rentr&#xE9;e scolaire s&#x2019;inscrit dans le cadre de la refonte p&#xE9;dagogique\" \/><\/div>\n<div class=\"K2FeedIntroText\">\n<p>BECHAR- La ministre de l\u2019Education nationale, Mme\u00a0 Nouria Benghebrit, a affirm\u00e9 mercredi \u00e0 Bechar que la prochaine rentr\u00e9e\u00a0 scolaire (2017-2018) s\u2019inscrit dans le cadre de la refonte p\u00e9dagogique et de la r\u00e9gulation du processus continu et dynamique de l\u2019application de la\u00a0 r\u00e9forme du syst\u00e8me \u00e9ducatif.<\/p>\n<p>&#013;\n<\/p><\/div>\n<div class=\"K2FeedFullText\">&#013;<\/p>\n<p>\u00ab\u00a0A travers cette refonte, nous voulons une \u00e9cole de qualit\u00e9 qui pr\u00e9serve\u00a0 l\u2019\u00e9quit\u00e9 et l\u2019\u00e9galit\u00e9 des chances \u00e0 l\u2019ensemble des enfants pour l\u2019acc\u00e8s \u00e0\u00a0 un enseignement de qualit\u00e9, pertinent, efficient et inclusif\u00a0\u00bb, a indiqu\u00e9\u00a0 Mme Benghebrit en marge du coup d\u2019envoi officiel des \u00e9preuves de fin de\u00a0 cycle primaire de la session 2017.<\/p>\n<p>&#013;<\/p>\n<p>La ministre de l\u2019Education, qui a proc\u00e9d\u00e9 \u00e0 l\u2019ouverture des plis des\u00a0 \u00e9preuves de la matin\u00e9e \u00e0 l\u2019\u00e9cole primaire \u00ab\u00a0Daghmi Ahmed\u00a0\u00bb \u00e0 Bechar, s\u2019est\u00a0 f\u00e9licit\u00e9 des conditions r\u00e9unies pour le d\u00e9roulement de ces examens \u00e0\u00a0 travers le territoire national, avec la contribution de diff\u00e9rents secteurs\u00a0 d\u2019activit\u00e9s, des services de la sant\u00e9 et ceux de la gendarmerie et de la\u00a0 suret\u00e9 nationales.<\/p>\n<p>&#013;<\/p>\n<p>Ces examens concernent un global de 760.652 \u00e9l\u00e8ves, dont 47,93 % de filles\u00a0 avec une hausse cette ann\u00e9e de 55.192 candidats par rapport \u00e0 la session\u00a0 pr\u00e9c\u00e9dente, selon des responsables du minist\u00e8re de l\u2019Education nationale.<\/p>\n<p>&#013;<\/p>\n<p>Les candidats \u00e0 ces \u00e9preuves sont r\u00e9partis sur 13.688 centres d&rsquo;examen et\u00a0 encadr\u00e9s par 160.880 enseignants et seront examin\u00e9s sur trois mati\u00e8res, \u00e0\u00a0 savoir la langue arabe et les math\u00e9matiques durant la matin\u00e9e et la langue\u00a0 fran\u00e7aise durant l&rsquo;apr\u00e8s-midi, ont-ils indiqu\u00e9.<\/p>\n<p>&#013;<\/p>\n<p>La wilaya de Bechar enregistre 6.484 candidats, dont 3.152 filles,\u00a0 repartis sur 119 centres d\u2019examen qu\u2019encadrent 1.413 enseignants et autres\u00a0 agents mobilis\u00e9s pour la circonstance.Mme Nouria Benghebrit donnera \u00e0 partir de Tindouf cet apr\u00e8s le coup\u00a0 d&rsquo;envois des \u00e9preuves de l\u2019apr\u00e8s-midi de cet examen de fin de cycle\u00a0 primaire.<\/p>\n<p>&#013;<\/p>\n<p>\u00a0<\/p>\n<p>&#013;<\/p>\n<p><strong>Mme Benghebrit annonce un vaste programme d\u2019action pour la prochaine\u00a0 rentr\u00e9e scolaire<\/strong><\/p>\n<p>&#013;<\/p>\n<p>\u00a0<\/p>\n<p>&#013;<\/p>\n<p>BECHAR- La ministre de l\u2019Education nationale, Mme Nouria\u00a0 Benghebrit, a annonc\u00e9, mercredi \u00e0 Bechar, un vaste programme d\u2019action pour\u00a0 la prochaine rentr\u00e9e scolaire, dont la formation des enseignants et\u00a0 l\u2019\u00e9dition de nouveaux manuels.<\/p>\n<p>&#013;<\/p>\n<p>S\u2019exprimant en marge du coup d\u2019envoi des \u00e9preuves de l\u2019examen de fin de\u00a0 cycle primaire, la ministre a fait \u00e9tat, pour la prochaine rentr\u00e9e scolaire\u00a0 2017-2018, d\u2019un vaste programme d\u2019action, dont la prise en charge effective\u00a0 de la formation, selon les normes acad\u00e9miques requises, de l\u2019ensemble des enseignants des trois paliers de l\u2019enseignement et ce d\u00e8s le mois de\u00a0 juillet prochain, ainsi que l\u2019\u00e9dition de nouveaux manuels scolaires.<\/p>\n<p>&#013;<\/p>\n<p>Elle a, en outre, annonc\u00e9, dans un point de presse, la tenue prochaine\u00a0 d\u2019une rencontre avec les partenaires sociaux pour l\u2019\u00e9laboration de\u00a0 plusieurs documents inh\u00e9rents \u00e0 une meilleure prise en charge de l\u2019\u00e9cole\u00a0 alg\u00e9rienne, notamment la mise \u00e0 jour du r\u00e8glement int\u00e9rieur des\u00a0 \u00e9tablissements des trois paliers de l\u2019enseignement, de m\u00eame que la\u00a0 poursuite des actions et op\u00e9rations de refonte du secteur dans le but d\u2019une\u00a0 modernisation globale du secteur.<\/p>\n<p>&#013;<\/p>\n<p>Pour Mme Nouria Benghabrit, le d\u00e9roulement de ces \u00e9preuves de fin de cycle\u00a0 primaire dans les meilleures conditions est la preuve du travail\u00a0 \u2018\u2018gigantesque\u2019\u2019 accompli \u00e0 ce jour en mati\u00e8re d\u2019organisation de ce genre\u00a0 d\u2019\u00e9ch\u00e9ances scolaire en vue de la valorisation des efforts et de\u00a0 l\u2019intelligence des \u00e9l\u00e8ves scolaris\u00e9s.<\/p>\n<p>&#013;<\/p>\n<p>\u00a0<\/p>\n<p>&#013;<\/p>\n<p>La ministre de l\u2019Education nationale donnera cet apr\u00e8s-midi, \u00e0 partir de\u00a0 Tindouf, le coup des envois des \u00e9preuves de l\u2019apr\u00e8s-midi de cet examen de\u00a0 fin de cycle primaire.<\/p>\n<\/div>\n<p>&#013;<br \/>\nSource: <a href=\"http:\/\/www.aps.dz\/algerie\/58114-la-prochaine-rentree-scolaire-s-inscrit-dans-le-cadre-de-la-refonte-pedagogique\" target=\"_blank\">La prochaine rentr\u00e9e scolaire s\u2019inscrit dans le cadre de la refonte p\u00e9dagogique<\/a><\/p>\n<!--CusAds0-->\n<div style=\"font-size: 0px; height: 0px; line-height: 0px; margin: 0; padding: 0; clear: both;\"><\/div>","protected":false},"excerpt":{"rendered":"<p>BECHAR- La ministre de l\u2019Education nationale, Mme\u00a0 Nouria Benghebrit, a affirm\u00e9 mercredi \u00e0 Bechar que la prochaine rentr\u00e9e\u00a0 scolaire (2017-2018) s\u2019inscrit dans le cadre de la refonte p\u00e9dagogique et de la r\u00e9gulation du processus continu et dynamique de l\u2019application de la\u00a0 r\u00e9forme du syst\u00e8me \u00e9ducatif. &#013; &#013; \u00ab\u00a0A travers cette refonte, nous voulons une \u00e9cole<\/p>\n","protected":false},"author":6,"featured_media":12485,"comment_status":"open","ping_status":"open","sticky":false,"template":"","format":"standard","meta":{"footnotes":""},"categories":[22],"tags":[93],"class_list":["post-12484","post","type-post","status-publish","format-standard","has-post-thumbnail","hentry","category-infos","tag-onu"],"yoast_head":"<!-- This site is optimized with the Yoast SEO plugin v27.5 - https:\/\/yoast.com\/product\/yoast-seo-wordpress\/ -->\n<title>La prochaine rentr\u00e9e scolaire s\u2019inscrit dans le cadre de la refonte p\u00e9dagogique - info algerie<\/title>\n<meta name=\"robots\" content=\"index, follow, max-snippet:-1, max-image-preview:large, max-video-preview:-1\" \/>\n<link rel=\"canonical\" href=\"https:\/\/www.info-algerie.com\/actualites\/la-prochaine-rentree-scolaire-sinscrit-dans-le-cadre-de-la-refonte-pedagogique\/\" \/>\n<meta property=\"og:locale\" content=\"fr_FR\" \/>\n<meta property=\"og:type\" content=\"article\" \/>\n<meta property=\"og:title\" content=\"La prochaine rentr\u00e9e scolaire s\u2019inscrit dans le cadre de la refonte p\u00e9dagogique - info algerie\" \/>\n<meta property=\"og:description\" content=\"BECHAR- La ministre de l\u2019Education nationale, Mme\u00a0 Nouria Benghebrit, a affirm\u00e9 mercredi \u00e0 Bechar que la prochaine rentr\u00e9e\u00a0 scolaire (2017-2018) s\u2019inscrit dans le cadre de la refonte p\u00e9dagogique et de la r\u00e9gulation du processus continu et dynamique de l\u2019application de la\u00a0 r\u00e9forme du syst\u00e8me \u00e9ducatif. &#013; &#013; \u00ab\u00a0A travers cette refonte, nous voulons une \u00e9cole\" \/>\n<meta property=\"og:url\" content=\"https:\/\/www.info-algerie.com\/actualites\/la-prochaine-rentree-scolaire-sinscrit-dans-le-cadre-de-la-refonte-pedagogique\/\" \/>\n<meta property=\"og:site_name\" content=\"info algerie\" \/>\n<meta property=\"article:publisher\" content=\"https:\/\/www.facebook.com\/infoalgerieactu\" \/>\n<meta property=\"article:published_time\" content=\"2017-05-24T12:20:00+00:00\" \/>\n<meta property=\"og:image\" content=\"https:\/\/www.info-algerie.com\/actualites\/wp-content\/uploads\/2017\/05\/e2fbb87ec308265cd903bc03366cd6b0_S-1.jpg\" \/>\n\t<meta property=\"og:image:width\" content=\"280\" \/>\n\t<meta property=\"og:image:height\" content=\"158\" \/>\n\t<meta property=\"og:image:type\" content=\"image\/jpeg\" \/>\n<meta name=\"author\" content=\"La r\u00e9daction\" \/>\n<meta name=\"twitter:label1\" content=\"\u00c9crit par\" \/>\n\t<meta name=\"twitter:data1\" content=\"La r\u00e9daction\" \/>\n\t<meta name=\"twitter:label2\" content=\"Dur\u00e9e de lecture estim\u00e9e\" \/>\n\t<meta name=\"twitter:data2\" content=\"3 minutes\" \/>\n<script type=\"application\/ld+json\" class=\"yoast-schema-graph\">{\"@context\":\"https:\\\/\\\/schema.org\",\"@graph\":[{\"@type\":\"Article\",\"@id\":\"https:\\\/\\\/www.info-algerie.com\\\/actualites\\\/la-prochaine-rentree-scolaire-sinscrit-dans-le-cadre-de-la-refonte-pedagogique\\\/#article\",\"isPartOf\":{\"@id\":\"https:\\\/\\\/www.info-algerie.com\\\/actualites\\\/la-prochaine-rentree-scolaire-sinscrit-dans-le-cadre-de-la-refonte-pedagogique\\\/\"},\"author\":{\"name\":\"La r\u00e9daction\",\"@id\":\"https:\\\/\\\/www.info-algerie.com\\\/actualites\\\/#\\\/schema\\\/person\\\/847aaec44920825b843a08f30ec6aa1e\"},\"headline\":\"La prochaine rentr\u00e9e scolaire s\u2019inscrit dans le cadre de la refonte p\u00e9dagogique\",\"datePublished\":\"2017-05-24T12:20:00+00:00\",\"mainEntityOfPage\":{\"@id\":\"https:\\\/\\\/www.info-algerie.com\\\/actualites\\\/la-prochaine-rentree-scolaire-sinscrit-dans-le-cadre-de-la-refonte-pedagogique\\\/\"},\"wordCount\":639,\"commentCount\":0,\"publisher\":{\"@id\":\"https:\\\/\\\/www.info-algerie.com\\\/actualites\\\/#organization\"},\"image\":{\"@id\":\"https:\\\/\\\/www.info-algerie.com\\\/actualites\\\/la-prochaine-rentree-scolaire-sinscrit-dans-le-cadre-de-la-refonte-pedagogique\\\/#primaryimage\"},\"thumbnailUrl\":\"https:\\\/\\\/www.info-algerie.com\\\/actualites\\\/wp-content\\\/uploads\\\/2017\\\/05\\\/e2fbb87ec308265cd903bc03366cd6b0_S-1.jpg\",\"keywords\":[\"ONU\"],\"articleSection\":[\"infos\"],\"inLanguage\":\"fr-FR\",\"potentialAction\":[{\"@type\":\"CommentAction\",\"name\":\"Comment\",\"target\":[\"https:\\\/\\\/www.info-algerie.com\\\/actualites\\\/la-prochaine-rentree-scolaire-sinscrit-dans-le-cadre-de-la-refonte-pedagogique\\\/#respond\"]}]},{\"@type\":\"WebPage\",\"@id\":\"https:\\\/\\\/www.info-algerie.com\\\/actualites\\\/la-prochaine-rentree-scolaire-sinscrit-dans-le-cadre-de-la-refonte-pedagogique\\\/\",\"url\":\"https:\\\/\\\/www.info-algerie.com\\\/actualites\\\/la-prochaine-rentree-scolaire-sinscrit-dans-le-cadre-de-la-refonte-pedagogique\\\/\",\"name\":\"La prochaine rentr\u00e9e scolaire s\u2019inscrit dans le cadre de la refonte p\u00e9dagogique - info algerie\",\"isPartOf\":{\"@id\":\"https:\\\/\\\/www.info-algerie.com\\\/actualites\\\/#website\"},\"primaryImageOfPage\":{\"@id\":\"https:\\\/\\\/www.info-algerie.com\\\/actualites\\\/la-prochaine-rentree-scolaire-sinscrit-dans-le-cadre-de-la-refonte-pedagogique\\\/#primaryimage\"},\"image\":{\"@id\":\"https:\\\/\\\/www.info-algerie.com\\\/actualites\\\/la-prochaine-rentree-scolaire-sinscrit-dans-le-cadre-de-la-refonte-pedagogique\\\/#primaryimage\"},\"thumbnailUrl\":\"https:\\\/\\\/www.info-algerie.com\\\/actualites\\\/wp-content\\\/uploads\\\/2017\\\/05\\\/e2fbb87ec308265cd903bc03366cd6b0_S-1.jpg\",\"datePublished\":\"2017-05-24T12:20:00+00:00\",\"breadcrumb\":{\"@id\":\"https:\\\/\\\/www.info-algerie.com\\\/actualites\\\/la-prochaine-rentree-scolaire-sinscrit-dans-le-cadre-de-la-refonte-pedagogique\\\/#breadcrumb\"},\"inLanguage\":\"fr-FR\",\"potentialAction\":[{\"@type\":\"ReadAction\",\"target\":[\"https:\\\/\\\/www.info-algerie.com\\\/actualites\\\/la-prochaine-rentree-scolaire-sinscrit-dans-le-cadre-de-la-refonte-pedagogique\\\/\"]}]},{\"@type\":\"ImageObject\",\"inLanguage\":\"fr-FR\",\"@id\":\"https:\\\/\\\/www.info-algerie.com\\\/actualites\\\/la-prochaine-rentree-scolaire-sinscrit-dans-le-cadre-de-la-refonte-pedagogique\\\/#primaryimage\",\"url\":\"https:\\\/\\\/www.info-algerie.com\\\/actualites\\\/wp-content\\\/uploads\\\/2017\\\/05\\\/e2fbb87ec308265cd903bc03366cd6b0_S-1.jpg\",\"contentUrl\":\"https:\\\/\\\/www.info-algerie.com\\\/actualites\\\/wp-content\\\/uploads\\\/2017\\\/05\\\/e2fbb87ec308265cd903bc03366cd6b0_S-1.jpg\",\"width\":280,\"height\":158},{\"@type\":\"BreadcrumbList\",\"@id\":\"https:\\\/\\\/www.info-algerie.com\\\/actualites\\\/la-prochaine-rentree-scolaire-sinscrit-dans-le-cadre-de-la-refonte-pedagogique\\\/#breadcrumb\",\"itemListElement\":[{\"@type\":\"ListItem\",\"position\":1,\"name\":\"Accueil\",\"item\":\"https:\\\/\\\/www.info-algerie.com\\\/actualites\\\/\"},{\"@type\":\"ListItem\",\"position\":2,\"name\":\"La prochaine rentr\u00e9e scolaire s\u2019inscrit dans le cadre de la refonte p\u00e9dagogique\"}]},{\"@type\":\"WebSite\",\"@id\":\"https:\\\/\\\/www.info-algerie.com\\\/actualites\\\/#website\",\"url\":\"https:\\\/\\\/www.info-algerie.com\\\/actualites\\\/\",\"name\":\"info algerie\",\"description\":\"Toutes les actualit\u00e9s\",\"publisher\":{\"@id\":\"https:\\\/\\\/www.info-algerie.com\\\/actualites\\\/#organization\"},\"potentialAction\":[{\"@type\":\"SearchAction\",\"target\":{\"@type\":\"EntryPoint\",\"urlTemplate\":\"https:\\\/\\\/www.info-algerie.com\\\/actualites\\\/?s={search_term_string}\"},\"query-input\":{\"@type\":\"PropertyValueSpecification\",\"valueRequired\":true,\"valueName\":\"search_term_string\"}}],\"inLanguage\":\"fr-FR\"},{\"@type\":\"Organization\",\"@id\":\"https:\\\/\\\/www.info-algerie.com\\\/actualites\\\/#organization\",\"name\":\"info algerie\",\"url\":\"https:\\\/\\\/www.info-algerie.com\\\/actualites\\\/\",\"logo\":{\"@type\":\"ImageObject\",\"inLanguage\":\"fr-FR\",\"@id\":\"https:\\\/\\\/www.info-algerie.com\\\/actualites\\\/#\\\/schema\\\/logo\\\/image\\\/\",\"url\":\"https:\\\/\\\/www.info-algerie.com\\\/actualites\\\/wp-content\\\/uploads\\\/2022\\\/07\\\/logo-ia-120.png\",\"contentUrl\":\"https:\\\/\\\/www.info-algerie.com\\\/actualites\\\/wp-content\\\/uploads\\\/2022\\\/07\\\/logo-ia-120.png\",\"width\":120,\"height\":43,\"caption\":\"info algerie\"},\"image\":{\"@id\":\"https:\\\/\\\/www.info-algerie.com\\\/actualites\\\/#\\\/schema\\\/logo\\\/image\\\/\"},\"sameAs\":[\"https:\\\/\\\/www.facebook.com\\\/infoalgerieactu\",\"https:\\\/\\\/x.com\\\/infoalgerie1\"]},{\"@type\":\"Person\",\"@id\":\"https:\\\/\\\/www.info-algerie.com\\\/actualites\\\/#\\\/schema\\\/person\\\/847aaec44920825b843a08f30ec6aa1e\",\"name\":\"La r\u00e9daction\",\"image\":{\"@type\":\"ImageObject\",\"inLanguage\":\"fr-FR\",\"@id\":\"https:\\\/\\\/secure.gravatar.com\\\/avatar\\\/769db425c6f465158149f1ffd6cf61ce7a8a879d11dfbef8288af36dfddd418c?s=96&d=mm&r=g\",\"url\":\"https:\\\/\\\/secure.gravatar.com\\\/avatar\\\/769db425c6f465158149f1ffd6cf61ce7a8a879d11dfbef8288af36dfddd418c?s=96&d=mm&r=g\",\"contentUrl\":\"https:\\\/\\\/secure.gravatar.com\\\/avatar\\\/769db425c6f465158149f1ffd6cf61ce7a8a879d11dfbef8288af36dfddd418c?s=96&d=mm&r=g\",\"caption\":\"La r\u00e9daction\"},\"sameAs\":[\"http:\\\/\\\/www.lkeria.com\\\/\"],\"url\":\"https:\\\/\\\/www.info-algerie.com\\\/actualites\\\/author\\\/chakib32\\\/\"}]}<\/script>\n<!-- \/ Yoast SEO plugin. -->","yoast_head_json":{"title":"La prochaine rentr\u00e9e scolaire s\u2019inscrit dans le cadre de la refonte p\u00e9dagogique - info algerie","robots":{"index":"index","follow":"follow","max-snippet":"max-snippet:-1","max-image-preview":"max-image-preview:large","max-video-preview":"max-video-preview:-1"},"canonical":"https:\/\/www.info-algerie.com\/actualites\/la-prochaine-rentree-scolaire-sinscrit-dans-le-cadre-de-la-refonte-pedagogique\/","og_locale":"fr_FR","og_type":"article","og_title":"La prochaine rentr\u00e9e scolaire s\u2019inscrit dans le cadre de la refonte p\u00e9dagogique - info algerie","og_description":"BECHAR- La ministre de l\u2019Education nationale, Mme\u00a0 Nouria Benghebrit, a affirm\u00e9 mercredi \u00e0 Bechar que la prochaine rentr\u00e9e\u00a0 scolaire (2017-2018) s\u2019inscrit dans le cadre de la refonte p\u00e9dagogique et de la r\u00e9gulation du processus continu et dynamique de l\u2019application de la\u00a0 r\u00e9forme du syst\u00e8me \u00e9ducatif. &#013; &#013; \u00ab\u00a0A travers cette refonte, nous voulons une \u00e9cole","og_url":"https:\/\/www.info-algerie.com\/actualites\/la-prochaine-rentree-scolaire-sinscrit-dans-le-cadre-de-la-refonte-pedagogique\/","og_site_name":"info algerie","article_publisher":"https:\/\/www.facebook.com\/infoalgerieactu","article_published_time":"2017-05-24T12:20:00+00:00","og_image":[{"width":280,"height":158,"url":"https:\/\/www.info-algerie.com\/actualites\/wp-content\/uploads\/2017\/05\/e2fbb87ec308265cd903bc03366cd6b0_S-1.jpg","type":"image\/jpeg"}],"author":"La r\u00e9daction","twitter_misc":{"\u00c9crit par":"La r\u00e9daction","Dur\u00e9e de lecture estim\u00e9e":"3 minutes"},"schema":{"@context":"https:\/\/schema.org","@graph":[{"@type":"Article","@id":"https:\/\/www.info-algerie.com\/actualites\/la-prochaine-rentree-scolaire-sinscrit-dans-le-cadre-de-la-refonte-pedagogique\/#article","isPartOf":{"@id":"https:\/\/www.info-algerie.com\/actualites\/la-prochaine-rentree-scolaire-sinscrit-dans-le-cadre-de-la-refonte-pedagogique\/"},"author":{"name":"La r\u00e9daction","@id":"https:\/\/www.info-algerie.com\/actualites\/#\/schema\/person\/847aaec44920825b843a08f30ec6aa1e"},"headline":"La prochaine rentr\u00e9e scolaire s\u2019inscrit dans le cadre de la refonte p\u00e9dagogique","datePublished":"2017-05-24T12:20:00+00:00","mainEntityOfPage":{"@id":"https:\/\/www.info-algerie.com\/actualites\/la-prochaine-rentree-scolaire-sinscrit-dans-le-cadre-de-la-refonte-pedagogique\/"},"wordCount":639,"commentCount":0,"publisher":{"@id":"https:\/\/www.info-algerie.com\/actualites\/#organization"},"image":{"@id":"https:\/\/www.info-algerie.com\/actualites\/la-prochaine-rentree-scolaire-sinscrit-dans-le-cadre-de-la-refonte-pedagogique\/#primaryimage"},"thumbnailUrl":"https:\/\/www.info-algerie.com\/actualites\/wp-content\/uploads\/2017\/05\/e2fbb87ec308265cd903bc03366cd6b0_S-1.jpg","keywords":["ONU"],"articleSection":["infos"],"inLanguage":"fr-FR","potentialAction":[{"@type":"CommentAction","name":"Comment","target":["https:\/\/www.info-algerie.com\/actualites\/la-prochaine-rentree-scolaire-sinscrit-dans-le-cadre-de-la-refonte-pedagogique\/#respond"]}]},{"@type":"WebPage","@id":"https:\/\/www.info-algerie.com\/actualites\/la-prochaine-rentree-scolaire-sinscrit-dans-le-cadre-de-la-refonte-pedagogique\/","url":"https:\/\/www.info-algerie.com\/actualites\/la-prochaine-rentree-scolaire-sinscrit-dans-le-cadre-de-la-refonte-pedagogique\/","name":"La prochaine rentr\u00e9e scolaire s\u2019inscrit dans le cadre de la refonte p\u00e9dagogique - info algerie","isPartOf":{"@id":"https:\/\/www.info-algerie.com\/actualites\/#website"},"primaryImageOfPage":{"@id":"https:\/\/www.info-algerie.com\/actualites\/la-prochaine-rentree-scolaire-sinscrit-dans-le-cadre-de-la-refonte-pedagogique\/#primaryimage"},"image":{"@id":"https:\/\/www.info-algerie.com\/actualites\/la-prochaine-rentree-scolaire-sinscrit-dans-le-cadre-de-la-refonte-pedagogique\/#primaryimage"},"thumbnailUrl":"https:\/\/www.info-algerie.com\/actualites\/wp-content\/uploads\/2017\/05\/e2fbb87ec308265cd903bc03366cd6b0_S-1.jpg","datePublished":"2017-05-24T12:20:00+00:00","breadcrumb":{"@id":"https:\/\/www.info-algerie.com\/actualites\/la-prochaine-rentree-scolaire-sinscrit-dans-le-cadre-de-la-refonte-pedagogique\/#breadcrumb"},"inLanguage":"fr-FR","potentialAction":[{"@type":"ReadAction","target":["https:\/\/www.info-algerie.com\/actualites\/la-prochaine-rentree-scolaire-sinscrit-dans-le-cadre-de-la-refonte-pedagogique\/"]}]},{"@type":"ImageObject","inLanguage":"fr-FR","@id":"https:\/\/www.info-algerie.com\/actualites\/la-prochaine-rentree-scolaire-sinscrit-dans-le-cadre-de-la-refonte-pedagogique\/#primaryimage","url":"https:\/\/www.info-algerie.com\/actualites\/wp-content\/uploads\/2017\/05\/e2fbb87ec308265cd903bc03366cd6b0_S-1.jpg","contentUrl":"https:\/\/www.info-algerie.com\/actualites\/wp-content\/uploads\/2017\/05\/e2fbb87ec308265cd903bc03366cd6b0_S-1.jpg","width":280,"height":158},{"@type":"BreadcrumbList","@id":"https:\/\/www.info-algerie.com\/actualites\/la-prochaine-rentree-scolaire-sinscrit-dans-le-cadre-de-la-refonte-pedagogique\/#breadcrumb","itemListElement":[{"@type":"ListItem","position":1,"name":"Accueil","item":"https:\/\/www.info-algerie.com\/actualites\/"},{"@type":"ListItem","position":2,"name":"La prochaine rentr\u00e9e scolaire s\u2019inscrit dans le cadre de la refonte p\u00e9dagogique"}]},{"@type":"WebSite","@id":"https:\/\/www.info-algerie.com\/actualites\/#website","url":"https:\/\/www.info-algerie.com\/actualites\/","name":"info algerie","description":"Toutes les actualit\u00e9s","publisher":{"@id":"https:\/\/www.info-algerie.com\/actualites\/#organization"},"potentialAction":[{"@type":"SearchAction","target":{"@type":"EntryPoint","urlTemplate":"https:\/\/www.info-algerie.com\/actualites\/?s={search_term_string}"},"query-input":{"@type":"PropertyValueSpecification","valueRequired":true,"valueName":"search_term_string"}}],"inLanguage":"fr-FR"},{"@type":"Organization","@id":"https:\/\/www.info-algerie.com\/actualites\/#organization","name":"info algerie","url":"https:\/\/www.info-algerie.com\/actualites\/","logo":{"@type":"ImageObject","inLanguage":"fr-FR","@id":"https:\/\/www.info-algerie.com\/actualites\/#\/schema\/logo\/image\/","url":"https:\/\/www.info-algerie.com\/actualites\/wp-content\/uploads\/2022\/07\/logo-ia-120.png","contentUrl":"https:\/\/www.info-algerie.com\/actualites\/wp-content\/uploads\/2022\/07\/logo-ia-120.png","width":120,"height":43,"caption":"info algerie"},"image":{"@id":"https:\/\/www.info-algerie.com\/actualites\/#\/schema\/logo\/image\/"},"sameAs":["https:\/\/www.facebook.com\/infoalgerieactu","https:\/\/x.com\/infoalgerie1"]},{"@type":"Person","@id":"https:\/\/www.info-algerie.com\/actualites\/#\/schema\/person\/847aaec44920825b843a08f30ec6aa1e","name":"La r\u00e9daction","image":{"@type":"ImageObject","inLanguage":"fr-FR","@id":"https:\/\/secure.gravatar.com\/avatar\/769db425c6f465158149f1ffd6cf61ce7a8a879d11dfbef8288af36dfddd418c?s=96&d=mm&r=g","url":"https:\/\/secure.gravatar.com\/avatar\/769db425c6f465158149f1ffd6cf61ce7a8a879d11dfbef8288af36dfddd418c?s=96&d=mm&r=g","contentUrl":"https:\/\/secure.gravatar.com\/avatar\/769db425c6f465158149f1ffd6cf61ce7a8a879d11dfbef8288af36dfddd418c?s=96&d=mm&r=g","caption":"La r\u00e9daction"},"sameAs":["http:\/\/www.lkeria.com\/"],"url":"https:\/\/www.info-algerie.com\/actualites\/author\/chakib32\/"}]}},"_links":{"self":[{"href":"https:\/\/www.info-algerie.com\/actualites\/wp-json\/wp\/v2\/posts\/12484","targetHints":{"allow":["GET"]}}],"collection":[{"href":"https:\/\/www.info-algerie.com\/actualites\/wp-json\/wp\/v2\/posts"}],"about":[{"href":"https:\/\/www.info-algerie.com\/actualites\/wp-json\/wp\/v2\/types\/post"}],"author":[{"embeddable":true,"href":"https:\/\/www.info-algerie.com\/actualites\/wp-json\/wp\/v2\/users\/6"}],"replies":[{"embeddable":true,"href":"https:\/\/www.info-algerie.com\/actualites\/wp-json\/wp\/v2\/comments?post=12484"}],"version-history":[{"count":0,"href":"https:\/\/www.info-algerie.com\/actualites\/wp-json\/wp\/v2\/posts\/12484\/revisions"}],"wp:featuredmedia":[{"embeddable":true,"href":"https:\/\/www.info-algerie.com\/actualites\/wp-json\/wp\/v2\/media\/12485"}],"wp:attachment":[{"href":"https:\/\/www.info-algerie.com\/actualites\/wp-json\/wp\/v2\/media?parent=12484"}],"wp:term":[{"taxonomy":"category","embeddable":true,"href":"https:\/\/www.info-algerie.com\/actualites\/wp-json\/wp\/v2\/categories?post=12484"},{"taxonomy":"post_tag","embeddable":true,"href":"https:\/\/www.info-algerie.com\/actualites\/wp-json\/wp\/v2\/tags?post=12484"}],"curies":[{"name":"wp","href":"https:\/\/api.w.org\/{rel}","templated":true}]}}