{"id":12492,"date":"2017-05-24T15:17:57","date_gmt":"2017-05-24T14:17:57","guid":{"rendered":"http:\/\/www.info-algerie.com\/actualites\/les-resultats-concrets-obtenus-dans-la-modernisation-des-forces-navales-saverent-evidents\/"},"modified":"2017-05-24T15:17:57","modified_gmt":"2017-05-24T14:17:57","slug":"les-resultats-concrets-obtenus-dans-la-modernisation-des-forces-navales-saverent-evidents","status":"publish","type":"post","link":"https:\/\/www.info-algerie.com\/actualites\/les-resultats-concrets-obtenus-dans-la-modernisation-des-forces-navales-saverent-evidents\/","title":{"rendered":"Les r\u00e9sultats concrets obtenus dans la modernisation des Forces Navales s\u2019av\u00e8rent \u00e9vidents"},"content":{"rendered":"<div class=\"K2FeedImage\"><img decoding=\"async\" src=\"https:\/\/www.info-algerie.com\/actualites\/wp-content\/uploads\/2017\/05\/204d096d7a431042de94c608f4a34e24_S.jpg\" alt=\"Les r&#xE9;sultats concrets obtenus dans la modernisation des Forces Navales s&#x2019;av&#xE8;rent &#xE9;vidents\" \/><\/div>\n<div class=\"K2FeedIntroText\">\n<p>ALGER &#8211;\u00a0 Les r\u00e9sultats concrets obtenus sur le terrain et les grandes \u00e9tapes parcourues ces derni\u00e8res ann\u00e9es dans le domaine de la modernisation rationnelle et lucide des Forces Navales, s\u2019av\u00e8rent \u00ab\u00a0in\u00e9luctables et \u00e9vidents\u00a0\u00bb, a soutenu mercredi \u00e0 Alger, le g\u00e9n\u00e9ral de corps d\u2019Arm\u00e9e, Ahmed Ga\u00efd Salah, vice-ministre de la D\u00e9fense nationale, chef\u00a0 d\u2019Etat-major de l\u2019Arm\u00e9e nationale populaire (ANP).<\/p>\n<p>&#013;\n<\/p><\/div>\n<div class=\"K2FeedFullText\">&#013;<\/p>\n<p>\u00ab\u00a0Les r\u00e9sultats concrets obtenus sur le terrain et les grandes \u00e9tapes parcourues ces derni\u00e8res ann\u00e9es dans le domaine de la modernisation rationnelle et lucide des Forces navales, s\u2019av\u00e8rent in\u00e9luctables et \u00e9vidents, et ce, gr\u00e2ce au soutien ind\u00e9fectible et aux orientations de son excellence, M. le Pr\u00e9sident de la R\u00e9publique, chef supr\u00eame des Forces arm\u00e9es, ministre de la D\u00e9fense nationale, et en deuxi\u00e8me lieu gr\u00e2ce \u00e0 la veille rigoureuse et l\u2019importance majeure conf\u00e9r\u00e9es \u00e0 la concr\u00e9tisation du plan de d\u00e9veloppement et de modernisation global et coh\u00e9rent des Forces navales et des autres forces de l\u2019ANP\u00a0\u00bb, a indiqu\u00e9 Ga\u00efd Salah, lors de sa visite de travail au Commandement des Forces navales.<\/p>\n<p>&#013;<\/p>\n<p>\u00ab\u00a0Cette vision clairvoyante et prospective des actions au sein de l\u2019ANP, digne h\u00e9riti\u00e8re de l\u2019Arm\u00e9e de Lib\u00e9ration Nationale et la bonne lecture de ses imp\u00e9ratifs, ainsi que la bonne volont\u00e9, le travail laborieux et l\u2019ardent d\u00e9sir \u00e0 faire r\u00e9ussir et aboutir tout acte portant le bien de nos forces arm\u00e9es et de notre patrie, sont tous des facteurs qui nous motivent pour atteindre ces r\u00e9sultats positifs, \u00e0 travers lesquels, nous voulons pers\u00e9v\u00e9rer dans l\u2019acquisition des segments de force et des facteurs de r\u00e9ussite, tout en les mettant convenablement et correctement au diapason des \u00e9volutions effr\u00e9n\u00e9es que connait le monde d\u2019aujourd\u2019hui\u00a0\u00bb, a-t-il ajout\u00e9.<\/p>\n<p>&#013;<\/p>\n<p>Il a relev\u00e9, dans ce sillage que \u00ab\u00a0c\u2019est gr\u00e2ce \u00e0 l\u2019aide d\u2019Allah le Tout-Puissant et \u00e0 la d\u00e9marche d\u00e9vou\u00e9e et honn\u00eate que nous avons toujours adopt\u00e9e ces derni\u00e8res ann\u00e9es, que nous avons pu atteindre ces niveaux les plus avanc\u00e9s de d\u00e9veloppement et de modernisation de nos Forces Navales et des autres forces de l\u2019ANP\u00a0\u00bb.<\/p>\n<p>&#013;<\/p>\n<p>Le g\u00e9n\u00e9ral de corps d\u2019Arm\u00e9e a effectu\u00e9 cette visite de travail au Commandement des Forces Navales, afin de s\u2019enqu\u00e9rir du degr\u00e9 d\u2019ex\u00e9cution du plan de d\u00e9veloppement des Forces visant \u00e0 promouvoir et moderniser la flotte navale.<\/p>\n<p>&#013;<\/p>\n<p>Apr\u00e8s la c\u00e9r\u00e9monie d\u2019accueil, le g\u00e9n\u00e9ral de corps d\u2019Arm\u00e9e a observ\u00e9 un moment de recueillement en hommage au Chahid Souidani Boudjem\u00e2a dont le nom est port\u00e9 par le si\u00e8ge du Commandement des Forces Navales, pour d\u00e9poser,\u00a0 ensuite, une gerbe de fleurs sur la st\u00e8le du Chahid et r\u00e9citer la Fatiha sur son \u00e2me et pour celles de tous les martyrs de l\u2019Alg\u00e9rie.<\/p>\n<p>&#013;<\/p>\n<p>En compagnie du g\u00e9n\u00e9ral-major Mohamed Larbi Haouli, Commandant des Forces Navales, le g\u00e9n\u00e9ral de corps d\u2019Arm\u00e9e a tenu une rencontre avec les cadres et les \u00e9l\u00e9ments des Forces navales, durant laquelle une minute de silence a \u00e9t\u00e9 observ\u00e9e \u00e0 la m\u00e9moire des trois officiers, membres de l\u2019\u00e9quipage de l\u2019h\u00e9licopt\u00e8re de recherche et de sauvetage, martyrs du devoir national, ayant rendu l\u2019\u00e2me le 21 de ce mois de mai, suite \u00e0 un tragique accident, tout en r\u00e9it\u00e9rant ses sinc\u00e8res condol\u00e9ances et sa compassion avec les familles des victimes.<\/p>\n<p>&#013;<\/p>\n<p>\u00ab\u00a0C\u2019est avec grande conviction et totale foi en la providence d\u2019Allah et en notre destin\u00e9e, que je prie pour les \u00e2mes des martyrs du devoir national, qui ont rendu l\u2019\u00e2me le 21 de ce mois de mai lors du drame qui nous a tous boulevers\u00e9s, suite au tragique accident dont l\u2019h\u00e9licopt\u00e8re de sauvetage et de recherche des Forces Navales a fait l\u2019objet, pendant une s\u00e9ance d\u2019entrainement nocturne\u00a0\u00bb, a-t-il soulign\u00e9.<\/p>\n<p>&#013;<\/p>\n<p>\u00ab\u00a0Je prie pour leurs pures \u00e2mes, et j\u2019adresse mes sinc\u00e8res condol\u00e9ances, ma compassion et tout notre soutien aux familles des victimes, que je consid\u00e8re comme symbole de d\u00e9vouement, de labeur et d\u2019effort assidu\u00a0\u00bb, a-t-il ajout\u00e9.<\/p>\n<p>&#013;<\/p>\n<p>\u00ab\u00a0Je prie le Tout-Puissant, en ces jours sacr\u00e9s impr\u00e9gn\u00e9s des pr\u00e9mices du mois de Ramadhan, d\u2019accorder sa sainte mis\u00e9ricorde \u00e0 leurs \u00e2mes, force et courage pour leurs familles. Je ne pourrais conclure sans saluer l\u2019attention particuli\u00e8re port\u00e9e par le lieutenant-colonel Bacha Riad, commandant de bord de l\u2019h\u00e9licopt\u00e8re, ainsi que tout son \u00e9quipage \u00e0 \u00e9pargner de tout d\u00e9g\u00e2t nos fr\u00e8res concitoyens habitants la zone o\u00f9 a eu lieu l\u2019accident\u00a0\u00bb, a-t-il dit.<\/p>\n<p>&#013;<\/p>\n<p>\u00ab\u00a0Ce sont des vertus famili\u00e8res aux \u00e9l\u00e9ments de l\u2019ANP, qui h\u00e9ritent leurs valeurs d\u2019abn\u00e9gation et de d\u00e9vouement de leurs nobles a\u00efeux de l\u2019Arm\u00e9e de Lib\u00e9ration Nationale. Ces martyrs qui ont re\u00e7u de son excellence, monsieur le Pr\u00e9sident de la R\u00e9publique, chef supr\u00eame des Forces Arm\u00e9es, ministre de la D\u00e9fense nationale, toutes les expressions de condol\u00e9ances et de compassion, dans sa lettre adress\u00e9e au Commandement de l\u2019ANP\u00a0\u00bb, a-t-il encore indiqu\u00e9.<\/p>\n<p>&#013;<\/p>\n<p>A l\u2019occasion, il a \u00e9t\u00e9 proc\u00e9d\u00e9 \u00e0 la lecture de la lettre de condol\u00e9ances adress\u00e9e par son excellence, monsieur le Pr\u00e9sident de la R\u00e9publique, chef supr\u00eame des Forces Arm\u00e9es, ministre de la D\u00e9fense nationale au Commandement de l\u2019ANP et \u00e0 travers lui aux familles des victimes.<\/p>\n<p>&#013;<\/p>\n<p>\u00ab\u00a0Le destin a choisi de prendre \u00e0 l\u2019Institution militaire et au peuple alg\u00e9rien trois de ses enfants prodiges d\u2019officiers de l\u2019ANP, dans un tragique accident lors du crash de leur h\u00e9licopt\u00e8re, qu\u2019Allah le Tout-Puissant leur accorde sa sainte mis\u00e9ricorde et les accueille en son vaste paradis aux c\u00f4t\u00e9s de ses vertueux fid\u00e8les\u00a0\u00bb, a lu le g\u00e9n\u00e9ral de corps d\u2019Arm\u00e9e le message du pr\u00e9sident de la R\u00e9publique.<\/p>\n<p>&#013;<\/p>\n<p>\u00ab\u00a0Ces jeunes Officiers qui \u00e9taient au service du devoir sacr\u00e9 veillant, aux c\u00f4t\u00e9s de leurs coll\u00e8gues \u00e0 travers les quatre coins de notre vaste pays, \u00e0 s\u00e9curiser et prot\u00e9ger nos fronti\u00e8res, \u00e0 garantir la s\u00e9curit\u00e9 de notre peuple et \u00e0 d\u00e9fendre notre espace a\u00e9rien, ont \u00e9t\u00e9 choisis par Allah le Tout-Puissant pour rendre l\u2019\u00e2me en tant que martyrs du devoir lors de ce dramatique accident\u00a0\u00bb, a-t-il soutenu.<\/p>\n<p>&#013;<\/p>\n<p>\u00ab\u00a0J\u2019adresse, en mon nom ainsi qu\u2019au nom du peuple alg\u00e9rien, avec des c\u0153urs fervents et r\u00e9sign\u00e9s \u00e0 la volont\u00e9 d\u2019Allah et de sa providence, nos plus sinc\u00e8res condol\u00e9ances et nos pens\u00e9es affectueuses \u00e0 leurs honorables familles et proches et au Commandement de l\u2019ANP. Je prie Allah le Tout-Puissant de les combler de sa mis\u00e9ricorde, de leur r\u00e9server une place m\u00e9rit\u00e9e parmi les Chouhada et les nobles fid\u00e8les, comme je L\u2019implore d\u2019apporter patience, force et courage \u00e0 leur familles, amis et compagnons de l\u2019ANP, que le Tout-Puissant \u00e9coute et exauce nos pri\u00e8res\u00a0\u00bb, a-t-il soulign\u00e9.<\/p>\n<p>&#013;<\/p>\n<p>\u00ab\u00a0Mais annonce la bonne nouvelle \u00e0 ceux qui sont patients, \u00e0 ceux qui disent, lorsqu\u2019un malheur les frappe : \u2018\u2018Certes, nous sommes \u00e0 Dieu et \u00e0 Lui nous retournons !\u2019\u2019. Ceux-l\u00e0 re\u00e7oivent de leur Seigneur des b\u00e9n\u00e9dictions et une mis\u00e9ricorde, et ceux-l\u00e0 sont bien dirig\u00e9s \u00ab\u00a0, a-t-il encore ajout\u00e9.<\/p>\n<p>&#013;<\/p>\n<p>Le g\u00e9n\u00e9ral de corps d\u2019arm\u00e9e a proc\u00e9d\u00e9, ensuite, \u00e0 l\u2019inspection de la fr\u00e9gate El-Moudamir, num\u00e9ro d\u2019enseigne 911, o\u00f9 il a inaugur\u00e9 ce b\u00e2timent de guerre qui dispose des technologies de pointe les plus modernes et de haute pr\u00e9cision dans le domaine militaire naval, capable d\u2019intervenir dans un large champ d\u2019action pour l\u2019ex\u00e9cution de diverses missions.<\/p>\n<p>&#013;<\/p>\n<p>Ce navire vient renforcer nos Forces navales dans le cadre du plan de d\u00e9veloppement ayant pour but de moderniser notre flotte navale, optimisant ainsi les capacit\u00e9s de d\u00e9fense de l\u2019ANP.<\/p>\n<p>&#013;<\/p>\n<p>Le g\u00e9n\u00e9ral de corps d\u2019arm\u00e9e a visit\u00e9 les diff\u00e9rents compartiments de la fr\u00e9gate, o\u00f9 il a re\u00e7u d\u2019amples explications sur ses composants, ses sp\u00e9cificit\u00e9s et son armement, dont deux h\u00e9licopt\u00e8res d\u00e9di\u00e9s \u00e0 de diff\u00e9rentes missions de combat et de sauvetage.<\/p>\n<p>&#013;<\/p>\n<p>Ensuite, le g\u00e9n\u00e9ral de corps d\u2019arm\u00e9e s\u2019est adress\u00e9 \u00e0 l\u2019\u00e9quipage du navire, les f\u00e9licitant de cette importante acquisition et rappelant les efforts consentis pour d\u00e9velopper et moderniser nos Forces Navales, et ce, \u00ab\u00a0conform\u00e9ment aux orientations de son excellence, monsieur le Pr\u00e9sident de la R\u00e9publique, chef supr\u00eame des Forces arm\u00e9es, ministre de la D\u00e9fense Nationale.<\/p>\n<p>&#013;<\/p>\n<p>A l&rsquo;issue, le g\u00e9n\u00e9ral de corps d&rsquo;Arm\u00e9e a donn\u00e9 des orientations au commandement et \u00e0 l&rsquo;ensemble de l&rsquo;\u00e9quipage de la fr\u00e9gate, les incitant \u00e0 veiller \u00e0 sa maintenance continue, conform\u00e9ment aux normes prescrites, afin de pr\u00e9server sa disponibilit\u00e9 op\u00e9rationnelle au plus haut niveau.<\/p>\n<p>&#013;<\/p>\n<p class=\"MsoNormal\">Le g\u00e9n\u00e9ral de corps d\u2019Arm\u00e9e a \u00e9cout\u00e9 ensuite les interventions des membres de l\u2019\u00e9quipage de la fr\u00e9gate qui ont exprim\u00e9 leur fiert\u00e9 d\u2019op\u00e9rer \u00e0 bord de cette importante acquisition des Forces Navales et leur \u00ab\u00a0immuable\u00a0\u00bb engagement \u00e0 d\u00e9fendre la souverainet\u00e9 des eaux territoriales du Pays.<\/p>\n<\/div>\n<p>&#013;<br \/>\nSource: <a href=\"http:\/\/www.aps.dz\/algerie\/58117-les-resultats-concrets-obtenus-dans-la-modernisation-des-forces-navales-s-averent-evidents\" target=\"_blank\">Les r\u00e9sultats concrets obtenus dans la modernisation des Forces Navales s\u2019av\u00e8rent \u00e9vidents<\/a><\/p>\n<!--CusAds0-->\n<div style=\"font-size: 0px; height: 0px; line-height: 0px; margin: 0; padding: 0; clear: both;\"><\/div>","protected":false},"excerpt":{"rendered":"<p>ALGER &#8211;\u00a0 Les r\u00e9sultats concrets obtenus sur le terrain et les grandes \u00e9tapes parcourues ces derni\u00e8res ann\u00e9es dans le domaine de la modernisation rationnelle et lucide des Forces Navales, s\u2019av\u00e8rent \u00ab\u00a0in\u00e9luctables et \u00e9vidents\u00a0\u00bb, a soutenu mercredi \u00e0 Alger, le g\u00e9n\u00e9ral de corps d\u2019Arm\u00e9e, Ahmed Ga\u00efd Salah, vice-ministre de la D\u00e9fense nationale, chef\u00a0 d\u2019Etat-major de l\u2019Arm\u00e9e<\/p>\n","protected":false},"author":6,"featured_media":12493,"comment_status":"open","ping_status":"open","sticky":false,"template":"","format":"standard","meta":{"footnotes":""},"categories":[22],"tags":[93],"class_list":["post-12492","post","type-post","status-publish","format-standard","has-post-thumbnail","hentry","category-infos","tag-onu"],"yoast_head":"<!-- This site is optimized with the Yoast SEO plugin v27.5 - https:\/\/yoast.com\/product\/yoast-seo-wordpress\/ -->\n<title>Les r\u00e9sultats concrets obtenus dans la modernisation des Forces Navales s\u2019av\u00e8rent \u00e9vidents - info algerie<\/title>\n<meta name=\"robots\" content=\"index, follow, max-snippet:-1, max-image-preview:large, max-video-preview:-1\" \/>\n<link rel=\"canonical\" href=\"https:\/\/www.info-algerie.com\/actualites\/les-resultats-concrets-obtenus-dans-la-modernisation-des-forces-navales-saverent-evidents\/\" \/>\n<meta property=\"og:locale\" content=\"fr_FR\" \/>\n<meta property=\"og:type\" content=\"article\" \/>\n<meta property=\"og:title\" content=\"Les r\u00e9sultats concrets obtenus dans la modernisation des Forces Navales s\u2019av\u00e8rent \u00e9vidents - info algerie\" \/>\n<meta property=\"og:description\" content=\"ALGER &#8211;\u00a0 Les r\u00e9sultats concrets obtenus sur le terrain et les grandes \u00e9tapes parcourues ces derni\u00e8res ann\u00e9es dans le domaine de la modernisation rationnelle et lucide des Forces Navales, s\u2019av\u00e8rent \u00ab\u00a0in\u00e9luctables et \u00e9vidents\u00a0\u00bb, a soutenu mercredi \u00e0 Alger, le g\u00e9n\u00e9ral de corps d\u2019Arm\u00e9e, Ahmed Ga\u00efd Salah, vice-ministre de la D\u00e9fense nationale, chef\u00a0 d\u2019Etat-major de l\u2019Arm\u00e9e\" \/>\n<meta property=\"og:url\" content=\"https:\/\/www.info-algerie.com\/actualites\/les-resultats-concrets-obtenus-dans-la-modernisation-des-forces-navales-saverent-evidents\/\" \/>\n<meta property=\"og:site_name\" content=\"info algerie\" \/>\n<meta property=\"article:publisher\" content=\"https:\/\/www.facebook.com\/infoalgerieactu\" \/>\n<meta property=\"article:published_time\" content=\"2017-05-24T14:17:57+00:00\" \/>\n<meta property=\"og:image\" content=\"https:\/\/www.info-algerie.com\/actualites\/wp-content\/uploads\/2017\/05\/204d096d7a431042de94c608f4a34e24_S-1.jpg\" \/>\n\t<meta property=\"og:image:width\" content=\"280\" \/>\n\t<meta property=\"og:image:height\" content=\"169\" \/>\n\t<meta property=\"og:image:type\" content=\"image\/jpeg\" \/>\n<meta name=\"author\" content=\"La r\u00e9daction\" \/>\n<meta name=\"twitter:label1\" content=\"\u00c9crit par\" \/>\n\t<meta name=\"twitter:data1\" content=\"La r\u00e9daction\" \/>\n\t<meta name=\"twitter:label2\" content=\"Dur\u00e9e de lecture estim\u00e9e\" \/>\n\t<meta name=\"twitter:data2\" content=\"8 minutes\" \/>\n<script type=\"application\/ld+json\" class=\"yoast-schema-graph\">{\"@context\":\"https:\\\/\\\/schema.org\",\"@graph\":[{\"@type\":\"Article\",\"@id\":\"https:\\\/\\\/www.info-algerie.com\\\/actualites\\\/les-resultats-concrets-obtenus-dans-la-modernisation-des-forces-navales-saverent-evidents\\\/#article\",\"isPartOf\":{\"@id\":\"https:\\\/\\\/www.info-algerie.com\\\/actualites\\\/les-resultats-concrets-obtenus-dans-la-modernisation-des-forces-navales-saverent-evidents\\\/\"},\"author\":{\"name\":\"La r\u00e9daction\",\"@id\":\"https:\\\/\\\/www.info-algerie.com\\\/actualites\\\/#\\\/schema\\\/person\\\/847aaec44920825b843a08f30ec6aa1e\"},\"headline\":\"Les r\u00e9sultats concrets obtenus dans la modernisation des Forces Navales s\u2019av\u00e8rent \u00e9vidents\",\"datePublished\":\"2017-05-24T14:17:57+00:00\",\"mainEntityOfPage\":{\"@id\":\"https:\\\/\\\/www.info-algerie.com\\\/actualites\\\/les-resultats-concrets-obtenus-dans-la-modernisation-des-forces-navales-saverent-evidents\\\/\"},\"wordCount\":1628,\"commentCount\":0,\"publisher\":{\"@id\":\"https:\\\/\\\/www.info-algerie.com\\\/actualites\\\/#organization\"},\"image\":{\"@id\":\"https:\\\/\\\/www.info-algerie.com\\\/actualites\\\/les-resultats-concrets-obtenus-dans-la-modernisation-des-forces-navales-saverent-evidents\\\/#primaryimage\"},\"thumbnailUrl\":\"https:\\\/\\\/www.info-algerie.com\\\/actualites\\\/wp-content\\\/uploads\\\/2017\\\/05\\\/204d096d7a431042de94c608f4a34e24_S-1.jpg\",\"keywords\":[\"ONU\"],\"articleSection\":[\"infos\"],\"inLanguage\":\"fr-FR\",\"potentialAction\":[{\"@type\":\"CommentAction\",\"name\":\"Comment\",\"target\":[\"https:\\\/\\\/www.info-algerie.com\\\/actualites\\\/les-resultats-concrets-obtenus-dans-la-modernisation-des-forces-navales-saverent-evidents\\\/#respond\"]}]},{\"@type\":\"WebPage\",\"@id\":\"https:\\\/\\\/www.info-algerie.com\\\/actualites\\\/les-resultats-concrets-obtenus-dans-la-modernisation-des-forces-navales-saverent-evidents\\\/\",\"url\":\"https:\\\/\\\/www.info-algerie.com\\\/actualites\\\/les-resultats-concrets-obtenus-dans-la-modernisation-des-forces-navales-saverent-evidents\\\/\",\"name\":\"Les r\u00e9sultats concrets obtenus dans la modernisation des Forces Navales s\u2019av\u00e8rent \u00e9vidents - info algerie\",\"isPartOf\":{\"@id\":\"https:\\\/\\\/www.info-algerie.com\\\/actualites\\\/#website\"},\"primaryImageOfPage\":{\"@id\":\"https:\\\/\\\/www.info-algerie.com\\\/actualites\\\/les-resultats-concrets-obtenus-dans-la-modernisation-des-forces-navales-saverent-evidents\\\/#primaryimage\"},\"image\":{\"@id\":\"https:\\\/\\\/www.info-algerie.com\\\/actualites\\\/les-resultats-concrets-obtenus-dans-la-modernisation-des-forces-navales-saverent-evidents\\\/#primaryimage\"},\"thumbnailUrl\":\"https:\\\/\\\/www.info-algerie.com\\\/actualites\\\/wp-content\\\/uploads\\\/2017\\\/05\\\/204d096d7a431042de94c608f4a34e24_S-1.jpg\",\"datePublished\":\"2017-05-24T14:17:57+00:00\",\"breadcrumb\":{\"@id\":\"https:\\\/\\\/www.info-algerie.com\\\/actualites\\\/les-resultats-concrets-obtenus-dans-la-modernisation-des-forces-navales-saverent-evidents\\\/#breadcrumb\"},\"inLanguage\":\"fr-FR\",\"potentialAction\":[{\"@type\":\"ReadAction\",\"target\":[\"https:\\\/\\\/www.info-algerie.com\\\/actualites\\\/les-resultats-concrets-obtenus-dans-la-modernisation-des-forces-navales-saverent-evidents\\\/\"]}]},{\"@type\":\"ImageObject\",\"inLanguage\":\"fr-FR\",\"@id\":\"https:\\\/\\\/www.info-algerie.com\\\/actualites\\\/les-resultats-concrets-obtenus-dans-la-modernisation-des-forces-navales-saverent-evidents\\\/#primaryimage\",\"url\":\"https:\\\/\\\/www.info-algerie.com\\\/actualites\\\/wp-content\\\/uploads\\\/2017\\\/05\\\/204d096d7a431042de94c608f4a34e24_S-1.jpg\",\"contentUrl\":\"https:\\\/\\\/www.info-algerie.com\\\/actualites\\\/wp-content\\\/uploads\\\/2017\\\/05\\\/204d096d7a431042de94c608f4a34e24_S-1.jpg\",\"width\":280,\"height\":169},{\"@type\":\"BreadcrumbList\",\"@id\":\"https:\\\/\\\/www.info-algerie.com\\\/actualites\\\/les-resultats-concrets-obtenus-dans-la-modernisation-des-forces-navales-saverent-evidents\\\/#breadcrumb\",\"itemListElement\":[{\"@type\":\"ListItem\",\"position\":1,\"name\":\"Accueil\",\"item\":\"https:\\\/\\\/www.info-algerie.com\\\/actualites\\\/\"},{\"@type\":\"ListItem\",\"position\":2,\"name\":\"Les r\u00e9sultats concrets obtenus dans la modernisation des Forces Navales s\u2019av\u00e8rent \u00e9vidents\"}]},{\"@type\":\"WebSite\",\"@id\":\"https:\\\/\\\/www.info-algerie.com\\\/actualites\\\/#website\",\"url\":\"https:\\\/\\\/www.info-algerie.com\\\/actualites\\\/\",\"name\":\"info algerie\",\"description\":\"Toutes les actualit\u00e9s\",\"publisher\":{\"@id\":\"https:\\\/\\\/www.info-algerie.com\\\/actualites\\\/#organization\"},\"potentialAction\":[{\"@type\":\"SearchAction\",\"target\":{\"@type\":\"EntryPoint\",\"urlTemplate\":\"https:\\\/\\\/www.info-algerie.com\\\/actualites\\\/?s={search_term_string}\"},\"query-input\":{\"@type\":\"PropertyValueSpecification\",\"valueRequired\":true,\"valueName\":\"search_term_string\"}}],\"inLanguage\":\"fr-FR\"},{\"@type\":\"Organization\",\"@id\":\"https:\\\/\\\/www.info-algerie.com\\\/actualites\\\/#organization\",\"name\":\"info algerie\",\"url\":\"https:\\\/\\\/www.info-algerie.com\\\/actualites\\\/\",\"logo\":{\"@type\":\"ImageObject\",\"inLanguage\":\"fr-FR\",\"@id\":\"https:\\\/\\\/www.info-algerie.com\\\/actualites\\\/#\\\/schema\\\/logo\\\/image\\\/\",\"url\":\"https:\\\/\\\/www.info-algerie.com\\\/actualites\\\/wp-content\\\/uploads\\\/2022\\\/07\\\/logo-ia-120.png\",\"contentUrl\":\"https:\\\/\\\/www.info-algerie.com\\\/actualites\\\/wp-content\\\/uploads\\\/2022\\\/07\\\/logo-ia-120.png\",\"width\":120,\"height\":43,\"caption\":\"info algerie\"},\"image\":{\"@id\":\"https:\\\/\\\/www.info-algerie.com\\\/actualites\\\/#\\\/schema\\\/logo\\\/image\\\/\"},\"sameAs\":[\"https:\\\/\\\/www.facebook.com\\\/infoalgerieactu\",\"https:\\\/\\\/x.com\\\/infoalgerie1\"]},{\"@type\":\"Person\",\"@id\":\"https:\\\/\\\/www.info-algerie.com\\\/actualites\\\/#\\\/schema\\\/person\\\/847aaec44920825b843a08f30ec6aa1e\",\"name\":\"La r\u00e9daction\",\"image\":{\"@type\":\"ImageObject\",\"inLanguage\":\"fr-FR\",\"@id\":\"https:\\\/\\\/secure.gravatar.com\\\/avatar\\\/769db425c6f465158149f1ffd6cf61ce7a8a879d11dfbef8288af36dfddd418c?s=96&d=mm&r=g\",\"url\":\"https:\\\/\\\/secure.gravatar.com\\\/avatar\\\/769db425c6f465158149f1ffd6cf61ce7a8a879d11dfbef8288af36dfddd418c?s=96&d=mm&r=g\",\"contentUrl\":\"https:\\\/\\\/secure.gravatar.com\\\/avatar\\\/769db425c6f465158149f1ffd6cf61ce7a8a879d11dfbef8288af36dfddd418c?s=96&d=mm&r=g\",\"caption\":\"La r\u00e9daction\"},\"sameAs\":[\"http:\\\/\\\/www.lkeria.com\\\/\"],\"url\":\"https:\\\/\\\/www.info-algerie.com\\\/actualites\\\/author\\\/chakib32\\\/\"}]}<\/script>\n<!-- \/ Yoast SEO plugin. -->","yoast_head_json":{"title":"Les r\u00e9sultats concrets obtenus dans la modernisation des Forces Navales s\u2019av\u00e8rent \u00e9vidents - info algerie","robots":{"index":"index","follow":"follow","max-snippet":"max-snippet:-1","max-image-preview":"max-image-preview:large","max-video-preview":"max-video-preview:-1"},"canonical":"https:\/\/www.info-algerie.com\/actualites\/les-resultats-concrets-obtenus-dans-la-modernisation-des-forces-navales-saverent-evidents\/","og_locale":"fr_FR","og_type":"article","og_title":"Les r\u00e9sultats concrets obtenus dans la modernisation des Forces Navales s\u2019av\u00e8rent \u00e9vidents - info algerie","og_description":"ALGER &#8211;\u00a0 Les r\u00e9sultats concrets obtenus sur le terrain et les grandes \u00e9tapes parcourues ces derni\u00e8res ann\u00e9es dans le domaine de la modernisation rationnelle et lucide des Forces Navales, s\u2019av\u00e8rent \u00ab\u00a0in\u00e9luctables et \u00e9vidents\u00a0\u00bb, a soutenu mercredi \u00e0 Alger, le g\u00e9n\u00e9ral de corps d\u2019Arm\u00e9e, Ahmed Ga\u00efd Salah, vice-ministre de la D\u00e9fense nationale, chef\u00a0 d\u2019Etat-major de l\u2019Arm\u00e9e","og_url":"https:\/\/www.info-algerie.com\/actualites\/les-resultats-concrets-obtenus-dans-la-modernisation-des-forces-navales-saverent-evidents\/","og_site_name":"info algerie","article_publisher":"https:\/\/www.facebook.com\/infoalgerieactu","article_published_time":"2017-05-24T14:17:57+00:00","og_image":[{"width":280,"height":169,"url":"https:\/\/www.info-algerie.com\/actualites\/wp-content\/uploads\/2017\/05\/204d096d7a431042de94c608f4a34e24_S-1.jpg","type":"image\/jpeg"}],"author":"La r\u00e9daction","twitter_misc":{"\u00c9crit par":"La r\u00e9daction","Dur\u00e9e de lecture estim\u00e9e":"8 minutes"},"schema":{"@context":"https:\/\/schema.org","@graph":[{"@type":"Article","@id":"https:\/\/www.info-algerie.com\/actualites\/les-resultats-concrets-obtenus-dans-la-modernisation-des-forces-navales-saverent-evidents\/#article","isPartOf":{"@id":"https:\/\/www.info-algerie.com\/actualites\/les-resultats-concrets-obtenus-dans-la-modernisation-des-forces-navales-saverent-evidents\/"},"author":{"name":"La r\u00e9daction","@id":"https:\/\/www.info-algerie.com\/actualites\/#\/schema\/person\/847aaec44920825b843a08f30ec6aa1e"},"headline":"Les r\u00e9sultats concrets obtenus dans la modernisation des Forces Navales s\u2019av\u00e8rent \u00e9vidents","datePublished":"2017-05-24T14:17:57+00:00","mainEntityOfPage":{"@id":"https:\/\/www.info-algerie.com\/actualites\/les-resultats-concrets-obtenus-dans-la-modernisation-des-forces-navales-saverent-evidents\/"},"wordCount":1628,"commentCount":0,"publisher":{"@id":"https:\/\/www.info-algerie.com\/actualites\/#organization"},"image":{"@id":"https:\/\/www.info-algerie.com\/actualites\/les-resultats-concrets-obtenus-dans-la-modernisation-des-forces-navales-saverent-evidents\/#primaryimage"},"thumbnailUrl":"https:\/\/www.info-algerie.com\/actualites\/wp-content\/uploads\/2017\/05\/204d096d7a431042de94c608f4a34e24_S-1.jpg","keywords":["ONU"],"articleSection":["infos"],"inLanguage":"fr-FR","potentialAction":[{"@type":"CommentAction","name":"Comment","target":["https:\/\/www.info-algerie.com\/actualites\/les-resultats-concrets-obtenus-dans-la-modernisation-des-forces-navales-saverent-evidents\/#respond"]}]},{"@type":"WebPage","@id":"https:\/\/www.info-algerie.com\/actualites\/les-resultats-concrets-obtenus-dans-la-modernisation-des-forces-navales-saverent-evidents\/","url":"https:\/\/www.info-algerie.com\/actualites\/les-resultats-concrets-obtenus-dans-la-modernisation-des-forces-navales-saverent-evidents\/","name":"Les r\u00e9sultats concrets obtenus dans la modernisation des Forces Navales s\u2019av\u00e8rent \u00e9vidents - info algerie","isPartOf":{"@id":"https:\/\/www.info-algerie.com\/actualites\/#website"},"primaryImageOfPage":{"@id":"https:\/\/www.info-algerie.com\/actualites\/les-resultats-concrets-obtenus-dans-la-modernisation-des-forces-navales-saverent-evidents\/#primaryimage"},"image":{"@id":"https:\/\/www.info-algerie.com\/actualites\/les-resultats-concrets-obtenus-dans-la-modernisation-des-forces-navales-saverent-evidents\/#primaryimage"},"thumbnailUrl":"https:\/\/www.info-algerie.com\/actualites\/wp-content\/uploads\/2017\/05\/204d096d7a431042de94c608f4a34e24_S-1.jpg","datePublished":"2017-05-24T14:17:57+00:00","breadcrumb":{"@id":"https:\/\/www.info-algerie.com\/actualites\/les-resultats-concrets-obtenus-dans-la-modernisation-des-forces-navales-saverent-evidents\/#breadcrumb"},"inLanguage":"fr-FR","potentialAction":[{"@type":"ReadAction","target":["https:\/\/www.info-algerie.com\/actualites\/les-resultats-concrets-obtenus-dans-la-modernisation-des-forces-navales-saverent-evidents\/"]}]},{"@type":"ImageObject","inLanguage":"fr-FR","@id":"https:\/\/www.info-algerie.com\/actualites\/les-resultats-concrets-obtenus-dans-la-modernisation-des-forces-navales-saverent-evidents\/#primaryimage","url":"https:\/\/www.info-algerie.com\/actualites\/wp-content\/uploads\/2017\/05\/204d096d7a431042de94c608f4a34e24_S-1.jpg","contentUrl":"https:\/\/www.info-algerie.com\/actualites\/wp-content\/uploads\/2017\/05\/204d096d7a431042de94c608f4a34e24_S-1.jpg","width":280,"height":169},{"@type":"BreadcrumbList","@id":"https:\/\/www.info-algerie.com\/actualites\/les-resultats-concrets-obtenus-dans-la-modernisation-des-forces-navales-saverent-evidents\/#breadcrumb","itemListElement":[{"@type":"ListItem","position":1,"name":"Accueil","item":"https:\/\/www.info-algerie.com\/actualites\/"},{"@type":"ListItem","position":2,"name":"Les r\u00e9sultats concrets obtenus dans la modernisation des Forces Navales s\u2019av\u00e8rent \u00e9vidents"}]},{"@type":"WebSite","@id":"https:\/\/www.info-algerie.com\/actualites\/#website","url":"https:\/\/www.info-algerie.com\/actualites\/","name":"info algerie","description":"Toutes les actualit\u00e9s","publisher":{"@id":"https:\/\/www.info-algerie.com\/actualites\/#organization"},"potentialAction":[{"@type":"SearchAction","target":{"@type":"EntryPoint","urlTemplate":"https:\/\/www.info-algerie.com\/actualites\/?s={search_term_string}"},"query-input":{"@type":"PropertyValueSpecification","valueRequired":true,"valueName":"search_term_string"}}],"inLanguage":"fr-FR"},{"@type":"Organization","@id":"https:\/\/www.info-algerie.com\/actualites\/#organization","name":"info algerie","url":"https:\/\/www.info-algerie.com\/actualites\/","logo":{"@type":"ImageObject","inLanguage":"fr-FR","@id":"https:\/\/www.info-algerie.com\/actualites\/#\/schema\/logo\/image\/","url":"https:\/\/www.info-algerie.com\/actualites\/wp-content\/uploads\/2022\/07\/logo-ia-120.png","contentUrl":"https:\/\/www.info-algerie.com\/actualites\/wp-content\/uploads\/2022\/07\/logo-ia-120.png","width":120,"height":43,"caption":"info algerie"},"image":{"@id":"https:\/\/www.info-algerie.com\/actualites\/#\/schema\/logo\/image\/"},"sameAs":["https:\/\/www.facebook.com\/infoalgerieactu","https:\/\/x.com\/infoalgerie1"]},{"@type":"Person","@id":"https:\/\/www.info-algerie.com\/actualites\/#\/schema\/person\/847aaec44920825b843a08f30ec6aa1e","name":"La r\u00e9daction","image":{"@type":"ImageObject","inLanguage":"fr-FR","@id":"https:\/\/secure.gravatar.com\/avatar\/769db425c6f465158149f1ffd6cf61ce7a8a879d11dfbef8288af36dfddd418c?s=96&d=mm&r=g","url":"https:\/\/secure.gravatar.com\/avatar\/769db425c6f465158149f1ffd6cf61ce7a8a879d11dfbef8288af36dfddd418c?s=96&d=mm&r=g","contentUrl":"https:\/\/secure.gravatar.com\/avatar\/769db425c6f465158149f1ffd6cf61ce7a8a879d11dfbef8288af36dfddd418c?s=96&d=mm&r=g","caption":"La r\u00e9daction"},"sameAs":["http:\/\/www.lkeria.com\/"],"url":"https:\/\/www.info-algerie.com\/actualites\/author\/chakib32\/"}]}},"_links":{"self":[{"href":"https:\/\/www.info-algerie.com\/actualites\/wp-json\/wp\/v2\/posts\/12492","targetHints":{"allow":["GET"]}}],"collection":[{"href":"https:\/\/www.info-algerie.com\/actualites\/wp-json\/wp\/v2\/posts"}],"about":[{"href":"https:\/\/www.info-algerie.com\/actualites\/wp-json\/wp\/v2\/types\/post"}],"author":[{"embeddable":true,"href":"https:\/\/www.info-algerie.com\/actualites\/wp-json\/wp\/v2\/users\/6"}],"replies":[{"embeddable":true,"href":"https:\/\/www.info-algerie.com\/actualites\/wp-json\/wp\/v2\/comments?post=12492"}],"version-history":[{"count":0,"href":"https:\/\/www.info-algerie.com\/actualites\/wp-json\/wp\/v2\/posts\/12492\/revisions"}],"wp:featuredmedia":[{"embeddable":true,"href":"https:\/\/www.info-algerie.com\/actualites\/wp-json\/wp\/v2\/media\/12493"}],"wp:attachment":[{"href":"https:\/\/www.info-algerie.com\/actualites\/wp-json\/wp\/v2\/media?parent=12492"}],"wp:term":[{"taxonomy":"category","embeddable":true,"href":"https:\/\/www.info-algerie.com\/actualites\/wp-json\/wp\/v2\/categories?post=12492"},{"taxonomy":"post_tag","embeddable":true,"href":"https:\/\/www.info-algerie.com\/actualites\/wp-json\/wp\/v2\/tags?post=12492"}],"curies":[{"name":"wp","href":"https:\/\/api.w.org\/{rel}","templated":true}]}}