{"id":12500,"date":"2017-05-24T15:50:47","date_gmt":"2017-05-24T14:50:47","guid":{"rendered":"http:\/\/www.info-algerie.com\/actualites\/participation-du-conseil-de-la-nation-a-lap-otan-et-au-congres-ecologique-international\/"},"modified":"2017-05-24T15:50:47","modified_gmt":"2017-05-24T14:50:47","slug":"participation-du-conseil-de-la-nation-a-lap-otan-et-au-congres-ecologique-international","status":"publish","type":"post","link":"https:\/\/www.info-algerie.com\/actualites\/participation-du-conseil-de-la-nation-a-lap-otan-et-au-congres-ecologique-international\/","title":{"rendered":"Participation du Conseil de la Nation \u00e0 l&#039;AP-OTAN et au congr\u00e8s \u00e9cologique international"},"content":{"rendered":"<div class=\"K2FeedIntroText\">\n<p>ALGER &#8211; Deux d\u00e9l\u00e9gations parlementaires du Conseil de la nation prennent part \u00e0 la session de printemps de l&rsquo;Assembl\u00e9e parlementaire de l&rsquo;OTAN (AP-OTAN) \u00e0 Tbilissi, capitale de la G\u00e9orgie et \u00e0 la 8e \u00e9dition du congr\u00e8s \u00e9cologique international de Nevsky \u00e0 Saint Petersbourg (Russie), a indiqu\u00e9 mercredi un communiqu\u00e9 du Conseil.<\/p>\n<p>&#013;\n<\/p><\/div>\n<div class=\"K2FeedFullText\">&#013;<\/p>\n<p>La d\u00e9l\u00e9gation parlementaire prend part du 26 au 29 mai 2017 \u00e0 Tbilissi, \u00e0 la session de printemps de l&rsquo;AP-OTAN, ajoute le communiqu\u00e9.<\/p>\n<p>&#013;<\/p>\n<p>L&rsquo;ordre du jour de la session pr\u00e9voit des r\u00e9unions des commissions permanentes et groupes politiques de l&rsquo;assembl\u00e9e, a indiqu\u00e9 la m\u00eame source, rappelant que \u00ab\u00a0le parlement alg\u00e9rien prend part r\u00e9guli\u00e8rement aux r\u00e9unions de l&rsquo;AP-OTAN en tant que membre partenaire m\u00e9diterran\u00e9en\u00a0\u00bb.<\/p>\n<p>&#013;<\/p>\n<p class=\"MsoNormal\">Le congr\u00e8s \u00e9cologique international de Nevsky qu&rsquo;organise le Conseil f\u00e9d\u00e9ral de l&rsquo;Assembl\u00e9e f\u00e9d\u00e9rale de Russie en collaboration avec le minist\u00e8re russe des ressources naturelles et de l&rsquo;environnement les 25 et 26 mai 2017 vise \u00e0 instaurer un dialogue profond et \u00e9changer les exp\u00e9riences dans le domaine de l&rsquo;\u00e9ducation environnementale\u00a0\u00bb.<\/p>\n<\/div>\n<p>&#013;<br \/>\nSource: <a href=\"http:\/\/www.aps.dz\/algerie\/58121-participation-du-conseil-de-la-nation-a-l-ap-otan-et-au-congres-ecologique-international\" target=\"_blank\">Participation du Conseil de la Nation \u00e0 l&rsquo;AP-OTAN et au congr\u00e8s \u00e9cologique international<\/a><\/p>\n<!--CusAds0-->\n<div style=\"font-size: 0px; height: 0px; line-height: 0px; margin: 0; padding: 0; clear: both;\"><\/div>","protected":false},"excerpt":{"rendered":"<p>ALGER &#8211; Deux d\u00e9l\u00e9gations parlementaires du Conseil de la nation prennent part \u00e0 la session de printemps de l&rsquo;Assembl\u00e9e parlementaire de l&rsquo;OTAN (AP-OTAN) \u00e0 Tbilissi, capitale de la G\u00e9orgie et \u00e0 la 8e \u00e9dition du congr\u00e8s \u00e9cologique international de Nevsky \u00e0 Saint Petersbourg (Russie), a indiqu\u00e9 mercredi un communiqu\u00e9 du Conseil. &#013; &#013; La d\u00e9l\u00e9gation<\/p>\n","protected":false},"author":6,"featured_media":0,"comment_status":"open","ping_status":"open","sticky":false,"template":"","format":"standard","meta":{"footnotes":""},"categories":[22],"tags":[93],"class_list":["post-12500","post","type-post","status-publish","format-standard","hentry","category-infos","tag-onu"],"yoast_head":"<!-- This site is optimized with the Yoast SEO plugin v27.5 - https:\/\/yoast.com\/product\/yoast-seo-wordpress\/ -->\n<title>Participation du Conseil de la Nation \u00e0 l&#039;AP-OTAN et au congr\u00e8s \u00e9cologique international - info algerie<\/title>\n<meta name=\"robots\" content=\"index, follow, max-snippet:-1, max-image-preview:large, max-video-preview:-1\" \/>\n<link rel=\"canonical\" href=\"https:\/\/www.info-algerie.com\/actualites\/participation-du-conseil-de-la-nation-a-lap-otan-et-au-congres-ecologique-international\/\" \/>\n<meta property=\"og:locale\" content=\"fr_FR\" \/>\n<meta property=\"og:type\" content=\"article\" \/>\n<meta property=\"og:title\" content=\"Participation du Conseil de la Nation \u00e0 l&#039;AP-OTAN et au congr\u00e8s \u00e9cologique international - info algerie\" \/>\n<meta property=\"og:description\" content=\"ALGER &#8211; Deux d\u00e9l\u00e9gations parlementaires du Conseil de la nation prennent part \u00e0 la session de printemps de l&rsquo;Assembl\u00e9e parlementaire de l&rsquo;OTAN (AP-OTAN) \u00e0 Tbilissi, capitale de la G\u00e9orgie et \u00e0 la 8e \u00e9dition du congr\u00e8s \u00e9cologique international de Nevsky \u00e0 Saint Petersbourg (Russie), a indiqu\u00e9 mercredi un communiqu\u00e9 du Conseil. &#013; &#013; La d\u00e9l\u00e9gation\" \/>\n<meta property=\"og:url\" content=\"https:\/\/www.info-algerie.com\/actualites\/participation-du-conseil-de-la-nation-a-lap-otan-et-au-congres-ecologique-international\/\" \/>\n<meta property=\"og:site_name\" content=\"info algerie\" \/>\n<meta property=\"article:publisher\" content=\"https:\/\/www.facebook.com\/infoalgerieactu\" \/>\n<meta property=\"article:published_time\" content=\"2017-05-24T14:50:47+00:00\" \/>\n<meta name=\"author\" content=\"La r\u00e9daction\" \/>\n<meta name=\"twitter:label1\" content=\"\u00c9crit par\" \/>\n\t<meta name=\"twitter:data1\" content=\"La r\u00e9daction\" \/>\n\t<meta name=\"twitter:label2\" content=\"Dur\u00e9e de lecture estim\u00e9e\" \/>\n\t<meta name=\"twitter:data2\" content=\"1 minute\" \/>\n<script type=\"application\/ld+json\" class=\"yoast-schema-graph\">{\"@context\":\"https:\\\/\\\/schema.org\",\"@graph\":[{\"@type\":\"Article\",\"@id\":\"https:\\\/\\\/www.info-algerie.com\\\/actualites\\\/participation-du-conseil-de-la-nation-a-lap-otan-et-au-congres-ecologique-international\\\/#article\",\"isPartOf\":{\"@id\":\"https:\\\/\\\/www.info-algerie.com\\\/actualites\\\/participation-du-conseil-de-la-nation-a-lap-otan-et-au-congres-ecologique-international\\\/\"},\"author\":{\"name\":\"La r\u00e9daction\",\"@id\":\"https:\\\/\\\/www.info-algerie.com\\\/actualites\\\/#\\\/schema\\\/person\\\/847aaec44920825b843a08f30ec6aa1e\"},\"headline\":\"Participation du Conseil de la Nation \u00e0 l&#039;AP-OTAN et au congr\u00e8s \u00e9cologique international\",\"datePublished\":\"2017-05-24T14:50:47+00:00\",\"mainEntityOfPage\":{\"@id\":\"https:\\\/\\\/www.info-algerie.com\\\/actualites\\\/participation-du-conseil-de-la-nation-a-lap-otan-et-au-congres-ecologique-international\\\/\"},\"wordCount\":214,\"commentCount\":0,\"publisher\":{\"@id\":\"https:\\\/\\\/www.info-algerie.com\\\/actualites\\\/#organization\"},\"keywords\":[\"ONU\"],\"articleSection\":[\"infos\"],\"inLanguage\":\"fr-FR\",\"potentialAction\":[{\"@type\":\"CommentAction\",\"name\":\"Comment\",\"target\":[\"https:\\\/\\\/www.info-algerie.com\\\/actualites\\\/participation-du-conseil-de-la-nation-a-lap-otan-et-au-congres-ecologique-international\\\/#respond\"]}]},{\"@type\":\"WebPage\",\"@id\":\"https:\\\/\\\/www.info-algerie.com\\\/actualites\\\/participation-du-conseil-de-la-nation-a-lap-otan-et-au-congres-ecologique-international\\\/\",\"url\":\"https:\\\/\\\/www.info-algerie.com\\\/actualites\\\/participation-du-conseil-de-la-nation-a-lap-otan-et-au-congres-ecologique-international\\\/\",\"name\":\"Participation du Conseil de la Nation \u00e0 l&#039;AP-OTAN et au congr\u00e8s \u00e9cologique international - info algerie\",\"isPartOf\":{\"@id\":\"https:\\\/\\\/www.info-algerie.com\\\/actualites\\\/#website\"},\"datePublished\":\"2017-05-24T14:50:47+00:00\",\"breadcrumb\":{\"@id\":\"https:\\\/\\\/www.info-algerie.com\\\/actualites\\\/participation-du-conseil-de-la-nation-a-lap-otan-et-au-congres-ecologique-international\\\/#breadcrumb\"},\"inLanguage\":\"fr-FR\",\"potentialAction\":[{\"@type\":\"ReadAction\",\"target\":[\"https:\\\/\\\/www.info-algerie.com\\\/actualites\\\/participation-du-conseil-de-la-nation-a-lap-otan-et-au-congres-ecologique-international\\\/\"]}]},{\"@type\":\"BreadcrumbList\",\"@id\":\"https:\\\/\\\/www.info-algerie.com\\\/actualites\\\/participation-du-conseil-de-la-nation-a-lap-otan-et-au-congres-ecologique-international\\\/#breadcrumb\",\"itemListElement\":[{\"@type\":\"ListItem\",\"position\":1,\"name\":\"Accueil\",\"item\":\"https:\\\/\\\/www.info-algerie.com\\\/actualites\\\/\"},{\"@type\":\"ListItem\",\"position\":2,\"name\":\"Participation du Conseil de la Nation \u00e0 l&#039;AP-OTAN et au congr\u00e8s \u00e9cologique international\"}]},{\"@type\":\"WebSite\",\"@id\":\"https:\\\/\\\/www.info-algerie.com\\\/actualites\\\/#website\",\"url\":\"https:\\\/\\\/www.info-algerie.com\\\/actualites\\\/\",\"name\":\"info algerie\",\"description\":\"Toutes les actualit\u00e9s\",\"publisher\":{\"@id\":\"https:\\\/\\\/www.info-algerie.com\\\/actualites\\\/#organization\"},\"potentialAction\":[{\"@type\":\"SearchAction\",\"target\":{\"@type\":\"EntryPoint\",\"urlTemplate\":\"https:\\\/\\\/www.info-algerie.com\\\/actualites\\\/?s={search_term_string}\"},\"query-input\":{\"@type\":\"PropertyValueSpecification\",\"valueRequired\":true,\"valueName\":\"search_term_string\"}}],\"inLanguage\":\"fr-FR\"},{\"@type\":\"Organization\",\"@id\":\"https:\\\/\\\/www.info-algerie.com\\\/actualites\\\/#organization\",\"name\":\"info algerie\",\"url\":\"https:\\\/\\\/www.info-algerie.com\\\/actualites\\\/\",\"logo\":{\"@type\":\"ImageObject\",\"inLanguage\":\"fr-FR\",\"@id\":\"https:\\\/\\\/www.info-algerie.com\\\/actualites\\\/#\\\/schema\\\/logo\\\/image\\\/\",\"url\":\"https:\\\/\\\/www.info-algerie.com\\\/actualites\\\/wp-content\\\/uploads\\\/2022\\\/07\\\/logo-ia-120.png\",\"contentUrl\":\"https:\\\/\\\/www.info-algerie.com\\\/actualites\\\/wp-content\\\/uploads\\\/2022\\\/07\\\/logo-ia-120.png\",\"width\":120,\"height\":43,\"caption\":\"info algerie\"},\"image\":{\"@id\":\"https:\\\/\\\/www.info-algerie.com\\\/actualites\\\/#\\\/schema\\\/logo\\\/image\\\/\"},\"sameAs\":[\"https:\\\/\\\/www.facebook.com\\\/infoalgerieactu\",\"https:\\\/\\\/x.com\\\/infoalgerie1\"]},{\"@type\":\"Person\",\"@id\":\"https:\\\/\\\/www.info-algerie.com\\\/actualites\\\/#\\\/schema\\\/person\\\/847aaec44920825b843a08f30ec6aa1e\",\"name\":\"La r\u00e9daction\",\"image\":{\"@type\":\"ImageObject\",\"inLanguage\":\"fr-FR\",\"@id\":\"https:\\\/\\\/secure.gravatar.com\\\/avatar\\\/769db425c6f465158149f1ffd6cf61ce7a8a879d11dfbef8288af36dfddd418c?s=96&d=mm&r=g\",\"url\":\"https:\\\/\\\/secure.gravatar.com\\\/avatar\\\/769db425c6f465158149f1ffd6cf61ce7a8a879d11dfbef8288af36dfddd418c?s=96&d=mm&r=g\",\"contentUrl\":\"https:\\\/\\\/secure.gravatar.com\\\/avatar\\\/769db425c6f465158149f1ffd6cf61ce7a8a879d11dfbef8288af36dfddd418c?s=96&d=mm&r=g\",\"caption\":\"La r\u00e9daction\"},\"sameAs\":[\"http:\\\/\\\/www.lkeria.com\\\/\"],\"url\":\"https:\\\/\\\/www.info-algerie.com\\\/actualites\\\/author\\\/chakib32\\\/\"}]}<\/script>\n<!-- \/ Yoast SEO plugin. -->","yoast_head_json":{"title":"Participation du Conseil de la Nation \u00e0 l&#039;AP-OTAN et au congr\u00e8s \u00e9cologique international - info algerie","robots":{"index":"index","follow":"follow","max-snippet":"max-snippet:-1","max-image-preview":"max-image-preview:large","max-video-preview":"max-video-preview:-1"},"canonical":"https:\/\/www.info-algerie.com\/actualites\/participation-du-conseil-de-la-nation-a-lap-otan-et-au-congres-ecologique-international\/","og_locale":"fr_FR","og_type":"article","og_title":"Participation du Conseil de la Nation \u00e0 l&#039;AP-OTAN et au congr\u00e8s \u00e9cologique international - info algerie","og_description":"ALGER &#8211; Deux d\u00e9l\u00e9gations parlementaires du Conseil de la nation prennent part \u00e0 la session de printemps de l&rsquo;Assembl\u00e9e parlementaire de l&rsquo;OTAN (AP-OTAN) \u00e0 Tbilissi, capitale de la G\u00e9orgie et \u00e0 la 8e \u00e9dition du congr\u00e8s \u00e9cologique international de Nevsky \u00e0 Saint Petersbourg (Russie), a indiqu\u00e9 mercredi un communiqu\u00e9 du Conseil. &#013; &#013; La d\u00e9l\u00e9gation","og_url":"https:\/\/www.info-algerie.com\/actualites\/participation-du-conseil-de-la-nation-a-lap-otan-et-au-congres-ecologique-international\/","og_site_name":"info algerie","article_publisher":"https:\/\/www.facebook.com\/infoalgerieactu","article_published_time":"2017-05-24T14:50:47+00:00","author":"La r\u00e9daction","twitter_misc":{"\u00c9crit par":"La r\u00e9daction","Dur\u00e9e de lecture estim\u00e9e":"1 minute"},"schema":{"@context":"https:\/\/schema.org","@graph":[{"@type":"Article","@id":"https:\/\/www.info-algerie.com\/actualites\/participation-du-conseil-de-la-nation-a-lap-otan-et-au-congres-ecologique-international\/#article","isPartOf":{"@id":"https:\/\/www.info-algerie.com\/actualites\/participation-du-conseil-de-la-nation-a-lap-otan-et-au-congres-ecologique-international\/"},"author":{"name":"La r\u00e9daction","@id":"https:\/\/www.info-algerie.com\/actualites\/#\/schema\/person\/847aaec44920825b843a08f30ec6aa1e"},"headline":"Participation du Conseil de la Nation \u00e0 l&#039;AP-OTAN et au congr\u00e8s \u00e9cologique international","datePublished":"2017-05-24T14:50:47+00:00","mainEntityOfPage":{"@id":"https:\/\/www.info-algerie.com\/actualites\/participation-du-conseil-de-la-nation-a-lap-otan-et-au-congres-ecologique-international\/"},"wordCount":214,"commentCount":0,"publisher":{"@id":"https:\/\/www.info-algerie.com\/actualites\/#organization"},"keywords":["ONU"],"articleSection":["infos"],"inLanguage":"fr-FR","potentialAction":[{"@type":"CommentAction","name":"Comment","target":["https:\/\/www.info-algerie.com\/actualites\/participation-du-conseil-de-la-nation-a-lap-otan-et-au-congres-ecologique-international\/#respond"]}]},{"@type":"WebPage","@id":"https:\/\/www.info-algerie.com\/actualites\/participation-du-conseil-de-la-nation-a-lap-otan-et-au-congres-ecologique-international\/","url":"https:\/\/www.info-algerie.com\/actualites\/participation-du-conseil-de-la-nation-a-lap-otan-et-au-congres-ecologique-international\/","name":"Participation du Conseil de la Nation \u00e0 l&#039;AP-OTAN et au congr\u00e8s \u00e9cologique international - info algerie","isPartOf":{"@id":"https:\/\/www.info-algerie.com\/actualites\/#website"},"datePublished":"2017-05-24T14:50:47+00:00","breadcrumb":{"@id":"https:\/\/www.info-algerie.com\/actualites\/participation-du-conseil-de-la-nation-a-lap-otan-et-au-congres-ecologique-international\/#breadcrumb"},"inLanguage":"fr-FR","potentialAction":[{"@type":"ReadAction","target":["https:\/\/www.info-algerie.com\/actualites\/participation-du-conseil-de-la-nation-a-lap-otan-et-au-congres-ecologique-international\/"]}]},{"@type":"BreadcrumbList","@id":"https:\/\/www.info-algerie.com\/actualites\/participation-du-conseil-de-la-nation-a-lap-otan-et-au-congres-ecologique-international\/#breadcrumb","itemListElement":[{"@type":"ListItem","position":1,"name":"Accueil","item":"https:\/\/www.info-algerie.com\/actualites\/"},{"@type":"ListItem","position":2,"name":"Participation du Conseil de la Nation \u00e0 l&#039;AP-OTAN et au congr\u00e8s \u00e9cologique international"}]},{"@type":"WebSite","@id":"https:\/\/www.info-algerie.com\/actualites\/#website","url":"https:\/\/www.info-algerie.com\/actualites\/","name":"info algerie","description":"Toutes les actualit\u00e9s","publisher":{"@id":"https:\/\/www.info-algerie.com\/actualites\/#organization"},"potentialAction":[{"@type":"SearchAction","target":{"@type":"EntryPoint","urlTemplate":"https:\/\/www.info-algerie.com\/actualites\/?s={search_term_string}"},"query-input":{"@type":"PropertyValueSpecification","valueRequired":true,"valueName":"search_term_string"}}],"inLanguage":"fr-FR"},{"@type":"Organization","@id":"https:\/\/www.info-algerie.com\/actualites\/#organization","name":"info algerie","url":"https:\/\/www.info-algerie.com\/actualites\/","logo":{"@type":"ImageObject","inLanguage":"fr-FR","@id":"https:\/\/www.info-algerie.com\/actualites\/#\/schema\/logo\/image\/","url":"https:\/\/www.info-algerie.com\/actualites\/wp-content\/uploads\/2022\/07\/logo-ia-120.png","contentUrl":"https:\/\/www.info-algerie.com\/actualites\/wp-content\/uploads\/2022\/07\/logo-ia-120.png","width":120,"height":43,"caption":"info algerie"},"image":{"@id":"https:\/\/www.info-algerie.com\/actualites\/#\/schema\/logo\/image\/"},"sameAs":["https:\/\/www.facebook.com\/infoalgerieactu","https:\/\/x.com\/infoalgerie1"]},{"@type":"Person","@id":"https:\/\/www.info-algerie.com\/actualites\/#\/schema\/person\/847aaec44920825b843a08f30ec6aa1e","name":"La r\u00e9daction","image":{"@type":"ImageObject","inLanguage":"fr-FR","@id":"https:\/\/secure.gravatar.com\/avatar\/769db425c6f465158149f1ffd6cf61ce7a8a879d11dfbef8288af36dfddd418c?s=96&d=mm&r=g","url":"https:\/\/secure.gravatar.com\/avatar\/769db425c6f465158149f1ffd6cf61ce7a8a879d11dfbef8288af36dfddd418c?s=96&d=mm&r=g","contentUrl":"https:\/\/secure.gravatar.com\/avatar\/769db425c6f465158149f1ffd6cf61ce7a8a879d11dfbef8288af36dfddd418c?s=96&d=mm&r=g","caption":"La r\u00e9daction"},"sameAs":["http:\/\/www.lkeria.com\/"],"url":"https:\/\/www.info-algerie.com\/actualites\/author\/chakib32\/"}]}},"_links":{"self":[{"href":"https:\/\/www.info-algerie.com\/actualites\/wp-json\/wp\/v2\/posts\/12500","targetHints":{"allow":["GET"]}}],"collection":[{"href":"https:\/\/www.info-algerie.com\/actualites\/wp-json\/wp\/v2\/posts"}],"about":[{"href":"https:\/\/www.info-algerie.com\/actualites\/wp-json\/wp\/v2\/types\/post"}],"author":[{"embeddable":true,"href":"https:\/\/www.info-algerie.com\/actualites\/wp-json\/wp\/v2\/users\/6"}],"replies":[{"embeddable":true,"href":"https:\/\/www.info-algerie.com\/actualites\/wp-json\/wp\/v2\/comments?post=12500"}],"version-history":[{"count":0,"href":"https:\/\/www.info-algerie.com\/actualites\/wp-json\/wp\/v2\/posts\/12500\/revisions"}],"wp:attachment":[{"href":"https:\/\/www.info-algerie.com\/actualites\/wp-json\/wp\/v2\/media?parent=12500"}],"wp:term":[{"taxonomy":"category","embeddable":true,"href":"https:\/\/www.info-algerie.com\/actualites\/wp-json\/wp\/v2\/categories?post=12500"},{"taxonomy":"post_tag","embeddable":true,"href":"https:\/\/www.info-algerie.com\/actualites\/wp-json\/wp\/v2\/tags?post=12500"}],"curies":[{"name":"wp","href":"https:\/\/api.w.org\/{rel}","templated":true}]}}