{"id":12519,"date":"2017-05-24T18:44:22","date_gmt":"2017-05-24T17:44:22","guid":{"rendered":"http:\/\/www.info-algerie.com\/actualites\/les-attributions-du-premier-ministre-clairement-definies-par-la-constitution-revisee-de-2016\/"},"modified":"2017-05-24T18:44:22","modified_gmt":"2017-05-24T17:44:22","slug":"les-attributions-du-premier-ministre-clairement-definies-par-la-constitution-revisee-de-2016","status":"publish","type":"post","link":"https:\/\/www.info-algerie.com\/actualites\/les-attributions-du-premier-ministre-clairement-definies-par-la-constitution-revisee-de-2016\/","title":{"rendered":"Les attributions du Premier ministre clairement d\u00e9finies par la Constitution r\u00e9vis\u00e9e de 2016"},"content":{"rendered":"<div class=\"K2FeedImage\"><img decoding=\"async\" src=\"https:\/\/www.info-algerie.com\/actualites\/wp-content\/uploads\/2017\/05\/343c85eb40d5c4b2b154ba9331c8c630_S.jpg\" alt=\"Les attributions du Premier ministre clairement d&#xE9;finies par la Constitution r&#xE9;vis&#xE9;e de 2016\" \/><\/div>\n<div class=\"K2FeedIntroText\">\n<p>ALGER &#8211; Les attributions du Premier ministre, un poste confi\u00e9 mercredi \u00e0 Abdelmadjid Tebboune, en remplacement d&rsquo;Abdelmalek Sellal, ont \u00e9t\u00e9 clairement d\u00e9finies dans la Constitution r\u00e9vis\u00e9e de 2016.<\/p>\n<p>&#013;\n<\/p><\/div>\n<div class=\"K2FeedFullText\">&#013;<\/p>\n<p>Le Premier ministre doit ainsi coordonner l&rsquo;action du gouvernement dont les membres seront nomm\u00e9s par le pr\u00e9sident de la R\u00e9publique, apr\u00e8s la consultation du Premier ministre.<\/p>\n<p>&#013;<\/p>\n<p>Il doit par la suite \u00ab\u00a0\u00e9laborer son plan d&rsquo;action et le pr\u00e9senter au Conseil des ministres\u00a0\u00bb, selon la loi fondamentale.<\/p>\n<p>&#013;<\/p>\n<p>L&rsquo;article 94 \u00e9nonce que le Premier ministre soumet le plan d&rsquo;action du Gouvernement \u00e0 l&rsquo;approbation de l&rsquo;Assembl\u00e9e populaire nationale (APN), qui \u00ab\u00a0ouvre \u00e0 cet effet un d\u00e9bat g\u00e9n\u00e9ral\u00a0\u00bb.<\/p>\n<p>&#013;<\/p>\n<p>\u00ab\u00a0Le Premier ministre peut adapter ce plan d&rsquo;action, \u00e0 la lumi\u00e8re de ce d\u00e9bat, en concertation avec le Pr\u00e9sident de la R\u00e9publique\u00a0\u00bb, indique le m\u00eame article.<\/p>\n<p>&#013;<\/p>\n<p>En cas de non approbation du plan d&rsquo;action du Gouvernement par l&rsquo;APN, le Premier ministre pr\u00e9sente la d\u00e9mission du Gouvernement au Pr\u00e9sident de la R\u00e9publique, qui nomme \u00e0 nouveau un Premier ministre selon les m\u00eames modalit\u00e9s.<\/p>\n<p>&#013;<\/p>\n<p>L&rsquo;article 96 rel\u00e8ve que si l&rsquo;approbation de l&rsquo;APN \u00ab\u00a0n&rsquo;est de nouveau pas obtenue\u00a0\u00bb, l&rsquo;APN est \u00ab\u00a0dissoute de plein droit\u00a0\u00bb. Le Gouvernement en place est maintenu pour g\u00e9rer les affaires courantes, jusqu&rsquo;\u00e0 l&rsquo;\u00e9lection d&rsquo;une nouvelle Assembl\u00e9e Populaire Nationale qui doit intervenir dans un d\u00e9lai maximal de 3 mois.<\/p>\n<p>&#013;<\/p>\n<p>Il est relev\u00e9, par ailleurs, que le Premier ministre \u00ab\u00a0ex\u00e9cute et coordonne\u00a0\u00bb le plan d&rsquo;action adopt\u00e9 par l&rsquo;APN.<\/p>\n<p>&#013;<\/p>\n<p>La Constitution stipule que le Premier ministre pr\u00e9sente au Conseil de la Nation une communication sur le plan d&rsquo;action du Gouvernement tel qu&rsquo;approuv\u00e9 par l&rsquo;APN, soulignant que le Conseil de la Nation peut \u00e9mettre une r\u00e9solution.<\/p>\n<p>&#013;<\/p>\n<p>La Constitution stipule, en outre, que le gouvernement doit pr\u00e9senter annuellement \u00e0 l&rsquo;APN \u00ab\u00a0une d\u00e9claration de politique g\u00e9n\u00e9rale\u00a0\u00bb, qui donne lieu \u00e0 d\u00e9bat sur l&rsquo;action du Gouvernement pouvant s&rsquo;achever par une r\u00e9solution.<\/p>\n<p>&#013;<\/p>\n<p>Il peut \u00e9galement donner lieu au d\u00e9p\u00f4t d&rsquo;une motion de censure par l&rsquo;Assembl\u00e9e populaire nationale conform\u00e9ment aux dispositions des articles 153, 154 et 155 qui stipulent que le Premier ministre peut demander \u00e0 l&rsquo;APN \u00ab\u00a0un vote de confiance\u00a0\u00bb.<\/p>\n<p>&#013;<\/p>\n<p>Si la motion de confiance n&rsquo;est pas vot\u00e9e, le Premier ministre pr\u00e9sente la d\u00e9mission du Gouvernement, indique la Constitution, qui \u00e9nonce, dans ce cas, que le Pr\u00e9sident de la R\u00e9publique \u00ab\u00a0peut, avant l&rsquo;acceptation de la d\u00e9mission, faire usage des dispositions de l&rsquo;article 147, lequel stipule: \u00ab\u00a0le pr\u00e9sident du Conseil de la nation, le pr\u00e9sident de l&rsquo;APN, le pr\u00e9sident du Conseil constitutionnel et le Premier ministre consult\u00e9s, le pr\u00e9sident de la R\u00e9publique peut d\u00e9cider de la dissolution de l&rsquo;APN ou d&rsquo;\u00e9lections l\u00e9gislatives anticip\u00e9es\u00a0\u00bb. Dans les deux cas, les \u00e9lections l\u00e9gislatives ont lieu dans un d\u00e9lai maximal de 3 mois.<\/p>\n<p>&#013;<\/p>\n<p>Le gouvernement peut \u00e9galement pr\u00e9senter au Conseil de la Nation une d\u00e9claration de politique g\u00e9n\u00e9rale, selon la Constitution. La loi fondamentale pr\u00e9cise, par ailleurs, que le Premier ministre r\u00e9partit les attributions entre les membres du Gouvernement dans le respect des dispositions constitutionnelles, veille \u00e0 l&rsquo;ex\u00e9cution des lois et\u00a0 r\u00e8glements, pr\u00e9side les r\u00e9unions du Gouvernement et signe les d\u00e9crets ex\u00e9cutifs notamment.<\/p>\n<p>&#013;<\/p>\n<p class=\"MsoNormal\">Le Premier ministre nomme aux emplois de l&rsquo;Etat, apr\u00e8s approbation du Pr\u00e9sident de la R\u00e9publique et veille au bon fonctionnement de l&rsquo;administration publique.<\/p>\n<\/div>\n<p>&#013;<br \/>\nSource: <a href=\"http:\/\/www.aps.dz\/algerie\/58146-les-attributions-du-premier-ministre-clairement-definies-par-la-constitution-revisee-de-2016\" target=\"_blank\">Les attributions du Premier ministre clairement d\u00e9finies par la Constitution r\u00e9vis\u00e9e de 2016<\/a><\/p>\n<!--CusAds0-->\n<div style=\"font-size: 0px; height: 0px; line-height: 0px; margin: 0; padding: 0; clear: both;\"><\/div>","protected":false},"excerpt":{"rendered":"<p>ALGER &#8211; Les attributions du Premier ministre, un poste confi\u00e9 mercredi \u00e0 Abdelmadjid Tebboune, en remplacement d&rsquo;Abdelmalek Sellal, ont \u00e9t\u00e9 clairement d\u00e9finies dans la Constitution r\u00e9vis\u00e9e de 2016. &#013; &#013; Le Premier ministre doit ainsi coordonner l&rsquo;action du gouvernement dont les membres seront nomm\u00e9s par le pr\u00e9sident de la R\u00e9publique, apr\u00e8s la consultation du Premier<\/p>\n","protected":false},"author":6,"featured_media":12520,"comment_status":"open","ping_status":"open","sticky":false,"template":"","format":"standard","meta":{"footnotes":""},"categories":[22],"tags":[93],"class_list":["post-12519","post","type-post","status-publish","format-standard","has-post-thumbnail","hentry","category-infos","tag-onu"],"yoast_head":"<!-- This site is optimized with the Yoast SEO plugin v27.5 - https:\/\/yoast.com\/product\/yoast-seo-wordpress\/ -->\n<title>Les attributions du Premier ministre clairement d\u00e9finies par la Constitution r\u00e9vis\u00e9e de 2016 - info algerie<\/title>\n<meta name=\"robots\" content=\"index, follow, max-snippet:-1, max-image-preview:large, max-video-preview:-1\" \/>\n<link rel=\"canonical\" href=\"https:\/\/www.info-algerie.com\/actualites\/les-attributions-du-premier-ministre-clairement-definies-par-la-constitution-revisee-de-2016\/\" \/>\n<meta property=\"og:locale\" content=\"fr_FR\" \/>\n<meta property=\"og:type\" content=\"article\" \/>\n<meta property=\"og:title\" content=\"Les attributions du Premier ministre clairement d\u00e9finies par la Constitution r\u00e9vis\u00e9e de 2016 - info algerie\" \/>\n<meta property=\"og:description\" content=\"ALGER &#8211; Les attributions du Premier ministre, un poste confi\u00e9 mercredi \u00e0 Abdelmadjid Tebboune, en remplacement d&rsquo;Abdelmalek Sellal, ont \u00e9t\u00e9 clairement d\u00e9finies dans la Constitution r\u00e9vis\u00e9e de 2016. &#013; &#013; Le Premier ministre doit ainsi coordonner l&rsquo;action du gouvernement dont les membres seront nomm\u00e9s par le pr\u00e9sident de la R\u00e9publique, apr\u00e8s la consultation du Premier\" \/>\n<meta property=\"og:url\" content=\"https:\/\/www.info-algerie.com\/actualites\/les-attributions-du-premier-ministre-clairement-definies-par-la-constitution-revisee-de-2016\/\" \/>\n<meta property=\"og:site_name\" content=\"info algerie\" \/>\n<meta property=\"article:publisher\" content=\"https:\/\/www.facebook.com\/infoalgerieactu\" \/>\n<meta property=\"article:published_time\" content=\"2017-05-24T17:44:22+00:00\" \/>\n<meta property=\"og:image\" content=\"https:\/\/www.info-algerie.com\/actualites\/wp-content\/uploads\/2017\/05\/343c85eb40d5c4b2b154ba9331c8c630_S-1.jpg\" \/>\n\t<meta property=\"og:image:width\" content=\"280\" \/>\n\t<meta property=\"og:image:height\" content=\"169\" \/>\n\t<meta property=\"og:image:type\" content=\"image\/jpeg\" \/>\n<meta name=\"author\" content=\"La r\u00e9daction\" \/>\n<meta name=\"twitter:label1\" content=\"\u00c9crit par\" \/>\n\t<meta name=\"twitter:data1\" content=\"La r\u00e9daction\" \/>\n\t<meta name=\"twitter:label2\" content=\"Dur\u00e9e de lecture estim\u00e9e\" \/>\n\t<meta name=\"twitter:data2\" content=\"3 minutes\" \/>\n<script type=\"application\/ld+json\" class=\"yoast-schema-graph\">{\"@context\":\"https:\\\/\\\/schema.org\",\"@graph\":[{\"@type\":\"Article\",\"@id\":\"https:\\\/\\\/www.info-algerie.com\\\/actualites\\\/les-attributions-du-premier-ministre-clairement-definies-par-la-constitution-revisee-de-2016\\\/#article\",\"isPartOf\":{\"@id\":\"https:\\\/\\\/www.info-algerie.com\\\/actualites\\\/les-attributions-du-premier-ministre-clairement-definies-par-la-constitution-revisee-de-2016\\\/\"},\"author\":{\"name\":\"La r\u00e9daction\",\"@id\":\"https:\\\/\\\/www.info-algerie.com\\\/actualites\\\/#\\\/schema\\\/person\\\/847aaec44920825b843a08f30ec6aa1e\"},\"headline\":\"Les attributions du Premier ministre clairement d\u00e9finies par la Constitution r\u00e9vis\u00e9e de 2016\",\"datePublished\":\"2017-05-24T17:44:22+00:00\",\"mainEntityOfPage\":{\"@id\":\"https:\\\/\\\/www.info-algerie.com\\\/actualites\\\/les-attributions-du-premier-ministre-clairement-definies-par-la-constitution-revisee-de-2016\\\/\"},\"wordCount\":638,\"commentCount\":0,\"publisher\":{\"@id\":\"https:\\\/\\\/www.info-algerie.com\\\/actualites\\\/#organization\"},\"image\":{\"@id\":\"https:\\\/\\\/www.info-algerie.com\\\/actualites\\\/les-attributions-du-premier-ministre-clairement-definies-par-la-constitution-revisee-de-2016\\\/#primaryimage\"},\"thumbnailUrl\":\"https:\\\/\\\/www.info-algerie.com\\\/actualites\\\/wp-content\\\/uploads\\\/2017\\\/05\\\/343c85eb40d5c4b2b154ba9331c8c630_S-1.jpg\",\"keywords\":[\"ONU\"],\"articleSection\":[\"infos\"],\"inLanguage\":\"fr-FR\",\"potentialAction\":[{\"@type\":\"CommentAction\",\"name\":\"Comment\",\"target\":[\"https:\\\/\\\/www.info-algerie.com\\\/actualites\\\/les-attributions-du-premier-ministre-clairement-definies-par-la-constitution-revisee-de-2016\\\/#respond\"]}]},{\"@type\":\"WebPage\",\"@id\":\"https:\\\/\\\/www.info-algerie.com\\\/actualites\\\/les-attributions-du-premier-ministre-clairement-definies-par-la-constitution-revisee-de-2016\\\/\",\"url\":\"https:\\\/\\\/www.info-algerie.com\\\/actualites\\\/les-attributions-du-premier-ministre-clairement-definies-par-la-constitution-revisee-de-2016\\\/\",\"name\":\"Les attributions du Premier ministre clairement d\u00e9finies par la Constitution r\u00e9vis\u00e9e de 2016 - info algerie\",\"isPartOf\":{\"@id\":\"https:\\\/\\\/www.info-algerie.com\\\/actualites\\\/#website\"},\"primaryImageOfPage\":{\"@id\":\"https:\\\/\\\/www.info-algerie.com\\\/actualites\\\/les-attributions-du-premier-ministre-clairement-definies-par-la-constitution-revisee-de-2016\\\/#primaryimage\"},\"image\":{\"@id\":\"https:\\\/\\\/www.info-algerie.com\\\/actualites\\\/les-attributions-du-premier-ministre-clairement-definies-par-la-constitution-revisee-de-2016\\\/#primaryimage\"},\"thumbnailUrl\":\"https:\\\/\\\/www.info-algerie.com\\\/actualites\\\/wp-content\\\/uploads\\\/2017\\\/05\\\/343c85eb40d5c4b2b154ba9331c8c630_S-1.jpg\",\"datePublished\":\"2017-05-24T17:44:22+00:00\",\"breadcrumb\":{\"@id\":\"https:\\\/\\\/www.info-algerie.com\\\/actualites\\\/les-attributions-du-premier-ministre-clairement-definies-par-la-constitution-revisee-de-2016\\\/#breadcrumb\"},\"inLanguage\":\"fr-FR\",\"potentialAction\":[{\"@type\":\"ReadAction\",\"target\":[\"https:\\\/\\\/www.info-algerie.com\\\/actualites\\\/les-attributions-du-premier-ministre-clairement-definies-par-la-constitution-revisee-de-2016\\\/\"]}]},{\"@type\":\"ImageObject\",\"inLanguage\":\"fr-FR\",\"@id\":\"https:\\\/\\\/www.info-algerie.com\\\/actualites\\\/les-attributions-du-premier-ministre-clairement-definies-par-la-constitution-revisee-de-2016\\\/#primaryimage\",\"url\":\"https:\\\/\\\/www.info-algerie.com\\\/actualites\\\/wp-content\\\/uploads\\\/2017\\\/05\\\/343c85eb40d5c4b2b154ba9331c8c630_S-1.jpg\",\"contentUrl\":\"https:\\\/\\\/www.info-algerie.com\\\/actualites\\\/wp-content\\\/uploads\\\/2017\\\/05\\\/343c85eb40d5c4b2b154ba9331c8c630_S-1.jpg\",\"width\":280,\"height\":169},{\"@type\":\"BreadcrumbList\",\"@id\":\"https:\\\/\\\/www.info-algerie.com\\\/actualites\\\/les-attributions-du-premier-ministre-clairement-definies-par-la-constitution-revisee-de-2016\\\/#breadcrumb\",\"itemListElement\":[{\"@type\":\"ListItem\",\"position\":1,\"name\":\"Accueil\",\"item\":\"https:\\\/\\\/www.info-algerie.com\\\/actualites\\\/\"},{\"@type\":\"ListItem\",\"position\":2,\"name\":\"Les attributions du Premier ministre clairement d\u00e9finies par la Constitution r\u00e9vis\u00e9e de 2016\"}]},{\"@type\":\"WebSite\",\"@id\":\"https:\\\/\\\/www.info-algerie.com\\\/actualites\\\/#website\",\"url\":\"https:\\\/\\\/www.info-algerie.com\\\/actualites\\\/\",\"name\":\"info algerie\",\"description\":\"Toutes les actualit\u00e9s\",\"publisher\":{\"@id\":\"https:\\\/\\\/www.info-algerie.com\\\/actualites\\\/#organization\"},\"potentialAction\":[{\"@type\":\"SearchAction\",\"target\":{\"@type\":\"EntryPoint\",\"urlTemplate\":\"https:\\\/\\\/www.info-algerie.com\\\/actualites\\\/?s={search_term_string}\"},\"query-input\":{\"@type\":\"PropertyValueSpecification\",\"valueRequired\":true,\"valueName\":\"search_term_string\"}}],\"inLanguage\":\"fr-FR\"},{\"@type\":\"Organization\",\"@id\":\"https:\\\/\\\/www.info-algerie.com\\\/actualites\\\/#organization\",\"name\":\"info algerie\",\"url\":\"https:\\\/\\\/www.info-algerie.com\\\/actualites\\\/\",\"logo\":{\"@type\":\"ImageObject\",\"inLanguage\":\"fr-FR\",\"@id\":\"https:\\\/\\\/www.info-algerie.com\\\/actualites\\\/#\\\/schema\\\/logo\\\/image\\\/\",\"url\":\"https:\\\/\\\/www.info-algerie.com\\\/actualites\\\/wp-content\\\/uploads\\\/2022\\\/07\\\/logo-ia-120.png\",\"contentUrl\":\"https:\\\/\\\/www.info-algerie.com\\\/actualites\\\/wp-content\\\/uploads\\\/2022\\\/07\\\/logo-ia-120.png\",\"width\":120,\"height\":43,\"caption\":\"info algerie\"},\"image\":{\"@id\":\"https:\\\/\\\/www.info-algerie.com\\\/actualites\\\/#\\\/schema\\\/logo\\\/image\\\/\"},\"sameAs\":[\"https:\\\/\\\/www.facebook.com\\\/infoalgerieactu\",\"https:\\\/\\\/x.com\\\/infoalgerie1\"]},{\"@type\":\"Person\",\"@id\":\"https:\\\/\\\/www.info-algerie.com\\\/actualites\\\/#\\\/schema\\\/person\\\/847aaec44920825b843a08f30ec6aa1e\",\"name\":\"La r\u00e9daction\",\"image\":{\"@type\":\"ImageObject\",\"inLanguage\":\"fr-FR\",\"@id\":\"https:\\\/\\\/secure.gravatar.com\\\/avatar\\\/769db425c6f465158149f1ffd6cf61ce7a8a879d11dfbef8288af36dfddd418c?s=96&d=mm&r=g\",\"url\":\"https:\\\/\\\/secure.gravatar.com\\\/avatar\\\/769db425c6f465158149f1ffd6cf61ce7a8a879d11dfbef8288af36dfddd418c?s=96&d=mm&r=g\",\"contentUrl\":\"https:\\\/\\\/secure.gravatar.com\\\/avatar\\\/769db425c6f465158149f1ffd6cf61ce7a8a879d11dfbef8288af36dfddd418c?s=96&d=mm&r=g\",\"caption\":\"La r\u00e9daction\"},\"sameAs\":[\"http:\\\/\\\/www.lkeria.com\\\/\"],\"url\":\"https:\\\/\\\/www.info-algerie.com\\\/actualites\\\/author\\\/chakib32\\\/\"}]}<\/script>\n<!-- \/ Yoast SEO plugin. -->","yoast_head_json":{"title":"Les attributions du Premier ministre clairement d\u00e9finies par la Constitution r\u00e9vis\u00e9e de 2016 - info algerie","robots":{"index":"index","follow":"follow","max-snippet":"max-snippet:-1","max-image-preview":"max-image-preview:large","max-video-preview":"max-video-preview:-1"},"canonical":"https:\/\/www.info-algerie.com\/actualites\/les-attributions-du-premier-ministre-clairement-definies-par-la-constitution-revisee-de-2016\/","og_locale":"fr_FR","og_type":"article","og_title":"Les attributions du Premier ministre clairement d\u00e9finies par la Constitution r\u00e9vis\u00e9e de 2016 - info algerie","og_description":"ALGER &#8211; Les attributions du Premier ministre, un poste confi\u00e9 mercredi \u00e0 Abdelmadjid Tebboune, en remplacement d&rsquo;Abdelmalek Sellal, ont \u00e9t\u00e9 clairement d\u00e9finies dans la Constitution r\u00e9vis\u00e9e de 2016. &#013; &#013; Le Premier ministre doit ainsi coordonner l&rsquo;action du gouvernement dont les membres seront nomm\u00e9s par le pr\u00e9sident de la R\u00e9publique, apr\u00e8s la consultation du Premier","og_url":"https:\/\/www.info-algerie.com\/actualites\/les-attributions-du-premier-ministre-clairement-definies-par-la-constitution-revisee-de-2016\/","og_site_name":"info algerie","article_publisher":"https:\/\/www.facebook.com\/infoalgerieactu","article_published_time":"2017-05-24T17:44:22+00:00","og_image":[{"width":280,"height":169,"url":"https:\/\/www.info-algerie.com\/actualites\/wp-content\/uploads\/2017\/05\/343c85eb40d5c4b2b154ba9331c8c630_S-1.jpg","type":"image\/jpeg"}],"author":"La r\u00e9daction","twitter_misc":{"\u00c9crit par":"La r\u00e9daction","Dur\u00e9e de lecture estim\u00e9e":"3 minutes"},"schema":{"@context":"https:\/\/schema.org","@graph":[{"@type":"Article","@id":"https:\/\/www.info-algerie.com\/actualites\/les-attributions-du-premier-ministre-clairement-definies-par-la-constitution-revisee-de-2016\/#article","isPartOf":{"@id":"https:\/\/www.info-algerie.com\/actualites\/les-attributions-du-premier-ministre-clairement-definies-par-la-constitution-revisee-de-2016\/"},"author":{"name":"La r\u00e9daction","@id":"https:\/\/www.info-algerie.com\/actualites\/#\/schema\/person\/847aaec44920825b843a08f30ec6aa1e"},"headline":"Les attributions du Premier ministre clairement d\u00e9finies par la Constitution r\u00e9vis\u00e9e de 2016","datePublished":"2017-05-24T17:44:22+00:00","mainEntityOfPage":{"@id":"https:\/\/www.info-algerie.com\/actualites\/les-attributions-du-premier-ministre-clairement-definies-par-la-constitution-revisee-de-2016\/"},"wordCount":638,"commentCount":0,"publisher":{"@id":"https:\/\/www.info-algerie.com\/actualites\/#organization"},"image":{"@id":"https:\/\/www.info-algerie.com\/actualites\/les-attributions-du-premier-ministre-clairement-definies-par-la-constitution-revisee-de-2016\/#primaryimage"},"thumbnailUrl":"https:\/\/www.info-algerie.com\/actualites\/wp-content\/uploads\/2017\/05\/343c85eb40d5c4b2b154ba9331c8c630_S-1.jpg","keywords":["ONU"],"articleSection":["infos"],"inLanguage":"fr-FR","potentialAction":[{"@type":"CommentAction","name":"Comment","target":["https:\/\/www.info-algerie.com\/actualites\/les-attributions-du-premier-ministre-clairement-definies-par-la-constitution-revisee-de-2016\/#respond"]}]},{"@type":"WebPage","@id":"https:\/\/www.info-algerie.com\/actualites\/les-attributions-du-premier-ministre-clairement-definies-par-la-constitution-revisee-de-2016\/","url":"https:\/\/www.info-algerie.com\/actualites\/les-attributions-du-premier-ministre-clairement-definies-par-la-constitution-revisee-de-2016\/","name":"Les attributions du Premier ministre clairement d\u00e9finies par la Constitution r\u00e9vis\u00e9e de 2016 - info algerie","isPartOf":{"@id":"https:\/\/www.info-algerie.com\/actualites\/#website"},"primaryImageOfPage":{"@id":"https:\/\/www.info-algerie.com\/actualites\/les-attributions-du-premier-ministre-clairement-definies-par-la-constitution-revisee-de-2016\/#primaryimage"},"image":{"@id":"https:\/\/www.info-algerie.com\/actualites\/les-attributions-du-premier-ministre-clairement-definies-par-la-constitution-revisee-de-2016\/#primaryimage"},"thumbnailUrl":"https:\/\/www.info-algerie.com\/actualites\/wp-content\/uploads\/2017\/05\/343c85eb40d5c4b2b154ba9331c8c630_S-1.jpg","datePublished":"2017-05-24T17:44:22+00:00","breadcrumb":{"@id":"https:\/\/www.info-algerie.com\/actualites\/les-attributions-du-premier-ministre-clairement-definies-par-la-constitution-revisee-de-2016\/#breadcrumb"},"inLanguage":"fr-FR","potentialAction":[{"@type":"ReadAction","target":["https:\/\/www.info-algerie.com\/actualites\/les-attributions-du-premier-ministre-clairement-definies-par-la-constitution-revisee-de-2016\/"]}]},{"@type":"ImageObject","inLanguage":"fr-FR","@id":"https:\/\/www.info-algerie.com\/actualites\/les-attributions-du-premier-ministre-clairement-definies-par-la-constitution-revisee-de-2016\/#primaryimage","url":"https:\/\/www.info-algerie.com\/actualites\/wp-content\/uploads\/2017\/05\/343c85eb40d5c4b2b154ba9331c8c630_S-1.jpg","contentUrl":"https:\/\/www.info-algerie.com\/actualites\/wp-content\/uploads\/2017\/05\/343c85eb40d5c4b2b154ba9331c8c630_S-1.jpg","width":280,"height":169},{"@type":"BreadcrumbList","@id":"https:\/\/www.info-algerie.com\/actualites\/les-attributions-du-premier-ministre-clairement-definies-par-la-constitution-revisee-de-2016\/#breadcrumb","itemListElement":[{"@type":"ListItem","position":1,"name":"Accueil","item":"https:\/\/www.info-algerie.com\/actualites\/"},{"@type":"ListItem","position":2,"name":"Les attributions du Premier ministre clairement d\u00e9finies par la Constitution r\u00e9vis\u00e9e de 2016"}]},{"@type":"WebSite","@id":"https:\/\/www.info-algerie.com\/actualites\/#website","url":"https:\/\/www.info-algerie.com\/actualites\/","name":"info algerie","description":"Toutes les actualit\u00e9s","publisher":{"@id":"https:\/\/www.info-algerie.com\/actualites\/#organization"},"potentialAction":[{"@type":"SearchAction","target":{"@type":"EntryPoint","urlTemplate":"https:\/\/www.info-algerie.com\/actualites\/?s={search_term_string}"},"query-input":{"@type":"PropertyValueSpecification","valueRequired":true,"valueName":"search_term_string"}}],"inLanguage":"fr-FR"},{"@type":"Organization","@id":"https:\/\/www.info-algerie.com\/actualites\/#organization","name":"info algerie","url":"https:\/\/www.info-algerie.com\/actualites\/","logo":{"@type":"ImageObject","inLanguage":"fr-FR","@id":"https:\/\/www.info-algerie.com\/actualites\/#\/schema\/logo\/image\/","url":"https:\/\/www.info-algerie.com\/actualites\/wp-content\/uploads\/2022\/07\/logo-ia-120.png","contentUrl":"https:\/\/www.info-algerie.com\/actualites\/wp-content\/uploads\/2022\/07\/logo-ia-120.png","width":120,"height":43,"caption":"info algerie"},"image":{"@id":"https:\/\/www.info-algerie.com\/actualites\/#\/schema\/logo\/image\/"},"sameAs":["https:\/\/www.facebook.com\/infoalgerieactu","https:\/\/x.com\/infoalgerie1"]},{"@type":"Person","@id":"https:\/\/www.info-algerie.com\/actualites\/#\/schema\/person\/847aaec44920825b843a08f30ec6aa1e","name":"La r\u00e9daction","image":{"@type":"ImageObject","inLanguage":"fr-FR","@id":"https:\/\/secure.gravatar.com\/avatar\/769db425c6f465158149f1ffd6cf61ce7a8a879d11dfbef8288af36dfddd418c?s=96&d=mm&r=g","url":"https:\/\/secure.gravatar.com\/avatar\/769db425c6f465158149f1ffd6cf61ce7a8a879d11dfbef8288af36dfddd418c?s=96&d=mm&r=g","contentUrl":"https:\/\/secure.gravatar.com\/avatar\/769db425c6f465158149f1ffd6cf61ce7a8a879d11dfbef8288af36dfddd418c?s=96&d=mm&r=g","caption":"La r\u00e9daction"},"sameAs":["http:\/\/www.lkeria.com\/"],"url":"https:\/\/www.info-algerie.com\/actualites\/author\/chakib32\/"}]}},"_links":{"self":[{"href":"https:\/\/www.info-algerie.com\/actualites\/wp-json\/wp\/v2\/posts\/12519","targetHints":{"allow":["GET"]}}],"collection":[{"href":"https:\/\/www.info-algerie.com\/actualites\/wp-json\/wp\/v2\/posts"}],"about":[{"href":"https:\/\/www.info-algerie.com\/actualites\/wp-json\/wp\/v2\/types\/post"}],"author":[{"embeddable":true,"href":"https:\/\/www.info-algerie.com\/actualites\/wp-json\/wp\/v2\/users\/6"}],"replies":[{"embeddable":true,"href":"https:\/\/www.info-algerie.com\/actualites\/wp-json\/wp\/v2\/comments?post=12519"}],"version-history":[{"count":0,"href":"https:\/\/www.info-algerie.com\/actualites\/wp-json\/wp\/v2\/posts\/12519\/revisions"}],"wp:featuredmedia":[{"embeddable":true,"href":"https:\/\/www.info-algerie.com\/actualites\/wp-json\/wp\/v2\/media\/12520"}],"wp:attachment":[{"href":"https:\/\/www.info-algerie.com\/actualites\/wp-json\/wp\/v2\/media?parent=12519"}],"wp:term":[{"taxonomy":"category","embeddable":true,"href":"https:\/\/www.info-algerie.com\/actualites\/wp-json\/wp\/v2\/categories?post=12519"},{"taxonomy":"post_tag","embeddable":true,"href":"https:\/\/www.info-algerie.com\/actualites\/wp-json\/wp\/v2\/tags?post=12519"}],"curies":[{"name":"wp","href":"https:\/\/api.w.org\/{rel}","templated":true}]}}