{"id":12536,"date":"2017-05-25T08:43:36","date_gmt":"2017-05-25T07:43:36","guid":{"rendered":"http:\/\/www.info-algerie.com\/actualites\/conseil-de-la-nation-reunion-de-linstance-de-coordination-consacree-au-debat-du-projet-de-reglement-interieur-du-conseil\/"},"modified":"2017-05-25T08:43:36","modified_gmt":"2017-05-25T07:43:36","slug":"conseil-de-la-nation-reunion-de-linstance-de-coordination-consacree-au-debat-du-projet-de-reglement-interieur-du-conseil","status":"publish","type":"post","link":"https:\/\/www.info-algerie.com\/actualites\/conseil-de-la-nation-reunion-de-linstance-de-coordination-consacree-au-debat-du-projet-de-reglement-interieur-du-conseil\/","title":{"rendered":"Conseil de la Nation: R\u00e9union de l&#039;instance de coordination consacr\u00e9e au d\u00e9bat du projet de r\u00e8glement int\u00e9rieur du Conseil"},"content":{"rendered":"<div class=\"K2FeedImage\"><img decoding=\"async\" src=\"https:\/\/www.info-algerie.com\/actualites\/wp-content\/uploads\/2017\/05\/0dfe918be78cd1888f20d48a91d0c913_S.jpg\" alt=\"Conseil de la Nation: R&#xE9;union de l'instance de coordination consacr&#xE9;e au d&#xE9;bat du projet de r&#xE8;glement int&#xE9;rieur du Conseil\" \/><\/div>\n<div class=\"K2FeedIntroText\">\n<p class=\"MsoNoSpacing\">\u00a0<\/p>\n<p>&#013;<\/p>\n<p>ALGER- L&rsquo;instance de coordination du Conseil de la\u00a0 Nation a tenu mercredi une r\u00e9union consacr\u00e9e \u00e0 la pr\u00e9sentation et au d\u00e9bat\u00a0 du projet de r\u00e8glement int\u00e9rieur et de la loi organique r\u00e9gissant les\u00a0 relations entre les deux chambres du parlement et entre celles-ci et le\u00a0 gouvernement, a indiqu\u00e9 le Conseil dans un communiqu\u00e9.<\/p>\n<p>&#013;\n<\/p><\/div>\n<div class=\"K2FeedFullText\">&#013;<\/p>\n<p>La r\u00e9union, pr\u00e9sid\u00e9e par M. Abdelkader Bensalah, pr\u00e9sident du Conseil, a\u00a0 \u00e9t\u00e9 consacr\u00e9e \u00e0 la pr\u00e9sentation\u00a0 et au d\u00e9bat du projet de r\u00e8glement int\u00e9rieur, amend\u00e9 conform\u00e9ment aux\u00a0 dispositions de la Constitution 2016 et la loi organique r\u00e9gissant les\u00a0 relations entre les deux chambres du parlement et entre celles-ci et le\u00a0 gouvernement, \u00e9labor\u00e9e par la commission \u00e9largie des affaires juridiques et\u00a0 administratives et des droits de l&rsquo;Homme, a indiqu\u00e9 la source. Le projet, soumis pour enrichissement, comprend 59 nouveaux articles sur\u00a0 196, ajoute le communiqu\u00e9.<\/p>\n<p>&#013;<\/p>\n<p>Le bureau du Conseil de la Nation avait tenu plus t\u00f4t dans la journ\u00e9e une\u00a0 r\u00e9union pr\u00e9sid\u00e9e par M.Abdelkader Bensalah au cours de laquelle un expos\u00e9 a\u00a0 \u00e9t\u00e9 pr\u00e9sent\u00e9 par la commission \u00e9largie des affaires juridiques et\u00a0 administratives et des droits de l&rsquo;Homme, sur le projet de r\u00e8glement\u00a0 int\u00e9rieur du Conseil de la Nation.<\/p>\n<p>&#013;<\/p>\n<p>\u00a0<\/p>\n<p>&#013;<\/p>\n<p>Cette r\u00e9union a permis d&rsquo;\u00e9changer les vues sur ledit projet en application\u00a0 des dispositions de la constitution amend\u00e9e qui a renforc\u00e9 les pr\u00e9rogatives\u00a0 du Conseil de la Nation.<\/p>\n<\/div>\n<p>&#013;<br \/>\nSource: <a href=\"http:\/\/www.aps.dz\/algerie\/58156-conseil-de-la-nation-reunion-de-l-instance-de-coordination-consacree-au-debat-du-projet-de-reglement-interieur-du-conseil\" target=\"_blank\">Conseil de la Nation: R\u00e9union de l&rsquo;instance de coordination consacr\u00e9e au d\u00e9bat du projet de r\u00e8glement int\u00e9rieur du Conseil<\/a><\/p>\n<!--CusAds0-->\n<div style=\"font-size: 0px; height: 0px; line-height: 0px; margin: 0; padding: 0; clear: both;\"><\/div>","protected":false},"excerpt":{"rendered":"<p>\u00a0 &#013; ALGER- L&rsquo;instance de coordination du Conseil de la\u00a0 Nation a tenu mercredi une r\u00e9union consacr\u00e9e \u00e0 la pr\u00e9sentation et au d\u00e9bat\u00a0 du projet de r\u00e8glement int\u00e9rieur et de la loi organique r\u00e9gissant les\u00a0 relations entre les deux chambres du parlement et entre celles-ci et le\u00a0 gouvernement, a indiqu\u00e9 le Conseil dans un communiqu\u00e9.<\/p>\n","protected":false},"author":6,"featured_media":12537,"comment_status":"open","ping_status":"open","sticky":false,"template":"","format":"standard","meta":{"footnotes":""},"categories":[22],"tags":[93],"class_list":["post-12536","post","type-post","status-publish","format-standard","has-post-thumbnail","hentry","category-infos","tag-onu"],"yoast_head":"<!-- This site is optimized with the Yoast SEO plugin v27.5 - https:\/\/yoast.com\/product\/yoast-seo-wordpress\/ -->\n<title>Conseil de la Nation: R\u00e9union de l&#039;instance de coordination consacr\u00e9e au d\u00e9bat du projet de r\u00e8glement int\u00e9rieur du Conseil - info algerie<\/title>\n<meta name=\"robots\" content=\"index, follow, max-snippet:-1, max-image-preview:large, max-video-preview:-1\" \/>\n<link rel=\"canonical\" href=\"https:\/\/www.info-algerie.com\/actualites\/conseil-de-la-nation-reunion-de-linstance-de-coordination-consacree-au-debat-du-projet-de-reglement-interieur-du-conseil\/\" \/>\n<meta property=\"og:locale\" content=\"fr_FR\" \/>\n<meta property=\"og:type\" content=\"article\" \/>\n<meta property=\"og:title\" content=\"Conseil de la Nation: R\u00e9union de l&#039;instance de coordination consacr\u00e9e au d\u00e9bat du projet de r\u00e8glement int\u00e9rieur du Conseil - info algerie\" \/>\n<meta property=\"og:description\" content=\"\u00a0 &#013; ALGER- L&rsquo;instance de coordination du Conseil de la\u00a0 Nation a tenu mercredi une r\u00e9union consacr\u00e9e \u00e0 la pr\u00e9sentation et au d\u00e9bat\u00a0 du projet de r\u00e8glement int\u00e9rieur et de la loi organique r\u00e9gissant les\u00a0 relations entre les deux chambres du parlement et entre celles-ci et le\u00a0 gouvernement, a indiqu\u00e9 le Conseil dans un communiqu\u00e9.\" \/>\n<meta property=\"og:url\" content=\"https:\/\/www.info-algerie.com\/actualites\/conseil-de-la-nation-reunion-de-linstance-de-coordination-consacree-au-debat-du-projet-de-reglement-interieur-du-conseil\/\" \/>\n<meta property=\"og:site_name\" content=\"info algerie\" \/>\n<meta property=\"article:publisher\" content=\"https:\/\/www.facebook.com\/infoalgerieactu\" \/>\n<meta property=\"article:published_time\" content=\"2017-05-25T07:43:36+00:00\" \/>\n<meta property=\"og:image\" content=\"https:\/\/www.info-algerie.com\/actualites\/wp-content\/uploads\/2017\/05\/0dfe918be78cd1888f20d48a91d0c913_S-1.jpg\" \/>\n\t<meta property=\"og:image:width\" content=\"280\" \/>\n\t<meta property=\"og:image:height\" content=\"186\" \/>\n\t<meta property=\"og:image:type\" content=\"image\/jpeg\" \/>\n<meta name=\"author\" content=\"La r\u00e9daction\" \/>\n<meta name=\"twitter:label1\" content=\"\u00c9crit par\" \/>\n\t<meta name=\"twitter:data1\" content=\"La r\u00e9daction\" \/>\n\t<meta name=\"twitter:label2\" content=\"Dur\u00e9e de lecture estim\u00e9e\" \/>\n\t<meta name=\"twitter:data2\" content=\"1 minute\" \/>\n<script type=\"application\/ld+json\" class=\"yoast-schema-graph\">{\"@context\":\"https:\\\/\\\/schema.org\",\"@graph\":[{\"@type\":\"Article\",\"@id\":\"https:\\\/\\\/www.info-algerie.com\\\/actualites\\\/conseil-de-la-nation-reunion-de-linstance-de-coordination-consacree-au-debat-du-projet-de-reglement-interieur-du-conseil\\\/#article\",\"isPartOf\":{\"@id\":\"https:\\\/\\\/www.info-algerie.com\\\/actualites\\\/conseil-de-la-nation-reunion-de-linstance-de-coordination-consacree-au-debat-du-projet-de-reglement-interieur-du-conseil\\\/\"},\"author\":{\"name\":\"La r\u00e9daction\",\"@id\":\"https:\\\/\\\/www.info-algerie.com\\\/actualites\\\/#\\\/schema\\\/person\\\/847aaec44920825b843a08f30ec6aa1e\"},\"headline\":\"Conseil de la Nation: R\u00e9union de l&#039;instance de coordination consacr\u00e9e au d\u00e9bat du projet de r\u00e8glement int\u00e9rieur du Conseil\",\"datePublished\":\"2017-05-25T07:43:36+00:00\",\"mainEntityOfPage\":{\"@id\":\"https:\\\/\\\/www.info-algerie.com\\\/actualites\\\/conseil-de-la-nation-reunion-de-linstance-de-coordination-consacree-au-debat-du-projet-de-reglement-interieur-du-conseil\\\/\"},\"wordCount\":300,\"commentCount\":0,\"publisher\":{\"@id\":\"https:\\\/\\\/www.info-algerie.com\\\/actualites\\\/#organization\"},\"image\":{\"@id\":\"https:\\\/\\\/www.info-algerie.com\\\/actualites\\\/conseil-de-la-nation-reunion-de-linstance-de-coordination-consacree-au-debat-du-projet-de-reglement-interieur-du-conseil\\\/#primaryimage\"},\"thumbnailUrl\":\"https:\\\/\\\/www.info-algerie.com\\\/actualites\\\/wp-content\\\/uploads\\\/2017\\\/05\\\/0dfe918be78cd1888f20d48a91d0c913_S-1.jpg\",\"keywords\":[\"ONU\"],\"articleSection\":[\"infos\"],\"inLanguage\":\"fr-FR\",\"potentialAction\":[{\"@type\":\"CommentAction\",\"name\":\"Comment\",\"target\":[\"https:\\\/\\\/www.info-algerie.com\\\/actualites\\\/conseil-de-la-nation-reunion-de-linstance-de-coordination-consacree-au-debat-du-projet-de-reglement-interieur-du-conseil\\\/#respond\"]}]},{\"@type\":\"WebPage\",\"@id\":\"https:\\\/\\\/www.info-algerie.com\\\/actualites\\\/conseil-de-la-nation-reunion-de-linstance-de-coordination-consacree-au-debat-du-projet-de-reglement-interieur-du-conseil\\\/\",\"url\":\"https:\\\/\\\/www.info-algerie.com\\\/actualites\\\/conseil-de-la-nation-reunion-de-linstance-de-coordination-consacree-au-debat-du-projet-de-reglement-interieur-du-conseil\\\/\",\"name\":\"Conseil de la Nation: R\u00e9union de l&#039;instance de coordination consacr\u00e9e au d\u00e9bat du projet de r\u00e8glement int\u00e9rieur du Conseil - info algerie\",\"isPartOf\":{\"@id\":\"https:\\\/\\\/www.info-algerie.com\\\/actualites\\\/#website\"},\"primaryImageOfPage\":{\"@id\":\"https:\\\/\\\/www.info-algerie.com\\\/actualites\\\/conseil-de-la-nation-reunion-de-linstance-de-coordination-consacree-au-debat-du-projet-de-reglement-interieur-du-conseil\\\/#primaryimage\"},\"image\":{\"@id\":\"https:\\\/\\\/www.info-algerie.com\\\/actualites\\\/conseil-de-la-nation-reunion-de-linstance-de-coordination-consacree-au-debat-du-projet-de-reglement-interieur-du-conseil\\\/#primaryimage\"},\"thumbnailUrl\":\"https:\\\/\\\/www.info-algerie.com\\\/actualites\\\/wp-content\\\/uploads\\\/2017\\\/05\\\/0dfe918be78cd1888f20d48a91d0c913_S-1.jpg\",\"datePublished\":\"2017-05-25T07:43:36+00:00\",\"breadcrumb\":{\"@id\":\"https:\\\/\\\/www.info-algerie.com\\\/actualites\\\/conseil-de-la-nation-reunion-de-linstance-de-coordination-consacree-au-debat-du-projet-de-reglement-interieur-du-conseil\\\/#breadcrumb\"},\"inLanguage\":\"fr-FR\",\"potentialAction\":[{\"@type\":\"ReadAction\",\"target\":[\"https:\\\/\\\/www.info-algerie.com\\\/actualites\\\/conseil-de-la-nation-reunion-de-linstance-de-coordination-consacree-au-debat-du-projet-de-reglement-interieur-du-conseil\\\/\"]}]},{\"@type\":\"ImageObject\",\"inLanguage\":\"fr-FR\",\"@id\":\"https:\\\/\\\/www.info-algerie.com\\\/actualites\\\/conseil-de-la-nation-reunion-de-linstance-de-coordination-consacree-au-debat-du-projet-de-reglement-interieur-du-conseil\\\/#primaryimage\",\"url\":\"https:\\\/\\\/www.info-algerie.com\\\/actualites\\\/wp-content\\\/uploads\\\/2017\\\/05\\\/0dfe918be78cd1888f20d48a91d0c913_S-1.jpg\",\"contentUrl\":\"https:\\\/\\\/www.info-algerie.com\\\/actualites\\\/wp-content\\\/uploads\\\/2017\\\/05\\\/0dfe918be78cd1888f20d48a91d0c913_S-1.jpg\",\"width\":280,\"height\":186},{\"@type\":\"BreadcrumbList\",\"@id\":\"https:\\\/\\\/www.info-algerie.com\\\/actualites\\\/conseil-de-la-nation-reunion-de-linstance-de-coordination-consacree-au-debat-du-projet-de-reglement-interieur-du-conseil\\\/#breadcrumb\",\"itemListElement\":[{\"@type\":\"ListItem\",\"position\":1,\"name\":\"Accueil\",\"item\":\"https:\\\/\\\/www.info-algerie.com\\\/actualites\\\/\"},{\"@type\":\"ListItem\",\"position\":2,\"name\":\"Conseil de la Nation: R\u00e9union de l&#039;instance de coordination consacr\u00e9e au d\u00e9bat du projet de r\u00e8glement int\u00e9rieur du Conseil\"}]},{\"@type\":\"WebSite\",\"@id\":\"https:\\\/\\\/www.info-algerie.com\\\/actualites\\\/#website\",\"url\":\"https:\\\/\\\/www.info-algerie.com\\\/actualites\\\/\",\"name\":\"info algerie\",\"description\":\"Toutes les actualit\u00e9s\",\"publisher\":{\"@id\":\"https:\\\/\\\/www.info-algerie.com\\\/actualites\\\/#organization\"},\"potentialAction\":[{\"@type\":\"SearchAction\",\"target\":{\"@type\":\"EntryPoint\",\"urlTemplate\":\"https:\\\/\\\/www.info-algerie.com\\\/actualites\\\/?s={search_term_string}\"},\"query-input\":{\"@type\":\"PropertyValueSpecification\",\"valueRequired\":true,\"valueName\":\"search_term_string\"}}],\"inLanguage\":\"fr-FR\"},{\"@type\":\"Organization\",\"@id\":\"https:\\\/\\\/www.info-algerie.com\\\/actualites\\\/#organization\",\"name\":\"info algerie\",\"url\":\"https:\\\/\\\/www.info-algerie.com\\\/actualites\\\/\",\"logo\":{\"@type\":\"ImageObject\",\"inLanguage\":\"fr-FR\",\"@id\":\"https:\\\/\\\/www.info-algerie.com\\\/actualites\\\/#\\\/schema\\\/logo\\\/image\\\/\",\"url\":\"https:\\\/\\\/www.info-algerie.com\\\/actualites\\\/wp-content\\\/uploads\\\/2022\\\/07\\\/logo-ia-120.png\",\"contentUrl\":\"https:\\\/\\\/www.info-algerie.com\\\/actualites\\\/wp-content\\\/uploads\\\/2022\\\/07\\\/logo-ia-120.png\",\"width\":120,\"height\":43,\"caption\":\"info algerie\"},\"image\":{\"@id\":\"https:\\\/\\\/www.info-algerie.com\\\/actualites\\\/#\\\/schema\\\/logo\\\/image\\\/\"},\"sameAs\":[\"https:\\\/\\\/www.facebook.com\\\/infoalgerieactu\",\"https:\\\/\\\/x.com\\\/infoalgerie1\"]},{\"@type\":\"Person\",\"@id\":\"https:\\\/\\\/www.info-algerie.com\\\/actualites\\\/#\\\/schema\\\/person\\\/847aaec44920825b843a08f30ec6aa1e\",\"name\":\"La r\u00e9daction\",\"image\":{\"@type\":\"ImageObject\",\"inLanguage\":\"fr-FR\",\"@id\":\"https:\\\/\\\/secure.gravatar.com\\\/avatar\\\/769db425c6f465158149f1ffd6cf61ce7a8a879d11dfbef8288af36dfddd418c?s=96&d=mm&r=g\",\"url\":\"https:\\\/\\\/secure.gravatar.com\\\/avatar\\\/769db425c6f465158149f1ffd6cf61ce7a8a879d11dfbef8288af36dfddd418c?s=96&d=mm&r=g\",\"contentUrl\":\"https:\\\/\\\/secure.gravatar.com\\\/avatar\\\/769db425c6f465158149f1ffd6cf61ce7a8a879d11dfbef8288af36dfddd418c?s=96&d=mm&r=g\",\"caption\":\"La r\u00e9daction\"},\"sameAs\":[\"http:\\\/\\\/www.lkeria.com\\\/\"],\"url\":\"https:\\\/\\\/www.info-algerie.com\\\/actualites\\\/author\\\/chakib32\\\/\"}]}<\/script>\n<!-- \/ Yoast SEO plugin. -->","yoast_head_json":{"title":"Conseil de la Nation: R\u00e9union de l&#039;instance de coordination consacr\u00e9e au d\u00e9bat du projet de r\u00e8glement int\u00e9rieur du Conseil - info algerie","robots":{"index":"index","follow":"follow","max-snippet":"max-snippet:-1","max-image-preview":"max-image-preview:large","max-video-preview":"max-video-preview:-1"},"canonical":"https:\/\/www.info-algerie.com\/actualites\/conseil-de-la-nation-reunion-de-linstance-de-coordination-consacree-au-debat-du-projet-de-reglement-interieur-du-conseil\/","og_locale":"fr_FR","og_type":"article","og_title":"Conseil de la Nation: R\u00e9union de l&#039;instance de coordination consacr\u00e9e au d\u00e9bat du projet de r\u00e8glement int\u00e9rieur du Conseil - info algerie","og_description":"\u00a0 &#013; ALGER- L&rsquo;instance de coordination du Conseil de la\u00a0 Nation a tenu mercredi une r\u00e9union consacr\u00e9e \u00e0 la pr\u00e9sentation et au d\u00e9bat\u00a0 du projet de r\u00e8glement int\u00e9rieur et de la loi organique r\u00e9gissant les\u00a0 relations entre les deux chambres du parlement et entre celles-ci et le\u00a0 gouvernement, a indiqu\u00e9 le Conseil dans un communiqu\u00e9.","og_url":"https:\/\/www.info-algerie.com\/actualites\/conseil-de-la-nation-reunion-de-linstance-de-coordination-consacree-au-debat-du-projet-de-reglement-interieur-du-conseil\/","og_site_name":"info algerie","article_publisher":"https:\/\/www.facebook.com\/infoalgerieactu","article_published_time":"2017-05-25T07:43:36+00:00","og_image":[{"width":280,"height":186,"url":"https:\/\/www.info-algerie.com\/actualites\/wp-content\/uploads\/2017\/05\/0dfe918be78cd1888f20d48a91d0c913_S-1.jpg","type":"image\/jpeg"}],"author":"La r\u00e9daction","twitter_misc":{"\u00c9crit par":"La r\u00e9daction","Dur\u00e9e de lecture estim\u00e9e":"1 minute"},"schema":{"@context":"https:\/\/schema.org","@graph":[{"@type":"Article","@id":"https:\/\/www.info-algerie.com\/actualites\/conseil-de-la-nation-reunion-de-linstance-de-coordination-consacree-au-debat-du-projet-de-reglement-interieur-du-conseil\/#article","isPartOf":{"@id":"https:\/\/www.info-algerie.com\/actualites\/conseil-de-la-nation-reunion-de-linstance-de-coordination-consacree-au-debat-du-projet-de-reglement-interieur-du-conseil\/"},"author":{"name":"La r\u00e9daction","@id":"https:\/\/www.info-algerie.com\/actualites\/#\/schema\/person\/847aaec44920825b843a08f30ec6aa1e"},"headline":"Conseil de la Nation: R\u00e9union de l&#039;instance de coordination consacr\u00e9e au d\u00e9bat du projet de r\u00e8glement int\u00e9rieur du Conseil","datePublished":"2017-05-25T07:43:36+00:00","mainEntityOfPage":{"@id":"https:\/\/www.info-algerie.com\/actualites\/conseil-de-la-nation-reunion-de-linstance-de-coordination-consacree-au-debat-du-projet-de-reglement-interieur-du-conseil\/"},"wordCount":300,"commentCount":0,"publisher":{"@id":"https:\/\/www.info-algerie.com\/actualites\/#organization"},"image":{"@id":"https:\/\/www.info-algerie.com\/actualites\/conseil-de-la-nation-reunion-de-linstance-de-coordination-consacree-au-debat-du-projet-de-reglement-interieur-du-conseil\/#primaryimage"},"thumbnailUrl":"https:\/\/www.info-algerie.com\/actualites\/wp-content\/uploads\/2017\/05\/0dfe918be78cd1888f20d48a91d0c913_S-1.jpg","keywords":["ONU"],"articleSection":["infos"],"inLanguage":"fr-FR","potentialAction":[{"@type":"CommentAction","name":"Comment","target":["https:\/\/www.info-algerie.com\/actualites\/conseil-de-la-nation-reunion-de-linstance-de-coordination-consacree-au-debat-du-projet-de-reglement-interieur-du-conseil\/#respond"]}]},{"@type":"WebPage","@id":"https:\/\/www.info-algerie.com\/actualites\/conseil-de-la-nation-reunion-de-linstance-de-coordination-consacree-au-debat-du-projet-de-reglement-interieur-du-conseil\/","url":"https:\/\/www.info-algerie.com\/actualites\/conseil-de-la-nation-reunion-de-linstance-de-coordination-consacree-au-debat-du-projet-de-reglement-interieur-du-conseil\/","name":"Conseil de la Nation: R\u00e9union de l&#039;instance de coordination consacr\u00e9e au d\u00e9bat du projet de r\u00e8glement int\u00e9rieur du Conseil - info algerie","isPartOf":{"@id":"https:\/\/www.info-algerie.com\/actualites\/#website"},"primaryImageOfPage":{"@id":"https:\/\/www.info-algerie.com\/actualites\/conseil-de-la-nation-reunion-de-linstance-de-coordination-consacree-au-debat-du-projet-de-reglement-interieur-du-conseil\/#primaryimage"},"image":{"@id":"https:\/\/www.info-algerie.com\/actualites\/conseil-de-la-nation-reunion-de-linstance-de-coordination-consacree-au-debat-du-projet-de-reglement-interieur-du-conseil\/#primaryimage"},"thumbnailUrl":"https:\/\/www.info-algerie.com\/actualites\/wp-content\/uploads\/2017\/05\/0dfe918be78cd1888f20d48a91d0c913_S-1.jpg","datePublished":"2017-05-25T07:43:36+00:00","breadcrumb":{"@id":"https:\/\/www.info-algerie.com\/actualites\/conseil-de-la-nation-reunion-de-linstance-de-coordination-consacree-au-debat-du-projet-de-reglement-interieur-du-conseil\/#breadcrumb"},"inLanguage":"fr-FR","potentialAction":[{"@type":"ReadAction","target":["https:\/\/www.info-algerie.com\/actualites\/conseil-de-la-nation-reunion-de-linstance-de-coordination-consacree-au-debat-du-projet-de-reglement-interieur-du-conseil\/"]}]},{"@type":"ImageObject","inLanguage":"fr-FR","@id":"https:\/\/www.info-algerie.com\/actualites\/conseil-de-la-nation-reunion-de-linstance-de-coordination-consacree-au-debat-du-projet-de-reglement-interieur-du-conseil\/#primaryimage","url":"https:\/\/www.info-algerie.com\/actualites\/wp-content\/uploads\/2017\/05\/0dfe918be78cd1888f20d48a91d0c913_S-1.jpg","contentUrl":"https:\/\/www.info-algerie.com\/actualites\/wp-content\/uploads\/2017\/05\/0dfe918be78cd1888f20d48a91d0c913_S-1.jpg","width":280,"height":186},{"@type":"BreadcrumbList","@id":"https:\/\/www.info-algerie.com\/actualites\/conseil-de-la-nation-reunion-de-linstance-de-coordination-consacree-au-debat-du-projet-de-reglement-interieur-du-conseil\/#breadcrumb","itemListElement":[{"@type":"ListItem","position":1,"name":"Accueil","item":"https:\/\/www.info-algerie.com\/actualites\/"},{"@type":"ListItem","position":2,"name":"Conseil de la Nation: R\u00e9union de l&#039;instance de coordination consacr\u00e9e au d\u00e9bat du projet de r\u00e8glement int\u00e9rieur du Conseil"}]},{"@type":"WebSite","@id":"https:\/\/www.info-algerie.com\/actualites\/#website","url":"https:\/\/www.info-algerie.com\/actualites\/","name":"info algerie","description":"Toutes les actualit\u00e9s","publisher":{"@id":"https:\/\/www.info-algerie.com\/actualites\/#organization"},"potentialAction":[{"@type":"SearchAction","target":{"@type":"EntryPoint","urlTemplate":"https:\/\/www.info-algerie.com\/actualites\/?s={search_term_string}"},"query-input":{"@type":"PropertyValueSpecification","valueRequired":true,"valueName":"search_term_string"}}],"inLanguage":"fr-FR"},{"@type":"Organization","@id":"https:\/\/www.info-algerie.com\/actualites\/#organization","name":"info algerie","url":"https:\/\/www.info-algerie.com\/actualites\/","logo":{"@type":"ImageObject","inLanguage":"fr-FR","@id":"https:\/\/www.info-algerie.com\/actualites\/#\/schema\/logo\/image\/","url":"https:\/\/www.info-algerie.com\/actualites\/wp-content\/uploads\/2022\/07\/logo-ia-120.png","contentUrl":"https:\/\/www.info-algerie.com\/actualites\/wp-content\/uploads\/2022\/07\/logo-ia-120.png","width":120,"height":43,"caption":"info algerie"},"image":{"@id":"https:\/\/www.info-algerie.com\/actualites\/#\/schema\/logo\/image\/"},"sameAs":["https:\/\/www.facebook.com\/infoalgerieactu","https:\/\/x.com\/infoalgerie1"]},{"@type":"Person","@id":"https:\/\/www.info-algerie.com\/actualites\/#\/schema\/person\/847aaec44920825b843a08f30ec6aa1e","name":"La r\u00e9daction","image":{"@type":"ImageObject","inLanguage":"fr-FR","@id":"https:\/\/secure.gravatar.com\/avatar\/769db425c6f465158149f1ffd6cf61ce7a8a879d11dfbef8288af36dfddd418c?s=96&d=mm&r=g","url":"https:\/\/secure.gravatar.com\/avatar\/769db425c6f465158149f1ffd6cf61ce7a8a879d11dfbef8288af36dfddd418c?s=96&d=mm&r=g","contentUrl":"https:\/\/secure.gravatar.com\/avatar\/769db425c6f465158149f1ffd6cf61ce7a8a879d11dfbef8288af36dfddd418c?s=96&d=mm&r=g","caption":"La r\u00e9daction"},"sameAs":["http:\/\/www.lkeria.com\/"],"url":"https:\/\/www.info-algerie.com\/actualites\/author\/chakib32\/"}]}},"_links":{"self":[{"href":"https:\/\/www.info-algerie.com\/actualites\/wp-json\/wp\/v2\/posts\/12536","targetHints":{"allow":["GET"]}}],"collection":[{"href":"https:\/\/www.info-algerie.com\/actualites\/wp-json\/wp\/v2\/posts"}],"about":[{"href":"https:\/\/www.info-algerie.com\/actualites\/wp-json\/wp\/v2\/types\/post"}],"author":[{"embeddable":true,"href":"https:\/\/www.info-algerie.com\/actualites\/wp-json\/wp\/v2\/users\/6"}],"replies":[{"embeddable":true,"href":"https:\/\/www.info-algerie.com\/actualites\/wp-json\/wp\/v2\/comments?post=12536"}],"version-history":[{"count":0,"href":"https:\/\/www.info-algerie.com\/actualites\/wp-json\/wp\/v2\/posts\/12536\/revisions"}],"wp:featuredmedia":[{"embeddable":true,"href":"https:\/\/www.info-algerie.com\/actualites\/wp-json\/wp\/v2\/media\/12537"}],"wp:attachment":[{"href":"https:\/\/www.info-algerie.com\/actualites\/wp-json\/wp\/v2\/media?parent=12536"}],"wp:term":[{"taxonomy":"category","embeddable":true,"href":"https:\/\/www.info-algerie.com\/actualites\/wp-json\/wp\/v2\/categories?post=12536"},{"taxonomy":"post_tag","embeddable":true,"href":"https:\/\/www.info-algerie.com\/actualites\/wp-json\/wp\/v2\/tags?post=12536"}],"curies":[{"name":"wp","href":"https:\/\/api.w.org\/{rel}","templated":true}]}}