{"id":12544,"date":"2017-05-25T13:01:21","date_gmt":"2017-05-25T12:01:21","guid":{"rendered":"http:\/\/www.info-algerie.com\/actualites\/un-terroriste-abattu-a-bejaia-par-les-forces-d-lanp-et-un-autre-apprehende-a-ghardaia-mdn\/"},"modified":"2017-05-25T13:01:21","modified_gmt":"2017-05-25T12:01:21","slug":"un-terroriste-abattu-a-bejaia-par-les-forces-d-lanp-et-un-autre-apprehende-a-ghardaia-mdn","status":"publish","type":"post","link":"https:\/\/www.info-algerie.com\/actualites\/un-terroriste-abattu-a-bejaia-par-les-forces-d-lanp-et-un-autre-apprehende-a-ghardaia-mdn\/","title":{"rendered":"Un terroriste abattu \u00e0 Beja\u00efa par les forces d l&#039;ANP et un autre appr\u00e9hend\u00e9\u00a0 \u00e0 Gharda\u00efa (MDN)"},"content":{"rendered":"<div class=\"K2FeedImage\"><img decoding=\"async\" src=\"https:\/\/www.info-algerie.com\/actualites\/wp-content\/uploads\/2017\/05\/5084feb0c073ac8304654dc8568d4c5e_S.jpg\" alt=\"Un terroriste abattu &#xE0; Beja&#xEF;a par les forces d l'ANP et un autre appr&#xE9;hend&#xE9;&#xA0; &#xE0; Gharda&#xEF;a (MDN)\" \/><\/div>\n<div class=\"K2FeedIntroText\">\n<p>ALGER- Le terroriste d\u00e9nomm\u00e9 \u00ab\u00a0L. Farid\u00a0\u00bb\u00a0 dit\u00a0\u00a0 \u00ab\u00a0Abdelwahab Abou Yahia\u00a0\u00bb, a \u00e9t\u00e9 abattu jeudi \u00e0 Akbou (Beja\u00efa) par un\u00a0 d\u00e9tachement de l\u2019Arm\u00e9e nationale populaire, alors que le dangereux\u00a0 terroriste, d\u00e9nomm\u00e9 \u00ab\u00a0Z. Sa\u00efd\u00a0\u00bb, a \u00e9t\u00e9 appr\u00e9hend\u00e9 \u00e0 Gharda\u00efa par les \u00e9l\u00e9ments\u00a0 de la Gendarmerie nationale, indique le minist\u00e8re de la D\u00e9fense nationale\u00a0 (MDN) dans un communiqu\u00e9.<\/p>\n<p>&#013;\n<\/p><\/div>\n<div class=\"K2FeedFullText\">&#013;<\/p>\n<p>\u00ab\u00a0Dans le cadre de la lutte antiterroriste et suite \u00e0 une embuscade tendue\u00a0 dans la zone d\u2019Alma \u00e0 Akbou, wilaya de Beja\u00efa (5e RM), un d\u00e9tachement de\u00a0 l\u2019Arm\u00e9e nationale populaire a abattu, ce matin 25 mai 2017, le terroriste\u00a0 d\u00e9nomm\u00e9 L. Farid, dit\u00a0\u00a0 Abdelwahab Abou Yahia, et r\u00e9cup\u00e9r\u00e9 un pistolet mitrailleur de type kalachnikov et une quantit\u00e9 de munitions, tandis que\u00a0 les \u00e9l\u00e9ments de la Gendarmerie nationale ont appr\u00e9hend\u00e9 \u00e0 Gharda\u00efa (4e RM),\u00a0 le dangereux terroriste d\u00e9nomm\u00e9 Z.Sa\u00efd, recherch\u00e9s depuis 1993\u00a0\u00bb, pr\u00e9cise la\u00a0 m\u00eame source.<\/p>\n<p>&#013;<\/p>\n<p>\u00ab\u00a0Dans le m\u00eame contexte, deux d\u00e9tachements ont d\u00e9truit onze (11) casemates\u00a0 et deux (02) mines de confection artisanale\u00a0 \u00e0 Batna et T\u00e9bessa (5e RM)\u00a0\u00bb. Par ailleurs et dans le cadre de la lutte contre la criminalit\u00e9 organis\u00e9e,\u00a0 un d\u00e9tachement de l\u2019ANP et des Gardes-fronti\u00e8res,\u00a0 en coordination avec les \u00e9l\u00e9ments des douanes \u00ab\u00a0ont arr\u00eat\u00e9, \u00e0 Tlemcen (2e\u00a0 RM), quatre (4) narcotrafiquants et saisi\u00a0 (225) kilogrammes de kif trait\u00e9\u00a0\u00bb, tandis qu\u2019\u00e0 Biskra (4e RM), des \u00e9l\u00e9ments\u00a0 de la Gendarmerie nationale \u00ab\u00a0ont intercept\u00e9 un v\u00e9hicule utilitaire charg\u00e9\u00a0 de (29.2824) unit\u00e9s de m\u00e9dicaments et de produits pharmaceutiques dont la\u00a0 valeur s\u2019\u00e9l\u00e8ve \u00e0 quarante (40) millions de Dinars alg\u00e9riens\u00a0\u00bb.<\/p>\n<p>&#013;<\/p>\n<p>\u00a0<\/p>\n<p>&#013;<\/p>\n<p>D\u2019autre part, (14) immigrants clandestins de diff\u00e9rentes nationalit\u00e9s ont\u00a0 \u00e9t\u00e9 arr\u00eat\u00e9s \u00e0 Tlemcen, B\u00e9char et El Taref\u00a0\u00bb, rapporte\u00a0 \u00e9galement le communiqu\u00e9.<\/p>\n<\/div>\n<p>&#013;<br \/>\nSource: <a href=\"http:\/\/www.aps.dz\/algerie\/58170-un-terroriste-abattu-a-bejaia-par-les-forces-d-l-anp-et-un-autre-apprehende-a-ghardaia-mdn\" target=\"_blank\">Un terroriste abattu \u00e0 Beja\u00efa par les forces d l&rsquo;ANP et un autre appr\u00e9hend\u00e9\u00a0 \u00e0 Gharda\u00efa (MDN)<\/a><\/p>\n<!--CusAds0-->\n<div style=\"font-size: 0px; height: 0px; line-height: 0px; margin: 0; padding: 0; clear: both;\"><\/div>","protected":false},"excerpt":{"rendered":"<p>ALGER- Le terroriste d\u00e9nomm\u00e9 \u00ab\u00a0L. Farid\u00a0\u00bb\u00a0 dit\u00a0\u00a0 \u00ab\u00a0Abdelwahab Abou Yahia\u00a0\u00bb, a \u00e9t\u00e9 abattu jeudi \u00e0 Akbou (Beja\u00efa) par un\u00a0 d\u00e9tachement de l\u2019Arm\u00e9e nationale populaire, alors que le dangereux\u00a0 terroriste, d\u00e9nomm\u00e9 \u00ab\u00a0Z. Sa\u00efd\u00a0\u00bb, a \u00e9t\u00e9 appr\u00e9hend\u00e9 \u00e0 Gharda\u00efa par les \u00e9l\u00e9ments\u00a0 de la Gendarmerie nationale, indique le minist\u00e8re de la D\u00e9fense nationale\u00a0 (MDN) dans un communiqu\u00e9.<\/p>\n","protected":false},"author":6,"featured_media":12545,"comment_status":"open","ping_status":"open","sticky":false,"template":"","format":"standard","meta":{"footnotes":""},"categories":[22],"tags":[93],"class_list":["post-12544","post","type-post","status-publish","format-standard","has-post-thumbnail","hentry","category-infos","tag-onu"],"yoast_head":"<!-- This site is optimized with the Yoast SEO plugin v27.5 - https:\/\/yoast.com\/product\/yoast-seo-wordpress\/ -->\n<title>Un terroriste abattu \u00e0 Beja\u00efa par les forces d l&#039;ANP et un autre appr\u00e9hend\u00e9\u00a0 \u00e0 Gharda\u00efa (MDN) - info algerie<\/title>\n<meta name=\"robots\" content=\"index, follow, max-snippet:-1, max-image-preview:large, max-video-preview:-1\" \/>\n<link rel=\"canonical\" href=\"https:\/\/www.info-algerie.com\/actualites\/un-terroriste-abattu-a-bejaia-par-les-forces-d-lanp-et-un-autre-apprehende-a-ghardaia-mdn\/\" \/>\n<meta property=\"og:locale\" content=\"fr_FR\" \/>\n<meta property=\"og:type\" content=\"article\" \/>\n<meta property=\"og:title\" content=\"Un terroriste abattu \u00e0 Beja\u00efa par les forces d l&#039;ANP et un autre appr\u00e9hend\u00e9\u00a0 \u00e0 Gharda\u00efa (MDN) - info algerie\" \/>\n<meta property=\"og:description\" content=\"ALGER- Le terroriste d\u00e9nomm\u00e9 \u00ab\u00a0L. Farid\u00a0\u00bb\u00a0 dit\u00a0\u00a0 \u00ab\u00a0Abdelwahab Abou Yahia\u00a0\u00bb, a \u00e9t\u00e9 abattu jeudi \u00e0 Akbou (Beja\u00efa) par un\u00a0 d\u00e9tachement de l\u2019Arm\u00e9e nationale populaire, alors que le dangereux\u00a0 terroriste, d\u00e9nomm\u00e9 \u00ab\u00a0Z. Sa\u00efd\u00a0\u00bb, a \u00e9t\u00e9 appr\u00e9hend\u00e9 \u00e0 Gharda\u00efa par les \u00e9l\u00e9ments\u00a0 de la Gendarmerie nationale, indique le minist\u00e8re de la D\u00e9fense nationale\u00a0 (MDN) dans un communiqu\u00e9.\" \/>\n<meta property=\"og:url\" content=\"https:\/\/www.info-algerie.com\/actualites\/un-terroriste-abattu-a-bejaia-par-les-forces-d-lanp-et-un-autre-apprehende-a-ghardaia-mdn\/\" \/>\n<meta property=\"og:site_name\" content=\"info algerie\" \/>\n<meta property=\"article:publisher\" content=\"https:\/\/www.facebook.com\/infoalgerieactu\" \/>\n<meta property=\"article:published_time\" content=\"2017-05-25T12:01:21+00:00\" \/>\n<meta property=\"og:image\" content=\"https:\/\/www.info-algerie.com\/actualites\/wp-content\/uploads\/2017\/05\/5084feb0c073ac8304654dc8568d4c5e_S-1.jpg\" \/>\n\t<meta property=\"og:image:width\" content=\"280\" \/>\n\t<meta property=\"og:image:height\" content=\"159\" \/>\n\t<meta property=\"og:image:type\" content=\"image\/jpeg\" \/>\n<meta name=\"author\" content=\"La r\u00e9daction\" \/>\n<meta name=\"twitter:label1\" content=\"\u00c9crit par\" \/>\n\t<meta name=\"twitter:data1\" content=\"La r\u00e9daction\" \/>\n\t<meta name=\"twitter:label2\" content=\"Dur\u00e9e de lecture estim\u00e9e\" \/>\n\t<meta name=\"twitter:data2\" content=\"2 minutes\" \/>\n<script type=\"application\/ld+json\" class=\"yoast-schema-graph\">{\"@context\":\"https:\\\/\\\/schema.org\",\"@graph\":[{\"@type\":\"Article\",\"@id\":\"https:\\\/\\\/www.info-algerie.com\\\/actualites\\\/un-terroriste-abattu-a-bejaia-par-les-forces-d-lanp-et-un-autre-apprehende-a-ghardaia-mdn\\\/#article\",\"isPartOf\":{\"@id\":\"https:\\\/\\\/www.info-algerie.com\\\/actualites\\\/un-terroriste-abattu-a-bejaia-par-les-forces-d-lanp-et-un-autre-apprehende-a-ghardaia-mdn\\\/\"},\"author\":{\"name\":\"La r\u00e9daction\",\"@id\":\"https:\\\/\\\/www.info-algerie.com\\\/actualites\\\/#\\\/schema\\\/person\\\/847aaec44920825b843a08f30ec6aa1e\"},\"headline\":\"Un terroriste abattu \u00e0 Beja\u00efa par les forces d l&#039;ANP et un autre appr\u00e9hend\u00e9\u00a0 \u00e0 Gharda\u00efa (MDN)\",\"datePublished\":\"2017-05-25T12:01:21+00:00\",\"mainEntityOfPage\":{\"@id\":\"https:\\\/\\\/www.info-algerie.com\\\/actualites\\\/un-terroriste-abattu-a-bejaia-par-les-forces-d-lanp-et-un-autre-apprehende-a-ghardaia-mdn\\\/\"},\"wordCount\":337,\"commentCount\":0,\"publisher\":{\"@id\":\"https:\\\/\\\/www.info-algerie.com\\\/actualites\\\/#organization\"},\"image\":{\"@id\":\"https:\\\/\\\/www.info-algerie.com\\\/actualites\\\/un-terroriste-abattu-a-bejaia-par-les-forces-d-lanp-et-un-autre-apprehende-a-ghardaia-mdn\\\/#primaryimage\"},\"thumbnailUrl\":\"https:\\\/\\\/www.info-algerie.com\\\/actualites\\\/wp-content\\\/uploads\\\/2017\\\/05\\\/5084feb0c073ac8304654dc8568d4c5e_S-1.jpg\",\"keywords\":[\"ONU\"],\"articleSection\":[\"infos\"],\"inLanguage\":\"fr-FR\",\"potentialAction\":[{\"@type\":\"CommentAction\",\"name\":\"Comment\",\"target\":[\"https:\\\/\\\/www.info-algerie.com\\\/actualites\\\/un-terroriste-abattu-a-bejaia-par-les-forces-d-lanp-et-un-autre-apprehende-a-ghardaia-mdn\\\/#respond\"]}]},{\"@type\":\"WebPage\",\"@id\":\"https:\\\/\\\/www.info-algerie.com\\\/actualites\\\/un-terroriste-abattu-a-bejaia-par-les-forces-d-lanp-et-un-autre-apprehende-a-ghardaia-mdn\\\/\",\"url\":\"https:\\\/\\\/www.info-algerie.com\\\/actualites\\\/un-terroriste-abattu-a-bejaia-par-les-forces-d-lanp-et-un-autre-apprehende-a-ghardaia-mdn\\\/\",\"name\":\"Un terroriste abattu \u00e0 Beja\u00efa par les forces d l&#039;ANP et un autre appr\u00e9hend\u00e9\u00a0 \u00e0 Gharda\u00efa (MDN) - info algerie\",\"isPartOf\":{\"@id\":\"https:\\\/\\\/www.info-algerie.com\\\/actualites\\\/#website\"},\"primaryImageOfPage\":{\"@id\":\"https:\\\/\\\/www.info-algerie.com\\\/actualites\\\/un-terroriste-abattu-a-bejaia-par-les-forces-d-lanp-et-un-autre-apprehende-a-ghardaia-mdn\\\/#primaryimage\"},\"image\":{\"@id\":\"https:\\\/\\\/www.info-algerie.com\\\/actualites\\\/un-terroriste-abattu-a-bejaia-par-les-forces-d-lanp-et-un-autre-apprehende-a-ghardaia-mdn\\\/#primaryimage\"},\"thumbnailUrl\":\"https:\\\/\\\/www.info-algerie.com\\\/actualites\\\/wp-content\\\/uploads\\\/2017\\\/05\\\/5084feb0c073ac8304654dc8568d4c5e_S-1.jpg\",\"datePublished\":\"2017-05-25T12:01:21+00:00\",\"breadcrumb\":{\"@id\":\"https:\\\/\\\/www.info-algerie.com\\\/actualites\\\/un-terroriste-abattu-a-bejaia-par-les-forces-d-lanp-et-un-autre-apprehende-a-ghardaia-mdn\\\/#breadcrumb\"},\"inLanguage\":\"fr-FR\",\"potentialAction\":[{\"@type\":\"ReadAction\",\"target\":[\"https:\\\/\\\/www.info-algerie.com\\\/actualites\\\/un-terroriste-abattu-a-bejaia-par-les-forces-d-lanp-et-un-autre-apprehende-a-ghardaia-mdn\\\/\"]}]},{\"@type\":\"ImageObject\",\"inLanguage\":\"fr-FR\",\"@id\":\"https:\\\/\\\/www.info-algerie.com\\\/actualites\\\/un-terroriste-abattu-a-bejaia-par-les-forces-d-lanp-et-un-autre-apprehende-a-ghardaia-mdn\\\/#primaryimage\",\"url\":\"https:\\\/\\\/www.info-algerie.com\\\/actualites\\\/wp-content\\\/uploads\\\/2017\\\/05\\\/5084feb0c073ac8304654dc8568d4c5e_S-1.jpg\",\"contentUrl\":\"https:\\\/\\\/www.info-algerie.com\\\/actualites\\\/wp-content\\\/uploads\\\/2017\\\/05\\\/5084feb0c073ac8304654dc8568d4c5e_S-1.jpg\",\"width\":280,\"height\":159},{\"@type\":\"BreadcrumbList\",\"@id\":\"https:\\\/\\\/www.info-algerie.com\\\/actualites\\\/un-terroriste-abattu-a-bejaia-par-les-forces-d-lanp-et-un-autre-apprehende-a-ghardaia-mdn\\\/#breadcrumb\",\"itemListElement\":[{\"@type\":\"ListItem\",\"position\":1,\"name\":\"Accueil\",\"item\":\"https:\\\/\\\/www.info-algerie.com\\\/actualites\\\/\"},{\"@type\":\"ListItem\",\"position\":2,\"name\":\"Un terroriste abattu \u00e0 Beja\u00efa par les forces d l&#039;ANP et un autre appr\u00e9hend\u00e9\u00a0 \u00e0 Gharda\u00efa (MDN)\"}]},{\"@type\":\"WebSite\",\"@id\":\"https:\\\/\\\/www.info-algerie.com\\\/actualites\\\/#website\",\"url\":\"https:\\\/\\\/www.info-algerie.com\\\/actualites\\\/\",\"name\":\"info algerie\",\"description\":\"Toutes les actualit\u00e9s\",\"publisher\":{\"@id\":\"https:\\\/\\\/www.info-algerie.com\\\/actualites\\\/#organization\"},\"potentialAction\":[{\"@type\":\"SearchAction\",\"target\":{\"@type\":\"EntryPoint\",\"urlTemplate\":\"https:\\\/\\\/www.info-algerie.com\\\/actualites\\\/?s={search_term_string}\"},\"query-input\":{\"@type\":\"PropertyValueSpecification\",\"valueRequired\":true,\"valueName\":\"search_term_string\"}}],\"inLanguage\":\"fr-FR\"},{\"@type\":\"Organization\",\"@id\":\"https:\\\/\\\/www.info-algerie.com\\\/actualites\\\/#organization\",\"name\":\"info algerie\",\"url\":\"https:\\\/\\\/www.info-algerie.com\\\/actualites\\\/\",\"logo\":{\"@type\":\"ImageObject\",\"inLanguage\":\"fr-FR\",\"@id\":\"https:\\\/\\\/www.info-algerie.com\\\/actualites\\\/#\\\/schema\\\/logo\\\/image\\\/\",\"url\":\"https:\\\/\\\/www.info-algerie.com\\\/actualites\\\/wp-content\\\/uploads\\\/2022\\\/07\\\/logo-ia-120.png\",\"contentUrl\":\"https:\\\/\\\/www.info-algerie.com\\\/actualites\\\/wp-content\\\/uploads\\\/2022\\\/07\\\/logo-ia-120.png\",\"width\":120,\"height\":43,\"caption\":\"info algerie\"},\"image\":{\"@id\":\"https:\\\/\\\/www.info-algerie.com\\\/actualites\\\/#\\\/schema\\\/logo\\\/image\\\/\"},\"sameAs\":[\"https:\\\/\\\/www.facebook.com\\\/infoalgerieactu\",\"https:\\\/\\\/x.com\\\/infoalgerie1\"]},{\"@type\":\"Person\",\"@id\":\"https:\\\/\\\/www.info-algerie.com\\\/actualites\\\/#\\\/schema\\\/person\\\/847aaec44920825b843a08f30ec6aa1e\",\"name\":\"La r\u00e9daction\",\"image\":{\"@type\":\"ImageObject\",\"inLanguage\":\"fr-FR\",\"@id\":\"https:\\\/\\\/secure.gravatar.com\\\/avatar\\\/769db425c6f465158149f1ffd6cf61ce7a8a879d11dfbef8288af36dfddd418c?s=96&d=mm&r=g\",\"url\":\"https:\\\/\\\/secure.gravatar.com\\\/avatar\\\/769db425c6f465158149f1ffd6cf61ce7a8a879d11dfbef8288af36dfddd418c?s=96&d=mm&r=g\",\"contentUrl\":\"https:\\\/\\\/secure.gravatar.com\\\/avatar\\\/769db425c6f465158149f1ffd6cf61ce7a8a879d11dfbef8288af36dfddd418c?s=96&d=mm&r=g\",\"caption\":\"La r\u00e9daction\"},\"sameAs\":[\"http:\\\/\\\/www.lkeria.com\\\/\"],\"url\":\"https:\\\/\\\/www.info-algerie.com\\\/actualites\\\/author\\\/chakib32\\\/\"}]}<\/script>\n<!-- \/ Yoast SEO plugin. -->","yoast_head_json":{"title":"Un terroriste abattu \u00e0 Beja\u00efa par les forces d l&#039;ANP et un autre appr\u00e9hend\u00e9\u00a0 \u00e0 Gharda\u00efa (MDN) - info algerie","robots":{"index":"index","follow":"follow","max-snippet":"max-snippet:-1","max-image-preview":"max-image-preview:large","max-video-preview":"max-video-preview:-1"},"canonical":"https:\/\/www.info-algerie.com\/actualites\/un-terroriste-abattu-a-bejaia-par-les-forces-d-lanp-et-un-autre-apprehende-a-ghardaia-mdn\/","og_locale":"fr_FR","og_type":"article","og_title":"Un terroriste abattu \u00e0 Beja\u00efa par les forces d l&#039;ANP et un autre appr\u00e9hend\u00e9\u00a0 \u00e0 Gharda\u00efa (MDN) - info algerie","og_description":"ALGER- Le terroriste d\u00e9nomm\u00e9 \u00ab\u00a0L. Farid\u00a0\u00bb\u00a0 dit\u00a0\u00a0 \u00ab\u00a0Abdelwahab Abou Yahia\u00a0\u00bb, a \u00e9t\u00e9 abattu jeudi \u00e0 Akbou (Beja\u00efa) par un\u00a0 d\u00e9tachement de l\u2019Arm\u00e9e nationale populaire, alors que le dangereux\u00a0 terroriste, d\u00e9nomm\u00e9 \u00ab\u00a0Z. Sa\u00efd\u00a0\u00bb, a \u00e9t\u00e9 appr\u00e9hend\u00e9 \u00e0 Gharda\u00efa par les \u00e9l\u00e9ments\u00a0 de la Gendarmerie nationale, indique le minist\u00e8re de la D\u00e9fense nationale\u00a0 (MDN) dans un communiqu\u00e9.","og_url":"https:\/\/www.info-algerie.com\/actualites\/un-terroriste-abattu-a-bejaia-par-les-forces-d-lanp-et-un-autre-apprehende-a-ghardaia-mdn\/","og_site_name":"info algerie","article_publisher":"https:\/\/www.facebook.com\/infoalgerieactu","article_published_time":"2017-05-25T12:01:21+00:00","og_image":[{"width":280,"height":159,"url":"https:\/\/www.info-algerie.com\/actualites\/wp-content\/uploads\/2017\/05\/5084feb0c073ac8304654dc8568d4c5e_S-1.jpg","type":"image\/jpeg"}],"author":"La r\u00e9daction","twitter_misc":{"\u00c9crit par":"La r\u00e9daction","Dur\u00e9e de lecture estim\u00e9e":"2 minutes"},"schema":{"@context":"https:\/\/schema.org","@graph":[{"@type":"Article","@id":"https:\/\/www.info-algerie.com\/actualites\/un-terroriste-abattu-a-bejaia-par-les-forces-d-lanp-et-un-autre-apprehende-a-ghardaia-mdn\/#article","isPartOf":{"@id":"https:\/\/www.info-algerie.com\/actualites\/un-terroriste-abattu-a-bejaia-par-les-forces-d-lanp-et-un-autre-apprehende-a-ghardaia-mdn\/"},"author":{"name":"La r\u00e9daction","@id":"https:\/\/www.info-algerie.com\/actualites\/#\/schema\/person\/847aaec44920825b843a08f30ec6aa1e"},"headline":"Un terroriste abattu \u00e0 Beja\u00efa par les forces d l&#039;ANP et un autre appr\u00e9hend\u00e9\u00a0 \u00e0 Gharda\u00efa (MDN)","datePublished":"2017-05-25T12:01:21+00:00","mainEntityOfPage":{"@id":"https:\/\/www.info-algerie.com\/actualites\/un-terroriste-abattu-a-bejaia-par-les-forces-d-lanp-et-un-autre-apprehende-a-ghardaia-mdn\/"},"wordCount":337,"commentCount":0,"publisher":{"@id":"https:\/\/www.info-algerie.com\/actualites\/#organization"},"image":{"@id":"https:\/\/www.info-algerie.com\/actualites\/un-terroriste-abattu-a-bejaia-par-les-forces-d-lanp-et-un-autre-apprehende-a-ghardaia-mdn\/#primaryimage"},"thumbnailUrl":"https:\/\/www.info-algerie.com\/actualites\/wp-content\/uploads\/2017\/05\/5084feb0c073ac8304654dc8568d4c5e_S-1.jpg","keywords":["ONU"],"articleSection":["infos"],"inLanguage":"fr-FR","potentialAction":[{"@type":"CommentAction","name":"Comment","target":["https:\/\/www.info-algerie.com\/actualites\/un-terroriste-abattu-a-bejaia-par-les-forces-d-lanp-et-un-autre-apprehende-a-ghardaia-mdn\/#respond"]}]},{"@type":"WebPage","@id":"https:\/\/www.info-algerie.com\/actualites\/un-terroriste-abattu-a-bejaia-par-les-forces-d-lanp-et-un-autre-apprehende-a-ghardaia-mdn\/","url":"https:\/\/www.info-algerie.com\/actualites\/un-terroriste-abattu-a-bejaia-par-les-forces-d-lanp-et-un-autre-apprehende-a-ghardaia-mdn\/","name":"Un terroriste abattu \u00e0 Beja\u00efa par les forces d l&#039;ANP et un autre appr\u00e9hend\u00e9\u00a0 \u00e0 Gharda\u00efa (MDN) - info algerie","isPartOf":{"@id":"https:\/\/www.info-algerie.com\/actualites\/#website"},"primaryImageOfPage":{"@id":"https:\/\/www.info-algerie.com\/actualites\/un-terroriste-abattu-a-bejaia-par-les-forces-d-lanp-et-un-autre-apprehende-a-ghardaia-mdn\/#primaryimage"},"image":{"@id":"https:\/\/www.info-algerie.com\/actualites\/un-terroriste-abattu-a-bejaia-par-les-forces-d-lanp-et-un-autre-apprehende-a-ghardaia-mdn\/#primaryimage"},"thumbnailUrl":"https:\/\/www.info-algerie.com\/actualites\/wp-content\/uploads\/2017\/05\/5084feb0c073ac8304654dc8568d4c5e_S-1.jpg","datePublished":"2017-05-25T12:01:21+00:00","breadcrumb":{"@id":"https:\/\/www.info-algerie.com\/actualites\/un-terroriste-abattu-a-bejaia-par-les-forces-d-lanp-et-un-autre-apprehende-a-ghardaia-mdn\/#breadcrumb"},"inLanguage":"fr-FR","potentialAction":[{"@type":"ReadAction","target":["https:\/\/www.info-algerie.com\/actualites\/un-terroriste-abattu-a-bejaia-par-les-forces-d-lanp-et-un-autre-apprehende-a-ghardaia-mdn\/"]}]},{"@type":"ImageObject","inLanguage":"fr-FR","@id":"https:\/\/www.info-algerie.com\/actualites\/un-terroriste-abattu-a-bejaia-par-les-forces-d-lanp-et-un-autre-apprehende-a-ghardaia-mdn\/#primaryimage","url":"https:\/\/www.info-algerie.com\/actualites\/wp-content\/uploads\/2017\/05\/5084feb0c073ac8304654dc8568d4c5e_S-1.jpg","contentUrl":"https:\/\/www.info-algerie.com\/actualites\/wp-content\/uploads\/2017\/05\/5084feb0c073ac8304654dc8568d4c5e_S-1.jpg","width":280,"height":159},{"@type":"BreadcrumbList","@id":"https:\/\/www.info-algerie.com\/actualites\/un-terroriste-abattu-a-bejaia-par-les-forces-d-lanp-et-un-autre-apprehende-a-ghardaia-mdn\/#breadcrumb","itemListElement":[{"@type":"ListItem","position":1,"name":"Accueil","item":"https:\/\/www.info-algerie.com\/actualites\/"},{"@type":"ListItem","position":2,"name":"Un terroriste abattu \u00e0 Beja\u00efa par les forces d l&#039;ANP et un autre appr\u00e9hend\u00e9\u00a0 \u00e0 Gharda\u00efa (MDN)"}]},{"@type":"WebSite","@id":"https:\/\/www.info-algerie.com\/actualites\/#website","url":"https:\/\/www.info-algerie.com\/actualites\/","name":"info algerie","description":"Toutes les actualit\u00e9s","publisher":{"@id":"https:\/\/www.info-algerie.com\/actualites\/#organization"},"potentialAction":[{"@type":"SearchAction","target":{"@type":"EntryPoint","urlTemplate":"https:\/\/www.info-algerie.com\/actualites\/?s={search_term_string}"},"query-input":{"@type":"PropertyValueSpecification","valueRequired":true,"valueName":"search_term_string"}}],"inLanguage":"fr-FR"},{"@type":"Organization","@id":"https:\/\/www.info-algerie.com\/actualites\/#organization","name":"info algerie","url":"https:\/\/www.info-algerie.com\/actualites\/","logo":{"@type":"ImageObject","inLanguage":"fr-FR","@id":"https:\/\/www.info-algerie.com\/actualites\/#\/schema\/logo\/image\/","url":"https:\/\/www.info-algerie.com\/actualites\/wp-content\/uploads\/2022\/07\/logo-ia-120.png","contentUrl":"https:\/\/www.info-algerie.com\/actualites\/wp-content\/uploads\/2022\/07\/logo-ia-120.png","width":120,"height":43,"caption":"info algerie"},"image":{"@id":"https:\/\/www.info-algerie.com\/actualites\/#\/schema\/logo\/image\/"},"sameAs":["https:\/\/www.facebook.com\/infoalgerieactu","https:\/\/x.com\/infoalgerie1"]},{"@type":"Person","@id":"https:\/\/www.info-algerie.com\/actualites\/#\/schema\/person\/847aaec44920825b843a08f30ec6aa1e","name":"La r\u00e9daction","image":{"@type":"ImageObject","inLanguage":"fr-FR","@id":"https:\/\/secure.gravatar.com\/avatar\/769db425c6f465158149f1ffd6cf61ce7a8a879d11dfbef8288af36dfddd418c?s=96&d=mm&r=g","url":"https:\/\/secure.gravatar.com\/avatar\/769db425c6f465158149f1ffd6cf61ce7a8a879d11dfbef8288af36dfddd418c?s=96&d=mm&r=g","contentUrl":"https:\/\/secure.gravatar.com\/avatar\/769db425c6f465158149f1ffd6cf61ce7a8a879d11dfbef8288af36dfddd418c?s=96&d=mm&r=g","caption":"La r\u00e9daction"},"sameAs":["http:\/\/www.lkeria.com\/"],"url":"https:\/\/www.info-algerie.com\/actualites\/author\/chakib32\/"}]}},"_links":{"self":[{"href":"https:\/\/www.info-algerie.com\/actualites\/wp-json\/wp\/v2\/posts\/12544","targetHints":{"allow":["GET"]}}],"collection":[{"href":"https:\/\/www.info-algerie.com\/actualites\/wp-json\/wp\/v2\/posts"}],"about":[{"href":"https:\/\/www.info-algerie.com\/actualites\/wp-json\/wp\/v2\/types\/post"}],"author":[{"embeddable":true,"href":"https:\/\/www.info-algerie.com\/actualites\/wp-json\/wp\/v2\/users\/6"}],"replies":[{"embeddable":true,"href":"https:\/\/www.info-algerie.com\/actualites\/wp-json\/wp\/v2\/comments?post=12544"}],"version-history":[{"count":0,"href":"https:\/\/www.info-algerie.com\/actualites\/wp-json\/wp\/v2\/posts\/12544\/revisions"}],"wp:featuredmedia":[{"embeddable":true,"href":"https:\/\/www.info-algerie.com\/actualites\/wp-json\/wp\/v2\/media\/12545"}],"wp:attachment":[{"href":"https:\/\/www.info-algerie.com\/actualites\/wp-json\/wp\/v2\/media?parent=12544"}],"wp:term":[{"taxonomy":"category","embeddable":true,"href":"https:\/\/www.info-algerie.com\/actualites\/wp-json\/wp\/v2\/categories?post=12544"},{"taxonomy":"post_tag","embeddable":true,"href":"https:\/\/www.info-algerie.com\/actualites\/wp-json\/wp\/v2\/tags?post=12544"}],"curies":[{"name":"wp","href":"https:\/\/api.w.org\/{rel}","templated":true}]}}