{"id":12547,"date":"2017-05-25T14:10:15","date_gmt":"2017-05-25T13:10:15","guid":{"rendered":"http:\/\/www.info-algerie.com\/actualites\/le-president-bouteflika-nomme-les-membres-du-gouvernement\/"},"modified":"2017-05-25T14:10:15","modified_gmt":"2017-05-25T13:10:15","slug":"le-president-bouteflika-nomme-les-membres-du-gouvernement","status":"publish","type":"post","link":"https:\/\/www.info-algerie.com\/actualites\/le-president-bouteflika-nomme-les-membres-du-gouvernement\/","title":{"rendered":"Le pr\u00e9sident Bouteflika nomme les membres du gouvernement"},"content":{"rendered":"<div class=\"K2FeedImage\"><img decoding=\"async\" src=\"https:\/\/www.info-algerie.com\/actualites\/wp-content\/uploads\/2017\/05\/af76f34024013a50c95fa451acce81a9_S.jpg\" alt=\"Le pr&#xE9;sident Bouteflika nomme les membres du gouvernement\" \/><\/div>\n<div class=\"K2FeedIntroText\">\n<p>\u00a0<\/p>\n<p>&#013;<\/p>\n<p>ALGER &#8211; Le pr\u00e9sident de la R\u00e9publique a nomm\u00e9 jeudi les membres du nouveau gouvernement, conduit par le Premier ministre, Abdelmadjid Tebboune, a indiqu\u00e9 un communiqu\u00e9 de la Pr\u00e9sidence de la R\u00e9publique, dont voici le texte int\u00e9gral:<\/p>\n<p>&#013;\n<\/p><\/div>\n<div class=\"K2FeedFullText\">&#013;<\/p>\n<p>\u00a0<\/p>\n<p>&#013;<\/p>\n<p class=\"MsoNormal\">\u00ab\u00a0Conform\u00e9ment \u00e0 l&rsquo;article 93 de la Constitution, et apr\u00e8s consultation du Premier ministre, son excellence M. Abdelaziz Bouteflika, pr\u00e9sident de la R\u00e9publique, ministre de la D\u00e9fense nationale, a nomm\u00e9 ce jeudi 25 mai 2017,\u00a0 les membres du gouvernement, dont la liste se pr\u00e9sente comme suit:<\/p>\n<p>&#013;<\/p>\n<p>\u00a0<\/p>\n<p>&#013;<\/p>\n<p>\u00a0<\/p>\n<p>&#013;<\/p>\n<p><strong>Vice Ministre de la D\u00e9fense Nationale, Chef d&rsquo;Etat major de l&rsquo;ANP :<\/strong> Ahmed GAID SALAH<\/p>\n<p>&#013;<\/p>\n<p><strong>Ministre des Affaires Etrang\u00e8res :<\/strong> Abdelkader MESSAHEL<\/p>\n<p>&#013;<\/p>\n<p><strong>Ministre de l&rsquo;Int\u00e9rieur, des Collectivit\u00e9s locales, et de l&rsquo;Am\u00e9nagement du Territoire:<\/strong> Nour-Eddine BEDOUI<\/p>\n<p>&#013;<\/p>\n<p><strong>Ministre de la Justice, Garde des Sceaux :<\/strong> Tayeb LOUH<\/p>\n<p>&#013;<\/p>\n<p><strong>Ministre des Finances:<\/strong> Abderrahmane RAOUIA<\/p>\n<p>&#013;<\/p>\n<p><strong>Ministre de l&rsquo;Energie:<\/strong> Mustapha GUITOUNI<\/p>\n<p>&#013;<\/p>\n<p><strong>Ministre des Moudjahidine:<\/strong> Tayeb ZITOUNI<\/p>\n<p>&#013;<\/p>\n<p><strong>Ministre des Affaire religieuses et des Wakfs :<\/strong> Mohamed AISSA<\/p>\n<p>&#013;<\/p>\n<p><strong>Ministre de l&rsquo;Education Nationale:<\/strong> Nouria BENGHABRIT<\/p>\n<p>&#013;<\/p>\n<p><strong>Ministre de l\u2019Enseignement Sup\u00e9rieur et de la Recherche Scientifique :<\/strong> Tahar HADJAR<\/p>\n<p>&#013;<\/p>\n<p><strong>Ministre de la Formation et de l&rsquo;Enseignement Professionnels :<\/strong> Mohamed MEBARKI<\/p>\n<p>&#013;<\/p>\n<p><strong>Ministre de la Culture :<\/strong> Azzedine MIHOUBI<\/p>\n<p>&#013;<\/p>\n<p><strong>Ministre de la Poste, des T\u00e9l\u00e9communications, des Technologies et du Num\u00e9rique :<\/strong> Houda Imane FERAOUN<\/p>\n<p>&#013;<\/p>\n<p><strong>Ministre de la Jeunesse et des Sports :<\/strong> El Hadi OULD ALI<\/p>\n<p>&#013;<\/p>\n<p><strong>Ministre de la Solidarit\u00e9 Nationale, de la Famille et de la condition F\u00e9minine:<\/strong> Ghania EDDALIA<\/p>\n<p>&#013;<\/p>\n<p><strong>Ministre de l&rsquo;Industrie et des Mines :<\/strong> Mahdjoub BEDDA<\/p>\n<p>&#013;<\/p>\n<p><strong>Ministre de l&rsquo;Agriculture du D\u00e9veloppement Rural et de la P\u00eache :<\/strong> Abdelkader BOUAZGUI<\/p>\n<p>&#013;<\/p>\n<p><strong>Ministre de l&rsquo;Habitat, de l&rsquo;Urbanisme et de la Ville:<\/strong> Youcef CHORFA<\/p>\n<p>&#013;<\/p>\n<p><strong>Ministre du Commerce :<\/strong> Ahmed SACI<\/p>\n<p>&#013;<\/p>\n<p><strong>Ministre de la Communication :<\/strong> Djamel Kaouane<\/p>\n<p>&#013;<\/p>\n<p><strong>Ministre des Travaux Publics et des Transports :<\/strong> Abdelghani ZAALANE<\/p>\n<p>&#013;<\/p>\n<p><strong>Ministre des Ressources en Eaux :<\/strong> Hocine NECIB<\/p>\n<p>&#013;<\/p>\n<p><strong>Ministre du Tourisme et de l&rsquo;Artisanat :<\/strong> Messaoud BENAGOUN<\/p>\n<p>&#013;<\/p>\n<p><strong>Ministre de la Sant\u00e9, de la Population et de la R\u00e9forme Hospitali\u00e8re:<\/strong> Professeur Mokhtar HAZBELLAOUI<\/p>\n<p>&#013;<\/p>\n<p><strong>Ministre du Travail, de l&rsquo;Emploi et de la S\u00e9curit\u00e9 Sociale:<\/strong> Mourad ZEMALI<\/p>\n<p>&#013;<\/p>\n<p><strong>Ministre des Relations avec le Parlement :<\/strong> Tahar KHAOUA\u00a0<\/p>\n<p>&#013;<\/p>\n<p><strong>Ministre de l&rsquo;Environnement et des Energies Renouvelables :<\/strong> Fatma Zohra ZEROUATI<\/p>\n<p>&#013;<\/p>\n<p>\u00a0<\/p>\n<p>&#013;<\/p>\n<p>Par ailleurs, et conform\u00e9ment \u00e0 l&rsquo;article 92 ali\u00e9na 6 de la Constitution, M. le Pr\u00e9sident de la R\u00e9publique, a \u00e9galement nomm\u00e9 ce jour, <strong>M. Ahmed Noui, ministre, Secr\u00e9taire g\u00e9n\u00e9ral du Gouvernement\u00a0\u00bb<\/strong>.\u00a0<\/p>\n<p>&#013;<\/p>\n<p>\u00a0<\/p>\n<\/div>\n<p>&#013;<br \/>\nSource: <a href=\"http:\/\/www.aps.dz\/algerie\/58174-le-president-bouteflika-nomme-les-membres-du-gouvernement\" target=\"_blank\">Le pr\u00e9sident Bouteflika nomme les membres du gouvernement<\/a><\/p>\n<!--CusAds0-->\n<div style=\"font-size: 0px; height: 0px; line-height: 0px; margin: 0; padding: 0; clear: both;\"><\/div>","protected":false},"excerpt":{"rendered":"<p>\u00a0 &#013; ALGER &#8211; Le pr\u00e9sident de la R\u00e9publique a nomm\u00e9 jeudi les membres du nouveau gouvernement, conduit par le Premier ministre, Abdelmadjid Tebboune, a indiqu\u00e9 un communiqu\u00e9 de la Pr\u00e9sidence de la R\u00e9publique, dont voici le texte int\u00e9gral: &#013; &#013; \u00a0 &#013; \u00ab\u00a0Conform\u00e9ment \u00e0 l&rsquo;article 93 de la Constitution, et apr\u00e8s consultation du Premier<\/p>\n","protected":false},"author":6,"featured_media":12548,"comment_status":"open","ping_status":"open","sticky":false,"template":"","format":"standard","meta":{"footnotes":""},"categories":[22],"tags":[93],"class_list":["post-12547","post","type-post","status-publish","format-standard","has-post-thumbnail","hentry","category-infos","tag-onu"],"yoast_head":"<!-- This site is optimized with the Yoast SEO plugin v27.5 - https:\/\/yoast.com\/product\/yoast-seo-wordpress\/ -->\n<title>Le pr\u00e9sident Bouteflika nomme les membres du gouvernement - info algerie<\/title>\n<meta name=\"robots\" content=\"index, follow, max-snippet:-1, max-image-preview:large, max-video-preview:-1\" \/>\n<link rel=\"canonical\" href=\"https:\/\/www.info-algerie.com\/actualites\/le-president-bouteflika-nomme-les-membres-du-gouvernement\/\" \/>\n<meta property=\"og:locale\" content=\"fr_FR\" \/>\n<meta property=\"og:type\" content=\"article\" \/>\n<meta property=\"og:title\" content=\"Le pr\u00e9sident Bouteflika nomme les membres du gouvernement - info algerie\" \/>\n<meta property=\"og:description\" content=\"\u00a0 &#013; ALGER &#8211; Le pr\u00e9sident de la R\u00e9publique a nomm\u00e9 jeudi les membres du nouveau gouvernement, conduit par le Premier ministre, Abdelmadjid Tebboune, a indiqu\u00e9 un communiqu\u00e9 de la Pr\u00e9sidence de la R\u00e9publique, dont voici le texte int\u00e9gral: &#013; &#013; \u00a0 &#013; \u00ab\u00a0Conform\u00e9ment \u00e0 l&rsquo;article 93 de la Constitution, et apr\u00e8s consultation du Premier\" \/>\n<meta property=\"og:url\" content=\"https:\/\/www.info-algerie.com\/actualites\/le-president-bouteflika-nomme-les-membres-du-gouvernement\/\" \/>\n<meta property=\"og:site_name\" content=\"info algerie\" \/>\n<meta property=\"article:publisher\" content=\"https:\/\/www.facebook.com\/infoalgerieactu\" \/>\n<meta property=\"article:published_time\" content=\"2017-05-25T13:10:15+00:00\" \/>\n<meta property=\"og:image\" content=\"https:\/\/www.info-algerie.com\/actualites\/wp-content\/uploads\/2017\/05\/af76f34024013a50c95fa451acce81a9_S-1.jpg\" \/>\n\t<meta property=\"og:image:width\" content=\"280\" \/>\n\t<meta property=\"og:image:height\" content=\"169\" \/>\n\t<meta property=\"og:image:type\" content=\"image\/jpeg\" \/>\n<meta name=\"author\" content=\"La r\u00e9daction\" \/>\n<meta name=\"twitter:label1\" content=\"\u00c9crit par\" \/>\n\t<meta name=\"twitter:data1\" content=\"La r\u00e9daction\" \/>\n\t<meta name=\"twitter:label2\" content=\"Dur\u00e9e de lecture estim\u00e9e\" \/>\n\t<meta name=\"twitter:data2\" content=\"2 minutes\" \/>\n<script type=\"application\/ld+json\" class=\"yoast-schema-graph\">{\"@context\":\"https:\\\/\\\/schema.org\",\"@graph\":[{\"@type\":\"Article\",\"@id\":\"https:\\\/\\\/www.info-algerie.com\\\/actualites\\\/le-president-bouteflika-nomme-les-membres-du-gouvernement\\\/#article\",\"isPartOf\":{\"@id\":\"https:\\\/\\\/www.info-algerie.com\\\/actualites\\\/le-president-bouteflika-nomme-les-membres-du-gouvernement\\\/\"},\"author\":{\"name\":\"La r\u00e9daction\",\"@id\":\"https:\\\/\\\/www.info-algerie.com\\\/actualites\\\/#\\\/schema\\\/person\\\/847aaec44920825b843a08f30ec6aa1e\"},\"headline\":\"Le pr\u00e9sident Bouteflika nomme les membres du gouvernement\",\"datePublished\":\"2017-05-25T13:10:15+00:00\",\"mainEntityOfPage\":{\"@id\":\"https:\\\/\\\/www.info-algerie.com\\\/actualites\\\/le-president-bouteflika-nomme-les-membres-du-gouvernement\\\/\"},\"wordCount\":425,\"commentCount\":0,\"publisher\":{\"@id\":\"https:\\\/\\\/www.info-algerie.com\\\/actualites\\\/#organization\"},\"image\":{\"@id\":\"https:\\\/\\\/www.info-algerie.com\\\/actualites\\\/le-president-bouteflika-nomme-les-membres-du-gouvernement\\\/#primaryimage\"},\"thumbnailUrl\":\"https:\\\/\\\/www.info-algerie.com\\\/actualites\\\/wp-content\\\/uploads\\\/2017\\\/05\\\/af76f34024013a50c95fa451acce81a9_S-1.jpg\",\"keywords\":[\"ONU\"],\"articleSection\":[\"infos\"],\"inLanguage\":\"fr-FR\",\"potentialAction\":[{\"@type\":\"CommentAction\",\"name\":\"Comment\",\"target\":[\"https:\\\/\\\/www.info-algerie.com\\\/actualites\\\/le-president-bouteflika-nomme-les-membres-du-gouvernement\\\/#respond\"]}]},{\"@type\":\"WebPage\",\"@id\":\"https:\\\/\\\/www.info-algerie.com\\\/actualites\\\/le-president-bouteflika-nomme-les-membres-du-gouvernement\\\/\",\"url\":\"https:\\\/\\\/www.info-algerie.com\\\/actualites\\\/le-president-bouteflika-nomme-les-membres-du-gouvernement\\\/\",\"name\":\"Le pr\u00e9sident Bouteflika nomme les membres du gouvernement - info algerie\",\"isPartOf\":{\"@id\":\"https:\\\/\\\/www.info-algerie.com\\\/actualites\\\/#website\"},\"primaryImageOfPage\":{\"@id\":\"https:\\\/\\\/www.info-algerie.com\\\/actualites\\\/le-president-bouteflika-nomme-les-membres-du-gouvernement\\\/#primaryimage\"},\"image\":{\"@id\":\"https:\\\/\\\/www.info-algerie.com\\\/actualites\\\/le-president-bouteflika-nomme-les-membres-du-gouvernement\\\/#primaryimage\"},\"thumbnailUrl\":\"https:\\\/\\\/www.info-algerie.com\\\/actualites\\\/wp-content\\\/uploads\\\/2017\\\/05\\\/af76f34024013a50c95fa451acce81a9_S-1.jpg\",\"datePublished\":\"2017-05-25T13:10:15+00:00\",\"breadcrumb\":{\"@id\":\"https:\\\/\\\/www.info-algerie.com\\\/actualites\\\/le-president-bouteflika-nomme-les-membres-du-gouvernement\\\/#breadcrumb\"},\"inLanguage\":\"fr-FR\",\"potentialAction\":[{\"@type\":\"ReadAction\",\"target\":[\"https:\\\/\\\/www.info-algerie.com\\\/actualites\\\/le-president-bouteflika-nomme-les-membres-du-gouvernement\\\/\"]}]},{\"@type\":\"ImageObject\",\"inLanguage\":\"fr-FR\",\"@id\":\"https:\\\/\\\/www.info-algerie.com\\\/actualites\\\/le-president-bouteflika-nomme-les-membres-du-gouvernement\\\/#primaryimage\",\"url\":\"https:\\\/\\\/www.info-algerie.com\\\/actualites\\\/wp-content\\\/uploads\\\/2017\\\/05\\\/af76f34024013a50c95fa451acce81a9_S-1.jpg\",\"contentUrl\":\"https:\\\/\\\/www.info-algerie.com\\\/actualites\\\/wp-content\\\/uploads\\\/2017\\\/05\\\/af76f34024013a50c95fa451acce81a9_S-1.jpg\",\"width\":280,\"height\":169},{\"@type\":\"BreadcrumbList\",\"@id\":\"https:\\\/\\\/www.info-algerie.com\\\/actualites\\\/le-president-bouteflika-nomme-les-membres-du-gouvernement\\\/#breadcrumb\",\"itemListElement\":[{\"@type\":\"ListItem\",\"position\":1,\"name\":\"Accueil\",\"item\":\"https:\\\/\\\/www.info-algerie.com\\\/actualites\\\/\"},{\"@type\":\"ListItem\",\"position\":2,\"name\":\"Le pr\u00e9sident Bouteflika nomme les membres du gouvernement\"}]},{\"@type\":\"WebSite\",\"@id\":\"https:\\\/\\\/www.info-algerie.com\\\/actualites\\\/#website\",\"url\":\"https:\\\/\\\/www.info-algerie.com\\\/actualites\\\/\",\"name\":\"info algerie\",\"description\":\"Toutes les actualit\u00e9s\",\"publisher\":{\"@id\":\"https:\\\/\\\/www.info-algerie.com\\\/actualites\\\/#organization\"},\"potentialAction\":[{\"@type\":\"SearchAction\",\"target\":{\"@type\":\"EntryPoint\",\"urlTemplate\":\"https:\\\/\\\/www.info-algerie.com\\\/actualites\\\/?s={search_term_string}\"},\"query-input\":{\"@type\":\"PropertyValueSpecification\",\"valueRequired\":true,\"valueName\":\"search_term_string\"}}],\"inLanguage\":\"fr-FR\"},{\"@type\":\"Organization\",\"@id\":\"https:\\\/\\\/www.info-algerie.com\\\/actualites\\\/#organization\",\"name\":\"info algerie\",\"url\":\"https:\\\/\\\/www.info-algerie.com\\\/actualites\\\/\",\"logo\":{\"@type\":\"ImageObject\",\"inLanguage\":\"fr-FR\",\"@id\":\"https:\\\/\\\/www.info-algerie.com\\\/actualites\\\/#\\\/schema\\\/logo\\\/image\\\/\",\"url\":\"https:\\\/\\\/www.info-algerie.com\\\/actualites\\\/wp-content\\\/uploads\\\/2022\\\/07\\\/logo-ia-120.png\",\"contentUrl\":\"https:\\\/\\\/www.info-algerie.com\\\/actualites\\\/wp-content\\\/uploads\\\/2022\\\/07\\\/logo-ia-120.png\",\"width\":120,\"height\":43,\"caption\":\"info algerie\"},\"image\":{\"@id\":\"https:\\\/\\\/www.info-algerie.com\\\/actualites\\\/#\\\/schema\\\/logo\\\/image\\\/\"},\"sameAs\":[\"https:\\\/\\\/www.facebook.com\\\/infoalgerieactu\",\"https:\\\/\\\/x.com\\\/infoalgerie1\"]},{\"@type\":\"Person\",\"@id\":\"https:\\\/\\\/www.info-algerie.com\\\/actualites\\\/#\\\/schema\\\/person\\\/847aaec44920825b843a08f30ec6aa1e\",\"name\":\"La r\u00e9daction\",\"image\":{\"@type\":\"ImageObject\",\"inLanguage\":\"fr-FR\",\"@id\":\"https:\\\/\\\/secure.gravatar.com\\\/avatar\\\/769db425c6f465158149f1ffd6cf61ce7a8a879d11dfbef8288af36dfddd418c?s=96&d=mm&r=g\",\"url\":\"https:\\\/\\\/secure.gravatar.com\\\/avatar\\\/769db425c6f465158149f1ffd6cf61ce7a8a879d11dfbef8288af36dfddd418c?s=96&d=mm&r=g\",\"contentUrl\":\"https:\\\/\\\/secure.gravatar.com\\\/avatar\\\/769db425c6f465158149f1ffd6cf61ce7a8a879d11dfbef8288af36dfddd418c?s=96&d=mm&r=g\",\"caption\":\"La r\u00e9daction\"},\"sameAs\":[\"http:\\\/\\\/www.lkeria.com\\\/\"],\"url\":\"https:\\\/\\\/www.info-algerie.com\\\/actualites\\\/author\\\/chakib32\\\/\"}]}<\/script>\n<!-- \/ Yoast SEO plugin. -->","yoast_head_json":{"title":"Le pr\u00e9sident Bouteflika nomme les membres du gouvernement - info algerie","robots":{"index":"index","follow":"follow","max-snippet":"max-snippet:-1","max-image-preview":"max-image-preview:large","max-video-preview":"max-video-preview:-1"},"canonical":"https:\/\/www.info-algerie.com\/actualites\/le-president-bouteflika-nomme-les-membres-du-gouvernement\/","og_locale":"fr_FR","og_type":"article","og_title":"Le pr\u00e9sident Bouteflika nomme les membres du gouvernement - info algerie","og_description":"\u00a0 &#013; ALGER &#8211; Le pr\u00e9sident de la R\u00e9publique a nomm\u00e9 jeudi les membres du nouveau gouvernement, conduit par le Premier ministre, Abdelmadjid Tebboune, a indiqu\u00e9 un communiqu\u00e9 de la Pr\u00e9sidence de la R\u00e9publique, dont voici le texte int\u00e9gral: &#013; &#013; \u00a0 &#013; \u00ab\u00a0Conform\u00e9ment \u00e0 l&rsquo;article 93 de la Constitution, et apr\u00e8s consultation du Premier","og_url":"https:\/\/www.info-algerie.com\/actualites\/le-president-bouteflika-nomme-les-membres-du-gouvernement\/","og_site_name":"info algerie","article_publisher":"https:\/\/www.facebook.com\/infoalgerieactu","article_published_time":"2017-05-25T13:10:15+00:00","og_image":[{"width":280,"height":169,"url":"https:\/\/www.info-algerie.com\/actualites\/wp-content\/uploads\/2017\/05\/af76f34024013a50c95fa451acce81a9_S-1.jpg","type":"image\/jpeg"}],"author":"La r\u00e9daction","twitter_misc":{"\u00c9crit par":"La r\u00e9daction","Dur\u00e9e de lecture estim\u00e9e":"2 minutes"},"schema":{"@context":"https:\/\/schema.org","@graph":[{"@type":"Article","@id":"https:\/\/www.info-algerie.com\/actualites\/le-president-bouteflika-nomme-les-membres-du-gouvernement\/#article","isPartOf":{"@id":"https:\/\/www.info-algerie.com\/actualites\/le-president-bouteflika-nomme-les-membres-du-gouvernement\/"},"author":{"name":"La r\u00e9daction","@id":"https:\/\/www.info-algerie.com\/actualites\/#\/schema\/person\/847aaec44920825b843a08f30ec6aa1e"},"headline":"Le pr\u00e9sident Bouteflika nomme les membres du gouvernement","datePublished":"2017-05-25T13:10:15+00:00","mainEntityOfPage":{"@id":"https:\/\/www.info-algerie.com\/actualites\/le-president-bouteflika-nomme-les-membres-du-gouvernement\/"},"wordCount":425,"commentCount":0,"publisher":{"@id":"https:\/\/www.info-algerie.com\/actualites\/#organization"},"image":{"@id":"https:\/\/www.info-algerie.com\/actualites\/le-president-bouteflika-nomme-les-membres-du-gouvernement\/#primaryimage"},"thumbnailUrl":"https:\/\/www.info-algerie.com\/actualites\/wp-content\/uploads\/2017\/05\/af76f34024013a50c95fa451acce81a9_S-1.jpg","keywords":["ONU"],"articleSection":["infos"],"inLanguage":"fr-FR","potentialAction":[{"@type":"CommentAction","name":"Comment","target":["https:\/\/www.info-algerie.com\/actualites\/le-president-bouteflika-nomme-les-membres-du-gouvernement\/#respond"]}]},{"@type":"WebPage","@id":"https:\/\/www.info-algerie.com\/actualites\/le-president-bouteflika-nomme-les-membres-du-gouvernement\/","url":"https:\/\/www.info-algerie.com\/actualites\/le-president-bouteflika-nomme-les-membres-du-gouvernement\/","name":"Le pr\u00e9sident Bouteflika nomme les membres du gouvernement - info algerie","isPartOf":{"@id":"https:\/\/www.info-algerie.com\/actualites\/#website"},"primaryImageOfPage":{"@id":"https:\/\/www.info-algerie.com\/actualites\/le-president-bouteflika-nomme-les-membres-du-gouvernement\/#primaryimage"},"image":{"@id":"https:\/\/www.info-algerie.com\/actualites\/le-president-bouteflika-nomme-les-membres-du-gouvernement\/#primaryimage"},"thumbnailUrl":"https:\/\/www.info-algerie.com\/actualites\/wp-content\/uploads\/2017\/05\/af76f34024013a50c95fa451acce81a9_S-1.jpg","datePublished":"2017-05-25T13:10:15+00:00","breadcrumb":{"@id":"https:\/\/www.info-algerie.com\/actualites\/le-president-bouteflika-nomme-les-membres-du-gouvernement\/#breadcrumb"},"inLanguage":"fr-FR","potentialAction":[{"@type":"ReadAction","target":["https:\/\/www.info-algerie.com\/actualites\/le-president-bouteflika-nomme-les-membres-du-gouvernement\/"]}]},{"@type":"ImageObject","inLanguage":"fr-FR","@id":"https:\/\/www.info-algerie.com\/actualites\/le-president-bouteflika-nomme-les-membres-du-gouvernement\/#primaryimage","url":"https:\/\/www.info-algerie.com\/actualites\/wp-content\/uploads\/2017\/05\/af76f34024013a50c95fa451acce81a9_S-1.jpg","contentUrl":"https:\/\/www.info-algerie.com\/actualites\/wp-content\/uploads\/2017\/05\/af76f34024013a50c95fa451acce81a9_S-1.jpg","width":280,"height":169},{"@type":"BreadcrumbList","@id":"https:\/\/www.info-algerie.com\/actualites\/le-president-bouteflika-nomme-les-membres-du-gouvernement\/#breadcrumb","itemListElement":[{"@type":"ListItem","position":1,"name":"Accueil","item":"https:\/\/www.info-algerie.com\/actualites\/"},{"@type":"ListItem","position":2,"name":"Le pr\u00e9sident Bouteflika nomme les membres du gouvernement"}]},{"@type":"WebSite","@id":"https:\/\/www.info-algerie.com\/actualites\/#website","url":"https:\/\/www.info-algerie.com\/actualites\/","name":"info algerie","description":"Toutes les actualit\u00e9s","publisher":{"@id":"https:\/\/www.info-algerie.com\/actualites\/#organization"},"potentialAction":[{"@type":"SearchAction","target":{"@type":"EntryPoint","urlTemplate":"https:\/\/www.info-algerie.com\/actualites\/?s={search_term_string}"},"query-input":{"@type":"PropertyValueSpecification","valueRequired":true,"valueName":"search_term_string"}}],"inLanguage":"fr-FR"},{"@type":"Organization","@id":"https:\/\/www.info-algerie.com\/actualites\/#organization","name":"info algerie","url":"https:\/\/www.info-algerie.com\/actualites\/","logo":{"@type":"ImageObject","inLanguage":"fr-FR","@id":"https:\/\/www.info-algerie.com\/actualites\/#\/schema\/logo\/image\/","url":"https:\/\/www.info-algerie.com\/actualites\/wp-content\/uploads\/2022\/07\/logo-ia-120.png","contentUrl":"https:\/\/www.info-algerie.com\/actualites\/wp-content\/uploads\/2022\/07\/logo-ia-120.png","width":120,"height":43,"caption":"info algerie"},"image":{"@id":"https:\/\/www.info-algerie.com\/actualites\/#\/schema\/logo\/image\/"},"sameAs":["https:\/\/www.facebook.com\/infoalgerieactu","https:\/\/x.com\/infoalgerie1"]},{"@type":"Person","@id":"https:\/\/www.info-algerie.com\/actualites\/#\/schema\/person\/847aaec44920825b843a08f30ec6aa1e","name":"La r\u00e9daction","image":{"@type":"ImageObject","inLanguage":"fr-FR","@id":"https:\/\/secure.gravatar.com\/avatar\/769db425c6f465158149f1ffd6cf61ce7a8a879d11dfbef8288af36dfddd418c?s=96&d=mm&r=g","url":"https:\/\/secure.gravatar.com\/avatar\/769db425c6f465158149f1ffd6cf61ce7a8a879d11dfbef8288af36dfddd418c?s=96&d=mm&r=g","contentUrl":"https:\/\/secure.gravatar.com\/avatar\/769db425c6f465158149f1ffd6cf61ce7a8a879d11dfbef8288af36dfddd418c?s=96&d=mm&r=g","caption":"La r\u00e9daction"},"sameAs":["http:\/\/www.lkeria.com\/"],"url":"https:\/\/www.info-algerie.com\/actualites\/author\/chakib32\/"}]}},"_links":{"self":[{"href":"https:\/\/www.info-algerie.com\/actualites\/wp-json\/wp\/v2\/posts\/12547","targetHints":{"allow":["GET"]}}],"collection":[{"href":"https:\/\/www.info-algerie.com\/actualites\/wp-json\/wp\/v2\/posts"}],"about":[{"href":"https:\/\/www.info-algerie.com\/actualites\/wp-json\/wp\/v2\/types\/post"}],"author":[{"embeddable":true,"href":"https:\/\/www.info-algerie.com\/actualites\/wp-json\/wp\/v2\/users\/6"}],"replies":[{"embeddable":true,"href":"https:\/\/www.info-algerie.com\/actualites\/wp-json\/wp\/v2\/comments?post=12547"}],"version-history":[{"count":0,"href":"https:\/\/www.info-algerie.com\/actualites\/wp-json\/wp\/v2\/posts\/12547\/revisions"}],"wp:featuredmedia":[{"embeddable":true,"href":"https:\/\/www.info-algerie.com\/actualites\/wp-json\/wp\/v2\/media\/12548"}],"wp:attachment":[{"href":"https:\/\/www.info-algerie.com\/actualites\/wp-json\/wp\/v2\/media?parent=12547"}],"wp:term":[{"taxonomy":"category","embeddable":true,"href":"https:\/\/www.info-algerie.com\/actualites\/wp-json\/wp\/v2\/categories?post=12547"},{"taxonomy":"post_tag","embeddable":true,"href":"https:\/\/www.info-algerie.com\/actualites\/wp-json\/wp\/v2\/tags?post=12547"}],"curies":[{"name":"wp","href":"https:\/\/api.w.org\/{rel}","templated":true}]}}