{"id":12559,"date":"2017-05-25T17:02:46","date_gmt":"2017-05-25T16:02:46","guid":{"rendered":"http:\/\/www.info-algerie.com\/actualites\/appel-a-mobiliser-les-moyens-pour-lutter-contre-la-criminalite\/"},"modified":"2017-05-25T17:02:46","modified_gmt":"2017-05-25T16:02:46","slug":"appel-a-mobiliser-les-moyens-pour-lutter-contre-la-criminalite","status":"publish","type":"post","link":"https:\/\/www.info-algerie.com\/actualites\/appel-a-mobiliser-les-moyens-pour-lutter-contre-la-criminalite\/","title":{"rendered":"Appel \u00e0 mobiliser les moyens pour lutter contre la criminalit\u00e9"},"content":{"rendered":"<div class=\"K2FeedImage\"><img decoding=\"async\" src=\"https:\/\/www.info-algerie.com\/actualites\/wp-content\/uploads\/2017\/05\/3f943cb603a40f8258db03c2e99c9fcc_S.jpg\" alt=\"Appel &#xE0; mobiliser les moyens pour lutter contre la criminalit&#xE9;\" \/><\/div>\n<div class=\"K2FeedIntroText\">\n<p>M\u2019SILA &#8211; Le commandant de la gendarmerie nationale, le g\u00e9n\u00e9ral major Menad Nouba a appel\u00e9 jeudi \u00e0 M\u2019sila \u00e0 mobiliser tous les moyens humains et mat\u00e9riels pour mener \u00ab\u00a0une lutte implacable\u00a0\u00bb contre toutes formes de criminalit\u00e9, y compris celles li\u00e9es aux technologies de l\u2019information et de la communication.<\/p>\n<p>&#013;\n<\/p><\/div>\n<div class=\"K2FeedFullText\">&#013;<\/p>\n<p>Au cours d\u2019une r\u00e9union tenue au groupement territorial de la gendarmerie nationale regroupant les cadres et les chefs d\u2019unit\u00e9s relevant du commandement r\u00e9gional de Blida, le g\u00e9n\u00e9ral major a instruit \u00e0 l\u2019effet de mettre en place de nouvelles formes d\u2019organisations et de moyens ad\u00e9quats devant assurer la s\u00e9curit\u00e9 des individus et leurs biens.<\/p>\n<p>&#013;<\/p>\n<p>Il a, \u00e0 ce propos, appel\u00e9 \u00e0 privil\u00e9gier l\u2019action du renseignement s\u00e9curitaire dans le cadre de la strat\u00e9gie d\u2019intervention et de lutte efficace contre toutes les facettes de criminalit\u00e9 et\u00a0 les agissements des r\u00e9seaux du crime organis\u00e9 soulignant que le travail de proximit\u00e9 associant les citoyens demeure \u00ab\u00a0une action fondamentale\u00a0\u00bb pour renforcer la confiance entre les institutions de l\u2019Etat et le citoyen.<\/p>\n<p>&#013;<\/p>\n<p>Au cours de sa visite dans la capitale du Hodna, le g\u00e9n\u00e9ral major Menad Nouba a visit\u00e9 l\u2019escadron de la s\u00e9curit\u00e9 routi\u00e8re (ESR) de M&rsquo;sila, ainsi que la section de s\u00e9curit\u00e9 et d\u2019intervention (SSI) de la\u00a0 localit\u00e9 de Metarfa.<\/p>\n<p>&#013;<\/p>\n<p>Le g\u00e9n\u00e9ral major Nouba a inspect\u00e9 \u00e9galement le si\u00e8ge du groupement d\u2019intervention du chef-lieu de wilaya qui abrite \u00e9galement une escadrille a\u00e9rienne avant d\u2019inspecter le chantier d\u2019un projet d\u2019une nouvelle infrastructure destin\u00e9e aux h\u00e9licopt\u00e8res dont dispose cette unit\u00e9 arienne qui sert d\u2019appui aux unit\u00e9s de la gendarmerie nationale.<\/p>\n<p>&#013;<\/p>\n<p class=\"MsoNormal\">Dans la da\u00efra de Boussa\u00e2da, le g\u00e9n\u00e9ral major a inspect\u00e9 des unit\u00e9s de la gendarmerie nationale dont les deux brigades territoriales de la s\u00e9curit\u00e9 routi\u00e8re et la section de s\u00e9curit\u00e9 et d\u2019intervention (SSI).<\/p>\n<\/div>\n<p>&#013;<br \/>\nSource: <a href=\"http:\/\/www.aps.dz\/algerie\/58191-appel-a-mobiliser-les-moyens-pour-lutter-contre-la-criminalite\" target=\"_blank\">Appel \u00e0 mobiliser les moyens pour lutter contre la criminalit\u00e9<\/a><\/p>\n<!--CusAds0-->\n<div style=\"font-size: 0px; height: 0px; line-height: 0px; margin: 0; padding: 0; clear: both;\"><\/div>","protected":false},"excerpt":{"rendered":"<p>M\u2019SILA &#8211; Le commandant de la gendarmerie nationale, le g\u00e9n\u00e9ral major Menad Nouba a appel\u00e9 jeudi \u00e0 M\u2019sila \u00e0 mobiliser tous les moyens humains et mat\u00e9riels pour mener \u00ab\u00a0une lutte implacable\u00a0\u00bb contre toutes formes de criminalit\u00e9, y compris celles li\u00e9es aux technologies de l\u2019information et de la communication. &#013; &#013; Au cours d\u2019une r\u00e9union tenue<\/p>\n","protected":false},"author":6,"featured_media":12560,"comment_status":"open","ping_status":"open","sticky":false,"template":"","format":"standard","meta":{"footnotes":""},"categories":[22],"tags":[93],"class_list":["post-12559","post","type-post","status-publish","format-standard","has-post-thumbnail","hentry","category-infos","tag-onu"],"yoast_head":"<!-- This site is optimized with the Yoast SEO plugin v27.5 - https:\/\/yoast.com\/product\/yoast-seo-wordpress\/ -->\n<title>Appel \u00e0 mobiliser les moyens pour lutter contre la criminalit\u00e9 - info algerie<\/title>\n<meta name=\"robots\" content=\"index, follow, max-snippet:-1, max-image-preview:large, max-video-preview:-1\" \/>\n<link rel=\"canonical\" href=\"https:\/\/www.info-algerie.com\/actualites\/appel-a-mobiliser-les-moyens-pour-lutter-contre-la-criminalite\/\" \/>\n<meta property=\"og:locale\" content=\"fr_FR\" \/>\n<meta property=\"og:type\" content=\"article\" \/>\n<meta property=\"og:title\" content=\"Appel \u00e0 mobiliser les moyens pour lutter contre la criminalit\u00e9 - info algerie\" \/>\n<meta property=\"og:description\" content=\"M\u2019SILA &#8211; Le commandant de la gendarmerie nationale, le g\u00e9n\u00e9ral major Menad Nouba a appel\u00e9 jeudi \u00e0 M\u2019sila \u00e0 mobiliser tous les moyens humains et mat\u00e9riels pour mener \u00ab\u00a0une lutte implacable\u00a0\u00bb contre toutes formes de criminalit\u00e9, y compris celles li\u00e9es aux technologies de l\u2019information et de la communication. &#013; &#013; Au cours d\u2019une r\u00e9union tenue\" \/>\n<meta property=\"og:url\" content=\"https:\/\/www.info-algerie.com\/actualites\/appel-a-mobiliser-les-moyens-pour-lutter-contre-la-criminalite\/\" \/>\n<meta property=\"og:site_name\" content=\"info algerie\" \/>\n<meta property=\"article:publisher\" content=\"https:\/\/www.facebook.com\/infoalgerieactu\" \/>\n<meta property=\"article:published_time\" content=\"2017-05-25T16:02:46+00:00\" \/>\n<meta property=\"og:image\" content=\"https:\/\/www.info-algerie.com\/actualites\/wp-content\/uploads\/2017\/05\/3f943cb603a40f8258db03c2e99c9fcc_S-1.jpg\" \/>\n\t<meta property=\"og:image:width\" content=\"280\" \/>\n\t<meta property=\"og:image:height\" content=\"169\" \/>\n\t<meta property=\"og:image:type\" content=\"image\/jpeg\" \/>\n<meta name=\"author\" content=\"La r\u00e9daction\" \/>\n<meta name=\"twitter:label1\" content=\"\u00c9crit par\" \/>\n\t<meta name=\"twitter:data1\" content=\"La r\u00e9daction\" \/>\n\t<meta name=\"twitter:label2\" content=\"Dur\u00e9e de lecture estim\u00e9e\" \/>\n\t<meta name=\"twitter:data2\" content=\"2 minutes\" \/>\n<script type=\"application\/ld+json\" class=\"yoast-schema-graph\">{\"@context\":\"https:\\\/\\\/schema.org\",\"@graph\":[{\"@type\":\"Article\",\"@id\":\"https:\\\/\\\/www.info-algerie.com\\\/actualites\\\/appel-a-mobiliser-les-moyens-pour-lutter-contre-la-criminalite\\\/#article\",\"isPartOf\":{\"@id\":\"https:\\\/\\\/www.info-algerie.com\\\/actualites\\\/appel-a-mobiliser-les-moyens-pour-lutter-contre-la-criminalite\\\/\"},\"author\":{\"name\":\"La r\u00e9daction\",\"@id\":\"https:\\\/\\\/www.info-algerie.com\\\/actualites\\\/#\\\/schema\\\/person\\\/847aaec44920825b843a08f30ec6aa1e\"},\"headline\":\"Appel \u00e0 mobiliser les moyens pour lutter contre la criminalit\u00e9\",\"datePublished\":\"2017-05-25T16:02:46+00:00\",\"mainEntityOfPage\":{\"@id\":\"https:\\\/\\\/www.info-algerie.com\\\/actualites\\\/appel-a-mobiliser-les-moyens-pour-lutter-contre-la-criminalite\\\/\"},\"wordCount\":352,\"commentCount\":0,\"publisher\":{\"@id\":\"https:\\\/\\\/www.info-algerie.com\\\/actualites\\\/#organization\"},\"image\":{\"@id\":\"https:\\\/\\\/www.info-algerie.com\\\/actualites\\\/appel-a-mobiliser-les-moyens-pour-lutter-contre-la-criminalite\\\/#primaryimage\"},\"thumbnailUrl\":\"https:\\\/\\\/www.info-algerie.com\\\/actualites\\\/wp-content\\\/uploads\\\/2017\\\/05\\\/3f943cb603a40f8258db03c2e99c9fcc_S-1.jpg\",\"keywords\":[\"ONU\"],\"articleSection\":[\"infos\"],\"inLanguage\":\"fr-FR\",\"potentialAction\":[{\"@type\":\"CommentAction\",\"name\":\"Comment\",\"target\":[\"https:\\\/\\\/www.info-algerie.com\\\/actualites\\\/appel-a-mobiliser-les-moyens-pour-lutter-contre-la-criminalite\\\/#respond\"]}]},{\"@type\":\"WebPage\",\"@id\":\"https:\\\/\\\/www.info-algerie.com\\\/actualites\\\/appel-a-mobiliser-les-moyens-pour-lutter-contre-la-criminalite\\\/\",\"url\":\"https:\\\/\\\/www.info-algerie.com\\\/actualites\\\/appel-a-mobiliser-les-moyens-pour-lutter-contre-la-criminalite\\\/\",\"name\":\"Appel \u00e0 mobiliser les moyens pour lutter contre la criminalit\u00e9 - info algerie\",\"isPartOf\":{\"@id\":\"https:\\\/\\\/www.info-algerie.com\\\/actualites\\\/#website\"},\"primaryImageOfPage\":{\"@id\":\"https:\\\/\\\/www.info-algerie.com\\\/actualites\\\/appel-a-mobiliser-les-moyens-pour-lutter-contre-la-criminalite\\\/#primaryimage\"},\"image\":{\"@id\":\"https:\\\/\\\/www.info-algerie.com\\\/actualites\\\/appel-a-mobiliser-les-moyens-pour-lutter-contre-la-criminalite\\\/#primaryimage\"},\"thumbnailUrl\":\"https:\\\/\\\/www.info-algerie.com\\\/actualites\\\/wp-content\\\/uploads\\\/2017\\\/05\\\/3f943cb603a40f8258db03c2e99c9fcc_S-1.jpg\",\"datePublished\":\"2017-05-25T16:02:46+00:00\",\"breadcrumb\":{\"@id\":\"https:\\\/\\\/www.info-algerie.com\\\/actualites\\\/appel-a-mobiliser-les-moyens-pour-lutter-contre-la-criminalite\\\/#breadcrumb\"},\"inLanguage\":\"fr-FR\",\"potentialAction\":[{\"@type\":\"ReadAction\",\"target\":[\"https:\\\/\\\/www.info-algerie.com\\\/actualites\\\/appel-a-mobiliser-les-moyens-pour-lutter-contre-la-criminalite\\\/\"]}]},{\"@type\":\"ImageObject\",\"inLanguage\":\"fr-FR\",\"@id\":\"https:\\\/\\\/www.info-algerie.com\\\/actualites\\\/appel-a-mobiliser-les-moyens-pour-lutter-contre-la-criminalite\\\/#primaryimage\",\"url\":\"https:\\\/\\\/www.info-algerie.com\\\/actualites\\\/wp-content\\\/uploads\\\/2017\\\/05\\\/3f943cb603a40f8258db03c2e99c9fcc_S-1.jpg\",\"contentUrl\":\"https:\\\/\\\/www.info-algerie.com\\\/actualites\\\/wp-content\\\/uploads\\\/2017\\\/05\\\/3f943cb603a40f8258db03c2e99c9fcc_S-1.jpg\",\"width\":280,\"height\":169},{\"@type\":\"BreadcrumbList\",\"@id\":\"https:\\\/\\\/www.info-algerie.com\\\/actualites\\\/appel-a-mobiliser-les-moyens-pour-lutter-contre-la-criminalite\\\/#breadcrumb\",\"itemListElement\":[{\"@type\":\"ListItem\",\"position\":1,\"name\":\"Accueil\",\"item\":\"https:\\\/\\\/www.info-algerie.com\\\/actualites\\\/\"},{\"@type\":\"ListItem\",\"position\":2,\"name\":\"Appel \u00e0 mobiliser les moyens pour lutter contre la criminalit\u00e9\"}]},{\"@type\":\"WebSite\",\"@id\":\"https:\\\/\\\/www.info-algerie.com\\\/actualites\\\/#website\",\"url\":\"https:\\\/\\\/www.info-algerie.com\\\/actualites\\\/\",\"name\":\"info algerie\",\"description\":\"Toutes les actualit\u00e9s\",\"publisher\":{\"@id\":\"https:\\\/\\\/www.info-algerie.com\\\/actualites\\\/#organization\"},\"potentialAction\":[{\"@type\":\"SearchAction\",\"target\":{\"@type\":\"EntryPoint\",\"urlTemplate\":\"https:\\\/\\\/www.info-algerie.com\\\/actualites\\\/?s={search_term_string}\"},\"query-input\":{\"@type\":\"PropertyValueSpecification\",\"valueRequired\":true,\"valueName\":\"search_term_string\"}}],\"inLanguage\":\"fr-FR\"},{\"@type\":\"Organization\",\"@id\":\"https:\\\/\\\/www.info-algerie.com\\\/actualites\\\/#organization\",\"name\":\"info algerie\",\"url\":\"https:\\\/\\\/www.info-algerie.com\\\/actualites\\\/\",\"logo\":{\"@type\":\"ImageObject\",\"inLanguage\":\"fr-FR\",\"@id\":\"https:\\\/\\\/www.info-algerie.com\\\/actualites\\\/#\\\/schema\\\/logo\\\/image\\\/\",\"url\":\"https:\\\/\\\/www.info-algerie.com\\\/actualites\\\/wp-content\\\/uploads\\\/2022\\\/07\\\/logo-ia-120.png\",\"contentUrl\":\"https:\\\/\\\/www.info-algerie.com\\\/actualites\\\/wp-content\\\/uploads\\\/2022\\\/07\\\/logo-ia-120.png\",\"width\":120,\"height\":43,\"caption\":\"info algerie\"},\"image\":{\"@id\":\"https:\\\/\\\/www.info-algerie.com\\\/actualites\\\/#\\\/schema\\\/logo\\\/image\\\/\"},\"sameAs\":[\"https:\\\/\\\/www.facebook.com\\\/infoalgerieactu\",\"https:\\\/\\\/x.com\\\/infoalgerie1\"]},{\"@type\":\"Person\",\"@id\":\"https:\\\/\\\/www.info-algerie.com\\\/actualites\\\/#\\\/schema\\\/person\\\/847aaec44920825b843a08f30ec6aa1e\",\"name\":\"La r\u00e9daction\",\"image\":{\"@type\":\"ImageObject\",\"inLanguage\":\"fr-FR\",\"@id\":\"https:\\\/\\\/secure.gravatar.com\\\/avatar\\\/769db425c6f465158149f1ffd6cf61ce7a8a879d11dfbef8288af36dfddd418c?s=96&d=mm&r=g\",\"url\":\"https:\\\/\\\/secure.gravatar.com\\\/avatar\\\/769db425c6f465158149f1ffd6cf61ce7a8a879d11dfbef8288af36dfddd418c?s=96&d=mm&r=g\",\"contentUrl\":\"https:\\\/\\\/secure.gravatar.com\\\/avatar\\\/769db425c6f465158149f1ffd6cf61ce7a8a879d11dfbef8288af36dfddd418c?s=96&d=mm&r=g\",\"caption\":\"La r\u00e9daction\"},\"sameAs\":[\"http:\\\/\\\/www.lkeria.com\\\/\"],\"url\":\"https:\\\/\\\/www.info-algerie.com\\\/actualites\\\/author\\\/chakib32\\\/\"}]}<\/script>\n<!-- \/ Yoast SEO plugin. -->","yoast_head_json":{"title":"Appel \u00e0 mobiliser les moyens pour lutter contre la criminalit\u00e9 - info algerie","robots":{"index":"index","follow":"follow","max-snippet":"max-snippet:-1","max-image-preview":"max-image-preview:large","max-video-preview":"max-video-preview:-1"},"canonical":"https:\/\/www.info-algerie.com\/actualites\/appel-a-mobiliser-les-moyens-pour-lutter-contre-la-criminalite\/","og_locale":"fr_FR","og_type":"article","og_title":"Appel \u00e0 mobiliser les moyens pour lutter contre la criminalit\u00e9 - info algerie","og_description":"M\u2019SILA &#8211; Le commandant de la gendarmerie nationale, le g\u00e9n\u00e9ral major Menad Nouba a appel\u00e9 jeudi \u00e0 M\u2019sila \u00e0 mobiliser tous les moyens humains et mat\u00e9riels pour mener \u00ab\u00a0une lutte implacable\u00a0\u00bb contre toutes formes de criminalit\u00e9, y compris celles li\u00e9es aux technologies de l\u2019information et de la communication. &#013; &#013; Au cours d\u2019une r\u00e9union tenue","og_url":"https:\/\/www.info-algerie.com\/actualites\/appel-a-mobiliser-les-moyens-pour-lutter-contre-la-criminalite\/","og_site_name":"info algerie","article_publisher":"https:\/\/www.facebook.com\/infoalgerieactu","article_published_time":"2017-05-25T16:02:46+00:00","og_image":[{"width":280,"height":169,"url":"https:\/\/www.info-algerie.com\/actualites\/wp-content\/uploads\/2017\/05\/3f943cb603a40f8258db03c2e99c9fcc_S-1.jpg","type":"image\/jpeg"}],"author":"La r\u00e9daction","twitter_misc":{"\u00c9crit par":"La r\u00e9daction","Dur\u00e9e de lecture estim\u00e9e":"2 minutes"},"schema":{"@context":"https:\/\/schema.org","@graph":[{"@type":"Article","@id":"https:\/\/www.info-algerie.com\/actualites\/appel-a-mobiliser-les-moyens-pour-lutter-contre-la-criminalite\/#article","isPartOf":{"@id":"https:\/\/www.info-algerie.com\/actualites\/appel-a-mobiliser-les-moyens-pour-lutter-contre-la-criminalite\/"},"author":{"name":"La r\u00e9daction","@id":"https:\/\/www.info-algerie.com\/actualites\/#\/schema\/person\/847aaec44920825b843a08f30ec6aa1e"},"headline":"Appel \u00e0 mobiliser les moyens pour lutter contre la criminalit\u00e9","datePublished":"2017-05-25T16:02:46+00:00","mainEntityOfPage":{"@id":"https:\/\/www.info-algerie.com\/actualites\/appel-a-mobiliser-les-moyens-pour-lutter-contre-la-criminalite\/"},"wordCount":352,"commentCount":0,"publisher":{"@id":"https:\/\/www.info-algerie.com\/actualites\/#organization"},"image":{"@id":"https:\/\/www.info-algerie.com\/actualites\/appel-a-mobiliser-les-moyens-pour-lutter-contre-la-criminalite\/#primaryimage"},"thumbnailUrl":"https:\/\/www.info-algerie.com\/actualites\/wp-content\/uploads\/2017\/05\/3f943cb603a40f8258db03c2e99c9fcc_S-1.jpg","keywords":["ONU"],"articleSection":["infos"],"inLanguage":"fr-FR","potentialAction":[{"@type":"CommentAction","name":"Comment","target":["https:\/\/www.info-algerie.com\/actualites\/appel-a-mobiliser-les-moyens-pour-lutter-contre-la-criminalite\/#respond"]}]},{"@type":"WebPage","@id":"https:\/\/www.info-algerie.com\/actualites\/appel-a-mobiliser-les-moyens-pour-lutter-contre-la-criminalite\/","url":"https:\/\/www.info-algerie.com\/actualites\/appel-a-mobiliser-les-moyens-pour-lutter-contre-la-criminalite\/","name":"Appel \u00e0 mobiliser les moyens pour lutter contre la criminalit\u00e9 - info algerie","isPartOf":{"@id":"https:\/\/www.info-algerie.com\/actualites\/#website"},"primaryImageOfPage":{"@id":"https:\/\/www.info-algerie.com\/actualites\/appel-a-mobiliser-les-moyens-pour-lutter-contre-la-criminalite\/#primaryimage"},"image":{"@id":"https:\/\/www.info-algerie.com\/actualites\/appel-a-mobiliser-les-moyens-pour-lutter-contre-la-criminalite\/#primaryimage"},"thumbnailUrl":"https:\/\/www.info-algerie.com\/actualites\/wp-content\/uploads\/2017\/05\/3f943cb603a40f8258db03c2e99c9fcc_S-1.jpg","datePublished":"2017-05-25T16:02:46+00:00","breadcrumb":{"@id":"https:\/\/www.info-algerie.com\/actualites\/appel-a-mobiliser-les-moyens-pour-lutter-contre-la-criminalite\/#breadcrumb"},"inLanguage":"fr-FR","potentialAction":[{"@type":"ReadAction","target":["https:\/\/www.info-algerie.com\/actualites\/appel-a-mobiliser-les-moyens-pour-lutter-contre-la-criminalite\/"]}]},{"@type":"ImageObject","inLanguage":"fr-FR","@id":"https:\/\/www.info-algerie.com\/actualites\/appel-a-mobiliser-les-moyens-pour-lutter-contre-la-criminalite\/#primaryimage","url":"https:\/\/www.info-algerie.com\/actualites\/wp-content\/uploads\/2017\/05\/3f943cb603a40f8258db03c2e99c9fcc_S-1.jpg","contentUrl":"https:\/\/www.info-algerie.com\/actualites\/wp-content\/uploads\/2017\/05\/3f943cb603a40f8258db03c2e99c9fcc_S-1.jpg","width":280,"height":169},{"@type":"BreadcrumbList","@id":"https:\/\/www.info-algerie.com\/actualites\/appel-a-mobiliser-les-moyens-pour-lutter-contre-la-criminalite\/#breadcrumb","itemListElement":[{"@type":"ListItem","position":1,"name":"Accueil","item":"https:\/\/www.info-algerie.com\/actualites\/"},{"@type":"ListItem","position":2,"name":"Appel \u00e0 mobiliser les moyens pour lutter contre la criminalit\u00e9"}]},{"@type":"WebSite","@id":"https:\/\/www.info-algerie.com\/actualites\/#website","url":"https:\/\/www.info-algerie.com\/actualites\/","name":"info algerie","description":"Toutes les actualit\u00e9s","publisher":{"@id":"https:\/\/www.info-algerie.com\/actualites\/#organization"},"potentialAction":[{"@type":"SearchAction","target":{"@type":"EntryPoint","urlTemplate":"https:\/\/www.info-algerie.com\/actualites\/?s={search_term_string}"},"query-input":{"@type":"PropertyValueSpecification","valueRequired":true,"valueName":"search_term_string"}}],"inLanguage":"fr-FR"},{"@type":"Organization","@id":"https:\/\/www.info-algerie.com\/actualites\/#organization","name":"info algerie","url":"https:\/\/www.info-algerie.com\/actualites\/","logo":{"@type":"ImageObject","inLanguage":"fr-FR","@id":"https:\/\/www.info-algerie.com\/actualites\/#\/schema\/logo\/image\/","url":"https:\/\/www.info-algerie.com\/actualites\/wp-content\/uploads\/2022\/07\/logo-ia-120.png","contentUrl":"https:\/\/www.info-algerie.com\/actualites\/wp-content\/uploads\/2022\/07\/logo-ia-120.png","width":120,"height":43,"caption":"info algerie"},"image":{"@id":"https:\/\/www.info-algerie.com\/actualites\/#\/schema\/logo\/image\/"},"sameAs":["https:\/\/www.facebook.com\/infoalgerieactu","https:\/\/x.com\/infoalgerie1"]},{"@type":"Person","@id":"https:\/\/www.info-algerie.com\/actualites\/#\/schema\/person\/847aaec44920825b843a08f30ec6aa1e","name":"La r\u00e9daction","image":{"@type":"ImageObject","inLanguage":"fr-FR","@id":"https:\/\/secure.gravatar.com\/avatar\/769db425c6f465158149f1ffd6cf61ce7a8a879d11dfbef8288af36dfddd418c?s=96&d=mm&r=g","url":"https:\/\/secure.gravatar.com\/avatar\/769db425c6f465158149f1ffd6cf61ce7a8a879d11dfbef8288af36dfddd418c?s=96&d=mm&r=g","contentUrl":"https:\/\/secure.gravatar.com\/avatar\/769db425c6f465158149f1ffd6cf61ce7a8a879d11dfbef8288af36dfddd418c?s=96&d=mm&r=g","caption":"La r\u00e9daction"},"sameAs":["http:\/\/www.lkeria.com\/"],"url":"https:\/\/www.info-algerie.com\/actualites\/author\/chakib32\/"}]}},"_links":{"self":[{"href":"https:\/\/www.info-algerie.com\/actualites\/wp-json\/wp\/v2\/posts\/12559","targetHints":{"allow":["GET"]}}],"collection":[{"href":"https:\/\/www.info-algerie.com\/actualites\/wp-json\/wp\/v2\/posts"}],"about":[{"href":"https:\/\/www.info-algerie.com\/actualites\/wp-json\/wp\/v2\/types\/post"}],"author":[{"embeddable":true,"href":"https:\/\/www.info-algerie.com\/actualites\/wp-json\/wp\/v2\/users\/6"}],"replies":[{"embeddable":true,"href":"https:\/\/www.info-algerie.com\/actualites\/wp-json\/wp\/v2\/comments?post=12559"}],"version-history":[{"count":0,"href":"https:\/\/www.info-algerie.com\/actualites\/wp-json\/wp\/v2\/posts\/12559\/revisions"}],"wp:featuredmedia":[{"embeddable":true,"href":"https:\/\/www.info-algerie.com\/actualites\/wp-json\/wp\/v2\/media\/12560"}],"wp:attachment":[{"href":"https:\/\/www.info-algerie.com\/actualites\/wp-json\/wp\/v2\/media?parent=12559"}],"wp:term":[{"taxonomy":"category","embeddable":true,"href":"https:\/\/www.info-algerie.com\/actualites\/wp-json\/wp\/v2\/categories?post=12559"},{"taxonomy":"post_tag","embeddable":true,"href":"https:\/\/www.info-algerie.com\/actualites\/wp-json\/wp\/v2\/tags?post=12559"}],"curies":[{"name":"wp","href":"https:\/\/api.w.org\/{rel}","templated":true}]}}