{"id":12576,"date":"2017-05-26T14:19:44","date_gmt":"2017-05-26T13:19:44","guid":{"rendered":"http:\/\/www.info-algerie.com\/actualites\/lalgerie-celebre-la-journee-de-lafrique\/"},"modified":"2017-05-26T14:19:44","modified_gmt":"2017-05-26T13:19:44","slug":"lalgerie-celebre-la-journee-de-lafrique","status":"publish","type":"post","link":"https:\/\/www.info-algerie.com\/actualites\/lalgerie-celebre-la-journee-de-lafrique\/","title":{"rendered":"L&#039;Alg\u00e9rie c\u00e9l\u00e8bre la Journ\u00e9e de l&#039;Afrique"},"content":{"rendered":"<div class=\"K2FeedImage\"><img decoding=\"async\" src=\"https:\/\/www.info-algerie.com\/actualites\/wp-content\/uploads\/2017\/05\/93934ca04bee5ecdee6482470c4aed16_S.jpg\" alt=\"L'Alg&#xE9;rie c&#xE9;l&#xE8;bre la Journ&#xE9;e de l'Afrique\" \/><\/div>\n<div class=\"K2FeedIntroText\">\n<p>ALGER &#8211; La Journ\u00e9e de l&rsquo;Afrique a \u00e9t\u00e9 c\u00e9l\u00e9br\u00e9e jeudi \u00e0 Alger \u00e0 l&rsquo;occasion de la c\u00e9l\u00e9bration du 54\u00e8me anniversaire de la cr\u00e9ation de l&rsquo;Organisation de Union africaine, actuellement Union Africaine.<\/p>\n<p>&#013;\n<\/p><\/div>\n<div class=\"K2FeedFullText\">&#013;<\/p>\n<p>Cette Journ\u00e9e a \u00e9t\u00e9 c\u00e9l\u00e9br\u00e9e en pr\u00e9sence du pr\u00e9sident du Conseil constitutionnel, Mourad Medelci, du ministre d&rsquo;Etat, ministre des Affaires \u00e9trang\u00e8res et de la Coop\u00e9ration internationale sortant, Ramtane Lamamra, du ministre des Affaires \u00e9trang\u00e8res nouvellement d\u00e9sign\u00e9, Abdelkader Messahel, des membres du gouvernement et des membres du corps diplomatique accr\u00e9dit\u00e9 \u00e0 Alger.<\/p>\n<p>&#013;<\/p>\n<p>Dans son allocution d&rsquo;ouverture, M. Lamamra a indiqu\u00e9 que \u00ab\u00a0la c\u00e9l\u00e9bration de cet \u00e9v\u00e9nement s&rsquo;inscrit dans le cadre d\u2019une tradition bien \u00e9tablie en Afrique et t\u00e9moigne de l&rsquo;attachement de nos pays aux valeurs et aux id\u00e9aux fondateurs de l&rsquo;OUA et qui impr\u00e8gnent d\u00e9sormais leur d\u00e9marche dans la prise en charge des besoins du moment, dans la voie de la r\u00e9alisation d&rsquo;un destin commun solidaire\u00a0\u00bb.<\/p>\n<p>&#013;<\/p>\n<p>\u00ab\u00a0Dans une vision port\u00e9e par la g\u00e9n\u00e9rosit\u00e9 et l\u2019ambition, les p\u00e8res de l\u2019OUA ont pos\u00e9 le 25 mai 1963 les fondements de ce qui est devenu aujourd\u2019hui l\u2019Union africaine et lui ont assign\u00e9e comme objectif central, par-del\u00e0 l&rsquo;\u00e9tape historique d\u2019affranchissement du continent du joug colonial, gr\u00e2ce au parach\u00e8vement de sa lib\u00e9ration, la promotion de l\u2019Afrique en un acteur majeur dans les relations internationales, un acteur capable de traduire concr\u00e8tement les attentes et aspirations des peuples africains et de transformer leurs conditions de vie\u00a0\u00bb, a soulign\u00e9 M. Lamamra.<\/p>\n<p>&#013;<\/p>\n<p>Intervenant en sa qualit\u00e9 de doyen des ambassadeurs africains \u00e0 Alger, l&rsquo;ambassadeur du Cameroun, Claude Joesph M`Bafou qui est \u00e9galement repr\u00e9sentant du Groupe Afrique, a relev\u00e9 dans son allocution \u00ab\u00a0le r\u00f4le\u00a0\u00bb de l`Alg\u00e9rie dans l&rsquo;instauration de la paix et de la s\u00e9curit\u00e9 en Afrique ainsi que ses efforts allant dans le sens du d\u00e9veloppement \u00e9conomique du continent.<\/p>\n<p>&#013;<\/p>\n<p>En ce sens, il a cit\u00e9 organisation par l&rsquo;Alg\u00e9rie au cours de l&rsquo;ann\u00e9e 2017 de plusieurs \u00e9v\u00e9nements en relations avec l&rsquo;Afrique, citant notamment le forum africain d`investissements et d`affaires, le forum sur la gouvernance et les nouvelles technologies de information et de la communication ainsi que la tenue de la premi\u00e8re assembl\u00e9e g\u00e9n\u00e9rale de l&rsquo;Afripol.<\/p>\n<p>&#013;<\/p>\n<p>M. M`Bafou a \u00e9galement mis l&rsquo;accent sur le d\u00e9veloppement durable en Afrique qui enregistre une croissance de +5%, appelant \u00e0 pers\u00e9v\u00e9rer dans cet effort afin de faire de l&rsquo;Afrique, un exemple en mati\u00e8re de d\u00e9veloppement.<\/p>\n<p>&#013;<\/p>\n<p class=\"MsoNormal\">Cette Journ\u00e9e a \u00e9t\u00e9 cl\u00f4tur\u00e9e par organisation d&rsquo;un concert musical d\u00e9di\u00e9 \u00e0 Afrique.<\/p>\n<\/div>\n<p>&#013;<br \/>\nSource: <a href=\"http:\/\/www.aps.dz\/algerie\/58221-l-algerie-celebre-la-journee-de-l-afrique\" target=\"_blank\">L&rsquo;Alg\u00e9rie c\u00e9l\u00e8bre la Journ\u00e9e de l&rsquo;Afrique<\/a><\/p>\n<!--CusAds0-->\n<div style=\"font-size: 0px; height: 0px; line-height: 0px; margin: 0; padding: 0; clear: both;\"><\/div>","protected":false},"excerpt":{"rendered":"<p>ALGER &#8211; La Journ\u00e9e de l&rsquo;Afrique a \u00e9t\u00e9 c\u00e9l\u00e9br\u00e9e jeudi \u00e0 Alger \u00e0 l&rsquo;occasion de la c\u00e9l\u00e9bration du 54\u00e8me anniversaire de la cr\u00e9ation de l&rsquo;Organisation de Union africaine, actuellement Union Africaine. &#013; &#013; Cette Journ\u00e9e a \u00e9t\u00e9 c\u00e9l\u00e9br\u00e9e en pr\u00e9sence du pr\u00e9sident du Conseil constitutionnel, Mourad Medelci, du ministre d&rsquo;Etat, ministre des Affaires \u00e9trang\u00e8res et<\/p>\n","protected":false},"author":6,"featured_media":12577,"comment_status":"open","ping_status":"open","sticky":false,"template":"","format":"standard","meta":{"footnotes":""},"categories":[22],"tags":[93],"class_list":["post-12576","post","type-post","status-publish","format-standard","has-post-thumbnail","hentry","category-infos","tag-onu"],"yoast_head":"<!-- This site is optimized with the Yoast SEO plugin v27.5 - https:\/\/yoast.com\/product\/yoast-seo-wordpress\/ -->\n<title>L&#039;Alg\u00e9rie c\u00e9l\u00e8bre la Journ\u00e9e de l&#039;Afrique - info algerie<\/title>\n<meta name=\"robots\" content=\"index, follow, max-snippet:-1, max-image-preview:large, max-video-preview:-1\" \/>\n<link rel=\"canonical\" href=\"https:\/\/www.info-algerie.com\/actualites\/lalgerie-celebre-la-journee-de-lafrique\/\" \/>\n<meta property=\"og:locale\" content=\"fr_FR\" \/>\n<meta property=\"og:type\" content=\"article\" \/>\n<meta property=\"og:title\" content=\"L&#039;Alg\u00e9rie c\u00e9l\u00e8bre la Journ\u00e9e de l&#039;Afrique - info algerie\" \/>\n<meta property=\"og:description\" content=\"ALGER &#8211; La Journ\u00e9e de l&rsquo;Afrique a \u00e9t\u00e9 c\u00e9l\u00e9br\u00e9e jeudi \u00e0 Alger \u00e0 l&rsquo;occasion de la c\u00e9l\u00e9bration du 54\u00e8me anniversaire de la cr\u00e9ation de l&rsquo;Organisation de Union africaine, actuellement Union Africaine. &#013; &#013; Cette Journ\u00e9e a \u00e9t\u00e9 c\u00e9l\u00e9br\u00e9e en pr\u00e9sence du pr\u00e9sident du Conseil constitutionnel, Mourad Medelci, du ministre d&rsquo;Etat, ministre des Affaires \u00e9trang\u00e8res et\" \/>\n<meta property=\"og:url\" content=\"https:\/\/www.info-algerie.com\/actualites\/lalgerie-celebre-la-journee-de-lafrique\/\" \/>\n<meta property=\"og:site_name\" content=\"info algerie\" \/>\n<meta property=\"article:publisher\" content=\"https:\/\/www.facebook.com\/infoalgerieactu\" \/>\n<meta property=\"article:published_time\" content=\"2017-05-26T13:19:44+00:00\" \/>\n<meta property=\"og:image\" content=\"https:\/\/www.info-algerie.com\/actualites\/wp-content\/uploads\/2017\/05\/93934ca04bee5ecdee6482470c4aed16_S-1.jpg\" \/>\n\t<meta property=\"og:image:width\" content=\"280\" \/>\n\t<meta property=\"og:image:height\" content=\"169\" \/>\n\t<meta property=\"og:image:type\" content=\"image\/jpeg\" \/>\n<meta name=\"author\" content=\"La r\u00e9daction\" \/>\n<meta name=\"twitter:label1\" content=\"\u00c9crit par\" \/>\n\t<meta name=\"twitter:data1\" content=\"La r\u00e9daction\" \/>\n\t<meta name=\"twitter:label2\" content=\"Dur\u00e9e de lecture estim\u00e9e\" \/>\n\t<meta name=\"twitter:data2\" content=\"2 minutes\" \/>\n<script type=\"application\/ld+json\" class=\"yoast-schema-graph\">{\"@context\":\"https:\\\/\\\/schema.org\",\"@graph\":[{\"@type\":\"Article\",\"@id\":\"https:\\\/\\\/www.info-algerie.com\\\/actualites\\\/lalgerie-celebre-la-journee-de-lafrique\\\/#article\",\"isPartOf\":{\"@id\":\"https:\\\/\\\/www.info-algerie.com\\\/actualites\\\/lalgerie-celebre-la-journee-de-lafrique\\\/\"},\"author\":{\"name\":\"La r\u00e9daction\",\"@id\":\"https:\\\/\\\/www.info-algerie.com\\\/actualites\\\/#\\\/schema\\\/person\\\/847aaec44920825b843a08f30ec6aa1e\"},\"headline\":\"L&#039;Alg\u00e9rie c\u00e9l\u00e8bre la Journ\u00e9e de l&#039;Afrique\",\"datePublished\":\"2017-05-26T13:19:44+00:00\",\"mainEntityOfPage\":{\"@id\":\"https:\\\/\\\/www.info-algerie.com\\\/actualites\\\/lalgerie-celebre-la-journee-de-lafrique\\\/\"},\"wordCount\":496,\"commentCount\":0,\"publisher\":{\"@id\":\"https:\\\/\\\/www.info-algerie.com\\\/actualites\\\/#organization\"},\"image\":{\"@id\":\"https:\\\/\\\/www.info-algerie.com\\\/actualites\\\/lalgerie-celebre-la-journee-de-lafrique\\\/#primaryimage\"},\"thumbnailUrl\":\"https:\\\/\\\/www.info-algerie.com\\\/actualites\\\/wp-content\\\/uploads\\\/2017\\\/05\\\/93934ca04bee5ecdee6482470c4aed16_S-1.jpg\",\"keywords\":[\"ONU\"],\"articleSection\":[\"infos\"],\"inLanguage\":\"fr-FR\",\"potentialAction\":[{\"@type\":\"CommentAction\",\"name\":\"Comment\",\"target\":[\"https:\\\/\\\/www.info-algerie.com\\\/actualites\\\/lalgerie-celebre-la-journee-de-lafrique\\\/#respond\"]}]},{\"@type\":\"WebPage\",\"@id\":\"https:\\\/\\\/www.info-algerie.com\\\/actualites\\\/lalgerie-celebre-la-journee-de-lafrique\\\/\",\"url\":\"https:\\\/\\\/www.info-algerie.com\\\/actualites\\\/lalgerie-celebre-la-journee-de-lafrique\\\/\",\"name\":\"L&#039;Alg\u00e9rie c\u00e9l\u00e8bre la Journ\u00e9e de l&#039;Afrique - info algerie\",\"isPartOf\":{\"@id\":\"https:\\\/\\\/www.info-algerie.com\\\/actualites\\\/#website\"},\"primaryImageOfPage\":{\"@id\":\"https:\\\/\\\/www.info-algerie.com\\\/actualites\\\/lalgerie-celebre-la-journee-de-lafrique\\\/#primaryimage\"},\"image\":{\"@id\":\"https:\\\/\\\/www.info-algerie.com\\\/actualites\\\/lalgerie-celebre-la-journee-de-lafrique\\\/#primaryimage\"},\"thumbnailUrl\":\"https:\\\/\\\/www.info-algerie.com\\\/actualites\\\/wp-content\\\/uploads\\\/2017\\\/05\\\/93934ca04bee5ecdee6482470c4aed16_S-1.jpg\",\"datePublished\":\"2017-05-26T13:19:44+00:00\",\"breadcrumb\":{\"@id\":\"https:\\\/\\\/www.info-algerie.com\\\/actualites\\\/lalgerie-celebre-la-journee-de-lafrique\\\/#breadcrumb\"},\"inLanguage\":\"fr-FR\",\"potentialAction\":[{\"@type\":\"ReadAction\",\"target\":[\"https:\\\/\\\/www.info-algerie.com\\\/actualites\\\/lalgerie-celebre-la-journee-de-lafrique\\\/\"]}]},{\"@type\":\"ImageObject\",\"inLanguage\":\"fr-FR\",\"@id\":\"https:\\\/\\\/www.info-algerie.com\\\/actualites\\\/lalgerie-celebre-la-journee-de-lafrique\\\/#primaryimage\",\"url\":\"https:\\\/\\\/www.info-algerie.com\\\/actualites\\\/wp-content\\\/uploads\\\/2017\\\/05\\\/93934ca04bee5ecdee6482470c4aed16_S-1.jpg\",\"contentUrl\":\"https:\\\/\\\/www.info-algerie.com\\\/actualites\\\/wp-content\\\/uploads\\\/2017\\\/05\\\/93934ca04bee5ecdee6482470c4aed16_S-1.jpg\",\"width\":280,\"height\":169},{\"@type\":\"BreadcrumbList\",\"@id\":\"https:\\\/\\\/www.info-algerie.com\\\/actualites\\\/lalgerie-celebre-la-journee-de-lafrique\\\/#breadcrumb\",\"itemListElement\":[{\"@type\":\"ListItem\",\"position\":1,\"name\":\"Accueil\",\"item\":\"https:\\\/\\\/www.info-algerie.com\\\/actualites\\\/\"},{\"@type\":\"ListItem\",\"position\":2,\"name\":\"L&#039;Alg\u00e9rie c\u00e9l\u00e8bre la Journ\u00e9e de l&#039;Afrique\"}]},{\"@type\":\"WebSite\",\"@id\":\"https:\\\/\\\/www.info-algerie.com\\\/actualites\\\/#website\",\"url\":\"https:\\\/\\\/www.info-algerie.com\\\/actualites\\\/\",\"name\":\"info algerie\",\"description\":\"Toutes les actualit\u00e9s\",\"publisher\":{\"@id\":\"https:\\\/\\\/www.info-algerie.com\\\/actualites\\\/#organization\"},\"potentialAction\":[{\"@type\":\"SearchAction\",\"target\":{\"@type\":\"EntryPoint\",\"urlTemplate\":\"https:\\\/\\\/www.info-algerie.com\\\/actualites\\\/?s={search_term_string}\"},\"query-input\":{\"@type\":\"PropertyValueSpecification\",\"valueRequired\":true,\"valueName\":\"search_term_string\"}}],\"inLanguage\":\"fr-FR\"},{\"@type\":\"Organization\",\"@id\":\"https:\\\/\\\/www.info-algerie.com\\\/actualites\\\/#organization\",\"name\":\"info algerie\",\"url\":\"https:\\\/\\\/www.info-algerie.com\\\/actualites\\\/\",\"logo\":{\"@type\":\"ImageObject\",\"inLanguage\":\"fr-FR\",\"@id\":\"https:\\\/\\\/www.info-algerie.com\\\/actualites\\\/#\\\/schema\\\/logo\\\/image\\\/\",\"url\":\"https:\\\/\\\/www.info-algerie.com\\\/actualites\\\/wp-content\\\/uploads\\\/2022\\\/07\\\/logo-ia-120.png\",\"contentUrl\":\"https:\\\/\\\/www.info-algerie.com\\\/actualites\\\/wp-content\\\/uploads\\\/2022\\\/07\\\/logo-ia-120.png\",\"width\":120,\"height\":43,\"caption\":\"info algerie\"},\"image\":{\"@id\":\"https:\\\/\\\/www.info-algerie.com\\\/actualites\\\/#\\\/schema\\\/logo\\\/image\\\/\"},\"sameAs\":[\"https:\\\/\\\/www.facebook.com\\\/infoalgerieactu\",\"https:\\\/\\\/x.com\\\/infoalgerie1\"]},{\"@type\":\"Person\",\"@id\":\"https:\\\/\\\/www.info-algerie.com\\\/actualites\\\/#\\\/schema\\\/person\\\/847aaec44920825b843a08f30ec6aa1e\",\"name\":\"La r\u00e9daction\",\"image\":{\"@type\":\"ImageObject\",\"inLanguage\":\"fr-FR\",\"@id\":\"https:\\\/\\\/secure.gravatar.com\\\/avatar\\\/769db425c6f465158149f1ffd6cf61ce7a8a879d11dfbef8288af36dfddd418c?s=96&d=mm&r=g\",\"url\":\"https:\\\/\\\/secure.gravatar.com\\\/avatar\\\/769db425c6f465158149f1ffd6cf61ce7a8a879d11dfbef8288af36dfddd418c?s=96&d=mm&r=g\",\"contentUrl\":\"https:\\\/\\\/secure.gravatar.com\\\/avatar\\\/769db425c6f465158149f1ffd6cf61ce7a8a879d11dfbef8288af36dfddd418c?s=96&d=mm&r=g\",\"caption\":\"La r\u00e9daction\"},\"sameAs\":[\"http:\\\/\\\/www.lkeria.com\\\/\"],\"url\":\"https:\\\/\\\/www.info-algerie.com\\\/actualites\\\/author\\\/chakib32\\\/\"}]}<\/script>\n<!-- \/ Yoast SEO plugin. -->","yoast_head_json":{"title":"L&#039;Alg\u00e9rie c\u00e9l\u00e8bre la Journ\u00e9e de l&#039;Afrique - info algerie","robots":{"index":"index","follow":"follow","max-snippet":"max-snippet:-1","max-image-preview":"max-image-preview:large","max-video-preview":"max-video-preview:-1"},"canonical":"https:\/\/www.info-algerie.com\/actualites\/lalgerie-celebre-la-journee-de-lafrique\/","og_locale":"fr_FR","og_type":"article","og_title":"L&#039;Alg\u00e9rie c\u00e9l\u00e8bre la Journ\u00e9e de l&#039;Afrique - info algerie","og_description":"ALGER &#8211; La Journ\u00e9e de l&rsquo;Afrique a \u00e9t\u00e9 c\u00e9l\u00e9br\u00e9e jeudi \u00e0 Alger \u00e0 l&rsquo;occasion de la c\u00e9l\u00e9bration du 54\u00e8me anniversaire de la cr\u00e9ation de l&rsquo;Organisation de Union africaine, actuellement Union Africaine. &#013; &#013; Cette Journ\u00e9e a \u00e9t\u00e9 c\u00e9l\u00e9br\u00e9e en pr\u00e9sence du pr\u00e9sident du Conseil constitutionnel, Mourad Medelci, du ministre d&rsquo;Etat, ministre des Affaires \u00e9trang\u00e8res et","og_url":"https:\/\/www.info-algerie.com\/actualites\/lalgerie-celebre-la-journee-de-lafrique\/","og_site_name":"info algerie","article_publisher":"https:\/\/www.facebook.com\/infoalgerieactu","article_published_time":"2017-05-26T13:19:44+00:00","og_image":[{"width":280,"height":169,"url":"https:\/\/www.info-algerie.com\/actualites\/wp-content\/uploads\/2017\/05\/93934ca04bee5ecdee6482470c4aed16_S-1.jpg","type":"image\/jpeg"}],"author":"La r\u00e9daction","twitter_misc":{"\u00c9crit par":"La r\u00e9daction","Dur\u00e9e de lecture estim\u00e9e":"2 minutes"},"schema":{"@context":"https:\/\/schema.org","@graph":[{"@type":"Article","@id":"https:\/\/www.info-algerie.com\/actualites\/lalgerie-celebre-la-journee-de-lafrique\/#article","isPartOf":{"@id":"https:\/\/www.info-algerie.com\/actualites\/lalgerie-celebre-la-journee-de-lafrique\/"},"author":{"name":"La r\u00e9daction","@id":"https:\/\/www.info-algerie.com\/actualites\/#\/schema\/person\/847aaec44920825b843a08f30ec6aa1e"},"headline":"L&#039;Alg\u00e9rie c\u00e9l\u00e8bre la Journ\u00e9e de l&#039;Afrique","datePublished":"2017-05-26T13:19:44+00:00","mainEntityOfPage":{"@id":"https:\/\/www.info-algerie.com\/actualites\/lalgerie-celebre-la-journee-de-lafrique\/"},"wordCount":496,"commentCount":0,"publisher":{"@id":"https:\/\/www.info-algerie.com\/actualites\/#organization"},"image":{"@id":"https:\/\/www.info-algerie.com\/actualites\/lalgerie-celebre-la-journee-de-lafrique\/#primaryimage"},"thumbnailUrl":"https:\/\/www.info-algerie.com\/actualites\/wp-content\/uploads\/2017\/05\/93934ca04bee5ecdee6482470c4aed16_S-1.jpg","keywords":["ONU"],"articleSection":["infos"],"inLanguage":"fr-FR","potentialAction":[{"@type":"CommentAction","name":"Comment","target":["https:\/\/www.info-algerie.com\/actualites\/lalgerie-celebre-la-journee-de-lafrique\/#respond"]}]},{"@type":"WebPage","@id":"https:\/\/www.info-algerie.com\/actualites\/lalgerie-celebre-la-journee-de-lafrique\/","url":"https:\/\/www.info-algerie.com\/actualites\/lalgerie-celebre-la-journee-de-lafrique\/","name":"L&#039;Alg\u00e9rie c\u00e9l\u00e8bre la Journ\u00e9e de l&#039;Afrique - info algerie","isPartOf":{"@id":"https:\/\/www.info-algerie.com\/actualites\/#website"},"primaryImageOfPage":{"@id":"https:\/\/www.info-algerie.com\/actualites\/lalgerie-celebre-la-journee-de-lafrique\/#primaryimage"},"image":{"@id":"https:\/\/www.info-algerie.com\/actualites\/lalgerie-celebre-la-journee-de-lafrique\/#primaryimage"},"thumbnailUrl":"https:\/\/www.info-algerie.com\/actualites\/wp-content\/uploads\/2017\/05\/93934ca04bee5ecdee6482470c4aed16_S-1.jpg","datePublished":"2017-05-26T13:19:44+00:00","breadcrumb":{"@id":"https:\/\/www.info-algerie.com\/actualites\/lalgerie-celebre-la-journee-de-lafrique\/#breadcrumb"},"inLanguage":"fr-FR","potentialAction":[{"@type":"ReadAction","target":["https:\/\/www.info-algerie.com\/actualites\/lalgerie-celebre-la-journee-de-lafrique\/"]}]},{"@type":"ImageObject","inLanguage":"fr-FR","@id":"https:\/\/www.info-algerie.com\/actualites\/lalgerie-celebre-la-journee-de-lafrique\/#primaryimage","url":"https:\/\/www.info-algerie.com\/actualites\/wp-content\/uploads\/2017\/05\/93934ca04bee5ecdee6482470c4aed16_S-1.jpg","contentUrl":"https:\/\/www.info-algerie.com\/actualites\/wp-content\/uploads\/2017\/05\/93934ca04bee5ecdee6482470c4aed16_S-1.jpg","width":280,"height":169},{"@type":"BreadcrumbList","@id":"https:\/\/www.info-algerie.com\/actualites\/lalgerie-celebre-la-journee-de-lafrique\/#breadcrumb","itemListElement":[{"@type":"ListItem","position":1,"name":"Accueil","item":"https:\/\/www.info-algerie.com\/actualites\/"},{"@type":"ListItem","position":2,"name":"L&#039;Alg\u00e9rie c\u00e9l\u00e8bre la Journ\u00e9e de l&#039;Afrique"}]},{"@type":"WebSite","@id":"https:\/\/www.info-algerie.com\/actualites\/#website","url":"https:\/\/www.info-algerie.com\/actualites\/","name":"info algerie","description":"Toutes les actualit\u00e9s","publisher":{"@id":"https:\/\/www.info-algerie.com\/actualites\/#organization"},"potentialAction":[{"@type":"SearchAction","target":{"@type":"EntryPoint","urlTemplate":"https:\/\/www.info-algerie.com\/actualites\/?s={search_term_string}"},"query-input":{"@type":"PropertyValueSpecification","valueRequired":true,"valueName":"search_term_string"}}],"inLanguage":"fr-FR"},{"@type":"Organization","@id":"https:\/\/www.info-algerie.com\/actualites\/#organization","name":"info algerie","url":"https:\/\/www.info-algerie.com\/actualites\/","logo":{"@type":"ImageObject","inLanguage":"fr-FR","@id":"https:\/\/www.info-algerie.com\/actualites\/#\/schema\/logo\/image\/","url":"https:\/\/www.info-algerie.com\/actualites\/wp-content\/uploads\/2022\/07\/logo-ia-120.png","contentUrl":"https:\/\/www.info-algerie.com\/actualites\/wp-content\/uploads\/2022\/07\/logo-ia-120.png","width":120,"height":43,"caption":"info algerie"},"image":{"@id":"https:\/\/www.info-algerie.com\/actualites\/#\/schema\/logo\/image\/"},"sameAs":["https:\/\/www.facebook.com\/infoalgerieactu","https:\/\/x.com\/infoalgerie1"]},{"@type":"Person","@id":"https:\/\/www.info-algerie.com\/actualites\/#\/schema\/person\/847aaec44920825b843a08f30ec6aa1e","name":"La r\u00e9daction","image":{"@type":"ImageObject","inLanguage":"fr-FR","@id":"https:\/\/secure.gravatar.com\/avatar\/769db425c6f465158149f1ffd6cf61ce7a8a879d11dfbef8288af36dfddd418c?s=96&d=mm&r=g","url":"https:\/\/secure.gravatar.com\/avatar\/769db425c6f465158149f1ffd6cf61ce7a8a879d11dfbef8288af36dfddd418c?s=96&d=mm&r=g","contentUrl":"https:\/\/secure.gravatar.com\/avatar\/769db425c6f465158149f1ffd6cf61ce7a8a879d11dfbef8288af36dfddd418c?s=96&d=mm&r=g","caption":"La r\u00e9daction"},"sameAs":["http:\/\/www.lkeria.com\/"],"url":"https:\/\/www.info-algerie.com\/actualites\/author\/chakib32\/"}]}},"_links":{"self":[{"href":"https:\/\/www.info-algerie.com\/actualites\/wp-json\/wp\/v2\/posts\/12576","targetHints":{"allow":["GET"]}}],"collection":[{"href":"https:\/\/www.info-algerie.com\/actualites\/wp-json\/wp\/v2\/posts"}],"about":[{"href":"https:\/\/www.info-algerie.com\/actualites\/wp-json\/wp\/v2\/types\/post"}],"author":[{"embeddable":true,"href":"https:\/\/www.info-algerie.com\/actualites\/wp-json\/wp\/v2\/users\/6"}],"replies":[{"embeddable":true,"href":"https:\/\/www.info-algerie.com\/actualites\/wp-json\/wp\/v2\/comments?post=12576"}],"version-history":[{"count":0,"href":"https:\/\/www.info-algerie.com\/actualites\/wp-json\/wp\/v2\/posts\/12576\/revisions"}],"wp:featuredmedia":[{"embeddable":true,"href":"https:\/\/www.info-algerie.com\/actualites\/wp-json\/wp\/v2\/media\/12577"}],"wp:attachment":[{"href":"https:\/\/www.info-algerie.com\/actualites\/wp-json\/wp\/v2\/media?parent=12576"}],"wp:term":[{"taxonomy":"category","embeddable":true,"href":"https:\/\/www.info-algerie.com\/actualites\/wp-json\/wp\/v2\/categories?post=12576"},{"taxonomy":"post_tag","embeddable":true,"href":"https:\/\/www.info-algerie.com\/actualites\/wp-json\/wp\/v2\/tags?post=12576"}],"curies":[{"name":"wp","href":"https:\/\/api.w.org\/{rel}","templated":true}]}}