{"id":12578,"date":"2017-05-26T13:57:08","date_gmt":"2017-05-26T12:57:08","guid":{"rendered":"http:\/\/www.info-algerie.com\/actualites\/messahel-ministre-des-affaires-etrangeres-des-efforts-considerables-pour-redynamiser-la-machine-diplomatique\/"},"modified":"2017-05-26T13:57:08","modified_gmt":"2017-05-26T12:57:08","slug":"messahel-ministre-des-affaires-etrangeres-des-efforts-considerables-pour-redynamiser-la-machine-diplomatique","status":"publish","type":"post","link":"https:\/\/www.info-algerie.com\/actualites\/messahel-ministre-des-affaires-etrangeres-des-efforts-considerables-pour-redynamiser-la-machine-diplomatique\/","title":{"rendered":"Messahel, ministre des Affaires \u00e9trang\u00e8res: des efforts consid\u00e9rables pour redynamiser la machine diplomatique"},"content":{"rendered":"<div class=\"K2FeedIntroText\">\n<p>ALGER &#8211; Abdelkader Messahel, nomm\u00e9 jeudi par le pr\u00e9sident de la R\u00e9publique, Abdelaziz Bouteflika, ministre des Affaires \u00e9trang\u00e8res, jouit d&rsquo;une longue exp\u00e9rience dans le domaine des relations internationales, qu&rsquo;il a consacr\u00e9e, depuis qu&rsquo;il a rejoint le Palais du gouvernement (en 2000), \u00e0 la redynamisation de la machine diplomatique alg\u00e9rienne.<\/p>\n<p>&#013;\n<\/p><\/div>\n<div class=\"K2FeedFullText\">&#013;<\/p>\n<p>Avant sa nomination \u00e0 la t\u00eate du minist\u00e8re des Affaires \u00e9trang\u00e8res, M. Messahel occupait le poste de ministre des Affaires maghr\u00e9bines, de l&rsquo;Union africaine et de la Ligue des Etats arabes depuis le 5 mai 2014. Il a pris la responsabilit\u00e9 de d\u00e9fendre les principes de la politique \u00e9trang\u00e8re de l&rsquo;Etat alg\u00e9rien dans le respect de la Constitution, dans une conjoncture marqu\u00e9e par des mutations r\u00e9gionales grandissantes. Ses efforts en faveur du r\u00e8glement des crises qui secouent certains pays arabes et africains\u00a0 \u00ab\u00a0ont \u00e9t\u00e9 salu\u00e9s\u00a0\u00bb par diff\u00e9rents acteurs.<\/p>\n<p>&#013;<\/p>\n<p>La tourn\u00e9e \u00ab\u00a0audacieuse\u00a0\u00bb\u00a0 que M. Messahel a effectu\u00e9e r\u00e9cemment dans diff\u00e9rentes r\u00e9gions libyennes est la\u00a0 meilleure preuve de son activit\u00e9 diplomatique intense au cours des derni\u00e8res ann\u00e9es et de la pertinence de la position alg\u00e9rienne qui favorise le dialogue, rejette l&rsquo;intervention militaire et appelle au respect de la souverainet\u00e9 des peuples libyen, syrien et malien. De ce fait, l&rsquo;Alg\u00e9rie et M. Messahel ont jou\u00e9 un r\u00f4le \u00ab\u00a0positif\u00a0\u00bb av\u00e9r\u00e9.<\/p>\n<p>&#013;<\/p>\n<p>L&rsquo;exp\u00e9rience que M. Messahel a enti\u00e8rement consacr\u00e9e au continent africain, l&rsquo;a \u00e9galement acquise \u00e0 travers le poste de ministre d\u00e9l\u00e9gu\u00e9 aupr\u00e8s du ministre des Affaires \u00e9trang\u00e8res, charg\u00e9 des Affaires maghr\u00e9bines et africaines (2000, 2012, 2014). En 1999, il a \u00e9t\u00e9 charg\u00e9 d&rsquo;une mission diplomatique en qualit\u00e9 d&rsquo;Envoy\u00e9 sp\u00e9cial du pr\u00e9sident de la R\u00e9publique charg\u00e9 du suivi du processus de paix en R\u00e9publique d\u00e9mocratique du Congo et dans la r\u00e9gion des Grands lacs durant la pr\u00e9sidence alg\u00e9rienne de l&rsquo;OUA.<\/p>\n<p>&#013;<\/p>\n<p>N\u00e9 \u00e0 Tlemcen le 11 juillet 1949, M. Messahel maitrise l&rsquo;art du dialogue gr\u00e2ce \u00e0 son exp\u00e9rience pr\u00e9c\u00e9dente en tant que journaliste bien avant d&rsquo;\u00eatre nomm\u00e9 ministre de la Communication en 2013.<\/p>\n<p>&#013;<\/p>\n<p>M. Messahel a repr\u00e9sent\u00e9 l&rsquo;Alg\u00e9rie dans de nombreux pays et aupr\u00e8s de plusieurs instances internationales, en occupant les postes d&rsquo;ambassadeur d&rsquo;Alg\u00e9rie aupr\u00e8s du Royaume des Pays-Bas, puis au Burkina-Faso, ensuite\u00a0 ambassadeur conseiller aupr\u00e8s du ministre des Affaires \u00e9trang\u00e8res charg\u00e9 des questions africaines au sein de la Mission permanente de l&rsquo;Alg\u00e9rie aupr\u00e8s des Nations-unies, d\u00e9l\u00e9gu\u00e9 \u00e0 de nombreuses sessions de l&rsquo;Assembl\u00e9e g\u00e9n\u00e9rale des Nations unies, Conf\u00e9rences des Chefs d&rsquo;Etats et de Gouvernement de l&rsquo;Organisation de l&rsquo;Unit\u00e9 Africaine (UA) et de nombreux conseils des ministres de\u00a0 l&rsquo;ex OUA.<\/p>\n<p>&#013;<\/p>\n<p>Durant les p\u00e9riodes 1986-1988 et 1996-1997, le ministre a occup\u00e9 le poste de directeur g\u00e9n\u00e9ral \u00ab\u00a0Afrique\u00a0\u00bb.<\/p>\n<p>&#013;<\/p>\n<p class=\"MsoNormal\">M. Messahel a rejoint en 1971 le minist\u00e8re des Affaires \u00e9trang\u00e8res en tant que chef\u00a0 de la section \u00ab\u00a0Mouvements de lib\u00e9ration\u00a0\u00bb. Il a \u00e9galement \u00e9t\u00e9 sous-directeur de l&rsquo;OUA et des organisations sous-r\u00e9gionales.<\/p>\n<\/div>\n<p>&#013;<br \/>\nSource: <a href=\"http:\/\/www.aps.dz\/algerie\/58217-messahel-ministre-des-affaires-etrangeres-des-efforts-considerables-pour-redynamiser-la-machine-diplomatique\" target=\"_blank\">Messahel, ministre des Affaires \u00e9trang\u00e8res: des efforts consid\u00e9rables pour redynamiser la machine diplomatique<\/a><\/p>\n<!--CusAds0-->\n<div style=\"font-size: 0px; height: 0px; line-height: 0px; margin: 0; padding: 0; clear: both;\"><\/div>","protected":false},"excerpt":{"rendered":"<p>ALGER &#8211; Abdelkader Messahel, nomm\u00e9 jeudi par le pr\u00e9sident de la R\u00e9publique, Abdelaziz Bouteflika, ministre des Affaires \u00e9trang\u00e8res, jouit d&rsquo;une longue exp\u00e9rience dans le domaine des relations internationales, qu&rsquo;il a consacr\u00e9e, depuis qu&rsquo;il a rejoint le Palais du gouvernement (en 2000), \u00e0 la redynamisation de la machine diplomatique alg\u00e9rienne. &#013; &#013; Avant sa nomination \u00e0<\/p>\n","protected":false},"author":6,"featured_media":0,"comment_status":"open","ping_status":"open","sticky":false,"template":"","format":"standard","meta":{"footnotes":""},"categories":[22],"tags":[93],"class_list":["post-12578","post","type-post","status-publish","format-standard","hentry","category-infos","tag-onu"],"yoast_head":"<!-- This site is optimized with the Yoast SEO plugin v27.5 - https:\/\/yoast.com\/product\/yoast-seo-wordpress\/ -->\n<title>Messahel, ministre des Affaires \u00e9trang\u00e8res: des efforts consid\u00e9rables pour redynamiser la machine diplomatique - info algerie<\/title>\n<meta name=\"robots\" content=\"index, follow, max-snippet:-1, max-image-preview:large, max-video-preview:-1\" \/>\n<link rel=\"canonical\" href=\"https:\/\/www.info-algerie.com\/actualites\/messahel-ministre-des-affaires-etrangeres-des-efforts-considerables-pour-redynamiser-la-machine-diplomatique\/\" \/>\n<meta property=\"og:locale\" content=\"fr_FR\" \/>\n<meta property=\"og:type\" content=\"article\" \/>\n<meta property=\"og:title\" content=\"Messahel, ministre des Affaires \u00e9trang\u00e8res: des efforts consid\u00e9rables pour redynamiser la machine diplomatique - info algerie\" \/>\n<meta property=\"og:description\" content=\"ALGER &#8211; Abdelkader Messahel, nomm\u00e9 jeudi par le pr\u00e9sident de la R\u00e9publique, Abdelaziz Bouteflika, ministre des Affaires \u00e9trang\u00e8res, jouit d&rsquo;une longue exp\u00e9rience dans le domaine des relations internationales, qu&rsquo;il a consacr\u00e9e, depuis qu&rsquo;il a rejoint le Palais du gouvernement (en 2000), \u00e0 la redynamisation de la machine diplomatique alg\u00e9rienne. &#013; &#013; Avant sa nomination \u00e0\" \/>\n<meta property=\"og:url\" content=\"https:\/\/www.info-algerie.com\/actualites\/messahel-ministre-des-affaires-etrangeres-des-efforts-considerables-pour-redynamiser-la-machine-diplomatique\/\" \/>\n<meta property=\"og:site_name\" content=\"info algerie\" \/>\n<meta property=\"article:publisher\" content=\"https:\/\/www.facebook.com\/infoalgerieactu\" \/>\n<meta property=\"article:published_time\" content=\"2017-05-26T12:57:08+00:00\" \/>\n<meta name=\"author\" content=\"La r\u00e9daction\" \/>\n<meta name=\"twitter:label1\" content=\"\u00c9crit par\" \/>\n\t<meta name=\"twitter:data1\" content=\"La r\u00e9daction\" \/>\n\t<meta name=\"twitter:label2\" content=\"Dur\u00e9e de lecture estim\u00e9e\" \/>\n\t<meta name=\"twitter:data2\" content=\"3 minutes\" \/>\n<script type=\"application\/ld+json\" class=\"yoast-schema-graph\">{\"@context\":\"https:\\\/\\\/schema.org\",\"@graph\":[{\"@type\":\"Article\",\"@id\":\"https:\\\/\\\/www.info-algerie.com\\\/actualites\\\/messahel-ministre-des-affaires-etrangeres-des-efforts-considerables-pour-redynamiser-la-machine-diplomatique\\\/#article\",\"isPartOf\":{\"@id\":\"https:\\\/\\\/www.info-algerie.com\\\/actualites\\\/messahel-ministre-des-affaires-etrangeres-des-efforts-considerables-pour-redynamiser-la-machine-diplomatique\\\/\"},\"author\":{\"name\":\"La r\u00e9daction\",\"@id\":\"https:\\\/\\\/www.info-algerie.com\\\/actualites\\\/#\\\/schema\\\/person\\\/847aaec44920825b843a08f30ec6aa1e\"},\"headline\":\"Messahel, ministre des Affaires \u00e9trang\u00e8res: des efforts consid\u00e9rables pour redynamiser la machine diplomatique\",\"datePublished\":\"2017-05-26T12:57:08+00:00\",\"mainEntityOfPage\":{\"@id\":\"https:\\\/\\\/www.info-algerie.com\\\/actualites\\\/messahel-ministre-des-affaires-etrangeres-des-efforts-considerables-pour-redynamiser-la-machine-diplomatique\\\/\"},\"wordCount\":558,\"commentCount\":0,\"publisher\":{\"@id\":\"https:\\\/\\\/www.info-algerie.com\\\/actualites\\\/#organization\"},\"keywords\":[\"ONU\"],\"articleSection\":[\"infos\"],\"inLanguage\":\"fr-FR\",\"potentialAction\":[{\"@type\":\"CommentAction\",\"name\":\"Comment\",\"target\":[\"https:\\\/\\\/www.info-algerie.com\\\/actualites\\\/messahel-ministre-des-affaires-etrangeres-des-efforts-considerables-pour-redynamiser-la-machine-diplomatique\\\/#respond\"]}]},{\"@type\":\"WebPage\",\"@id\":\"https:\\\/\\\/www.info-algerie.com\\\/actualites\\\/messahel-ministre-des-affaires-etrangeres-des-efforts-considerables-pour-redynamiser-la-machine-diplomatique\\\/\",\"url\":\"https:\\\/\\\/www.info-algerie.com\\\/actualites\\\/messahel-ministre-des-affaires-etrangeres-des-efforts-considerables-pour-redynamiser-la-machine-diplomatique\\\/\",\"name\":\"Messahel, ministre des Affaires \u00e9trang\u00e8res: des efforts consid\u00e9rables pour redynamiser la machine diplomatique - info algerie\",\"isPartOf\":{\"@id\":\"https:\\\/\\\/www.info-algerie.com\\\/actualites\\\/#website\"},\"datePublished\":\"2017-05-26T12:57:08+00:00\",\"breadcrumb\":{\"@id\":\"https:\\\/\\\/www.info-algerie.com\\\/actualites\\\/messahel-ministre-des-affaires-etrangeres-des-efforts-considerables-pour-redynamiser-la-machine-diplomatique\\\/#breadcrumb\"},\"inLanguage\":\"fr-FR\",\"potentialAction\":[{\"@type\":\"ReadAction\",\"target\":[\"https:\\\/\\\/www.info-algerie.com\\\/actualites\\\/messahel-ministre-des-affaires-etrangeres-des-efforts-considerables-pour-redynamiser-la-machine-diplomatique\\\/\"]}]},{\"@type\":\"BreadcrumbList\",\"@id\":\"https:\\\/\\\/www.info-algerie.com\\\/actualites\\\/messahel-ministre-des-affaires-etrangeres-des-efforts-considerables-pour-redynamiser-la-machine-diplomatique\\\/#breadcrumb\",\"itemListElement\":[{\"@type\":\"ListItem\",\"position\":1,\"name\":\"Accueil\",\"item\":\"https:\\\/\\\/www.info-algerie.com\\\/actualites\\\/\"},{\"@type\":\"ListItem\",\"position\":2,\"name\":\"Messahel, ministre des Affaires \u00e9trang\u00e8res: des efforts consid\u00e9rables pour redynamiser la machine diplomatique\"}]},{\"@type\":\"WebSite\",\"@id\":\"https:\\\/\\\/www.info-algerie.com\\\/actualites\\\/#website\",\"url\":\"https:\\\/\\\/www.info-algerie.com\\\/actualites\\\/\",\"name\":\"info algerie\",\"description\":\"Toutes les actualit\u00e9s\",\"publisher\":{\"@id\":\"https:\\\/\\\/www.info-algerie.com\\\/actualites\\\/#organization\"},\"potentialAction\":[{\"@type\":\"SearchAction\",\"target\":{\"@type\":\"EntryPoint\",\"urlTemplate\":\"https:\\\/\\\/www.info-algerie.com\\\/actualites\\\/?s={search_term_string}\"},\"query-input\":{\"@type\":\"PropertyValueSpecification\",\"valueRequired\":true,\"valueName\":\"search_term_string\"}}],\"inLanguage\":\"fr-FR\"},{\"@type\":\"Organization\",\"@id\":\"https:\\\/\\\/www.info-algerie.com\\\/actualites\\\/#organization\",\"name\":\"info algerie\",\"url\":\"https:\\\/\\\/www.info-algerie.com\\\/actualites\\\/\",\"logo\":{\"@type\":\"ImageObject\",\"inLanguage\":\"fr-FR\",\"@id\":\"https:\\\/\\\/www.info-algerie.com\\\/actualites\\\/#\\\/schema\\\/logo\\\/image\\\/\",\"url\":\"https:\\\/\\\/www.info-algerie.com\\\/actualites\\\/wp-content\\\/uploads\\\/2022\\\/07\\\/logo-ia-120.png\",\"contentUrl\":\"https:\\\/\\\/www.info-algerie.com\\\/actualites\\\/wp-content\\\/uploads\\\/2022\\\/07\\\/logo-ia-120.png\",\"width\":120,\"height\":43,\"caption\":\"info algerie\"},\"image\":{\"@id\":\"https:\\\/\\\/www.info-algerie.com\\\/actualites\\\/#\\\/schema\\\/logo\\\/image\\\/\"},\"sameAs\":[\"https:\\\/\\\/www.facebook.com\\\/infoalgerieactu\",\"https:\\\/\\\/x.com\\\/infoalgerie1\"]},{\"@type\":\"Person\",\"@id\":\"https:\\\/\\\/www.info-algerie.com\\\/actualites\\\/#\\\/schema\\\/person\\\/847aaec44920825b843a08f30ec6aa1e\",\"name\":\"La r\u00e9daction\",\"image\":{\"@type\":\"ImageObject\",\"inLanguage\":\"fr-FR\",\"@id\":\"https:\\\/\\\/secure.gravatar.com\\\/avatar\\\/769db425c6f465158149f1ffd6cf61ce7a8a879d11dfbef8288af36dfddd418c?s=96&d=mm&r=g\",\"url\":\"https:\\\/\\\/secure.gravatar.com\\\/avatar\\\/769db425c6f465158149f1ffd6cf61ce7a8a879d11dfbef8288af36dfddd418c?s=96&d=mm&r=g\",\"contentUrl\":\"https:\\\/\\\/secure.gravatar.com\\\/avatar\\\/769db425c6f465158149f1ffd6cf61ce7a8a879d11dfbef8288af36dfddd418c?s=96&d=mm&r=g\",\"caption\":\"La r\u00e9daction\"},\"sameAs\":[\"http:\\\/\\\/www.lkeria.com\\\/\"],\"url\":\"https:\\\/\\\/www.info-algerie.com\\\/actualites\\\/author\\\/chakib32\\\/\"}]}<\/script>\n<!-- \/ Yoast SEO plugin. -->","yoast_head_json":{"title":"Messahel, ministre des Affaires \u00e9trang\u00e8res: des efforts consid\u00e9rables pour redynamiser la machine diplomatique - info algerie","robots":{"index":"index","follow":"follow","max-snippet":"max-snippet:-1","max-image-preview":"max-image-preview:large","max-video-preview":"max-video-preview:-1"},"canonical":"https:\/\/www.info-algerie.com\/actualites\/messahel-ministre-des-affaires-etrangeres-des-efforts-considerables-pour-redynamiser-la-machine-diplomatique\/","og_locale":"fr_FR","og_type":"article","og_title":"Messahel, ministre des Affaires \u00e9trang\u00e8res: des efforts consid\u00e9rables pour redynamiser la machine diplomatique - info algerie","og_description":"ALGER &#8211; Abdelkader Messahel, nomm\u00e9 jeudi par le pr\u00e9sident de la R\u00e9publique, Abdelaziz Bouteflika, ministre des Affaires \u00e9trang\u00e8res, jouit d&rsquo;une longue exp\u00e9rience dans le domaine des relations internationales, qu&rsquo;il a consacr\u00e9e, depuis qu&rsquo;il a rejoint le Palais du gouvernement (en 2000), \u00e0 la redynamisation de la machine diplomatique alg\u00e9rienne. &#013; &#013; Avant sa nomination \u00e0","og_url":"https:\/\/www.info-algerie.com\/actualites\/messahel-ministre-des-affaires-etrangeres-des-efforts-considerables-pour-redynamiser-la-machine-diplomatique\/","og_site_name":"info algerie","article_publisher":"https:\/\/www.facebook.com\/infoalgerieactu","article_published_time":"2017-05-26T12:57:08+00:00","author":"La r\u00e9daction","twitter_misc":{"\u00c9crit par":"La r\u00e9daction","Dur\u00e9e de lecture estim\u00e9e":"3 minutes"},"schema":{"@context":"https:\/\/schema.org","@graph":[{"@type":"Article","@id":"https:\/\/www.info-algerie.com\/actualites\/messahel-ministre-des-affaires-etrangeres-des-efforts-considerables-pour-redynamiser-la-machine-diplomatique\/#article","isPartOf":{"@id":"https:\/\/www.info-algerie.com\/actualites\/messahel-ministre-des-affaires-etrangeres-des-efforts-considerables-pour-redynamiser-la-machine-diplomatique\/"},"author":{"name":"La r\u00e9daction","@id":"https:\/\/www.info-algerie.com\/actualites\/#\/schema\/person\/847aaec44920825b843a08f30ec6aa1e"},"headline":"Messahel, ministre des Affaires \u00e9trang\u00e8res: des efforts consid\u00e9rables pour redynamiser la machine diplomatique","datePublished":"2017-05-26T12:57:08+00:00","mainEntityOfPage":{"@id":"https:\/\/www.info-algerie.com\/actualites\/messahel-ministre-des-affaires-etrangeres-des-efforts-considerables-pour-redynamiser-la-machine-diplomatique\/"},"wordCount":558,"commentCount":0,"publisher":{"@id":"https:\/\/www.info-algerie.com\/actualites\/#organization"},"keywords":["ONU"],"articleSection":["infos"],"inLanguage":"fr-FR","potentialAction":[{"@type":"CommentAction","name":"Comment","target":["https:\/\/www.info-algerie.com\/actualites\/messahel-ministre-des-affaires-etrangeres-des-efforts-considerables-pour-redynamiser-la-machine-diplomatique\/#respond"]}]},{"@type":"WebPage","@id":"https:\/\/www.info-algerie.com\/actualites\/messahel-ministre-des-affaires-etrangeres-des-efforts-considerables-pour-redynamiser-la-machine-diplomatique\/","url":"https:\/\/www.info-algerie.com\/actualites\/messahel-ministre-des-affaires-etrangeres-des-efforts-considerables-pour-redynamiser-la-machine-diplomatique\/","name":"Messahel, ministre des Affaires \u00e9trang\u00e8res: des efforts consid\u00e9rables pour redynamiser la machine diplomatique - info algerie","isPartOf":{"@id":"https:\/\/www.info-algerie.com\/actualites\/#website"},"datePublished":"2017-05-26T12:57:08+00:00","breadcrumb":{"@id":"https:\/\/www.info-algerie.com\/actualites\/messahel-ministre-des-affaires-etrangeres-des-efforts-considerables-pour-redynamiser-la-machine-diplomatique\/#breadcrumb"},"inLanguage":"fr-FR","potentialAction":[{"@type":"ReadAction","target":["https:\/\/www.info-algerie.com\/actualites\/messahel-ministre-des-affaires-etrangeres-des-efforts-considerables-pour-redynamiser-la-machine-diplomatique\/"]}]},{"@type":"BreadcrumbList","@id":"https:\/\/www.info-algerie.com\/actualites\/messahel-ministre-des-affaires-etrangeres-des-efforts-considerables-pour-redynamiser-la-machine-diplomatique\/#breadcrumb","itemListElement":[{"@type":"ListItem","position":1,"name":"Accueil","item":"https:\/\/www.info-algerie.com\/actualites\/"},{"@type":"ListItem","position":2,"name":"Messahel, ministre des Affaires \u00e9trang\u00e8res: des efforts consid\u00e9rables pour redynamiser la machine diplomatique"}]},{"@type":"WebSite","@id":"https:\/\/www.info-algerie.com\/actualites\/#website","url":"https:\/\/www.info-algerie.com\/actualites\/","name":"info algerie","description":"Toutes les actualit\u00e9s","publisher":{"@id":"https:\/\/www.info-algerie.com\/actualites\/#organization"},"potentialAction":[{"@type":"SearchAction","target":{"@type":"EntryPoint","urlTemplate":"https:\/\/www.info-algerie.com\/actualites\/?s={search_term_string}"},"query-input":{"@type":"PropertyValueSpecification","valueRequired":true,"valueName":"search_term_string"}}],"inLanguage":"fr-FR"},{"@type":"Organization","@id":"https:\/\/www.info-algerie.com\/actualites\/#organization","name":"info algerie","url":"https:\/\/www.info-algerie.com\/actualites\/","logo":{"@type":"ImageObject","inLanguage":"fr-FR","@id":"https:\/\/www.info-algerie.com\/actualites\/#\/schema\/logo\/image\/","url":"https:\/\/www.info-algerie.com\/actualites\/wp-content\/uploads\/2022\/07\/logo-ia-120.png","contentUrl":"https:\/\/www.info-algerie.com\/actualites\/wp-content\/uploads\/2022\/07\/logo-ia-120.png","width":120,"height":43,"caption":"info algerie"},"image":{"@id":"https:\/\/www.info-algerie.com\/actualites\/#\/schema\/logo\/image\/"},"sameAs":["https:\/\/www.facebook.com\/infoalgerieactu","https:\/\/x.com\/infoalgerie1"]},{"@type":"Person","@id":"https:\/\/www.info-algerie.com\/actualites\/#\/schema\/person\/847aaec44920825b843a08f30ec6aa1e","name":"La r\u00e9daction","image":{"@type":"ImageObject","inLanguage":"fr-FR","@id":"https:\/\/secure.gravatar.com\/avatar\/769db425c6f465158149f1ffd6cf61ce7a8a879d11dfbef8288af36dfddd418c?s=96&d=mm&r=g","url":"https:\/\/secure.gravatar.com\/avatar\/769db425c6f465158149f1ffd6cf61ce7a8a879d11dfbef8288af36dfddd418c?s=96&d=mm&r=g","contentUrl":"https:\/\/secure.gravatar.com\/avatar\/769db425c6f465158149f1ffd6cf61ce7a8a879d11dfbef8288af36dfddd418c?s=96&d=mm&r=g","caption":"La r\u00e9daction"},"sameAs":["http:\/\/www.lkeria.com\/"],"url":"https:\/\/www.info-algerie.com\/actualites\/author\/chakib32\/"}]}},"_links":{"self":[{"href":"https:\/\/www.info-algerie.com\/actualites\/wp-json\/wp\/v2\/posts\/12578","targetHints":{"allow":["GET"]}}],"collection":[{"href":"https:\/\/www.info-algerie.com\/actualites\/wp-json\/wp\/v2\/posts"}],"about":[{"href":"https:\/\/www.info-algerie.com\/actualites\/wp-json\/wp\/v2\/types\/post"}],"author":[{"embeddable":true,"href":"https:\/\/www.info-algerie.com\/actualites\/wp-json\/wp\/v2\/users\/6"}],"replies":[{"embeddable":true,"href":"https:\/\/www.info-algerie.com\/actualites\/wp-json\/wp\/v2\/comments?post=12578"}],"version-history":[{"count":0,"href":"https:\/\/www.info-algerie.com\/actualites\/wp-json\/wp\/v2\/posts\/12578\/revisions"}],"wp:attachment":[{"href":"https:\/\/www.info-algerie.com\/actualites\/wp-json\/wp\/v2\/media?parent=12578"}],"wp:term":[{"taxonomy":"category","embeddable":true,"href":"https:\/\/www.info-algerie.com\/actualites\/wp-json\/wp\/v2\/categories?post=12578"},{"taxonomy":"post_tag","embeddable":true,"href":"https:\/\/www.info-algerie.com\/actualites\/wp-json\/wp\/v2\/tags?post=12578"}],"curies":[{"name":"wp","href":"https:\/\/api.w.org\/{rel}","templated":true}]}}