{"id":12586,"date":"2017-05-26T14:48:36","date_gmt":"2017-05-26T13:48:36","guid":{"rendered":"http:\/\/www.info-algerie.com\/actualites\/lalgerie-condamne-lattentat-terroriste-dans-la-province-de-minya-egypte\/"},"modified":"2017-05-26T14:48:36","modified_gmt":"2017-05-26T13:48:36","slug":"lalgerie-condamne-lattentat-terroriste-dans-la-province-de-minya-egypte","status":"publish","type":"post","link":"https:\/\/www.info-algerie.com\/actualites\/lalgerie-condamne-lattentat-terroriste-dans-la-province-de-minya-egypte\/","title":{"rendered":"L&#039;Alg\u00e9rie condamne l&#039;attentat terroriste dans la province de Minya (Egypte)"},"content":{"rendered":"<div class=\"K2FeedImage\"><img decoding=\"async\" src=\"https:\/\/www.info-algerie.com\/actualites\/wp-content\/uploads\/2017\/05\/e43a764eba6600c8408d62437b412ea7_S.jpg\" alt=\"L'Alg&#xE9;rie condamne l'attentat terroriste dans la province de Minya (Egypte)\" \/><\/div>\n<div class=\"K2FeedIntroText\">\n<p>ALGER &#8211; L&rsquo;Alg\u00e9rie condamne \u00ab\u00a0avec vigueur\u00a0\u00bb l&rsquo;attentat terroriste qui a cibl\u00e9 vendredi un bus dans la province de Minya (Egypte), ayant fait des dizaines de victimes parmi les citoyens \u00e9gyptiens, r\u00e9affirmant sa solidarit\u00e9 avec le gouvernement et le peuple \u00e9gyptien fr\u00e8re, dans leur lutte contre le terrorisme.<\/p>\n<p>&#013;\n<\/p><\/div>\n<div class=\"K2FeedFullText\">&#013;<\/p>\n<p>Le porte-parole du minist\u00e8re des affaires \u00e9trang\u00e8res, Abdelaziz Benali Cherif a condamn\u00e9 \u00ab\u00a0avec vigueur l&rsquo;attentat terroriste sanglant qui a cibl\u00e9 vendredi matin un bus dans la province de Minya ayant fait des dizaines de victimes innocentes parmi les citoyens \u00e9gyptiens\u00a0\u00bb.<\/p>\n<p>&#013;<\/p>\n<p>\u00ab\u00a0Les criminels qui ont planifi\u00e9 et ex\u00e9cut\u00e9 cet acte ignoble et l\u00e2che n&rsquo;entameront jamais l&rsquo;unit\u00e9 et la coh\u00e9sion du peuple \u00e9gyptien fr\u00e8re et ne saperont, en aucun cas, les valeurs de cohabitation pacifique s\u00e9culaires\u00a0\u00bb, a indiqu\u00e9 le responsable dans une\u00a0\u00a0 d\u00e9claration \u00e0 l&rsquo;APS.<\/p>\n<p>&#013;<\/p>\n<p class=\"MsoNormal\">\u00ab\u00a0Tout en exprimant nos sinc\u00e8res condol\u00e9ances aux familles des victimes de cet acte barbare, nous r\u00e9affirmons notre solidarit\u00e9 avec le gouvernement et le peuple \u00e9gyptien fr\u00e8re dans leur lutte contre le terrorisme et notre rejet cat\u00e9gorique de ce ph\u00e9nom\u00e8ne \u00e9tranger \u00e0 notre religion, nos valeurs et traditions\u00a0\u00bb.<\/p>\n<\/div>\n<p>&#013;<br \/>\nSource: <a href=\"http:\/\/www.aps.dz\/algerie\/58225-l-algerie-condamne-l-attentat-terroriste-dans-la-province-de-minya-egypte\" target=\"_blank\">L&rsquo;Alg\u00e9rie condamne l&rsquo;attentat terroriste dans la province de Minya (Egypte)<\/a><\/p>\n<!--CusAds0-->\n<div style=\"font-size: 0px; height: 0px; line-height: 0px; margin: 0; padding: 0; clear: both;\"><\/div>","protected":false},"excerpt":{"rendered":"<p>ALGER &#8211; L&rsquo;Alg\u00e9rie condamne \u00ab\u00a0avec vigueur\u00a0\u00bb l&rsquo;attentat terroriste qui a cibl\u00e9 vendredi un bus dans la province de Minya (Egypte), ayant fait des dizaines de victimes parmi les citoyens \u00e9gyptiens, r\u00e9affirmant sa solidarit\u00e9 avec le gouvernement et le peuple \u00e9gyptien fr\u00e8re, dans leur lutte contre le terrorisme. &#013; &#013; Le porte-parole du minist\u00e8re des affaires<\/p>\n","protected":false},"author":6,"featured_media":12587,"comment_status":"open","ping_status":"open","sticky":false,"template":"","format":"standard","meta":{"footnotes":""},"categories":[22],"tags":[93],"class_list":["post-12586","post","type-post","status-publish","format-standard","has-post-thumbnail","hentry","category-infos","tag-onu"],"yoast_head":"<!-- This site is optimized with the Yoast SEO plugin v27.5 - https:\/\/yoast.com\/product\/yoast-seo-wordpress\/ -->\n<title>L&#039;Alg\u00e9rie condamne l&#039;attentat terroriste dans la province de Minya (Egypte) - info algerie<\/title>\n<meta name=\"robots\" content=\"index, follow, max-snippet:-1, max-image-preview:large, max-video-preview:-1\" \/>\n<link rel=\"canonical\" href=\"https:\/\/www.info-algerie.com\/actualites\/lalgerie-condamne-lattentat-terroriste-dans-la-province-de-minya-egypte\/\" \/>\n<meta property=\"og:locale\" content=\"fr_FR\" \/>\n<meta property=\"og:type\" content=\"article\" \/>\n<meta property=\"og:title\" content=\"L&#039;Alg\u00e9rie condamne l&#039;attentat terroriste dans la province de Minya (Egypte) - info algerie\" \/>\n<meta property=\"og:description\" content=\"ALGER &#8211; L&rsquo;Alg\u00e9rie condamne \u00ab\u00a0avec vigueur\u00a0\u00bb l&rsquo;attentat terroriste qui a cibl\u00e9 vendredi un bus dans la province de Minya (Egypte), ayant fait des dizaines de victimes parmi les citoyens \u00e9gyptiens, r\u00e9affirmant sa solidarit\u00e9 avec le gouvernement et le peuple \u00e9gyptien fr\u00e8re, dans leur lutte contre le terrorisme. &#013; &#013; Le porte-parole du minist\u00e8re des affaires\" \/>\n<meta property=\"og:url\" content=\"https:\/\/www.info-algerie.com\/actualites\/lalgerie-condamne-lattentat-terroriste-dans-la-province-de-minya-egypte\/\" \/>\n<meta property=\"og:site_name\" content=\"info algerie\" \/>\n<meta property=\"article:publisher\" content=\"https:\/\/www.facebook.com\/infoalgerieactu\" \/>\n<meta property=\"article:published_time\" content=\"2017-05-26T13:48:36+00:00\" \/>\n<meta property=\"og:image\" content=\"https:\/\/www.info-algerie.com\/actualites\/wp-content\/uploads\/2017\/05\/e43a764eba6600c8408d62437b412ea7_S-1.jpg\" \/>\n\t<meta property=\"og:image:width\" content=\"280\" \/>\n\t<meta property=\"og:image:height\" content=\"169\" \/>\n\t<meta property=\"og:image:type\" content=\"image\/jpeg\" \/>\n<meta name=\"author\" content=\"La r\u00e9daction\" \/>\n<meta name=\"twitter:label1\" content=\"\u00c9crit par\" \/>\n\t<meta name=\"twitter:data1\" content=\"La r\u00e9daction\" \/>\n\t<meta name=\"twitter:label2\" content=\"Dur\u00e9e de lecture estim\u00e9e\" \/>\n\t<meta name=\"twitter:data2\" content=\"1 minute\" \/>\n<script type=\"application\/ld+json\" class=\"yoast-schema-graph\">{\"@context\":\"https:\\\/\\\/schema.org\",\"@graph\":[{\"@type\":\"Article\",\"@id\":\"https:\\\/\\\/www.info-algerie.com\\\/actualites\\\/lalgerie-condamne-lattentat-terroriste-dans-la-province-de-minya-egypte\\\/#article\",\"isPartOf\":{\"@id\":\"https:\\\/\\\/www.info-algerie.com\\\/actualites\\\/lalgerie-condamne-lattentat-terroriste-dans-la-province-de-minya-egypte\\\/\"},\"author\":{\"name\":\"La r\u00e9daction\",\"@id\":\"https:\\\/\\\/www.info-algerie.com\\\/actualites\\\/#\\\/schema\\\/person\\\/847aaec44920825b843a08f30ec6aa1e\"},\"headline\":\"L&#039;Alg\u00e9rie condamne l&#039;attentat terroriste dans la province de Minya (Egypte)\",\"datePublished\":\"2017-05-26T13:48:36+00:00\",\"mainEntityOfPage\":{\"@id\":\"https:\\\/\\\/www.info-algerie.com\\\/actualites\\\/lalgerie-condamne-lattentat-terroriste-dans-la-province-de-minya-egypte\\\/\"},\"wordCount\":226,\"commentCount\":0,\"publisher\":{\"@id\":\"https:\\\/\\\/www.info-algerie.com\\\/actualites\\\/#organization\"},\"image\":{\"@id\":\"https:\\\/\\\/www.info-algerie.com\\\/actualites\\\/lalgerie-condamne-lattentat-terroriste-dans-la-province-de-minya-egypte\\\/#primaryimage\"},\"thumbnailUrl\":\"https:\\\/\\\/www.info-algerie.com\\\/actualites\\\/wp-content\\\/uploads\\\/2017\\\/05\\\/e43a764eba6600c8408d62437b412ea7_S-1.jpg\",\"keywords\":[\"ONU\"],\"articleSection\":[\"infos\"],\"inLanguage\":\"fr-FR\",\"potentialAction\":[{\"@type\":\"CommentAction\",\"name\":\"Comment\",\"target\":[\"https:\\\/\\\/www.info-algerie.com\\\/actualites\\\/lalgerie-condamne-lattentat-terroriste-dans-la-province-de-minya-egypte\\\/#respond\"]}]},{\"@type\":\"WebPage\",\"@id\":\"https:\\\/\\\/www.info-algerie.com\\\/actualites\\\/lalgerie-condamne-lattentat-terroriste-dans-la-province-de-minya-egypte\\\/\",\"url\":\"https:\\\/\\\/www.info-algerie.com\\\/actualites\\\/lalgerie-condamne-lattentat-terroriste-dans-la-province-de-minya-egypte\\\/\",\"name\":\"L&#039;Alg\u00e9rie condamne l&#039;attentat terroriste dans la province de Minya (Egypte) - info algerie\",\"isPartOf\":{\"@id\":\"https:\\\/\\\/www.info-algerie.com\\\/actualites\\\/#website\"},\"primaryImageOfPage\":{\"@id\":\"https:\\\/\\\/www.info-algerie.com\\\/actualites\\\/lalgerie-condamne-lattentat-terroriste-dans-la-province-de-minya-egypte\\\/#primaryimage\"},\"image\":{\"@id\":\"https:\\\/\\\/www.info-algerie.com\\\/actualites\\\/lalgerie-condamne-lattentat-terroriste-dans-la-province-de-minya-egypte\\\/#primaryimage\"},\"thumbnailUrl\":\"https:\\\/\\\/www.info-algerie.com\\\/actualites\\\/wp-content\\\/uploads\\\/2017\\\/05\\\/e43a764eba6600c8408d62437b412ea7_S-1.jpg\",\"datePublished\":\"2017-05-26T13:48:36+00:00\",\"breadcrumb\":{\"@id\":\"https:\\\/\\\/www.info-algerie.com\\\/actualites\\\/lalgerie-condamne-lattentat-terroriste-dans-la-province-de-minya-egypte\\\/#breadcrumb\"},\"inLanguage\":\"fr-FR\",\"potentialAction\":[{\"@type\":\"ReadAction\",\"target\":[\"https:\\\/\\\/www.info-algerie.com\\\/actualites\\\/lalgerie-condamne-lattentat-terroriste-dans-la-province-de-minya-egypte\\\/\"]}]},{\"@type\":\"ImageObject\",\"inLanguage\":\"fr-FR\",\"@id\":\"https:\\\/\\\/www.info-algerie.com\\\/actualites\\\/lalgerie-condamne-lattentat-terroriste-dans-la-province-de-minya-egypte\\\/#primaryimage\",\"url\":\"https:\\\/\\\/www.info-algerie.com\\\/actualites\\\/wp-content\\\/uploads\\\/2017\\\/05\\\/e43a764eba6600c8408d62437b412ea7_S-1.jpg\",\"contentUrl\":\"https:\\\/\\\/www.info-algerie.com\\\/actualites\\\/wp-content\\\/uploads\\\/2017\\\/05\\\/e43a764eba6600c8408d62437b412ea7_S-1.jpg\",\"width\":280,\"height\":169},{\"@type\":\"BreadcrumbList\",\"@id\":\"https:\\\/\\\/www.info-algerie.com\\\/actualites\\\/lalgerie-condamne-lattentat-terroriste-dans-la-province-de-minya-egypte\\\/#breadcrumb\",\"itemListElement\":[{\"@type\":\"ListItem\",\"position\":1,\"name\":\"Accueil\",\"item\":\"https:\\\/\\\/www.info-algerie.com\\\/actualites\\\/\"},{\"@type\":\"ListItem\",\"position\":2,\"name\":\"L&#039;Alg\u00e9rie condamne l&#039;attentat terroriste dans la province de Minya (Egypte)\"}]},{\"@type\":\"WebSite\",\"@id\":\"https:\\\/\\\/www.info-algerie.com\\\/actualites\\\/#website\",\"url\":\"https:\\\/\\\/www.info-algerie.com\\\/actualites\\\/\",\"name\":\"info algerie\",\"description\":\"Toutes les actualit\u00e9s\",\"publisher\":{\"@id\":\"https:\\\/\\\/www.info-algerie.com\\\/actualites\\\/#organization\"},\"potentialAction\":[{\"@type\":\"SearchAction\",\"target\":{\"@type\":\"EntryPoint\",\"urlTemplate\":\"https:\\\/\\\/www.info-algerie.com\\\/actualites\\\/?s={search_term_string}\"},\"query-input\":{\"@type\":\"PropertyValueSpecification\",\"valueRequired\":true,\"valueName\":\"search_term_string\"}}],\"inLanguage\":\"fr-FR\"},{\"@type\":\"Organization\",\"@id\":\"https:\\\/\\\/www.info-algerie.com\\\/actualites\\\/#organization\",\"name\":\"info algerie\",\"url\":\"https:\\\/\\\/www.info-algerie.com\\\/actualites\\\/\",\"logo\":{\"@type\":\"ImageObject\",\"inLanguage\":\"fr-FR\",\"@id\":\"https:\\\/\\\/www.info-algerie.com\\\/actualites\\\/#\\\/schema\\\/logo\\\/image\\\/\",\"url\":\"https:\\\/\\\/www.info-algerie.com\\\/actualites\\\/wp-content\\\/uploads\\\/2022\\\/07\\\/logo-ia-120.png\",\"contentUrl\":\"https:\\\/\\\/www.info-algerie.com\\\/actualites\\\/wp-content\\\/uploads\\\/2022\\\/07\\\/logo-ia-120.png\",\"width\":120,\"height\":43,\"caption\":\"info algerie\"},\"image\":{\"@id\":\"https:\\\/\\\/www.info-algerie.com\\\/actualites\\\/#\\\/schema\\\/logo\\\/image\\\/\"},\"sameAs\":[\"https:\\\/\\\/www.facebook.com\\\/infoalgerieactu\",\"https:\\\/\\\/x.com\\\/infoalgerie1\"]},{\"@type\":\"Person\",\"@id\":\"https:\\\/\\\/www.info-algerie.com\\\/actualites\\\/#\\\/schema\\\/person\\\/847aaec44920825b843a08f30ec6aa1e\",\"name\":\"La r\u00e9daction\",\"image\":{\"@type\":\"ImageObject\",\"inLanguage\":\"fr-FR\",\"@id\":\"https:\\\/\\\/secure.gravatar.com\\\/avatar\\\/769db425c6f465158149f1ffd6cf61ce7a8a879d11dfbef8288af36dfddd418c?s=96&d=mm&r=g\",\"url\":\"https:\\\/\\\/secure.gravatar.com\\\/avatar\\\/769db425c6f465158149f1ffd6cf61ce7a8a879d11dfbef8288af36dfddd418c?s=96&d=mm&r=g\",\"contentUrl\":\"https:\\\/\\\/secure.gravatar.com\\\/avatar\\\/769db425c6f465158149f1ffd6cf61ce7a8a879d11dfbef8288af36dfddd418c?s=96&d=mm&r=g\",\"caption\":\"La r\u00e9daction\"},\"sameAs\":[\"http:\\\/\\\/www.lkeria.com\\\/\"],\"url\":\"https:\\\/\\\/www.info-algerie.com\\\/actualites\\\/author\\\/chakib32\\\/\"}]}<\/script>\n<!-- \/ Yoast SEO plugin. -->","yoast_head_json":{"title":"L&#039;Alg\u00e9rie condamne l&#039;attentat terroriste dans la province de Minya (Egypte) - info algerie","robots":{"index":"index","follow":"follow","max-snippet":"max-snippet:-1","max-image-preview":"max-image-preview:large","max-video-preview":"max-video-preview:-1"},"canonical":"https:\/\/www.info-algerie.com\/actualites\/lalgerie-condamne-lattentat-terroriste-dans-la-province-de-minya-egypte\/","og_locale":"fr_FR","og_type":"article","og_title":"L&#039;Alg\u00e9rie condamne l&#039;attentat terroriste dans la province de Minya (Egypte) - info algerie","og_description":"ALGER &#8211; L&rsquo;Alg\u00e9rie condamne \u00ab\u00a0avec vigueur\u00a0\u00bb l&rsquo;attentat terroriste qui a cibl\u00e9 vendredi un bus dans la province de Minya (Egypte), ayant fait des dizaines de victimes parmi les citoyens \u00e9gyptiens, r\u00e9affirmant sa solidarit\u00e9 avec le gouvernement et le peuple \u00e9gyptien fr\u00e8re, dans leur lutte contre le terrorisme. &#013; &#013; Le porte-parole du minist\u00e8re des affaires","og_url":"https:\/\/www.info-algerie.com\/actualites\/lalgerie-condamne-lattentat-terroriste-dans-la-province-de-minya-egypte\/","og_site_name":"info algerie","article_publisher":"https:\/\/www.facebook.com\/infoalgerieactu","article_published_time":"2017-05-26T13:48:36+00:00","og_image":[{"width":280,"height":169,"url":"https:\/\/www.info-algerie.com\/actualites\/wp-content\/uploads\/2017\/05\/e43a764eba6600c8408d62437b412ea7_S-1.jpg","type":"image\/jpeg"}],"author":"La r\u00e9daction","twitter_misc":{"\u00c9crit par":"La r\u00e9daction","Dur\u00e9e de lecture estim\u00e9e":"1 minute"},"schema":{"@context":"https:\/\/schema.org","@graph":[{"@type":"Article","@id":"https:\/\/www.info-algerie.com\/actualites\/lalgerie-condamne-lattentat-terroriste-dans-la-province-de-minya-egypte\/#article","isPartOf":{"@id":"https:\/\/www.info-algerie.com\/actualites\/lalgerie-condamne-lattentat-terroriste-dans-la-province-de-minya-egypte\/"},"author":{"name":"La r\u00e9daction","@id":"https:\/\/www.info-algerie.com\/actualites\/#\/schema\/person\/847aaec44920825b843a08f30ec6aa1e"},"headline":"L&#039;Alg\u00e9rie condamne l&#039;attentat terroriste dans la province de Minya (Egypte)","datePublished":"2017-05-26T13:48:36+00:00","mainEntityOfPage":{"@id":"https:\/\/www.info-algerie.com\/actualites\/lalgerie-condamne-lattentat-terroriste-dans-la-province-de-minya-egypte\/"},"wordCount":226,"commentCount":0,"publisher":{"@id":"https:\/\/www.info-algerie.com\/actualites\/#organization"},"image":{"@id":"https:\/\/www.info-algerie.com\/actualites\/lalgerie-condamne-lattentat-terroriste-dans-la-province-de-minya-egypte\/#primaryimage"},"thumbnailUrl":"https:\/\/www.info-algerie.com\/actualites\/wp-content\/uploads\/2017\/05\/e43a764eba6600c8408d62437b412ea7_S-1.jpg","keywords":["ONU"],"articleSection":["infos"],"inLanguage":"fr-FR","potentialAction":[{"@type":"CommentAction","name":"Comment","target":["https:\/\/www.info-algerie.com\/actualites\/lalgerie-condamne-lattentat-terroriste-dans-la-province-de-minya-egypte\/#respond"]}]},{"@type":"WebPage","@id":"https:\/\/www.info-algerie.com\/actualites\/lalgerie-condamne-lattentat-terroriste-dans-la-province-de-minya-egypte\/","url":"https:\/\/www.info-algerie.com\/actualites\/lalgerie-condamne-lattentat-terroriste-dans-la-province-de-minya-egypte\/","name":"L&#039;Alg\u00e9rie condamne l&#039;attentat terroriste dans la province de Minya (Egypte) - info algerie","isPartOf":{"@id":"https:\/\/www.info-algerie.com\/actualites\/#website"},"primaryImageOfPage":{"@id":"https:\/\/www.info-algerie.com\/actualites\/lalgerie-condamne-lattentat-terroriste-dans-la-province-de-minya-egypte\/#primaryimage"},"image":{"@id":"https:\/\/www.info-algerie.com\/actualites\/lalgerie-condamne-lattentat-terroriste-dans-la-province-de-minya-egypte\/#primaryimage"},"thumbnailUrl":"https:\/\/www.info-algerie.com\/actualites\/wp-content\/uploads\/2017\/05\/e43a764eba6600c8408d62437b412ea7_S-1.jpg","datePublished":"2017-05-26T13:48:36+00:00","breadcrumb":{"@id":"https:\/\/www.info-algerie.com\/actualites\/lalgerie-condamne-lattentat-terroriste-dans-la-province-de-minya-egypte\/#breadcrumb"},"inLanguage":"fr-FR","potentialAction":[{"@type":"ReadAction","target":["https:\/\/www.info-algerie.com\/actualites\/lalgerie-condamne-lattentat-terroriste-dans-la-province-de-minya-egypte\/"]}]},{"@type":"ImageObject","inLanguage":"fr-FR","@id":"https:\/\/www.info-algerie.com\/actualites\/lalgerie-condamne-lattentat-terroriste-dans-la-province-de-minya-egypte\/#primaryimage","url":"https:\/\/www.info-algerie.com\/actualites\/wp-content\/uploads\/2017\/05\/e43a764eba6600c8408d62437b412ea7_S-1.jpg","contentUrl":"https:\/\/www.info-algerie.com\/actualites\/wp-content\/uploads\/2017\/05\/e43a764eba6600c8408d62437b412ea7_S-1.jpg","width":280,"height":169},{"@type":"BreadcrumbList","@id":"https:\/\/www.info-algerie.com\/actualites\/lalgerie-condamne-lattentat-terroriste-dans-la-province-de-minya-egypte\/#breadcrumb","itemListElement":[{"@type":"ListItem","position":1,"name":"Accueil","item":"https:\/\/www.info-algerie.com\/actualites\/"},{"@type":"ListItem","position":2,"name":"L&#039;Alg\u00e9rie condamne l&#039;attentat terroriste dans la province de Minya (Egypte)"}]},{"@type":"WebSite","@id":"https:\/\/www.info-algerie.com\/actualites\/#website","url":"https:\/\/www.info-algerie.com\/actualites\/","name":"info algerie","description":"Toutes les actualit\u00e9s","publisher":{"@id":"https:\/\/www.info-algerie.com\/actualites\/#organization"},"potentialAction":[{"@type":"SearchAction","target":{"@type":"EntryPoint","urlTemplate":"https:\/\/www.info-algerie.com\/actualites\/?s={search_term_string}"},"query-input":{"@type":"PropertyValueSpecification","valueRequired":true,"valueName":"search_term_string"}}],"inLanguage":"fr-FR"},{"@type":"Organization","@id":"https:\/\/www.info-algerie.com\/actualites\/#organization","name":"info algerie","url":"https:\/\/www.info-algerie.com\/actualites\/","logo":{"@type":"ImageObject","inLanguage":"fr-FR","@id":"https:\/\/www.info-algerie.com\/actualites\/#\/schema\/logo\/image\/","url":"https:\/\/www.info-algerie.com\/actualites\/wp-content\/uploads\/2022\/07\/logo-ia-120.png","contentUrl":"https:\/\/www.info-algerie.com\/actualites\/wp-content\/uploads\/2022\/07\/logo-ia-120.png","width":120,"height":43,"caption":"info algerie"},"image":{"@id":"https:\/\/www.info-algerie.com\/actualites\/#\/schema\/logo\/image\/"},"sameAs":["https:\/\/www.facebook.com\/infoalgerieactu","https:\/\/x.com\/infoalgerie1"]},{"@type":"Person","@id":"https:\/\/www.info-algerie.com\/actualites\/#\/schema\/person\/847aaec44920825b843a08f30ec6aa1e","name":"La r\u00e9daction","image":{"@type":"ImageObject","inLanguage":"fr-FR","@id":"https:\/\/secure.gravatar.com\/avatar\/769db425c6f465158149f1ffd6cf61ce7a8a879d11dfbef8288af36dfddd418c?s=96&d=mm&r=g","url":"https:\/\/secure.gravatar.com\/avatar\/769db425c6f465158149f1ffd6cf61ce7a8a879d11dfbef8288af36dfddd418c?s=96&d=mm&r=g","contentUrl":"https:\/\/secure.gravatar.com\/avatar\/769db425c6f465158149f1ffd6cf61ce7a8a879d11dfbef8288af36dfddd418c?s=96&d=mm&r=g","caption":"La r\u00e9daction"},"sameAs":["http:\/\/www.lkeria.com\/"],"url":"https:\/\/www.info-algerie.com\/actualites\/author\/chakib32\/"}]}},"_links":{"self":[{"href":"https:\/\/www.info-algerie.com\/actualites\/wp-json\/wp\/v2\/posts\/12586","targetHints":{"allow":["GET"]}}],"collection":[{"href":"https:\/\/www.info-algerie.com\/actualites\/wp-json\/wp\/v2\/posts"}],"about":[{"href":"https:\/\/www.info-algerie.com\/actualites\/wp-json\/wp\/v2\/types\/post"}],"author":[{"embeddable":true,"href":"https:\/\/www.info-algerie.com\/actualites\/wp-json\/wp\/v2\/users\/6"}],"replies":[{"embeddable":true,"href":"https:\/\/www.info-algerie.com\/actualites\/wp-json\/wp\/v2\/comments?post=12586"}],"version-history":[{"count":0,"href":"https:\/\/www.info-algerie.com\/actualites\/wp-json\/wp\/v2\/posts\/12586\/revisions"}],"wp:featuredmedia":[{"embeddable":true,"href":"https:\/\/www.info-algerie.com\/actualites\/wp-json\/wp\/v2\/media\/12587"}],"wp:attachment":[{"href":"https:\/\/www.info-algerie.com\/actualites\/wp-json\/wp\/v2\/media?parent=12586"}],"wp:term":[{"taxonomy":"category","embeddable":true,"href":"https:\/\/www.info-algerie.com\/actualites\/wp-json\/wp\/v2\/categories?post=12586"},{"taxonomy":"post_tag","embeddable":true,"href":"https:\/\/www.info-algerie.com\/actualites\/wp-json\/wp\/v2\/tags?post=12586"}],"curies":[{"name":"wp","href":"https:\/\/api.w.org\/{rel}","templated":true}]}}