{"id":12589,"date":"2017-05-26T14:30:53","date_gmt":"2017-05-26T13:30:53","guid":{"rendered":"http:\/\/www.info-algerie.com\/actualites\/lafrique-sest-dotee-dune-architecture-institutionnelle-complete-pour-faire-face-aux-defis-davenir\/"},"modified":"2017-05-26T14:30:53","modified_gmt":"2017-05-26T13:30:53","slug":"lafrique-sest-dotee-dune-architecture-institutionnelle-complete-pour-faire-face-aux-defis-davenir","status":"publish","type":"post","link":"https:\/\/www.info-algerie.com\/actualites\/lafrique-sest-dotee-dune-architecture-institutionnelle-complete-pour-faire-face-aux-defis-davenir\/","title":{"rendered":"L\u2019Afrique s\u2019est dot\u00e9e d&#039;une architecture institutionnelle compl\u00e8te pour faire face aux d\u00e9fis d&#039;avenir"},"content":{"rendered":"<div class=\"K2FeedImage\"><img decoding=\"async\" src=\"https:\/\/www.info-algerie.com\/actualites\/wp-content\/uploads\/2017\/05\/ededda0e6ae44e0f7c46c80464781d3c_S.jpg\" alt=\"L&#x2019;Afrique s&#x2019;est dot&#xE9;e d'une architecture institutionnelle compl&#xE8;te pour faire face aux d&#xE9;fis d'avenir\" \/><\/div>\n<div class=\"K2FeedIntroText\">\n<p>ALGER &#8211; Le ministre d&rsquo;Etat, ministre des Affaires \u00e9trang\u00e8res et de la Coop\u00e9ration internationale sortant, Ramtane Lamamra a indiqu\u00e9 jeudi \u00e0 Alger que le continent africain s\u2019est \u00ab\u00a0progressivement\u00a0\u00bb dot\u00e9 d&rsquo;une architecture institutionnelle compl\u00e8te \u00e0 m\u00eame d&rsquo;assurer la prise en charge \u00ab\u00a0effective\u00a0\u00bb des d\u00e9fis auxquels il doit faire face.<\/p>\n<p>&#013;\n<\/p><\/div>\n<div class=\"K2FeedFullText\">&#013;<\/p>\n<p>\u00ab\u00a0Il est particuli\u00e8rement r\u00e9jouissant de constater que notre continent s\u2019est progressivement dot\u00e9 d&rsquo;une architecture institutionnelle compl\u00e8te et articul\u00e9e autour d\u2019organes politiques, l\u00e9gislatifs, s\u00e9curitaires et \u00e9conomiques destin\u00e9s \u00e0 assurer la prise en charge effective de l&rsquo;ensemble des d\u00e9fis auxquels le continent doit faire face \u00e0 moyen et long termes dans une approche commune et inclusive\u00a0\u00bb, a indiqu\u00e9 M. Lamamra dans une allocution prononc\u00e9e \u00e0 l&rsquo;occasion de la c\u00e9r\u00e9monie de c\u00e9l\u00e9bration de la Journ\u00e9e de l&rsquo;Afrique.<\/p>\n<p>&#013;<\/p>\n<p>M. Lamamra a notamment cit\u00e9 le parach\u00e8vement de l\u2019op\u00e9rationnalisation de la Force africaine en attente et la \u00ab\u00a0synergie\u00a0\u00bb des actions bilat\u00e9rales et multilat\u00e9rales dans le domaine de la lutte contre le terrorisme et les fl\u00e9aux connexes, qui sont autant de \u00ab\u00a0r\u00e9alisations majeures\u00a0\u00bb \u00e0 mettre \u00e0 l&rsquo;actif de l&rsquo;Organisation continentale, relevant \u00ab\u00a0le r\u00f4le pr\u00e9cieux et la place \u00e9minente\u00a0\u00bb qu\u2019occupe dans cette architecture le Conseil de paix et de s\u00e9curit\u00e9 dans sa vocation d\u2019organe charg\u00e9 de la pr\u00e9vention, la gestion et du r\u00e8glement des conflits ainsi que de la promotion de la stabilit\u00e9 sur le continent.<\/p>\n<p>&#013;<\/p>\n<p>Au plan de la lutte antiterroriste, M. Lamamra a relev\u00e9 que la coop\u00e9ration interafricaine a enregistr\u00e9 \u00ab\u00a0des avanc\u00e9es remarquables\u00a0\u00bb, avec, a-t-il pr\u00e9cis\u00e9, l\u2019arriv\u00e9e \u00e0 maturit\u00e9 du processus de Nouakchott, le niveau de fonctionnalit\u00e9 atteint par le Comit\u00e9 des services de renseignements et de s\u00e9curit\u00e9 africains (CISSA), ainsi que par deux \u00ab\u00a0importantes structures\u00a0\u00bb de s\u00e9curit\u00e9 sises \u00e0 Alger, le CAERT et l\u2019UFL.<\/p>\n<p>&#013;<\/p>\n<p>Il a \u00e9galement cit\u00e9 la premi\u00e8re assembl\u00e9e g\u00e9n\u00e9rale d\u2019AFRIPOL, tenue r\u00e9cemment \u00e0 Alger, venue, a-t-il dit, \u00ab\u00a0fort opportun\u00e9ment couronner ce processus \u00e0 tous \u00e9gards exemplaire de coop\u00e9ration en mati\u00e8re s\u00e9curitaire et de lutte contre le terrorisme et les fl\u00e9aux connexes\u00a0\u00bb.<\/p>\n<p>&#013;<\/p>\n<p>M. Lamamra a relev\u00e9 aussi que la localisation du si\u00e8ge de l\u2019AFRIPOL \u00e0 Alger est \u00ab\u00a0un autre t\u00e9moignage de l\u2019engagement de l&rsquo;Alg\u00e9rie \u00e0 la pleine r\u00e9alisation de l&rsquo;Agenda panafricaniste\u00a0\u00bb.<\/p>\n<p>&#013;<\/p>\n<p>Evoquant le bilan de l&rsquo;ann\u00e9e pr\u00e9c\u00e9dente de l&rsquo;Union africaine, M. Lamamra a estim\u00e9 qu&rsquo;il est \u00ab\u00a0plein de r\u00e9alisations et aussi d\u2019espoirs nouveaux dans la voie de la concr\u00e9tisation progressive des id\u00e9aux et objectifs pour lesquels les p\u00e8res fondateurs de l\u2019organisation continentale ont consenti tant d\u2019efforts\u00a0\u00bb.<\/p>\n<p>&#013;<\/p>\n<p>Il a rappel\u00e9 \u00e0 cet effet que le dernier sommet des chefs d\u2019Etat et de gouvernement de l&rsquo;UA, tenu en janvier dernier \u00e0 Addis-Abeba, a donn\u00e9 lieu \u00e0 des \u00ab\u00a0r\u00e9sultats substantiellement importants\u00a0\u00bb ayant confort\u00e9 l&rsquo;Organisation dans sa vocation de \u00ab\u00a0socle des valeurs du panafricanisme et de cadre appropri\u00e9 pour l\u2019int\u00e9gration politique et \u00e9conomique de l\u2019Afrique\u00a0\u00bb.<\/p>\n<p>&#013;<\/p>\n<p>M. Lamamra a en outre salu\u00e9 l&rsquo;\u00e9lection d&rsquo;un \u00ab\u00a0digne fils de l\u2019Afrique\u00a0\u00bb, l&rsquo;Ethiopien Tedros Adhanom Ghebreyesus, au poste de directeur g\u00e9n\u00e9ral de l\u2019Organisation mondiale de la Sant\u00e9 (OMS), estimant que cette distinction de l\u2019Afrique, pour la premi\u00e8re fois dans l\u2019histoire de l\u2019OMS, constitue un fait majeur qui permet de grands espoirs\u00a0\u00bb.<\/p>\n<p>&#013;<\/p>\n<p>Par ailleurs, M. Lamamra s&rsquo;est dit \u00ab\u00a0reconnaissant\u00a0\u00bb envers le pr\u00e9sident de la R\u00e9publique Abdelaziz Bouteflika pour la confiance qu&rsquo;il lui avait accord\u00e9e quand il l&rsquo;avait d\u00e9sign\u00e9 au poste de chef de la diplomatie alg\u00e9rienne.<\/p>\n<p>&#013;<\/p>\n<p>M. Lamamra a \u00e9galement f\u00e9licit\u00e9 Abdelkader Messahel, promu ministre des Affaires \u00e9trang\u00e8res, faisant observer que la co\u00efncidence a voulu que M. Messahel soit d\u00e9sign\u00e9 MAE \u00e0 l&rsquo;occasion de la c\u00e9l\u00e9bration de la Journ\u00e9e de l&rsquo;Afrique, \u00ab\u00a0un continent qu&rsquo;il connait parfaitement\u00a0\u00bb.<\/p>\n<p>&#013;<\/p>\n<p>De son c\u00f4t\u00e9, le ministre des Affaires \u00e9trang\u00e8res nouvellement d\u00e9sign\u00e9, Abdelkader Messahel a tenu \u00e0 remercier le chef de l&rsquo;Etat pour la confiance plac\u00e9e en lui en le d\u00e9signant chef de la diplomatie alg\u00e9rienne, s&rsquo;engageant \u00e0 \u00eatre \u00e0 la hauteur de cette confiance.<\/p>\n<p>&#013;<\/p>\n<p class=\"MsoNormal\">M. Messahel a reconnu qu&rsquo;il s&rsquo;agit d&rsquo;une mission \u00ab\u00a0sensible\u00a0\u00bb, compte tenu de la situation pr\u00e9valant en Afrique et dans les pays du voisinage.<\/p>\n<\/div>\n<p>&#013;<br \/>\nSource: <a href=\"http:\/\/www.aps.dz\/algerie\/58227-l-afrique-s-est-dotee-d-une-architecture-institutionnelle-complete-pour-faire-face-aux-defis-d-avenir\" target=\"_blank\">L\u2019Afrique s\u2019est dot\u00e9e d&rsquo;une architecture institutionnelle compl\u00e8te pour faire face aux d\u00e9fis d&rsquo;avenir<\/a><\/p>\n<!--CusAds0-->\n<div style=\"font-size: 0px; height: 0px; line-height: 0px; margin: 0; padding: 0; clear: both;\"><\/div>","protected":false},"excerpt":{"rendered":"<p>ALGER &#8211; Le ministre d&rsquo;Etat, ministre des Affaires \u00e9trang\u00e8res et de la Coop\u00e9ration internationale sortant, Ramtane Lamamra a indiqu\u00e9 jeudi \u00e0 Alger que le continent africain s\u2019est \u00ab\u00a0progressivement\u00a0\u00bb dot\u00e9 d&rsquo;une architecture institutionnelle compl\u00e8te \u00e0 m\u00eame d&rsquo;assurer la prise en charge \u00ab\u00a0effective\u00a0\u00bb des d\u00e9fis auxquels il doit faire face. &#013; &#013; \u00ab\u00a0Il est particuli\u00e8rement r\u00e9jouissant de<\/p>\n","protected":false},"author":6,"featured_media":12590,"comment_status":"open","ping_status":"open","sticky":false,"template":"","format":"standard","meta":{"footnotes":""},"categories":[22],"tags":[93],"class_list":["post-12589","post","type-post","status-publish","format-standard","has-post-thumbnail","hentry","category-infos","tag-onu"],"yoast_head":"<!-- This site is optimized with the Yoast SEO plugin v27.5 - https:\/\/yoast.com\/product\/yoast-seo-wordpress\/ -->\n<title>L\u2019Afrique s\u2019est dot\u00e9e d&#039;une architecture institutionnelle compl\u00e8te pour faire face aux d\u00e9fis d&#039;avenir - info algerie<\/title>\n<meta name=\"robots\" content=\"index, follow, max-snippet:-1, max-image-preview:large, max-video-preview:-1\" \/>\n<link rel=\"canonical\" href=\"https:\/\/www.info-algerie.com\/actualites\/lafrique-sest-dotee-dune-architecture-institutionnelle-complete-pour-faire-face-aux-defis-davenir\/\" \/>\n<meta property=\"og:locale\" content=\"fr_FR\" \/>\n<meta property=\"og:type\" content=\"article\" \/>\n<meta property=\"og:title\" content=\"L\u2019Afrique s\u2019est dot\u00e9e d&#039;une architecture institutionnelle compl\u00e8te pour faire face aux d\u00e9fis d&#039;avenir - info algerie\" \/>\n<meta property=\"og:description\" content=\"ALGER &#8211; Le ministre d&rsquo;Etat, ministre des Affaires \u00e9trang\u00e8res et de la Coop\u00e9ration internationale sortant, Ramtane Lamamra a indiqu\u00e9 jeudi \u00e0 Alger que le continent africain s\u2019est \u00ab\u00a0progressivement\u00a0\u00bb dot\u00e9 d&rsquo;une architecture institutionnelle compl\u00e8te \u00e0 m\u00eame d&rsquo;assurer la prise en charge \u00ab\u00a0effective\u00a0\u00bb des d\u00e9fis auxquels il doit faire face. &#013; &#013; \u00ab\u00a0Il est particuli\u00e8rement r\u00e9jouissant de\" \/>\n<meta property=\"og:url\" content=\"https:\/\/www.info-algerie.com\/actualites\/lafrique-sest-dotee-dune-architecture-institutionnelle-complete-pour-faire-face-aux-defis-davenir\/\" \/>\n<meta property=\"og:site_name\" content=\"info algerie\" \/>\n<meta property=\"article:publisher\" content=\"https:\/\/www.facebook.com\/infoalgerieactu\" \/>\n<meta property=\"article:published_time\" content=\"2017-05-26T13:30:53+00:00\" \/>\n<meta property=\"og:image\" content=\"https:\/\/www.info-algerie.com\/actualites\/wp-content\/uploads\/2017\/05\/ededda0e6ae44e0f7c46c80464781d3c_S-1.jpg\" \/>\n\t<meta property=\"og:image:width\" content=\"280\" \/>\n\t<meta property=\"og:image:height\" content=\"169\" \/>\n\t<meta property=\"og:image:type\" content=\"image\/jpeg\" \/>\n<meta name=\"author\" content=\"La r\u00e9daction\" \/>\n<meta name=\"twitter:label1\" content=\"\u00c9crit par\" \/>\n\t<meta name=\"twitter:data1\" content=\"La r\u00e9daction\" \/>\n\t<meta name=\"twitter:label2\" content=\"Dur\u00e9e de lecture estim\u00e9e\" \/>\n\t<meta name=\"twitter:data2\" content=\"4 minutes\" \/>\n<script type=\"application\/ld+json\" class=\"yoast-schema-graph\">{\"@context\":\"https:\\\/\\\/schema.org\",\"@graph\":[{\"@type\":\"Article\",\"@id\":\"https:\\\/\\\/www.info-algerie.com\\\/actualites\\\/lafrique-sest-dotee-dune-architecture-institutionnelle-complete-pour-faire-face-aux-defis-davenir\\\/#article\",\"isPartOf\":{\"@id\":\"https:\\\/\\\/www.info-algerie.com\\\/actualites\\\/lafrique-sest-dotee-dune-architecture-institutionnelle-complete-pour-faire-face-aux-defis-davenir\\\/\"},\"author\":{\"name\":\"La r\u00e9daction\",\"@id\":\"https:\\\/\\\/www.info-algerie.com\\\/actualites\\\/#\\\/schema\\\/person\\\/847aaec44920825b843a08f30ec6aa1e\"},\"headline\":\"L\u2019Afrique s\u2019est dot\u00e9e d&#039;une architecture institutionnelle compl\u00e8te pour faire face aux d\u00e9fis d&#039;avenir\",\"datePublished\":\"2017-05-26T13:30:53+00:00\",\"mainEntityOfPage\":{\"@id\":\"https:\\\/\\\/www.info-algerie.com\\\/actualites\\\/lafrique-sest-dotee-dune-architecture-institutionnelle-complete-pour-faire-face-aux-defis-davenir\\\/\"},\"wordCount\":791,\"commentCount\":0,\"publisher\":{\"@id\":\"https:\\\/\\\/www.info-algerie.com\\\/actualites\\\/#organization\"},\"image\":{\"@id\":\"https:\\\/\\\/www.info-algerie.com\\\/actualites\\\/lafrique-sest-dotee-dune-architecture-institutionnelle-complete-pour-faire-face-aux-defis-davenir\\\/#primaryimage\"},\"thumbnailUrl\":\"https:\\\/\\\/www.info-algerie.com\\\/actualites\\\/wp-content\\\/uploads\\\/2017\\\/05\\\/ededda0e6ae44e0f7c46c80464781d3c_S-1.jpg\",\"keywords\":[\"ONU\"],\"articleSection\":[\"infos\"],\"inLanguage\":\"fr-FR\",\"potentialAction\":[{\"@type\":\"CommentAction\",\"name\":\"Comment\",\"target\":[\"https:\\\/\\\/www.info-algerie.com\\\/actualites\\\/lafrique-sest-dotee-dune-architecture-institutionnelle-complete-pour-faire-face-aux-defis-davenir\\\/#respond\"]}]},{\"@type\":\"WebPage\",\"@id\":\"https:\\\/\\\/www.info-algerie.com\\\/actualites\\\/lafrique-sest-dotee-dune-architecture-institutionnelle-complete-pour-faire-face-aux-defis-davenir\\\/\",\"url\":\"https:\\\/\\\/www.info-algerie.com\\\/actualites\\\/lafrique-sest-dotee-dune-architecture-institutionnelle-complete-pour-faire-face-aux-defis-davenir\\\/\",\"name\":\"L\u2019Afrique s\u2019est dot\u00e9e d&#039;une architecture institutionnelle compl\u00e8te pour faire face aux d\u00e9fis d&#039;avenir - info algerie\",\"isPartOf\":{\"@id\":\"https:\\\/\\\/www.info-algerie.com\\\/actualites\\\/#website\"},\"primaryImageOfPage\":{\"@id\":\"https:\\\/\\\/www.info-algerie.com\\\/actualites\\\/lafrique-sest-dotee-dune-architecture-institutionnelle-complete-pour-faire-face-aux-defis-davenir\\\/#primaryimage\"},\"image\":{\"@id\":\"https:\\\/\\\/www.info-algerie.com\\\/actualites\\\/lafrique-sest-dotee-dune-architecture-institutionnelle-complete-pour-faire-face-aux-defis-davenir\\\/#primaryimage\"},\"thumbnailUrl\":\"https:\\\/\\\/www.info-algerie.com\\\/actualites\\\/wp-content\\\/uploads\\\/2017\\\/05\\\/ededda0e6ae44e0f7c46c80464781d3c_S-1.jpg\",\"datePublished\":\"2017-05-26T13:30:53+00:00\",\"breadcrumb\":{\"@id\":\"https:\\\/\\\/www.info-algerie.com\\\/actualites\\\/lafrique-sest-dotee-dune-architecture-institutionnelle-complete-pour-faire-face-aux-defis-davenir\\\/#breadcrumb\"},\"inLanguage\":\"fr-FR\",\"potentialAction\":[{\"@type\":\"ReadAction\",\"target\":[\"https:\\\/\\\/www.info-algerie.com\\\/actualites\\\/lafrique-sest-dotee-dune-architecture-institutionnelle-complete-pour-faire-face-aux-defis-davenir\\\/\"]}]},{\"@type\":\"ImageObject\",\"inLanguage\":\"fr-FR\",\"@id\":\"https:\\\/\\\/www.info-algerie.com\\\/actualites\\\/lafrique-sest-dotee-dune-architecture-institutionnelle-complete-pour-faire-face-aux-defis-davenir\\\/#primaryimage\",\"url\":\"https:\\\/\\\/www.info-algerie.com\\\/actualites\\\/wp-content\\\/uploads\\\/2017\\\/05\\\/ededda0e6ae44e0f7c46c80464781d3c_S-1.jpg\",\"contentUrl\":\"https:\\\/\\\/www.info-algerie.com\\\/actualites\\\/wp-content\\\/uploads\\\/2017\\\/05\\\/ededda0e6ae44e0f7c46c80464781d3c_S-1.jpg\",\"width\":280,\"height\":169},{\"@type\":\"BreadcrumbList\",\"@id\":\"https:\\\/\\\/www.info-algerie.com\\\/actualites\\\/lafrique-sest-dotee-dune-architecture-institutionnelle-complete-pour-faire-face-aux-defis-davenir\\\/#breadcrumb\",\"itemListElement\":[{\"@type\":\"ListItem\",\"position\":1,\"name\":\"Accueil\",\"item\":\"https:\\\/\\\/www.info-algerie.com\\\/actualites\\\/\"},{\"@type\":\"ListItem\",\"position\":2,\"name\":\"L\u2019Afrique s\u2019est dot\u00e9e d&#039;une architecture institutionnelle compl\u00e8te pour faire face aux d\u00e9fis d&#039;avenir\"}]},{\"@type\":\"WebSite\",\"@id\":\"https:\\\/\\\/www.info-algerie.com\\\/actualites\\\/#website\",\"url\":\"https:\\\/\\\/www.info-algerie.com\\\/actualites\\\/\",\"name\":\"info algerie\",\"description\":\"Toutes les actualit\u00e9s\",\"publisher\":{\"@id\":\"https:\\\/\\\/www.info-algerie.com\\\/actualites\\\/#organization\"},\"potentialAction\":[{\"@type\":\"SearchAction\",\"target\":{\"@type\":\"EntryPoint\",\"urlTemplate\":\"https:\\\/\\\/www.info-algerie.com\\\/actualites\\\/?s={search_term_string}\"},\"query-input\":{\"@type\":\"PropertyValueSpecification\",\"valueRequired\":true,\"valueName\":\"search_term_string\"}}],\"inLanguage\":\"fr-FR\"},{\"@type\":\"Organization\",\"@id\":\"https:\\\/\\\/www.info-algerie.com\\\/actualites\\\/#organization\",\"name\":\"info algerie\",\"url\":\"https:\\\/\\\/www.info-algerie.com\\\/actualites\\\/\",\"logo\":{\"@type\":\"ImageObject\",\"inLanguage\":\"fr-FR\",\"@id\":\"https:\\\/\\\/www.info-algerie.com\\\/actualites\\\/#\\\/schema\\\/logo\\\/image\\\/\",\"url\":\"https:\\\/\\\/www.info-algerie.com\\\/actualites\\\/wp-content\\\/uploads\\\/2022\\\/07\\\/logo-ia-120.png\",\"contentUrl\":\"https:\\\/\\\/www.info-algerie.com\\\/actualites\\\/wp-content\\\/uploads\\\/2022\\\/07\\\/logo-ia-120.png\",\"width\":120,\"height\":43,\"caption\":\"info algerie\"},\"image\":{\"@id\":\"https:\\\/\\\/www.info-algerie.com\\\/actualites\\\/#\\\/schema\\\/logo\\\/image\\\/\"},\"sameAs\":[\"https:\\\/\\\/www.facebook.com\\\/infoalgerieactu\",\"https:\\\/\\\/x.com\\\/infoalgerie1\"]},{\"@type\":\"Person\",\"@id\":\"https:\\\/\\\/www.info-algerie.com\\\/actualites\\\/#\\\/schema\\\/person\\\/847aaec44920825b843a08f30ec6aa1e\",\"name\":\"La r\u00e9daction\",\"image\":{\"@type\":\"ImageObject\",\"inLanguage\":\"fr-FR\",\"@id\":\"https:\\\/\\\/secure.gravatar.com\\\/avatar\\\/769db425c6f465158149f1ffd6cf61ce7a8a879d11dfbef8288af36dfddd418c?s=96&d=mm&r=g\",\"url\":\"https:\\\/\\\/secure.gravatar.com\\\/avatar\\\/769db425c6f465158149f1ffd6cf61ce7a8a879d11dfbef8288af36dfddd418c?s=96&d=mm&r=g\",\"contentUrl\":\"https:\\\/\\\/secure.gravatar.com\\\/avatar\\\/769db425c6f465158149f1ffd6cf61ce7a8a879d11dfbef8288af36dfddd418c?s=96&d=mm&r=g\",\"caption\":\"La r\u00e9daction\"},\"sameAs\":[\"http:\\\/\\\/www.lkeria.com\\\/\"],\"url\":\"https:\\\/\\\/www.info-algerie.com\\\/actualites\\\/author\\\/chakib32\\\/\"}]}<\/script>\n<!-- \/ Yoast SEO plugin. -->","yoast_head_json":{"title":"L\u2019Afrique s\u2019est dot\u00e9e d&#039;une architecture institutionnelle compl\u00e8te pour faire face aux d\u00e9fis d&#039;avenir - info algerie","robots":{"index":"index","follow":"follow","max-snippet":"max-snippet:-1","max-image-preview":"max-image-preview:large","max-video-preview":"max-video-preview:-1"},"canonical":"https:\/\/www.info-algerie.com\/actualites\/lafrique-sest-dotee-dune-architecture-institutionnelle-complete-pour-faire-face-aux-defis-davenir\/","og_locale":"fr_FR","og_type":"article","og_title":"L\u2019Afrique s\u2019est dot\u00e9e d&#039;une architecture institutionnelle compl\u00e8te pour faire face aux d\u00e9fis d&#039;avenir - info algerie","og_description":"ALGER &#8211; Le ministre d&rsquo;Etat, ministre des Affaires \u00e9trang\u00e8res et de la Coop\u00e9ration internationale sortant, Ramtane Lamamra a indiqu\u00e9 jeudi \u00e0 Alger que le continent africain s\u2019est \u00ab\u00a0progressivement\u00a0\u00bb dot\u00e9 d&rsquo;une architecture institutionnelle compl\u00e8te \u00e0 m\u00eame d&rsquo;assurer la prise en charge \u00ab\u00a0effective\u00a0\u00bb des d\u00e9fis auxquels il doit faire face. &#013; &#013; \u00ab\u00a0Il est particuli\u00e8rement r\u00e9jouissant de","og_url":"https:\/\/www.info-algerie.com\/actualites\/lafrique-sest-dotee-dune-architecture-institutionnelle-complete-pour-faire-face-aux-defis-davenir\/","og_site_name":"info algerie","article_publisher":"https:\/\/www.facebook.com\/infoalgerieactu","article_published_time":"2017-05-26T13:30:53+00:00","og_image":[{"width":280,"height":169,"url":"https:\/\/www.info-algerie.com\/actualites\/wp-content\/uploads\/2017\/05\/ededda0e6ae44e0f7c46c80464781d3c_S-1.jpg","type":"image\/jpeg"}],"author":"La r\u00e9daction","twitter_misc":{"\u00c9crit par":"La r\u00e9daction","Dur\u00e9e de lecture estim\u00e9e":"4 minutes"},"schema":{"@context":"https:\/\/schema.org","@graph":[{"@type":"Article","@id":"https:\/\/www.info-algerie.com\/actualites\/lafrique-sest-dotee-dune-architecture-institutionnelle-complete-pour-faire-face-aux-defis-davenir\/#article","isPartOf":{"@id":"https:\/\/www.info-algerie.com\/actualites\/lafrique-sest-dotee-dune-architecture-institutionnelle-complete-pour-faire-face-aux-defis-davenir\/"},"author":{"name":"La r\u00e9daction","@id":"https:\/\/www.info-algerie.com\/actualites\/#\/schema\/person\/847aaec44920825b843a08f30ec6aa1e"},"headline":"L\u2019Afrique s\u2019est dot\u00e9e d&#039;une architecture institutionnelle compl\u00e8te pour faire face aux d\u00e9fis d&#039;avenir","datePublished":"2017-05-26T13:30:53+00:00","mainEntityOfPage":{"@id":"https:\/\/www.info-algerie.com\/actualites\/lafrique-sest-dotee-dune-architecture-institutionnelle-complete-pour-faire-face-aux-defis-davenir\/"},"wordCount":791,"commentCount":0,"publisher":{"@id":"https:\/\/www.info-algerie.com\/actualites\/#organization"},"image":{"@id":"https:\/\/www.info-algerie.com\/actualites\/lafrique-sest-dotee-dune-architecture-institutionnelle-complete-pour-faire-face-aux-defis-davenir\/#primaryimage"},"thumbnailUrl":"https:\/\/www.info-algerie.com\/actualites\/wp-content\/uploads\/2017\/05\/ededda0e6ae44e0f7c46c80464781d3c_S-1.jpg","keywords":["ONU"],"articleSection":["infos"],"inLanguage":"fr-FR","potentialAction":[{"@type":"CommentAction","name":"Comment","target":["https:\/\/www.info-algerie.com\/actualites\/lafrique-sest-dotee-dune-architecture-institutionnelle-complete-pour-faire-face-aux-defis-davenir\/#respond"]}]},{"@type":"WebPage","@id":"https:\/\/www.info-algerie.com\/actualites\/lafrique-sest-dotee-dune-architecture-institutionnelle-complete-pour-faire-face-aux-defis-davenir\/","url":"https:\/\/www.info-algerie.com\/actualites\/lafrique-sest-dotee-dune-architecture-institutionnelle-complete-pour-faire-face-aux-defis-davenir\/","name":"L\u2019Afrique s\u2019est dot\u00e9e d&#039;une architecture institutionnelle compl\u00e8te pour faire face aux d\u00e9fis d&#039;avenir - info algerie","isPartOf":{"@id":"https:\/\/www.info-algerie.com\/actualites\/#website"},"primaryImageOfPage":{"@id":"https:\/\/www.info-algerie.com\/actualites\/lafrique-sest-dotee-dune-architecture-institutionnelle-complete-pour-faire-face-aux-defis-davenir\/#primaryimage"},"image":{"@id":"https:\/\/www.info-algerie.com\/actualites\/lafrique-sest-dotee-dune-architecture-institutionnelle-complete-pour-faire-face-aux-defis-davenir\/#primaryimage"},"thumbnailUrl":"https:\/\/www.info-algerie.com\/actualites\/wp-content\/uploads\/2017\/05\/ededda0e6ae44e0f7c46c80464781d3c_S-1.jpg","datePublished":"2017-05-26T13:30:53+00:00","breadcrumb":{"@id":"https:\/\/www.info-algerie.com\/actualites\/lafrique-sest-dotee-dune-architecture-institutionnelle-complete-pour-faire-face-aux-defis-davenir\/#breadcrumb"},"inLanguage":"fr-FR","potentialAction":[{"@type":"ReadAction","target":["https:\/\/www.info-algerie.com\/actualites\/lafrique-sest-dotee-dune-architecture-institutionnelle-complete-pour-faire-face-aux-defis-davenir\/"]}]},{"@type":"ImageObject","inLanguage":"fr-FR","@id":"https:\/\/www.info-algerie.com\/actualites\/lafrique-sest-dotee-dune-architecture-institutionnelle-complete-pour-faire-face-aux-defis-davenir\/#primaryimage","url":"https:\/\/www.info-algerie.com\/actualites\/wp-content\/uploads\/2017\/05\/ededda0e6ae44e0f7c46c80464781d3c_S-1.jpg","contentUrl":"https:\/\/www.info-algerie.com\/actualites\/wp-content\/uploads\/2017\/05\/ededda0e6ae44e0f7c46c80464781d3c_S-1.jpg","width":280,"height":169},{"@type":"BreadcrumbList","@id":"https:\/\/www.info-algerie.com\/actualites\/lafrique-sest-dotee-dune-architecture-institutionnelle-complete-pour-faire-face-aux-defis-davenir\/#breadcrumb","itemListElement":[{"@type":"ListItem","position":1,"name":"Accueil","item":"https:\/\/www.info-algerie.com\/actualites\/"},{"@type":"ListItem","position":2,"name":"L\u2019Afrique s\u2019est dot\u00e9e d&#039;une architecture institutionnelle compl\u00e8te pour faire face aux d\u00e9fis d&#039;avenir"}]},{"@type":"WebSite","@id":"https:\/\/www.info-algerie.com\/actualites\/#website","url":"https:\/\/www.info-algerie.com\/actualites\/","name":"info algerie","description":"Toutes les actualit\u00e9s","publisher":{"@id":"https:\/\/www.info-algerie.com\/actualites\/#organization"},"potentialAction":[{"@type":"SearchAction","target":{"@type":"EntryPoint","urlTemplate":"https:\/\/www.info-algerie.com\/actualites\/?s={search_term_string}"},"query-input":{"@type":"PropertyValueSpecification","valueRequired":true,"valueName":"search_term_string"}}],"inLanguage":"fr-FR"},{"@type":"Organization","@id":"https:\/\/www.info-algerie.com\/actualites\/#organization","name":"info algerie","url":"https:\/\/www.info-algerie.com\/actualites\/","logo":{"@type":"ImageObject","inLanguage":"fr-FR","@id":"https:\/\/www.info-algerie.com\/actualites\/#\/schema\/logo\/image\/","url":"https:\/\/www.info-algerie.com\/actualites\/wp-content\/uploads\/2022\/07\/logo-ia-120.png","contentUrl":"https:\/\/www.info-algerie.com\/actualites\/wp-content\/uploads\/2022\/07\/logo-ia-120.png","width":120,"height":43,"caption":"info algerie"},"image":{"@id":"https:\/\/www.info-algerie.com\/actualites\/#\/schema\/logo\/image\/"},"sameAs":["https:\/\/www.facebook.com\/infoalgerieactu","https:\/\/x.com\/infoalgerie1"]},{"@type":"Person","@id":"https:\/\/www.info-algerie.com\/actualites\/#\/schema\/person\/847aaec44920825b843a08f30ec6aa1e","name":"La r\u00e9daction","image":{"@type":"ImageObject","inLanguage":"fr-FR","@id":"https:\/\/secure.gravatar.com\/avatar\/769db425c6f465158149f1ffd6cf61ce7a8a879d11dfbef8288af36dfddd418c?s=96&d=mm&r=g","url":"https:\/\/secure.gravatar.com\/avatar\/769db425c6f465158149f1ffd6cf61ce7a8a879d11dfbef8288af36dfddd418c?s=96&d=mm&r=g","contentUrl":"https:\/\/secure.gravatar.com\/avatar\/769db425c6f465158149f1ffd6cf61ce7a8a879d11dfbef8288af36dfddd418c?s=96&d=mm&r=g","caption":"La r\u00e9daction"},"sameAs":["http:\/\/www.lkeria.com\/"],"url":"https:\/\/www.info-algerie.com\/actualites\/author\/chakib32\/"}]}},"_links":{"self":[{"href":"https:\/\/www.info-algerie.com\/actualites\/wp-json\/wp\/v2\/posts\/12589","targetHints":{"allow":["GET"]}}],"collection":[{"href":"https:\/\/www.info-algerie.com\/actualites\/wp-json\/wp\/v2\/posts"}],"about":[{"href":"https:\/\/www.info-algerie.com\/actualites\/wp-json\/wp\/v2\/types\/post"}],"author":[{"embeddable":true,"href":"https:\/\/www.info-algerie.com\/actualites\/wp-json\/wp\/v2\/users\/6"}],"replies":[{"embeddable":true,"href":"https:\/\/www.info-algerie.com\/actualites\/wp-json\/wp\/v2\/comments?post=12589"}],"version-history":[{"count":0,"href":"https:\/\/www.info-algerie.com\/actualites\/wp-json\/wp\/v2\/posts\/12589\/revisions"}],"wp:featuredmedia":[{"embeddable":true,"href":"https:\/\/www.info-algerie.com\/actualites\/wp-json\/wp\/v2\/media\/12590"}],"wp:attachment":[{"href":"https:\/\/www.info-algerie.com\/actualites\/wp-json\/wp\/v2\/media?parent=12589"}],"wp:term":[{"taxonomy":"category","embeddable":true,"href":"https:\/\/www.info-algerie.com\/actualites\/wp-json\/wp\/v2\/categories?post=12589"},{"taxonomy":"post_tag","embeddable":true,"href":"https:\/\/www.info-algerie.com\/actualites\/wp-json\/wp\/v2\/tags?post=12589"}],"curies":[{"name":"wp","href":"https:\/\/api.w.org\/{rel}","templated":true}]}}