{"id":12593,"date":"2017-05-26T17:08:20","date_gmt":"2017-05-26T16:08:20","guid":{"rendered":"http:\/\/www.info-algerie.com\/actualites\/le-nouveau-ministre-de-la-communication-prend-ses-fonctions\/"},"modified":"2017-05-26T17:08:20","modified_gmt":"2017-05-26T16:08:20","slug":"le-nouveau-ministre-de-la-communication-prend-ses-fonctions","status":"publish","type":"post","link":"https:\/\/www.info-algerie.com\/actualites\/le-nouveau-ministre-de-la-communication-prend-ses-fonctions\/","title":{"rendered":"Le nouveau ministre de la Communication prend ses fonctions"},"content":{"rendered":"<div class=\"K2FeedImage\"><img decoding=\"async\" src=\"https:\/\/www.info-algerie.com\/actualites\/wp-content\/uploads\/2017\/05\/51d233fa420c7ad3f17004c85e6409e6_S.jpg\" alt=\"Le nouveau ministre de la Communication, Djamel Kaouane\" \/><\/div>\n<div class=\"K2FeedIntroText\">\n<p>ALGER &#8211; Le nouveau ministre de la Communication, Djamel Kaouane, a affirm\u00e9, vendredi \u00e0 Alger, que la priorit\u00e9 de son secteur consistait en la mise en \u0153uvre de la feuille de route dont les contours ont \u00e9t\u00e9 trac\u00e9s par le pr\u00e9sident de la R\u00e9publique, pr\u00e9cisant que \u00ab\u00a0le secteur de la Communication doit s&rsquo;adapter aux d\u00e9fis de l&rsquo;\u00e8re du num\u00e9rique\u00a0\u00bb.<\/p>\n<p>&#013;\n<\/p><\/div>\n<div class=\"K2FeedFullText\">&#013;<\/p>\n<p>\u00ab\u00a0Nous avons comme priorit\u00e9 de renforcer la libert\u00e9 d&rsquo;expression, consacr\u00e9e dans la Constitution\u00a0\u00bb, \u00e0 travers \u00ab\u00a0la mise en \u0153uvre de la feuille de route dont les contours ont \u00e9t\u00e9 d\u00e9finis par le pr\u00e9sident de la R\u00e9publique, dans son message du 22 octobre 2016 et les grandes lignes trac\u00e9es dans son message du 3 mai 2017\u00a0\u00bb, a indiqu\u00e9 M. Kaouane lors d&rsquo;une c\u00e9r\u00e9monie de passation de pouvoirs avec l&rsquo;ex-ministre Hamid Grine, organis\u00e9 au si\u00e8ge du minist\u00e8re.<\/p>\n<p>&#013;<\/p>\n<p>\u00ab\u00a0Le secteur de la Communication doit s&rsquo;adapter aux d\u00e9fis de l&rsquo;\u00e8re du num\u00e9rique, aux nouveaux moyens de communication et aux progr\u00e8s technologiques du 21eme si\u00e8cle\u00a0\u00bb, a indiqu\u00e9 le ministre, affirmant que cette responsabilit\u00e9 relevait essentiellement des \u00ab\u00a0acteurs du secteur et de chaque responsable consciencieux au minist\u00e8re\u00a0\u00bb.<\/p>\n<p>&#013;<\/p>\n<p>\u00ab\u00a0Notre mission est de pr\u00e9server la dignit\u00e9 du journaliste et d&rsquo;assurer les conditions de travail ad\u00e9quates\u00a0\u00bb, a-t-il soutenu, pr\u00e9sentant ses remerciements au pr\u00e9sident de la R\u00e9publique, Abdelaziz Bouteflika, pour la confiance qu&rsquo;il a plac\u00e9e en lui et pour la valorisation du travail qu&rsquo;il avait accompli auparavant.<\/p>\n<p>&#013;<\/p>\n<p>Le ministre sortant, Hamid Grine a remerci\u00e9, pour sa part, le pr\u00e9sident Bouteflika, \u00ab\u00a0pour la confiance qu&rsquo;il a plac\u00e9e en ma personne durant ces trois derni\u00e8res ann\u00e9es\u00a0\u00bb, ainsi que les travailleurs du secteur, exprimant sa \u00ab\u00a0joie\u00a0\u00bb pour la nomination de Djamel Kaouane \u00e0 la t\u00eate du minist\u00e8re de la Communication.<\/p>\n<p>&#013;<\/p>\n<p>Djamel Kaouane, nomm\u00e9 jeudi par le pr\u00e9sident de la R\u00e9publique, Abdelaziz Bouteflika, en tant que ministre de la Communication, occupait le poste de Pr\u00e9sident-directeur g\u00e9n\u00e9ral de l&rsquo;Entreprise nationale d&rsquo;\u00e9dition, communication et publicit\u00e9 (ANEP).<\/p>\n<p>&#013;<\/p>\n<p>N\u00e9 le 28 octobre 1960 \u00e0 Alger, M. Kaouane a d\u00e9but\u00e9 sa carri\u00e8re professionnelle en novembre 1984 en tant que journaliste au quotidien El-Moudjahid.<\/p>\n<p>&#013;<\/p>\n<p>Entre 1987 et 1989, il a \u00e9t\u00e9 journaliste \u00e0 la Direction de l\u2019Information de la Pr\u00e9sidence de la R\u00e9publique dans le cadre du service national avant de reprendre sa carri\u00e8re au sein du journal El-Moudjahid, o\u00f9 il a \u00e9t\u00e9 notamment r\u00e9dacteur en chef entre 1999 et 2008.<\/p>\n<p>&#013;<\/p>\n<p>De 2008 \u00e0 mai 2015, M. Kaouane a \u00e9t\u00e9 nomm\u00e9 directeur de publication du journal \u00ab\u00a0Le Temps d\u2019Alg\u00e9rie\u00a0\u00bb.<\/p>\n<p>&#013;<\/p>\n<p class=\"MsoNormal\">Mari\u00e9 et p\u00e8re de trois enfants, le nouveau ministre de la Communication est titulaire d&rsquo;une licence en sciences politiques, sp\u00e9cialit\u00e9 relations internationales.<\/p>\n<\/div>\n<p>&#013;<br \/>\nSource: <a href=\"http:\/\/www.aps.dz\/algerie\/58248-le-nouveau-ministre-de-la-communication-prend-ses-fonctions\" target=\"_blank\">Le nouveau ministre de la Communication prend ses fonctions<\/a><\/p>\n<!--CusAds0-->\n<div style=\"font-size: 0px; height: 0px; line-height: 0px; margin: 0; padding: 0; clear: both;\"><\/div>","protected":false},"excerpt":{"rendered":"<p>ALGER &#8211; Le nouveau ministre de la Communication, Djamel Kaouane, a affirm\u00e9, vendredi \u00e0 Alger, que la priorit\u00e9 de son secteur consistait en la mise en \u0153uvre de la feuille de route dont les contours ont \u00e9t\u00e9 trac\u00e9s par le pr\u00e9sident de la R\u00e9publique, pr\u00e9cisant que \u00ab\u00a0le secteur de la Communication doit s&rsquo;adapter aux d\u00e9fis<\/p>\n","protected":false},"author":6,"featured_media":12594,"comment_status":"open","ping_status":"open","sticky":false,"template":"","format":"standard","meta":{"footnotes":""},"categories":[22],"tags":[93],"class_list":["post-12593","post","type-post","status-publish","format-standard","has-post-thumbnail","hentry","category-infos","tag-onu"],"yoast_head":"<!-- This site is optimized with the Yoast SEO plugin v27.5 - https:\/\/yoast.com\/product\/yoast-seo-wordpress\/ -->\n<title>Le nouveau ministre de la Communication prend ses fonctions - info algerie<\/title>\n<meta name=\"robots\" content=\"index, follow, max-snippet:-1, max-image-preview:large, max-video-preview:-1\" \/>\n<link rel=\"canonical\" href=\"https:\/\/www.info-algerie.com\/actualites\/le-nouveau-ministre-de-la-communication-prend-ses-fonctions\/\" \/>\n<meta property=\"og:locale\" content=\"fr_FR\" \/>\n<meta property=\"og:type\" content=\"article\" \/>\n<meta property=\"og:title\" content=\"Le nouveau ministre de la Communication prend ses fonctions - info algerie\" \/>\n<meta property=\"og:description\" content=\"ALGER &#8211; Le nouveau ministre de la Communication, Djamel Kaouane, a affirm\u00e9, vendredi \u00e0 Alger, que la priorit\u00e9 de son secteur consistait en la mise en \u0153uvre de la feuille de route dont les contours ont \u00e9t\u00e9 trac\u00e9s par le pr\u00e9sident de la R\u00e9publique, pr\u00e9cisant que \u00ab\u00a0le secteur de la Communication doit s&rsquo;adapter aux d\u00e9fis\" \/>\n<meta property=\"og:url\" content=\"https:\/\/www.info-algerie.com\/actualites\/le-nouveau-ministre-de-la-communication-prend-ses-fonctions\/\" \/>\n<meta property=\"og:site_name\" content=\"info algerie\" \/>\n<meta property=\"article:publisher\" content=\"https:\/\/www.facebook.com\/infoalgerieactu\" \/>\n<meta property=\"article:published_time\" content=\"2017-05-26T16:08:20+00:00\" \/>\n<meta property=\"og:image\" content=\"https:\/\/www.info-algerie.com\/actualites\/wp-content\/uploads\/2017\/05\/51d233fa420c7ad3f17004c85e6409e6_S-1.jpg\" \/>\n\t<meta property=\"og:image:width\" content=\"280\" \/>\n\t<meta property=\"og:image:height\" content=\"169\" \/>\n\t<meta property=\"og:image:type\" content=\"image\/jpeg\" \/>\n<meta name=\"author\" content=\"La r\u00e9daction\" \/>\n<meta name=\"twitter:label1\" content=\"\u00c9crit par\" \/>\n\t<meta name=\"twitter:data1\" content=\"La r\u00e9daction\" \/>\n\t<meta name=\"twitter:label2\" content=\"Dur\u00e9e de lecture estim\u00e9e\" \/>\n\t<meta name=\"twitter:data2\" content=\"2 minutes\" \/>\n<script type=\"application\/ld+json\" class=\"yoast-schema-graph\">{\"@context\":\"https:\\\/\\\/schema.org\",\"@graph\":[{\"@type\":\"Article\",\"@id\":\"https:\\\/\\\/www.info-algerie.com\\\/actualites\\\/le-nouveau-ministre-de-la-communication-prend-ses-fonctions\\\/#article\",\"isPartOf\":{\"@id\":\"https:\\\/\\\/www.info-algerie.com\\\/actualites\\\/le-nouveau-ministre-de-la-communication-prend-ses-fonctions\\\/\"},\"author\":{\"name\":\"La r\u00e9daction\",\"@id\":\"https:\\\/\\\/www.info-algerie.com\\\/actualites\\\/#\\\/schema\\\/person\\\/847aaec44920825b843a08f30ec6aa1e\"},\"headline\":\"Le nouveau ministre de la Communication prend ses fonctions\",\"datePublished\":\"2017-05-26T16:08:20+00:00\",\"mainEntityOfPage\":{\"@id\":\"https:\\\/\\\/www.info-algerie.com\\\/actualites\\\/le-nouveau-ministre-de-la-communication-prend-ses-fonctions\\\/\"},\"wordCount\":482,\"commentCount\":0,\"publisher\":{\"@id\":\"https:\\\/\\\/www.info-algerie.com\\\/actualites\\\/#organization\"},\"image\":{\"@id\":\"https:\\\/\\\/www.info-algerie.com\\\/actualites\\\/le-nouveau-ministre-de-la-communication-prend-ses-fonctions\\\/#primaryimage\"},\"thumbnailUrl\":\"https:\\\/\\\/www.info-algerie.com\\\/actualites\\\/wp-content\\\/uploads\\\/2017\\\/05\\\/51d233fa420c7ad3f17004c85e6409e6_S-1.jpg\",\"keywords\":[\"ONU\"],\"articleSection\":[\"infos\"],\"inLanguage\":\"fr-FR\",\"potentialAction\":[{\"@type\":\"CommentAction\",\"name\":\"Comment\",\"target\":[\"https:\\\/\\\/www.info-algerie.com\\\/actualites\\\/le-nouveau-ministre-de-la-communication-prend-ses-fonctions\\\/#respond\"]}]},{\"@type\":\"WebPage\",\"@id\":\"https:\\\/\\\/www.info-algerie.com\\\/actualites\\\/le-nouveau-ministre-de-la-communication-prend-ses-fonctions\\\/\",\"url\":\"https:\\\/\\\/www.info-algerie.com\\\/actualites\\\/le-nouveau-ministre-de-la-communication-prend-ses-fonctions\\\/\",\"name\":\"Le nouveau ministre de la Communication prend ses fonctions - info algerie\",\"isPartOf\":{\"@id\":\"https:\\\/\\\/www.info-algerie.com\\\/actualites\\\/#website\"},\"primaryImageOfPage\":{\"@id\":\"https:\\\/\\\/www.info-algerie.com\\\/actualites\\\/le-nouveau-ministre-de-la-communication-prend-ses-fonctions\\\/#primaryimage\"},\"image\":{\"@id\":\"https:\\\/\\\/www.info-algerie.com\\\/actualites\\\/le-nouveau-ministre-de-la-communication-prend-ses-fonctions\\\/#primaryimage\"},\"thumbnailUrl\":\"https:\\\/\\\/www.info-algerie.com\\\/actualites\\\/wp-content\\\/uploads\\\/2017\\\/05\\\/51d233fa420c7ad3f17004c85e6409e6_S-1.jpg\",\"datePublished\":\"2017-05-26T16:08:20+00:00\",\"breadcrumb\":{\"@id\":\"https:\\\/\\\/www.info-algerie.com\\\/actualites\\\/le-nouveau-ministre-de-la-communication-prend-ses-fonctions\\\/#breadcrumb\"},\"inLanguage\":\"fr-FR\",\"potentialAction\":[{\"@type\":\"ReadAction\",\"target\":[\"https:\\\/\\\/www.info-algerie.com\\\/actualites\\\/le-nouveau-ministre-de-la-communication-prend-ses-fonctions\\\/\"]}]},{\"@type\":\"ImageObject\",\"inLanguage\":\"fr-FR\",\"@id\":\"https:\\\/\\\/www.info-algerie.com\\\/actualites\\\/le-nouveau-ministre-de-la-communication-prend-ses-fonctions\\\/#primaryimage\",\"url\":\"https:\\\/\\\/www.info-algerie.com\\\/actualites\\\/wp-content\\\/uploads\\\/2017\\\/05\\\/51d233fa420c7ad3f17004c85e6409e6_S-1.jpg\",\"contentUrl\":\"https:\\\/\\\/www.info-algerie.com\\\/actualites\\\/wp-content\\\/uploads\\\/2017\\\/05\\\/51d233fa420c7ad3f17004c85e6409e6_S-1.jpg\",\"width\":280,\"height\":169},{\"@type\":\"BreadcrumbList\",\"@id\":\"https:\\\/\\\/www.info-algerie.com\\\/actualites\\\/le-nouveau-ministre-de-la-communication-prend-ses-fonctions\\\/#breadcrumb\",\"itemListElement\":[{\"@type\":\"ListItem\",\"position\":1,\"name\":\"Accueil\",\"item\":\"https:\\\/\\\/www.info-algerie.com\\\/actualites\\\/\"},{\"@type\":\"ListItem\",\"position\":2,\"name\":\"Le nouveau ministre de la Communication prend ses fonctions\"}]},{\"@type\":\"WebSite\",\"@id\":\"https:\\\/\\\/www.info-algerie.com\\\/actualites\\\/#website\",\"url\":\"https:\\\/\\\/www.info-algerie.com\\\/actualites\\\/\",\"name\":\"info algerie\",\"description\":\"Toutes les actualit\u00e9s\",\"publisher\":{\"@id\":\"https:\\\/\\\/www.info-algerie.com\\\/actualites\\\/#organization\"},\"potentialAction\":[{\"@type\":\"SearchAction\",\"target\":{\"@type\":\"EntryPoint\",\"urlTemplate\":\"https:\\\/\\\/www.info-algerie.com\\\/actualites\\\/?s={search_term_string}\"},\"query-input\":{\"@type\":\"PropertyValueSpecification\",\"valueRequired\":true,\"valueName\":\"search_term_string\"}}],\"inLanguage\":\"fr-FR\"},{\"@type\":\"Organization\",\"@id\":\"https:\\\/\\\/www.info-algerie.com\\\/actualites\\\/#organization\",\"name\":\"info algerie\",\"url\":\"https:\\\/\\\/www.info-algerie.com\\\/actualites\\\/\",\"logo\":{\"@type\":\"ImageObject\",\"inLanguage\":\"fr-FR\",\"@id\":\"https:\\\/\\\/www.info-algerie.com\\\/actualites\\\/#\\\/schema\\\/logo\\\/image\\\/\",\"url\":\"https:\\\/\\\/www.info-algerie.com\\\/actualites\\\/wp-content\\\/uploads\\\/2022\\\/07\\\/logo-ia-120.png\",\"contentUrl\":\"https:\\\/\\\/www.info-algerie.com\\\/actualites\\\/wp-content\\\/uploads\\\/2022\\\/07\\\/logo-ia-120.png\",\"width\":120,\"height\":43,\"caption\":\"info algerie\"},\"image\":{\"@id\":\"https:\\\/\\\/www.info-algerie.com\\\/actualites\\\/#\\\/schema\\\/logo\\\/image\\\/\"},\"sameAs\":[\"https:\\\/\\\/www.facebook.com\\\/infoalgerieactu\",\"https:\\\/\\\/x.com\\\/infoalgerie1\"]},{\"@type\":\"Person\",\"@id\":\"https:\\\/\\\/www.info-algerie.com\\\/actualites\\\/#\\\/schema\\\/person\\\/847aaec44920825b843a08f30ec6aa1e\",\"name\":\"La r\u00e9daction\",\"image\":{\"@type\":\"ImageObject\",\"inLanguage\":\"fr-FR\",\"@id\":\"https:\\\/\\\/secure.gravatar.com\\\/avatar\\\/769db425c6f465158149f1ffd6cf61ce7a8a879d11dfbef8288af36dfddd418c?s=96&d=mm&r=g\",\"url\":\"https:\\\/\\\/secure.gravatar.com\\\/avatar\\\/769db425c6f465158149f1ffd6cf61ce7a8a879d11dfbef8288af36dfddd418c?s=96&d=mm&r=g\",\"contentUrl\":\"https:\\\/\\\/secure.gravatar.com\\\/avatar\\\/769db425c6f465158149f1ffd6cf61ce7a8a879d11dfbef8288af36dfddd418c?s=96&d=mm&r=g\",\"caption\":\"La r\u00e9daction\"},\"sameAs\":[\"http:\\\/\\\/www.lkeria.com\\\/\"],\"url\":\"https:\\\/\\\/www.info-algerie.com\\\/actualites\\\/author\\\/chakib32\\\/\"}]}<\/script>\n<!-- \/ Yoast SEO plugin. -->","yoast_head_json":{"title":"Le nouveau ministre de la Communication prend ses fonctions - info algerie","robots":{"index":"index","follow":"follow","max-snippet":"max-snippet:-1","max-image-preview":"max-image-preview:large","max-video-preview":"max-video-preview:-1"},"canonical":"https:\/\/www.info-algerie.com\/actualites\/le-nouveau-ministre-de-la-communication-prend-ses-fonctions\/","og_locale":"fr_FR","og_type":"article","og_title":"Le nouveau ministre de la Communication prend ses fonctions - info algerie","og_description":"ALGER &#8211; Le nouveau ministre de la Communication, Djamel Kaouane, a affirm\u00e9, vendredi \u00e0 Alger, que la priorit\u00e9 de son secteur consistait en la mise en \u0153uvre de la feuille de route dont les contours ont \u00e9t\u00e9 trac\u00e9s par le pr\u00e9sident de la R\u00e9publique, pr\u00e9cisant que \u00ab\u00a0le secteur de la Communication doit s&rsquo;adapter aux d\u00e9fis","og_url":"https:\/\/www.info-algerie.com\/actualites\/le-nouveau-ministre-de-la-communication-prend-ses-fonctions\/","og_site_name":"info algerie","article_publisher":"https:\/\/www.facebook.com\/infoalgerieactu","article_published_time":"2017-05-26T16:08:20+00:00","og_image":[{"width":280,"height":169,"url":"https:\/\/www.info-algerie.com\/actualites\/wp-content\/uploads\/2017\/05\/51d233fa420c7ad3f17004c85e6409e6_S-1.jpg","type":"image\/jpeg"}],"author":"La r\u00e9daction","twitter_misc":{"\u00c9crit par":"La r\u00e9daction","Dur\u00e9e de lecture estim\u00e9e":"2 minutes"},"schema":{"@context":"https:\/\/schema.org","@graph":[{"@type":"Article","@id":"https:\/\/www.info-algerie.com\/actualites\/le-nouveau-ministre-de-la-communication-prend-ses-fonctions\/#article","isPartOf":{"@id":"https:\/\/www.info-algerie.com\/actualites\/le-nouveau-ministre-de-la-communication-prend-ses-fonctions\/"},"author":{"name":"La r\u00e9daction","@id":"https:\/\/www.info-algerie.com\/actualites\/#\/schema\/person\/847aaec44920825b843a08f30ec6aa1e"},"headline":"Le nouveau ministre de la Communication prend ses fonctions","datePublished":"2017-05-26T16:08:20+00:00","mainEntityOfPage":{"@id":"https:\/\/www.info-algerie.com\/actualites\/le-nouveau-ministre-de-la-communication-prend-ses-fonctions\/"},"wordCount":482,"commentCount":0,"publisher":{"@id":"https:\/\/www.info-algerie.com\/actualites\/#organization"},"image":{"@id":"https:\/\/www.info-algerie.com\/actualites\/le-nouveau-ministre-de-la-communication-prend-ses-fonctions\/#primaryimage"},"thumbnailUrl":"https:\/\/www.info-algerie.com\/actualites\/wp-content\/uploads\/2017\/05\/51d233fa420c7ad3f17004c85e6409e6_S-1.jpg","keywords":["ONU"],"articleSection":["infos"],"inLanguage":"fr-FR","potentialAction":[{"@type":"CommentAction","name":"Comment","target":["https:\/\/www.info-algerie.com\/actualites\/le-nouveau-ministre-de-la-communication-prend-ses-fonctions\/#respond"]}]},{"@type":"WebPage","@id":"https:\/\/www.info-algerie.com\/actualites\/le-nouveau-ministre-de-la-communication-prend-ses-fonctions\/","url":"https:\/\/www.info-algerie.com\/actualites\/le-nouveau-ministre-de-la-communication-prend-ses-fonctions\/","name":"Le nouveau ministre de la Communication prend ses fonctions - info algerie","isPartOf":{"@id":"https:\/\/www.info-algerie.com\/actualites\/#website"},"primaryImageOfPage":{"@id":"https:\/\/www.info-algerie.com\/actualites\/le-nouveau-ministre-de-la-communication-prend-ses-fonctions\/#primaryimage"},"image":{"@id":"https:\/\/www.info-algerie.com\/actualites\/le-nouveau-ministre-de-la-communication-prend-ses-fonctions\/#primaryimage"},"thumbnailUrl":"https:\/\/www.info-algerie.com\/actualites\/wp-content\/uploads\/2017\/05\/51d233fa420c7ad3f17004c85e6409e6_S-1.jpg","datePublished":"2017-05-26T16:08:20+00:00","breadcrumb":{"@id":"https:\/\/www.info-algerie.com\/actualites\/le-nouveau-ministre-de-la-communication-prend-ses-fonctions\/#breadcrumb"},"inLanguage":"fr-FR","potentialAction":[{"@type":"ReadAction","target":["https:\/\/www.info-algerie.com\/actualites\/le-nouveau-ministre-de-la-communication-prend-ses-fonctions\/"]}]},{"@type":"ImageObject","inLanguage":"fr-FR","@id":"https:\/\/www.info-algerie.com\/actualites\/le-nouveau-ministre-de-la-communication-prend-ses-fonctions\/#primaryimage","url":"https:\/\/www.info-algerie.com\/actualites\/wp-content\/uploads\/2017\/05\/51d233fa420c7ad3f17004c85e6409e6_S-1.jpg","contentUrl":"https:\/\/www.info-algerie.com\/actualites\/wp-content\/uploads\/2017\/05\/51d233fa420c7ad3f17004c85e6409e6_S-1.jpg","width":280,"height":169},{"@type":"BreadcrumbList","@id":"https:\/\/www.info-algerie.com\/actualites\/le-nouveau-ministre-de-la-communication-prend-ses-fonctions\/#breadcrumb","itemListElement":[{"@type":"ListItem","position":1,"name":"Accueil","item":"https:\/\/www.info-algerie.com\/actualites\/"},{"@type":"ListItem","position":2,"name":"Le nouveau ministre de la Communication prend ses fonctions"}]},{"@type":"WebSite","@id":"https:\/\/www.info-algerie.com\/actualites\/#website","url":"https:\/\/www.info-algerie.com\/actualites\/","name":"info algerie","description":"Toutes les actualit\u00e9s","publisher":{"@id":"https:\/\/www.info-algerie.com\/actualites\/#organization"},"potentialAction":[{"@type":"SearchAction","target":{"@type":"EntryPoint","urlTemplate":"https:\/\/www.info-algerie.com\/actualites\/?s={search_term_string}"},"query-input":{"@type":"PropertyValueSpecification","valueRequired":true,"valueName":"search_term_string"}}],"inLanguage":"fr-FR"},{"@type":"Organization","@id":"https:\/\/www.info-algerie.com\/actualites\/#organization","name":"info algerie","url":"https:\/\/www.info-algerie.com\/actualites\/","logo":{"@type":"ImageObject","inLanguage":"fr-FR","@id":"https:\/\/www.info-algerie.com\/actualites\/#\/schema\/logo\/image\/","url":"https:\/\/www.info-algerie.com\/actualites\/wp-content\/uploads\/2022\/07\/logo-ia-120.png","contentUrl":"https:\/\/www.info-algerie.com\/actualites\/wp-content\/uploads\/2022\/07\/logo-ia-120.png","width":120,"height":43,"caption":"info algerie"},"image":{"@id":"https:\/\/www.info-algerie.com\/actualites\/#\/schema\/logo\/image\/"},"sameAs":["https:\/\/www.facebook.com\/infoalgerieactu","https:\/\/x.com\/infoalgerie1"]},{"@type":"Person","@id":"https:\/\/www.info-algerie.com\/actualites\/#\/schema\/person\/847aaec44920825b843a08f30ec6aa1e","name":"La r\u00e9daction","image":{"@type":"ImageObject","inLanguage":"fr-FR","@id":"https:\/\/secure.gravatar.com\/avatar\/769db425c6f465158149f1ffd6cf61ce7a8a879d11dfbef8288af36dfddd418c?s=96&d=mm&r=g","url":"https:\/\/secure.gravatar.com\/avatar\/769db425c6f465158149f1ffd6cf61ce7a8a879d11dfbef8288af36dfddd418c?s=96&d=mm&r=g","contentUrl":"https:\/\/secure.gravatar.com\/avatar\/769db425c6f465158149f1ffd6cf61ce7a8a879d11dfbef8288af36dfddd418c?s=96&d=mm&r=g","caption":"La r\u00e9daction"},"sameAs":["http:\/\/www.lkeria.com\/"],"url":"https:\/\/www.info-algerie.com\/actualites\/author\/chakib32\/"}]}},"_links":{"self":[{"href":"https:\/\/www.info-algerie.com\/actualites\/wp-json\/wp\/v2\/posts\/12593","targetHints":{"allow":["GET"]}}],"collection":[{"href":"https:\/\/www.info-algerie.com\/actualites\/wp-json\/wp\/v2\/posts"}],"about":[{"href":"https:\/\/www.info-algerie.com\/actualites\/wp-json\/wp\/v2\/types\/post"}],"author":[{"embeddable":true,"href":"https:\/\/www.info-algerie.com\/actualites\/wp-json\/wp\/v2\/users\/6"}],"replies":[{"embeddable":true,"href":"https:\/\/www.info-algerie.com\/actualites\/wp-json\/wp\/v2\/comments?post=12593"}],"version-history":[{"count":0,"href":"https:\/\/www.info-algerie.com\/actualites\/wp-json\/wp\/v2\/posts\/12593\/revisions"}],"wp:featuredmedia":[{"embeddable":true,"href":"https:\/\/www.info-algerie.com\/actualites\/wp-json\/wp\/v2\/media\/12594"}],"wp:attachment":[{"href":"https:\/\/www.info-algerie.com\/actualites\/wp-json\/wp\/v2\/media?parent=12593"}],"wp:term":[{"taxonomy":"category","embeddable":true,"href":"https:\/\/www.info-algerie.com\/actualites\/wp-json\/wp\/v2\/categories?post=12593"},{"taxonomy":"post_tag","embeddable":true,"href":"https:\/\/www.info-algerie.com\/actualites\/wp-json\/wp\/v2\/tags?post=12593"}],"curies":[{"name":"wp","href":"https:\/\/api.w.org\/{rel}","templated":true}]}}