{"id":12596,"date":"2017-05-26T17:02:04","date_gmt":"2017-05-26T16:02:04","guid":{"rendered":"http:\/\/www.info-algerie.com\/actualites\/le-nouveau-ministre-des-travaux-publics-et-des-transports-prend-ses-fonctions\/"},"modified":"2017-05-26T17:02:04","modified_gmt":"2017-05-26T16:02:04","slug":"le-nouveau-ministre-des-travaux-publics-et-des-transports-prend-ses-fonctions","status":"publish","type":"post","link":"https:\/\/www.info-algerie.com\/actualites\/le-nouveau-ministre-des-travaux-publics-et-des-transports-prend-ses-fonctions\/","title":{"rendered":"Le nouveau ministre des Travaux publics et des Transports prend ses fonctions"},"content":{"rendered":"<div class=\"K2FeedImage\"><img decoding=\"async\" src=\"https:\/\/www.info-algerie.com\/actualites\/wp-content\/uploads\/2017\/05\/e8b26723fe115e7e96f9b25ed56e9949_S.jpg\" alt=\"Le nouveau ministre des Travaux publics et des Transports prend ses fonctions\" \/><\/div>\n<div class=\"K2FeedIntroText\">\n<p>ALGER &#8211; Le nouveau ministre des Travaux publics et des Transports, Abdelghani Zaalane, a pris, vendredi, ses nouvelles fonctions, suite \u00e0 la nomination jeudi par le pr\u00e9sident de la R\u00e9publique, Abdelaziz Bouteflika, des membres du nouveau gouvernement, conduit par le Premier ministre, Abdelmadjid Tebboune.<\/p>\n<p>&#013;\n<\/p><\/div>\n<div class=\"K2FeedFullText\">&#013;<\/p>\n<p>Lors d\u2019une c\u00e9r\u00e9monie de passation de pouvoirs avec Abdelmalek Boudiaf qui \u00e9tait en charge du secteur par int\u00e9rim, en pr\u00e9sence des cadres du secteur, M. Zaalane a pr\u00e9sent\u00e9 ses remerciements au pr\u00e9sident de la R\u00e9publique pour la confiance qu\u2019il a plac\u00e9e en lui.<\/p>\n<p>&#013;<\/p>\n<p>Le ministre a ajout\u00e9 qu\u2019il va \u0153uvrer \u00ab\u00a0avec tous les cadres \u00e0 concr\u00e9tiser les orientations du pr\u00e9sidents de la R\u00e9publique ainsi que le plan d\u2019action du gouvernement dans les deux secteurs (travaux publics et transports) qui ont une grande importance au plan social et \u00e9conomique\u00a0\u00bb.<\/p>\n<p>&#013;<\/p>\n<p>Le gouvernement parie sur les deux secteurs des transports et des travaux publics dans le contexte de la crise \u00e9conomique mondiale, a encore ajout\u00e9 le ministre qui a remerci\u00e9 son pr\u00e9d\u00e9cesseur pour la gestion de ces deux\u00a0 secteurs en tant que ministre par int\u00e9rim.<\/p>\n<p>&#013;<\/p>\n<p>N\u00e9 le 26 d\u00e9cembre 1964 \u00e0 Souk Ahras, M. Zaalane est dipl\u00f4m\u00e9 de l&rsquo;Ecole nationale de l&rsquo;Administration (ENA, promotion 1987) et est \u00e9galement titulaire d&rsquo;un magister en Administration et d\u00e9veloppement.<\/p>\n<p>&#013;<\/p>\n<p>Le nouveau ministre des Travaux publics et des Transports a entam\u00e9 sa carri\u00e8re en 1990 comme cadre sup\u00e9rieur dans les collectivit\u00e9s locales jusqu&rsquo;\u00e0 1999.<\/p>\n<p>&#013;<\/p>\n<p>Il a exerc\u00e9 par la suite comme secr\u00e9taire g\u00e9n\u00e9ral de la wilaya de T\u00e9bessa (1999 \u00e0 2004) et de Batna (2004 \u00e0 2006).<\/p>\n<p>&#013;<\/p>\n<p class=\"MsoNormal\">M. Zaalane a exerc\u00e9 comme wali, successivement, d&rsquo;Oum El Bouaghi (2006-2010), de Bechar (2010-2013) et d&rsquo;Oran depuis 2013 jusqu&rsquo;\u00e0 sa nomination \u00e0 ce poste de ministre.<\/p>\n<\/div>\n<p>&#013;<br \/>\nSource: <a href=\"http:\/\/www.aps.dz\/algerie\/58247-le-nouveau-ministre-des-travaux-publics-et-des-transports-prend-ses-fonctions\" target=\"_blank\">Le nouveau ministre des Travaux publics et des Transports prend ses fonctions<\/a><\/p>\n<!--CusAds0-->\n<div style=\"font-size: 0px; height: 0px; line-height: 0px; margin: 0; padding: 0; clear: both;\"><\/div>","protected":false},"excerpt":{"rendered":"<p>ALGER &#8211; Le nouveau ministre des Travaux publics et des Transports, Abdelghani Zaalane, a pris, vendredi, ses nouvelles fonctions, suite \u00e0 la nomination jeudi par le pr\u00e9sident de la R\u00e9publique, Abdelaziz Bouteflika, des membres du nouveau gouvernement, conduit par le Premier ministre, Abdelmadjid Tebboune. &#013; &#013; Lors d\u2019une c\u00e9r\u00e9monie de passation de pouvoirs avec Abdelmalek<\/p>\n","protected":false},"author":6,"featured_media":12597,"comment_status":"open","ping_status":"open","sticky":false,"template":"","format":"standard","meta":{"footnotes":""},"categories":[22],"tags":[93],"class_list":["post-12596","post","type-post","status-publish","format-standard","has-post-thumbnail","hentry","category-infos","tag-onu"],"yoast_head":"<!-- This site is optimized with the Yoast SEO plugin v27.5 - https:\/\/yoast.com\/product\/yoast-seo-wordpress\/ -->\n<title>Le nouveau ministre des Travaux publics et des Transports prend ses fonctions - info algerie<\/title>\n<meta name=\"robots\" content=\"index, follow, max-snippet:-1, max-image-preview:large, max-video-preview:-1\" \/>\n<link rel=\"canonical\" href=\"https:\/\/www.info-algerie.com\/actualites\/le-nouveau-ministre-des-travaux-publics-et-des-transports-prend-ses-fonctions\/\" \/>\n<meta property=\"og:locale\" content=\"fr_FR\" \/>\n<meta property=\"og:type\" content=\"article\" \/>\n<meta property=\"og:title\" content=\"Le nouveau ministre des Travaux publics et des Transports prend ses fonctions - info algerie\" \/>\n<meta property=\"og:description\" content=\"ALGER &#8211; Le nouveau ministre des Travaux publics et des Transports, Abdelghani Zaalane, a pris, vendredi, ses nouvelles fonctions, suite \u00e0 la nomination jeudi par le pr\u00e9sident de la R\u00e9publique, Abdelaziz Bouteflika, des membres du nouveau gouvernement, conduit par le Premier ministre, Abdelmadjid Tebboune. &#013; &#013; Lors d\u2019une c\u00e9r\u00e9monie de passation de pouvoirs avec Abdelmalek\" \/>\n<meta property=\"og:url\" content=\"https:\/\/www.info-algerie.com\/actualites\/le-nouveau-ministre-des-travaux-publics-et-des-transports-prend-ses-fonctions\/\" \/>\n<meta property=\"og:site_name\" content=\"info algerie\" \/>\n<meta property=\"article:publisher\" content=\"https:\/\/www.facebook.com\/infoalgerieactu\" \/>\n<meta property=\"article:published_time\" content=\"2017-05-26T16:02:04+00:00\" \/>\n<meta property=\"og:image\" content=\"https:\/\/www.info-algerie.com\/actualites\/wp-content\/uploads\/2017\/05\/e8b26723fe115e7e96f9b25ed56e9949_S-1.jpg\" \/>\n\t<meta property=\"og:image:width\" content=\"280\" \/>\n\t<meta property=\"og:image:height\" content=\"169\" \/>\n\t<meta property=\"og:image:type\" content=\"image\/jpeg\" \/>\n<meta name=\"author\" content=\"La r\u00e9daction\" \/>\n<meta name=\"twitter:label1\" content=\"\u00c9crit par\" \/>\n\t<meta name=\"twitter:data1\" content=\"La r\u00e9daction\" \/>\n\t<meta name=\"twitter:label2\" content=\"Dur\u00e9e de lecture estim\u00e9e\" \/>\n\t<meta name=\"twitter:data2\" content=\"2 minutes\" \/>\n<script type=\"application\/ld+json\" class=\"yoast-schema-graph\">{\"@context\":\"https:\\\/\\\/schema.org\",\"@graph\":[{\"@type\":\"Article\",\"@id\":\"https:\\\/\\\/www.info-algerie.com\\\/actualites\\\/le-nouveau-ministre-des-travaux-publics-et-des-transports-prend-ses-fonctions\\\/#article\",\"isPartOf\":{\"@id\":\"https:\\\/\\\/www.info-algerie.com\\\/actualites\\\/le-nouveau-ministre-des-travaux-publics-et-des-transports-prend-ses-fonctions\\\/\"},\"author\":{\"name\":\"La r\u00e9daction\",\"@id\":\"https:\\\/\\\/www.info-algerie.com\\\/actualites\\\/#\\\/schema\\\/person\\\/847aaec44920825b843a08f30ec6aa1e\"},\"headline\":\"Le nouveau ministre des Travaux publics et des Transports prend ses fonctions\",\"datePublished\":\"2017-05-26T16:02:04+00:00\",\"mainEntityOfPage\":{\"@id\":\"https:\\\/\\\/www.info-algerie.com\\\/actualites\\\/le-nouveau-ministre-des-travaux-publics-et-des-transports-prend-ses-fonctions\\\/\"},\"wordCount\":323,\"commentCount\":0,\"publisher\":{\"@id\":\"https:\\\/\\\/www.info-algerie.com\\\/actualites\\\/#organization\"},\"image\":{\"@id\":\"https:\\\/\\\/www.info-algerie.com\\\/actualites\\\/le-nouveau-ministre-des-travaux-publics-et-des-transports-prend-ses-fonctions\\\/#primaryimage\"},\"thumbnailUrl\":\"https:\\\/\\\/www.info-algerie.com\\\/actualites\\\/wp-content\\\/uploads\\\/2017\\\/05\\\/e8b26723fe115e7e96f9b25ed56e9949_S-1.jpg\",\"keywords\":[\"ONU\"],\"articleSection\":[\"infos\"],\"inLanguage\":\"fr-FR\",\"potentialAction\":[{\"@type\":\"CommentAction\",\"name\":\"Comment\",\"target\":[\"https:\\\/\\\/www.info-algerie.com\\\/actualites\\\/le-nouveau-ministre-des-travaux-publics-et-des-transports-prend-ses-fonctions\\\/#respond\"]}]},{\"@type\":\"WebPage\",\"@id\":\"https:\\\/\\\/www.info-algerie.com\\\/actualites\\\/le-nouveau-ministre-des-travaux-publics-et-des-transports-prend-ses-fonctions\\\/\",\"url\":\"https:\\\/\\\/www.info-algerie.com\\\/actualites\\\/le-nouveau-ministre-des-travaux-publics-et-des-transports-prend-ses-fonctions\\\/\",\"name\":\"Le nouveau ministre des Travaux publics et des Transports prend ses fonctions - info algerie\",\"isPartOf\":{\"@id\":\"https:\\\/\\\/www.info-algerie.com\\\/actualites\\\/#website\"},\"primaryImageOfPage\":{\"@id\":\"https:\\\/\\\/www.info-algerie.com\\\/actualites\\\/le-nouveau-ministre-des-travaux-publics-et-des-transports-prend-ses-fonctions\\\/#primaryimage\"},\"image\":{\"@id\":\"https:\\\/\\\/www.info-algerie.com\\\/actualites\\\/le-nouveau-ministre-des-travaux-publics-et-des-transports-prend-ses-fonctions\\\/#primaryimage\"},\"thumbnailUrl\":\"https:\\\/\\\/www.info-algerie.com\\\/actualites\\\/wp-content\\\/uploads\\\/2017\\\/05\\\/e8b26723fe115e7e96f9b25ed56e9949_S-1.jpg\",\"datePublished\":\"2017-05-26T16:02:04+00:00\",\"breadcrumb\":{\"@id\":\"https:\\\/\\\/www.info-algerie.com\\\/actualites\\\/le-nouveau-ministre-des-travaux-publics-et-des-transports-prend-ses-fonctions\\\/#breadcrumb\"},\"inLanguage\":\"fr-FR\",\"potentialAction\":[{\"@type\":\"ReadAction\",\"target\":[\"https:\\\/\\\/www.info-algerie.com\\\/actualites\\\/le-nouveau-ministre-des-travaux-publics-et-des-transports-prend-ses-fonctions\\\/\"]}]},{\"@type\":\"ImageObject\",\"inLanguage\":\"fr-FR\",\"@id\":\"https:\\\/\\\/www.info-algerie.com\\\/actualites\\\/le-nouveau-ministre-des-travaux-publics-et-des-transports-prend-ses-fonctions\\\/#primaryimage\",\"url\":\"https:\\\/\\\/www.info-algerie.com\\\/actualites\\\/wp-content\\\/uploads\\\/2017\\\/05\\\/e8b26723fe115e7e96f9b25ed56e9949_S-1.jpg\",\"contentUrl\":\"https:\\\/\\\/www.info-algerie.com\\\/actualites\\\/wp-content\\\/uploads\\\/2017\\\/05\\\/e8b26723fe115e7e96f9b25ed56e9949_S-1.jpg\",\"width\":280,\"height\":169},{\"@type\":\"BreadcrumbList\",\"@id\":\"https:\\\/\\\/www.info-algerie.com\\\/actualites\\\/le-nouveau-ministre-des-travaux-publics-et-des-transports-prend-ses-fonctions\\\/#breadcrumb\",\"itemListElement\":[{\"@type\":\"ListItem\",\"position\":1,\"name\":\"Accueil\",\"item\":\"https:\\\/\\\/www.info-algerie.com\\\/actualites\\\/\"},{\"@type\":\"ListItem\",\"position\":2,\"name\":\"Le nouveau ministre des Travaux publics et des Transports prend ses fonctions\"}]},{\"@type\":\"WebSite\",\"@id\":\"https:\\\/\\\/www.info-algerie.com\\\/actualites\\\/#website\",\"url\":\"https:\\\/\\\/www.info-algerie.com\\\/actualites\\\/\",\"name\":\"info algerie\",\"description\":\"Toutes les actualit\u00e9s\",\"publisher\":{\"@id\":\"https:\\\/\\\/www.info-algerie.com\\\/actualites\\\/#organization\"},\"potentialAction\":[{\"@type\":\"SearchAction\",\"target\":{\"@type\":\"EntryPoint\",\"urlTemplate\":\"https:\\\/\\\/www.info-algerie.com\\\/actualites\\\/?s={search_term_string}\"},\"query-input\":{\"@type\":\"PropertyValueSpecification\",\"valueRequired\":true,\"valueName\":\"search_term_string\"}}],\"inLanguage\":\"fr-FR\"},{\"@type\":\"Organization\",\"@id\":\"https:\\\/\\\/www.info-algerie.com\\\/actualites\\\/#organization\",\"name\":\"info algerie\",\"url\":\"https:\\\/\\\/www.info-algerie.com\\\/actualites\\\/\",\"logo\":{\"@type\":\"ImageObject\",\"inLanguage\":\"fr-FR\",\"@id\":\"https:\\\/\\\/www.info-algerie.com\\\/actualites\\\/#\\\/schema\\\/logo\\\/image\\\/\",\"url\":\"https:\\\/\\\/www.info-algerie.com\\\/actualites\\\/wp-content\\\/uploads\\\/2022\\\/07\\\/logo-ia-120.png\",\"contentUrl\":\"https:\\\/\\\/www.info-algerie.com\\\/actualites\\\/wp-content\\\/uploads\\\/2022\\\/07\\\/logo-ia-120.png\",\"width\":120,\"height\":43,\"caption\":\"info algerie\"},\"image\":{\"@id\":\"https:\\\/\\\/www.info-algerie.com\\\/actualites\\\/#\\\/schema\\\/logo\\\/image\\\/\"},\"sameAs\":[\"https:\\\/\\\/www.facebook.com\\\/infoalgerieactu\",\"https:\\\/\\\/x.com\\\/infoalgerie1\"]},{\"@type\":\"Person\",\"@id\":\"https:\\\/\\\/www.info-algerie.com\\\/actualites\\\/#\\\/schema\\\/person\\\/847aaec44920825b843a08f30ec6aa1e\",\"name\":\"La r\u00e9daction\",\"image\":{\"@type\":\"ImageObject\",\"inLanguage\":\"fr-FR\",\"@id\":\"https:\\\/\\\/secure.gravatar.com\\\/avatar\\\/769db425c6f465158149f1ffd6cf61ce7a8a879d11dfbef8288af36dfddd418c?s=96&d=mm&r=g\",\"url\":\"https:\\\/\\\/secure.gravatar.com\\\/avatar\\\/769db425c6f465158149f1ffd6cf61ce7a8a879d11dfbef8288af36dfddd418c?s=96&d=mm&r=g\",\"contentUrl\":\"https:\\\/\\\/secure.gravatar.com\\\/avatar\\\/769db425c6f465158149f1ffd6cf61ce7a8a879d11dfbef8288af36dfddd418c?s=96&d=mm&r=g\",\"caption\":\"La r\u00e9daction\"},\"sameAs\":[\"http:\\\/\\\/www.lkeria.com\\\/\"],\"url\":\"https:\\\/\\\/www.info-algerie.com\\\/actualites\\\/author\\\/chakib32\\\/\"}]}<\/script>\n<!-- \/ Yoast SEO plugin. -->","yoast_head_json":{"title":"Le nouveau ministre des Travaux publics et des Transports prend ses fonctions - info algerie","robots":{"index":"index","follow":"follow","max-snippet":"max-snippet:-1","max-image-preview":"max-image-preview:large","max-video-preview":"max-video-preview:-1"},"canonical":"https:\/\/www.info-algerie.com\/actualites\/le-nouveau-ministre-des-travaux-publics-et-des-transports-prend-ses-fonctions\/","og_locale":"fr_FR","og_type":"article","og_title":"Le nouveau ministre des Travaux publics et des Transports prend ses fonctions - info algerie","og_description":"ALGER &#8211; Le nouveau ministre des Travaux publics et des Transports, Abdelghani Zaalane, a pris, vendredi, ses nouvelles fonctions, suite \u00e0 la nomination jeudi par le pr\u00e9sident de la R\u00e9publique, Abdelaziz Bouteflika, des membres du nouveau gouvernement, conduit par le Premier ministre, Abdelmadjid Tebboune. &#013; &#013; Lors d\u2019une c\u00e9r\u00e9monie de passation de pouvoirs avec Abdelmalek","og_url":"https:\/\/www.info-algerie.com\/actualites\/le-nouveau-ministre-des-travaux-publics-et-des-transports-prend-ses-fonctions\/","og_site_name":"info algerie","article_publisher":"https:\/\/www.facebook.com\/infoalgerieactu","article_published_time":"2017-05-26T16:02:04+00:00","og_image":[{"width":280,"height":169,"url":"https:\/\/www.info-algerie.com\/actualites\/wp-content\/uploads\/2017\/05\/e8b26723fe115e7e96f9b25ed56e9949_S-1.jpg","type":"image\/jpeg"}],"author":"La r\u00e9daction","twitter_misc":{"\u00c9crit par":"La r\u00e9daction","Dur\u00e9e de lecture estim\u00e9e":"2 minutes"},"schema":{"@context":"https:\/\/schema.org","@graph":[{"@type":"Article","@id":"https:\/\/www.info-algerie.com\/actualites\/le-nouveau-ministre-des-travaux-publics-et-des-transports-prend-ses-fonctions\/#article","isPartOf":{"@id":"https:\/\/www.info-algerie.com\/actualites\/le-nouveau-ministre-des-travaux-publics-et-des-transports-prend-ses-fonctions\/"},"author":{"name":"La r\u00e9daction","@id":"https:\/\/www.info-algerie.com\/actualites\/#\/schema\/person\/847aaec44920825b843a08f30ec6aa1e"},"headline":"Le nouveau ministre des Travaux publics et des Transports prend ses fonctions","datePublished":"2017-05-26T16:02:04+00:00","mainEntityOfPage":{"@id":"https:\/\/www.info-algerie.com\/actualites\/le-nouveau-ministre-des-travaux-publics-et-des-transports-prend-ses-fonctions\/"},"wordCount":323,"commentCount":0,"publisher":{"@id":"https:\/\/www.info-algerie.com\/actualites\/#organization"},"image":{"@id":"https:\/\/www.info-algerie.com\/actualites\/le-nouveau-ministre-des-travaux-publics-et-des-transports-prend-ses-fonctions\/#primaryimage"},"thumbnailUrl":"https:\/\/www.info-algerie.com\/actualites\/wp-content\/uploads\/2017\/05\/e8b26723fe115e7e96f9b25ed56e9949_S-1.jpg","keywords":["ONU"],"articleSection":["infos"],"inLanguage":"fr-FR","potentialAction":[{"@type":"CommentAction","name":"Comment","target":["https:\/\/www.info-algerie.com\/actualites\/le-nouveau-ministre-des-travaux-publics-et-des-transports-prend-ses-fonctions\/#respond"]}]},{"@type":"WebPage","@id":"https:\/\/www.info-algerie.com\/actualites\/le-nouveau-ministre-des-travaux-publics-et-des-transports-prend-ses-fonctions\/","url":"https:\/\/www.info-algerie.com\/actualites\/le-nouveau-ministre-des-travaux-publics-et-des-transports-prend-ses-fonctions\/","name":"Le nouveau ministre des Travaux publics et des Transports prend ses fonctions - info algerie","isPartOf":{"@id":"https:\/\/www.info-algerie.com\/actualites\/#website"},"primaryImageOfPage":{"@id":"https:\/\/www.info-algerie.com\/actualites\/le-nouveau-ministre-des-travaux-publics-et-des-transports-prend-ses-fonctions\/#primaryimage"},"image":{"@id":"https:\/\/www.info-algerie.com\/actualites\/le-nouveau-ministre-des-travaux-publics-et-des-transports-prend-ses-fonctions\/#primaryimage"},"thumbnailUrl":"https:\/\/www.info-algerie.com\/actualites\/wp-content\/uploads\/2017\/05\/e8b26723fe115e7e96f9b25ed56e9949_S-1.jpg","datePublished":"2017-05-26T16:02:04+00:00","breadcrumb":{"@id":"https:\/\/www.info-algerie.com\/actualites\/le-nouveau-ministre-des-travaux-publics-et-des-transports-prend-ses-fonctions\/#breadcrumb"},"inLanguage":"fr-FR","potentialAction":[{"@type":"ReadAction","target":["https:\/\/www.info-algerie.com\/actualites\/le-nouveau-ministre-des-travaux-publics-et-des-transports-prend-ses-fonctions\/"]}]},{"@type":"ImageObject","inLanguage":"fr-FR","@id":"https:\/\/www.info-algerie.com\/actualites\/le-nouveau-ministre-des-travaux-publics-et-des-transports-prend-ses-fonctions\/#primaryimage","url":"https:\/\/www.info-algerie.com\/actualites\/wp-content\/uploads\/2017\/05\/e8b26723fe115e7e96f9b25ed56e9949_S-1.jpg","contentUrl":"https:\/\/www.info-algerie.com\/actualites\/wp-content\/uploads\/2017\/05\/e8b26723fe115e7e96f9b25ed56e9949_S-1.jpg","width":280,"height":169},{"@type":"BreadcrumbList","@id":"https:\/\/www.info-algerie.com\/actualites\/le-nouveau-ministre-des-travaux-publics-et-des-transports-prend-ses-fonctions\/#breadcrumb","itemListElement":[{"@type":"ListItem","position":1,"name":"Accueil","item":"https:\/\/www.info-algerie.com\/actualites\/"},{"@type":"ListItem","position":2,"name":"Le nouveau ministre des Travaux publics et des Transports prend ses fonctions"}]},{"@type":"WebSite","@id":"https:\/\/www.info-algerie.com\/actualites\/#website","url":"https:\/\/www.info-algerie.com\/actualites\/","name":"info algerie","description":"Toutes les actualit\u00e9s","publisher":{"@id":"https:\/\/www.info-algerie.com\/actualites\/#organization"},"potentialAction":[{"@type":"SearchAction","target":{"@type":"EntryPoint","urlTemplate":"https:\/\/www.info-algerie.com\/actualites\/?s={search_term_string}"},"query-input":{"@type":"PropertyValueSpecification","valueRequired":true,"valueName":"search_term_string"}}],"inLanguage":"fr-FR"},{"@type":"Organization","@id":"https:\/\/www.info-algerie.com\/actualites\/#organization","name":"info algerie","url":"https:\/\/www.info-algerie.com\/actualites\/","logo":{"@type":"ImageObject","inLanguage":"fr-FR","@id":"https:\/\/www.info-algerie.com\/actualites\/#\/schema\/logo\/image\/","url":"https:\/\/www.info-algerie.com\/actualites\/wp-content\/uploads\/2022\/07\/logo-ia-120.png","contentUrl":"https:\/\/www.info-algerie.com\/actualites\/wp-content\/uploads\/2022\/07\/logo-ia-120.png","width":120,"height":43,"caption":"info algerie"},"image":{"@id":"https:\/\/www.info-algerie.com\/actualites\/#\/schema\/logo\/image\/"},"sameAs":["https:\/\/www.facebook.com\/infoalgerieactu","https:\/\/x.com\/infoalgerie1"]},{"@type":"Person","@id":"https:\/\/www.info-algerie.com\/actualites\/#\/schema\/person\/847aaec44920825b843a08f30ec6aa1e","name":"La r\u00e9daction","image":{"@type":"ImageObject","inLanguage":"fr-FR","@id":"https:\/\/secure.gravatar.com\/avatar\/769db425c6f465158149f1ffd6cf61ce7a8a879d11dfbef8288af36dfddd418c?s=96&d=mm&r=g","url":"https:\/\/secure.gravatar.com\/avatar\/769db425c6f465158149f1ffd6cf61ce7a8a879d11dfbef8288af36dfddd418c?s=96&d=mm&r=g","contentUrl":"https:\/\/secure.gravatar.com\/avatar\/769db425c6f465158149f1ffd6cf61ce7a8a879d11dfbef8288af36dfddd418c?s=96&d=mm&r=g","caption":"La r\u00e9daction"},"sameAs":["http:\/\/www.lkeria.com\/"],"url":"https:\/\/www.info-algerie.com\/actualites\/author\/chakib32\/"}]}},"_links":{"self":[{"href":"https:\/\/www.info-algerie.com\/actualites\/wp-json\/wp\/v2\/posts\/12596","targetHints":{"allow":["GET"]}}],"collection":[{"href":"https:\/\/www.info-algerie.com\/actualites\/wp-json\/wp\/v2\/posts"}],"about":[{"href":"https:\/\/www.info-algerie.com\/actualites\/wp-json\/wp\/v2\/types\/post"}],"author":[{"embeddable":true,"href":"https:\/\/www.info-algerie.com\/actualites\/wp-json\/wp\/v2\/users\/6"}],"replies":[{"embeddable":true,"href":"https:\/\/www.info-algerie.com\/actualites\/wp-json\/wp\/v2\/comments?post=12596"}],"version-history":[{"count":0,"href":"https:\/\/www.info-algerie.com\/actualites\/wp-json\/wp\/v2\/posts\/12596\/revisions"}],"wp:featuredmedia":[{"embeddable":true,"href":"https:\/\/www.info-algerie.com\/actualites\/wp-json\/wp\/v2\/media\/12597"}],"wp:attachment":[{"href":"https:\/\/www.info-algerie.com\/actualites\/wp-json\/wp\/v2\/media?parent=12596"}],"wp:term":[{"taxonomy":"category","embeddable":true,"href":"https:\/\/www.info-algerie.com\/actualites\/wp-json\/wp\/v2\/categories?post=12596"},{"taxonomy":"post_tag","embeddable":true,"href":"https:\/\/www.info-algerie.com\/actualites\/wp-json\/wp\/v2\/tags?post=12596"}],"curies":[{"name":"wp","href":"https:\/\/api.w.org\/{rel}","templated":true}]}}