{"id":12612,"date":"2017-05-26T19:24:52","date_gmt":"2017-05-26T18:24:52","guid":{"rendered":"http:\/\/www.info-algerie.com\/actualites\/les-questions-de-paix-et-de-securite-dans-la-region-et-la-lutte-contre-le-terrorisme-et-lextremisme-priorites-de-la-diplomatie-algerienne\/"},"modified":"2017-05-26T19:24:52","modified_gmt":"2017-05-26T18:24:52","slug":"les-questions-de-paix-et-de-securite-dans-la-region-et-la-lutte-contre-le-terrorisme-et-lextremisme-priorites-de-la-diplomatie-algerienne","status":"publish","type":"post","link":"https:\/\/www.info-algerie.com\/actualites\/les-questions-de-paix-et-de-securite-dans-la-region-et-la-lutte-contre-le-terrorisme-et-lextremisme-priorites-de-la-diplomatie-algerienne\/","title":{"rendered":"Les questions de paix et de s\u00e9curit\u00e9 dans la r\u00e9gion et la lutte contre le terrorisme et l&#039;extr\u00e9misme, priorit\u00e9s de la diplomatie alg\u00e9rienne"},"content":{"rendered":"<div class=\"K2FeedImage\"><img decoding=\"async\" src=\"https:\/\/www.info-algerie.com\/actualites\/wp-content\/uploads\/2017\/05\/0ddd9c45b15ac5f3ae8d3abd901ef175_S.jpg\" alt=\"Les questions de paix et de s&#xE9;curit&#xE9; dans la r&#xE9;gion et la lutte contre le terrorisme et l'extr&#xE9;misme, priorit&#xE9;s de la diplomatie alg&#xE9;rienne\" \/><\/div>\n<div class=\"K2FeedIntroText\">\n<p>ALGER &#8211; Le nouveau ministre des Affaires \u00e9trang\u00e8res, Abdelkader Messahel, a indiqu\u00e9 vendredi \u00e0 Alger que les questions de paix et de s\u00e9curit\u00e9 dans la r\u00e9gion et la lutte contre le terrorisme et l&rsquo;extr\u00e9misme seraient en t\u00eate des priorit\u00e9s de la diplomatie alg\u00e9rienne qui continuera \u00e0 d\u00e9fendre l&rsquo;Alg\u00e9rie et ses int\u00e9r\u00eats.<\/p>\n<p>&#013;\n<\/p><\/div>\n<div class=\"K2FeedFullText\">&#013;<\/p>\n<p>\u00ab\u00a0Les priorit\u00e9s de la diplomatie alg\u00e9rienne seront la lutte contre le terrorisme et l&rsquo;extr\u00e9misme et les questions de paix et de s\u00e9curit\u00e9 dans la r\u00e9gion, des dossiers importants \u00e0 l&rsquo;ordre du jour de l&rsquo;Organisation des Nations Unies et de l&rsquo;Union africaine, voire au niveau des ensembles r\u00e9gionaux arabes et europ\u00e9ens\u00a0\u00bb, a pr\u00e9cis\u00e9 M. Messahel dans une d\u00e9claration \u00e0 la presse \u00e0 l&rsquo;issue de la c\u00e9r\u00e9monie de passation de pouvoirs avec son pr\u00e9d\u00e9cesseur, Ramtane Lamamra.<\/p>\n<p>&#013;<\/p>\n<p>\u00ab\u00a0La d\u00e9fense de l&rsquo;Alg\u00e9rie restera une priorit\u00e9\u00a0\u00bb, a-t-il ajout\u00e9, soulignant que \u00ab\u00a0parler au nom de l&rsquo;Alg\u00e9rie dans les fora internationaux est \u00e0 la fois un grand honneur et une responsabilit\u00e9 de taille\u00a0\u00bb.<\/p>\n<p>&#013;<\/p>\n<p>Le ministre a adress\u00e9 ses remerciements au pr\u00e9sident de la R\u00e9publique pour la confiance qu&rsquo;il a une nouvelle fois plac\u00e9e en lui.<\/p>\n<p>&#013;<\/p>\n<p>\u00ab\u00a0J&rsquo;adresse \u00e9galement mes remerciements \u00e0 mon ami et coll\u00e8gue de 38 ans au minist\u00e8re des Affaires \u00e9trang\u00e8res, Ramtane Lamamra\u00a0\u00bb, a ajout\u00e9 M. Messahel, saluant les r\u00e9alisations de M. Lamamra \u00e0 la t\u00eate de ce minist\u00e8re \u00ab\u00a0dans une conjoncture marqu\u00e9e par de nombreuses difficult\u00e9s\u00a0\u00bb.<\/p>\n<p>&#013;<\/p>\n<p>Le travail \u00ab\u00a0se poursuivra sous l&rsquo;\u00e9gide du pr\u00e9sident de la R\u00e9publique qui est le premier diplomate et avec le concours des cadres hautement comp\u00e9tents et chevronn\u00e9s et de la nouvelle g\u00e9n\u00e9ration qui aura le privil\u00e8ge de prendre le flambeau pour s&rsquo;acquitter de son devoir comme nous l&rsquo;avons fait avant eux\u00a0\u00bb, a soulign\u00e9 M. Messahel.<\/p>\n<p>&#013;<\/p>\n<p>M. Lamamra a, pour sa part, exprim\u00e9 sa gratitude au pr\u00e9sident de la R\u00e9publique pour \u00ab\u00a0la confiance\u00a0\u00bb qu&rsquo;il a plac\u00e9e en lui en le nommant ministre des Affaires \u00e9trang\u00e8res et pour son soutien dans l&rsquo;accomplissement de sa mission \u00e0 la t\u00eate de ce d\u00e9partement minist\u00e9riel.<\/p>\n<p>&#013;<\/p>\n<p>M. Lamamra a \u00e9galement salu\u00e9 l&rsquo;ensemble des cadres du minist\u00e8re exer\u00e7ant au sein des structures de l&rsquo;administration centrale ou les repr\u00e9sentations diplomatiques et consulaires \u00e0 travers le monde, ajoutant qu&rsquo;il avait b\u00e9n\u00e9fici\u00e9 \u00ab\u00a0de la collaboration, de la coordination et de la conjugaison des efforts avec mon fr\u00e8re et coll\u00e8gue Abdelkader Messahel lors de l&rsquo;accomplissement de cette mission\u00a0\u00bb.<\/p>\n<p>&#013;<\/p>\n<p>A ce titre, M. Lamamra affirme qu&rsquo;il avait b\u00e9n\u00e9fici\u00e9 de la m\u00eame relation personnelle avec M. Messahel au cours de son parcours professionnel, soit dans les divers postes ou au sein des fora internationaux, en vue de porter haut la voix de l&rsquo;Alg\u00e9rie et de d\u00e9fendre ses principes et int\u00e9r\u00eats.<\/p>\n<p>&#013;<\/p>\n<p>M. Lamamra a \u00e9galement affirm\u00e9 que l&rsquo;avenir de la diplomatie alg\u00e9rienne sous la direction du pr\u00e9sident de la R\u00e9publique \u00ab\u00a0est entre de bonnes mains, en occurrence, le ministre Abdelkader Messahel qui vient juste d&rsquo;\u00eatre investi de cette mission qu&rsquo;il est en mesure de remplir. Je lui souhaite ainsi que pour ensemble des coll\u00e8gues plein et franc succ\u00e8s\u00a0\u00bb.<\/p>\n<p>&#013;<\/p>\n<p>M. Lamamra a, en outre, indiqu\u00e9 qu&rsquo;il \u00e9tait issu de ce minist\u00e8re et qu&rsquo;il \u00e9tait l&rsquo;un des cadres de l&rsquo;Etat.<\/p>\n<p>&#013;<\/p>\n<p class=\"MsoNormal\">\u00ab\u00a0Nous sommes, \u00e0 l&rsquo;instar de nos djounouds et de nos \u00e9l\u00e9ments des autres corps de s\u00e9curit\u00e9 qui se trouvent dans les diverses r\u00e9gions de notre vaste pays, toujours au service de l&rsquo;Alg\u00e9rie\u00a0\u00bb, a-t-il soulign\u00e9 avant d&rsquo;ajouter \u00a0\u00bb nous avons une dette envers l&rsquo;Alg\u00e9rie qui nous a form\u00e9s et nous a offert de grandes opportunit\u00e9s, parmi lesquelles, l&rsquo;honneur de repr\u00e9senter le peuple alg\u00e9rien dans les fora internationaux, faire entendre la voix de l&rsquo;Alg\u00e9rie, une voix \u00e0 la hauteur des sacrifices des valeureux chouhada, et des efforts de l&rsquo;Alg\u00e9rie en faveur de la lib\u00e9ration du continent africain,\u00a0 ainsi que ses positions audacieuses et de principe en faveur de toutes les causes justes. Face \u00e0 la grandeur de la t\u00e2che, il n&rsquo;est point de place aux sentiments personnelles ou conjoncturels\u00a0\u00bb.<\/p>\n<\/div>\n<p>&#013;<br \/>\nSource: <a href=\"http:\/\/www.aps.dz\/algerie\/58262-les-questions-de-paix-et-de-securite-dans-la-region-et-la-lutte-contre-le-terrorisme-et-l-extremisme-priorites-de-la-diplomatie-algerienne\" target=\"_blank\">Les questions de paix et de s\u00e9curit\u00e9 dans la r\u00e9gion et la lutte contre le terrorisme et l&rsquo;extr\u00e9misme, priorit\u00e9s de la diplomatie alg\u00e9rienne<\/a><\/p>\n<!--CusAds0-->\n<div style=\"font-size: 0px; height: 0px; line-height: 0px; margin: 0; padding: 0; clear: both;\"><\/div>","protected":false},"excerpt":{"rendered":"<p>ALGER &#8211; Le nouveau ministre des Affaires \u00e9trang\u00e8res, Abdelkader Messahel, a indiqu\u00e9 vendredi \u00e0 Alger que les questions de paix et de s\u00e9curit\u00e9 dans la r\u00e9gion et la lutte contre le terrorisme et l&rsquo;extr\u00e9misme seraient en t\u00eate des priorit\u00e9s de la diplomatie alg\u00e9rienne qui continuera \u00e0 d\u00e9fendre l&rsquo;Alg\u00e9rie et ses int\u00e9r\u00eats. &#013; &#013; \u00ab\u00a0Les priorit\u00e9s<\/p>\n","protected":false},"author":6,"featured_media":12613,"comment_status":"open","ping_status":"open","sticky":false,"template":"","format":"standard","meta":{"footnotes":""},"categories":[22],"tags":[93],"class_list":["post-12612","post","type-post","status-publish","format-standard","has-post-thumbnail","hentry","category-infos","tag-onu"],"yoast_head":"<!-- This site is optimized with the Yoast SEO plugin v27.5 - https:\/\/yoast.com\/product\/yoast-seo-wordpress\/ -->\n<title>Les questions de paix et de s\u00e9curit\u00e9 dans la r\u00e9gion et la lutte contre le terrorisme et l&#039;extr\u00e9misme, priorit\u00e9s de la diplomatie alg\u00e9rienne - info algerie<\/title>\n<meta name=\"robots\" content=\"index, follow, max-snippet:-1, max-image-preview:large, max-video-preview:-1\" \/>\n<link rel=\"canonical\" href=\"https:\/\/www.info-algerie.com\/actualites\/les-questions-de-paix-et-de-securite-dans-la-region-et-la-lutte-contre-le-terrorisme-et-lextremisme-priorites-de-la-diplomatie-algerienne\/\" \/>\n<meta property=\"og:locale\" content=\"fr_FR\" \/>\n<meta property=\"og:type\" content=\"article\" \/>\n<meta property=\"og:title\" content=\"Les questions de paix et de s\u00e9curit\u00e9 dans la r\u00e9gion et la lutte contre le terrorisme et l&#039;extr\u00e9misme, priorit\u00e9s de la diplomatie alg\u00e9rienne - info algerie\" \/>\n<meta property=\"og:description\" content=\"ALGER &#8211; Le nouveau ministre des Affaires \u00e9trang\u00e8res, Abdelkader Messahel, a indiqu\u00e9 vendredi \u00e0 Alger que les questions de paix et de s\u00e9curit\u00e9 dans la r\u00e9gion et la lutte contre le terrorisme et l&rsquo;extr\u00e9misme seraient en t\u00eate des priorit\u00e9s de la diplomatie alg\u00e9rienne qui continuera \u00e0 d\u00e9fendre l&rsquo;Alg\u00e9rie et ses int\u00e9r\u00eats. &#013; &#013; \u00ab\u00a0Les priorit\u00e9s\" \/>\n<meta property=\"og:url\" content=\"https:\/\/www.info-algerie.com\/actualites\/les-questions-de-paix-et-de-securite-dans-la-region-et-la-lutte-contre-le-terrorisme-et-lextremisme-priorites-de-la-diplomatie-algerienne\/\" \/>\n<meta property=\"og:site_name\" content=\"info algerie\" \/>\n<meta property=\"article:publisher\" content=\"https:\/\/www.facebook.com\/infoalgerieactu\" \/>\n<meta property=\"article:published_time\" content=\"2017-05-26T18:24:52+00:00\" \/>\n<meta property=\"og:image\" content=\"https:\/\/www.info-algerie.com\/actualites\/wp-content\/uploads\/2017\/05\/0ddd9c45b15ac5f3ae8d3abd901ef175_S-1.jpg\" \/>\n\t<meta property=\"og:image:width\" content=\"280\" \/>\n\t<meta property=\"og:image:height\" content=\"169\" \/>\n\t<meta property=\"og:image:type\" content=\"image\/jpeg\" \/>\n<meta name=\"author\" content=\"La r\u00e9daction\" \/>\n<meta name=\"twitter:label1\" content=\"\u00c9crit par\" \/>\n\t<meta name=\"twitter:data1\" content=\"La r\u00e9daction\" \/>\n\t<meta name=\"twitter:label2\" content=\"Dur\u00e9e de lecture estim\u00e9e\" \/>\n\t<meta name=\"twitter:data2\" content=\"4 minutes\" \/>\n<script type=\"application\/ld+json\" class=\"yoast-schema-graph\">{\"@context\":\"https:\\\/\\\/schema.org\",\"@graph\":[{\"@type\":\"Article\",\"@id\":\"https:\\\/\\\/www.info-algerie.com\\\/actualites\\\/les-questions-de-paix-et-de-securite-dans-la-region-et-la-lutte-contre-le-terrorisme-et-lextremisme-priorites-de-la-diplomatie-algerienne\\\/#article\",\"isPartOf\":{\"@id\":\"https:\\\/\\\/www.info-algerie.com\\\/actualites\\\/les-questions-de-paix-et-de-securite-dans-la-region-et-la-lutte-contre-le-terrorisme-et-lextremisme-priorites-de-la-diplomatie-algerienne\\\/\"},\"author\":{\"name\":\"La r\u00e9daction\",\"@id\":\"https:\\\/\\\/www.info-algerie.com\\\/actualites\\\/#\\\/schema\\\/person\\\/847aaec44920825b843a08f30ec6aa1e\"},\"headline\":\"Les questions de paix et de s\u00e9curit\u00e9 dans la r\u00e9gion et la lutte contre le terrorisme et l&#039;extr\u00e9misme, priorit\u00e9s de la diplomatie alg\u00e9rienne\",\"datePublished\":\"2017-05-26T18:24:52+00:00\",\"mainEntityOfPage\":{\"@id\":\"https:\\\/\\\/www.info-algerie.com\\\/actualites\\\/les-questions-de-paix-et-de-securite-dans-la-region-et-la-lutte-contre-le-terrorisme-et-lextremisme-priorites-de-la-diplomatie-algerienne\\\/\"},\"wordCount\":798,\"commentCount\":0,\"publisher\":{\"@id\":\"https:\\\/\\\/www.info-algerie.com\\\/actualites\\\/#organization\"},\"image\":{\"@id\":\"https:\\\/\\\/www.info-algerie.com\\\/actualites\\\/les-questions-de-paix-et-de-securite-dans-la-region-et-la-lutte-contre-le-terrorisme-et-lextremisme-priorites-de-la-diplomatie-algerienne\\\/#primaryimage\"},\"thumbnailUrl\":\"https:\\\/\\\/www.info-algerie.com\\\/actualites\\\/wp-content\\\/uploads\\\/2017\\\/05\\\/0ddd9c45b15ac5f3ae8d3abd901ef175_S-1.jpg\",\"keywords\":[\"ONU\"],\"articleSection\":[\"infos\"],\"inLanguage\":\"fr-FR\",\"potentialAction\":[{\"@type\":\"CommentAction\",\"name\":\"Comment\",\"target\":[\"https:\\\/\\\/www.info-algerie.com\\\/actualites\\\/les-questions-de-paix-et-de-securite-dans-la-region-et-la-lutte-contre-le-terrorisme-et-lextremisme-priorites-de-la-diplomatie-algerienne\\\/#respond\"]}]},{\"@type\":\"WebPage\",\"@id\":\"https:\\\/\\\/www.info-algerie.com\\\/actualites\\\/les-questions-de-paix-et-de-securite-dans-la-region-et-la-lutte-contre-le-terrorisme-et-lextremisme-priorites-de-la-diplomatie-algerienne\\\/\",\"url\":\"https:\\\/\\\/www.info-algerie.com\\\/actualites\\\/les-questions-de-paix-et-de-securite-dans-la-region-et-la-lutte-contre-le-terrorisme-et-lextremisme-priorites-de-la-diplomatie-algerienne\\\/\",\"name\":\"Les questions de paix et de s\u00e9curit\u00e9 dans la r\u00e9gion et la lutte contre le terrorisme et l&#039;extr\u00e9misme, priorit\u00e9s de la diplomatie alg\u00e9rienne - info algerie\",\"isPartOf\":{\"@id\":\"https:\\\/\\\/www.info-algerie.com\\\/actualites\\\/#website\"},\"primaryImageOfPage\":{\"@id\":\"https:\\\/\\\/www.info-algerie.com\\\/actualites\\\/les-questions-de-paix-et-de-securite-dans-la-region-et-la-lutte-contre-le-terrorisme-et-lextremisme-priorites-de-la-diplomatie-algerienne\\\/#primaryimage\"},\"image\":{\"@id\":\"https:\\\/\\\/www.info-algerie.com\\\/actualites\\\/les-questions-de-paix-et-de-securite-dans-la-region-et-la-lutte-contre-le-terrorisme-et-lextremisme-priorites-de-la-diplomatie-algerienne\\\/#primaryimage\"},\"thumbnailUrl\":\"https:\\\/\\\/www.info-algerie.com\\\/actualites\\\/wp-content\\\/uploads\\\/2017\\\/05\\\/0ddd9c45b15ac5f3ae8d3abd901ef175_S-1.jpg\",\"datePublished\":\"2017-05-26T18:24:52+00:00\",\"breadcrumb\":{\"@id\":\"https:\\\/\\\/www.info-algerie.com\\\/actualites\\\/les-questions-de-paix-et-de-securite-dans-la-region-et-la-lutte-contre-le-terrorisme-et-lextremisme-priorites-de-la-diplomatie-algerienne\\\/#breadcrumb\"},\"inLanguage\":\"fr-FR\",\"potentialAction\":[{\"@type\":\"ReadAction\",\"target\":[\"https:\\\/\\\/www.info-algerie.com\\\/actualites\\\/les-questions-de-paix-et-de-securite-dans-la-region-et-la-lutte-contre-le-terrorisme-et-lextremisme-priorites-de-la-diplomatie-algerienne\\\/\"]}]},{\"@type\":\"ImageObject\",\"inLanguage\":\"fr-FR\",\"@id\":\"https:\\\/\\\/www.info-algerie.com\\\/actualites\\\/les-questions-de-paix-et-de-securite-dans-la-region-et-la-lutte-contre-le-terrorisme-et-lextremisme-priorites-de-la-diplomatie-algerienne\\\/#primaryimage\",\"url\":\"https:\\\/\\\/www.info-algerie.com\\\/actualites\\\/wp-content\\\/uploads\\\/2017\\\/05\\\/0ddd9c45b15ac5f3ae8d3abd901ef175_S-1.jpg\",\"contentUrl\":\"https:\\\/\\\/www.info-algerie.com\\\/actualites\\\/wp-content\\\/uploads\\\/2017\\\/05\\\/0ddd9c45b15ac5f3ae8d3abd901ef175_S-1.jpg\",\"width\":280,\"height\":169},{\"@type\":\"BreadcrumbList\",\"@id\":\"https:\\\/\\\/www.info-algerie.com\\\/actualites\\\/les-questions-de-paix-et-de-securite-dans-la-region-et-la-lutte-contre-le-terrorisme-et-lextremisme-priorites-de-la-diplomatie-algerienne\\\/#breadcrumb\",\"itemListElement\":[{\"@type\":\"ListItem\",\"position\":1,\"name\":\"Accueil\",\"item\":\"https:\\\/\\\/www.info-algerie.com\\\/actualites\\\/\"},{\"@type\":\"ListItem\",\"position\":2,\"name\":\"Les questions de paix et de s\u00e9curit\u00e9 dans la r\u00e9gion et la lutte contre le terrorisme et l&#039;extr\u00e9misme, priorit\u00e9s de la diplomatie alg\u00e9rienne\"}]},{\"@type\":\"WebSite\",\"@id\":\"https:\\\/\\\/www.info-algerie.com\\\/actualites\\\/#website\",\"url\":\"https:\\\/\\\/www.info-algerie.com\\\/actualites\\\/\",\"name\":\"info algerie\",\"description\":\"Toutes les actualit\u00e9s\",\"publisher\":{\"@id\":\"https:\\\/\\\/www.info-algerie.com\\\/actualites\\\/#organization\"},\"potentialAction\":[{\"@type\":\"SearchAction\",\"target\":{\"@type\":\"EntryPoint\",\"urlTemplate\":\"https:\\\/\\\/www.info-algerie.com\\\/actualites\\\/?s={search_term_string}\"},\"query-input\":{\"@type\":\"PropertyValueSpecification\",\"valueRequired\":true,\"valueName\":\"search_term_string\"}}],\"inLanguage\":\"fr-FR\"},{\"@type\":\"Organization\",\"@id\":\"https:\\\/\\\/www.info-algerie.com\\\/actualites\\\/#organization\",\"name\":\"info algerie\",\"url\":\"https:\\\/\\\/www.info-algerie.com\\\/actualites\\\/\",\"logo\":{\"@type\":\"ImageObject\",\"inLanguage\":\"fr-FR\",\"@id\":\"https:\\\/\\\/www.info-algerie.com\\\/actualites\\\/#\\\/schema\\\/logo\\\/image\\\/\",\"url\":\"https:\\\/\\\/www.info-algerie.com\\\/actualites\\\/wp-content\\\/uploads\\\/2022\\\/07\\\/logo-ia-120.png\",\"contentUrl\":\"https:\\\/\\\/www.info-algerie.com\\\/actualites\\\/wp-content\\\/uploads\\\/2022\\\/07\\\/logo-ia-120.png\",\"width\":120,\"height\":43,\"caption\":\"info algerie\"},\"image\":{\"@id\":\"https:\\\/\\\/www.info-algerie.com\\\/actualites\\\/#\\\/schema\\\/logo\\\/image\\\/\"},\"sameAs\":[\"https:\\\/\\\/www.facebook.com\\\/infoalgerieactu\",\"https:\\\/\\\/x.com\\\/infoalgerie1\"]},{\"@type\":\"Person\",\"@id\":\"https:\\\/\\\/www.info-algerie.com\\\/actualites\\\/#\\\/schema\\\/person\\\/847aaec44920825b843a08f30ec6aa1e\",\"name\":\"La r\u00e9daction\",\"image\":{\"@type\":\"ImageObject\",\"inLanguage\":\"fr-FR\",\"@id\":\"https:\\\/\\\/secure.gravatar.com\\\/avatar\\\/769db425c6f465158149f1ffd6cf61ce7a8a879d11dfbef8288af36dfddd418c?s=96&d=mm&r=g\",\"url\":\"https:\\\/\\\/secure.gravatar.com\\\/avatar\\\/769db425c6f465158149f1ffd6cf61ce7a8a879d11dfbef8288af36dfddd418c?s=96&d=mm&r=g\",\"contentUrl\":\"https:\\\/\\\/secure.gravatar.com\\\/avatar\\\/769db425c6f465158149f1ffd6cf61ce7a8a879d11dfbef8288af36dfddd418c?s=96&d=mm&r=g\",\"caption\":\"La r\u00e9daction\"},\"sameAs\":[\"http:\\\/\\\/www.lkeria.com\\\/\"],\"url\":\"https:\\\/\\\/www.info-algerie.com\\\/actualites\\\/author\\\/chakib32\\\/\"}]}<\/script>\n<!-- \/ Yoast SEO plugin. -->","yoast_head_json":{"title":"Les questions de paix et de s\u00e9curit\u00e9 dans la r\u00e9gion et la lutte contre le terrorisme et l&#039;extr\u00e9misme, priorit\u00e9s de la diplomatie alg\u00e9rienne - info algerie","robots":{"index":"index","follow":"follow","max-snippet":"max-snippet:-1","max-image-preview":"max-image-preview:large","max-video-preview":"max-video-preview:-1"},"canonical":"https:\/\/www.info-algerie.com\/actualites\/les-questions-de-paix-et-de-securite-dans-la-region-et-la-lutte-contre-le-terrorisme-et-lextremisme-priorites-de-la-diplomatie-algerienne\/","og_locale":"fr_FR","og_type":"article","og_title":"Les questions de paix et de s\u00e9curit\u00e9 dans la r\u00e9gion et la lutte contre le terrorisme et l&#039;extr\u00e9misme, priorit\u00e9s de la diplomatie alg\u00e9rienne - info algerie","og_description":"ALGER &#8211; Le nouveau ministre des Affaires \u00e9trang\u00e8res, Abdelkader Messahel, a indiqu\u00e9 vendredi \u00e0 Alger que les questions de paix et de s\u00e9curit\u00e9 dans la r\u00e9gion et la lutte contre le terrorisme et l&rsquo;extr\u00e9misme seraient en t\u00eate des priorit\u00e9s de la diplomatie alg\u00e9rienne qui continuera \u00e0 d\u00e9fendre l&rsquo;Alg\u00e9rie et ses int\u00e9r\u00eats. &#013; &#013; \u00ab\u00a0Les priorit\u00e9s","og_url":"https:\/\/www.info-algerie.com\/actualites\/les-questions-de-paix-et-de-securite-dans-la-region-et-la-lutte-contre-le-terrorisme-et-lextremisme-priorites-de-la-diplomatie-algerienne\/","og_site_name":"info algerie","article_publisher":"https:\/\/www.facebook.com\/infoalgerieactu","article_published_time":"2017-05-26T18:24:52+00:00","og_image":[{"width":280,"height":169,"url":"https:\/\/www.info-algerie.com\/actualites\/wp-content\/uploads\/2017\/05\/0ddd9c45b15ac5f3ae8d3abd901ef175_S-1.jpg","type":"image\/jpeg"}],"author":"La r\u00e9daction","twitter_misc":{"\u00c9crit par":"La r\u00e9daction","Dur\u00e9e de lecture estim\u00e9e":"4 minutes"},"schema":{"@context":"https:\/\/schema.org","@graph":[{"@type":"Article","@id":"https:\/\/www.info-algerie.com\/actualites\/les-questions-de-paix-et-de-securite-dans-la-region-et-la-lutte-contre-le-terrorisme-et-lextremisme-priorites-de-la-diplomatie-algerienne\/#article","isPartOf":{"@id":"https:\/\/www.info-algerie.com\/actualites\/les-questions-de-paix-et-de-securite-dans-la-region-et-la-lutte-contre-le-terrorisme-et-lextremisme-priorites-de-la-diplomatie-algerienne\/"},"author":{"name":"La r\u00e9daction","@id":"https:\/\/www.info-algerie.com\/actualites\/#\/schema\/person\/847aaec44920825b843a08f30ec6aa1e"},"headline":"Les questions de paix et de s\u00e9curit\u00e9 dans la r\u00e9gion et la lutte contre le terrorisme et l&#039;extr\u00e9misme, priorit\u00e9s de la diplomatie alg\u00e9rienne","datePublished":"2017-05-26T18:24:52+00:00","mainEntityOfPage":{"@id":"https:\/\/www.info-algerie.com\/actualites\/les-questions-de-paix-et-de-securite-dans-la-region-et-la-lutte-contre-le-terrorisme-et-lextremisme-priorites-de-la-diplomatie-algerienne\/"},"wordCount":798,"commentCount":0,"publisher":{"@id":"https:\/\/www.info-algerie.com\/actualites\/#organization"},"image":{"@id":"https:\/\/www.info-algerie.com\/actualites\/les-questions-de-paix-et-de-securite-dans-la-region-et-la-lutte-contre-le-terrorisme-et-lextremisme-priorites-de-la-diplomatie-algerienne\/#primaryimage"},"thumbnailUrl":"https:\/\/www.info-algerie.com\/actualites\/wp-content\/uploads\/2017\/05\/0ddd9c45b15ac5f3ae8d3abd901ef175_S-1.jpg","keywords":["ONU"],"articleSection":["infos"],"inLanguage":"fr-FR","potentialAction":[{"@type":"CommentAction","name":"Comment","target":["https:\/\/www.info-algerie.com\/actualites\/les-questions-de-paix-et-de-securite-dans-la-region-et-la-lutte-contre-le-terrorisme-et-lextremisme-priorites-de-la-diplomatie-algerienne\/#respond"]}]},{"@type":"WebPage","@id":"https:\/\/www.info-algerie.com\/actualites\/les-questions-de-paix-et-de-securite-dans-la-region-et-la-lutte-contre-le-terrorisme-et-lextremisme-priorites-de-la-diplomatie-algerienne\/","url":"https:\/\/www.info-algerie.com\/actualites\/les-questions-de-paix-et-de-securite-dans-la-region-et-la-lutte-contre-le-terrorisme-et-lextremisme-priorites-de-la-diplomatie-algerienne\/","name":"Les questions de paix et de s\u00e9curit\u00e9 dans la r\u00e9gion et la lutte contre le terrorisme et l&#039;extr\u00e9misme, priorit\u00e9s de la diplomatie alg\u00e9rienne - info algerie","isPartOf":{"@id":"https:\/\/www.info-algerie.com\/actualites\/#website"},"primaryImageOfPage":{"@id":"https:\/\/www.info-algerie.com\/actualites\/les-questions-de-paix-et-de-securite-dans-la-region-et-la-lutte-contre-le-terrorisme-et-lextremisme-priorites-de-la-diplomatie-algerienne\/#primaryimage"},"image":{"@id":"https:\/\/www.info-algerie.com\/actualites\/les-questions-de-paix-et-de-securite-dans-la-region-et-la-lutte-contre-le-terrorisme-et-lextremisme-priorites-de-la-diplomatie-algerienne\/#primaryimage"},"thumbnailUrl":"https:\/\/www.info-algerie.com\/actualites\/wp-content\/uploads\/2017\/05\/0ddd9c45b15ac5f3ae8d3abd901ef175_S-1.jpg","datePublished":"2017-05-26T18:24:52+00:00","breadcrumb":{"@id":"https:\/\/www.info-algerie.com\/actualites\/les-questions-de-paix-et-de-securite-dans-la-region-et-la-lutte-contre-le-terrorisme-et-lextremisme-priorites-de-la-diplomatie-algerienne\/#breadcrumb"},"inLanguage":"fr-FR","potentialAction":[{"@type":"ReadAction","target":["https:\/\/www.info-algerie.com\/actualites\/les-questions-de-paix-et-de-securite-dans-la-region-et-la-lutte-contre-le-terrorisme-et-lextremisme-priorites-de-la-diplomatie-algerienne\/"]}]},{"@type":"ImageObject","inLanguage":"fr-FR","@id":"https:\/\/www.info-algerie.com\/actualites\/les-questions-de-paix-et-de-securite-dans-la-region-et-la-lutte-contre-le-terrorisme-et-lextremisme-priorites-de-la-diplomatie-algerienne\/#primaryimage","url":"https:\/\/www.info-algerie.com\/actualites\/wp-content\/uploads\/2017\/05\/0ddd9c45b15ac5f3ae8d3abd901ef175_S-1.jpg","contentUrl":"https:\/\/www.info-algerie.com\/actualites\/wp-content\/uploads\/2017\/05\/0ddd9c45b15ac5f3ae8d3abd901ef175_S-1.jpg","width":280,"height":169},{"@type":"BreadcrumbList","@id":"https:\/\/www.info-algerie.com\/actualites\/les-questions-de-paix-et-de-securite-dans-la-region-et-la-lutte-contre-le-terrorisme-et-lextremisme-priorites-de-la-diplomatie-algerienne\/#breadcrumb","itemListElement":[{"@type":"ListItem","position":1,"name":"Accueil","item":"https:\/\/www.info-algerie.com\/actualites\/"},{"@type":"ListItem","position":2,"name":"Les questions de paix et de s\u00e9curit\u00e9 dans la r\u00e9gion et la lutte contre le terrorisme et l&#039;extr\u00e9misme, priorit\u00e9s de la diplomatie alg\u00e9rienne"}]},{"@type":"WebSite","@id":"https:\/\/www.info-algerie.com\/actualites\/#website","url":"https:\/\/www.info-algerie.com\/actualites\/","name":"info algerie","description":"Toutes les actualit\u00e9s","publisher":{"@id":"https:\/\/www.info-algerie.com\/actualites\/#organization"},"potentialAction":[{"@type":"SearchAction","target":{"@type":"EntryPoint","urlTemplate":"https:\/\/www.info-algerie.com\/actualites\/?s={search_term_string}"},"query-input":{"@type":"PropertyValueSpecification","valueRequired":true,"valueName":"search_term_string"}}],"inLanguage":"fr-FR"},{"@type":"Organization","@id":"https:\/\/www.info-algerie.com\/actualites\/#organization","name":"info algerie","url":"https:\/\/www.info-algerie.com\/actualites\/","logo":{"@type":"ImageObject","inLanguage":"fr-FR","@id":"https:\/\/www.info-algerie.com\/actualites\/#\/schema\/logo\/image\/","url":"https:\/\/www.info-algerie.com\/actualites\/wp-content\/uploads\/2022\/07\/logo-ia-120.png","contentUrl":"https:\/\/www.info-algerie.com\/actualites\/wp-content\/uploads\/2022\/07\/logo-ia-120.png","width":120,"height":43,"caption":"info algerie"},"image":{"@id":"https:\/\/www.info-algerie.com\/actualites\/#\/schema\/logo\/image\/"},"sameAs":["https:\/\/www.facebook.com\/infoalgerieactu","https:\/\/x.com\/infoalgerie1"]},{"@type":"Person","@id":"https:\/\/www.info-algerie.com\/actualites\/#\/schema\/person\/847aaec44920825b843a08f30ec6aa1e","name":"La r\u00e9daction","image":{"@type":"ImageObject","inLanguage":"fr-FR","@id":"https:\/\/secure.gravatar.com\/avatar\/769db425c6f465158149f1ffd6cf61ce7a8a879d11dfbef8288af36dfddd418c?s=96&d=mm&r=g","url":"https:\/\/secure.gravatar.com\/avatar\/769db425c6f465158149f1ffd6cf61ce7a8a879d11dfbef8288af36dfddd418c?s=96&d=mm&r=g","contentUrl":"https:\/\/secure.gravatar.com\/avatar\/769db425c6f465158149f1ffd6cf61ce7a8a879d11dfbef8288af36dfddd418c?s=96&d=mm&r=g","caption":"La r\u00e9daction"},"sameAs":["http:\/\/www.lkeria.com\/"],"url":"https:\/\/www.info-algerie.com\/actualites\/author\/chakib32\/"}]}},"_links":{"self":[{"href":"https:\/\/www.info-algerie.com\/actualites\/wp-json\/wp\/v2\/posts\/12612","targetHints":{"allow":["GET"]}}],"collection":[{"href":"https:\/\/www.info-algerie.com\/actualites\/wp-json\/wp\/v2\/posts"}],"about":[{"href":"https:\/\/www.info-algerie.com\/actualites\/wp-json\/wp\/v2\/types\/post"}],"author":[{"embeddable":true,"href":"https:\/\/www.info-algerie.com\/actualites\/wp-json\/wp\/v2\/users\/6"}],"replies":[{"embeddable":true,"href":"https:\/\/www.info-algerie.com\/actualites\/wp-json\/wp\/v2\/comments?post=12612"}],"version-history":[{"count":0,"href":"https:\/\/www.info-algerie.com\/actualites\/wp-json\/wp\/v2\/posts\/12612\/revisions"}],"wp:featuredmedia":[{"embeddable":true,"href":"https:\/\/www.info-algerie.com\/actualites\/wp-json\/wp\/v2\/media\/12613"}],"wp:attachment":[{"href":"https:\/\/www.info-algerie.com\/actualites\/wp-json\/wp\/v2\/media?parent=12612"}],"wp:term":[{"taxonomy":"category","embeddable":true,"href":"https:\/\/www.info-algerie.com\/actualites\/wp-json\/wp\/v2\/categories?post=12612"},{"taxonomy":"post_tag","embeddable":true,"href":"https:\/\/www.info-algerie.com\/actualites\/wp-json\/wp\/v2\/tags?post=12612"}],"curies":[{"name":"wp","href":"https:\/\/api.w.org\/{rel}","templated":true}]}}