{"id":12615,"date":"2017-05-26T19:18:49","date_gmt":"2017-05-26T18:18:49","guid":{"rendered":"http:\/\/www.info-algerie.com\/actualites\/le-nouveau-ministre-de-lindustrie-et-des-mines-prend-ses-fonctions\/"},"modified":"2017-05-26T19:18:49","modified_gmt":"2017-05-26T18:18:49","slug":"le-nouveau-ministre-de-lindustrie-et-des-mines-prend-ses-fonctions","status":"publish","type":"post","link":"https:\/\/www.info-algerie.com\/actualites\/le-nouveau-ministre-de-lindustrie-et-des-mines-prend-ses-fonctions\/","title":{"rendered":"Le nouveau ministre de l&#039;industrie et des mines prend ses fonctions"},"content":{"rendered":"<div class=\"K2FeedImage\"><img decoding=\"async\" src=\"https:\/\/www.info-algerie.com\/actualites\/wp-content\/uploads\/2017\/05\/69b240e2ff4417404460181bb081bc1a_S.jpg\" alt=\"Le nouveau ministre de l'industrie et des mines prend ses fonctions\" \/><\/div>\n<div class=\"K2FeedIntroText\">\n<p>ALGER &#8211; Le nouveau ministre de l&rsquo;industrie et des mines, Mahdjoub Bedda a pris vendredi \u00e0 Alger, ses nouvelles fonctions, en remplacement de Abdesslam Bouchouareb lors d&rsquo;une c\u00e9r\u00e9monie qui s&rsquo;est d\u00e9roul\u00e9e en pr\u00e9sence des cadres du minist\u00e8re.<\/p>\n<p>&#013;\n<\/p><\/div>\n<div class=\"K2FeedFullText\">&#013;<\/p>\n<p>Le nouveau ministre a exprim\u00e9 sa reconnaissance au pr\u00e9sident de la R\u00e9publique, Abdelaziz Bouteflika pour la confiance plac\u00e9e en sa personne, exprimant sa volont\u00e9 de poursuivre le travail initi\u00e9 par son pr\u00e9d\u00e9cesseur, Abdesslam Bouchouareb.<\/p>\n<p>&#013;<\/p>\n<p>\u00ab\u00a0Le secteur de l&rsquo;industrie dans notre pays enregistre, depuis six ans, une importante dynamique et une grande relance, \u00e0 travers le lancement de plusieurs projets d&rsquo;investissement. Je veillerai \u00e0 assurer la poursuite des efforts consentis par M. Bouchouareb\u00a0\u00bb, a-t-il affirm\u00e9.<\/p>\n<p>&#013;<\/p>\n<p>Le ministre sortant, M. Bouchouareb a exprim\u00e9 sa reconnaissance au pr\u00e9sident de la R\u00e9publique pour la confiance dont il a \u00e9t\u00e9 investi, et souhait\u00e9 \u00ab\u00a0beaucoup de succ\u00e8s\u00a0\u00bb au nouveau ministre dans l&rsquo;accomplissement de ses missions.<\/p>\n<p>&#013;<\/p>\n<p>M. Bouchouareb a \u00e9galement remerci\u00e9 les cadres du minist\u00e8re pour leurs contributions, ces trois derni\u00e8res ann\u00e9es, dans la mise en \u0153uvre du programme du pr\u00e9sident de la R\u00e9publique, les appelant \u00e0 continuer sur la m\u00eame lanc\u00e9e.<\/p>\n<p>&#013;<\/p>\n<p class=\"MsoNormal\">Mahjoub Bedda a occup\u00e9 plusieurs postes de responsabilit\u00e9 dont le dernir \u00e9tait celui de pr\u00e9sident de la Commission des finances et du budget \u00e0 l&rsquo;Assembl\u00e9e populaire nationale (APN).<\/p>\n<\/div>\n<p>&#013;<br \/>\nSource: <a href=\"http:\/\/www.aps.dz\/algerie\/58261-le-nouveau-ministre-de-l-industrie-et-des-mines-prend-ses-fonctions\" target=\"_blank\">Le nouveau ministre de l&rsquo;industrie et des mines prend ses fonctions<\/a><\/p>\n<!--CusAds0-->\n<div style=\"font-size: 0px; height: 0px; line-height: 0px; margin: 0; padding: 0; clear: both;\"><\/div>","protected":false},"excerpt":{"rendered":"<p>ALGER &#8211; Le nouveau ministre de l&rsquo;industrie et des mines, Mahdjoub Bedda a pris vendredi \u00e0 Alger, ses nouvelles fonctions, en remplacement de Abdesslam Bouchouareb lors d&rsquo;une c\u00e9r\u00e9monie qui s&rsquo;est d\u00e9roul\u00e9e en pr\u00e9sence des cadres du minist\u00e8re. &#013; &#013; Le nouveau ministre a exprim\u00e9 sa reconnaissance au pr\u00e9sident de la R\u00e9publique, Abdelaziz Bouteflika pour la<\/p>\n","protected":false},"author":6,"featured_media":12616,"comment_status":"open","ping_status":"open","sticky":false,"template":"","format":"standard","meta":{"footnotes":""},"categories":[22],"tags":[93],"class_list":["post-12615","post","type-post","status-publish","format-standard","has-post-thumbnail","hentry","category-infos","tag-onu"],"yoast_head":"<!-- This site is optimized with the Yoast SEO plugin v27.5 - https:\/\/yoast.com\/product\/yoast-seo-wordpress\/ -->\n<title>Le nouveau ministre de l&#039;industrie et des mines prend ses fonctions - info algerie<\/title>\n<meta name=\"robots\" content=\"index, follow, max-snippet:-1, max-image-preview:large, max-video-preview:-1\" \/>\n<link rel=\"canonical\" href=\"https:\/\/www.info-algerie.com\/actualites\/le-nouveau-ministre-de-lindustrie-et-des-mines-prend-ses-fonctions\/\" \/>\n<meta property=\"og:locale\" content=\"fr_FR\" \/>\n<meta property=\"og:type\" content=\"article\" \/>\n<meta property=\"og:title\" content=\"Le nouveau ministre de l&#039;industrie et des mines prend ses fonctions - info algerie\" \/>\n<meta property=\"og:description\" content=\"ALGER &#8211; Le nouveau ministre de l&rsquo;industrie et des mines, Mahdjoub Bedda a pris vendredi \u00e0 Alger, ses nouvelles fonctions, en remplacement de Abdesslam Bouchouareb lors d&rsquo;une c\u00e9r\u00e9monie qui s&rsquo;est d\u00e9roul\u00e9e en pr\u00e9sence des cadres du minist\u00e8re. &#013; &#013; Le nouveau ministre a exprim\u00e9 sa reconnaissance au pr\u00e9sident de la R\u00e9publique, Abdelaziz Bouteflika pour la\" \/>\n<meta property=\"og:url\" content=\"https:\/\/www.info-algerie.com\/actualites\/le-nouveau-ministre-de-lindustrie-et-des-mines-prend-ses-fonctions\/\" \/>\n<meta property=\"og:site_name\" content=\"info algerie\" \/>\n<meta property=\"article:publisher\" content=\"https:\/\/www.facebook.com\/infoalgerieactu\" \/>\n<meta property=\"article:published_time\" content=\"2017-05-26T18:18:49+00:00\" \/>\n<meta property=\"og:image\" content=\"https:\/\/www.info-algerie.com\/actualites\/wp-content\/uploads\/2017\/05\/69b240e2ff4417404460181bb081bc1a_S-1.jpg\" \/>\n\t<meta property=\"og:image:width\" content=\"280\" \/>\n\t<meta property=\"og:image:height\" content=\"169\" \/>\n\t<meta property=\"og:image:type\" content=\"image\/jpeg\" \/>\n<meta name=\"author\" content=\"La r\u00e9daction\" \/>\n<meta name=\"twitter:label1\" content=\"\u00c9crit par\" \/>\n\t<meta name=\"twitter:data1\" content=\"La r\u00e9daction\" \/>\n\t<meta name=\"twitter:label2\" content=\"Dur\u00e9e de lecture estim\u00e9e\" \/>\n\t<meta name=\"twitter:data2\" content=\"1 minute\" \/>\n<script type=\"application\/ld+json\" class=\"yoast-schema-graph\">{\"@context\":\"https:\\\/\\\/schema.org\",\"@graph\":[{\"@type\":\"Article\",\"@id\":\"https:\\\/\\\/www.info-algerie.com\\\/actualites\\\/le-nouveau-ministre-de-lindustrie-et-des-mines-prend-ses-fonctions\\\/#article\",\"isPartOf\":{\"@id\":\"https:\\\/\\\/www.info-algerie.com\\\/actualites\\\/le-nouveau-ministre-de-lindustrie-et-des-mines-prend-ses-fonctions\\\/\"},\"author\":{\"name\":\"La r\u00e9daction\",\"@id\":\"https:\\\/\\\/www.info-algerie.com\\\/actualites\\\/#\\\/schema\\\/person\\\/847aaec44920825b843a08f30ec6aa1e\"},\"headline\":\"Le nouveau ministre de l&#039;industrie et des mines prend ses fonctions\",\"datePublished\":\"2017-05-26T18:18:49+00:00\",\"mainEntityOfPage\":{\"@id\":\"https:\\\/\\\/www.info-algerie.com\\\/actualites\\\/le-nouveau-ministre-de-lindustrie-et-des-mines-prend-ses-fonctions\\\/\"},\"wordCount\":260,\"commentCount\":0,\"publisher\":{\"@id\":\"https:\\\/\\\/www.info-algerie.com\\\/actualites\\\/#organization\"},\"image\":{\"@id\":\"https:\\\/\\\/www.info-algerie.com\\\/actualites\\\/le-nouveau-ministre-de-lindustrie-et-des-mines-prend-ses-fonctions\\\/#primaryimage\"},\"thumbnailUrl\":\"https:\\\/\\\/www.info-algerie.com\\\/actualites\\\/wp-content\\\/uploads\\\/2017\\\/05\\\/69b240e2ff4417404460181bb081bc1a_S-1.jpg\",\"keywords\":[\"ONU\"],\"articleSection\":[\"infos\"],\"inLanguage\":\"fr-FR\",\"potentialAction\":[{\"@type\":\"CommentAction\",\"name\":\"Comment\",\"target\":[\"https:\\\/\\\/www.info-algerie.com\\\/actualites\\\/le-nouveau-ministre-de-lindustrie-et-des-mines-prend-ses-fonctions\\\/#respond\"]}]},{\"@type\":\"WebPage\",\"@id\":\"https:\\\/\\\/www.info-algerie.com\\\/actualites\\\/le-nouveau-ministre-de-lindustrie-et-des-mines-prend-ses-fonctions\\\/\",\"url\":\"https:\\\/\\\/www.info-algerie.com\\\/actualites\\\/le-nouveau-ministre-de-lindustrie-et-des-mines-prend-ses-fonctions\\\/\",\"name\":\"Le nouveau ministre de l&#039;industrie et des mines prend ses fonctions - info algerie\",\"isPartOf\":{\"@id\":\"https:\\\/\\\/www.info-algerie.com\\\/actualites\\\/#website\"},\"primaryImageOfPage\":{\"@id\":\"https:\\\/\\\/www.info-algerie.com\\\/actualites\\\/le-nouveau-ministre-de-lindustrie-et-des-mines-prend-ses-fonctions\\\/#primaryimage\"},\"image\":{\"@id\":\"https:\\\/\\\/www.info-algerie.com\\\/actualites\\\/le-nouveau-ministre-de-lindustrie-et-des-mines-prend-ses-fonctions\\\/#primaryimage\"},\"thumbnailUrl\":\"https:\\\/\\\/www.info-algerie.com\\\/actualites\\\/wp-content\\\/uploads\\\/2017\\\/05\\\/69b240e2ff4417404460181bb081bc1a_S-1.jpg\",\"datePublished\":\"2017-05-26T18:18:49+00:00\",\"breadcrumb\":{\"@id\":\"https:\\\/\\\/www.info-algerie.com\\\/actualites\\\/le-nouveau-ministre-de-lindustrie-et-des-mines-prend-ses-fonctions\\\/#breadcrumb\"},\"inLanguage\":\"fr-FR\",\"potentialAction\":[{\"@type\":\"ReadAction\",\"target\":[\"https:\\\/\\\/www.info-algerie.com\\\/actualites\\\/le-nouveau-ministre-de-lindustrie-et-des-mines-prend-ses-fonctions\\\/\"]}]},{\"@type\":\"ImageObject\",\"inLanguage\":\"fr-FR\",\"@id\":\"https:\\\/\\\/www.info-algerie.com\\\/actualites\\\/le-nouveau-ministre-de-lindustrie-et-des-mines-prend-ses-fonctions\\\/#primaryimage\",\"url\":\"https:\\\/\\\/www.info-algerie.com\\\/actualites\\\/wp-content\\\/uploads\\\/2017\\\/05\\\/69b240e2ff4417404460181bb081bc1a_S-1.jpg\",\"contentUrl\":\"https:\\\/\\\/www.info-algerie.com\\\/actualites\\\/wp-content\\\/uploads\\\/2017\\\/05\\\/69b240e2ff4417404460181bb081bc1a_S-1.jpg\",\"width\":280,\"height\":169},{\"@type\":\"BreadcrumbList\",\"@id\":\"https:\\\/\\\/www.info-algerie.com\\\/actualites\\\/le-nouveau-ministre-de-lindustrie-et-des-mines-prend-ses-fonctions\\\/#breadcrumb\",\"itemListElement\":[{\"@type\":\"ListItem\",\"position\":1,\"name\":\"Accueil\",\"item\":\"https:\\\/\\\/www.info-algerie.com\\\/actualites\\\/\"},{\"@type\":\"ListItem\",\"position\":2,\"name\":\"Le nouveau ministre de l&#039;industrie et des mines prend ses fonctions\"}]},{\"@type\":\"WebSite\",\"@id\":\"https:\\\/\\\/www.info-algerie.com\\\/actualites\\\/#website\",\"url\":\"https:\\\/\\\/www.info-algerie.com\\\/actualites\\\/\",\"name\":\"info algerie\",\"description\":\"Toutes les actualit\u00e9s\",\"publisher\":{\"@id\":\"https:\\\/\\\/www.info-algerie.com\\\/actualites\\\/#organization\"},\"potentialAction\":[{\"@type\":\"SearchAction\",\"target\":{\"@type\":\"EntryPoint\",\"urlTemplate\":\"https:\\\/\\\/www.info-algerie.com\\\/actualites\\\/?s={search_term_string}\"},\"query-input\":{\"@type\":\"PropertyValueSpecification\",\"valueRequired\":true,\"valueName\":\"search_term_string\"}}],\"inLanguage\":\"fr-FR\"},{\"@type\":\"Organization\",\"@id\":\"https:\\\/\\\/www.info-algerie.com\\\/actualites\\\/#organization\",\"name\":\"info algerie\",\"url\":\"https:\\\/\\\/www.info-algerie.com\\\/actualites\\\/\",\"logo\":{\"@type\":\"ImageObject\",\"inLanguage\":\"fr-FR\",\"@id\":\"https:\\\/\\\/www.info-algerie.com\\\/actualites\\\/#\\\/schema\\\/logo\\\/image\\\/\",\"url\":\"https:\\\/\\\/www.info-algerie.com\\\/actualites\\\/wp-content\\\/uploads\\\/2022\\\/07\\\/logo-ia-120.png\",\"contentUrl\":\"https:\\\/\\\/www.info-algerie.com\\\/actualites\\\/wp-content\\\/uploads\\\/2022\\\/07\\\/logo-ia-120.png\",\"width\":120,\"height\":43,\"caption\":\"info algerie\"},\"image\":{\"@id\":\"https:\\\/\\\/www.info-algerie.com\\\/actualites\\\/#\\\/schema\\\/logo\\\/image\\\/\"},\"sameAs\":[\"https:\\\/\\\/www.facebook.com\\\/infoalgerieactu\",\"https:\\\/\\\/x.com\\\/infoalgerie1\"]},{\"@type\":\"Person\",\"@id\":\"https:\\\/\\\/www.info-algerie.com\\\/actualites\\\/#\\\/schema\\\/person\\\/847aaec44920825b843a08f30ec6aa1e\",\"name\":\"La r\u00e9daction\",\"image\":{\"@type\":\"ImageObject\",\"inLanguage\":\"fr-FR\",\"@id\":\"https:\\\/\\\/secure.gravatar.com\\\/avatar\\\/769db425c6f465158149f1ffd6cf61ce7a8a879d11dfbef8288af36dfddd418c?s=96&d=mm&r=g\",\"url\":\"https:\\\/\\\/secure.gravatar.com\\\/avatar\\\/769db425c6f465158149f1ffd6cf61ce7a8a879d11dfbef8288af36dfddd418c?s=96&d=mm&r=g\",\"contentUrl\":\"https:\\\/\\\/secure.gravatar.com\\\/avatar\\\/769db425c6f465158149f1ffd6cf61ce7a8a879d11dfbef8288af36dfddd418c?s=96&d=mm&r=g\",\"caption\":\"La r\u00e9daction\"},\"sameAs\":[\"http:\\\/\\\/www.lkeria.com\\\/\"],\"url\":\"https:\\\/\\\/www.info-algerie.com\\\/actualites\\\/author\\\/chakib32\\\/\"}]}<\/script>\n<!-- \/ Yoast SEO plugin. -->","yoast_head_json":{"title":"Le nouveau ministre de l&#039;industrie et des mines prend ses fonctions - info algerie","robots":{"index":"index","follow":"follow","max-snippet":"max-snippet:-1","max-image-preview":"max-image-preview:large","max-video-preview":"max-video-preview:-1"},"canonical":"https:\/\/www.info-algerie.com\/actualites\/le-nouveau-ministre-de-lindustrie-et-des-mines-prend-ses-fonctions\/","og_locale":"fr_FR","og_type":"article","og_title":"Le nouveau ministre de l&#039;industrie et des mines prend ses fonctions - info algerie","og_description":"ALGER &#8211; Le nouveau ministre de l&rsquo;industrie et des mines, Mahdjoub Bedda a pris vendredi \u00e0 Alger, ses nouvelles fonctions, en remplacement de Abdesslam Bouchouareb lors d&rsquo;une c\u00e9r\u00e9monie qui s&rsquo;est d\u00e9roul\u00e9e en pr\u00e9sence des cadres du minist\u00e8re. &#013; &#013; Le nouveau ministre a exprim\u00e9 sa reconnaissance au pr\u00e9sident de la R\u00e9publique, Abdelaziz Bouteflika pour la","og_url":"https:\/\/www.info-algerie.com\/actualites\/le-nouveau-ministre-de-lindustrie-et-des-mines-prend-ses-fonctions\/","og_site_name":"info algerie","article_publisher":"https:\/\/www.facebook.com\/infoalgerieactu","article_published_time":"2017-05-26T18:18:49+00:00","og_image":[{"width":280,"height":169,"url":"https:\/\/www.info-algerie.com\/actualites\/wp-content\/uploads\/2017\/05\/69b240e2ff4417404460181bb081bc1a_S-1.jpg","type":"image\/jpeg"}],"author":"La r\u00e9daction","twitter_misc":{"\u00c9crit par":"La r\u00e9daction","Dur\u00e9e de lecture estim\u00e9e":"1 minute"},"schema":{"@context":"https:\/\/schema.org","@graph":[{"@type":"Article","@id":"https:\/\/www.info-algerie.com\/actualites\/le-nouveau-ministre-de-lindustrie-et-des-mines-prend-ses-fonctions\/#article","isPartOf":{"@id":"https:\/\/www.info-algerie.com\/actualites\/le-nouveau-ministre-de-lindustrie-et-des-mines-prend-ses-fonctions\/"},"author":{"name":"La r\u00e9daction","@id":"https:\/\/www.info-algerie.com\/actualites\/#\/schema\/person\/847aaec44920825b843a08f30ec6aa1e"},"headline":"Le nouveau ministre de l&#039;industrie et des mines prend ses fonctions","datePublished":"2017-05-26T18:18:49+00:00","mainEntityOfPage":{"@id":"https:\/\/www.info-algerie.com\/actualites\/le-nouveau-ministre-de-lindustrie-et-des-mines-prend-ses-fonctions\/"},"wordCount":260,"commentCount":0,"publisher":{"@id":"https:\/\/www.info-algerie.com\/actualites\/#organization"},"image":{"@id":"https:\/\/www.info-algerie.com\/actualites\/le-nouveau-ministre-de-lindustrie-et-des-mines-prend-ses-fonctions\/#primaryimage"},"thumbnailUrl":"https:\/\/www.info-algerie.com\/actualites\/wp-content\/uploads\/2017\/05\/69b240e2ff4417404460181bb081bc1a_S-1.jpg","keywords":["ONU"],"articleSection":["infos"],"inLanguage":"fr-FR","potentialAction":[{"@type":"CommentAction","name":"Comment","target":["https:\/\/www.info-algerie.com\/actualites\/le-nouveau-ministre-de-lindustrie-et-des-mines-prend-ses-fonctions\/#respond"]}]},{"@type":"WebPage","@id":"https:\/\/www.info-algerie.com\/actualites\/le-nouveau-ministre-de-lindustrie-et-des-mines-prend-ses-fonctions\/","url":"https:\/\/www.info-algerie.com\/actualites\/le-nouveau-ministre-de-lindustrie-et-des-mines-prend-ses-fonctions\/","name":"Le nouveau ministre de l&#039;industrie et des mines prend ses fonctions - info algerie","isPartOf":{"@id":"https:\/\/www.info-algerie.com\/actualites\/#website"},"primaryImageOfPage":{"@id":"https:\/\/www.info-algerie.com\/actualites\/le-nouveau-ministre-de-lindustrie-et-des-mines-prend-ses-fonctions\/#primaryimage"},"image":{"@id":"https:\/\/www.info-algerie.com\/actualites\/le-nouveau-ministre-de-lindustrie-et-des-mines-prend-ses-fonctions\/#primaryimage"},"thumbnailUrl":"https:\/\/www.info-algerie.com\/actualites\/wp-content\/uploads\/2017\/05\/69b240e2ff4417404460181bb081bc1a_S-1.jpg","datePublished":"2017-05-26T18:18:49+00:00","breadcrumb":{"@id":"https:\/\/www.info-algerie.com\/actualites\/le-nouveau-ministre-de-lindustrie-et-des-mines-prend-ses-fonctions\/#breadcrumb"},"inLanguage":"fr-FR","potentialAction":[{"@type":"ReadAction","target":["https:\/\/www.info-algerie.com\/actualites\/le-nouveau-ministre-de-lindustrie-et-des-mines-prend-ses-fonctions\/"]}]},{"@type":"ImageObject","inLanguage":"fr-FR","@id":"https:\/\/www.info-algerie.com\/actualites\/le-nouveau-ministre-de-lindustrie-et-des-mines-prend-ses-fonctions\/#primaryimage","url":"https:\/\/www.info-algerie.com\/actualites\/wp-content\/uploads\/2017\/05\/69b240e2ff4417404460181bb081bc1a_S-1.jpg","contentUrl":"https:\/\/www.info-algerie.com\/actualites\/wp-content\/uploads\/2017\/05\/69b240e2ff4417404460181bb081bc1a_S-1.jpg","width":280,"height":169},{"@type":"BreadcrumbList","@id":"https:\/\/www.info-algerie.com\/actualites\/le-nouveau-ministre-de-lindustrie-et-des-mines-prend-ses-fonctions\/#breadcrumb","itemListElement":[{"@type":"ListItem","position":1,"name":"Accueil","item":"https:\/\/www.info-algerie.com\/actualites\/"},{"@type":"ListItem","position":2,"name":"Le nouveau ministre de l&#039;industrie et des mines prend ses fonctions"}]},{"@type":"WebSite","@id":"https:\/\/www.info-algerie.com\/actualites\/#website","url":"https:\/\/www.info-algerie.com\/actualites\/","name":"info algerie","description":"Toutes les actualit\u00e9s","publisher":{"@id":"https:\/\/www.info-algerie.com\/actualites\/#organization"},"potentialAction":[{"@type":"SearchAction","target":{"@type":"EntryPoint","urlTemplate":"https:\/\/www.info-algerie.com\/actualites\/?s={search_term_string}"},"query-input":{"@type":"PropertyValueSpecification","valueRequired":true,"valueName":"search_term_string"}}],"inLanguage":"fr-FR"},{"@type":"Organization","@id":"https:\/\/www.info-algerie.com\/actualites\/#organization","name":"info algerie","url":"https:\/\/www.info-algerie.com\/actualites\/","logo":{"@type":"ImageObject","inLanguage":"fr-FR","@id":"https:\/\/www.info-algerie.com\/actualites\/#\/schema\/logo\/image\/","url":"https:\/\/www.info-algerie.com\/actualites\/wp-content\/uploads\/2022\/07\/logo-ia-120.png","contentUrl":"https:\/\/www.info-algerie.com\/actualites\/wp-content\/uploads\/2022\/07\/logo-ia-120.png","width":120,"height":43,"caption":"info algerie"},"image":{"@id":"https:\/\/www.info-algerie.com\/actualites\/#\/schema\/logo\/image\/"},"sameAs":["https:\/\/www.facebook.com\/infoalgerieactu","https:\/\/x.com\/infoalgerie1"]},{"@type":"Person","@id":"https:\/\/www.info-algerie.com\/actualites\/#\/schema\/person\/847aaec44920825b843a08f30ec6aa1e","name":"La r\u00e9daction","image":{"@type":"ImageObject","inLanguage":"fr-FR","@id":"https:\/\/secure.gravatar.com\/avatar\/769db425c6f465158149f1ffd6cf61ce7a8a879d11dfbef8288af36dfddd418c?s=96&d=mm&r=g","url":"https:\/\/secure.gravatar.com\/avatar\/769db425c6f465158149f1ffd6cf61ce7a8a879d11dfbef8288af36dfddd418c?s=96&d=mm&r=g","contentUrl":"https:\/\/secure.gravatar.com\/avatar\/769db425c6f465158149f1ffd6cf61ce7a8a879d11dfbef8288af36dfddd418c?s=96&d=mm&r=g","caption":"La r\u00e9daction"},"sameAs":["http:\/\/www.lkeria.com\/"],"url":"https:\/\/www.info-algerie.com\/actualites\/author\/chakib32\/"}]}},"_links":{"self":[{"href":"https:\/\/www.info-algerie.com\/actualites\/wp-json\/wp\/v2\/posts\/12615","targetHints":{"allow":["GET"]}}],"collection":[{"href":"https:\/\/www.info-algerie.com\/actualites\/wp-json\/wp\/v2\/posts"}],"about":[{"href":"https:\/\/www.info-algerie.com\/actualites\/wp-json\/wp\/v2\/types\/post"}],"author":[{"embeddable":true,"href":"https:\/\/www.info-algerie.com\/actualites\/wp-json\/wp\/v2\/users\/6"}],"replies":[{"embeddable":true,"href":"https:\/\/www.info-algerie.com\/actualites\/wp-json\/wp\/v2\/comments?post=12615"}],"version-history":[{"count":0,"href":"https:\/\/www.info-algerie.com\/actualites\/wp-json\/wp\/v2\/posts\/12615\/revisions"}],"wp:featuredmedia":[{"embeddable":true,"href":"https:\/\/www.info-algerie.com\/actualites\/wp-json\/wp\/v2\/media\/12616"}],"wp:attachment":[{"href":"https:\/\/www.info-algerie.com\/actualites\/wp-json\/wp\/v2\/media?parent=12615"}],"wp:term":[{"taxonomy":"category","embeddable":true,"href":"https:\/\/www.info-algerie.com\/actualites\/wp-json\/wp\/v2\/categories?post=12615"},{"taxonomy":"post_tag","embeddable":true,"href":"https:\/\/www.info-algerie.com\/actualites\/wp-json\/wp\/v2\/tags?post=12615"}],"curies":[{"name":"wp","href":"https:\/\/api.w.org\/{rel}","templated":true}]}}