{"id":12618,"date":"2017-05-26T19:12:39","date_gmt":"2017-05-26T18:12:39","guid":{"rendered":"http:\/\/www.info-algerie.com\/actualites\/benagoun-prend-ses-fonctions-a-la-tete-du-ministere-du-tourisme-et-de-lartisanat\/"},"modified":"2017-05-26T19:12:39","modified_gmt":"2017-05-26T18:12:39","slug":"benagoun-prend-ses-fonctions-a-la-tete-du-ministere-du-tourisme-et-de-lartisanat","status":"publish","type":"post","link":"https:\/\/www.info-algerie.com\/actualites\/benagoun-prend-ses-fonctions-a-la-tete-du-ministere-du-tourisme-et-de-lartisanat\/","title":{"rendered":"Benagoun prend ses fonctions \u00e0 la t\u00eate du minist\u00e8re du Tourisme et de l&#039;Artisanat"},"content":{"rendered":"<div class=\"K2FeedImage\"><img decoding=\"async\" src=\"https:\/\/www.info-algerie.com\/actualites\/wp-content\/uploads\/2017\/05\/e59d10ac7ef3e98e47033d1110939647_S.jpg\" alt=\"Benagoun prend ses fonctions &#xE0; la t&#xEA;te du minist&#xE8;re du Tourisme et de l'Artisanat\" \/><\/div>\n<div class=\"K2FeedIntroText\">\n<p>ALGER &#8211; Le nouveau ministre du Tourisme et de l&rsquo;Artisanat, Messaoud Benagoun, a pris, vendredi \u00e0 Alger, ses nouvelles fonctions en remplacement de Abdelwahab Nouri.<\/p>\n<p>&#013;\n<\/p><\/div>\n<div class=\"K2FeedFullText\">&#013;<\/p>\n<p>Lors de la c\u00e9r\u00e9monie de passation de pouvoirs, le nouveau ministre a exhort\u00e9 les cadres du secteur et l&rsquo;ensemble des acteurs sur le terrain \u00e0 \u00ab\u00a0conjuguer leurs efforts pour promouvoir le tourisme en Alg\u00e9rie, dans le cadre de la mise en \u0153uvre du programme du pr\u00e9sident de la R\u00e9publique, Abdelaziz Bouteflika, dans ce secteur\u00a0\u00bb.<\/p>\n<p>&#013;<\/p>\n<p>M. Benagoun a estim\u00e9 que le secteur du tourisme rev\u00eatait \u00ab\u00a0une grande importance dans la r\u00e9alisation du d\u00e9veloppement \u00e9conomique dans le contexte de recul des prix du p\u00e9trole \u00e0 l&rsquo;\u00e9chelle internationale\u00a0\u00bb, soulignant que \u00ab\u00a0les atouts culturels et intellectuels de l&rsquo;Alg\u00e9rie permettent d&rsquo;en faire une destination touristique par excellence dans la rive sud de la M\u00e9diterran\u00e9e\u00a0\u00bb.<\/p>\n<p>&#013;<\/p>\n<p>Le nouveau ministre n&rsquo;a pas manqu\u00e9, \u00e0 cette occasion, de saluer \u00ab\u00a0les efforts consentis par son pr\u00e9d\u00e9cesseur et les grands chantiers qu&rsquo;il a lanc\u00e9s pour promouvoir le tourisme en Alg\u00e9rie\u00a0\u00bb.<\/p>\n<p>&#013;<\/p>\n<p class=\"MsoNormal\">L&rsquo;ancien ministre du secteur a, pour sa part, rappel\u00e9 \u00ab\u00a0les r\u00e9alisations enregistr\u00e9es dans le secteur pour faire du tourisme une alternative \u00e9conomique suite \u00e0 l&rsquo;effondrement des prix des hydrocarbures sur le march\u00e9 mondial\u00a0\u00bb.<\/p>\n<\/div>\n<p>&#013;<br \/>\nSource: <a href=\"http:\/\/www.aps.dz\/algerie\/58260-benagoun-prend-ses-fonctions-a-la-tete-du-ministere-du-tourisme-et-de-l-artisanat\" target=\"_blank\">Benagoun prend ses fonctions \u00e0 la t\u00eate du minist\u00e8re du Tourisme et de l&rsquo;Artisanat<\/a><\/p>\n<!--CusAds0-->\n<div style=\"font-size: 0px; height: 0px; line-height: 0px; margin: 0; padding: 0; clear: both;\"><\/div>","protected":false},"excerpt":{"rendered":"<p>ALGER &#8211; Le nouveau ministre du Tourisme et de l&rsquo;Artisanat, Messaoud Benagoun, a pris, vendredi \u00e0 Alger, ses nouvelles fonctions en remplacement de Abdelwahab Nouri. &#013; &#013; Lors de la c\u00e9r\u00e9monie de passation de pouvoirs, le nouveau ministre a exhort\u00e9 les cadres du secteur et l&rsquo;ensemble des acteurs sur le terrain \u00e0 \u00ab\u00a0conjuguer leurs efforts<\/p>\n","protected":false},"author":6,"featured_media":12619,"comment_status":"open","ping_status":"open","sticky":false,"template":"","format":"standard","meta":{"footnotes":""},"categories":[22],"tags":[93],"class_list":["post-12618","post","type-post","status-publish","format-standard","has-post-thumbnail","hentry","category-infos","tag-onu"],"yoast_head":"<!-- This site is optimized with the Yoast SEO plugin v27.5 - https:\/\/yoast.com\/product\/yoast-seo-wordpress\/ -->\n<title>Benagoun prend ses fonctions \u00e0 la t\u00eate du minist\u00e8re du Tourisme et de l&#039;Artisanat - info algerie<\/title>\n<meta name=\"robots\" content=\"index, follow, max-snippet:-1, max-image-preview:large, max-video-preview:-1\" \/>\n<link rel=\"canonical\" href=\"https:\/\/www.info-algerie.com\/actualites\/benagoun-prend-ses-fonctions-a-la-tete-du-ministere-du-tourisme-et-de-lartisanat\/\" \/>\n<meta property=\"og:locale\" content=\"fr_FR\" \/>\n<meta property=\"og:type\" content=\"article\" \/>\n<meta property=\"og:title\" content=\"Benagoun prend ses fonctions \u00e0 la t\u00eate du minist\u00e8re du Tourisme et de l&#039;Artisanat - info algerie\" \/>\n<meta property=\"og:description\" content=\"ALGER &#8211; Le nouveau ministre du Tourisme et de l&rsquo;Artisanat, Messaoud Benagoun, a pris, vendredi \u00e0 Alger, ses nouvelles fonctions en remplacement de Abdelwahab Nouri. &#013; &#013; Lors de la c\u00e9r\u00e9monie de passation de pouvoirs, le nouveau ministre a exhort\u00e9 les cadres du secteur et l&rsquo;ensemble des acteurs sur le terrain \u00e0 \u00ab\u00a0conjuguer leurs efforts\" \/>\n<meta property=\"og:url\" content=\"https:\/\/www.info-algerie.com\/actualites\/benagoun-prend-ses-fonctions-a-la-tete-du-ministere-du-tourisme-et-de-lartisanat\/\" \/>\n<meta property=\"og:site_name\" content=\"info algerie\" \/>\n<meta property=\"article:publisher\" content=\"https:\/\/www.facebook.com\/infoalgerieactu\" \/>\n<meta property=\"article:published_time\" content=\"2017-05-26T18:12:39+00:00\" \/>\n<meta property=\"og:image\" content=\"https:\/\/www.info-algerie.com\/actualites\/wp-content\/uploads\/2017\/05\/e59d10ac7ef3e98e47033d1110939647_S-1.jpg\" \/>\n\t<meta property=\"og:image:width\" content=\"280\" \/>\n\t<meta property=\"og:image:height\" content=\"169\" \/>\n\t<meta property=\"og:image:type\" content=\"image\/jpeg\" \/>\n<meta name=\"author\" content=\"La r\u00e9daction\" \/>\n<meta name=\"twitter:label1\" content=\"\u00c9crit par\" \/>\n\t<meta name=\"twitter:data1\" content=\"La r\u00e9daction\" \/>\n\t<meta name=\"twitter:label2\" content=\"Dur\u00e9e de lecture estim\u00e9e\" \/>\n\t<meta name=\"twitter:data2\" content=\"1 minute\" \/>\n<script type=\"application\/ld+json\" class=\"yoast-schema-graph\">{\"@context\":\"https:\\\/\\\/schema.org\",\"@graph\":[{\"@type\":\"Article\",\"@id\":\"https:\\\/\\\/www.info-algerie.com\\\/actualites\\\/benagoun-prend-ses-fonctions-a-la-tete-du-ministere-du-tourisme-et-de-lartisanat\\\/#article\",\"isPartOf\":{\"@id\":\"https:\\\/\\\/www.info-algerie.com\\\/actualites\\\/benagoun-prend-ses-fonctions-a-la-tete-du-ministere-du-tourisme-et-de-lartisanat\\\/\"},\"author\":{\"name\":\"La r\u00e9daction\",\"@id\":\"https:\\\/\\\/www.info-algerie.com\\\/actualites\\\/#\\\/schema\\\/person\\\/847aaec44920825b843a08f30ec6aa1e\"},\"headline\":\"Benagoun prend ses fonctions \u00e0 la t\u00eate du minist\u00e8re du Tourisme et de l&#039;Artisanat\",\"datePublished\":\"2017-05-26T18:12:39+00:00\",\"mainEntityOfPage\":{\"@id\":\"https:\\\/\\\/www.info-algerie.com\\\/actualites\\\/benagoun-prend-ses-fonctions-a-la-tete-du-ministere-du-tourisme-et-de-lartisanat\\\/\"},\"wordCount\":252,\"commentCount\":0,\"publisher\":{\"@id\":\"https:\\\/\\\/www.info-algerie.com\\\/actualites\\\/#organization\"},\"image\":{\"@id\":\"https:\\\/\\\/www.info-algerie.com\\\/actualites\\\/benagoun-prend-ses-fonctions-a-la-tete-du-ministere-du-tourisme-et-de-lartisanat\\\/#primaryimage\"},\"thumbnailUrl\":\"https:\\\/\\\/www.info-algerie.com\\\/actualites\\\/wp-content\\\/uploads\\\/2017\\\/05\\\/e59d10ac7ef3e98e47033d1110939647_S-1.jpg\",\"keywords\":[\"ONU\"],\"articleSection\":[\"infos\"],\"inLanguage\":\"fr-FR\",\"potentialAction\":[{\"@type\":\"CommentAction\",\"name\":\"Comment\",\"target\":[\"https:\\\/\\\/www.info-algerie.com\\\/actualites\\\/benagoun-prend-ses-fonctions-a-la-tete-du-ministere-du-tourisme-et-de-lartisanat\\\/#respond\"]}]},{\"@type\":\"WebPage\",\"@id\":\"https:\\\/\\\/www.info-algerie.com\\\/actualites\\\/benagoun-prend-ses-fonctions-a-la-tete-du-ministere-du-tourisme-et-de-lartisanat\\\/\",\"url\":\"https:\\\/\\\/www.info-algerie.com\\\/actualites\\\/benagoun-prend-ses-fonctions-a-la-tete-du-ministere-du-tourisme-et-de-lartisanat\\\/\",\"name\":\"Benagoun prend ses fonctions \u00e0 la t\u00eate du minist\u00e8re du Tourisme et de l&#039;Artisanat - info algerie\",\"isPartOf\":{\"@id\":\"https:\\\/\\\/www.info-algerie.com\\\/actualites\\\/#website\"},\"primaryImageOfPage\":{\"@id\":\"https:\\\/\\\/www.info-algerie.com\\\/actualites\\\/benagoun-prend-ses-fonctions-a-la-tete-du-ministere-du-tourisme-et-de-lartisanat\\\/#primaryimage\"},\"image\":{\"@id\":\"https:\\\/\\\/www.info-algerie.com\\\/actualites\\\/benagoun-prend-ses-fonctions-a-la-tete-du-ministere-du-tourisme-et-de-lartisanat\\\/#primaryimage\"},\"thumbnailUrl\":\"https:\\\/\\\/www.info-algerie.com\\\/actualites\\\/wp-content\\\/uploads\\\/2017\\\/05\\\/e59d10ac7ef3e98e47033d1110939647_S-1.jpg\",\"datePublished\":\"2017-05-26T18:12:39+00:00\",\"breadcrumb\":{\"@id\":\"https:\\\/\\\/www.info-algerie.com\\\/actualites\\\/benagoun-prend-ses-fonctions-a-la-tete-du-ministere-du-tourisme-et-de-lartisanat\\\/#breadcrumb\"},\"inLanguage\":\"fr-FR\",\"potentialAction\":[{\"@type\":\"ReadAction\",\"target\":[\"https:\\\/\\\/www.info-algerie.com\\\/actualites\\\/benagoun-prend-ses-fonctions-a-la-tete-du-ministere-du-tourisme-et-de-lartisanat\\\/\"]}]},{\"@type\":\"ImageObject\",\"inLanguage\":\"fr-FR\",\"@id\":\"https:\\\/\\\/www.info-algerie.com\\\/actualites\\\/benagoun-prend-ses-fonctions-a-la-tete-du-ministere-du-tourisme-et-de-lartisanat\\\/#primaryimage\",\"url\":\"https:\\\/\\\/www.info-algerie.com\\\/actualites\\\/wp-content\\\/uploads\\\/2017\\\/05\\\/e59d10ac7ef3e98e47033d1110939647_S-1.jpg\",\"contentUrl\":\"https:\\\/\\\/www.info-algerie.com\\\/actualites\\\/wp-content\\\/uploads\\\/2017\\\/05\\\/e59d10ac7ef3e98e47033d1110939647_S-1.jpg\",\"width\":280,\"height\":169},{\"@type\":\"BreadcrumbList\",\"@id\":\"https:\\\/\\\/www.info-algerie.com\\\/actualites\\\/benagoun-prend-ses-fonctions-a-la-tete-du-ministere-du-tourisme-et-de-lartisanat\\\/#breadcrumb\",\"itemListElement\":[{\"@type\":\"ListItem\",\"position\":1,\"name\":\"Accueil\",\"item\":\"https:\\\/\\\/www.info-algerie.com\\\/actualites\\\/\"},{\"@type\":\"ListItem\",\"position\":2,\"name\":\"Benagoun prend ses fonctions \u00e0 la t\u00eate du minist\u00e8re du Tourisme et de l&#039;Artisanat\"}]},{\"@type\":\"WebSite\",\"@id\":\"https:\\\/\\\/www.info-algerie.com\\\/actualites\\\/#website\",\"url\":\"https:\\\/\\\/www.info-algerie.com\\\/actualites\\\/\",\"name\":\"info algerie\",\"description\":\"Toutes les actualit\u00e9s\",\"publisher\":{\"@id\":\"https:\\\/\\\/www.info-algerie.com\\\/actualites\\\/#organization\"},\"potentialAction\":[{\"@type\":\"SearchAction\",\"target\":{\"@type\":\"EntryPoint\",\"urlTemplate\":\"https:\\\/\\\/www.info-algerie.com\\\/actualites\\\/?s={search_term_string}\"},\"query-input\":{\"@type\":\"PropertyValueSpecification\",\"valueRequired\":true,\"valueName\":\"search_term_string\"}}],\"inLanguage\":\"fr-FR\"},{\"@type\":\"Organization\",\"@id\":\"https:\\\/\\\/www.info-algerie.com\\\/actualites\\\/#organization\",\"name\":\"info algerie\",\"url\":\"https:\\\/\\\/www.info-algerie.com\\\/actualites\\\/\",\"logo\":{\"@type\":\"ImageObject\",\"inLanguage\":\"fr-FR\",\"@id\":\"https:\\\/\\\/www.info-algerie.com\\\/actualites\\\/#\\\/schema\\\/logo\\\/image\\\/\",\"url\":\"https:\\\/\\\/www.info-algerie.com\\\/actualites\\\/wp-content\\\/uploads\\\/2022\\\/07\\\/logo-ia-120.png\",\"contentUrl\":\"https:\\\/\\\/www.info-algerie.com\\\/actualites\\\/wp-content\\\/uploads\\\/2022\\\/07\\\/logo-ia-120.png\",\"width\":120,\"height\":43,\"caption\":\"info algerie\"},\"image\":{\"@id\":\"https:\\\/\\\/www.info-algerie.com\\\/actualites\\\/#\\\/schema\\\/logo\\\/image\\\/\"},\"sameAs\":[\"https:\\\/\\\/www.facebook.com\\\/infoalgerieactu\",\"https:\\\/\\\/x.com\\\/infoalgerie1\"]},{\"@type\":\"Person\",\"@id\":\"https:\\\/\\\/www.info-algerie.com\\\/actualites\\\/#\\\/schema\\\/person\\\/847aaec44920825b843a08f30ec6aa1e\",\"name\":\"La r\u00e9daction\",\"image\":{\"@type\":\"ImageObject\",\"inLanguage\":\"fr-FR\",\"@id\":\"https:\\\/\\\/secure.gravatar.com\\\/avatar\\\/769db425c6f465158149f1ffd6cf61ce7a8a879d11dfbef8288af36dfddd418c?s=96&d=mm&r=g\",\"url\":\"https:\\\/\\\/secure.gravatar.com\\\/avatar\\\/769db425c6f465158149f1ffd6cf61ce7a8a879d11dfbef8288af36dfddd418c?s=96&d=mm&r=g\",\"contentUrl\":\"https:\\\/\\\/secure.gravatar.com\\\/avatar\\\/769db425c6f465158149f1ffd6cf61ce7a8a879d11dfbef8288af36dfddd418c?s=96&d=mm&r=g\",\"caption\":\"La r\u00e9daction\"},\"sameAs\":[\"http:\\\/\\\/www.lkeria.com\\\/\"],\"url\":\"https:\\\/\\\/www.info-algerie.com\\\/actualites\\\/author\\\/chakib32\\\/\"}]}<\/script>\n<!-- \/ Yoast SEO plugin. -->","yoast_head_json":{"title":"Benagoun prend ses fonctions \u00e0 la t\u00eate du minist\u00e8re du Tourisme et de l&#039;Artisanat - info algerie","robots":{"index":"index","follow":"follow","max-snippet":"max-snippet:-1","max-image-preview":"max-image-preview:large","max-video-preview":"max-video-preview:-1"},"canonical":"https:\/\/www.info-algerie.com\/actualites\/benagoun-prend-ses-fonctions-a-la-tete-du-ministere-du-tourisme-et-de-lartisanat\/","og_locale":"fr_FR","og_type":"article","og_title":"Benagoun prend ses fonctions \u00e0 la t\u00eate du minist\u00e8re du Tourisme et de l&#039;Artisanat - info algerie","og_description":"ALGER &#8211; Le nouveau ministre du Tourisme et de l&rsquo;Artisanat, Messaoud Benagoun, a pris, vendredi \u00e0 Alger, ses nouvelles fonctions en remplacement de Abdelwahab Nouri. &#013; &#013; Lors de la c\u00e9r\u00e9monie de passation de pouvoirs, le nouveau ministre a exhort\u00e9 les cadres du secteur et l&rsquo;ensemble des acteurs sur le terrain \u00e0 \u00ab\u00a0conjuguer leurs efforts","og_url":"https:\/\/www.info-algerie.com\/actualites\/benagoun-prend-ses-fonctions-a-la-tete-du-ministere-du-tourisme-et-de-lartisanat\/","og_site_name":"info algerie","article_publisher":"https:\/\/www.facebook.com\/infoalgerieactu","article_published_time":"2017-05-26T18:12:39+00:00","og_image":[{"width":280,"height":169,"url":"https:\/\/www.info-algerie.com\/actualites\/wp-content\/uploads\/2017\/05\/e59d10ac7ef3e98e47033d1110939647_S-1.jpg","type":"image\/jpeg"}],"author":"La r\u00e9daction","twitter_misc":{"\u00c9crit par":"La r\u00e9daction","Dur\u00e9e de lecture estim\u00e9e":"1 minute"},"schema":{"@context":"https:\/\/schema.org","@graph":[{"@type":"Article","@id":"https:\/\/www.info-algerie.com\/actualites\/benagoun-prend-ses-fonctions-a-la-tete-du-ministere-du-tourisme-et-de-lartisanat\/#article","isPartOf":{"@id":"https:\/\/www.info-algerie.com\/actualites\/benagoun-prend-ses-fonctions-a-la-tete-du-ministere-du-tourisme-et-de-lartisanat\/"},"author":{"name":"La r\u00e9daction","@id":"https:\/\/www.info-algerie.com\/actualites\/#\/schema\/person\/847aaec44920825b843a08f30ec6aa1e"},"headline":"Benagoun prend ses fonctions \u00e0 la t\u00eate du minist\u00e8re du Tourisme et de l&#039;Artisanat","datePublished":"2017-05-26T18:12:39+00:00","mainEntityOfPage":{"@id":"https:\/\/www.info-algerie.com\/actualites\/benagoun-prend-ses-fonctions-a-la-tete-du-ministere-du-tourisme-et-de-lartisanat\/"},"wordCount":252,"commentCount":0,"publisher":{"@id":"https:\/\/www.info-algerie.com\/actualites\/#organization"},"image":{"@id":"https:\/\/www.info-algerie.com\/actualites\/benagoun-prend-ses-fonctions-a-la-tete-du-ministere-du-tourisme-et-de-lartisanat\/#primaryimage"},"thumbnailUrl":"https:\/\/www.info-algerie.com\/actualites\/wp-content\/uploads\/2017\/05\/e59d10ac7ef3e98e47033d1110939647_S-1.jpg","keywords":["ONU"],"articleSection":["infos"],"inLanguage":"fr-FR","potentialAction":[{"@type":"CommentAction","name":"Comment","target":["https:\/\/www.info-algerie.com\/actualites\/benagoun-prend-ses-fonctions-a-la-tete-du-ministere-du-tourisme-et-de-lartisanat\/#respond"]}]},{"@type":"WebPage","@id":"https:\/\/www.info-algerie.com\/actualites\/benagoun-prend-ses-fonctions-a-la-tete-du-ministere-du-tourisme-et-de-lartisanat\/","url":"https:\/\/www.info-algerie.com\/actualites\/benagoun-prend-ses-fonctions-a-la-tete-du-ministere-du-tourisme-et-de-lartisanat\/","name":"Benagoun prend ses fonctions \u00e0 la t\u00eate du minist\u00e8re du Tourisme et de l&#039;Artisanat - info algerie","isPartOf":{"@id":"https:\/\/www.info-algerie.com\/actualites\/#website"},"primaryImageOfPage":{"@id":"https:\/\/www.info-algerie.com\/actualites\/benagoun-prend-ses-fonctions-a-la-tete-du-ministere-du-tourisme-et-de-lartisanat\/#primaryimage"},"image":{"@id":"https:\/\/www.info-algerie.com\/actualites\/benagoun-prend-ses-fonctions-a-la-tete-du-ministere-du-tourisme-et-de-lartisanat\/#primaryimage"},"thumbnailUrl":"https:\/\/www.info-algerie.com\/actualites\/wp-content\/uploads\/2017\/05\/e59d10ac7ef3e98e47033d1110939647_S-1.jpg","datePublished":"2017-05-26T18:12:39+00:00","breadcrumb":{"@id":"https:\/\/www.info-algerie.com\/actualites\/benagoun-prend-ses-fonctions-a-la-tete-du-ministere-du-tourisme-et-de-lartisanat\/#breadcrumb"},"inLanguage":"fr-FR","potentialAction":[{"@type":"ReadAction","target":["https:\/\/www.info-algerie.com\/actualites\/benagoun-prend-ses-fonctions-a-la-tete-du-ministere-du-tourisme-et-de-lartisanat\/"]}]},{"@type":"ImageObject","inLanguage":"fr-FR","@id":"https:\/\/www.info-algerie.com\/actualites\/benagoun-prend-ses-fonctions-a-la-tete-du-ministere-du-tourisme-et-de-lartisanat\/#primaryimage","url":"https:\/\/www.info-algerie.com\/actualites\/wp-content\/uploads\/2017\/05\/e59d10ac7ef3e98e47033d1110939647_S-1.jpg","contentUrl":"https:\/\/www.info-algerie.com\/actualites\/wp-content\/uploads\/2017\/05\/e59d10ac7ef3e98e47033d1110939647_S-1.jpg","width":280,"height":169},{"@type":"BreadcrumbList","@id":"https:\/\/www.info-algerie.com\/actualites\/benagoun-prend-ses-fonctions-a-la-tete-du-ministere-du-tourisme-et-de-lartisanat\/#breadcrumb","itemListElement":[{"@type":"ListItem","position":1,"name":"Accueil","item":"https:\/\/www.info-algerie.com\/actualites\/"},{"@type":"ListItem","position":2,"name":"Benagoun prend ses fonctions \u00e0 la t\u00eate du minist\u00e8re du Tourisme et de l&#039;Artisanat"}]},{"@type":"WebSite","@id":"https:\/\/www.info-algerie.com\/actualites\/#website","url":"https:\/\/www.info-algerie.com\/actualites\/","name":"info algerie","description":"Toutes les actualit\u00e9s","publisher":{"@id":"https:\/\/www.info-algerie.com\/actualites\/#organization"},"potentialAction":[{"@type":"SearchAction","target":{"@type":"EntryPoint","urlTemplate":"https:\/\/www.info-algerie.com\/actualites\/?s={search_term_string}"},"query-input":{"@type":"PropertyValueSpecification","valueRequired":true,"valueName":"search_term_string"}}],"inLanguage":"fr-FR"},{"@type":"Organization","@id":"https:\/\/www.info-algerie.com\/actualites\/#organization","name":"info algerie","url":"https:\/\/www.info-algerie.com\/actualites\/","logo":{"@type":"ImageObject","inLanguage":"fr-FR","@id":"https:\/\/www.info-algerie.com\/actualites\/#\/schema\/logo\/image\/","url":"https:\/\/www.info-algerie.com\/actualites\/wp-content\/uploads\/2022\/07\/logo-ia-120.png","contentUrl":"https:\/\/www.info-algerie.com\/actualites\/wp-content\/uploads\/2022\/07\/logo-ia-120.png","width":120,"height":43,"caption":"info algerie"},"image":{"@id":"https:\/\/www.info-algerie.com\/actualites\/#\/schema\/logo\/image\/"},"sameAs":["https:\/\/www.facebook.com\/infoalgerieactu","https:\/\/x.com\/infoalgerie1"]},{"@type":"Person","@id":"https:\/\/www.info-algerie.com\/actualites\/#\/schema\/person\/847aaec44920825b843a08f30ec6aa1e","name":"La r\u00e9daction","image":{"@type":"ImageObject","inLanguage":"fr-FR","@id":"https:\/\/secure.gravatar.com\/avatar\/769db425c6f465158149f1ffd6cf61ce7a8a879d11dfbef8288af36dfddd418c?s=96&d=mm&r=g","url":"https:\/\/secure.gravatar.com\/avatar\/769db425c6f465158149f1ffd6cf61ce7a8a879d11dfbef8288af36dfddd418c?s=96&d=mm&r=g","contentUrl":"https:\/\/secure.gravatar.com\/avatar\/769db425c6f465158149f1ffd6cf61ce7a8a879d11dfbef8288af36dfddd418c?s=96&d=mm&r=g","caption":"La r\u00e9daction"},"sameAs":["http:\/\/www.lkeria.com\/"],"url":"https:\/\/www.info-algerie.com\/actualites\/author\/chakib32\/"}]}},"_links":{"self":[{"href":"https:\/\/www.info-algerie.com\/actualites\/wp-json\/wp\/v2\/posts\/12618","targetHints":{"allow":["GET"]}}],"collection":[{"href":"https:\/\/www.info-algerie.com\/actualites\/wp-json\/wp\/v2\/posts"}],"about":[{"href":"https:\/\/www.info-algerie.com\/actualites\/wp-json\/wp\/v2\/types\/post"}],"author":[{"embeddable":true,"href":"https:\/\/www.info-algerie.com\/actualites\/wp-json\/wp\/v2\/users\/6"}],"replies":[{"embeddable":true,"href":"https:\/\/www.info-algerie.com\/actualites\/wp-json\/wp\/v2\/comments?post=12618"}],"version-history":[{"count":0,"href":"https:\/\/www.info-algerie.com\/actualites\/wp-json\/wp\/v2\/posts\/12618\/revisions"}],"wp:featuredmedia":[{"embeddable":true,"href":"https:\/\/www.info-algerie.com\/actualites\/wp-json\/wp\/v2\/media\/12619"}],"wp:attachment":[{"href":"https:\/\/www.info-algerie.com\/actualites\/wp-json\/wp\/v2\/media?parent=12618"}],"wp:term":[{"taxonomy":"category","embeddable":true,"href":"https:\/\/www.info-algerie.com\/actualites\/wp-json\/wp\/v2\/categories?post=12618"},{"taxonomy":"post_tag","embeddable":true,"href":"https:\/\/www.info-algerie.com\/actualites\/wp-json\/wp\/v2\/tags?post=12618"}],"curies":[{"name":"wp","href":"https:\/\/api.w.org\/{rel}","templated":true}]}}