{"id":12629,"date":"2017-05-27T14:59:02","date_gmt":"2017-05-27T13:59:02","guid":{"rendered":"http:\/\/www.info-algerie.com\/actualites\/creation-de-lassociation-de-fraternite-algero-palestinienne-pour-le-raffermissement-des-liens-de-fraternite-et-de-solidarite\/"},"modified":"2017-05-27T14:59:02","modified_gmt":"2017-05-27T13:59:02","slug":"creation-de-lassociation-de-fraternite-algero-palestinienne-pour-le-raffermissement-des-liens-de-fraternite-et-de-solidarite","status":"publish","type":"post","link":"https:\/\/www.info-algerie.com\/actualites\/creation-de-lassociation-de-fraternite-algero-palestinienne-pour-le-raffermissement-des-liens-de-fraternite-et-de-solidarite\/","title":{"rendered":"Cr\u00e9ation de l&#039;Association de fraternit\u00e9 alg\u00e9ro-palestinienne pour le raffermissement des liens de fraternit\u00e9 et de solidarit\u00e9"},"content":{"rendered":"<div class=\"K2FeedImage\"><img decoding=\"async\" src=\"https:\/\/www.info-algerie.com\/actualites\/wp-content\/uploads\/2017\/05\/0926ac05b99d0251f77455b5214f0714_S.jpg\" alt=\"Cr&#xE9;ation de l'Association de fraternit&#xE9; alg&#xE9;ro-palestinienne pour le raffermissement des liens de fraternit&#xE9; et de solidarit&#xE9;\" \/><\/div>\n<div class=\"K2FeedIntroText\">\n<p>ALGER &#8211; Une Association de fraternit\u00e9 alg\u00e9ro-palestinnienne vient d&rsquo;\u00eatre cr\u00e9\u00e9e \u00e0 Alger pour le raffermissement des liens de fraternit\u00e9 et de solidarit\u00e9 entre les deux peuples et le soutien des Palestiniens et leur lutte contre l&rsquo;occupation.<\/p>\n<p>&#013;\n<\/p><\/div>\n<div class=\"K2FeedFullText\">&#013;<\/p>\n<p>Lors de la r\u00e9union constitutive tenue sous le slogan \u00ab\u00a0l&rsquo;Alg\u00e9rie avec la Palestine qu&rsquo;elle ait tort ou raison\u00a0\u00bb, le pr\u00e9sident de l&rsquo;Association, Achour Moussa, a affirm\u00e9 que \u00ab\u00a0la cause palestinienne demeure la cause axiale de tous les Hommes \u00e9pris de libert\u00e9\u00a0 \u00e0 travers le monde\u00a0\u00bb s&rsquo;engageant \u00e0 \u0153uvrer davantage \u00e0 l&rsquo;intensification des efforts pour soutenir le peuple palestinien, notamment les d\u00e9tenus en gr\u00e8ve de la faim dans les prisons de l&rsquo;occupant, qui font face \u00e0 l&rsquo;injustice avec des ventres vides.\u00a0<\/p>\n<p>&#013;<\/p>\n<p>Revenant sur\u00a0 les relations \u00e9troites et s\u00e9culaires entre l&rsquo;Alg\u00e9rie et la Palestine, M. Achour a rappel\u00e9 que l&rsquo;Alg\u00e9rie a \u00e9t\u00e9 le premier pays \u00e0 abriter le bureau de l&rsquo;Organisation de lib\u00e9ration de la Palestine (OLP) en 1988 et que la proclamation de l&rsquo;Etat Palestinien a eu lieu depuis Alger.<\/p>\n<p>&#013;<\/p>\n<p>De son c\u00f4t\u00e9, le repr\u00e9sentant de l&rsquo;ambassade de Palestine s&rsquo;est f\u00e9licit\u00e9 de cette initiative, exprimant le souhait qu&rsquo;elle constitue \u00ab\u00a0un levier pour la consolidation des relations historiques entre les deux pays\u00a0\u00bb. \u00ab\u00a0Les relations entre l&rsquo;Alg\u00e9rie et la Palestine d\u00e9passent la cadre officiel et ne peuvent, de par leur ancrage populaire, culturelle et de lutte, \u00eatre restreintes \u00e0 un cadre, \u00e0 une structure ou \u00e0 une organisation\u00a0\u00bb, a-t-il ajout\u00e9.\u00a0\u00a0\u00a0<\/p>\n<p>&#013;<\/p>\n<p>Concernant les d\u00e9tenus palestiniens en gr\u00e8ve de la faim, le diplomate palestinien a pr\u00e9cis\u00e9 que leurs revendications sont, principalement, d&rsquo;ordre humanitaire et que le traitement que leur r\u00e9serve l&rsquo;occupant est contraire aux lois internationales, appelant la communaut\u00e9 internationale et organisations des droits de l&rsquo;Homme \u00e0 soutenir ces d\u00e9tenus qui \u00ab\u00a0souffrent de l&rsquo;injustice de l&rsquo;occupant et de la politique de deux poids deux mesure en mati\u00e8re de droits de l&rsquo;Homme\u00a0\u00bb.<\/p>\n<p>&#013;<\/p>\n<p>Lors de cette c\u00e9r\u00e9monie qui s&rsquo;est d\u00e9roul\u00e9e en pr\u00e9sence des repr\u00e9sentants des deux chambres du Parlement, de membres du corps diplomatique, des personnalit\u00e9s r\u00e9volutionnaires alg\u00e9riennes et des repr\u00e9sentants de la soci\u00e9t\u00e9 civile des deux pays, il a \u00e9t\u00e9 projet\u00e9 un documentaire retra\u00e7ant les moments forts de la solidarit\u00e9 populaire et officielle entre l&rsquo;Alg\u00e9rie et la Palestine depuis l&rsquo;occupation fran\u00e7aise en Alg\u00e9rie \u00e0 ce jour. Des personnalit\u00e9s r\u00e9volutionnaires et m\u00e9diatiques ont apport\u00e9 leur t\u00e9moignage sur les relations alg\u00e9ro-palestiniennes.\u00a0<\/p>\n<\/div>\n<p>&#013;<br \/>\nSource: <a href=\"http:\/\/www.aps.dz\/algerie\/58283-creation-de-l-association-de-fraternite-algero-palestinienne-pour-le-raffermissement-des-liens-de-fraternite-et-de-solidarite\" target=\"_blank\">Cr\u00e9ation de l&rsquo;Association de fraternit\u00e9 alg\u00e9ro-palestinienne pour le raffermissement des liens de fraternit\u00e9 et de solidarit\u00e9<\/a><\/p>\n<!--CusAds0-->\n<div style=\"font-size: 0px; height: 0px; line-height: 0px; margin: 0; padding: 0; clear: both;\"><\/div>","protected":false},"excerpt":{"rendered":"<p>ALGER &#8211; Une Association de fraternit\u00e9 alg\u00e9ro-palestinnienne vient d&rsquo;\u00eatre cr\u00e9\u00e9e \u00e0 Alger pour le raffermissement des liens de fraternit\u00e9 et de solidarit\u00e9 entre les deux peuples et le soutien des Palestiniens et leur lutte contre l&rsquo;occupation. &#013; &#013; Lors de la r\u00e9union constitutive tenue sous le slogan \u00ab\u00a0l&rsquo;Alg\u00e9rie avec la Palestine qu&rsquo;elle ait tort ou<\/p>\n","protected":false},"author":6,"featured_media":12630,"comment_status":"open","ping_status":"open","sticky":false,"template":"","format":"standard","meta":{"footnotes":""},"categories":[22],"tags":[93],"class_list":["post-12629","post","type-post","status-publish","format-standard","has-post-thumbnail","hentry","category-infos","tag-onu"],"yoast_head":"<!-- This site is optimized with the Yoast SEO plugin v27.5 - https:\/\/yoast.com\/product\/yoast-seo-wordpress\/ -->\n<title>Cr\u00e9ation de l&#039;Association de fraternit\u00e9 alg\u00e9ro-palestinienne pour le raffermissement des liens de fraternit\u00e9 et de solidarit\u00e9 - info algerie<\/title>\n<meta name=\"robots\" content=\"index, follow, max-snippet:-1, max-image-preview:large, max-video-preview:-1\" \/>\n<link rel=\"canonical\" href=\"https:\/\/www.info-algerie.com\/actualites\/creation-de-lassociation-de-fraternite-algero-palestinienne-pour-le-raffermissement-des-liens-de-fraternite-et-de-solidarite\/\" \/>\n<meta property=\"og:locale\" content=\"fr_FR\" \/>\n<meta property=\"og:type\" content=\"article\" \/>\n<meta property=\"og:title\" content=\"Cr\u00e9ation de l&#039;Association de fraternit\u00e9 alg\u00e9ro-palestinienne pour le raffermissement des liens de fraternit\u00e9 et de solidarit\u00e9 - info algerie\" \/>\n<meta property=\"og:description\" content=\"ALGER &#8211; Une Association de fraternit\u00e9 alg\u00e9ro-palestinnienne vient d&rsquo;\u00eatre cr\u00e9\u00e9e \u00e0 Alger pour le raffermissement des liens de fraternit\u00e9 et de solidarit\u00e9 entre les deux peuples et le soutien des Palestiniens et leur lutte contre l&rsquo;occupation. &#013; &#013; Lors de la r\u00e9union constitutive tenue sous le slogan \u00ab\u00a0l&rsquo;Alg\u00e9rie avec la Palestine qu&rsquo;elle ait tort ou\" \/>\n<meta property=\"og:url\" content=\"https:\/\/www.info-algerie.com\/actualites\/creation-de-lassociation-de-fraternite-algero-palestinienne-pour-le-raffermissement-des-liens-de-fraternite-et-de-solidarite\/\" \/>\n<meta property=\"og:site_name\" content=\"info algerie\" \/>\n<meta property=\"article:publisher\" content=\"https:\/\/www.facebook.com\/infoalgerieactu\" \/>\n<meta property=\"article:published_time\" content=\"2017-05-27T13:59:02+00:00\" \/>\n<meta property=\"og:image\" content=\"https:\/\/www.info-algerie.com\/actualites\/wp-content\/uploads\/2017\/05\/0926ac05b99d0251f77455b5214f0714_S-1.jpg\" \/>\n\t<meta property=\"og:image:width\" content=\"280\" \/>\n\t<meta property=\"og:image:height\" content=\"169\" \/>\n\t<meta property=\"og:image:type\" content=\"image\/jpeg\" \/>\n<meta name=\"author\" content=\"La r\u00e9daction\" \/>\n<meta name=\"twitter:label1\" content=\"\u00c9crit par\" \/>\n\t<meta name=\"twitter:data1\" content=\"La r\u00e9daction\" \/>\n\t<meta name=\"twitter:label2\" content=\"Dur\u00e9e de lecture estim\u00e9e\" \/>\n\t<meta name=\"twitter:data2\" content=\"2 minutes\" \/>\n<script type=\"application\/ld+json\" class=\"yoast-schema-graph\">{\"@context\":\"https:\\\/\\\/schema.org\",\"@graph\":[{\"@type\":\"Article\",\"@id\":\"https:\\\/\\\/www.info-algerie.com\\\/actualites\\\/creation-de-lassociation-de-fraternite-algero-palestinienne-pour-le-raffermissement-des-liens-de-fraternite-et-de-solidarite\\\/#article\",\"isPartOf\":{\"@id\":\"https:\\\/\\\/www.info-algerie.com\\\/actualites\\\/creation-de-lassociation-de-fraternite-algero-palestinienne-pour-le-raffermissement-des-liens-de-fraternite-et-de-solidarite\\\/\"},\"author\":{\"name\":\"La r\u00e9daction\",\"@id\":\"https:\\\/\\\/www.info-algerie.com\\\/actualites\\\/#\\\/schema\\\/person\\\/847aaec44920825b843a08f30ec6aa1e\"},\"headline\":\"Cr\u00e9ation de l&#039;Association de fraternit\u00e9 alg\u00e9ro-palestinienne pour le raffermissement des liens de fraternit\u00e9 et de solidarit\u00e9\",\"datePublished\":\"2017-05-27T13:59:02+00:00\",\"mainEntityOfPage\":{\"@id\":\"https:\\\/\\\/www.info-algerie.com\\\/actualites\\\/creation-de-lassociation-de-fraternite-algero-palestinienne-pour-le-raffermissement-des-liens-de-fraternite-et-de-solidarite\\\/\"},\"wordCount\":474,\"commentCount\":0,\"publisher\":{\"@id\":\"https:\\\/\\\/www.info-algerie.com\\\/actualites\\\/#organization\"},\"image\":{\"@id\":\"https:\\\/\\\/www.info-algerie.com\\\/actualites\\\/creation-de-lassociation-de-fraternite-algero-palestinienne-pour-le-raffermissement-des-liens-de-fraternite-et-de-solidarite\\\/#primaryimage\"},\"thumbnailUrl\":\"https:\\\/\\\/www.info-algerie.com\\\/actualites\\\/wp-content\\\/uploads\\\/2017\\\/05\\\/0926ac05b99d0251f77455b5214f0714_S-1.jpg\",\"keywords\":[\"ONU\"],\"articleSection\":[\"infos\"],\"inLanguage\":\"fr-FR\",\"potentialAction\":[{\"@type\":\"CommentAction\",\"name\":\"Comment\",\"target\":[\"https:\\\/\\\/www.info-algerie.com\\\/actualites\\\/creation-de-lassociation-de-fraternite-algero-palestinienne-pour-le-raffermissement-des-liens-de-fraternite-et-de-solidarite\\\/#respond\"]}]},{\"@type\":\"WebPage\",\"@id\":\"https:\\\/\\\/www.info-algerie.com\\\/actualites\\\/creation-de-lassociation-de-fraternite-algero-palestinienne-pour-le-raffermissement-des-liens-de-fraternite-et-de-solidarite\\\/\",\"url\":\"https:\\\/\\\/www.info-algerie.com\\\/actualites\\\/creation-de-lassociation-de-fraternite-algero-palestinienne-pour-le-raffermissement-des-liens-de-fraternite-et-de-solidarite\\\/\",\"name\":\"Cr\u00e9ation de l&#039;Association de fraternit\u00e9 alg\u00e9ro-palestinienne pour le raffermissement des liens de fraternit\u00e9 et de solidarit\u00e9 - info algerie\",\"isPartOf\":{\"@id\":\"https:\\\/\\\/www.info-algerie.com\\\/actualites\\\/#website\"},\"primaryImageOfPage\":{\"@id\":\"https:\\\/\\\/www.info-algerie.com\\\/actualites\\\/creation-de-lassociation-de-fraternite-algero-palestinienne-pour-le-raffermissement-des-liens-de-fraternite-et-de-solidarite\\\/#primaryimage\"},\"image\":{\"@id\":\"https:\\\/\\\/www.info-algerie.com\\\/actualites\\\/creation-de-lassociation-de-fraternite-algero-palestinienne-pour-le-raffermissement-des-liens-de-fraternite-et-de-solidarite\\\/#primaryimage\"},\"thumbnailUrl\":\"https:\\\/\\\/www.info-algerie.com\\\/actualites\\\/wp-content\\\/uploads\\\/2017\\\/05\\\/0926ac05b99d0251f77455b5214f0714_S-1.jpg\",\"datePublished\":\"2017-05-27T13:59:02+00:00\",\"breadcrumb\":{\"@id\":\"https:\\\/\\\/www.info-algerie.com\\\/actualites\\\/creation-de-lassociation-de-fraternite-algero-palestinienne-pour-le-raffermissement-des-liens-de-fraternite-et-de-solidarite\\\/#breadcrumb\"},\"inLanguage\":\"fr-FR\",\"potentialAction\":[{\"@type\":\"ReadAction\",\"target\":[\"https:\\\/\\\/www.info-algerie.com\\\/actualites\\\/creation-de-lassociation-de-fraternite-algero-palestinienne-pour-le-raffermissement-des-liens-de-fraternite-et-de-solidarite\\\/\"]}]},{\"@type\":\"ImageObject\",\"inLanguage\":\"fr-FR\",\"@id\":\"https:\\\/\\\/www.info-algerie.com\\\/actualites\\\/creation-de-lassociation-de-fraternite-algero-palestinienne-pour-le-raffermissement-des-liens-de-fraternite-et-de-solidarite\\\/#primaryimage\",\"url\":\"https:\\\/\\\/www.info-algerie.com\\\/actualites\\\/wp-content\\\/uploads\\\/2017\\\/05\\\/0926ac05b99d0251f77455b5214f0714_S-1.jpg\",\"contentUrl\":\"https:\\\/\\\/www.info-algerie.com\\\/actualites\\\/wp-content\\\/uploads\\\/2017\\\/05\\\/0926ac05b99d0251f77455b5214f0714_S-1.jpg\",\"width\":280,\"height\":169},{\"@type\":\"BreadcrumbList\",\"@id\":\"https:\\\/\\\/www.info-algerie.com\\\/actualites\\\/creation-de-lassociation-de-fraternite-algero-palestinienne-pour-le-raffermissement-des-liens-de-fraternite-et-de-solidarite\\\/#breadcrumb\",\"itemListElement\":[{\"@type\":\"ListItem\",\"position\":1,\"name\":\"Accueil\",\"item\":\"https:\\\/\\\/www.info-algerie.com\\\/actualites\\\/\"},{\"@type\":\"ListItem\",\"position\":2,\"name\":\"Cr\u00e9ation de l&#039;Association de fraternit\u00e9 alg\u00e9ro-palestinienne pour le raffermissement des liens de fraternit\u00e9 et de solidarit\u00e9\"}]},{\"@type\":\"WebSite\",\"@id\":\"https:\\\/\\\/www.info-algerie.com\\\/actualites\\\/#website\",\"url\":\"https:\\\/\\\/www.info-algerie.com\\\/actualites\\\/\",\"name\":\"info algerie\",\"description\":\"Toutes les actualit\u00e9s\",\"publisher\":{\"@id\":\"https:\\\/\\\/www.info-algerie.com\\\/actualites\\\/#organization\"},\"potentialAction\":[{\"@type\":\"SearchAction\",\"target\":{\"@type\":\"EntryPoint\",\"urlTemplate\":\"https:\\\/\\\/www.info-algerie.com\\\/actualites\\\/?s={search_term_string}\"},\"query-input\":{\"@type\":\"PropertyValueSpecification\",\"valueRequired\":true,\"valueName\":\"search_term_string\"}}],\"inLanguage\":\"fr-FR\"},{\"@type\":\"Organization\",\"@id\":\"https:\\\/\\\/www.info-algerie.com\\\/actualites\\\/#organization\",\"name\":\"info algerie\",\"url\":\"https:\\\/\\\/www.info-algerie.com\\\/actualites\\\/\",\"logo\":{\"@type\":\"ImageObject\",\"inLanguage\":\"fr-FR\",\"@id\":\"https:\\\/\\\/www.info-algerie.com\\\/actualites\\\/#\\\/schema\\\/logo\\\/image\\\/\",\"url\":\"https:\\\/\\\/www.info-algerie.com\\\/actualites\\\/wp-content\\\/uploads\\\/2022\\\/07\\\/logo-ia-120.png\",\"contentUrl\":\"https:\\\/\\\/www.info-algerie.com\\\/actualites\\\/wp-content\\\/uploads\\\/2022\\\/07\\\/logo-ia-120.png\",\"width\":120,\"height\":43,\"caption\":\"info algerie\"},\"image\":{\"@id\":\"https:\\\/\\\/www.info-algerie.com\\\/actualites\\\/#\\\/schema\\\/logo\\\/image\\\/\"},\"sameAs\":[\"https:\\\/\\\/www.facebook.com\\\/infoalgerieactu\",\"https:\\\/\\\/x.com\\\/infoalgerie1\"]},{\"@type\":\"Person\",\"@id\":\"https:\\\/\\\/www.info-algerie.com\\\/actualites\\\/#\\\/schema\\\/person\\\/847aaec44920825b843a08f30ec6aa1e\",\"name\":\"La r\u00e9daction\",\"image\":{\"@type\":\"ImageObject\",\"inLanguage\":\"fr-FR\",\"@id\":\"https:\\\/\\\/secure.gravatar.com\\\/avatar\\\/769db425c6f465158149f1ffd6cf61ce7a8a879d11dfbef8288af36dfddd418c?s=96&d=mm&r=g\",\"url\":\"https:\\\/\\\/secure.gravatar.com\\\/avatar\\\/769db425c6f465158149f1ffd6cf61ce7a8a879d11dfbef8288af36dfddd418c?s=96&d=mm&r=g\",\"contentUrl\":\"https:\\\/\\\/secure.gravatar.com\\\/avatar\\\/769db425c6f465158149f1ffd6cf61ce7a8a879d11dfbef8288af36dfddd418c?s=96&d=mm&r=g\",\"caption\":\"La r\u00e9daction\"},\"sameAs\":[\"http:\\\/\\\/www.lkeria.com\\\/\"],\"url\":\"https:\\\/\\\/www.info-algerie.com\\\/actualites\\\/author\\\/chakib32\\\/\"}]}<\/script>\n<!-- \/ Yoast SEO plugin. -->","yoast_head_json":{"title":"Cr\u00e9ation de l&#039;Association de fraternit\u00e9 alg\u00e9ro-palestinienne pour le raffermissement des liens de fraternit\u00e9 et de solidarit\u00e9 - info algerie","robots":{"index":"index","follow":"follow","max-snippet":"max-snippet:-1","max-image-preview":"max-image-preview:large","max-video-preview":"max-video-preview:-1"},"canonical":"https:\/\/www.info-algerie.com\/actualites\/creation-de-lassociation-de-fraternite-algero-palestinienne-pour-le-raffermissement-des-liens-de-fraternite-et-de-solidarite\/","og_locale":"fr_FR","og_type":"article","og_title":"Cr\u00e9ation de l&#039;Association de fraternit\u00e9 alg\u00e9ro-palestinienne pour le raffermissement des liens de fraternit\u00e9 et de solidarit\u00e9 - info algerie","og_description":"ALGER &#8211; Une Association de fraternit\u00e9 alg\u00e9ro-palestinnienne vient d&rsquo;\u00eatre cr\u00e9\u00e9e \u00e0 Alger pour le raffermissement des liens de fraternit\u00e9 et de solidarit\u00e9 entre les deux peuples et le soutien des Palestiniens et leur lutte contre l&rsquo;occupation. &#013; &#013; Lors de la r\u00e9union constitutive tenue sous le slogan \u00ab\u00a0l&rsquo;Alg\u00e9rie avec la Palestine qu&rsquo;elle ait tort ou","og_url":"https:\/\/www.info-algerie.com\/actualites\/creation-de-lassociation-de-fraternite-algero-palestinienne-pour-le-raffermissement-des-liens-de-fraternite-et-de-solidarite\/","og_site_name":"info algerie","article_publisher":"https:\/\/www.facebook.com\/infoalgerieactu","article_published_time":"2017-05-27T13:59:02+00:00","og_image":[{"width":280,"height":169,"url":"https:\/\/www.info-algerie.com\/actualites\/wp-content\/uploads\/2017\/05\/0926ac05b99d0251f77455b5214f0714_S-1.jpg","type":"image\/jpeg"}],"author":"La r\u00e9daction","twitter_misc":{"\u00c9crit par":"La r\u00e9daction","Dur\u00e9e de lecture estim\u00e9e":"2 minutes"},"schema":{"@context":"https:\/\/schema.org","@graph":[{"@type":"Article","@id":"https:\/\/www.info-algerie.com\/actualites\/creation-de-lassociation-de-fraternite-algero-palestinienne-pour-le-raffermissement-des-liens-de-fraternite-et-de-solidarite\/#article","isPartOf":{"@id":"https:\/\/www.info-algerie.com\/actualites\/creation-de-lassociation-de-fraternite-algero-palestinienne-pour-le-raffermissement-des-liens-de-fraternite-et-de-solidarite\/"},"author":{"name":"La r\u00e9daction","@id":"https:\/\/www.info-algerie.com\/actualites\/#\/schema\/person\/847aaec44920825b843a08f30ec6aa1e"},"headline":"Cr\u00e9ation de l&#039;Association de fraternit\u00e9 alg\u00e9ro-palestinienne pour le raffermissement des liens de fraternit\u00e9 et de solidarit\u00e9","datePublished":"2017-05-27T13:59:02+00:00","mainEntityOfPage":{"@id":"https:\/\/www.info-algerie.com\/actualites\/creation-de-lassociation-de-fraternite-algero-palestinienne-pour-le-raffermissement-des-liens-de-fraternite-et-de-solidarite\/"},"wordCount":474,"commentCount":0,"publisher":{"@id":"https:\/\/www.info-algerie.com\/actualites\/#organization"},"image":{"@id":"https:\/\/www.info-algerie.com\/actualites\/creation-de-lassociation-de-fraternite-algero-palestinienne-pour-le-raffermissement-des-liens-de-fraternite-et-de-solidarite\/#primaryimage"},"thumbnailUrl":"https:\/\/www.info-algerie.com\/actualites\/wp-content\/uploads\/2017\/05\/0926ac05b99d0251f77455b5214f0714_S-1.jpg","keywords":["ONU"],"articleSection":["infos"],"inLanguage":"fr-FR","potentialAction":[{"@type":"CommentAction","name":"Comment","target":["https:\/\/www.info-algerie.com\/actualites\/creation-de-lassociation-de-fraternite-algero-palestinienne-pour-le-raffermissement-des-liens-de-fraternite-et-de-solidarite\/#respond"]}]},{"@type":"WebPage","@id":"https:\/\/www.info-algerie.com\/actualites\/creation-de-lassociation-de-fraternite-algero-palestinienne-pour-le-raffermissement-des-liens-de-fraternite-et-de-solidarite\/","url":"https:\/\/www.info-algerie.com\/actualites\/creation-de-lassociation-de-fraternite-algero-palestinienne-pour-le-raffermissement-des-liens-de-fraternite-et-de-solidarite\/","name":"Cr\u00e9ation de l&#039;Association de fraternit\u00e9 alg\u00e9ro-palestinienne pour le raffermissement des liens de fraternit\u00e9 et de solidarit\u00e9 - info algerie","isPartOf":{"@id":"https:\/\/www.info-algerie.com\/actualites\/#website"},"primaryImageOfPage":{"@id":"https:\/\/www.info-algerie.com\/actualites\/creation-de-lassociation-de-fraternite-algero-palestinienne-pour-le-raffermissement-des-liens-de-fraternite-et-de-solidarite\/#primaryimage"},"image":{"@id":"https:\/\/www.info-algerie.com\/actualites\/creation-de-lassociation-de-fraternite-algero-palestinienne-pour-le-raffermissement-des-liens-de-fraternite-et-de-solidarite\/#primaryimage"},"thumbnailUrl":"https:\/\/www.info-algerie.com\/actualites\/wp-content\/uploads\/2017\/05\/0926ac05b99d0251f77455b5214f0714_S-1.jpg","datePublished":"2017-05-27T13:59:02+00:00","breadcrumb":{"@id":"https:\/\/www.info-algerie.com\/actualites\/creation-de-lassociation-de-fraternite-algero-palestinienne-pour-le-raffermissement-des-liens-de-fraternite-et-de-solidarite\/#breadcrumb"},"inLanguage":"fr-FR","potentialAction":[{"@type":"ReadAction","target":["https:\/\/www.info-algerie.com\/actualites\/creation-de-lassociation-de-fraternite-algero-palestinienne-pour-le-raffermissement-des-liens-de-fraternite-et-de-solidarite\/"]}]},{"@type":"ImageObject","inLanguage":"fr-FR","@id":"https:\/\/www.info-algerie.com\/actualites\/creation-de-lassociation-de-fraternite-algero-palestinienne-pour-le-raffermissement-des-liens-de-fraternite-et-de-solidarite\/#primaryimage","url":"https:\/\/www.info-algerie.com\/actualites\/wp-content\/uploads\/2017\/05\/0926ac05b99d0251f77455b5214f0714_S-1.jpg","contentUrl":"https:\/\/www.info-algerie.com\/actualites\/wp-content\/uploads\/2017\/05\/0926ac05b99d0251f77455b5214f0714_S-1.jpg","width":280,"height":169},{"@type":"BreadcrumbList","@id":"https:\/\/www.info-algerie.com\/actualites\/creation-de-lassociation-de-fraternite-algero-palestinienne-pour-le-raffermissement-des-liens-de-fraternite-et-de-solidarite\/#breadcrumb","itemListElement":[{"@type":"ListItem","position":1,"name":"Accueil","item":"https:\/\/www.info-algerie.com\/actualites\/"},{"@type":"ListItem","position":2,"name":"Cr\u00e9ation de l&#039;Association de fraternit\u00e9 alg\u00e9ro-palestinienne pour le raffermissement des liens de fraternit\u00e9 et de solidarit\u00e9"}]},{"@type":"WebSite","@id":"https:\/\/www.info-algerie.com\/actualites\/#website","url":"https:\/\/www.info-algerie.com\/actualites\/","name":"info algerie","description":"Toutes les actualit\u00e9s","publisher":{"@id":"https:\/\/www.info-algerie.com\/actualites\/#organization"},"potentialAction":[{"@type":"SearchAction","target":{"@type":"EntryPoint","urlTemplate":"https:\/\/www.info-algerie.com\/actualites\/?s={search_term_string}"},"query-input":{"@type":"PropertyValueSpecification","valueRequired":true,"valueName":"search_term_string"}}],"inLanguage":"fr-FR"},{"@type":"Organization","@id":"https:\/\/www.info-algerie.com\/actualites\/#organization","name":"info algerie","url":"https:\/\/www.info-algerie.com\/actualites\/","logo":{"@type":"ImageObject","inLanguage":"fr-FR","@id":"https:\/\/www.info-algerie.com\/actualites\/#\/schema\/logo\/image\/","url":"https:\/\/www.info-algerie.com\/actualites\/wp-content\/uploads\/2022\/07\/logo-ia-120.png","contentUrl":"https:\/\/www.info-algerie.com\/actualites\/wp-content\/uploads\/2022\/07\/logo-ia-120.png","width":120,"height":43,"caption":"info algerie"},"image":{"@id":"https:\/\/www.info-algerie.com\/actualites\/#\/schema\/logo\/image\/"},"sameAs":["https:\/\/www.facebook.com\/infoalgerieactu","https:\/\/x.com\/infoalgerie1"]},{"@type":"Person","@id":"https:\/\/www.info-algerie.com\/actualites\/#\/schema\/person\/847aaec44920825b843a08f30ec6aa1e","name":"La r\u00e9daction","image":{"@type":"ImageObject","inLanguage":"fr-FR","@id":"https:\/\/secure.gravatar.com\/avatar\/769db425c6f465158149f1ffd6cf61ce7a8a879d11dfbef8288af36dfddd418c?s=96&d=mm&r=g","url":"https:\/\/secure.gravatar.com\/avatar\/769db425c6f465158149f1ffd6cf61ce7a8a879d11dfbef8288af36dfddd418c?s=96&d=mm&r=g","contentUrl":"https:\/\/secure.gravatar.com\/avatar\/769db425c6f465158149f1ffd6cf61ce7a8a879d11dfbef8288af36dfddd418c?s=96&d=mm&r=g","caption":"La r\u00e9daction"},"sameAs":["http:\/\/www.lkeria.com\/"],"url":"https:\/\/www.info-algerie.com\/actualites\/author\/chakib32\/"}]}},"_links":{"self":[{"href":"https:\/\/www.info-algerie.com\/actualites\/wp-json\/wp\/v2\/posts\/12629","targetHints":{"allow":["GET"]}}],"collection":[{"href":"https:\/\/www.info-algerie.com\/actualites\/wp-json\/wp\/v2\/posts"}],"about":[{"href":"https:\/\/www.info-algerie.com\/actualites\/wp-json\/wp\/v2\/types\/post"}],"author":[{"embeddable":true,"href":"https:\/\/www.info-algerie.com\/actualites\/wp-json\/wp\/v2\/users\/6"}],"replies":[{"embeddable":true,"href":"https:\/\/www.info-algerie.com\/actualites\/wp-json\/wp\/v2\/comments?post=12629"}],"version-history":[{"count":0,"href":"https:\/\/www.info-algerie.com\/actualites\/wp-json\/wp\/v2\/posts\/12629\/revisions"}],"wp:featuredmedia":[{"embeddable":true,"href":"https:\/\/www.info-algerie.com\/actualites\/wp-json\/wp\/v2\/media\/12630"}],"wp:attachment":[{"href":"https:\/\/www.info-algerie.com\/actualites\/wp-json\/wp\/v2\/media?parent=12629"}],"wp:term":[{"taxonomy":"category","embeddable":true,"href":"https:\/\/www.info-algerie.com\/actualites\/wp-json\/wp\/v2\/categories?post=12629"},{"taxonomy":"post_tag","embeddable":true,"href":"https:\/\/www.info-algerie.com\/actualites\/wp-json\/wp\/v2\/tags?post=12629"}],"curies":[{"name":"wp","href":"https:\/\/api.w.org\/{rel}","templated":true}]}}