{"id":12631,"date":"2017-05-27T16:37:02","date_gmt":"2017-05-27T15:37:02","guid":{"rendered":"http:\/\/www.info-algerie.com\/actualites\/le-pt-satisfait-de-la-nomination-de-tebboune-au-poste-de-premier-ministre-hanoune\/"},"modified":"2017-05-27T16:37:02","modified_gmt":"2017-05-27T15:37:02","slug":"le-pt-satisfait-de-la-nomination-de-tebboune-au-poste-de-premier-ministre-hanoune","status":"publish","type":"post","link":"https:\/\/www.info-algerie.com\/actualites\/le-pt-satisfait-de-la-nomination-de-tebboune-au-poste-de-premier-ministre-hanoune\/","title":{"rendered":"Le PT satisfait de la nomination de Tebboune au poste de Premier ministre (Hanoune)\u00a0"},"content":{"rendered":"<div class=\"K2FeedIntroText\">\n<p>ALGER &#8211; La secr\u00e9taire g\u00e9n\u00e9rale du parti des Travailleurs, Louisa Hanoune, a exprim\u00e9 samedi \u00e0 Alger, sa \u00ab\u00a0satisfaction \u00e0 l&rsquo;\u00e9gard de la nomination d&rsquo;Abdelmadjid Tebboune au poste de Premier ministre en remplacement d&rsquo;Abdelmalek Sellal, le qualifiant d'\u00a0\u00bbhomme d&rsquo;Etat\u00a0\u00bb qui aura \u00e0 relever plusieurs d\u00e9fis notamment aux plans \u00e9conomique et s\u00e9curitaire.<\/p>\n<p>&#013;\n<\/p><\/div>\n<div class=\"K2FeedFullText\">&#013;<\/p>\n<p>Le parti des Travailleurs (PT) se dit \u00ab\u00a0satisfait\u00a0\u00bb de la d\u00e9signation d&rsquo;Abdelmadjid Tebboune \u00e0 la t\u00eate du gouvernement, a d\u00e9clar\u00e9 Mme Hanoune lors d&rsquo;une conf\u00e9rence de presse avant de mettre en avant sa comp\u00e9tence et son d\u00e9vouement alors qu&rsquo;il occupait d&rsquo;autres postes dont celui de wali de Tizi Ouzou et ministre de l&rsquo;Habitat.<\/p>\n<p>&#013;<\/p>\n<p>Elle a affirm\u00e9 \u00e0 ce propos, que son parti \u00ab\u00a0lui voue respect et consid\u00e9ration car il le consid\u00e8re un homme d&rsquo;Etat responsable\u00a0\u00bb.\u00a0<\/p>\n<p>&#013;<\/p>\n<p>Cependant, elle a souhait\u00e9 que la d\u00e9signation de Tebboune \u00e0 la t\u00eate du Premier minist\u00e8re s&rsquo;inscrive dans le cadre de ce qu&rsquo;elle appelle la \u00ab\u00a0d\u00e9marche orient\u00e9e\u00a0\u00bb visant \u00e0 appliquer des r\u00e9formes, \u00e0 sauver l&rsquo;\u00e9conomie nationale apr\u00e8s le recul des tarifs du p\u00e9trole et enfin, \u00e0 relever les d\u00e9fis \u00e0 la lumi\u00e8re de la situation difficile que connaissent certains pays voisins.<\/p>\n<p>&#013;<\/p>\n<p>D&rsquo;autre part, Mme Hanoune a estim\u00e9 que la nomination d&rsquo;un nouveau Gouvernement compos\u00e9 de 27 ministres dont des nouveaux ayant assum\u00e9 diverses responsabilit\u00e9s au sein de l&rsquo;Etat, \u00e9tait un \u00ab\u00a0changement partiel\u00a0\u00bb qu&rsquo;il ne faudra pas amplifier, soulignant que ce Gouvernement devra se pencher sur plusieurs dossiers qui requi\u00e8rent une \u00ab\u00a0orientation\u00a0\u00bb dont celui de la r\u00e9cession \u00e9conomique, la pr\u00e9servation du pouvoir d&rsquo;achat, la r\u00e9sorption du ch\u00f4mage, le versement des arri\u00e9r\u00e9s des salaires des travailleurs et la r\u00e9vision des tarifs \u00e9lev\u00e9s de l&rsquo;\u00e9lectricit\u00e9 et de l&rsquo;eau.<\/p>\n<p>&#013;<\/p>\n<p>Elle a salu\u00e9 \u00e9galement le plafonnement \u00ab\u00a0concret\u00a0\u00bb des prix des fruits et l\u00e9gumes \u00e0 l&rsquo;occasion du mois sacr\u00e9 de Ramadhan et la r\u00e9gularisation de la situation de 922 entreprises du secteur des travaux publics, s&rsquo;interrogeant sur la politique permanente qu&rsquo;envisage d&rsquo;appliquer le Gouvernement dans les secteurs de la sant\u00e9 et de l&rsquo;enseignement sup\u00e9rieur.\u00a0<\/p>\n<p>&#013;<\/p>\n<p>Enfin, la secr\u00e9taire g\u00e9n\u00e9rale du PT a salu\u00e9 le maintien par le pr\u00e9sident de la R\u00e9publique, de Nouria Benghebrit au minist\u00e8re de l&rsquo;Education nationale, arguant que celle-ci \u00ab\u00a0avait entam\u00e9 des r\u00e9formes v\u00e9ritables et r\u00e9fl\u00e9chies\u00a0\u00bb afin de d\u00e9barrasser l&rsquo;\u00e9cole de la m\u00e9diocrit\u00e9 outre sa politique en mati\u00e8re de recrutement.\u00a0<\/p>\n<\/div>\n<p>&#013;<br \/>\nSource: <a href=\"http:\/\/www.aps.dz\/algerie\/58290-le-pt-satisfait-de-la-nomination-de-tebboune-au-poste-de-premier-ministre-hanoune\" target=\"_blank\">Le PT satisfait de la nomination de Tebboune au poste de Premier ministre (Hanoune)\u00a0<\/a><\/p>\n<!--CusAds0-->\n<div style=\"font-size: 0px; height: 0px; line-height: 0px; margin: 0; padding: 0; clear: both;\"><\/div>","protected":false},"excerpt":{"rendered":"<p>ALGER &#8211; La secr\u00e9taire g\u00e9n\u00e9rale du parti des Travailleurs, Louisa Hanoune, a exprim\u00e9 samedi \u00e0 Alger, sa \u00ab\u00a0satisfaction \u00e0 l&rsquo;\u00e9gard de la nomination d&rsquo;Abdelmadjid Tebboune au poste de Premier ministre en remplacement d&rsquo;Abdelmalek Sellal, le qualifiant d&rsquo;\u00a0\u00bbhomme d&rsquo;Etat\u00a0\u00bb qui aura \u00e0 relever plusieurs d\u00e9fis notamment aux plans \u00e9conomique et s\u00e9curitaire. &#013; &#013; Le parti des<\/p>\n","protected":false},"author":6,"featured_media":0,"comment_status":"open","ping_status":"open","sticky":false,"template":"","format":"standard","meta":{"footnotes":""},"categories":[22],"tags":[93],"class_list":["post-12631","post","type-post","status-publish","format-standard","hentry","category-infos","tag-onu"],"yoast_head":"<!-- This site is optimized with the Yoast SEO plugin v27.5 - https:\/\/yoast.com\/product\/yoast-seo-wordpress\/ -->\n<title>Le PT satisfait de la nomination de Tebboune au poste de Premier ministre (Hanoune)\u00a0 - info algerie<\/title>\n<meta name=\"robots\" content=\"index, follow, max-snippet:-1, max-image-preview:large, max-video-preview:-1\" \/>\n<link rel=\"canonical\" href=\"https:\/\/www.info-algerie.com\/actualites\/le-pt-satisfait-de-la-nomination-de-tebboune-au-poste-de-premier-ministre-hanoune\/\" \/>\n<meta property=\"og:locale\" content=\"fr_FR\" \/>\n<meta property=\"og:type\" content=\"article\" \/>\n<meta property=\"og:title\" content=\"Le PT satisfait de la nomination de Tebboune au poste de Premier ministre (Hanoune)\u00a0 - info algerie\" \/>\n<meta property=\"og:description\" content=\"ALGER &#8211; La secr\u00e9taire g\u00e9n\u00e9rale du parti des Travailleurs, Louisa Hanoune, a exprim\u00e9 samedi \u00e0 Alger, sa \u00ab\u00a0satisfaction \u00e0 l&rsquo;\u00e9gard de la nomination d&rsquo;Abdelmadjid Tebboune au poste de Premier ministre en remplacement d&rsquo;Abdelmalek Sellal, le qualifiant d&#039;\u00a0\u00bbhomme d&rsquo;Etat\u00a0\u00bb qui aura \u00e0 relever plusieurs d\u00e9fis notamment aux plans \u00e9conomique et s\u00e9curitaire. &#013; &#013; Le parti des\" \/>\n<meta property=\"og:url\" content=\"https:\/\/www.info-algerie.com\/actualites\/le-pt-satisfait-de-la-nomination-de-tebboune-au-poste-de-premier-ministre-hanoune\/\" \/>\n<meta property=\"og:site_name\" content=\"info algerie\" \/>\n<meta property=\"article:publisher\" content=\"https:\/\/www.facebook.com\/infoalgerieactu\" \/>\n<meta property=\"article:published_time\" content=\"2017-05-27T15:37:02+00:00\" \/>\n<meta name=\"author\" content=\"La r\u00e9daction\" \/>\n<meta name=\"twitter:label1\" content=\"\u00c9crit par\" \/>\n\t<meta name=\"twitter:data1\" content=\"La r\u00e9daction\" \/>\n\t<meta name=\"twitter:label2\" content=\"Dur\u00e9e de lecture estim\u00e9e\" \/>\n\t<meta name=\"twitter:data2\" content=\"2 minutes\" \/>\n<script type=\"application\/ld+json\" class=\"yoast-schema-graph\">{\"@context\":\"https:\\\/\\\/schema.org\",\"@graph\":[{\"@type\":\"Article\",\"@id\":\"https:\\\/\\\/www.info-algerie.com\\\/actualites\\\/le-pt-satisfait-de-la-nomination-de-tebboune-au-poste-de-premier-ministre-hanoune\\\/#article\",\"isPartOf\":{\"@id\":\"https:\\\/\\\/www.info-algerie.com\\\/actualites\\\/le-pt-satisfait-de-la-nomination-de-tebboune-au-poste-de-premier-ministre-hanoune\\\/\"},\"author\":{\"name\":\"La r\u00e9daction\",\"@id\":\"https:\\\/\\\/www.info-algerie.com\\\/actualites\\\/#\\\/schema\\\/person\\\/847aaec44920825b843a08f30ec6aa1e\"},\"headline\":\"Le PT satisfait de la nomination de Tebboune au poste de Premier ministre (Hanoune)\u00a0\",\"datePublished\":\"2017-05-27T15:37:02+00:00\",\"mainEntityOfPage\":{\"@id\":\"https:\\\/\\\/www.info-algerie.com\\\/actualites\\\/le-pt-satisfait-de-la-nomination-de-tebboune-au-poste-de-premier-ministre-hanoune\\\/\"},\"wordCount\":463,\"commentCount\":0,\"publisher\":{\"@id\":\"https:\\\/\\\/www.info-algerie.com\\\/actualites\\\/#organization\"},\"keywords\":[\"ONU\"],\"articleSection\":[\"infos\"],\"inLanguage\":\"fr-FR\",\"potentialAction\":[{\"@type\":\"CommentAction\",\"name\":\"Comment\",\"target\":[\"https:\\\/\\\/www.info-algerie.com\\\/actualites\\\/le-pt-satisfait-de-la-nomination-de-tebboune-au-poste-de-premier-ministre-hanoune\\\/#respond\"]}]},{\"@type\":\"WebPage\",\"@id\":\"https:\\\/\\\/www.info-algerie.com\\\/actualites\\\/le-pt-satisfait-de-la-nomination-de-tebboune-au-poste-de-premier-ministre-hanoune\\\/\",\"url\":\"https:\\\/\\\/www.info-algerie.com\\\/actualites\\\/le-pt-satisfait-de-la-nomination-de-tebboune-au-poste-de-premier-ministre-hanoune\\\/\",\"name\":\"Le PT satisfait de la nomination de Tebboune au poste de Premier ministre (Hanoune)\u00a0 - info algerie\",\"isPartOf\":{\"@id\":\"https:\\\/\\\/www.info-algerie.com\\\/actualites\\\/#website\"},\"datePublished\":\"2017-05-27T15:37:02+00:00\",\"breadcrumb\":{\"@id\":\"https:\\\/\\\/www.info-algerie.com\\\/actualites\\\/le-pt-satisfait-de-la-nomination-de-tebboune-au-poste-de-premier-ministre-hanoune\\\/#breadcrumb\"},\"inLanguage\":\"fr-FR\",\"potentialAction\":[{\"@type\":\"ReadAction\",\"target\":[\"https:\\\/\\\/www.info-algerie.com\\\/actualites\\\/le-pt-satisfait-de-la-nomination-de-tebboune-au-poste-de-premier-ministre-hanoune\\\/\"]}]},{\"@type\":\"BreadcrumbList\",\"@id\":\"https:\\\/\\\/www.info-algerie.com\\\/actualites\\\/le-pt-satisfait-de-la-nomination-de-tebboune-au-poste-de-premier-ministre-hanoune\\\/#breadcrumb\",\"itemListElement\":[{\"@type\":\"ListItem\",\"position\":1,\"name\":\"Accueil\",\"item\":\"https:\\\/\\\/www.info-algerie.com\\\/actualites\\\/\"},{\"@type\":\"ListItem\",\"position\":2,\"name\":\"Le PT satisfait de la nomination de Tebboune au poste de Premier ministre (Hanoune)\u00a0\"}]},{\"@type\":\"WebSite\",\"@id\":\"https:\\\/\\\/www.info-algerie.com\\\/actualites\\\/#website\",\"url\":\"https:\\\/\\\/www.info-algerie.com\\\/actualites\\\/\",\"name\":\"info algerie\",\"description\":\"Toutes les actualit\u00e9s\",\"publisher\":{\"@id\":\"https:\\\/\\\/www.info-algerie.com\\\/actualites\\\/#organization\"},\"potentialAction\":[{\"@type\":\"SearchAction\",\"target\":{\"@type\":\"EntryPoint\",\"urlTemplate\":\"https:\\\/\\\/www.info-algerie.com\\\/actualites\\\/?s={search_term_string}\"},\"query-input\":{\"@type\":\"PropertyValueSpecification\",\"valueRequired\":true,\"valueName\":\"search_term_string\"}}],\"inLanguage\":\"fr-FR\"},{\"@type\":\"Organization\",\"@id\":\"https:\\\/\\\/www.info-algerie.com\\\/actualites\\\/#organization\",\"name\":\"info algerie\",\"url\":\"https:\\\/\\\/www.info-algerie.com\\\/actualites\\\/\",\"logo\":{\"@type\":\"ImageObject\",\"inLanguage\":\"fr-FR\",\"@id\":\"https:\\\/\\\/www.info-algerie.com\\\/actualites\\\/#\\\/schema\\\/logo\\\/image\\\/\",\"url\":\"https:\\\/\\\/www.info-algerie.com\\\/actualites\\\/wp-content\\\/uploads\\\/2022\\\/07\\\/logo-ia-120.png\",\"contentUrl\":\"https:\\\/\\\/www.info-algerie.com\\\/actualites\\\/wp-content\\\/uploads\\\/2022\\\/07\\\/logo-ia-120.png\",\"width\":120,\"height\":43,\"caption\":\"info algerie\"},\"image\":{\"@id\":\"https:\\\/\\\/www.info-algerie.com\\\/actualites\\\/#\\\/schema\\\/logo\\\/image\\\/\"},\"sameAs\":[\"https:\\\/\\\/www.facebook.com\\\/infoalgerieactu\",\"https:\\\/\\\/x.com\\\/infoalgerie1\"]},{\"@type\":\"Person\",\"@id\":\"https:\\\/\\\/www.info-algerie.com\\\/actualites\\\/#\\\/schema\\\/person\\\/847aaec44920825b843a08f30ec6aa1e\",\"name\":\"La r\u00e9daction\",\"image\":{\"@type\":\"ImageObject\",\"inLanguage\":\"fr-FR\",\"@id\":\"https:\\\/\\\/secure.gravatar.com\\\/avatar\\\/769db425c6f465158149f1ffd6cf61ce7a8a879d11dfbef8288af36dfddd418c?s=96&d=mm&r=g\",\"url\":\"https:\\\/\\\/secure.gravatar.com\\\/avatar\\\/769db425c6f465158149f1ffd6cf61ce7a8a879d11dfbef8288af36dfddd418c?s=96&d=mm&r=g\",\"contentUrl\":\"https:\\\/\\\/secure.gravatar.com\\\/avatar\\\/769db425c6f465158149f1ffd6cf61ce7a8a879d11dfbef8288af36dfddd418c?s=96&d=mm&r=g\",\"caption\":\"La r\u00e9daction\"},\"sameAs\":[\"http:\\\/\\\/www.lkeria.com\\\/\"],\"url\":\"https:\\\/\\\/www.info-algerie.com\\\/actualites\\\/author\\\/chakib32\\\/\"}]}<\/script>\n<!-- \/ Yoast SEO plugin. -->","yoast_head_json":{"title":"Le PT satisfait de la nomination de Tebboune au poste de Premier ministre (Hanoune)\u00a0 - info algerie","robots":{"index":"index","follow":"follow","max-snippet":"max-snippet:-1","max-image-preview":"max-image-preview:large","max-video-preview":"max-video-preview:-1"},"canonical":"https:\/\/www.info-algerie.com\/actualites\/le-pt-satisfait-de-la-nomination-de-tebboune-au-poste-de-premier-ministre-hanoune\/","og_locale":"fr_FR","og_type":"article","og_title":"Le PT satisfait de la nomination de Tebboune au poste de Premier ministre (Hanoune)\u00a0 - info algerie","og_description":"ALGER &#8211; La secr\u00e9taire g\u00e9n\u00e9rale du parti des Travailleurs, Louisa Hanoune, a exprim\u00e9 samedi \u00e0 Alger, sa \u00ab\u00a0satisfaction \u00e0 l&rsquo;\u00e9gard de la nomination d&rsquo;Abdelmadjid Tebboune au poste de Premier ministre en remplacement d&rsquo;Abdelmalek Sellal, le qualifiant d'\u00a0\u00bbhomme d&rsquo;Etat\u00a0\u00bb qui aura \u00e0 relever plusieurs d\u00e9fis notamment aux plans \u00e9conomique et s\u00e9curitaire. &#013; &#013; Le parti des","og_url":"https:\/\/www.info-algerie.com\/actualites\/le-pt-satisfait-de-la-nomination-de-tebboune-au-poste-de-premier-ministre-hanoune\/","og_site_name":"info algerie","article_publisher":"https:\/\/www.facebook.com\/infoalgerieactu","article_published_time":"2017-05-27T15:37:02+00:00","author":"La r\u00e9daction","twitter_misc":{"\u00c9crit par":"La r\u00e9daction","Dur\u00e9e de lecture estim\u00e9e":"2 minutes"},"schema":{"@context":"https:\/\/schema.org","@graph":[{"@type":"Article","@id":"https:\/\/www.info-algerie.com\/actualites\/le-pt-satisfait-de-la-nomination-de-tebboune-au-poste-de-premier-ministre-hanoune\/#article","isPartOf":{"@id":"https:\/\/www.info-algerie.com\/actualites\/le-pt-satisfait-de-la-nomination-de-tebboune-au-poste-de-premier-ministre-hanoune\/"},"author":{"name":"La r\u00e9daction","@id":"https:\/\/www.info-algerie.com\/actualites\/#\/schema\/person\/847aaec44920825b843a08f30ec6aa1e"},"headline":"Le PT satisfait de la nomination de Tebboune au poste de Premier ministre (Hanoune)\u00a0","datePublished":"2017-05-27T15:37:02+00:00","mainEntityOfPage":{"@id":"https:\/\/www.info-algerie.com\/actualites\/le-pt-satisfait-de-la-nomination-de-tebboune-au-poste-de-premier-ministre-hanoune\/"},"wordCount":463,"commentCount":0,"publisher":{"@id":"https:\/\/www.info-algerie.com\/actualites\/#organization"},"keywords":["ONU"],"articleSection":["infos"],"inLanguage":"fr-FR","potentialAction":[{"@type":"CommentAction","name":"Comment","target":["https:\/\/www.info-algerie.com\/actualites\/le-pt-satisfait-de-la-nomination-de-tebboune-au-poste-de-premier-ministre-hanoune\/#respond"]}]},{"@type":"WebPage","@id":"https:\/\/www.info-algerie.com\/actualites\/le-pt-satisfait-de-la-nomination-de-tebboune-au-poste-de-premier-ministre-hanoune\/","url":"https:\/\/www.info-algerie.com\/actualites\/le-pt-satisfait-de-la-nomination-de-tebboune-au-poste-de-premier-ministre-hanoune\/","name":"Le PT satisfait de la nomination de Tebboune au poste de Premier ministre (Hanoune)\u00a0 - info algerie","isPartOf":{"@id":"https:\/\/www.info-algerie.com\/actualites\/#website"},"datePublished":"2017-05-27T15:37:02+00:00","breadcrumb":{"@id":"https:\/\/www.info-algerie.com\/actualites\/le-pt-satisfait-de-la-nomination-de-tebboune-au-poste-de-premier-ministre-hanoune\/#breadcrumb"},"inLanguage":"fr-FR","potentialAction":[{"@type":"ReadAction","target":["https:\/\/www.info-algerie.com\/actualites\/le-pt-satisfait-de-la-nomination-de-tebboune-au-poste-de-premier-ministre-hanoune\/"]}]},{"@type":"BreadcrumbList","@id":"https:\/\/www.info-algerie.com\/actualites\/le-pt-satisfait-de-la-nomination-de-tebboune-au-poste-de-premier-ministre-hanoune\/#breadcrumb","itemListElement":[{"@type":"ListItem","position":1,"name":"Accueil","item":"https:\/\/www.info-algerie.com\/actualites\/"},{"@type":"ListItem","position":2,"name":"Le PT satisfait de la nomination de Tebboune au poste de Premier ministre (Hanoune)\u00a0"}]},{"@type":"WebSite","@id":"https:\/\/www.info-algerie.com\/actualites\/#website","url":"https:\/\/www.info-algerie.com\/actualites\/","name":"info algerie","description":"Toutes les actualit\u00e9s","publisher":{"@id":"https:\/\/www.info-algerie.com\/actualites\/#organization"},"potentialAction":[{"@type":"SearchAction","target":{"@type":"EntryPoint","urlTemplate":"https:\/\/www.info-algerie.com\/actualites\/?s={search_term_string}"},"query-input":{"@type":"PropertyValueSpecification","valueRequired":true,"valueName":"search_term_string"}}],"inLanguage":"fr-FR"},{"@type":"Organization","@id":"https:\/\/www.info-algerie.com\/actualites\/#organization","name":"info algerie","url":"https:\/\/www.info-algerie.com\/actualites\/","logo":{"@type":"ImageObject","inLanguage":"fr-FR","@id":"https:\/\/www.info-algerie.com\/actualites\/#\/schema\/logo\/image\/","url":"https:\/\/www.info-algerie.com\/actualites\/wp-content\/uploads\/2022\/07\/logo-ia-120.png","contentUrl":"https:\/\/www.info-algerie.com\/actualites\/wp-content\/uploads\/2022\/07\/logo-ia-120.png","width":120,"height":43,"caption":"info algerie"},"image":{"@id":"https:\/\/www.info-algerie.com\/actualites\/#\/schema\/logo\/image\/"},"sameAs":["https:\/\/www.facebook.com\/infoalgerieactu","https:\/\/x.com\/infoalgerie1"]},{"@type":"Person","@id":"https:\/\/www.info-algerie.com\/actualites\/#\/schema\/person\/847aaec44920825b843a08f30ec6aa1e","name":"La r\u00e9daction","image":{"@type":"ImageObject","inLanguage":"fr-FR","@id":"https:\/\/secure.gravatar.com\/avatar\/769db425c6f465158149f1ffd6cf61ce7a8a879d11dfbef8288af36dfddd418c?s=96&d=mm&r=g","url":"https:\/\/secure.gravatar.com\/avatar\/769db425c6f465158149f1ffd6cf61ce7a8a879d11dfbef8288af36dfddd418c?s=96&d=mm&r=g","contentUrl":"https:\/\/secure.gravatar.com\/avatar\/769db425c6f465158149f1ffd6cf61ce7a8a879d11dfbef8288af36dfddd418c?s=96&d=mm&r=g","caption":"La r\u00e9daction"},"sameAs":["http:\/\/www.lkeria.com\/"],"url":"https:\/\/www.info-algerie.com\/actualites\/author\/chakib32\/"}]}},"_links":{"self":[{"href":"https:\/\/www.info-algerie.com\/actualites\/wp-json\/wp\/v2\/posts\/12631","targetHints":{"allow":["GET"]}}],"collection":[{"href":"https:\/\/www.info-algerie.com\/actualites\/wp-json\/wp\/v2\/posts"}],"about":[{"href":"https:\/\/www.info-algerie.com\/actualites\/wp-json\/wp\/v2\/types\/post"}],"author":[{"embeddable":true,"href":"https:\/\/www.info-algerie.com\/actualites\/wp-json\/wp\/v2\/users\/6"}],"replies":[{"embeddable":true,"href":"https:\/\/www.info-algerie.com\/actualites\/wp-json\/wp\/v2\/comments?post=12631"}],"version-history":[{"count":0,"href":"https:\/\/www.info-algerie.com\/actualites\/wp-json\/wp\/v2\/posts\/12631\/revisions"}],"wp:attachment":[{"href":"https:\/\/www.info-algerie.com\/actualites\/wp-json\/wp\/v2\/media?parent=12631"}],"wp:term":[{"taxonomy":"category","embeddable":true,"href":"https:\/\/www.info-algerie.com\/actualites\/wp-json\/wp\/v2\/categories?post=12631"},{"taxonomy":"post_tag","embeddable":true,"href":"https:\/\/www.info-algerie.com\/actualites\/wp-json\/wp\/v2\/tags?post=12631"}],"curies":[{"name":"wp","href":"https:\/\/api.w.org\/{rel}","templated":true}]}}