{"id":12639,"date":"2017-05-28T11:40:09","date_gmt":"2017-05-28T10:40:09","guid":{"rendered":"http:\/\/www.info-algerie.com\/actualites\/affaire-maurice-audin-la-verite-historique-de-lassassinat-doit-enfin-etre-connue\/"},"modified":"2017-05-28T11:40:09","modified_gmt":"2017-05-28T10:40:09","slug":"affaire-maurice-audin-la-verite-historique-de-lassassinat-doit-enfin-etre-connue","status":"publish","type":"post","link":"https:\/\/www.info-algerie.com\/actualites\/affaire-maurice-audin-la-verite-historique-de-lassassinat-doit-enfin-etre-connue\/","title":{"rendered":"Affaire Maurice Audin : la v\u00e9rit\u00e9 historique de l\u2019assassinat doit enfin \u00eatre connue\u00a0"},"content":{"rendered":"<div class=\"K2FeedImage\"><img decoding=\"async\" src=\"https:\/\/www.info-algerie.com\/actualites\/wp-content\/uploads\/2017\/05\/2ce9820037972c8dd367ed1c54440f6d_S.jpg\" alt=\"Affaire Maurice Audin : la v&#xE9;rit&#xE9; historique de l&#x2019;assassinat doit enfin &#xEA;tre connue&#xA0;\" \/><\/div>\n<div class=\"K2FeedIntroText\">\n<p>PARIS &#8211; Un collectif d\u2019intellectuels, d\u2019historiens, de journalistes, d\u2019anciens appel\u00e9s de contingent et de membres du mouvement associatif ont affirm\u00e9 samedi que la v\u00e9rit\u00e9 historique relative \u00e0 l\u2019assassinat de Maurice Audin doit enfin \u00eatre connue, refusant de croire \u00e0 la th\u00e8se officielle de l\u2019\u00e9vasion.<\/p>\n<p>&#013;\n<\/p><\/div>\n<div class=\"K2FeedFullText\">&#013;<\/p>\n<p>\u00ab\u00a0Nous pensons qu\u2019\u00e0 l\u2019occasion de ce triste soixanti\u00e8me anniversaire, la v\u00e9rit\u00e9 historique relative \u00e0 cet assassinat doit enfin \u00eatre connue. Le 5 mai, devant la r\u00e9daction de Mediapart, vous avez d\u00e9clar\u00e9 : +De fait, je prendrai des actes forts sur cette p\u00e9riode de notre histoire + \u00ab\u00a0, ont pr\u00e9cis\u00e9 les signataires, dans une lettre ouverte au nouveau pr\u00e9sident fran\u00e7ais, Emmanuel Macron, dont l\u2019APS a obtenu une copie.\u00a0<\/p>\n<p>&#013;<\/p>\n<p>Parmi les signataires de cette lettre ouverte historiens Gilles Manceron, Benjamin Stora, Alain Ruscio et Rapha\u00eblle Branche.<\/p>\n<p>&#013;<\/p>\n<p>\u00ab\u00a0Nous pensons donc qu\u2019\u00e0 cette occasion, en recevant Josette Audin ou en vous exprimant lors des comm\u00e9morations qui auront lieu \u00e0 cette occasion, vous pourriez ainsi concr\u00e9tiser cet engagement\u00a0\u00bb, ont-ils ajout\u00e9, rappelant que Maurice Audin, math\u00e9maticien, est mort durant sa d\u00e9tention en 1957 en Alg\u00e9rie.<\/p>\n<p>&#013;<\/p>\n<p>Dans la nuit du 11 au 12 juin 1957, Maurice Audin, membre du Parti communiste alg\u00e9rien, a \u00e9t\u00e9 arr\u00eat\u00e9 \u00e0 Alger par une unit\u00e9 de parachutistes. Depuis, aucune indication n\u2019a \u00e9t\u00e9 donn\u00e9e sur sa disparition. La version officielle, \u00e0 laquelle personne n&rsquo;accorde de cr\u00e9dit, \u00e9voque son \u00ab\u00a0\u00e9vasion\u00a0\u00bb.<\/p>\n<p>&#013;<\/p>\n<p>L&rsquo;assassinat est intervenu en plein\u00a0 Bataille d\u2019Alger\u00a0 p\u00e9riode durant laquelle l\u2019arm\u00e9e coloniale, notamment la 10e division parachutiste command\u00e9e par le g\u00e9n\u00e9ral Massu, a pratiqu\u00e9 massivement la torture et les ex\u00e9cutions sommaires. On cite quelque trois mille Alg\u00e9riens disparus pendant cette p\u00e9riode.<\/p>\n<p>&#013;<\/p>\n<p>Le 18 juin 2014, le pr\u00e9sident Hollande avait indiqu\u00e9 que les documents et les t\u00e9moignages dont il disposait sont suffisamment nombreux et concordants pour infirmer la th\u00e8se de l\u2019\u00e9vasion qui avait \u00e9t\u00e9 avanc\u00e9e \u00e0 l\u2019\u00e9poque.<\/p>\n<p>&#013;<\/p>\n<p>En mars 2014, 171 personnalit\u00e9s ont sign\u00e9 un appel, publi\u00e9 par les quotidiens L\u2019Humanit\u00e9 et Mediapart, dans lequel elles ont demand\u00e9 qu\u2019il soit enfin dit la v\u00e9rit\u00e9 sur cette affaire, rappelle-t-on.\u00a0<\/p>\n<p>&#013;<\/p>\n<p>Les signataires de la lettre ouverte \u00e0 Emmanuel Macron, pr\u00e8s d\u2019une quarantaine, ont estim\u00e9 que \u00ab\u00a060 ans apr\u00e8s, il est temps que sa veuve, Josette Audin, \u00e0 qui les pouvoirs politiques fran\u00e7ais successifs ont menti tout en entravant d\u00e9lib\u00e9r\u00e9ment le travail de la Justice, connaisse enfin la v\u00e9rit\u00e9\u00a0\u00bb.<\/p>\n<p>&#013;<\/p>\n<p>Lors d\u2019une visite historique en France, en janvier 2016, le ministre des Moudjahidines, Tayeb Zitouni, a \u00e9voqu\u00e9 le cas de Maurice Audin parmi le dossier des disparus de la Guerre de lib\u00e9ration mis sur la table des n\u00e9gociations alg\u00e9ro-fran\u00e7aises sur les questions m\u00e9morielles.<\/p>\n<p>&#013;<\/p>\n<p>\u00ab\u00a0Nous avons mis le train sur rail et c\u2019est sans arri\u00e8re-pens\u00e9es, sans tabous et sans complexe que nous allons \u00e9tudier tous ces dossiers\u00a0\u00bb, avait-il affirm\u00e9, ajoutant que \u00ab\u00a0le chemin est long et p\u00e9nible qui demande de la patience, mais\u00a0 les solutions existent et la volont\u00e9 \u00e9galement\u00a0\u00bb.<\/p>\n<\/div>\n<p>&#013;<br \/>\nSource: <a href=\"http:\/\/www.aps.dz\/algerie\/58296-affaire-maurice-audin-la-verite-historique-de-l-assassinat-doit-enfin-etre-connue\" target=\"_blank\">Affaire Maurice Audin : la v\u00e9rit\u00e9 historique de l\u2019assassinat doit enfin \u00eatre connue\u00a0<\/a><\/p>\n<!--CusAds0-->\n<div style=\"font-size: 0px; height: 0px; line-height: 0px; margin: 0; padding: 0; clear: both;\"><\/div>","protected":false},"excerpt":{"rendered":"<p>PARIS &#8211; Un collectif d\u2019intellectuels, d\u2019historiens, de journalistes, d\u2019anciens appel\u00e9s de contingent et de membres du mouvement associatif ont affirm\u00e9 samedi que la v\u00e9rit\u00e9 historique relative \u00e0 l\u2019assassinat de Maurice Audin doit enfin \u00eatre connue, refusant de croire \u00e0 la th\u00e8se officielle de l\u2019\u00e9vasion. &#013; &#013; \u00ab\u00a0Nous pensons qu\u2019\u00e0 l\u2019occasion de ce triste soixanti\u00e8me anniversaire,<\/p>\n","protected":false},"author":6,"featured_media":12640,"comment_status":"open","ping_status":"open","sticky":false,"template":"","format":"standard","meta":{"footnotes":""},"categories":[22],"tags":[93],"class_list":["post-12639","post","type-post","status-publish","format-standard","has-post-thumbnail","hentry","category-infos","tag-onu"],"yoast_head":"<!-- This site is optimized with the Yoast SEO plugin v27.5 - https:\/\/yoast.com\/product\/yoast-seo-wordpress\/ -->\n<title>Affaire Maurice Audin : la v\u00e9rit\u00e9 historique de l\u2019assassinat doit enfin \u00eatre connue\u00a0 - info algerie<\/title>\n<meta name=\"robots\" content=\"index, follow, max-snippet:-1, max-image-preview:large, max-video-preview:-1\" \/>\n<link rel=\"canonical\" href=\"https:\/\/www.info-algerie.com\/actualites\/affaire-maurice-audin-la-verite-historique-de-lassassinat-doit-enfin-etre-connue\/\" \/>\n<meta property=\"og:locale\" content=\"fr_FR\" \/>\n<meta property=\"og:type\" content=\"article\" \/>\n<meta property=\"og:title\" content=\"Affaire Maurice Audin : la v\u00e9rit\u00e9 historique de l\u2019assassinat doit enfin \u00eatre connue\u00a0 - info algerie\" \/>\n<meta property=\"og:description\" content=\"PARIS &#8211; Un collectif d\u2019intellectuels, d\u2019historiens, de journalistes, d\u2019anciens appel\u00e9s de contingent et de membres du mouvement associatif ont affirm\u00e9 samedi que la v\u00e9rit\u00e9 historique relative \u00e0 l\u2019assassinat de Maurice Audin doit enfin \u00eatre connue, refusant de croire \u00e0 la th\u00e8se officielle de l\u2019\u00e9vasion. &#013; &#013; \u00ab\u00a0Nous pensons qu\u2019\u00e0 l\u2019occasion de ce triste soixanti\u00e8me anniversaire,\" \/>\n<meta property=\"og:url\" content=\"https:\/\/www.info-algerie.com\/actualites\/affaire-maurice-audin-la-verite-historique-de-lassassinat-doit-enfin-etre-connue\/\" \/>\n<meta property=\"og:site_name\" content=\"info algerie\" \/>\n<meta property=\"article:publisher\" content=\"https:\/\/www.facebook.com\/infoalgerieactu\" \/>\n<meta property=\"article:published_time\" content=\"2017-05-28T10:40:09+00:00\" \/>\n<meta property=\"og:image\" content=\"https:\/\/www.info-algerie.com\/actualites\/wp-content\/uploads\/2017\/05\/2ce9820037972c8dd367ed1c54440f6d_S-1.jpg\" \/>\n\t<meta property=\"og:image:width\" content=\"280\" \/>\n\t<meta property=\"og:image:height\" content=\"169\" \/>\n\t<meta property=\"og:image:type\" content=\"image\/jpeg\" \/>\n<meta name=\"author\" content=\"La r\u00e9daction\" \/>\n<meta name=\"twitter:label1\" content=\"\u00c9crit par\" \/>\n\t<meta name=\"twitter:data1\" content=\"La r\u00e9daction\" \/>\n\t<meta name=\"twitter:label2\" content=\"Dur\u00e9e de lecture estim\u00e9e\" \/>\n\t<meta name=\"twitter:data2\" content=\"3 minutes\" \/>\n<script type=\"application\/ld+json\" class=\"yoast-schema-graph\">{\"@context\":\"https:\\\/\\\/schema.org\",\"@graph\":[{\"@type\":\"Article\",\"@id\":\"https:\\\/\\\/www.info-algerie.com\\\/actualites\\\/affaire-maurice-audin-la-verite-historique-de-lassassinat-doit-enfin-etre-connue\\\/#article\",\"isPartOf\":{\"@id\":\"https:\\\/\\\/www.info-algerie.com\\\/actualites\\\/affaire-maurice-audin-la-verite-historique-de-lassassinat-doit-enfin-etre-connue\\\/\"},\"author\":{\"name\":\"La r\u00e9daction\",\"@id\":\"https:\\\/\\\/www.info-algerie.com\\\/actualites\\\/#\\\/schema\\\/person\\\/847aaec44920825b843a08f30ec6aa1e\"},\"headline\":\"Affaire Maurice Audin : la v\u00e9rit\u00e9 historique de l\u2019assassinat doit enfin \u00eatre connue\u00a0\",\"datePublished\":\"2017-05-28T10:40:09+00:00\",\"mainEntityOfPage\":{\"@id\":\"https:\\\/\\\/www.info-algerie.com\\\/actualites\\\/affaire-maurice-audin-la-verite-historique-de-lassassinat-doit-enfin-etre-connue\\\/\"},\"wordCount\":539,\"commentCount\":0,\"publisher\":{\"@id\":\"https:\\\/\\\/www.info-algerie.com\\\/actualites\\\/#organization\"},\"image\":{\"@id\":\"https:\\\/\\\/www.info-algerie.com\\\/actualites\\\/affaire-maurice-audin-la-verite-historique-de-lassassinat-doit-enfin-etre-connue\\\/#primaryimage\"},\"thumbnailUrl\":\"https:\\\/\\\/www.info-algerie.com\\\/actualites\\\/wp-content\\\/uploads\\\/2017\\\/05\\\/2ce9820037972c8dd367ed1c54440f6d_S-1.jpg\",\"keywords\":[\"ONU\"],\"articleSection\":[\"infos\"],\"inLanguage\":\"fr-FR\",\"potentialAction\":[{\"@type\":\"CommentAction\",\"name\":\"Comment\",\"target\":[\"https:\\\/\\\/www.info-algerie.com\\\/actualites\\\/affaire-maurice-audin-la-verite-historique-de-lassassinat-doit-enfin-etre-connue\\\/#respond\"]}]},{\"@type\":\"WebPage\",\"@id\":\"https:\\\/\\\/www.info-algerie.com\\\/actualites\\\/affaire-maurice-audin-la-verite-historique-de-lassassinat-doit-enfin-etre-connue\\\/\",\"url\":\"https:\\\/\\\/www.info-algerie.com\\\/actualites\\\/affaire-maurice-audin-la-verite-historique-de-lassassinat-doit-enfin-etre-connue\\\/\",\"name\":\"Affaire Maurice Audin : la v\u00e9rit\u00e9 historique de l\u2019assassinat doit enfin \u00eatre connue\u00a0 - info algerie\",\"isPartOf\":{\"@id\":\"https:\\\/\\\/www.info-algerie.com\\\/actualites\\\/#website\"},\"primaryImageOfPage\":{\"@id\":\"https:\\\/\\\/www.info-algerie.com\\\/actualites\\\/affaire-maurice-audin-la-verite-historique-de-lassassinat-doit-enfin-etre-connue\\\/#primaryimage\"},\"image\":{\"@id\":\"https:\\\/\\\/www.info-algerie.com\\\/actualites\\\/affaire-maurice-audin-la-verite-historique-de-lassassinat-doit-enfin-etre-connue\\\/#primaryimage\"},\"thumbnailUrl\":\"https:\\\/\\\/www.info-algerie.com\\\/actualites\\\/wp-content\\\/uploads\\\/2017\\\/05\\\/2ce9820037972c8dd367ed1c54440f6d_S-1.jpg\",\"datePublished\":\"2017-05-28T10:40:09+00:00\",\"breadcrumb\":{\"@id\":\"https:\\\/\\\/www.info-algerie.com\\\/actualites\\\/affaire-maurice-audin-la-verite-historique-de-lassassinat-doit-enfin-etre-connue\\\/#breadcrumb\"},\"inLanguage\":\"fr-FR\",\"potentialAction\":[{\"@type\":\"ReadAction\",\"target\":[\"https:\\\/\\\/www.info-algerie.com\\\/actualites\\\/affaire-maurice-audin-la-verite-historique-de-lassassinat-doit-enfin-etre-connue\\\/\"]}]},{\"@type\":\"ImageObject\",\"inLanguage\":\"fr-FR\",\"@id\":\"https:\\\/\\\/www.info-algerie.com\\\/actualites\\\/affaire-maurice-audin-la-verite-historique-de-lassassinat-doit-enfin-etre-connue\\\/#primaryimage\",\"url\":\"https:\\\/\\\/www.info-algerie.com\\\/actualites\\\/wp-content\\\/uploads\\\/2017\\\/05\\\/2ce9820037972c8dd367ed1c54440f6d_S-1.jpg\",\"contentUrl\":\"https:\\\/\\\/www.info-algerie.com\\\/actualites\\\/wp-content\\\/uploads\\\/2017\\\/05\\\/2ce9820037972c8dd367ed1c54440f6d_S-1.jpg\",\"width\":280,\"height\":169},{\"@type\":\"BreadcrumbList\",\"@id\":\"https:\\\/\\\/www.info-algerie.com\\\/actualites\\\/affaire-maurice-audin-la-verite-historique-de-lassassinat-doit-enfin-etre-connue\\\/#breadcrumb\",\"itemListElement\":[{\"@type\":\"ListItem\",\"position\":1,\"name\":\"Accueil\",\"item\":\"https:\\\/\\\/www.info-algerie.com\\\/actualites\\\/\"},{\"@type\":\"ListItem\",\"position\":2,\"name\":\"Affaire Maurice Audin : la v\u00e9rit\u00e9 historique de l\u2019assassinat doit enfin \u00eatre connue\u00a0\"}]},{\"@type\":\"WebSite\",\"@id\":\"https:\\\/\\\/www.info-algerie.com\\\/actualites\\\/#website\",\"url\":\"https:\\\/\\\/www.info-algerie.com\\\/actualites\\\/\",\"name\":\"info algerie\",\"description\":\"Toutes les actualit\u00e9s\",\"publisher\":{\"@id\":\"https:\\\/\\\/www.info-algerie.com\\\/actualites\\\/#organization\"},\"potentialAction\":[{\"@type\":\"SearchAction\",\"target\":{\"@type\":\"EntryPoint\",\"urlTemplate\":\"https:\\\/\\\/www.info-algerie.com\\\/actualites\\\/?s={search_term_string}\"},\"query-input\":{\"@type\":\"PropertyValueSpecification\",\"valueRequired\":true,\"valueName\":\"search_term_string\"}}],\"inLanguage\":\"fr-FR\"},{\"@type\":\"Organization\",\"@id\":\"https:\\\/\\\/www.info-algerie.com\\\/actualites\\\/#organization\",\"name\":\"info algerie\",\"url\":\"https:\\\/\\\/www.info-algerie.com\\\/actualites\\\/\",\"logo\":{\"@type\":\"ImageObject\",\"inLanguage\":\"fr-FR\",\"@id\":\"https:\\\/\\\/www.info-algerie.com\\\/actualites\\\/#\\\/schema\\\/logo\\\/image\\\/\",\"url\":\"https:\\\/\\\/www.info-algerie.com\\\/actualites\\\/wp-content\\\/uploads\\\/2022\\\/07\\\/logo-ia-120.png\",\"contentUrl\":\"https:\\\/\\\/www.info-algerie.com\\\/actualites\\\/wp-content\\\/uploads\\\/2022\\\/07\\\/logo-ia-120.png\",\"width\":120,\"height\":43,\"caption\":\"info algerie\"},\"image\":{\"@id\":\"https:\\\/\\\/www.info-algerie.com\\\/actualites\\\/#\\\/schema\\\/logo\\\/image\\\/\"},\"sameAs\":[\"https:\\\/\\\/www.facebook.com\\\/infoalgerieactu\",\"https:\\\/\\\/x.com\\\/infoalgerie1\"]},{\"@type\":\"Person\",\"@id\":\"https:\\\/\\\/www.info-algerie.com\\\/actualites\\\/#\\\/schema\\\/person\\\/847aaec44920825b843a08f30ec6aa1e\",\"name\":\"La r\u00e9daction\",\"image\":{\"@type\":\"ImageObject\",\"inLanguage\":\"fr-FR\",\"@id\":\"https:\\\/\\\/secure.gravatar.com\\\/avatar\\\/769db425c6f465158149f1ffd6cf61ce7a8a879d11dfbef8288af36dfddd418c?s=96&d=mm&r=g\",\"url\":\"https:\\\/\\\/secure.gravatar.com\\\/avatar\\\/769db425c6f465158149f1ffd6cf61ce7a8a879d11dfbef8288af36dfddd418c?s=96&d=mm&r=g\",\"contentUrl\":\"https:\\\/\\\/secure.gravatar.com\\\/avatar\\\/769db425c6f465158149f1ffd6cf61ce7a8a879d11dfbef8288af36dfddd418c?s=96&d=mm&r=g\",\"caption\":\"La r\u00e9daction\"},\"sameAs\":[\"http:\\\/\\\/www.lkeria.com\\\/\"],\"url\":\"https:\\\/\\\/www.info-algerie.com\\\/actualites\\\/author\\\/chakib32\\\/\"}]}<\/script>\n<!-- \/ Yoast SEO plugin. -->","yoast_head_json":{"title":"Affaire Maurice Audin : la v\u00e9rit\u00e9 historique de l\u2019assassinat doit enfin \u00eatre connue\u00a0 - info algerie","robots":{"index":"index","follow":"follow","max-snippet":"max-snippet:-1","max-image-preview":"max-image-preview:large","max-video-preview":"max-video-preview:-1"},"canonical":"https:\/\/www.info-algerie.com\/actualites\/affaire-maurice-audin-la-verite-historique-de-lassassinat-doit-enfin-etre-connue\/","og_locale":"fr_FR","og_type":"article","og_title":"Affaire Maurice Audin : la v\u00e9rit\u00e9 historique de l\u2019assassinat doit enfin \u00eatre connue\u00a0 - info algerie","og_description":"PARIS &#8211; Un collectif d\u2019intellectuels, d\u2019historiens, de journalistes, d\u2019anciens appel\u00e9s de contingent et de membres du mouvement associatif ont affirm\u00e9 samedi que la v\u00e9rit\u00e9 historique relative \u00e0 l\u2019assassinat de Maurice Audin doit enfin \u00eatre connue, refusant de croire \u00e0 la th\u00e8se officielle de l\u2019\u00e9vasion. &#013; &#013; \u00ab\u00a0Nous pensons qu\u2019\u00e0 l\u2019occasion de ce triste soixanti\u00e8me anniversaire,","og_url":"https:\/\/www.info-algerie.com\/actualites\/affaire-maurice-audin-la-verite-historique-de-lassassinat-doit-enfin-etre-connue\/","og_site_name":"info algerie","article_publisher":"https:\/\/www.facebook.com\/infoalgerieactu","article_published_time":"2017-05-28T10:40:09+00:00","og_image":[{"width":280,"height":169,"url":"https:\/\/www.info-algerie.com\/actualites\/wp-content\/uploads\/2017\/05\/2ce9820037972c8dd367ed1c54440f6d_S-1.jpg","type":"image\/jpeg"}],"author":"La r\u00e9daction","twitter_misc":{"\u00c9crit par":"La r\u00e9daction","Dur\u00e9e de lecture estim\u00e9e":"3 minutes"},"schema":{"@context":"https:\/\/schema.org","@graph":[{"@type":"Article","@id":"https:\/\/www.info-algerie.com\/actualites\/affaire-maurice-audin-la-verite-historique-de-lassassinat-doit-enfin-etre-connue\/#article","isPartOf":{"@id":"https:\/\/www.info-algerie.com\/actualites\/affaire-maurice-audin-la-verite-historique-de-lassassinat-doit-enfin-etre-connue\/"},"author":{"name":"La r\u00e9daction","@id":"https:\/\/www.info-algerie.com\/actualites\/#\/schema\/person\/847aaec44920825b843a08f30ec6aa1e"},"headline":"Affaire Maurice Audin : la v\u00e9rit\u00e9 historique de l\u2019assassinat doit enfin \u00eatre connue\u00a0","datePublished":"2017-05-28T10:40:09+00:00","mainEntityOfPage":{"@id":"https:\/\/www.info-algerie.com\/actualites\/affaire-maurice-audin-la-verite-historique-de-lassassinat-doit-enfin-etre-connue\/"},"wordCount":539,"commentCount":0,"publisher":{"@id":"https:\/\/www.info-algerie.com\/actualites\/#organization"},"image":{"@id":"https:\/\/www.info-algerie.com\/actualites\/affaire-maurice-audin-la-verite-historique-de-lassassinat-doit-enfin-etre-connue\/#primaryimage"},"thumbnailUrl":"https:\/\/www.info-algerie.com\/actualites\/wp-content\/uploads\/2017\/05\/2ce9820037972c8dd367ed1c54440f6d_S-1.jpg","keywords":["ONU"],"articleSection":["infos"],"inLanguage":"fr-FR","potentialAction":[{"@type":"CommentAction","name":"Comment","target":["https:\/\/www.info-algerie.com\/actualites\/affaire-maurice-audin-la-verite-historique-de-lassassinat-doit-enfin-etre-connue\/#respond"]}]},{"@type":"WebPage","@id":"https:\/\/www.info-algerie.com\/actualites\/affaire-maurice-audin-la-verite-historique-de-lassassinat-doit-enfin-etre-connue\/","url":"https:\/\/www.info-algerie.com\/actualites\/affaire-maurice-audin-la-verite-historique-de-lassassinat-doit-enfin-etre-connue\/","name":"Affaire Maurice Audin : la v\u00e9rit\u00e9 historique de l\u2019assassinat doit enfin \u00eatre connue\u00a0 - info algerie","isPartOf":{"@id":"https:\/\/www.info-algerie.com\/actualites\/#website"},"primaryImageOfPage":{"@id":"https:\/\/www.info-algerie.com\/actualites\/affaire-maurice-audin-la-verite-historique-de-lassassinat-doit-enfin-etre-connue\/#primaryimage"},"image":{"@id":"https:\/\/www.info-algerie.com\/actualites\/affaire-maurice-audin-la-verite-historique-de-lassassinat-doit-enfin-etre-connue\/#primaryimage"},"thumbnailUrl":"https:\/\/www.info-algerie.com\/actualites\/wp-content\/uploads\/2017\/05\/2ce9820037972c8dd367ed1c54440f6d_S-1.jpg","datePublished":"2017-05-28T10:40:09+00:00","breadcrumb":{"@id":"https:\/\/www.info-algerie.com\/actualites\/affaire-maurice-audin-la-verite-historique-de-lassassinat-doit-enfin-etre-connue\/#breadcrumb"},"inLanguage":"fr-FR","potentialAction":[{"@type":"ReadAction","target":["https:\/\/www.info-algerie.com\/actualites\/affaire-maurice-audin-la-verite-historique-de-lassassinat-doit-enfin-etre-connue\/"]}]},{"@type":"ImageObject","inLanguage":"fr-FR","@id":"https:\/\/www.info-algerie.com\/actualites\/affaire-maurice-audin-la-verite-historique-de-lassassinat-doit-enfin-etre-connue\/#primaryimage","url":"https:\/\/www.info-algerie.com\/actualites\/wp-content\/uploads\/2017\/05\/2ce9820037972c8dd367ed1c54440f6d_S-1.jpg","contentUrl":"https:\/\/www.info-algerie.com\/actualites\/wp-content\/uploads\/2017\/05\/2ce9820037972c8dd367ed1c54440f6d_S-1.jpg","width":280,"height":169},{"@type":"BreadcrumbList","@id":"https:\/\/www.info-algerie.com\/actualites\/affaire-maurice-audin-la-verite-historique-de-lassassinat-doit-enfin-etre-connue\/#breadcrumb","itemListElement":[{"@type":"ListItem","position":1,"name":"Accueil","item":"https:\/\/www.info-algerie.com\/actualites\/"},{"@type":"ListItem","position":2,"name":"Affaire Maurice Audin : la v\u00e9rit\u00e9 historique de l\u2019assassinat doit enfin \u00eatre connue\u00a0"}]},{"@type":"WebSite","@id":"https:\/\/www.info-algerie.com\/actualites\/#website","url":"https:\/\/www.info-algerie.com\/actualites\/","name":"info algerie","description":"Toutes les actualit\u00e9s","publisher":{"@id":"https:\/\/www.info-algerie.com\/actualites\/#organization"},"potentialAction":[{"@type":"SearchAction","target":{"@type":"EntryPoint","urlTemplate":"https:\/\/www.info-algerie.com\/actualites\/?s={search_term_string}"},"query-input":{"@type":"PropertyValueSpecification","valueRequired":true,"valueName":"search_term_string"}}],"inLanguage":"fr-FR"},{"@type":"Organization","@id":"https:\/\/www.info-algerie.com\/actualites\/#organization","name":"info algerie","url":"https:\/\/www.info-algerie.com\/actualites\/","logo":{"@type":"ImageObject","inLanguage":"fr-FR","@id":"https:\/\/www.info-algerie.com\/actualites\/#\/schema\/logo\/image\/","url":"https:\/\/www.info-algerie.com\/actualites\/wp-content\/uploads\/2022\/07\/logo-ia-120.png","contentUrl":"https:\/\/www.info-algerie.com\/actualites\/wp-content\/uploads\/2022\/07\/logo-ia-120.png","width":120,"height":43,"caption":"info algerie"},"image":{"@id":"https:\/\/www.info-algerie.com\/actualites\/#\/schema\/logo\/image\/"},"sameAs":["https:\/\/www.facebook.com\/infoalgerieactu","https:\/\/x.com\/infoalgerie1"]},{"@type":"Person","@id":"https:\/\/www.info-algerie.com\/actualites\/#\/schema\/person\/847aaec44920825b843a08f30ec6aa1e","name":"La r\u00e9daction","image":{"@type":"ImageObject","inLanguage":"fr-FR","@id":"https:\/\/secure.gravatar.com\/avatar\/769db425c6f465158149f1ffd6cf61ce7a8a879d11dfbef8288af36dfddd418c?s=96&d=mm&r=g","url":"https:\/\/secure.gravatar.com\/avatar\/769db425c6f465158149f1ffd6cf61ce7a8a879d11dfbef8288af36dfddd418c?s=96&d=mm&r=g","contentUrl":"https:\/\/secure.gravatar.com\/avatar\/769db425c6f465158149f1ffd6cf61ce7a8a879d11dfbef8288af36dfddd418c?s=96&d=mm&r=g","caption":"La r\u00e9daction"},"sameAs":["http:\/\/www.lkeria.com\/"],"url":"https:\/\/www.info-algerie.com\/actualites\/author\/chakib32\/"}]}},"_links":{"self":[{"href":"https:\/\/www.info-algerie.com\/actualites\/wp-json\/wp\/v2\/posts\/12639","targetHints":{"allow":["GET"]}}],"collection":[{"href":"https:\/\/www.info-algerie.com\/actualites\/wp-json\/wp\/v2\/posts"}],"about":[{"href":"https:\/\/www.info-algerie.com\/actualites\/wp-json\/wp\/v2\/types\/post"}],"author":[{"embeddable":true,"href":"https:\/\/www.info-algerie.com\/actualites\/wp-json\/wp\/v2\/users\/6"}],"replies":[{"embeddable":true,"href":"https:\/\/www.info-algerie.com\/actualites\/wp-json\/wp\/v2\/comments?post=12639"}],"version-history":[{"count":0,"href":"https:\/\/www.info-algerie.com\/actualites\/wp-json\/wp\/v2\/posts\/12639\/revisions"}],"wp:featuredmedia":[{"embeddable":true,"href":"https:\/\/www.info-algerie.com\/actualites\/wp-json\/wp\/v2\/media\/12640"}],"wp:attachment":[{"href":"https:\/\/www.info-algerie.com\/actualites\/wp-json\/wp\/v2\/media?parent=12639"}],"wp:term":[{"taxonomy":"category","embeddable":true,"href":"https:\/\/www.info-algerie.com\/actualites\/wp-json\/wp\/v2\/categories?post=12639"},{"taxonomy":"post_tag","embeddable":true,"href":"https:\/\/www.info-algerie.com\/actualites\/wp-json\/wp\/v2\/tags?post=12639"}],"curies":[{"name":"wp","href":"https:\/\/api.w.org\/{rel}","templated":true}]}}