{"id":12644,"date":"2017-05-28T13:21:04","date_gmt":"2017-05-28T12:21:04","guid":{"rendered":"http:\/\/www.info-algerie.com\/actualites\/attentats-a-lexplosif-de-2007-laffaire-rejugee-le-11-juillet-prochain\/"},"modified":"2017-05-28T13:21:04","modified_gmt":"2017-05-28T12:21:04","slug":"attentats-a-lexplosif-de-2007-laffaire-rejugee-le-11-juillet-prochain","status":"publish","type":"post","link":"https:\/\/www.info-algerie.com\/actualites\/attentats-a-lexplosif-de-2007-laffaire-rejugee-le-11-juillet-prochain\/","title":{"rendered":"Attentats \u00e0 l&#039;explosif de 2007: l&#039;affaire rejug\u00e9e le 11 juillet prochain"},"content":{"rendered":"<div class=\"K2FeedImage\"><img decoding=\"async\" src=\"https:\/\/www.info-algerie.com\/actualites\/wp-content\/uploads\/2017\/05\/f75bfc2557fc8630afc91af422d5aec9_S.jpg\" alt=\"Attentats &#xE0; l'explosif de 2007: l'affaire rejug&#xE9;e le 11 juillet prochain\" \/><\/div>\n<div class=\"K2FeedIntroText\">\n<p class=\"MsoNoSpacing\">ALGER- Le tribunal criminel d&rsquo;Alger r\u00e9examinera le 11\u00a0 juillet prochain l&rsquo;affaire des six (6) inculp\u00e9s dans les attentats \u00e0\u00a0 l&rsquo;explosif qui avaient cibl\u00e9, en 2007, le palais du Gouvernement et le si\u00e8ge de la S\u00fbret\u00e9 urbaine de Bab Ezzouar, a-t-on appris dimanche aupr\u00e8s de\u00a0 la cellule de communication de la Cour d&rsquo;Alger.<\/p>\n<p>&#013;\n<\/p><\/div>\n<div class=\"K2FeedFullText\">&#013;<\/p>\n<p class=\"MsoNoSpacing\">Les six inculp\u00e9s, \u00e0 savoir:\u00a0 Haddouche Salim, Ouzendja Khaled, Slimane\u00a0 Adlane, Bechar Hacene, Maarouf Khaled et Kritous Mourad vont \u00eatre rejug\u00e9s\u00a0 selon le r\u00f4le des affaires p\u00e9nales de la 1\u00e8re session ordinaire (2017)\u00a0 affich\u00e9 dimanche au niveau de la Cour d&rsquo;Alger.<\/p>\n<p>&#013;<\/p>\n<p class=\"MsoNoSpacing\">L`attentat du Palais du Gouvernement avait fait 20 morts et plus de 220\u00a0 bless\u00e9s tandis que celui de Bab Ezzouar avait fait 11 morts et plus de 100\u00a0\u00a0 bless\u00e9s. Le tribunal criminel d&rsquo;Alger avait prononc\u00e9, le 14 mars 2012, la peine\u00a0 capitale \u00e0 l&rsquo;encontre des six accus\u00e9s (comparants): Bouderbala Fateh,\u00a0 Haddouche Salim, Ouzendja Khaled, Slimane Adlane, Bechar Hacene et Maarouf\u00a0 Khaled. Une peine de 10 ans de r\u00e9clusion a \u00e9t\u00e9 prononc\u00e9e \u00e0 l&rsquo;encontre de Kritous\u00a0 Mourad.<\/p>\n<p>&#013;<\/p>\n<p class=\"MsoNoSpacing\">Boudina Norredine a \u00e9t\u00e9 quant \u00e0 lui condamn\u00e9 \u00e0 3 ans de prison ferme pour\u00a0 non d\u00e9nonciation de crime. Des peines capitales par contumace ont \u00e9galement \u00e9t\u00e9 prononc\u00e9es \u00e0\u00a0 l&rsquo;encontre de neuf autres accus\u00e9s (en \u00e9tat de fuite), parmi lesquels\u00a0 figuraient notamment Abdelmalek Droudkel.<\/p>\n<p>&#013;<\/p>\n<p class=\"MsoNoSpacing\">Selon l`arr\u00eat de renvoi, les accus\u00e9s, dont Abdelmalek Droudkel,\u00a0 appartiennent \u00e0 un groupe terroriste activant dans la r\u00e9gion de Thenia (w.\u00a0 Boumerdes) relevant d`Al Qaida au Maghreb islamique (Aqmi).<\/p>\n<p>&#013;<\/p>\n<p>\u00a0<\/p>\n<p>&#013;<\/p>\n<p class=\"MsoNoSpacing\">L`attentat contre le Palais du Gouvernement avait \u00e9t\u00e9 perp\u00e9tr\u00e9\u00a0 simultan\u00e9ment avec un autre attentat \u00e0 l`explosif contre le si\u00e8ge de la\u00a0 s\u00fbret\u00e9 urbaine de Bab Ezzouar.<\/p>\n<\/div>\n<p>&#013;<br \/>\nSource: <a href=\"http:\/\/www.aps.dz\/algerie\/58306-attentats-a-l-explosif-de-2007-l-affaire-rejugee-le-11-juillet-prochain\" target=\"_blank\">Attentats \u00e0 l&rsquo;explosif de 2007: l&rsquo;affaire rejug\u00e9e le 11 juillet prochain<\/a><\/p>\n<!--CusAds0-->\n<div style=\"font-size: 0px; height: 0px; line-height: 0px; margin: 0; padding: 0; clear: both;\"><\/div>","protected":false},"excerpt":{"rendered":"<p>ALGER- Le tribunal criminel d&rsquo;Alger r\u00e9examinera le 11\u00a0 juillet prochain l&rsquo;affaire des six (6) inculp\u00e9s dans les attentats \u00e0\u00a0 l&rsquo;explosif qui avaient cibl\u00e9, en 2007, le palais du Gouvernement et le si\u00e8ge de la S\u00fbret\u00e9 urbaine de Bab Ezzouar, a-t-on appris dimanche aupr\u00e8s de\u00a0 la cellule de communication de la Cour d&rsquo;Alger. &#013; &#013; Les<\/p>\n","protected":false},"author":6,"featured_media":12645,"comment_status":"open","ping_status":"open","sticky":false,"template":"","format":"standard","meta":{"footnotes":""},"categories":[22],"tags":[93],"class_list":["post-12644","post","type-post","status-publish","format-standard","has-post-thumbnail","hentry","category-infos","tag-onu"],"yoast_head":"<!-- This site is optimized with the Yoast SEO plugin v27.5 - https:\/\/yoast.com\/product\/yoast-seo-wordpress\/ -->\n<title>Attentats \u00e0 l&#039;explosif de 2007: l&#039;affaire rejug\u00e9e le 11 juillet prochain - info algerie<\/title>\n<meta name=\"robots\" content=\"index, follow, max-snippet:-1, max-image-preview:large, max-video-preview:-1\" \/>\n<link rel=\"canonical\" href=\"https:\/\/www.info-algerie.com\/actualites\/attentats-a-lexplosif-de-2007-laffaire-rejugee-le-11-juillet-prochain\/\" \/>\n<meta property=\"og:locale\" content=\"fr_FR\" \/>\n<meta property=\"og:type\" content=\"article\" \/>\n<meta property=\"og:title\" content=\"Attentats \u00e0 l&#039;explosif de 2007: l&#039;affaire rejug\u00e9e le 11 juillet prochain - info algerie\" \/>\n<meta property=\"og:description\" content=\"ALGER- Le tribunal criminel d&rsquo;Alger r\u00e9examinera le 11\u00a0 juillet prochain l&rsquo;affaire des six (6) inculp\u00e9s dans les attentats \u00e0\u00a0 l&rsquo;explosif qui avaient cibl\u00e9, en 2007, le palais du Gouvernement et le si\u00e8ge de la S\u00fbret\u00e9 urbaine de Bab Ezzouar, a-t-on appris dimanche aupr\u00e8s de\u00a0 la cellule de communication de la Cour d&rsquo;Alger. &#013; &#013; Les\" \/>\n<meta property=\"og:url\" content=\"https:\/\/www.info-algerie.com\/actualites\/attentats-a-lexplosif-de-2007-laffaire-rejugee-le-11-juillet-prochain\/\" \/>\n<meta property=\"og:site_name\" content=\"info algerie\" \/>\n<meta property=\"article:publisher\" content=\"https:\/\/www.facebook.com\/infoalgerieactu\" \/>\n<meta property=\"article:published_time\" content=\"2017-05-28T12:21:04+00:00\" \/>\n<meta property=\"og:image\" content=\"https:\/\/www.info-algerie.com\/actualites\/wp-content\/uploads\/2017\/05\/f75bfc2557fc8630afc91af422d5aec9_S-1.jpg\" \/>\n\t<meta property=\"og:image:width\" content=\"280\" \/>\n\t<meta property=\"og:image:height\" content=\"151\" \/>\n\t<meta property=\"og:image:type\" content=\"image\/jpeg\" \/>\n<meta name=\"author\" content=\"La r\u00e9daction\" \/>\n<meta name=\"twitter:label1\" content=\"\u00c9crit par\" \/>\n\t<meta name=\"twitter:data1\" content=\"La r\u00e9daction\" \/>\n\t<meta name=\"twitter:label2\" content=\"Dur\u00e9e de lecture estim\u00e9e\" \/>\n\t<meta name=\"twitter:data2\" content=\"1 minute\" \/>\n<script type=\"application\/ld+json\" class=\"yoast-schema-graph\">{\"@context\":\"https:\\\/\\\/schema.org\",\"@graph\":[{\"@type\":\"Article\",\"@id\":\"https:\\\/\\\/www.info-algerie.com\\\/actualites\\\/attentats-a-lexplosif-de-2007-laffaire-rejugee-le-11-juillet-prochain\\\/#article\",\"isPartOf\":{\"@id\":\"https:\\\/\\\/www.info-algerie.com\\\/actualites\\\/attentats-a-lexplosif-de-2007-laffaire-rejugee-le-11-juillet-prochain\\\/\"},\"author\":{\"name\":\"La r\u00e9daction\",\"@id\":\"https:\\\/\\\/www.info-algerie.com\\\/actualites\\\/#\\\/schema\\\/person\\\/847aaec44920825b843a08f30ec6aa1e\"},\"headline\":\"Attentats \u00e0 l&#039;explosif de 2007: l&#039;affaire rejug\u00e9e le 11 juillet prochain\",\"datePublished\":\"2017-05-28T12:21:04+00:00\",\"mainEntityOfPage\":{\"@id\":\"https:\\\/\\\/www.info-algerie.com\\\/actualites\\\/attentats-a-lexplosif-de-2007-laffaire-rejugee-le-11-juillet-prochain\\\/\"},\"wordCount\":308,\"commentCount\":0,\"publisher\":{\"@id\":\"https:\\\/\\\/www.info-algerie.com\\\/actualites\\\/#organization\"},\"image\":{\"@id\":\"https:\\\/\\\/www.info-algerie.com\\\/actualites\\\/attentats-a-lexplosif-de-2007-laffaire-rejugee-le-11-juillet-prochain\\\/#primaryimage\"},\"thumbnailUrl\":\"https:\\\/\\\/www.info-algerie.com\\\/actualites\\\/wp-content\\\/uploads\\\/2017\\\/05\\\/f75bfc2557fc8630afc91af422d5aec9_S-1.jpg\",\"keywords\":[\"ONU\"],\"articleSection\":[\"infos\"],\"inLanguage\":\"fr-FR\",\"potentialAction\":[{\"@type\":\"CommentAction\",\"name\":\"Comment\",\"target\":[\"https:\\\/\\\/www.info-algerie.com\\\/actualites\\\/attentats-a-lexplosif-de-2007-laffaire-rejugee-le-11-juillet-prochain\\\/#respond\"]}]},{\"@type\":\"WebPage\",\"@id\":\"https:\\\/\\\/www.info-algerie.com\\\/actualites\\\/attentats-a-lexplosif-de-2007-laffaire-rejugee-le-11-juillet-prochain\\\/\",\"url\":\"https:\\\/\\\/www.info-algerie.com\\\/actualites\\\/attentats-a-lexplosif-de-2007-laffaire-rejugee-le-11-juillet-prochain\\\/\",\"name\":\"Attentats \u00e0 l&#039;explosif de 2007: l&#039;affaire rejug\u00e9e le 11 juillet prochain - info algerie\",\"isPartOf\":{\"@id\":\"https:\\\/\\\/www.info-algerie.com\\\/actualites\\\/#website\"},\"primaryImageOfPage\":{\"@id\":\"https:\\\/\\\/www.info-algerie.com\\\/actualites\\\/attentats-a-lexplosif-de-2007-laffaire-rejugee-le-11-juillet-prochain\\\/#primaryimage\"},\"image\":{\"@id\":\"https:\\\/\\\/www.info-algerie.com\\\/actualites\\\/attentats-a-lexplosif-de-2007-laffaire-rejugee-le-11-juillet-prochain\\\/#primaryimage\"},\"thumbnailUrl\":\"https:\\\/\\\/www.info-algerie.com\\\/actualites\\\/wp-content\\\/uploads\\\/2017\\\/05\\\/f75bfc2557fc8630afc91af422d5aec9_S-1.jpg\",\"datePublished\":\"2017-05-28T12:21:04+00:00\",\"breadcrumb\":{\"@id\":\"https:\\\/\\\/www.info-algerie.com\\\/actualites\\\/attentats-a-lexplosif-de-2007-laffaire-rejugee-le-11-juillet-prochain\\\/#breadcrumb\"},\"inLanguage\":\"fr-FR\",\"potentialAction\":[{\"@type\":\"ReadAction\",\"target\":[\"https:\\\/\\\/www.info-algerie.com\\\/actualites\\\/attentats-a-lexplosif-de-2007-laffaire-rejugee-le-11-juillet-prochain\\\/\"]}]},{\"@type\":\"ImageObject\",\"inLanguage\":\"fr-FR\",\"@id\":\"https:\\\/\\\/www.info-algerie.com\\\/actualites\\\/attentats-a-lexplosif-de-2007-laffaire-rejugee-le-11-juillet-prochain\\\/#primaryimage\",\"url\":\"https:\\\/\\\/www.info-algerie.com\\\/actualites\\\/wp-content\\\/uploads\\\/2017\\\/05\\\/f75bfc2557fc8630afc91af422d5aec9_S-1.jpg\",\"contentUrl\":\"https:\\\/\\\/www.info-algerie.com\\\/actualites\\\/wp-content\\\/uploads\\\/2017\\\/05\\\/f75bfc2557fc8630afc91af422d5aec9_S-1.jpg\",\"width\":280,\"height\":151},{\"@type\":\"BreadcrumbList\",\"@id\":\"https:\\\/\\\/www.info-algerie.com\\\/actualites\\\/attentats-a-lexplosif-de-2007-laffaire-rejugee-le-11-juillet-prochain\\\/#breadcrumb\",\"itemListElement\":[{\"@type\":\"ListItem\",\"position\":1,\"name\":\"Accueil\",\"item\":\"https:\\\/\\\/www.info-algerie.com\\\/actualites\\\/\"},{\"@type\":\"ListItem\",\"position\":2,\"name\":\"Attentats \u00e0 l&#039;explosif de 2007: l&#039;affaire rejug\u00e9e le 11 juillet prochain\"}]},{\"@type\":\"WebSite\",\"@id\":\"https:\\\/\\\/www.info-algerie.com\\\/actualites\\\/#website\",\"url\":\"https:\\\/\\\/www.info-algerie.com\\\/actualites\\\/\",\"name\":\"info algerie\",\"description\":\"Toutes les actualit\u00e9s\",\"publisher\":{\"@id\":\"https:\\\/\\\/www.info-algerie.com\\\/actualites\\\/#organization\"},\"potentialAction\":[{\"@type\":\"SearchAction\",\"target\":{\"@type\":\"EntryPoint\",\"urlTemplate\":\"https:\\\/\\\/www.info-algerie.com\\\/actualites\\\/?s={search_term_string}\"},\"query-input\":{\"@type\":\"PropertyValueSpecification\",\"valueRequired\":true,\"valueName\":\"search_term_string\"}}],\"inLanguage\":\"fr-FR\"},{\"@type\":\"Organization\",\"@id\":\"https:\\\/\\\/www.info-algerie.com\\\/actualites\\\/#organization\",\"name\":\"info algerie\",\"url\":\"https:\\\/\\\/www.info-algerie.com\\\/actualites\\\/\",\"logo\":{\"@type\":\"ImageObject\",\"inLanguage\":\"fr-FR\",\"@id\":\"https:\\\/\\\/www.info-algerie.com\\\/actualites\\\/#\\\/schema\\\/logo\\\/image\\\/\",\"url\":\"https:\\\/\\\/www.info-algerie.com\\\/actualites\\\/wp-content\\\/uploads\\\/2022\\\/07\\\/logo-ia-120.png\",\"contentUrl\":\"https:\\\/\\\/www.info-algerie.com\\\/actualites\\\/wp-content\\\/uploads\\\/2022\\\/07\\\/logo-ia-120.png\",\"width\":120,\"height\":43,\"caption\":\"info algerie\"},\"image\":{\"@id\":\"https:\\\/\\\/www.info-algerie.com\\\/actualites\\\/#\\\/schema\\\/logo\\\/image\\\/\"},\"sameAs\":[\"https:\\\/\\\/www.facebook.com\\\/infoalgerieactu\",\"https:\\\/\\\/x.com\\\/infoalgerie1\"]},{\"@type\":\"Person\",\"@id\":\"https:\\\/\\\/www.info-algerie.com\\\/actualites\\\/#\\\/schema\\\/person\\\/847aaec44920825b843a08f30ec6aa1e\",\"name\":\"La r\u00e9daction\",\"image\":{\"@type\":\"ImageObject\",\"inLanguage\":\"fr-FR\",\"@id\":\"https:\\\/\\\/secure.gravatar.com\\\/avatar\\\/769db425c6f465158149f1ffd6cf61ce7a8a879d11dfbef8288af36dfddd418c?s=96&d=mm&r=g\",\"url\":\"https:\\\/\\\/secure.gravatar.com\\\/avatar\\\/769db425c6f465158149f1ffd6cf61ce7a8a879d11dfbef8288af36dfddd418c?s=96&d=mm&r=g\",\"contentUrl\":\"https:\\\/\\\/secure.gravatar.com\\\/avatar\\\/769db425c6f465158149f1ffd6cf61ce7a8a879d11dfbef8288af36dfddd418c?s=96&d=mm&r=g\",\"caption\":\"La r\u00e9daction\"},\"sameAs\":[\"http:\\\/\\\/www.lkeria.com\\\/\"],\"url\":\"https:\\\/\\\/www.info-algerie.com\\\/actualites\\\/author\\\/chakib32\\\/\"}]}<\/script>\n<!-- \/ Yoast SEO plugin. -->","yoast_head_json":{"title":"Attentats \u00e0 l&#039;explosif de 2007: l&#039;affaire rejug\u00e9e le 11 juillet prochain - info algerie","robots":{"index":"index","follow":"follow","max-snippet":"max-snippet:-1","max-image-preview":"max-image-preview:large","max-video-preview":"max-video-preview:-1"},"canonical":"https:\/\/www.info-algerie.com\/actualites\/attentats-a-lexplosif-de-2007-laffaire-rejugee-le-11-juillet-prochain\/","og_locale":"fr_FR","og_type":"article","og_title":"Attentats \u00e0 l&#039;explosif de 2007: l&#039;affaire rejug\u00e9e le 11 juillet prochain - info algerie","og_description":"ALGER- Le tribunal criminel d&rsquo;Alger r\u00e9examinera le 11\u00a0 juillet prochain l&rsquo;affaire des six (6) inculp\u00e9s dans les attentats \u00e0\u00a0 l&rsquo;explosif qui avaient cibl\u00e9, en 2007, le palais du Gouvernement et le si\u00e8ge de la S\u00fbret\u00e9 urbaine de Bab Ezzouar, a-t-on appris dimanche aupr\u00e8s de\u00a0 la cellule de communication de la Cour d&rsquo;Alger. &#013; &#013; Les","og_url":"https:\/\/www.info-algerie.com\/actualites\/attentats-a-lexplosif-de-2007-laffaire-rejugee-le-11-juillet-prochain\/","og_site_name":"info algerie","article_publisher":"https:\/\/www.facebook.com\/infoalgerieactu","article_published_time":"2017-05-28T12:21:04+00:00","og_image":[{"width":280,"height":151,"url":"https:\/\/www.info-algerie.com\/actualites\/wp-content\/uploads\/2017\/05\/f75bfc2557fc8630afc91af422d5aec9_S-1.jpg","type":"image\/jpeg"}],"author":"La r\u00e9daction","twitter_misc":{"\u00c9crit par":"La r\u00e9daction","Dur\u00e9e de lecture estim\u00e9e":"1 minute"},"schema":{"@context":"https:\/\/schema.org","@graph":[{"@type":"Article","@id":"https:\/\/www.info-algerie.com\/actualites\/attentats-a-lexplosif-de-2007-laffaire-rejugee-le-11-juillet-prochain\/#article","isPartOf":{"@id":"https:\/\/www.info-algerie.com\/actualites\/attentats-a-lexplosif-de-2007-laffaire-rejugee-le-11-juillet-prochain\/"},"author":{"name":"La r\u00e9daction","@id":"https:\/\/www.info-algerie.com\/actualites\/#\/schema\/person\/847aaec44920825b843a08f30ec6aa1e"},"headline":"Attentats \u00e0 l&#039;explosif de 2007: l&#039;affaire rejug\u00e9e le 11 juillet prochain","datePublished":"2017-05-28T12:21:04+00:00","mainEntityOfPage":{"@id":"https:\/\/www.info-algerie.com\/actualites\/attentats-a-lexplosif-de-2007-laffaire-rejugee-le-11-juillet-prochain\/"},"wordCount":308,"commentCount":0,"publisher":{"@id":"https:\/\/www.info-algerie.com\/actualites\/#organization"},"image":{"@id":"https:\/\/www.info-algerie.com\/actualites\/attentats-a-lexplosif-de-2007-laffaire-rejugee-le-11-juillet-prochain\/#primaryimage"},"thumbnailUrl":"https:\/\/www.info-algerie.com\/actualites\/wp-content\/uploads\/2017\/05\/f75bfc2557fc8630afc91af422d5aec9_S-1.jpg","keywords":["ONU"],"articleSection":["infos"],"inLanguage":"fr-FR","potentialAction":[{"@type":"CommentAction","name":"Comment","target":["https:\/\/www.info-algerie.com\/actualites\/attentats-a-lexplosif-de-2007-laffaire-rejugee-le-11-juillet-prochain\/#respond"]}]},{"@type":"WebPage","@id":"https:\/\/www.info-algerie.com\/actualites\/attentats-a-lexplosif-de-2007-laffaire-rejugee-le-11-juillet-prochain\/","url":"https:\/\/www.info-algerie.com\/actualites\/attentats-a-lexplosif-de-2007-laffaire-rejugee-le-11-juillet-prochain\/","name":"Attentats \u00e0 l&#039;explosif de 2007: l&#039;affaire rejug\u00e9e le 11 juillet prochain - info algerie","isPartOf":{"@id":"https:\/\/www.info-algerie.com\/actualites\/#website"},"primaryImageOfPage":{"@id":"https:\/\/www.info-algerie.com\/actualites\/attentats-a-lexplosif-de-2007-laffaire-rejugee-le-11-juillet-prochain\/#primaryimage"},"image":{"@id":"https:\/\/www.info-algerie.com\/actualites\/attentats-a-lexplosif-de-2007-laffaire-rejugee-le-11-juillet-prochain\/#primaryimage"},"thumbnailUrl":"https:\/\/www.info-algerie.com\/actualites\/wp-content\/uploads\/2017\/05\/f75bfc2557fc8630afc91af422d5aec9_S-1.jpg","datePublished":"2017-05-28T12:21:04+00:00","breadcrumb":{"@id":"https:\/\/www.info-algerie.com\/actualites\/attentats-a-lexplosif-de-2007-laffaire-rejugee-le-11-juillet-prochain\/#breadcrumb"},"inLanguage":"fr-FR","potentialAction":[{"@type":"ReadAction","target":["https:\/\/www.info-algerie.com\/actualites\/attentats-a-lexplosif-de-2007-laffaire-rejugee-le-11-juillet-prochain\/"]}]},{"@type":"ImageObject","inLanguage":"fr-FR","@id":"https:\/\/www.info-algerie.com\/actualites\/attentats-a-lexplosif-de-2007-laffaire-rejugee-le-11-juillet-prochain\/#primaryimage","url":"https:\/\/www.info-algerie.com\/actualites\/wp-content\/uploads\/2017\/05\/f75bfc2557fc8630afc91af422d5aec9_S-1.jpg","contentUrl":"https:\/\/www.info-algerie.com\/actualites\/wp-content\/uploads\/2017\/05\/f75bfc2557fc8630afc91af422d5aec9_S-1.jpg","width":280,"height":151},{"@type":"BreadcrumbList","@id":"https:\/\/www.info-algerie.com\/actualites\/attentats-a-lexplosif-de-2007-laffaire-rejugee-le-11-juillet-prochain\/#breadcrumb","itemListElement":[{"@type":"ListItem","position":1,"name":"Accueil","item":"https:\/\/www.info-algerie.com\/actualites\/"},{"@type":"ListItem","position":2,"name":"Attentats \u00e0 l&#039;explosif de 2007: l&#039;affaire rejug\u00e9e le 11 juillet prochain"}]},{"@type":"WebSite","@id":"https:\/\/www.info-algerie.com\/actualites\/#website","url":"https:\/\/www.info-algerie.com\/actualites\/","name":"info algerie","description":"Toutes les actualit\u00e9s","publisher":{"@id":"https:\/\/www.info-algerie.com\/actualites\/#organization"},"potentialAction":[{"@type":"SearchAction","target":{"@type":"EntryPoint","urlTemplate":"https:\/\/www.info-algerie.com\/actualites\/?s={search_term_string}"},"query-input":{"@type":"PropertyValueSpecification","valueRequired":true,"valueName":"search_term_string"}}],"inLanguage":"fr-FR"},{"@type":"Organization","@id":"https:\/\/www.info-algerie.com\/actualites\/#organization","name":"info algerie","url":"https:\/\/www.info-algerie.com\/actualites\/","logo":{"@type":"ImageObject","inLanguage":"fr-FR","@id":"https:\/\/www.info-algerie.com\/actualites\/#\/schema\/logo\/image\/","url":"https:\/\/www.info-algerie.com\/actualites\/wp-content\/uploads\/2022\/07\/logo-ia-120.png","contentUrl":"https:\/\/www.info-algerie.com\/actualites\/wp-content\/uploads\/2022\/07\/logo-ia-120.png","width":120,"height":43,"caption":"info algerie"},"image":{"@id":"https:\/\/www.info-algerie.com\/actualites\/#\/schema\/logo\/image\/"},"sameAs":["https:\/\/www.facebook.com\/infoalgerieactu","https:\/\/x.com\/infoalgerie1"]},{"@type":"Person","@id":"https:\/\/www.info-algerie.com\/actualites\/#\/schema\/person\/847aaec44920825b843a08f30ec6aa1e","name":"La r\u00e9daction","image":{"@type":"ImageObject","inLanguage":"fr-FR","@id":"https:\/\/secure.gravatar.com\/avatar\/769db425c6f465158149f1ffd6cf61ce7a8a879d11dfbef8288af36dfddd418c?s=96&d=mm&r=g","url":"https:\/\/secure.gravatar.com\/avatar\/769db425c6f465158149f1ffd6cf61ce7a8a879d11dfbef8288af36dfddd418c?s=96&d=mm&r=g","contentUrl":"https:\/\/secure.gravatar.com\/avatar\/769db425c6f465158149f1ffd6cf61ce7a8a879d11dfbef8288af36dfddd418c?s=96&d=mm&r=g","caption":"La r\u00e9daction"},"sameAs":["http:\/\/www.lkeria.com\/"],"url":"https:\/\/www.info-algerie.com\/actualites\/author\/chakib32\/"}]}},"_links":{"self":[{"href":"https:\/\/www.info-algerie.com\/actualites\/wp-json\/wp\/v2\/posts\/12644","targetHints":{"allow":["GET"]}}],"collection":[{"href":"https:\/\/www.info-algerie.com\/actualites\/wp-json\/wp\/v2\/posts"}],"about":[{"href":"https:\/\/www.info-algerie.com\/actualites\/wp-json\/wp\/v2\/types\/post"}],"author":[{"embeddable":true,"href":"https:\/\/www.info-algerie.com\/actualites\/wp-json\/wp\/v2\/users\/6"}],"replies":[{"embeddable":true,"href":"https:\/\/www.info-algerie.com\/actualites\/wp-json\/wp\/v2\/comments?post=12644"}],"version-history":[{"count":0,"href":"https:\/\/www.info-algerie.com\/actualites\/wp-json\/wp\/v2\/posts\/12644\/revisions"}],"wp:featuredmedia":[{"embeddable":true,"href":"https:\/\/www.info-algerie.com\/actualites\/wp-json\/wp\/v2\/media\/12645"}],"wp:attachment":[{"href":"https:\/\/www.info-algerie.com\/actualites\/wp-json\/wp\/v2\/media?parent=12644"}],"wp:term":[{"taxonomy":"category","embeddable":true,"href":"https:\/\/www.info-algerie.com\/actualites\/wp-json\/wp\/v2\/categories?post=12644"},{"taxonomy":"post_tag","embeddable":true,"href":"https:\/\/www.info-algerie.com\/actualites\/wp-json\/wp\/v2\/tags?post=12644"}],"curies":[{"name":"wp","href":"https:\/\/api.w.org\/{rel}","templated":true}]}}