{"id":12655,"date":"2017-05-28T16:16:44","date_gmt":"2017-05-28T15:16:44","guid":{"rendered":"http:\/\/www.info-algerie.com\/actualites\/designation-dun-responsable-de-la-dgsn-pour-presider-le-groupe-des-experts-dinterpol-de-lutte-contre-la-cybercriminalite\/"},"modified":"2017-05-28T16:16:44","modified_gmt":"2017-05-28T15:16:44","slug":"designation-dun-responsable-de-la-dgsn-pour-presider-le-groupe-des-experts-dinterpol-de-lutte-contre-la-cybercriminalite","status":"publish","type":"post","link":"https:\/\/www.info-algerie.com\/actualites\/designation-dun-responsable-de-la-dgsn-pour-presider-le-groupe-des-experts-dinterpol-de-lutte-contre-la-cybercriminalite\/","title":{"rendered":"D\u00e9signation d\u2019un responsable de la DGSN pour pr\u00e9sider le groupe des experts d\u2019Interpol de lutte contre la cybercriminalit\u00e9"},"content":{"rendered":"<div class=\"K2FeedImage\"><img decoding=\"async\" src=\"https:\/\/www.info-algerie.com\/actualites\/wp-content\/uploads\/2017\/05\/489388c02006e862966e431810a37c9c_S.jpg\" alt=\"D&#xE9;signation d&#x2019;un responsable de la DGSN pour pr&#xE9;sider le groupe des experts d&#x2019;Interpol de lutte contre la cybercriminalit&#xE9;\" \/><\/div>\n<div class=\"K2FeedIntroText\">\n<p class=\"MsoNoSpacing\">ALGER &#8211; Le commissaire principal de police, Sa\u00efd Bachir,\u00a0 chef de service central de la lutte contre les crimes li\u00e9s aux technologies\u00a0 d\u2019information et de communication \u00e0 la s\u00fbret\u00e9 nationale, a \u00e9t\u00e9 d\u00e9sign\u00e9 par\u00a0 le secr\u00e9tariat g\u00e9n\u00e9ral de l\u2019OIPC-Interpol pour pr\u00e9sider le groupe des\u00a0 experts d\u2019Interpol de la lutte contre la cybercriminalit\u00e9, a indiqu\u00e9\u00a0 dimanche un communiqu\u00e9 de la Direction g\u00e9n\u00e9rale de la s\u00fbret\u00e9 nationale.<\/p>\n<p>&#013;\n<\/p><\/div>\n<div class=\"K2FeedFullText\">&#013;<\/p>\n<p class=\"MsoNoSpacing\">Cette d\u00e9signation s&rsquo;est faite \u00e0 l\u2019occasion de la 10\u00e8me r\u00e9union des chefs\u00a0 d\u2019unit\u00e9s de la lutte contre la cybercriminalit\u00e9 des pays du moyen orient et\u00a0 d\u2019Afrique du nord qui s\u2019est d\u00e9roul\u00e9e derni\u00e8rement \u00e0 Lyon (France), a\u00a0 pr\u00e9cis\u00e9 la m\u00eame source.<\/p>\n<p>&#013;<\/p>\n<p>\u00a0<\/p>\n<p>&#013;<\/p>\n<p class=\"MsoNoSpacing\">\u00ab\u00a0Cette d\u00e9signation, traduit le haut degr\u00e9 de professionnalisme atteint par\u00a0 la s\u00fbret\u00e9 nationale dans tous les domaines, qui lui a valu respect et\u00a0 consid\u00e9ration \u00e0 travers le monde\u00a0\u00bb, a not\u00e9 le communiqu\u00e9 de la DGSN.\u00a0<\/p>\n<\/div>\n<p>&#013;<br \/>\nSource: <a href=\"http:\/\/www.aps.dz\/algerie\/58314-designation-d-un-responsable-de-la-dgsn-pour-presider-le-groupe-des-experts-d-interpol-de-lutte-contre-la-cybercriminalite\" target=\"_blank\">D\u00e9signation d\u2019un responsable de la DGSN pour pr\u00e9sider le groupe des experts d\u2019Interpol de lutte contre la cybercriminalit\u00e9<\/a><\/p>\n<!--CusAds0-->\n<div style=\"font-size: 0px; height: 0px; line-height: 0px; margin: 0; padding: 0; clear: both;\"><\/div>","protected":false},"excerpt":{"rendered":"<p>ALGER &#8211; Le commissaire principal de police, Sa\u00efd Bachir,\u00a0 chef de service central de la lutte contre les crimes li\u00e9s aux technologies\u00a0 d\u2019information et de communication \u00e0 la s\u00fbret\u00e9 nationale, a \u00e9t\u00e9 d\u00e9sign\u00e9 par\u00a0 le secr\u00e9tariat g\u00e9n\u00e9ral de l\u2019OIPC-Interpol pour pr\u00e9sider le groupe des\u00a0 experts d\u2019Interpol de la lutte contre la cybercriminalit\u00e9, a indiqu\u00e9\u00a0 dimanche<\/p>\n","protected":false},"author":6,"featured_media":12656,"comment_status":"open","ping_status":"open","sticky":false,"template":"","format":"standard","meta":{"footnotes":""},"categories":[22],"tags":[93],"class_list":["post-12655","post","type-post","status-publish","format-standard","has-post-thumbnail","hentry","category-infos","tag-onu"],"yoast_head":"<!-- This site is optimized with the Yoast SEO plugin v27.5 - https:\/\/yoast.com\/product\/yoast-seo-wordpress\/ -->\n<title>D\u00e9signation d\u2019un responsable de la DGSN pour pr\u00e9sider le groupe des experts d\u2019Interpol de lutte contre la cybercriminalit\u00e9 - info algerie<\/title>\n<meta name=\"robots\" content=\"index, follow, max-snippet:-1, max-image-preview:large, max-video-preview:-1\" \/>\n<link rel=\"canonical\" href=\"https:\/\/www.info-algerie.com\/actualites\/designation-dun-responsable-de-la-dgsn-pour-presider-le-groupe-des-experts-dinterpol-de-lutte-contre-la-cybercriminalite\/\" \/>\n<meta property=\"og:locale\" content=\"fr_FR\" \/>\n<meta property=\"og:type\" content=\"article\" \/>\n<meta property=\"og:title\" content=\"D\u00e9signation d\u2019un responsable de la DGSN pour pr\u00e9sider le groupe des experts d\u2019Interpol de lutte contre la cybercriminalit\u00e9 - info algerie\" \/>\n<meta property=\"og:description\" content=\"ALGER &#8211; Le commissaire principal de police, Sa\u00efd Bachir,\u00a0 chef de service central de la lutte contre les crimes li\u00e9s aux technologies\u00a0 d\u2019information et de communication \u00e0 la s\u00fbret\u00e9 nationale, a \u00e9t\u00e9 d\u00e9sign\u00e9 par\u00a0 le secr\u00e9tariat g\u00e9n\u00e9ral de l\u2019OIPC-Interpol pour pr\u00e9sider le groupe des\u00a0 experts d\u2019Interpol de la lutte contre la cybercriminalit\u00e9, a indiqu\u00e9\u00a0 dimanche\" \/>\n<meta property=\"og:url\" content=\"https:\/\/www.info-algerie.com\/actualites\/designation-dun-responsable-de-la-dgsn-pour-presider-le-groupe-des-experts-dinterpol-de-lutte-contre-la-cybercriminalite\/\" \/>\n<meta property=\"og:site_name\" content=\"info algerie\" \/>\n<meta property=\"article:publisher\" content=\"https:\/\/www.facebook.com\/infoalgerieactu\" \/>\n<meta property=\"article:published_time\" content=\"2017-05-28T15:16:44+00:00\" \/>\n<meta property=\"og:image\" content=\"https:\/\/www.info-algerie.com\/actualites\/wp-content\/uploads\/2017\/05\/489388c02006e862966e431810a37c9c_S-1.jpg\" \/>\n\t<meta property=\"og:image:width\" content=\"280\" \/>\n\t<meta property=\"og:image:height\" content=\"172\" \/>\n\t<meta property=\"og:image:type\" content=\"image\/jpeg\" \/>\n<meta name=\"author\" content=\"La r\u00e9daction\" \/>\n<meta name=\"twitter:label1\" content=\"\u00c9crit par\" \/>\n\t<meta name=\"twitter:data1\" content=\"La r\u00e9daction\" \/>\n\t<meta name=\"twitter:label2\" content=\"Dur\u00e9e de lecture estim\u00e9e\" \/>\n\t<meta name=\"twitter:data2\" content=\"1 minute\" \/>\n<script type=\"application\/ld+json\" class=\"yoast-schema-graph\">{\"@context\":\"https:\\\/\\\/schema.org\",\"@graph\":[{\"@type\":\"Article\",\"@id\":\"https:\\\/\\\/www.info-algerie.com\\\/actualites\\\/designation-dun-responsable-de-la-dgsn-pour-presider-le-groupe-des-experts-dinterpol-de-lutte-contre-la-cybercriminalite\\\/#article\",\"isPartOf\":{\"@id\":\"https:\\\/\\\/www.info-algerie.com\\\/actualites\\\/designation-dun-responsable-de-la-dgsn-pour-presider-le-groupe-des-experts-dinterpol-de-lutte-contre-la-cybercriminalite\\\/\"},\"author\":{\"name\":\"La r\u00e9daction\",\"@id\":\"https:\\\/\\\/www.info-algerie.com\\\/actualites\\\/#\\\/schema\\\/person\\\/847aaec44920825b843a08f30ec6aa1e\"},\"headline\":\"D\u00e9signation d\u2019un responsable de la DGSN pour pr\u00e9sider le groupe des experts d\u2019Interpol de lutte contre la cybercriminalit\u00e9\",\"datePublished\":\"2017-05-28T15:16:44+00:00\",\"mainEntityOfPage\":{\"@id\":\"https:\\\/\\\/www.info-algerie.com\\\/actualites\\\/designation-dun-responsable-de-la-dgsn-pour-presider-le-groupe-des-experts-dinterpol-de-lutte-contre-la-cybercriminalite\\\/\"},\"wordCount\":211,\"commentCount\":0,\"publisher\":{\"@id\":\"https:\\\/\\\/www.info-algerie.com\\\/actualites\\\/#organization\"},\"image\":{\"@id\":\"https:\\\/\\\/www.info-algerie.com\\\/actualites\\\/designation-dun-responsable-de-la-dgsn-pour-presider-le-groupe-des-experts-dinterpol-de-lutte-contre-la-cybercriminalite\\\/#primaryimage\"},\"thumbnailUrl\":\"https:\\\/\\\/www.info-algerie.com\\\/actualites\\\/wp-content\\\/uploads\\\/2017\\\/05\\\/489388c02006e862966e431810a37c9c_S-1.jpg\",\"keywords\":[\"ONU\"],\"articleSection\":[\"infos\"],\"inLanguage\":\"fr-FR\",\"potentialAction\":[{\"@type\":\"CommentAction\",\"name\":\"Comment\",\"target\":[\"https:\\\/\\\/www.info-algerie.com\\\/actualites\\\/designation-dun-responsable-de-la-dgsn-pour-presider-le-groupe-des-experts-dinterpol-de-lutte-contre-la-cybercriminalite\\\/#respond\"]}]},{\"@type\":\"WebPage\",\"@id\":\"https:\\\/\\\/www.info-algerie.com\\\/actualites\\\/designation-dun-responsable-de-la-dgsn-pour-presider-le-groupe-des-experts-dinterpol-de-lutte-contre-la-cybercriminalite\\\/\",\"url\":\"https:\\\/\\\/www.info-algerie.com\\\/actualites\\\/designation-dun-responsable-de-la-dgsn-pour-presider-le-groupe-des-experts-dinterpol-de-lutte-contre-la-cybercriminalite\\\/\",\"name\":\"D\u00e9signation d\u2019un responsable de la DGSN pour pr\u00e9sider le groupe des experts d\u2019Interpol de lutte contre la cybercriminalit\u00e9 - info algerie\",\"isPartOf\":{\"@id\":\"https:\\\/\\\/www.info-algerie.com\\\/actualites\\\/#website\"},\"primaryImageOfPage\":{\"@id\":\"https:\\\/\\\/www.info-algerie.com\\\/actualites\\\/designation-dun-responsable-de-la-dgsn-pour-presider-le-groupe-des-experts-dinterpol-de-lutte-contre-la-cybercriminalite\\\/#primaryimage\"},\"image\":{\"@id\":\"https:\\\/\\\/www.info-algerie.com\\\/actualites\\\/designation-dun-responsable-de-la-dgsn-pour-presider-le-groupe-des-experts-dinterpol-de-lutte-contre-la-cybercriminalite\\\/#primaryimage\"},\"thumbnailUrl\":\"https:\\\/\\\/www.info-algerie.com\\\/actualites\\\/wp-content\\\/uploads\\\/2017\\\/05\\\/489388c02006e862966e431810a37c9c_S-1.jpg\",\"datePublished\":\"2017-05-28T15:16:44+00:00\",\"breadcrumb\":{\"@id\":\"https:\\\/\\\/www.info-algerie.com\\\/actualites\\\/designation-dun-responsable-de-la-dgsn-pour-presider-le-groupe-des-experts-dinterpol-de-lutte-contre-la-cybercriminalite\\\/#breadcrumb\"},\"inLanguage\":\"fr-FR\",\"potentialAction\":[{\"@type\":\"ReadAction\",\"target\":[\"https:\\\/\\\/www.info-algerie.com\\\/actualites\\\/designation-dun-responsable-de-la-dgsn-pour-presider-le-groupe-des-experts-dinterpol-de-lutte-contre-la-cybercriminalite\\\/\"]}]},{\"@type\":\"ImageObject\",\"inLanguage\":\"fr-FR\",\"@id\":\"https:\\\/\\\/www.info-algerie.com\\\/actualites\\\/designation-dun-responsable-de-la-dgsn-pour-presider-le-groupe-des-experts-dinterpol-de-lutte-contre-la-cybercriminalite\\\/#primaryimage\",\"url\":\"https:\\\/\\\/www.info-algerie.com\\\/actualites\\\/wp-content\\\/uploads\\\/2017\\\/05\\\/489388c02006e862966e431810a37c9c_S-1.jpg\",\"contentUrl\":\"https:\\\/\\\/www.info-algerie.com\\\/actualites\\\/wp-content\\\/uploads\\\/2017\\\/05\\\/489388c02006e862966e431810a37c9c_S-1.jpg\",\"width\":280,\"height\":172},{\"@type\":\"BreadcrumbList\",\"@id\":\"https:\\\/\\\/www.info-algerie.com\\\/actualites\\\/designation-dun-responsable-de-la-dgsn-pour-presider-le-groupe-des-experts-dinterpol-de-lutte-contre-la-cybercriminalite\\\/#breadcrumb\",\"itemListElement\":[{\"@type\":\"ListItem\",\"position\":1,\"name\":\"Accueil\",\"item\":\"https:\\\/\\\/www.info-algerie.com\\\/actualites\\\/\"},{\"@type\":\"ListItem\",\"position\":2,\"name\":\"D\u00e9signation d\u2019un responsable de la DGSN pour pr\u00e9sider le groupe des experts d\u2019Interpol de lutte contre la cybercriminalit\u00e9\"}]},{\"@type\":\"WebSite\",\"@id\":\"https:\\\/\\\/www.info-algerie.com\\\/actualites\\\/#website\",\"url\":\"https:\\\/\\\/www.info-algerie.com\\\/actualites\\\/\",\"name\":\"info algerie\",\"description\":\"Toutes les actualit\u00e9s\",\"publisher\":{\"@id\":\"https:\\\/\\\/www.info-algerie.com\\\/actualites\\\/#organization\"},\"potentialAction\":[{\"@type\":\"SearchAction\",\"target\":{\"@type\":\"EntryPoint\",\"urlTemplate\":\"https:\\\/\\\/www.info-algerie.com\\\/actualites\\\/?s={search_term_string}\"},\"query-input\":{\"@type\":\"PropertyValueSpecification\",\"valueRequired\":true,\"valueName\":\"search_term_string\"}}],\"inLanguage\":\"fr-FR\"},{\"@type\":\"Organization\",\"@id\":\"https:\\\/\\\/www.info-algerie.com\\\/actualites\\\/#organization\",\"name\":\"info algerie\",\"url\":\"https:\\\/\\\/www.info-algerie.com\\\/actualites\\\/\",\"logo\":{\"@type\":\"ImageObject\",\"inLanguage\":\"fr-FR\",\"@id\":\"https:\\\/\\\/www.info-algerie.com\\\/actualites\\\/#\\\/schema\\\/logo\\\/image\\\/\",\"url\":\"https:\\\/\\\/www.info-algerie.com\\\/actualites\\\/wp-content\\\/uploads\\\/2022\\\/07\\\/logo-ia-120.png\",\"contentUrl\":\"https:\\\/\\\/www.info-algerie.com\\\/actualites\\\/wp-content\\\/uploads\\\/2022\\\/07\\\/logo-ia-120.png\",\"width\":120,\"height\":43,\"caption\":\"info algerie\"},\"image\":{\"@id\":\"https:\\\/\\\/www.info-algerie.com\\\/actualites\\\/#\\\/schema\\\/logo\\\/image\\\/\"},\"sameAs\":[\"https:\\\/\\\/www.facebook.com\\\/infoalgerieactu\",\"https:\\\/\\\/x.com\\\/infoalgerie1\"]},{\"@type\":\"Person\",\"@id\":\"https:\\\/\\\/www.info-algerie.com\\\/actualites\\\/#\\\/schema\\\/person\\\/847aaec44920825b843a08f30ec6aa1e\",\"name\":\"La r\u00e9daction\",\"image\":{\"@type\":\"ImageObject\",\"inLanguage\":\"fr-FR\",\"@id\":\"https:\\\/\\\/secure.gravatar.com\\\/avatar\\\/769db425c6f465158149f1ffd6cf61ce7a8a879d11dfbef8288af36dfddd418c?s=96&d=mm&r=g\",\"url\":\"https:\\\/\\\/secure.gravatar.com\\\/avatar\\\/769db425c6f465158149f1ffd6cf61ce7a8a879d11dfbef8288af36dfddd418c?s=96&d=mm&r=g\",\"contentUrl\":\"https:\\\/\\\/secure.gravatar.com\\\/avatar\\\/769db425c6f465158149f1ffd6cf61ce7a8a879d11dfbef8288af36dfddd418c?s=96&d=mm&r=g\",\"caption\":\"La r\u00e9daction\"},\"sameAs\":[\"http:\\\/\\\/www.lkeria.com\\\/\"],\"url\":\"https:\\\/\\\/www.info-algerie.com\\\/actualites\\\/author\\\/chakib32\\\/\"}]}<\/script>\n<!-- \/ Yoast SEO plugin. -->","yoast_head_json":{"title":"D\u00e9signation d\u2019un responsable de la DGSN pour pr\u00e9sider le groupe des experts d\u2019Interpol de lutte contre la cybercriminalit\u00e9 - info algerie","robots":{"index":"index","follow":"follow","max-snippet":"max-snippet:-1","max-image-preview":"max-image-preview:large","max-video-preview":"max-video-preview:-1"},"canonical":"https:\/\/www.info-algerie.com\/actualites\/designation-dun-responsable-de-la-dgsn-pour-presider-le-groupe-des-experts-dinterpol-de-lutte-contre-la-cybercriminalite\/","og_locale":"fr_FR","og_type":"article","og_title":"D\u00e9signation d\u2019un responsable de la DGSN pour pr\u00e9sider le groupe des experts d\u2019Interpol de lutte contre la cybercriminalit\u00e9 - info algerie","og_description":"ALGER &#8211; Le commissaire principal de police, Sa\u00efd Bachir,\u00a0 chef de service central de la lutte contre les crimes li\u00e9s aux technologies\u00a0 d\u2019information et de communication \u00e0 la s\u00fbret\u00e9 nationale, a \u00e9t\u00e9 d\u00e9sign\u00e9 par\u00a0 le secr\u00e9tariat g\u00e9n\u00e9ral de l\u2019OIPC-Interpol pour pr\u00e9sider le groupe des\u00a0 experts d\u2019Interpol de la lutte contre la cybercriminalit\u00e9, a indiqu\u00e9\u00a0 dimanche","og_url":"https:\/\/www.info-algerie.com\/actualites\/designation-dun-responsable-de-la-dgsn-pour-presider-le-groupe-des-experts-dinterpol-de-lutte-contre-la-cybercriminalite\/","og_site_name":"info algerie","article_publisher":"https:\/\/www.facebook.com\/infoalgerieactu","article_published_time":"2017-05-28T15:16:44+00:00","og_image":[{"width":280,"height":172,"url":"https:\/\/www.info-algerie.com\/actualites\/wp-content\/uploads\/2017\/05\/489388c02006e862966e431810a37c9c_S-1.jpg","type":"image\/jpeg"}],"author":"La r\u00e9daction","twitter_misc":{"\u00c9crit par":"La r\u00e9daction","Dur\u00e9e de lecture estim\u00e9e":"1 minute"},"schema":{"@context":"https:\/\/schema.org","@graph":[{"@type":"Article","@id":"https:\/\/www.info-algerie.com\/actualites\/designation-dun-responsable-de-la-dgsn-pour-presider-le-groupe-des-experts-dinterpol-de-lutte-contre-la-cybercriminalite\/#article","isPartOf":{"@id":"https:\/\/www.info-algerie.com\/actualites\/designation-dun-responsable-de-la-dgsn-pour-presider-le-groupe-des-experts-dinterpol-de-lutte-contre-la-cybercriminalite\/"},"author":{"name":"La r\u00e9daction","@id":"https:\/\/www.info-algerie.com\/actualites\/#\/schema\/person\/847aaec44920825b843a08f30ec6aa1e"},"headline":"D\u00e9signation d\u2019un responsable de la DGSN pour pr\u00e9sider le groupe des experts d\u2019Interpol de lutte contre la cybercriminalit\u00e9","datePublished":"2017-05-28T15:16:44+00:00","mainEntityOfPage":{"@id":"https:\/\/www.info-algerie.com\/actualites\/designation-dun-responsable-de-la-dgsn-pour-presider-le-groupe-des-experts-dinterpol-de-lutte-contre-la-cybercriminalite\/"},"wordCount":211,"commentCount":0,"publisher":{"@id":"https:\/\/www.info-algerie.com\/actualites\/#organization"},"image":{"@id":"https:\/\/www.info-algerie.com\/actualites\/designation-dun-responsable-de-la-dgsn-pour-presider-le-groupe-des-experts-dinterpol-de-lutte-contre-la-cybercriminalite\/#primaryimage"},"thumbnailUrl":"https:\/\/www.info-algerie.com\/actualites\/wp-content\/uploads\/2017\/05\/489388c02006e862966e431810a37c9c_S-1.jpg","keywords":["ONU"],"articleSection":["infos"],"inLanguage":"fr-FR","potentialAction":[{"@type":"CommentAction","name":"Comment","target":["https:\/\/www.info-algerie.com\/actualites\/designation-dun-responsable-de-la-dgsn-pour-presider-le-groupe-des-experts-dinterpol-de-lutte-contre-la-cybercriminalite\/#respond"]}]},{"@type":"WebPage","@id":"https:\/\/www.info-algerie.com\/actualites\/designation-dun-responsable-de-la-dgsn-pour-presider-le-groupe-des-experts-dinterpol-de-lutte-contre-la-cybercriminalite\/","url":"https:\/\/www.info-algerie.com\/actualites\/designation-dun-responsable-de-la-dgsn-pour-presider-le-groupe-des-experts-dinterpol-de-lutte-contre-la-cybercriminalite\/","name":"D\u00e9signation d\u2019un responsable de la DGSN pour pr\u00e9sider le groupe des experts d\u2019Interpol de lutte contre la cybercriminalit\u00e9 - info algerie","isPartOf":{"@id":"https:\/\/www.info-algerie.com\/actualites\/#website"},"primaryImageOfPage":{"@id":"https:\/\/www.info-algerie.com\/actualites\/designation-dun-responsable-de-la-dgsn-pour-presider-le-groupe-des-experts-dinterpol-de-lutte-contre-la-cybercriminalite\/#primaryimage"},"image":{"@id":"https:\/\/www.info-algerie.com\/actualites\/designation-dun-responsable-de-la-dgsn-pour-presider-le-groupe-des-experts-dinterpol-de-lutte-contre-la-cybercriminalite\/#primaryimage"},"thumbnailUrl":"https:\/\/www.info-algerie.com\/actualites\/wp-content\/uploads\/2017\/05\/489388c02006e862966e431810a37c9c_S-1.jpg","datePublished":"2017-05-28T15:16:44+00:00","breadcrumb":{"@id":"https:\/\/www.info-algerie.com\/actualites\/designation-dun-responsable-de-la-dgsn-pour-presider-le-groupe-des-experts-dinterpol-de-lutte-contre-la-cybercriminalite\/#breadcrumb"},"inLanguage":"fr-FR","potentialAction":[{"@type":"ReadAction","target":["https:\/\/www.info-algerie.com\/actualites\/designation-dun-responsable-de-la-dgsn-pour-presider-le-groupe-des-experts-dinterpol-de-lutte-contre-la-cybercriminalite\/"]}]},{"@type":"ImageObject","inLanguage":"fr-FR","@id":"https:\/\/www.info-algerie.com\/actualites\/designation-dun-responsable-de-la-dgsn-pour-presider-le-groupe-des-experts-dinterpol-de-lutte-contre-la-cybercriminalite\/#primaryimage","url":"https:\/\/www.info-algerie.com\/actualites\/wp-content\/uploads\/2017\/05\/489388c02006e862966e431810a37c9c_S-1.jpg","contentUrl":"https:\/\/www.info-algerie.com\/actualites\/wp-content\/uploads\/2017\/05\/489388c02006e862966e431810a37c9c_S-1.jpg","width":280,"height":172},{"@type":"BreadcrumbList","@id":"https:\/\/www.info-algerie.com\/actualites\/designation-dun-responsable-de-la-dgsn-pour-presider-le-groupe-des-experts-dinterpol-de-lutte-contre-la-cybercriminalite\/#breadcrumb","itemListElement":[{"@type":"ListItem","position":1,"name":"Accueil","item":"https:\/\/www.info-algerie.com\/actualites\/"},{"@type":"ListItem","position":2,"name":"D\u00e9signation d\u2019un responsable de la DGSN pour pr\u00e9sider le groupe des experts d\u2019Interpol de lutte contre la cybercriminalit\u00e9"}]},{"@type":"WebSite","@id":"https:\/\/www.info-algerie.com\/actualites\/#website","url":"https:\/\/www.info-algerie.com\/actualites\/","name":"info algerie","description":"Toutes les actualit\u00e9s","publisher":{"@id":"https:\/\/www.info-algerie.com\/actualites\/#organization"},"potentialAction":[{"@type":"SearchAction","target":{"@type":"EntryPoint","urlTemplate":"https:\/\/www.info-algerie.com\/actualites\/?s={search_term_string}"},"query-input":{"@type":"PropertyValueSpecification","valueRequired":true,"valueName":"search_term_string"}}],"inLanguage":"fr-FR"},{"@type":"Organization","@id":"https:\/\/www.info-algerie.com\/actualites\/#organization","name":"info algerie","url":"https:\/\/www.info-algerie.com\/actualites\/","logo":{"@type":"ImageObject","inLanguage":"fr-FR","@id":"https:\/\/www.info-algerie.com\/actualites\/#\/schema\/logo\/image\/","url":"https:\/\/www.info-algerie.com\/actualites\/wp-content\/uploads\/2022\/07\/logo-ia-120.png","contentUrl":"https:\/\/www.info-algerie.com\/actualites\/wp-content\/uploads\/2022\/07\/logo-ia-120.png","width":120,"height":43,"caption":"info algerie"},"image":{"@id":"https:\/\/www.info-algerie.com\/actualites\/#\/schema\/logo\/image\/"},"sameAs":["https:\/\/www.facebook.com\/infoalgerieactu","https:\/\/x.com\/infoalgerie1"]},{"@type":"Person","@id":"https:\/\/www.info-algerie.com\/actualites\/#\/schema\/person\/847aaec44920825b843a08f30ec6aa1e","name":"La r\u00e9daction","image":{"@type":"ImageObject","inLanguage":"fr-FR","@id":"https:\/\/secure.gravatar.com\/avatar\/769db425c6f465158149f1ffd6cf61ce7a8a879d11dfbef8288af36dfddd418c?s=96&d=mm&r=g","url":"https:\/\/secure.gravatar.com\/avatar\/769db425c6f465158149f1ffd6cf61ce7a8a879d11dfbef8288af36dfddd418c?s=96&d=mm&r=g","contentUrl":"https:\/\/secure.gravatar.com\/avatar\/769db425c6f465158149f1ffd6cf61ce7a8a879d11dfbef8288af36dfddd418c?s=96&d=mm&r=g","caption":"La r\u00e9daction"},"sameAs":["http:\/\/www.lkeria.com\/"],"url":"https:\/\/www.info-algerie.com\/actualites\/author\/chakib32\/"}]}},"_links":{"self":[{"href":"https:\/\/www.info-algerie.com\/actualites\/wp-json\/wp\/v2\/posts\/12655","targetHints":{"allow":["GET"]}}],"collection":[{"href":"https:\/\/www.info-algerie.com\/actualites\/wp-json\/wp\/v2\/posts"}],"about":[{"href":"https:\/\/www.info-algerie.com\/actualites\/wp-json\/wp\/v2\/types\/post"}],"author":[{"embeddable":true,"href":"https:\/\/www.info-algerie.com\/actualites\/wp-json\/wp\/v2\/users\/6"}],"replies":[{"embeddable":true,"href":"https:\/\/www.info-algerie.com\/actualites\/wp-json\/wp\/v2\/comments?post=12655"}],"version-history":[{"count":0,"href":"https:\/\/www.info-algerie.com\/actualites\/wp-json\/wp\/v2\/posts\/12655\/revisions"}],"wp:featuredmedia":[{"embeddable":true,"href":"https:\/\/www.info-algerie.com\/actualites\/wp-json\/wp\/v2\/media\/12656"}],"wp:attachment":[{"href":"https:\/\/www.info-algerie.com\/actualites\/wp-json\/wp\/v2\/media?parent=12655"}],"wp:term":[{"taxonomy":"category","embeddable":true,"href":"https:\/\/www.info-algerie.com\/actualites\/wp-json\/wp\/v2\/categories?post=12655"},{"taxonomy":"post_tag","embeddable":true,"href":"https:\/\/www.info-algerie.com\/actualites\/wp-json\/wp\/v2\/tags?post=12655"}],"curies":[{"name":"wp","href":"https:\/\/api.w.org\/{rel}","templated":true}]}}