{"id":12661,"date":"2017-05-28T16:34:59","date_gmt":"2017-05-28T15:34:59","guid":{"rendered":"http:\/\/www.info-algerie.com\/actualites\/demantelement-dun-reseau-international-de-trafic-de-vehicules\/"},"modified":"2017-05-28T16:34:59","modified_gmt":"2017-05-28T15:34:59","slug":"demantelement-dun-reseau-international-de-trafic-de-vehicules","status":"publish","type":"post","link":"https:\/\/www.info-algerie.com\/actualites\/demantelement-dun-reseau-international-de-trafic-de-vehicules\/","title":{"rendered":"D\u00e9mant\u00e8lement d&#039;un r\u00e9seau international de trafic de v\u00e9hicules"},"content":{"rendered":"<div class=\"K2FeedImage\"><img decoding=\"async\" src=\"https:\/\/www.info-algerie.com\/actualites\/wp-content\/uploads\/2017\/05\/0e3411344ff8a40b13c4a5d657dd93ea_S.jpg\" alt=\"D&#xE9;mant&#xE8;lement d'un r&#xE9;seau international de trafic de v&#xE9;hicules\" \/><\/div>\n<div class=\"K2FeedIntroText\">\n<p class=\"MsoNoSpacing\">ALGER- Les services de la s\u00fbret\u00e9 d&rsquo;Alger ont d\u00e9mantel\u00e9\u00a0 r\u00e9cemment un r\u00e9seau international de trafic de voitures, r\u00e9cup\u00e9r\u00e9 115\u00a0 v\u00e9hicules et arr\u00eat\u00e9 112 mis en cause, a indiqu\u00e9 dimanche le chef de s\u00fbret\u00e9\u00a0 de la circonscription administrative d&rsquo;Hussein Dey.<\/p>\n<p>&#013;\n<\/p><\/div>\n<div class=\"K2FeedFullText\">&#013;<\/p>\n<p class=\"MsoNoSpacing\">Entam\u00e9e depuis pr\u00e8s d&rsquo;une ann\u00e9e dans le cadre de la lutte contre le crime\u00a0 transfrontalier, l&rsquo;enqu\u00eate a permis aux services de s\u00e9curit\u00e9 de d\u00e9manteler\u00a0 un r\u00e9seau criminel qui activait dans 21 wilayas \u00e0 travers le territoire\u00a0 national dont Alger ainsi qu&rsquo;en Europe, au Moyen Orient et en Afrique et d&rsquo;arr\u00eater 112 suspects dont 3 femmes, des \u00e9migr\u00e9s, des \u00e9trangers et des\u00a0 citoyens alg\u00e9riens, dont des fonctionnaires d&rsquo;institutions administratives,\u00a0 a indiqu\u00e9 le commissaire principal, Djamel Remal lors d&rsquo;une conf\u00e9rence de\u00a0 presse.<\/p>\n<p>&#013;<\/p>\n<p class=\"MsoNoSpacing\">Les investigations ont \u00e9t\u00e9 lanc\u00e9es sur la base d&rsquo;informations\u00a0 parvenues \u00e0 la police de la circonscription d&rsquo;Hussein Dey portant sur des\u00a0 v\u00e9hicules en circulation avec des cartes grises obtenues avec de fausses\u00a0 identit\u00e9s. Les services de s\u00e9curit\u00e9 ont d\u00e8s lors commenc\u00e9 \u00e0 surveiller ces voitures.<\/p>\n<p>&#013;<\/p>\n<p class=\"MsoNoSpacing\">Les premi\u00e8res conclusions ont montr\u00e9 que les identit\u00e9s de leurs\u00a0 propri\u00e9taires sont fictives, que les adresses mentionn\u00e9es dans les cartes\u00a0 ne sont pas celles de leurs propri\u00e9taires et que les documents d\u00e9pos\u00e9s dans\u00a0 les dossiers sont faux.<\/p>\n<p>&#013;<\/p>\n<p class=\"MsoNoSpacing\">Il s&rsquo;est av\u00e9r\u00e9 que le r\u00e9seau recourait \u00e0 des fonctionnaires\u00a0 administratifs pour le retrait de dossiers complets des personnes dont les\u00a0 identit\u00e9s devaient \u00eatre exploit\u00e9es dans le faux. La deuxi\u00e8me \u00e9tape consistait en l&rsquo;enregistrement des caract\u00e9ristiques et\u00a0 du num\u00e9ro de s\u00e9rie dans le type du v\u00e9hicule dont les documents sont l&rsquo;objet\u00a0 de la falsification \u00e0 travers un processus assez complexe en manipulant les\u00a0 num\u00e9ros de s\u00e9ries avant d&rsquo;\u00eatre ins\u00e9r\u00e9 dans la base de donn\u00e9es centrales.<\/p>\n<p>&#013;<\/p>\n<p class=\"MsoNoSpacing\">\u00a0Apr\u00e8s l&rsquo;identification du num\u00e9ro de s\u00e9rie du type, suit l&rsquo;\u00e9tape du d\u00e9p\u00f4t\u00a0 des dossiers au niveau des services de carte grise soit \u00e0 Alger ou aux\u00a0 Wilayas int\u00e9rieurs o\u00f9 elles sont d\u00e9livr\u00e9s, sachant que les fausses\u00a0\u00a0 identit\u00e9s concernaient des personnes pr\u00e9 identifi\u00e9s \u00e0 l&rsquo;avance et d&rsquo;autres\u00a0 d\u00e9c\u00e9d\u00e9s.<\/p>\n<p>&#013;<\/p>\n<p class=\"MsoNoSpacing\">Les services de s\u00fbret\u00e9 de la circonscription de Hussein Dey ont mis \u00e0 jour\u00a0 la dimension internationale de ce r\u00e9seau \u00ab\u00a0tr\u00e8s bien organis\u00e9\u00a0\u00bb. Apr\u00e8s son\u00a0 extension \u00e0 l&rsquo;int\u00e9rieur du pays \u00e0 quelque 21 Wilayas, ce r\u00e9seau s&rsquo;est\u00a0 \u00e9largi \u00e0 des pays d&rsquo;Europe, de Moyen Orient et d&rsquo;Afrique avec la complicit\u00e9\u00a0 d&rsquo;\u00e9trangers et de ressortissants immigr\u00e9s devenus membres actifs dans cet\u00a0 entreprise criminelle. Le bilan de ce r\u00e9seau concerne le trafic de 78\u00a0 v\u00e9hicules de l&rsquo;\u00e9tranger, 7 vol\u00e9s dans le territoire national et 25\u00a0 v\u00e9hicules\u00a0 gag\u00e9s d&rsquo;une agence nationale.<\/p>\n<p>&#013;<\/p>\n<p>\u00a0<\/p>\n<p>&#013;<\/p>\n<p class=\"MsoNoSpacing\">Selon la m\u00eame source, les mis en cause seront pr\u00e9sent\u00e9s aux juridictions\u00a0 comp\u00e9tentes, pour notamment les chefs d&rsquo;inculpation de \u00ab\u00a0constitution d&rsquo;une\u00a0 organisation criminelle transfrontali\u00e8re\u00a0\u00bb,\u00a0 \u00ab\u00a0contrebande, vente,\u00a0 achat et\u00a0 immatriculation en Alg\u00e9rie de moyens de transport d&rsquo;origine \u00e9tranger sans\u00a0 accomplissement des proc\u00e9dures \u00e9nonc\u00e9s par le r\u00e8glement en vigueur\u00a0\u00bb, \u00ab\u00a0faux\u00a0 et usage de faux documents administratifs\u00a0\u00bb, \u00ab\u00a0usurpation d&rsquo;identit\u00e9\u00a0\u00bb, \u00ab\u00a0abus\u00a0 de fonction\u00a0\u00bb, \u00ab\u00a0contrefa\u00e7on des sceaux et cachets officiels\u00a0\u00bb.<\/p>\n<\/div>\n<p>&#013;<br \/>\nSource: <a href=\"http:\/\/www.aps.dz\/algerie\/58315-demantelement-d-un-reseau-international-de-trafic-de-vehicules-surete-d-alger\" target=\"_blank\">D\u00e9mant\u00e8lement d&rsquo;un r\u00e9seau international de trafic de v\u00e9hicules<\/a><\/p>\n<!--CusAds0-->\n<div style=\"font-size: 0px; height: 0px; line-height: 0px; margin: 0; padding: 0; clear: both;\"><\/div>","protected":false},"excerpt":{"rendered":"<p>ALGER- Les services de la s\u00fbret\u00e9 d&rsquo;Alger ont d\u00e9mantel\u00e9\u00a0 r\u00e9cemment un r\u00e9seau international de trafic de voitures, r\u00e9cup\u00e9r\u00e9 115\u00a0 v\u00e9hicules et arr\u00eat\u00e9 112 mis en cause, a indiqu\u00e9 dimanche le chef de s\u00fbret\u00e9\u00a0 de la circonscription administrative d&rsquo;Hussein Dey. &#013; &#013; Entam\u00e9e depuis pr\u00e8s d&rsquo;une ann\u00e9e dans le cadre de la lutte contre le crime\u00a0<\/p>\n","protected":false},"author":6,"featured_media":12662,"comment_status":"open","ping_status":"open","sticky":false,"template":"","format":"standard","meta":{"footnotes":""},"categories":[22],"tags":[93],"class_list":["post-12661","post","type-post","status-publish","format-standard","has-post-thumbnail","hentry","category-infos","tag-onu"],"yoast_head":"<!-- This site is optimized with the Yoast SEO plugin v27.5 - https:\/\/yoast.com\/product\/yoast-seo-wordpress\/ -->\n<title>D\u00e9mant\u00e8lement d&#039;un r\u00e9seau international de trafic de v\u00e9hicules - info algerie<\/title>\n<meta name=\"robots\" content=\"index, follow, max-snippet:-1, max-image-preview:large, max-video-preview:-1\" \/>\n<link rel=\"canonical\" href=\"https:\/\/www.info-algerie.com\/actualites\/demantelement-dun-reseau-international-de-trafic-de-vehicules\/\" \/>\n<meta property=\"og:locale\" content=\"fr_FR\" \/>\n<meta property=\"og:type\" content=\"article\" \/>\n<meta property=\"og:title\" content=\"D\u00e9mant\u00e8lement d&#039;un r\u00e9seau international de trafic de v\u00e9hicules - info algerie\" \/>\n<meta property=\"og:description\" content=\"ALGER- Les services de la s\u00fbret\u00e9 d&rsquo;Alger ont d\u00e9mantel\u00e9\u00a0 r\u00e9cemment un r\u00e9seau international de trafic de voitures, r\u00e9cup\u00e9r\u00e9 115\u00a0 v\u00e9hicules et arr\u00eat\u00e9 112 mis en cause, a indiqu\u00e9 dimanche le chef de s\u00fbret\u00e9\u00a0 de la circonscription administrative d&rsquo;Hussein Dey. &#013; &#013; Entam\u00e9e depuis pr\u00e8s d&rsquo;une ann\u00e9e dans le cadre de la lutte contre le crime\u00a0\" \/>\n<meta property=\"og:url\" content=\"https:\/\/www.info-algerie.com\/actualites\/demantelement-dun-reseau-international-de-trafic-de-vehicules\/\" \/>\n<meta property=\"og:site_name\" content=\"info algerie\" \/>\n<meta property=\"article:publisher\" content=\"https:\/\/www.facebook.com\/infoalgerieactu\" \/>\n<meta property=\"article:published_time\" content=\"2017-05-28T15:34:59+00:00\" \/>\n<meta property=\"og:image\" content=\"https:\/\/www.info-algerie.com\/actualites\/wp-content\/uploads\/2017\/05\/0e3411344ff8a40b13c4a5d657dd93ea_S-1.jpg\" \/>\n\t<meta property=\"og:image:width\" content=\"280\" \/>\n\t<meta property=\"og:image:height\" content=\"186\" \/>\n\t<meta property=\"og:image:type\" content=\"image\/jpeg\" \/>\n<meta name=\"author\" content=\"La r\u00e9daction\" \/>\n<meta name=\"twitter:label1\" content=\"\u00c9crit par\" \/>\n\t<meta name=\"twitter:data1\" content=\"La r\u00e9daction\" \/>\n\t<meta name=\"twitter:label2\" content=\"Dur\u00e9e de lecture estim\u00e9e\" \/>\n\t<meta name=\"twitter:data2\" content=\"3 minutes\" \/>\n<script type=\"application\/ld+json\" class=\"yoast-schema-graph\">{\"@context\":\"https:\\\/\\\/schema.org\",\"@graph\":[{\"@type\":\"Article\",\"@id\":\"https:\\\/\\\/www.info-algerie.com\\\/actualites\\\/demantelement-dun-reseau-international-de-trafic-de-vehicules\\\/#article\",\"isPartOf\":{\"@id\":\"https:\\\/\\\/www.info-algerie.com\\\/actualites\\\/demantelement-dun-reseau-international-de-trafic-de-vehicules\\\/\"},\"author\":{\"name\":\"La r\u00e9daction\",\"@id\":\"https:\\\/\\\/www.info-algerie.com\\\/actualites\\\/#\\\/schema\\\/person\\\/847aaec44920825b843a08f30ec6aa1e\"},\"headline\":\"D\u00e9mant\u00e8lement d&#039;un r\u00e9seau international de trafic de v\u00e9hicules\",\"datePublished\":\"2017-05-28T15:34:59+00:00\",\"mainEntityOfPage\":{\"@id\":\"https:\\\/\\\/www.info-algerie.com\\\/actualites\\\/demantelement-dun-reseau-international-de-trafic-de-vehicules\\\/\"},\"wordCount\":592,\"commentCount\":0,\"publisher\":{\"@id\":\"https:\\\/\\\/www.info-algerie.com\\\/actualites\\\/#organization\"},\"image\":{\"@id\":\"https:\\\/\\\/www.info-algerie.com\\\/actualites\\\/demantelement-dun-reseau-international-de-trafic-de-vehicules\\\/#primaryimage\"},\"thumbnailUrl\":\"https:\\\/\\\/www.info-algerie.com\\\/actualites\\\/wp-content\\\/uploads\\\/2017\\\/05\\\/0e3411344ff8a40b13c4a5d657dd93ea_S-1.jpg\",\"keywords\":[\"ONU\"],\"articleSection\":[\"infos\"],\"inLanguage\":\"fr-FR\",\"potentialAction\":[{\"@type\":\"CommentAction\",\"name\":\"Comment\",\"target\":[\"https:\\\/\\\/www.info-algerie.com\\\/actualites\\\/demantelement-dun-reseau-international-de-trafic-de-vehicules\\\/#respond\"]}]},{\"@type\":\"WebPage\",\"@id\":\"https:\\\/\\\/www.info-algerie.com\\\/actualites\\\/demantelement-dun-reseau-international-de-trafic-de-vehicules\\\/\",\"url\":\"https:\\\/\\\/www.info-algerie.com\\\/actualites\\\/demantelement-dun-reseau-international-de-trafic-de-vehicules\\\/\",\"name\":\"D\u00e9mant\u00e8lement d&#039;un r\u00e9seau international de trafic de v\u00e9hicules - info algerie\",\"isPartOf\":{\"@id\":\"https:\\\/\\\/www.info-algerie.com\\\/actualites\\\/#website\"},\"primaryImageOfPage\":{\"@id\":\"https:\\\/\\\/www.info-algerie.com\\\/actualites\\\/demantelement-dun-reseau-international-de-trafic-de-vehicules\\\/#primaryimage\"},\"image\":{\"@id\":\"https:\\\/\\\/www.info-algerie.com\\\/actualites\\\/demantelement-dun-reseau-international-de-trafic-de-vehicules\\\/#primaryimage\"},\"thumbnailUrl\":\"https:\\\/\\\/www.info-algerie.com\\\/actualites\\\/wp-content\\\/uploads\\\/2017\\\/05\\\/0e3411344ff8a40b13c4a5d657dd93ea_S-1.jpg\",\"datePublished\":\"2017-05-28T15:34:59+00:00\",\"breadcrumb\":{\"@id\":\"https:\\\/\\\/www.info-algerie.com\\\/actualites\\\/demantelement-dun-reseau-international-de-trafic-de-vehicules\\\/#breadcrumb\"},\"inLanguage\":\"fr-FR\",\"potentialAction\":[{\"@type\":\"ReadAction\",\"target\":[\"https:\\\/\\\/www.info-algerie.com\\\/actualites\\\/demantelement-dun-reseau-international-de-trafic-de-vehicules\\\/\"]}]},{\"@type\":\"ImageObject\",\"inLanguage\":\"fr-FR\",\"@id\":\"https:\\\/\\\/www.info-algerie.com\\\/actualites\\\/demantelement-dun-reseau-international-de-trafic-de-vehicules\\\/#primaryimage\",\"url\":\"https:\\\/\\\/www.info-algerie.com\\\/actualites\\\/wp-content\\\/uploads\\\/2017\\\/05\\\/0e3411344ff8a40b13c4a5d657dd93ea_S-1.jpg\",\"contentUrl\":\"https:\\\/\\\/www.info-algerie.com\\\/actualites\\\/wp-content\\\/uploads\\\/2017\\\/05\\\/0e3411344ff8a40b13c4a5d657dd93ea_S-1.jpg\",\"width\":280,\"height\":186},{\"@type\":\"BreadcrumbList\",\"@id\":\"https:\\\/\\\/www.info-algerie.com\\\/actualites\\\/demantelement-dun-reseau-international-de-trafic-de-vehicules\\\/#breadcrumb\",\"itemListElement\":[{\"@type\":\"ListItem\",\"position\":1,\"name\":\"Accueil\",\"item\":\"https:\\\/\\\/www.info-algerie.com\\\/actualites\\\/\"},{\"@type\":\"ListItem\",\"position\":2,\"name\":\"D\u00e9mant\u00e8lement d&#039;un r\u00e9seau international de trafic de v\u00e9hicules\"}]},{\"@type\":\"WebSite\",\"@id\":\"https:\\\/\\\/www.info-algerie.com\\\/actualites\\\/#website\",\"url\":\"https:\\\/\\\/www.info-algerie.com\\\/actualites\\\/\",\"name\":\"info algerie\",\"description\":\"Toutes les actualit\u00e9s\",\"publisher\":{\"@id\":\"https:\\\/\\\/www.info-algerie.com\\\/actualites\\\/#organization\"},\"potentialAction\":[{\"@type\":\"SearchAction\",\"target\":{\"@type\":\"EntryPoint\",\"urlTemplate\":\"https:\\\/\\\/www.info-algerie.com\\\/actualites\\\/?s={search_term_string}\"},\"query-input\":{\"@type\":\"PropertyValueSpecification\",\"valueRequired\":true,\"valueName\":\"search_term_string\"}}],\"inLanguage\":\"fr-FR\"},{\"@type\":\"Organization\",\"@id\":\"https:\\\/\\\/www.info-algerie.com\\\/actualites\\\/#organization\",\"name\":\"info algerie\",\"url\":\"https:\\\/\\\/www.info-algerie.com\\\/actualites\\\/\",\"logo\":{\"@type\":\"ImageObject\",\"inLanguage\":\"fr-FR\",\"@id\":\"https:\\\/\\\/www.info-algerie.com\\\/actualites\\\/#\\\/schema\\\/logo\\\/image\\\/\",\"url\":\"https:\\\/\\\/www.info-algerie.com\\\/actualites\\\/wp-content\\\/uploads\\\/2022\\\/07\\\/logo-ia-120.png\",\"contentUrl\":\"https:\\\/\\\/www.info-algerie.com\\\/actualites\\\/wp-content\\\/uploads\\\/2022\\\/07\\\/logo-ia-120.png\",\"width\":120,\"height\":43,\"caption\":\"info algerie\"},\"image\":{\"@id\":\"https:\\\/\\\/www.info-algerie.com\\\/actualites\\\/#\\\/schema\\\/logo\\\/image\\\/\"},\"sameAs\":[\"https:\\\/\\\/www.facebook.com\\\/infoalgerieactu\",\"https:\\\/\\\/x.com\\\/infoalgerie1\"]},{\"@type\":\"Person\",\"@id\":\"https:\\\/\\\/www.info-algerie.com\\\/actualites\\\/#\\\/schema\\\/person\\\/847aaec44920825b843a08f30ec6aa1e\",\"name\":\"La r\u00e9daction\",\"image\":{\"@type\":\"ImageObject\",\"inLanguage\":\"fr-FR\",\"@id\":\"https:\\\/\\\/secure.gravatar.com\\\/avatar\\\/769db425c6f465158149f1ffd6cf61ce7a8a879d11dfbef8288af36dfddd418c?s=96&d=mm&r=g\",\"url\":\"https:\\\/\\\/secure.gravatar.com\\\/avatar\\\/769db425c6f465158149f1ffd6cf61ce7a8a879d11dfbef8288af36dfddd418c?s=96&d=mm&r=g\",\"contentUrl\":\"https:\\\/\\\/secure.gravatar.com\\\/avatar\\\/769db425c6f465158149f1ffd6cf61ce7a8a879d11dfbef8288af36dfddd418c?s=96&d=mm&r=g\",\"caption\":\"La r\u00e9daction\"},\"sameAs\":[\"http:\\\/\\\/www.lkeria.com\\\/\"],\"url\":\"https:\\\/\\\/www.info-algerie.com\\\/actualites\\\/author\\\/chakib32\\\/\"}]}<\/script>\n<!-- \/ Yoast SEO plugin. -->","yoast_head_json":{"title":"D\u00e9mant\u00e8lement d&#039;un r\u00e9seau international de trafic de v\u00e9hicules - info algerie","robots":{"index":"index","follow":"follow","max-snippet":"max-snippet:-1","max-image-preview":"max-image-preview:large","max-video-preview":"max-video-preview:-1"},"canonical":"https:\/\/www.info-algerie.com\/actualites\/demantelement-dun-reseau-international-de-trafic-de-vehicules\/","og_locale":"fr_FR","og_type":"article","og_title":"D\u00e9mant\u00e8lement d&#039;un r\u00e9seau international de trafic de v\u00e9hicules - info algerie","og_description":"ALGER- Les services de la s\u00fbret\u00e9 d&rsquo;Alger ont d\u00e9mantel\u00e9\u00a0 r\u00e9cemment un r\u00e9seau international de trafic de voitures, r\u00e9cup\u00e9r\u00e9 115\u00a0 v\u00e9hicules et arr\u00eat\u00e9 112 mis en cause, a indiqu\u00e9 dimanche le chef de s\u00fbret\u00e9\u00a0 de la circonscription administrative d&rsquo;Hussein Dey. &#013; &#013; Entam\u00e9e depuis pr\u00e8s d&rsquo;une ann\u00e9e dans le cadre de la lutte contre le crime\u00a0","og_url":"https:\/\/www.info-algerie.com\/actualites\/demantelement-dun-reseau-international-de-trafic-de-vehicules\/","og_site_name":"info algerie","article_publisher":"https:\/\/www.facebook.com\/infoalgerieactu","article_published_time":"2017-05-28T15:34:59+00:00","og_image":[{"width":280,"height":186,"url":"https:\/\/www.info-algerie.com\/actualites\/wp-content\/uploads\/2017\/05\/0e3411344ff8a40b13c4a5d657dd93ea_S-1.jpg","type":"image\/jpeg"}],"author":"La r\u00e9daction","twitter_misc":{"\u00c9crit par":"La r\u00e9daction","Dur\u00e9e de lecture estim\u00e9e":"3 minutes"},"schema":{"@context":"https:\/\/schema.org","@graph":[{"@type":"Article","@id":"https:\/\/www.info-algerie.com\/actualites\/demantelement-dun-reseau-international-de-trafic-de-vehicules\/#article","isPartOf":{"@id":"https:\/\/www.info-algerie.com\/actualites\/demantelement-dun-reseau-international-de-trafic-de-vehicules\/"},"author":{"name":"La r\u00e9daction","@id":"https:\/\/www.info-algerie.com\/actualites\/#\/schema\/person\/847aaec44920825b843a08f30ec6aa1e"},"headline":"D\u00e9mant\u00e8lement d&#039;un r\u00e9seau international de trafic de v\u00e9hicules","datePublished":"2017-05-28T15:34:59+00:00","mainEntityOfPage":{"@id":"https:\/\/www.info-algerie.com\/actualites\/demantelement-dun-reseau-international-de-trafic-de-vehicules\/"},"wordCount":592,"commentCount":0,"publisher":{"@id":"https:\/\/www.info-algerie.com\/actualites\/#organization"},"image":{"@id":"https:\/\/www.info-algerie.com\/actualites\/demantelement-dun-reseau-international-de-trafic-de-vehicules\/#primaryimage"},"thumbnailUrl":"https:\/\/www.info-algerie.com\/actualites\/wp-content\/uploads\/2017\/05\/0e3411344ff8a40b13c4a5d657dd93ea_S-1.jpg","keywords":["ONU"],"articleSection":["infos"],"inLanguage":"fr-FR","potentialAction":[{"@type":"CommentAction","name":"Comment","target":["https:\/\/www.info-algerie.com\/actualites\/demantelement-dun-reseau-international-de-trafic-de-vehicules\/#respond"]}]},{"@type":"WebPage","@id":"https:\/\/www.info-algerie.com\/actualites\/demantelement-dun-reseau-international-de-trafic-de-vehicules\/","url":"https:\/\/www.info-algerie.com\/actualites\/demantelement-dun-reseau-international-de-trafic-de-vehicules\/","name":"D\u00e9mant\u00e8lement d&#039;un r\u00e9seau international de trafic de v\u00e9hicules - info algerie","isPartOf":{"@id":"https:\/\/www.info-algerie.com\/actualites\/#website"},"primaryImageOfPage":{"@id":"https:\/\/www.info-algerie.com\/actualites\/demantelement-dun-reseau-international-de-trafic-de-vehicules\/#primaryimage"},"image":{"@id":"https:\/\/www.info-algerie.com\/actualites\/demantelement-dun-reseau-international-de-trafic-de-vehicules\/#primaryimage"},"thumbnailUrl":"https:\/\/www.info-algerie.com\/actualites\/wp-content\/uploads\/2017\/05\/0e3411344ff8a40b13c4a5d657dd93ea_S-1.jpg","datePublished":"2017-05-28T15:34:59+00:00","breadcrumb":{"@id":"https:\/\/www.info-algerie.com\/actualites\/demantelement-dun-reseau-international-de-trafic-de-vehicules\/#breadcrumb"},"inLanguage":"fr-FR","potentialAction":[{"@type":"ReadAction","target":["https:\/\/www.info-algerie.com\/actualites\/demantelement-dun-reseau-international-de-trafic-de-vehicules\/"]}]},{"@type":"ImageObject","inLanguage":"fr-FR","@id":"https:\/\/www.info-algerie.com\/actualites\/demantelement-dun-reseau-international-de-trafic-de-vehicules\/#primaryimage","url":"https:\/\/www.info-algerie.com\/actualites\/wp-content\/uploads\/2017\/05\/0e3411344ff8a40b13c4a5d657dd93ea_S-1.jpg","contentUrl":"https:\/\/www.info-algerie.com\/actualites\/wp-content\/uploads\/2017\/05\/0e3411344ff8a40b13c4a5d657dd93ea_S-1.jpg","width":280,"height":186},{"@type":"BreadcrumbList","@id":"https:\/\/www.info-algerie.com\/actualites\/demantelement-dun-reseau-international-de-trafic-de-vehicules\/#breadcrumb","itemListElement":[{"@type":"ListItem","position":1,"name":"Accueil","item":"https:\/\/www.info-algerie.com\/actualites\/"},{"@type":"ListItem","position":2,"name":"D\u00e9mant\u00e8lement d&#039;un r\u00e9seau international de trafic de v\u00e9hicules"}]},{"@type":"WebSite","@id":"https:\/\/www.info-algerie.com\/actualites\/#website","url":"https:\/\/www.info-algerie.com\/actualites\/","name":"info algerie","description":"Toutes les actualit\u00e9s","publisher":{"@id":"https:\/\/www.info-algerie.com\/actualites\/#organization"},"potentialAction":[{"@type":"SearchAction","target":{"@type":"EntryPoint","urlTemplate":"https:\/\/www.info-algerie.com\/actualites\/?s={search_term_string}"},"query-input":{"@type":"PropertyValueSpecification","valueRequired":true,"valueName":"search_term_string"}}],"inLanguage":"fr-FR"},{"@type":"Organization","@id":"https:\/\/www.info-algerie.com\/actualites\/#organization","name":"info algerie","url":"https:\/\/www.info-algerie.com\/actualites\/","logo":{"@type":"ImageObject","inLanguage":"fr-FR","@id":"https:\/\/www.info-algerie.com\/actualites\/#\/schema\/logo\/image\/","url":"https:\/\/www.info-algerie.com\/actualites\/wp-content\/uploads\/2022\/07\/logo-ia-120.png","contentUrl":"https:\/\/www.info-algerie.com\/actualites\/wp-content\/uploads\/2022\/07\/logo-ia-120.png","width":120,"height":43,"caption":"info algerie"},"image":{"@id":"https:\/\/www.info-algerie.com\/actualites\/#\/schema\/logo\/image\/"},"sameAs":["https:\/\/www.facebook.com\/infoalgerieactu","https:\/\/x.com\/infoalgerie1"]},{"@type":"Person","@id":"https:\/\/www.info-algerie.com\/actualites\/#\/schema\/person\/847aaec44920825b843a08f30ec6aa1e","name":"La r\u00e9daction","image":{"@type":"ImageObject","inLanguage":"fr-FR","@id":"https:\/\/secure.gravatar.com\/avatar\/769db425c6f465158149f1ffd6cf61ce7a8a879d11dfbef8288af36dfddd418c?s=96&d=mm&r=g","url":"https:\/\/secure.gravatar.com\/avatar\/769db425c6f465158149f1ffd6cf61ce7a8a879d11dfbef8288af36dfddd418c?s=96&d=mm&r=g","contentUrl":"https:\/\/secure.gravatar.com\/avatar\/769db425c6f465158149f1ffd6cf61ce7a8a879d11dfbef8288af36dfddd418c?s=96&d=mm&r=g","caption":"La r\u00e9daction"},"sameAs":["http:\/\/www.lkeria.com\/"],"url":"https:\/\/www.info-algerie.com\/actualites\/author\/chakib32\/"}]}},"_links":{"self":[{"href":"https:\/\/www.info-algerie.com\/actualites\/wp-json\/wp\/v2\/posts\/12661","targetHints":{"allow":["GET"]}}],"collection":[{"href":"https:\/\/www.info-algerie.com\/actualites\/wp-json\/wp\/v2\/posts"}],"about":[{"href":"https:\/\/www.info-algerie.com\/actualites\/wp-json\/wp\/v2\/types\/post"}],"author":[{"embeddable":true,"href":"https:\/\/www.info-algerie.com\/actualites\/wp-json\/wp\/v2\/users\/6"}],"replies":[{"embeddable":true,"href":"https:\/\/www.info-algerie.com\/actualites\/wp-json\/wp\/v2\/comments?post=12661"}],"version-history":[{"count":0,"href":"https:\/\/www.info-algerie.com\/actualites\/wp-json\/wp\/v2\/posts\/12661\/revisions"}],"wp:featuredmedia":[{"embeddable":true,"href":"https:\/\/www.info-algerie.com\/actualites\/wp-json\/wp\/v2\/media\/12662"}],"wp:attachment":[{"href":"https:\/\/www.info-algerie.com\/actualites\/wp-json\/wp\/v2\/media?parent=12661"}],"wp:term":[{"taxonomy":"category","embeddable":true,"href":"https:\/\/www.info-algerie.com\/actualites\/wp-json\/wp\/v2\/categories?post=12661"},{"taxonomy":"post_tag","embeddable":true,"href":"https:\/\/www.info-algerie.com\/actualites\/wp-json\/wp\/v2\/tags?post=12661"}],"curies":[{"name":"wp","href":"https:\/\/api.w.org\/{rel}","templated":true}]}}