{"id":12666,"date":"2017-05-28T17:29:05","date_gmt":"2017-05-28T16:29:05","guid":{"rendered":"http:\/\/www.info-algerie.com\/actualites\/kaouane-tient-sa-1ere-reunion-de-travail-consacre-au-prix-du-president-de-la-republique-du-journaliste-professionnel\/"},"modified":"2017-05-28T17:29:05","modified_gmt":"2017-05-28T16:29:05","slug":"kaouane-tient-sa-1ere-reunion-de-travail-consacre-au-prix-du-president-de-la-republique-du-journaliste-professionnel","status":"publish","type":"post","link":"https:\/\/www.info-algerie.com\/actualites\/kaouane-tient-sa-1ere-reunion-de-travail-consacre-au-prix-du-president-de-la-republique-du-journaliste-professionnel\/","title":{"rendered":"Kaouane tient sa 1\u00e8re r\u00e9union de travail consacr\u00e9 au Prix du\u00a0 pr\u00e9sident de la R\u00e9publique du Journaliste professionnel"},"content":{"rendered":"<div class=\"K2FeedImage\"><img decoding=\"async\" src=\"https:\/\/www.info-algerie.com\/actualites\/wp-content\/uploads\/2017\/05\/cb8f13f9190a7da10d272d86b9ddc6df_S.jpg\" alt=\"Kaouane tient sa 1&#xE8;re r&#xE9;union de travail consacr&#xE9; au Prix du&#xA0; pr&#xE9;sident de la R&#xE9;publique du Journaliste professionnel\" \/><\/div>\n<div class=\"K2FeedIntroText\">\n<p class=\"MsoNoSpacing\">ALGER- Le ministre de la Communication, Djamel\u00a0 Kaouane a tenu, ce dimanche, au si\u00e8ge de son d\u00e9partement minist\u00e9riel, au\u00a0 titre de premi\u00e8re activit\u00e9 depuis sa prise de fonctions, une r\u00e9union de travail avec le jury du Prix du pr\u00e9sident de la R\u00e9publique du Journaliste\u00a0 professionnel, indique un communiqu\u00e9 du minist\u00e8re.<\/p>\n<p>&#013;\n<\/p><\/div>\n<div class=\"K2FeedFullText\">&#013;<\/p>\n<p class=\"MsoNoSpacing\">Le ministre a d&#8217;embl\u00e9e qualifi\u00e9 cette rencontre de premier contact avec\u00a0 une \u00e9quipe en charge d&rsquo;un prix \u00ab\u00a0aussi prestigieux\u00a0\u00bb que celui du pr\u00e9sident\u00a0 de la R\u00e9publique, avec laquelle il a tenu \u00e0 initier un cadre de\u00a0 concertation en vue d&rsquo;une gestion \u00ab\u00a0optimis\u00e9e\u00a0\u00bb du calendrier d&rsquo;organisation,\u00a0 des conditions de participation ainsi que de la communication sur le th\u00e8me\u00a0 devant faire l&rsquo;objet de comp\u00e9tition entre les journalistes professionnels,\u00a0 pr\u00e9cise la m\u00eame source.<\/p>\n<p>&#013;<\/p>\n<p class=\"MsoNoSpacing\">L&rsquo;ensemble des membres du jury ont convenu, avec le ministre, que le\u00a0 choix, pour cette ann\u00e9e 2017, d&rsquo;un th\u00e8me relatif \u00e0 l&rsquo;environnement, est une\u00a0 mani\u00e8re d&rsquo;actualiser en Alg\u00e9rie une pr\u00e9occupation de niveau mondial.<\/p>\n<p>&#013;<\/p>\n<p class=\"MsoNoSpacing\">M. Kaouane a, enfin, soulign\u00e9 que le prix du pr\u00e9sident de la R\u00e9publique du\u00a0 journaliste professionnel \u00e9tait une \u00ab\u00a0distinction majeure\u00a0\u00bb qui a vocation \u00e0\u00a0 promouvoir le m\u00e9rite et l&rsquo;excellence au sein de la corporation.<\/p>\n<p>&#013;<\/p>\n<p>\u00a0<\/p>\n<p>&#013;<\/p>\n<p class=\"MsoNoSpacing\">Le Prix du pr\u00e9sident de la R\u00e9publique du journaliste professionnel\u00a0 r\u00e9compense, chaque ann\u00e9e, les meilleurs travaux journalistiques \u00e9crits,\u00a0 radiophoniques et audiovisuels sur un th\u00e8me pr\u00e9cis. Les distinctions seront\u00a0 connues \u00e0 l&rsquo;occasion de la c\u00e9l\u00e9bration de la Journ\u00e9e nationale de la presse\u00a0 le 22 octobre 2017.<\/p>\n<\/div>\n<p>&#013;<br \/>\nSource: <a href=\"http:\/\/www.aps.dz\/algerie\/58319-kaouane-tient-sa-1ere-reunion-de-travail-consacre-au-prix-du-president-de-la-republique-du-journaliste-professionnel\" target=\"_blank\">Kaouane tient sa 1\u00e8re r\u00e9union de travail consacr\u00e9 au Prix du\u00a0 pr\u00e9sident de la R\u00e9publique du Journaliste professionnel<\/a><\/p>\n<!--CusAds0-->\n<div style=\"font-size: 0px; height: 0px; line-height: 0px; margin: 0; padding: 0; clear: both;\"><\/div>","protected":false},"excerpt":{"rendered":"<p>ALGER- Le ministre de la Communication, Djamel\u00a0 Kaouane a tenu, ce dimanche, au si\u00e8ge de son d\u00e9partement minist\u00e9riel, au\u00a0 titre de premi\u00e8re activit\u00e9 depuis sa prise de fonctions, une r\u00e9union de travail avec le jury du Prix du pr\u00e9sident de la R\u00e9publique du Journaliste\u00a0 professionnel, indique un communiqu\u00e9 du minist\u00e8re. &#013; &#013; Le ministre a<\/p>\n","protected":false},"author":6,"featured_media":12667,"comment_status":"open","ping_status":"open","sticky":false,"template":"","format":"standard","meta":{"footnotes":""},"categories":[22],"tags":[93],"class_list":["post-12666","post","type-post","status-publish","format-standard","has-post-thumbnail","hentry","category-infos","tag-onu"],"yoast_head":"<!-- This site is optimized with the Yoast SEO plugin v27.5 - https:\/\/yoast.com\/product\/yoast-seo-wordpress\/ -->\n<title>Kaouane tient sa 1\u00e8re r\u00e9union de travail consacr\u00e9 au Prix du\u00a0 pr\u00e9sident de la R\u00e9publique du Journaliste professionnel - info algerie<\/title>\n<meta name=\"robots\" content=\"index, follow, max-snippet:-1, max-image-preview:large, max-video-preview:-1\" \/>\n<link rel=\"canonical\" href=\"https:\/\/www.info-algerie.com\/actualites\/kaouane-tient-sa-1ere-reunion-de-travail-consacre-au-prix-du-president-de-la-republique-du-journaliste-professionnel\/\" \/>\n<meta property=\"og:locale\" content=\"fr_FR\" \/>\n<meta property=\"og:type\" content=\"article\" \/>\n<meta property=\"og:title\" content=\"Kaouane tient sa 1\u00e8re r\u00e9union de travail consacr\u00e9 au Prix du\u00a0 pr\u00e9sident de la R\u00e9publique du Journaliste professionnel - info algerie\" \/>\n<meta property=\"og:description\" content=\"ALGER- Le ministre de la Communication, Djamel\u00a0 Kaouane a tenu, ce dimanche, au si\u00e8ge de son d\u00e9partement minist\u00e9riel, au\u00a0 titre de premi\u00e8re activit\u00e9 depuis sa prise de fonctions, une r\u00e9union de travail avec le jury du Prix du pr\u00e9sident de la R\u00e9publique du Journaliste\u00a0 professionnel, indique un communiqu\u00e9 du minist\u00e8re. &#013; &#013; Le ministre a\" \/>\n<meta property=\"og:url\" content=\"https:\/\/www.info-algerie.com\/actualites\/kaouane-tient-sa-1ere-reunion-de-travail-consacre-au-prix-du-president-de-la-republique-du-journaliste-professionnel\/\" \/>\n<meta property=\"og:site_name\" content=\"info algerie\" \/>\n<meta property=\"article:publisher\" content=\"https:\/\/www.facebook.com\/infoalgerieactu\" \/>\n<meta property=\"article:published_time\" content=\"2017-05-28T16:29:05+00:00\" \/>\n<meta property=\"og:image\" content=\"https:\/\/www.info-algerie.com\/actualites\/wp-content\/uploads\/2017\/05\/cb8f13f9190a7da10d272d86b9ddc6df_S-1.jpg\" \/>\n\t<meta property=\"og:image:width\" content=\"280\" \/>\n\t<meta property=\"og:image:height\" content=\"223\" \/>\n\t<meta property=\"og:image:type\" content=\"image\/jpeg\" \/>\n<meta name=\"author\" content=\"La r\u00e9daction\" \/>\n<meta name=\"twitter:label1\" content=\"\u00c9crit par\" \/>\n\t<meta name=\"twitter:data1\" content=\"La r\u00e9daction\" \/>\n\t<meta name=\"twitter:label2\" content=\"Dur\u00e9e de lecture estim\u00e9e\" \/>\n\t<meta name=\"twitter:data2\" content=\"1 minute\" \/>\n<script type=\"application\/ld+json\" class=\"yoast-schema-graph\">{\"@context\":\"https:\\\/\\\/schema.org\",\"@graph\":[{\"@type\":\"Article\",\"@id\":\"https:\\\/\\\/www.info-algerie.com\\\/actualites\\\/kaouane-tient-sa-1ere-reunion-de-travail-consacre-au-prix-du-president-de-la-republique-du-journaliste-professionnel\\\/#article\",\"isPartOf\":{\"@id\":\"https:\\\/\\\/www.info-algerie.com\\\/actualites\\\/kaouane-tient-sa-1ere-reunion-de-travail-consacre-au-prix-du-president-de-la-republique-du-journaliste-professionnel\\\/\"},\"author\":{\"name\":\"La r\u00e9daction\",\"@id\":\"https:\\\/\\\/www.info-algerie.com\\\/actualites\\\/#\\\/schema\\\/person\\\/847aaec44920825b843a08f30ec6aa1e\"},\"headline\":\"Kaouane tient sa 1\u00e8re r\u00e9union de travail consacr\u00e9 au Prix du\u00a0 pr\u00e9sident de la R\u00e9publique du Journaliste professionnel\",\"datePublished\":\"2017-05-28T16:29:05+00:00\",\"mainEntityOfPage\":{\"@id\":\"https:\\\/\\\/www.info-algerie.com\\\/actualites\\\/kaouane-tient-sa-1ere-reunion-de-travail-consacre-au-prix-du-president-de-la-republique-du-journaliste-professionnel\\\/\"},\"wordCount\":312,\"commentCount\":0,\"publisher\":{\"@id\":\"https:\\\/\\\/www.info-algerie.com\\\/actualites\\\/#organization\"},\"image\":{\"@id\":\"https:\\\/\\\/www.info-algerie.com\\\/actualites\\\/kaouane-tient-sa-1ere-reunion-de-travail-consacre-au-prix-du-president-de-la-republique-du-journaliste-professionnel\\\/#primaryimage\"},\"thumbnailUrl\":\"https:\\\/\\\/www.info-algerie.com\\\/actualites\\\/wp-content\\\/uploads\\\/2017\\\/05\\\/cb8f13f9190a7da10d272d86b9ddc6df_S-1.jpg\",\"keywords\":[\"ONU\"],\"articleSection\":[\"infos\"],\"inLanguage\":\"fr-FR\",\"potentialAction\":[{\"@type\":\"CommentAction\",\"name\":\"Comment\",\"target\":[\"https:\\\/\\\/www.info-algerie.com\\\/actualites\\\/kaouane-tient-sa-1ere-reunion-de-travail-consacre-au-prix-du-president-de-la-republique-du-journaliste-professionnel\\\/#respond\"]}]},{\"@type\":\"WebPage\",\"@id\":\"https:\\\/\\\/www.info-algerie.com\\\/actualites\\\/kaouane-tient-sa-1ere-reunion-de-travail-consacre-au-prix-du-president-de-la-republique-du-journaliste-professionnel\\\/\",\"url\":\"https:\\\/\\\/www.info-algerie.com\\\/actualites\\\/kaouane-tient-sa-1ere-reunion-de-travail-consacre-au-prix-du-president-de-la-republique-du-journaliste-professionnel\\\/\",\"name\":\"Kaouane tient sa 1\u00e8re r\u00e9union de travail consacr\u00e9 au Prix du\u00a0 pr\u00e9sident de la R\u00e9publique du Journaliste professionnel - info algerie\",\"isPartOf\":{\"@id\":\"https:\\\/\\\/www.info-algerie.com\\\/actualites\\\/#website\"},\"primaryImageOfPage\":{\"@id\":\"https:\\\/\\\/www.info-algerie.com\\\/actualites\\\/kaouane-tient-sa-1ere-reunion-de-travail-consacre-au-prix-du-president-de-la-republique-du-journaliste-professionnel\\\/#primaryimage\"},\"image\":{\"@id\":\"https:\\\/\\\/www.info-algerie.com\\\/actualites\\\/kaouane-tient-sa-1ere-reunion-de-travail-consacre-au-prix-du-president-de-la-republique-du-journaliste-professionnel\\\/#primaryimage\"},\"thumbnailUrl\":\"https:\\\/\\\/www.info-algerie.com\\\/actualites\\\/wp-content\\\/uploads\\\/2017\\\/05\\\/cb8f13f9190a7da10d272d86b9ddc6df_S-1.jpg\",\"datePublished\":\"2017-05-28T16:29:05+00:00\",\"breadcrumb\":{\"@id\":\"https:\\\/\\\/www.info-algerie.com\\\/actualites\\\/kaouane-tient-sa-1ere-reunion-de-travail-consacre-au-prix-du-president-de-la-republique-du-journaliste-professionnel\\\/#breadcrumb\"},\"inLanguage\":\"fr-FR\",\"potentialAction\":[{\"@type\":\"ReadAction\",\"target\":[\"https:\\\/\\\/www.info-algerie.com\\\/actualites\\\/kaouane-tient-sa-1ere-reunion-de-travail-consacre-au-prix-du-president-de-la-republique-du-journaliste-professionnel\\\/\"]}]},{\"@type\":\"ImageObject\",\"inLanguage\":\"fr-FR\",\"@id\":\"https:\\\/\\\/www.info-algerie.com\\\/actualites\\\/kaouane-tient-sa-1ere-reunion-de-travail-consacre-au-prix-du-president-de-la-republique-du-journaliste-professionnel\\\/#primaryimage\",\"url\":\"https:\\\/\\\/www.info-algerie.com\\\/actualites\\\/wp-content\\\/uploads\\\/2017\\\/05\\\/cb8f13f9190a7da10d272d86b9ddc6df_S-1.jpg\",\"contentUrl\":\"https:\\\/\\\/www.info-algerie.com\\\/actualites\\\/wp-content\\\/uploads\\\/2017\\\/05\\\/cb8f13f9190a7da10d272d86b9ddc6df_S-1.jpg\",\"width\":280,\"height\":223},{\"@type\":\"BreadcrumbList\",\"@id\":\"https:\\\/\\\/www.info-algerie.com\\\/actualites\\\/kaouane-tient-sa-1ere-reunion-de-travail-consacre-au-prix-du-president-de-la-republique-du-journaliste-professionnel\\\/#breadcrumb\",\"itemListElement\":[{\"@type\":\"ListItem\",\"position\":1,\"name\":\"Accueil\",\"item\":\"https:\\\/\\\/www.info-algerie.com\\\/actualites\\\/\"},{\"@type\":\"ListItem\",\"position\":2,\"name\":\"Kaouane tient sa 1\u00e8re r\u00e9union de travail consacr\u00e9 au Prix du\u00a0 pr\u00e9sident de la R\u00e9publique du Journaliste professionnel\"}]},{\"@type\":\"WebSite\",\"@id\":\"https:\\\/\\\/www.info-algerie.com\\\/actualites\\\/#website\",\"url\":\"https:\\\/\\\/www.info-algerie.com\\\/actualites\\\/\",\"name\":\"info algerie\",\"description\":\"Toutes les actualit\u00e9s\",\"publisher\":{\"@id\":\"https:\\\/\\\/www.info-algerie.com\\\/actualites\\\/#organization\"},\"potentialAction\":[{\"@type\":\"SearchAction\",\"target\":{\"@type\":\"EntryPoint\",\"urlTemplate\":\"https:\\\/\\\/www.info-algerie.com\\\/actualites\\\/?s={search_term_string}\"},\"query-input\":{\"@type\":\"PropertyValueSpecification\",\"valueRequired\":true,\"valueName\":\"search_term_string\"}}],\"inLanguage\":\"fr-FR\"},{\"@type\":\"Organization\",\"@id\":\"https:\\\/\\\/www.info-algerie.com\\\/actualites\\\/#organization\",\"name\":\"info algerie\",\"url\":\"https:\\\/\\\/www.info-algerie.com\\\/actualites\\\/\",\"logo\":{\"@type\":\"ImageObject\",\"inLanguage\":\"fr-FR\",\"@id\":\"https:\\\/\\\/www.info-algerie.com\\\/actualites\\\/#\\\/schema\\\/logo\\\/image\\\/\",\"url\":\"https:\\\/\\\/www.info-algerie.com\\\/actualites\\\/wp-content\\\/uploads\\\/2022\\\/07\\\/logo-ia-120.png\",\"contentUrl\":\"https:\\\/\\\/www.info-algerie.com\\\/actualites\\\/wp-content\\\/uploads\\\/2022\\\/07\\\/logo-ia-120.png\",\"width\":120,\"height\":43,\"caption\":\"info algerie\"},\"image\":{\"@id\":\"https:\\\/\\\/www.info-algerie.com\\\/actualites\\\/#\\\/schema\\\/logo\\\/image\\\/\"},\"sameAs\":[\"https:\\\/\\\/www.facebook.com\\\/infoalgerieactu\",\"https:\\\/\\\/x.com\\\/infoalgerie1\"]},{\"@type\":\"Person\",\"@id\":\"https:\\\/\\\/www.info-algerie.com\\\/actualites\\\/#\\\/schema\\\/person\\\/847aaec44920825b843a08f30ec6aa1e\",\"name\":\"La r\u00e9daction\",\"image\":{\"@type\":\"ImageObject\",\"inLanguage\":\"fr-FR\",\"@id\":\"https:\\\/\\\/secure.gravatar.com\\\/avatar\\\/769db425c6f465158149f1ffd6cf61ce7a8a879d11dfbef8288af36dfddd418c?s=96&d=mm&r=g\",\"url\":\"https:\\\/\\\/secure.gravatar.com\\\/avatar\\\/769db425c6f465158149f1ffd6cf61ce7a8a879d11dfbef8288af36dfddd418c?s=96&d=mm&r=g\",\"contentUrl\":\"https:\\\/\\\/secure.gravatar.com\\\/avatar\\\/769db425c6f465158149f1ffd6cf61ce7a8a879d11dfbef8288af36dfddd418c?s=96&d=mm&r=g\",\"caption\":\"La r\u00e9daction\"},\"sameAs\":[\"http:\\\/\\\/www.lkeria.com\\\/\"],\"url\":\"https:\\\/\\\/www.info-algerie.com\\\/actualites\\\/author\\\/chakib32\\\/\"}]}<\/script>\n<!-- \/ Yoast SEO plugin. -->","yoast_head_json":{"title":"Kaouane tient sa 1\u00e8re r\u00e9union de travail consacr\u00e9 au Prix du\u00a0 pr\u00e9sident de la R\u00e9publique du Journaliste professionnel - info algerie","robots":{"index":"index","follow":"follow","max-snippet":"max-snippet:-1","max-image-preview":"max-image-preview:large","max-video-preview":"max-video-preview:-1"},"canonical":"https:\/\/www.info-algerie.com\/actualites\/kaouane-tient-sa-1ere-reunion-de-travail-consacre-au-prix-du-president-de-la-republique-du-journaliste-professionnel\/","og_locale":"fr_FR","og_type":"article","og_title":"Kaouane tient sa 1\u00e8re r\u00e9union de travail consacr\u00e9 au Prix du\u00a0 pr\u00e9sident de la R\u00e9publique du Journaliste professionnel - info algerie","og_description":"ALGER- Le ministre de la Communication, Djamel\u00a0 Kaouane a tenu, ce dimanche, au si\u00e8ge de son d\u00e9partement minist\u00e9riel, au\u00a0 titre de premi\u00e8re activit\u00e9 depuis sa prise de fonctions, une r\u00e9union de travail avec le jury du Prix du pr\u00e9sident de la R\u00e9publique du Journaliste\u00a0 professionnel, indique un communiqu\u00e9 du minist\u00e8re. &#013; &#013; Le ministre a","og_url":"https:\/\/www.info-algerie.com\/actualites\/kaouane-tient-sa-1ere-reunion-de-travail-consacre-au-prix-du-president-de-la-republique-du-journaliste-professionnel\/","og_site_name":"info algerie","article_publisher":"https:\/\/www.facebook.com\/infoalgerieactu","article_published_time":"2017-05-28T16:29:05+00:00","og_image":[{"width":280,"height":223,"url":"https:\/\/www.info-algerie.com\/actualites\/wp-content\/uploads\/2017\/05\/cb8f13f9190a7da10d272d86b9ddc6df_S-1.jpg","type":"image\/jpeg"}],"author":"La r\u00e9daction","twitter_misc":{"\u00c9crit par":"La r\u00e9daction","Dur\u00e9e de lecture estim\u00e9e":"1 minute"},"schema":{"@context":"https:\/\/schema.org","@graph":[{"@type":"Article","@id":"https:\/\/www.info-algerie.com\/actualites\/kaouane-tient-sa-1ere-reunion-de-travail-consacre-au-prix-du-president-de-la-republique-du-journaliste-professionnel\/#article","isPartOf":{"@id":"https:\/\/www.info-algerie.com\/actualites\/kaouane-tient-sa-1ere-reunion-de-travail-consacre-au-prix-du-president-de-la-republique-du-journaliste-professionnel\/"},"author":{"name":"La r\u00e9daction","@id":"https:\/\/www.info-algerie.com\/actualites\/#\/schema\/person\/847aaec44920825b843a08f30ec6aa1e"},"headline":"Kaouane tient sa 1\u00e8re r\u00e9union de travail consacr\u00e9 au Prix du\u00a0 pr\u00e9sident de la R\u00e9publique du Journaliste professionnel","datePublished":"2017-05-28T16:29:05+00:00","mainEntityOfPage":{"@id":"https:\/\/www.info-algerie.com\/actualites\/kaouane-tient-sa-1ere-reunion-de-travail-consacre-au-prix-du-president-de-la-republique-du-journaliste-professionnel\/"},"wordCount":312,"commentCount":0,"publisher":{"@id":"https:\/\/www.info-algerie.com\/actualites\/#organization"},"image":{"@id":"https:\/\/www.info-algerie.com\/actualites\/kaouane-tient-sa-1ere-reunion-de-travail-consacre-au-prix-du-president-de-la-republique-du-journaliste-professionnel\/#primaryimage"},"thumbnailUrl":"https:\/\/www.info-algerie.com\/actualites\/wp-content\/uploads\/2017\/05\/cb8f13f9190a7da10d272d86b9ddc6df_S-1.jpg","keywords":["ONU"],"articleSection":["infos"],"inLanguage":"fr-FR","potentialAction":[{"@type":"CommentAction","name":"Comment","target":["https:\/\/www.info-algerie.com\/actualites\/kaouane-tient-sa-1ere-reunion-de-travail-consacre-au-prix-du-president-de-la-republique-du-journaliste-professionnel\/#respond"]}]},{"@type":"WebPage","@id":"https:\/\/www.info-algerie.com\/actualites\/kaouane-tient-sa-1ere-reunion-de-travail-consacre-au-prix-du-president-de-la-republique-du-journaliste-professionnel\/","url":"https:\/\/www.info-algerie.com\/actualites\/kaouane-tient-sa-1ere-reunion-de-travail-consacre-au-prix-du-president-de-la-republique-du-journaliste-professionnel\/","name":"Kaouane tient sa 1\u00e8re r\u00e9union de travail consacr\u00e9 au Prix du\u00a0 pr\u00e9sident de la R\u00e9publique du Journaliste professionnel - info algerie","isPartOf":{"@id":"https:\/\/www.info-algerie.com\/actualites\/#website"},"primaryImageOfPage":{"@id":"https:\/\/www.info-algerie.com\/actualites\/kaouane-tient-sa-1ere-reunion-de-travail-consacre-au-prix-du-president-de-la-republique-du-journaliste-professionnel\/#primaryimage"},"image":{"@id":"https:\/\/www.info-algerie.com\/actualites\/kaouane-tient-sa-1ere-reunion-de-travail-consacre-au-prix-du-president-de-la-republique-du-journaliste-professionnel\/#primaryimage"},"thumbnailUrl":"https:\/\/www.info-algerie.com\/actualites\/wp-content\/uploads\/2017\/05\/cb8f13f9190a7da10d272d86b9ddc6df_S-1.jpg","datePublished":"2017-05-28T16:29:05+00:00","breadcrumb":{"@id":"https:\/\/www.info-algerie.com\/actualites\/kaouane-tient-sa-1ere-reunion-de-travail-consacre-au-prix-du-president-de-la-republique-du-journaliste-professionnel\/#breadcrumb"},"inLanguage":"fr-FR","potentialAction":[{"@type":"ReadAction","target":["https:\/\/www.info-algerie.com\/actualites\/kaouane-tient-sa-1ere-reunion-de-travail-consacre-au-prix-du-president-de-la-republique-du-journaliste-professionnel\/"]}]},{"@type":"ImageObject","inLanguage":"fr-FR","@id":"https:\/\/www.info-algerie.com\/actualites\/kaouane-tient-sa-1ere-reunion-de-travail-consacre-au-prix-du-president-de-la-republique-du-journaliste-professionnel\/#primaryimage","url":"https:\/\/www.info-algerie.com\/actualites\/wp-content\/uploads\/2017\/05\/cb8f13f9190a7da10d272d86b9ddc6df_S-1.jpg","contentUrl":"https:\/\/www.info-algerie.com\/actualites\/wp-content\/uploads\/2017\/05\/cb8f13f9190a7da10d272d86b9ddc6df_S-1.jpg","width":280,"height":223},{"@type":"BreadcrumbList","@id":"https:\/\/www.info-algerie.com\/actualites\/kaouane-tient-sa-1ere-reunion-de-travail-consacre-au-prix-du-president-de-la-republique-du-journaliste-professionnel\/#breadcrumb","itemListElement":[{"@type":"ListItem","position":1,"name":"Accueil","item":"https:\/\/www.info-algerie.com\/actualites\/"},{"@type":"ListItem","position":2,"name":"Kaouane tient sa 1\u00e8re r\u00e9union de travail consacr\u00e9 au Prix du\u00a0 pr\u00e9sident de la R\u00e9publique du Journaliste professionnel"}]},{"@type":"WebSite","@id":"https:\/\/www.info-algerie.com\/actualites\/#website","url":"https:\/\/www.info-algerie.com\/actualites\/","name":"info algerie","description":"Toutes les actualit\u00e9s","publisher":{"@id":"https:\/\/www.info-algerie.com\/actualites\/#organization"},"potentialAction":[{"@type":"SearchAction","target":{"@type":"EntryPoint","urlTemplate":"https:\/\/www.info-algerie.com\/actualites\/?s={search_term_string}"},"query-input":{"@type":"PropertyValueSpecification","valueRequired":true,"valueName":"search_term_string"}}],"inLanguage":"fr-FR"},{"@type":"Organization","@id":"https:\/\/www.info-algerie.com\/actualites\/#organization","name":"info algerie","url":"https:\/\/www.info-algerie.com\/actualites\/","logo":{"@type":"ImageObject","inLanguage":"fr-FR","@id":"https:\/\/www.info-algerie.com\/actualites\/#\/schema\/logo\/image\/","url":"https:\/\/www.info-algerie.com\/actualites\/wp-content\/uploads\/2022\/07\/logo-ia-120.png","contentUrl":"https:\/\/www.info-algerie.com\/actualites\/wp-content\/uploads\/2022\/07\/logo-ia-120.png","width":120,"height":43,"caption":"info algerie"},"image":{"@id":"https:\/\/www.info-algerie.com\/actualites\/#\/schema\/logo\/image\/"},"sameAs":["https:\/\/www.facebook.com\/infoalgerieactu","https:\/\/x.com\/infoalgerie1"]},{"@type":"Person","@id":"https:\/\/www.info-algerie.com\/actualites\/#\/schema\/person\/847aaec44920825b843a08f30ec6aa1e","name":"La r\u00e9daction","image":{"@type":"ImageObject","inLanguage":"fr-FR","@id":"https:\/\/secure.gravatar.com\/avatar\/769db425c6f465158149f1ffd6cf61ce7a8a879d11dfbef8288af36dfddd418c?s=96&d=mm&r=g","url":"https:\/\/secure.gravatar.com\/avatar\/769db425c6f465158149f1ffd6cf61ce7a8a879d11dfbef8288af36dfddd418c?s=96&d=mm&r=g","contentUrl":"https:\/\/secure.gravatar.com\/avatar\/769db425c6f465158149f1ffd6cf61ce7a8a879d11dfbef8288af36dfddd418c?s=96&d=mm&r=g","caption":"La r\u00e9daction"},"sameAs":["http:\/\/www.lkeria.com\/"],"url":"https:\/\/www.info-algerie.com\/actualites\/author\/chakib32\/"}]}},"_links":{"self":[{"href":"https:\/\/www.info-algerie.com\/actualites\/wp-json\/wp\/v2\/posts\/12666","targetHints":{"allow":["GET"]}}],"collection":[{"href":"https:\/\/www.info-algerie.com\/actualites\/wp-json\/wp\/v2\/posts"}],"about":[{"href":"https:\/\/www.info-algerie.com\/actualites\/wp-json\/wp\/v2\/types\/post"}],"author":[{"embeddable":true,"href":"https:\/\/www.info-algerie.com\/actualites\/wp-json\/wp\/v2\/users\/6"}],"replies":[{"embeddable":true,"href":"https:\/\/www.info-algerie.com\/actualites\/wp-json\/wp\/v2\/comments?post=12666"}],"version-history":[{"count":0,"href":"https:\/\/www.info-algerie.com\/actualites\/wp-json\/wp\/v2\/posts\/12666\/revisions"}],"wp:featuredmedia":[{"embeddable":true,"href":"https:\/\/www.info-algerie.com\/actualites\/wp-json\/wp\/v2\/media\/12667"}],"wp:attachment":[{"href":"https:\/\/www.info-algerie.com\/actualites\/wp-json\/wp\/v2\/media?parent=12666"}],"wp:term":[{"taxonomy":"category","embeddable":true,"href":"https:\/\/www.info-algerie.com\/actualites\/wp-json\/wp\/v2\/categories?post=12666"},{"taxonomy":"post_tag","embeddable":true,"href":"https:\/\/www.info-algerie.com\/actualites\/wp-json\/wp\/v2\/tags?post=12666"}],"curies":[{"name":"wp","href":"https:\/\/api.w.org\/{rel}","templated":true}]}}