{"id":12677,"date":"2017-05-29T14:05:48","date_gmt":"2017-05-29T13:05:48","guid":{"rendered":"http:\/\/www.info-algerie.com\/actualites\/deces-de-la-correspondante-du-journal-el-nahar-dans-un-accident-de-la-route-a-bouira\/"},"modified":"2017-05-29T14:05:48","modified_gmt":"2017-05-29T13:05:48","slug":"deces-de-la-correspondante-du-journal-el-nahar-dans-un-accident-de-la-route-a-bouira","status":"publish","type":"post","link":"https:\/\/www.info-algerie.com\/actualites\/deces-de-la-correspondante-du-journal-el-nahar-dans-un-accident-de-la-route-a-bouira\/","title":{"rendered":"D\u00e9c\u00e8s de la correspondante du journal El-Nahar dans un accident de la route\u00a0 \u00e0 Bouira  \u00a0"},"content":{"rendered":"<div class=\"K2FeedIntroText\">\n<p class=\"MsoNoSpacing\">BOUIRA &#8211; La correspondante du quotidien El-Nahar \u00e0\u00a0 El-Oued, Sakina Belaroussi, a trouv\u00e9 la mort dimanche apr\u00e8s midi dans un\u00a0 accident survenu sur l\u2019autoroute Est-Ouest au niveau de l\u2019\u00e9changeur\u00a0 d\u2019El-Adjiba (est de Bouira), a-t-on appris lundi \u00e0 la protection civile.<\/p>\n<p>&#013;\n<\/p><\/div>\n<div class=\"K2FeedFullText\">&#013;<\/p>\n<p class=\"MsoNoSpacing\">La victime \u00e9tait \u00e0 bord de son v\u00e9hicule touristique, qui a d\u00e9rap\u00e9 sur\u00a0 l\u2019autoroute dimanche \u00e0 14h00. La journaliste \u00e2g\u00e9e de 30 ans a rendu l&rsquo;\u00e2me\u00a0 sur le lieu de l&rsquo;accident. Sa d\u00e9pouille a \u00e9t\u00e9 transf\u00e9r\u00e9e \u00e0 l\u2019h\u00f4pital de\u00a0\u00a0 M\u2019Chedallah, a expliqu\u00e9 \u00e0 l\u2019APS le capitaine Rahmani Raouf, charg\u00e9 de la\u00a0 communication \u00e0 la direction de la protection civile de la wilaya de\u00a0 Bouira.<\/p>\n<p>&#013;<\/p>\n<p class=\"MsoNoSpacing\">A Ouled Gassem, une localit\u00e9 situ\u00e9e entre Sour El-Ghouzlane et le mont de\u00a0 Dirah, deux personnes \u00e2g\u00e9es de 60 et 45 ans ont trouv\u00e9 la mort et trois\u00a0 autres ont \u00e9t\u00e9 bless\u00e9s dans un accident de la circulation survenu sur la\u00a0 chemin rural menant vers Dirah, a ajout\u00e9 le m\u00eame responsable.<\/p>\n<p>&#013;<\/p>\n<p>\u00a0<\/p>\n<p>&#013;<\/p>\n<p class=\"MsoNoSpacing\">Depuis le d\u00e9but du mois de ramadan, les services de la protection civile\u00a0 de Bouira ont recens\u00e9 15 accidents, qui ont fait trois morts et 24\u00a0 bless\u00e9s.<\/p>\n<\/div>\n<p>&#013;<br \/>\nSource: <a href=\"http:\/\/www.aps.dz\/algerie\/58331-deces-de-la-correspondante-du-journal-el-nahar-dans-un-accident-de-la-route-a-bouira\" target=\"_blank\">D\u00e9c\u00e8s de la correspondante du journal El-Nahar dans un accident de la route\u00a0 \u00e0 Bouira  \u00a0<\/a><\/p>\n<!--CusAds0-->\n<div style=\"font-size: 0px; height: 0px; line-height: 0px; margin: 0; padding: 0; clear: both;\"><\/div>","protected":false},"excerpt":{"rendered":"<p>BOUIRA &#8211; La correspondante du quotidien El-Nahar \u00e0\u00a0 El-Oued, Sakina Belaroussi, a trouv\u00e9 la mort dimanche apr\u00e8s midi dans un\u00a0 accident survenu sur l\u2019autoroute Est-Ouest au niveau de l\u2019\u00e9changeur\u00a0 d\u2019El-Adjiba (est de Bouira), a-t-on appris lundi \u00e0 la protection civile. &#013; &#013; La victime \u00e9tait \u00e0 bord de son v\u00e9hicule touristique, qui a d\u00e9rap\u00e9 sur\u00a0<\/p>\n","protected":false},"author":6,"featured_media":0,"comment_status":"open","ping_status":"open","sticky":false,"template":"","format":"standard","meta":{"footnotes":""},"categories":[22],"tags":[93],"class_list":["post-12677","post","type-post","status-publish","format-standard","hentry","category-infos","tag-onu"],"yoast_head":"<!-- This site is optimized with the Yoast SEO plugin v27.5 - https:\/\/yoast.com\/product\/yoast-seo-wordpress\/ -->\n<title>D\u00e9c\u00e8s de la correspondante du journal El-Nahar dans un accident de la route\u00a0 \u00e0 Bouira \u00a0 - info algerie<\/title>\n<meta name=\"robots\" content=\"index, follow, max-snippet:-1, max-image-preview:large, max-video-preview:-1\" \/>\n<link rel=\"canonical\" href=\"https:\/\/www.info-algerie.com\/actualites\/deces-de-la-correspondante-du-journal-el-nahar-dans-un-accident-de-la-route-a-bouira\/\" \/>\n<meta property=\"og:locale\" content=\"fr_FR\" \/>\n<meta property=\"og:type\" content=\"article\" \/>\n<meta property=\"og:title\" content=\"D\u00e9c\u00e8s de la correspondante du journal El-Nahar dans un accident de la route\u00a0 \u00e0 Bouira \u00a0 - info algerie\" \/>\n<meta property=\"og:description\" content=\"BOUIRA &#8211; La correspondante du quotidien El-Nahar \u00e0\u00a0 El-Oued, Sakina Belaroussi, a trouv\u00e9 la mort dimanche apr\u00e8s midi dans un\u00a0 accident survenu sur l\u2019autoroute Est-Ouest au niveau de l\u2019\u00e9changeur\u00a0 d\u2019El-Adjiba (est de Bouira), a-t-on appris lundi \u00e0 la protection civile. &#013; &#013; La victime \u00e9tait \u00e0 bord de son v\u00e9hicule touristique, qui a d\u00e9rap\u00e9 sur\u00a0\" \/>\n<meta property=\"og:url\" content=\"https:\/\/www.info-algerie.com\/actualites\/deces-de-la-correspondante-du-journal-el-nahar-dans-un-accident-de-la-route-a-bouira\/\" \/>\n<meta property=\"og:site_name\" content=\"info algerie\" \/>\n<meta property=\"article:publisher\" content=\"https:\/\/www.facebook.com\/infoalgerieactu\" \/>\n<meta property=\"article:published_time\" content=\"2017-05-29T13:05:48+00:00\" \/>\n<meta name=\"author\" content=\"La r\u00e9daction\" \/>\n<meta name=\"twitter:label1\" content=\"\u00c9crit par\" \/>\n\t<meta name=\"twitter:data1\" content=\"La r\u00e9daction\" \/>\n\t<meta name=\"twitter:label2\" content=\"Dur\u00e9e de lecture estim\u00e9e\" \/>\n\t<meta name=\"twitter:data2\" content=\"1 minute\" \/>\n<script type=\"application\/ld+json\" class=\"yoast-schema-graph\">{\"@context\":\"https:\\\/\\\/schema.org\",\"@graph\":[{\"@type\":\"Article\",\"@id\":\"https:\\\/\\\/www.info-algerie.com\\\/actualites\\\/deces-de-la-correspondante-du-journal-el-nahar-dans-un-accident-de-la-route-a-bouira\\\/#article\",\"isPartOf\":{\"@id\":\"https:\\\/\\\/www.info-algerie.com\\\/actualites\\\/deces-de-la-correspondante-du-journal-el-nahar-dans-un-accident-de-la-route-a-bouira\\\/\"},\"author\":{\"name\":\"La r\u00e9daction\",\"@id\":\"https:\\\/\\\/www.info-algerie.com\\\/actualites\\\/#\\\/schema\\\/person\\\/847aaec44920825b843a08f30ec6aa1e\"},\"headline\":\"D\u00e9c\u00e8s de la correspondante du journal El-Nahar dans un accident de la route\u00a0 \u00e0 Bouira \u00a0\",\"datePublished\":\"2017-05-29T13:05:48+00:00\",\"mainEntityOfPage\":{\"@id\":\"https:\\\/\\\/www.info-algerie.com\\\/actualites\\\/deces-de-la-correspondante-du-journal-el-nahar-dans-un-accident-de-la-route-a-bouira\\\/\"},\"wordCount\":226,\"commentCount\":0,\"publisher\":{\"@id\":\"https:\\\/\\\/www.info-algerie.com\\\/actualites\\\/#organization\"},\"keywords\":[\"ONU\"],\"articleSection\":[\"infos\"],\"inLanguage\":\"fr-FR\",\"potentialAction\":[{\"@type\":\"CommentAction\",\"name\":\"Comment\",\"target\":[\"https:\\\/\\\/www.info-algerie.com\\\/actualites\\\/deces-de-la-correspondante-du-journal-el-nahar-dans-un-accident-de-la-route-a-bouira\\\/#respond\"]}]},{\"@type\":\"WebPage\",\"@id\":\"https:\\\/\\\/www.info-algerie.com\\\/actualites\\\/deces-de-la-correspondante-du-journal-el-nahar-dans-un-accident-de-la-route-a-bouira\\\/\",\"url\":\"https:\\\/\\\/www.info-algerie.com\\\/actualites\\\/deces-de-la-correspondante-du-journal-el-nahar-dans-un-accident-de-la-route-a-bouira\\\/\",\"name\":\"D\u00e9c\u00e8s de la correspondante du journal El-Nahar dans un accident de la route\u00a0 \u00e0 Bouira \u00a0 - info algerie\",\"isPartOf\":{\"@id\":\"https:\\\/\\\/www.info-algerie.com\\\/actualites\\\/#website\"},\"datePublished\":\"2017-05-29T13:05:48+00:00\",\"breadcrumb\":{\"@id\":\"https:\\\/\\\/www.info-algerie.com\\\/actualites\\\/deces-de-la-correspondante-du-journal-el-nahar-dans-un-accident-de-la-route-a-bouira\\\/#breadcrumb\"},\"inLanguage\":\"fr-FR\",\"potentialAction\":[{\"@type\":\"ReadAction\",\"target\":[\"https:\\\/\\\/www.info-algerie.com\\\/actualites\\\/deces-de-la-correspondante-du-journal-el-nahar-dans-un-accident-de-la-route-a-bouira\\\/\"]}]},{\"@type\":\"BreadcrumbList\",\"@id\":\"https:\\\/\\\/www.info-algerie.com\\\/actualites\\\/deces-de-la-correspondante-du-journal-el-nahar-dans-un-accident-de-la-route-a-bouira\\\/#breadcrumb\",\"itemListElement\":[{\"@type\":\"ListItem\",\"position\":1,\"name\":\"Accueil\",\"item\":\"https:\\\/\\\/www.info-algerie.com\\\/actualites\\\/\"},{\"@type\":\"ListItem\",\"position\":2,\"name\":\"D\u00e9c\u00e8s de la correspondante du journal El-Nahar dans un accident de la route\u00a0 \u00e0 Bouira \u00a0\"}]},{\"@type\":\"WebSite\",\"@id\":\"https:\\\/\\\/www.info-algerie.com\\\/actualites\\\/#website\",\"url\":\"https:\\\/\\\/www.info-algerie.com\\\/actualites\\\/\",\"name\":\"info algerie\",\"description\":\"Toutes les actualit\u00e9s\",\"publisher\":{\"@id\":\"https:\\\/\\\/www.info-algerie.com\\\/actualites\\\/#organization\"},\"potentialAction\":[{\"@type\":\"SearchAction\",\"target\":{\"@type\":\"EntryPoint\",\"urlTemplate\":\"https:\\\/\\\/www.info-algerie.com\\\/actualites\\\/?s={search_term_string}\"},\"query-input\":{\"@type\":\"PropertyValueSpecification\",\"valueRequired\":true,\"valueName\":\"search_term_string\"}}],\"inLanguage\":\"fr-FR\"},{\"@type\":\"Organization\",\"@id\":\"https:\\\/\\\/www.info-algerie.com\\\/actualites\\\/#organization\",\"name\":\"info algerie\",\"url\":\"https:\\\/\\\/www.info-algerie.com\\\/actualites\\\/\",\"logo\":{\"@type\":\"ImageObject\",\"inLanguage\":\"fr-FR\",\"@id\":\"https:\\\/\\\/www.info-algerie.com\\\/actualites\\\/#\\\/schema\\\/logo\\\/image\\\/\",\"url\":\"https:\\\/\\\/www.info-algerie.com\\\/actualites\\\/wp-content\\\/uploads\\\/2022\\\/07\\\/logo-ia-120.png\",\"contentUrl\":\"https:\\\/\\\/www.info-algerie.com\\\/actualites\\\/wp-content\\\/uploads\\\/2022\\\/07\\\/logo-ia-120.png\",\"width\":120,\"height\":43,\"caption\":\"info algerie\"},\"image\":{\"@id\":\"https:\\\/\\\/www.info-algerie.com\\\/actualites\\\/#\\\/schema\\\/logo\\\/image\\\/\"},\"sameAs\":[\"https:\\\/\\\/www.facebook.com\\\/infoalgerieactu\",\"https:\\\/\\\/x.com\\\/infoalgerie1\"]},{\"@type\":\"Person\",\"@id\":\"https:\\\/\\\/www.info-algerie.com\\\/actualites\\\/#\\\/schema\\\/person\\\/847aaec44920825b843a08f30ec6aa1e\",\"name\":\"La r\u00e9daction\",\"image\":{\"@type\":\"ImageObject\",\"inLanguage\":\"fr-FR\",\"@id\":\"https:\\\/\\\/secure.gravatar.com\\\/avatar\\\/769db425c6f465158149f1ffd6cf61ce7a8a879d11dfbef8288af36dfddd418c?s=96&d=mm&r=g\",\"url\":\"https:\\\/\\\/secure.gravatar.com\\\/avatar\\\/769db425c6f465158149f1ffd6cf61ce7a8a879d11dfbef8288af36dfddd418c?s=96&d=mm&r=g\",\"contentUrl\":\"https:\\\/\\\/secure.gravatar.com\\\/avatar\\\/769db425c6f465158149f1ffd6cf61ce7a8a879d11dfbef8288af36dfddd418c?s=96&d=mm&r=g\",\"caption\":\"La r\u00e9daction\"},\"sameAs\":[\"http:\\\/\\\/www.lkeria.com\\\/\"],\"url\":\"https:\\\/\\\/www.info-algerie.com\\\/actualites\\\/author\\\/chakib32\\\/\"}]}<\/script>\n<!-- \/ Yoast SEO plugin. -->","yoast_head_json":{"title":"D\u00e9c\u00e8s de la correspondante du journal El-Nahar dans un accident de la route\u00a0 \u00e0 Bouira \u00a0 - info algerie","robots":{"index":"index","follow":"follow","max-snippet":"max-snippet:-1","max-image-preview":"max-image-preview:large","max-video-preview":"max-video-preview:-1"},"canonical":"https:\/\/www.info-algerie.com\/actualites\/deces-de-la-correspondante-du-journal-el-nahar-dans-un-accident-de-la-route-a-bouira\/","og_locale":"fr_FR","og_type":"article","og_title":"D\u00e9c\u00e8s de la correspondante du journal El-Nahar dans un accident de la route\u00a0 \u00e0 Bouira \u00a0 - info algerie","og_description":"BOUIRA &#8211; La correspondante du quotidien El-Nahar \u00e0\u00a0 El-Oued, Sakina Belaroussi, a trouv\u00e9 la mort dimanche apr\u00e8s midi dans un\u00a0 accident survenu sur l\u2019autoroute Est-Ouest au niveau de l\u2019\u00e9changeur\u00a0 d\u2019El-Adjiba (est de Bouira), a-t-on appris lundi \u00e0 la protection civile. &#013; &#013; La victime \u00e9tait \u00e0 bord de son v\u00e9hicule touristique, qui a d\u00e9rap\u00e9 sur\u00a0","og_url":"https:\/\/www.info-algerie.com\/actualites\/deces-de-la-correspondante-du-journal-el-nahar-dans-un-accident-de-la-route-a-bouira\/","og_site_name":"info algerie","article_publisher":"https:\/\/www.facebook.com\/infoalgerieactu","article_published_time":"2017-05-29T13:05:48+00:00","author":"La r\u00e9daction","twitter_misc":{"\u00c9crit par":"La r\u00e9daction","Dur\u00e9e de lecture estim\u00e9e":"1 minute"},"schema":{"@context":"https:\/\/schema.org","@graph":[{"@type":"Article","@id":"https:\/\/www.info-algerie.com\/actualites\/deces-de-la-correspondante-du-journal-el-nahar-dans-un-accident-de-la-route-a-bouira\/#article","isPartOf":{"@id":"https:\/\/www.info-algerie.com\/actualites\/deces-de-la-correspondante-du-journal-el-nahar-dans-un-accident-de-la-route-a-bouira\/"},"author":{"name":"La r\u00e9daction","@id":"https:\/\/www.info-algerie.com\/actualites\/#\/schema\/person\/847aaec44920825b843a08f30ec6aa1e"},"headline":"D\u00e9c\u00e8s de la correspondante du journal El-Nahar dans un accident de la route\u00a0 \u00e0 Bouira \u00a0","datePublished":"2017-05-29T13:05:48+00:00","mainEntityOfPage":{"@id":"https:\/\/www.info-algerie.com\/actualites\/deces-de-la-correspondante-du-journal-el-nahar-dans-un-accident-de-la-route-a-bouira\/"},"wordCount":226,"commentCount":0,"publisher":{"@id":"https:\/\/www.info-algerie.com\/actualites\/#organization"},"keywords":["ONU"],"articleSection":["infos"],"inLanguage":"fr-FR","potentialAction":[{"@type":"CommentAction","name":"Comment","target":["https:\/\/www.info-algerie.com\/actualites\/deces-de-la-correspondante-du-journal-el-nahar-dans-un-accident-de-la-route-a-bouira\/#respond"]}]},{"@type":"WebPage","@id":"https:\/\/www.info-algerie.com\/actualites\/deces-de-la-correspondante-du-journal-el-nahar-dans-un-accident-de-la-route-a-bouira\/","url":"https:\/\/www.info-algerie.com\/actualites\/deces-de-la-correspondante-du-journal-el-nahar-dans-un-accident-de-la-route-a-bouira\/","name":"D\u00e9c\u00e8s de la correspondante du journal El-Nahar dans un accident de la route\u00a0 \u00e0 Bouira \u00a0 - info algerie","isPartOf":{"@id":"https:\/\/www.info-algerie.com\/actualites\/#website"},"datePublished":"2017-05-29T13:05:48+00:00","breadcrumb":{"@id":"https:\/\/www.info-algerie.com\/actualites\/deces-de-la-correspondante-du-journal-el-nahar-dans-un-accident-de-la-route-a-bouira\/#breadcrumb"},"inLanguage":"fr-FR","potentialAction":[{"@type":"ReadAction","target":["https:\/\/www.info-algerie.com\/actualites\/deces-de-la-correspondante-du-journal-el-nahar-dans-un-accident-de-la-route-a-bouira\/"]}]},{"@type":"BreadcrumbList","@id":"https:\/\/www.info-algerie.com\/actualites\/deces-de-la-correspondante-du-journal-el-nahar-dans-un-accident-de-la-route-a-bouira\/#breadcrumb","itemListElement":[{"@type":"ListItem","position":1,"name":"Accueil","item":"https:\/\/www.info-algerie.com\/actualites\/"},{"@type":"ListItem","position":2,"name":"D\u00e9c\u00e8s de la correspondante du journal El-Nahar dans un accident de la route\u00a0 \u00e0 Bouira \u00a0"}]},{"@type":"WebSite","@id":"https:\/\/www.info-algerie.com\/actualites\/#website","url":"https:\/\/www.info-algerie.com\/actualites\/","name":"info algerie","description":"Toutes les actualit\u00e9s","publisher":{"@id":"https:\/\/www.info-algerie.com\/actualites\/#organization"},"potentialAction":[{"@type":"SearchAction","target":{"@type":"EntryPoint","urlTemplate":"https:\/\/www.info-algerie.com\/actualites\/?s={search_term_string}"},"query-input":{"@type":"PropertyValueSpecification","valueRequired":true,"valueName":"search_term_string"}}],"inLanguage":"fr-FR"},{"@type":"Organization","@id":"https:\/\/www.info-algerie.com\/actualites\/#organization","name":"info algerie","url":"https:\/\/www.info-algerie.com\/actualites\/","logo":{"@type":"ImageObject","inLanguage":"fr-FR","@id":"https:\/\/www.info-algerie.com\/actualites\/#\/schema\/logo\/image\/","url":"https:\/\/www.info-algerie.com\/actualites\/wp-content\/uploads\/2022\/07\/logo-ia-120.png","contentUrl":"https:\/\/www.info-algerie.com\/actualites\/wp-content\/uploads\/2022\/07\/logo-ia-120.png","width":120,"height":43,"caption":"info algerie"},"image":{"@id":"https:\/\/www.info-algerie.com\/actualites\/#\/schema\/logo\/image\/"},"sameAs":["https:\/\/www.facebook.com\/infoalgerieactu","https:\/\/x.com\/infoalgerie1"]},{"@type":"Person","@id":"https:\/\/www.info-algerie.com\/actualites\/#\/schema\/person\/847aaec44920825b843a08f30ec6aa1e","name":"La r\u00e9daction","image":{"@type":"ImageObject","inLanguage":"fr-FR","@id":"https:\/\/secure.gravatar.com\/avatar\/769db425c6f465158149f1ffd6cf61ce7a8a879d11dfbef8288af36dfddd418c?s=96&d=mm&r=g","url":"https:\/\/secure.gravatar.com\/avatar\/769db425c6f465158149f1ffd6cf61ce7a8a879d11dfbef8288af36dfddd418c?s=96&d=mm&r=g","contentUrl":"https:\/\/secure.gravatar.com\/avatar\/769db425c6f465158149f1ffd6cf61ce7a8a879d11dfbef8288af36dfddd418c?s=96&d=mm&r=g","caption":"La r\u00e9daction"},"sameAs":["http:\/\/www.lkeria.com\/"],"url":"https:\/\/www.info-algerie.com\/actualites\/author\/chakib32\/"}]}},"_links":{"self":[{"href":"https:\/\/www.info-algerie.com\/actualites\/wp-json\/wp\/v2\/posts\/12677","targetHints":{"allow":["GET"]}}],"collection":[{"href":"https:\/\/www.info-algerie.com\/actualites\/wp-json\/wp\/v2\/posts"}],"about":[{"href":"https:\/\/www.info-algerie.com\/actualites\/wp-json\/wp\/v2\/types\/post"}],"author":[{"embeddable":true,"href":"https:\/\/www.info-algerie.com\/actualites\/wp-json\/wp\/v2\/users\/6"}],"replies":[{"embeddable":true,"href":"https:\/\/www.info-algerie.com\/actualites\/wp-json\/wp\/v2\/comments?post=12677"}],"version-history":[{"count":0,"href":"https:\/\/www.info-algerie.com\/actualites\/wp-json\/wp\/v2\/posts\/12677\/revisions"}],"wp:attachment":[{"href":"https:\/\/www.info-algerie.com\/actualites\/wp-json\/wp\/v2\/media?parent=12677"}],"wp:term":[{"taxonomy":"category","embeddable":true,"href":"https:\/\/www.info-algerie.com\/actualites\/wp-json\/wp\/v2\/categories?post=12677"},{"taxonomy":"post_tag","embeddable":true,"href":"https:\/\/www.info-algerie.com\/actualites\/wp-json\/wp\/v2\/tags?post=12677"}],"curies":[{"name":"wp","href":"https:\/\/api.w.org\/{rel}","templated":true}]}}