{"id":12686,"date":"2017-05-29T17:10:56","date_gmt":"2017-05-29T16:10:56","guid":{"rendered":"http:\/\/www.info-algerie.com\/actualites\/un-journaliste-del-watan-arrete-au-maroc\/"},"modified":"2017-05-29T17:10:56","modified_gmt":"2017-05-29T16:10:56","slug":"un-journaliste-del-watan-arrete-au-maroc","status":"publish","type":"post","link":"https:\/\/www.info-algerie.com\/actualites\/un-journaliste-del-watan-arrete-au-maroc\/","title":{"rendered":"Un journaliste d&#039;El Watan arr\u00eat\u00e9 au Maroc"},"content":{"rendered":"<div class=\"K2FeedImage\"><img decoding=\"async\" src=\"https:\/\/www.info-algerie.com\/actualites\/wp-content\/uploads\/2017\/05\/a6306c10dd668490c1bdbb7d68323c63_S.jpg\" alt=\"Un journaliste d'El Watan arr&#xEA;t&#xE9; au Maroc\" \/><\/div>\n<div class=\"K2FeedIntroText\">\n<p class=\"MsoNoSpacing\">ALGER &#8211; Le journaliste du quotidien El Watan, Djamel\u00a0 Alilat a \u00e9t\u00e9 arr\u00eat\u00e9 dimanche par les autorit\u00e9s marocaines, alors qu&rsquo;il\u00a0 couvrait les manifestations dans la r\u00e9gion du Rif (Nord du Maroc), a\u00a0 indiqu\u00e9 le directeur de la publication de ce journal, Omar Belhouchet.<\/p>\n<p>&#013;\n<\/p><\/div>\n<div class=\"K2FeedFullText\">&#013;<\/p>\n<p class=\"MsoNoSpacing\">M. Belhouchet a soulign\u00e9 dans une d\u00e9claration \u00e0 l&rsquo;APS, que Djamel Alilat\u00a0 avait \u00e9t\u00e9 envoy\u00e9 pour couvrir les \u00e9v\u00e8nements qui secouent le Rif marocain,\u00a0 ajoutant souhaiter \u00ab\u00a0le voir lib\u00e9r\u00e9 au plus vite\u00a0\u00bb.<\/p>\n<p>&#013;<\/p>\n<p class=\"MsoNoSpacing\">\u00ab\u00a0Nous sommes choqu\u00e9s, extr\u00eamement pr\u00e9occup\u00e9s et tr\u00e8s inquiets parce qu&rsquo;il\u00a0 est dans les locaux de la police et nous sommes sans nouvelles de lui\u00a0\u00bb, a\u00a0 indiqu\u00e9 M. Belhouchet, pr\u00e9cisant que le journaliste avait \u00e9t\u00e9 arr\u00eat\u00e9\u00a0 dimanche \u00e0 22H. Il a ajout\u00e9 qu&rsquo;il avait contact\u00e9 les autorit\u00e9s alg\u00e9riennes \u00ab\u00a0pour venir en\u00a0 aide\u00a0\u00bb \u00e0 ce journaliste.<\/p>\n<p>&#013;<\/p>\n<p class=\"MsoNoSpacing\">De son c\u00f4t\u00e9, Farid Alilat, fr\u00e8re du journaliste et lui-m\u00eame, journaliste\u00a0 au magazine Jeune Afrique, \u00e9tabli en France, a indiqu\u00e9, pour l&rsquo;instant,\u00a0 qu&rsquo;il \u00e9tait sans aucune nouvelle de son fr\u00e8re, ajoutant sur son compte\u00a0 Facebook que son fr\u00e8re devrait \u00eatre expuls\u00e9 du Maroc, dans les heures qui\u00a0 viennent.<\/p>\n<p>&#013;<\/p>\n<p class=\"MsoNoSpacing\">Pour sa part, le syndicat national des journalistes (SNJ), a d\u00e9nonc\u00e9 \u00ab\u00a0avec\u00a0 force\u00a0\u00bb, l\u2019attitude des autorit\u00e9s marocaines pour cette arrestation \u00ab\u00a0brutale\u00a0 et abusive, et que rien ne saurait justifier\u00a0\u00bb. Le SNJ a exig\u00e9 la lib\u00e9ration \u00ab\u00a0imm\u00e9diate\u00a0\u00bb du journaliste, \u00ab\u00a0et met en garde\u00a0 contre toute atteinte, physique ou morale de l\u2019envoy\u00e9 sp\u00e9cial d\u2019El Watan\u00a0\u00bb .<\/p>\n<p>&#013;<\/p>\n<p class=\"MsoNoSpacing\">Le Syndicat note, \u00ab\u00a0avec regret, l\u2019attitude peu confraternelle de certains\u00a0 m\u00e9dias marocains qui m\u00e8nent une campagne de propagande hyst\u00e9rique,\u00a0 appartenant \u00e0 un autre temps et \u00e0 un autre m\u00e9tier, juste pour diaboliser un\u00a0 journaliste dont le seul tort est d\u2019\u00eatre de nationalit\u00e9 alg\u00e9rienne !\u00a0\u00bb.<\/p>\n<p>&#013;<\/p>\n<p class=\"MsoNoSpacing\">Le SNJ qui suit \u00ab\u00a0de tr\u00e8s pr\u00e8s cette affaire\u00a0\u00bb, a relev\u00e9 qu&rsquo;il n\u2019avait pas\u00a0 manqu\u00e9 de saisir les autorit\u00e9s gouvernementales alg\u00e9riennes pour prendre\u00a0 \u00ab\u00a0toutes les mesures n\u00e9cessaires\u00a0\u00bb pour la lib\u00e9ration \u00ab\u00a0imm\u00e9diate de notre\u00a0 confr\u00e8re et dans les meilleures conditions\u00a0\u00bb.<\/p>\n<p>&#013;<\/p>\n<p class=\"MsoNoSpacing\">Par ailleurs, Le SNJ a interpell\u00e9 toutes les organisations\u00a0 internationales, notamment la F\u00e9d\u00e9ration internationale des journalistes en\u00a0 vue de d\u00e9noncer cet \u00ab\u00a0acte abject du gouvernement marocain\u00a0\u00bb.\u00a0La r\u00e9gion Rif, est secou\u00e9e depuis six mois par un mouvement de\u00a0 contestation populaire pour exiger le d\u00e9veloppement de la r\u00e9gion.Les\u00a0 manifestations, avec \u00e0 chaque fois des incidents violents entre\u00a0 manifestants et policiers, se sont acc\u00e9l\u00e9r\u00e9es ces derniers jours et la\u00a0 police a proc\u00e9d\u00e9 \u00e0 l&rsquo;arrestation de dizaines de personnes.<\/p>\n<\/div>\n<p>&#013;<br \/>\nSource: <a href=\"http:\/\/www.aps.dz\/algerie\/58344-un-journaliste-d-el-watan-arrete-au-maroc\" target=\"_blank\">Un journaliste d&rsquo;El Watan arr\u00eat\u00e9 au Maroc<\/a><\/p>\n<!--CusAds0-->\n<div style=\"font-size: 0px; height: 0px; line-height: 0px; margin: 0; padding: 0; clear: both;\"><\/div>","protected":false},"excerpt":{"rendered":"<p>ALGER &#8211; Le journaliste du quotidien El Watan, Djamel\u00a0 Alilat a \u00e9t\u00e9 arr\u00eat\u00e9 dimanche par les autorit\u00e9s marocaines, alors qu&rsquo;il\u00a0 couvrait les manifestations dans la r\u00e9gion du Rif (Nord du Maroc), a\u00a0 indiqu\u00e9 le directeur de la publication de ce journal, Omar Belhouchet. &#013; &#013; M. Belhouchet a soulign\u00e9 dans une d\u00e9claration \u00e0 l&rsquo;APS, que<\/p>\n","protected":false},"author":6,"featured_media":12687,"comment_status":"open","ping_status":"open","sticky":false,"template":"","format":"standard","meta":{"footnotes":""},"categories":[22],"tags":[93],"class_list":["post-12686","post","type-post","status-publish","format-standard","has-post-thumbnail","hentry","category-infos","tag-onu"],"yoast_head":"<!-- This site is optimized with the Yoast SEO plugin v27.5 - https:\/\/yoast.com\/product\/yoast-seo-wordpress\/ -->\n<title>Un journaliste d&#039;El Watan arr\u00eat\u00e9 au Maroc - info algerie<\/title>\n<meta name=\"robots\" content=\"index, follow, max-snippet:-1, max-image-preview:large, max-video-preview:-1\" \/>\n<link rel=\"canonical\" href=\"https:\/\/www.info-algerie.com\/actualites\/un-journaliste-del-watan-arrete-au-maroc\/\" \/>\n<meta property=\"og:locale\" content=\"fr_FR\" \/>\n<meta property=\"og:type\" content=\"article\" \/>\n<meta property=\"og:title\" content=\"Un journaliste d&#039;El Watan arr\u00eat\u00e9 au Maroc - info algerie\" \/>\n<meta property=\"og:description\" content=\"ALGER &#8211; Le journaliste du quotidien El Watan, Djamel\u00a0 Alilat a \u00e9t\u00e9 arr\u00eat\u00e9 dimanche par les autorit\u00e9s marocaines, alors qu&rsquo;il\u00a0 couvrait les manifestations dans la r\u00e9gion du Rif (Nord du Maroc), a\u00a0 indiqu\u00e9 le directeur de la publication de ce journal, Omar Belhouchet. &#013; &#013; M. Belhouchet a soulign\u00e9 dans une d\u00e9claration \u00e0 l&rsquo;APS, que\" \/>\n<meta property=\"og:url\" content=\"https:\/\/www.info-algerie.com\/actualites\/un-journaliste-del-watan-arrete-au-maroc\/\" \/>\n<meta property=\"og:site_name\" content=\"info algerie\" \/>\n<meta property=\"article:publisher\" content=\"https:\/\/www.facebook.com\/infoalgerieactu\" \/>\n<meta property=\"article:published_time\" content=\"2017-05-29T16:10:56+00:00\" \/>\n<meta property=\"og:image\" content=\"https:\/\/www.info-algerie.com\/actualites\/wp-content\/uploads\/2017\/05\/a6306c10dd668490c1bdbb7d68323c63_S-1.jpg\" \/>\n\t<meta property=\"og:image:width\" content=\"280\" \/>\n\t<meta property=\"og:image:height\" content=\"168\" \/>\n\t<meta property=\"og:image:type\" content=\"image\/jpeg\" \/>\n<meta name=\"author\" content=\"La r\u00e9daction\" \/>\n<meta name=\"twitter:label1\" content=\"\u00c9crit par\" \/>\n\t<meta name=\"twitter:data1\" content=\"La r\u00e9daction\" \/>\n\t<meta name=\"twitter:label2\" content=\"Dur\u00e9e de lecture estim\u00e9e\" \/>\n\t<meta name=\"twitter:data2\" content=\"2 minutes\" \/>\n<script type=\"application\/ld+json\" class=\"yoast-schema-graph\">{\"@context\":\"https:\\\/\\\/schema.org\",\"@graph\":[{\"@type\":\"Article\",\"@id\":\"https:\\\/\\\/www.info-algerie.com\\\/actualites\\\/un-journaliste-del-watan-arrete-au-maroc\\\/#article\",\"isPartOf\":{\"@id\":\"https:\\\/\\\/www.info-algerie.com\\\/actualites\\\/un-journaliste-del-watan-arrete-au-maroc\\\/\"},\"author\":{\"name\":\"La r\u00e9daction\",\"@id\":\"https:\\\/\\\/www.info-algerie.com\\\/actualites\\\/#\\\/schema\\\/person\\\/847aaec44920825b843a08f30ec6aa1e\"},\"headline\":\"Un journaliste d&#039;El Watan arr\u00eat\u00e9 au Maroc\",\"datePublished\":\"2017-05-29T16:10:56+00:00\",\"mainEntityOfPage\":{\"@id\":\"https:\\\/\\\/www.info-algerie.com\\\/actualites\\\/un-journaliste-del-watan-arrete-au-maroc\\\/\"},\"wordCount\":464,\"commentCount\":0,\"publisher\":{\"@id\":\"https:\\\/\\\/www.info-algerie.com\\\/actualites\\\/#organization\"},\"image\":{\"@id\":\"https:\\\/\\\/www.info-algerie.com\\\/actualites\\\/un-journaliste-del-watan-arrete-au-maroc\\\/#primaryimage\"},\"thumbnailUrl\":\"https:\\\/\\\/www.info-algerie.com\\\/actualites\\\/wp-content\\\/uploads\\\/2017\\\/05\\\/a6306c10dd668490c1bdbb7d68323c63_S-1.jpg\",\"keywords\":[\"ONU\"],\"articleSection\":[\"infos\"],\"inLanguage\":\"fr-FR\",\"potentialAction\":[{\"@type\":\"CommentAction\",\"name\":\"Comment\",\"target\":[\"https:\\\/\\\/www.info-algerie.com\\\/actualites\\\/un-journaliste-del-watan-arrete-au-maroc\\\/#respond\"]}]},{\"@type\":\"WebPage\",\"@id\":\"https:\\\/\\\/www.info-algerie.com\\\/actualites\\\/un-journaliste-del-watan-arrete-au-maroc\\\/\",\"url\":\"https:\\\/\\\/www.info-algerie.com\\\/actualites\\\/un-journaliste-del-watan-arrete-au-maroc\\\/\",\"name\":\"Un journaliste d&#039;El Watan arr\u00eat\u00e9 au Maroc - info algerie\",\"isPartOf\":{\"@id\":\"https:\\\/\\\/www.info-algerie.com\\\/actualites\\\/#website\"},\"primaryImageOfPage\":{\"@id\":\"https:\\\/\\\/www.info-algerie.com\\\/actualites\\\/un-journaliste-del-watan-arrete-au-maroc\\\/#primaryimage\"},\"image\":{\"@id\":\"https:\\\/\\\/www.info-algerie.com\\\/actualites\\\/un-journaliste-del-watan-arrete-au-maroc\\\/#primaryimage\"},\"thumbnailUrl\":\"https:\\\/\\\/www.info-algerie.com\\\/actualites\\\/wp-content\\\/uploads\\\/2017\\\/05\\\/a6306c10dd668490c1bdbb7d68323c63_S-1.jpg\",\"datePublished\":\"2017-05-29T16:10:56+00:00\",\"breadcrumb\":{\"@id\":\"https:\\\/\\\/www.info-algerie.com\\\/actualites\\\/un-journaliste-del-watan-arrete-au-maroc\\\/#breadcrumb\"},\"inLanguage\":\"fr-FR\",\"potentialAction\":[{\"@type\":\"ReadAction\",\"target\":[\"https:\\\/\\\/www.info-algerie.com\\\/actualites\\\/un-journaliste-del-watan-arrete-au-maroc\\\/\"]}]},{\"@type\":\"ImageObject\",\"inLanguage\":\"fr-FR\",\"@id\":\"https:\\\/\\\/www.info-algerie.com\\\/actualites\\\/un-journaliste-del-watan-arrete-au-maroc\\\/#primaryimage\",\"url\":\"https:\\\/\\\/www.info-algerie.com\\\/actualites\\\/wp-content\\\/uploads\\\/2017\\\/05\\\/a6306c10dd668490c1bdbb7d68323c63_S-1.jpg\",\"contentUrl\":\"https:\\\/\\\/www.info-algerie.com\\\/actualites\\\/wp-content\\\/uploads\\\/2017\\\/05\\\/a6306c10dd668490c1bdbb7d68323c63_S-1.jpg\",\"width\":280,\"height\":168},{\"@type\":\"BreadcrumbList\",\"@id\":\"https:\\\/\\\/www.info-algerie.com\\\/actualites\\\/un-journaliste-del-watan-arrete-au-maroc\\\/#breadcrumb\",\"itemListElement\":[{\"@type\":\"ListItem\",\"position\":1,\"name\":\"Accueil\",\"item\":\"https:\\\/\\\/www.info-algerie.com\\\/actualites\\\/\"},{\"@type\":\"ListItem\",\"position\":2,\"name\":\"Un journaliste d&#039;El Watan arr\u00eat\u00e9 au Maroc\"}]},{\"@type\":\"WebSite\",\"@id\":\"https:\\\/\\\/www.info-algerie.com\\\/actualites\\\/#website\",\"url\":\"https:\\\/\\\/www.info-algerie.com\\\/actualites\\\/\",\"name\":\"info algerie\",\"description\":\"Toutes les actualit\u00e9s\",\"publisher\":{\"@id\":\"https:\\\/\\\/www.info-algerie.com\\\/actualites\\\/#organization\"},\"potentialAction\":[{\"@type\":\"SearchAction\",\"target\":{\"@type\":\"EntryPoint\",\"urlTemplate\":\"https:\\\/\\\/www.info-algerie.com\\\/actualites\\\/?s={search_term_string}\"},\"query-input\":{\"@type\":\"PropertyValueSpecification\",\"valueRequired\":true,\"valueName\":\"search_term_string\"}}],\"inLanguage\":\"fr-FR\"},{\"@type\":\"Organization\",\"@id\":\"https:\\\/\\\/www.info-algerie.com\\\/actualites\\\/#organization\",\"name\":\"info algerie\",\"url\":\"https:\\\/\\\/www.info-algerie.com\\\/actualites\\\/\",\"logo\":{\"@type\":\"ImageObject\",\"inLanguage\":\"fr-FR\",\"@id\":\"https:\\\/\\\/www.info-algerie.com\\\/actualites\\\/#\\\/schema\\\/logo\\\/image\\\/\",\"url\":\"https:\\\/\\\/www.info-algerie.com\\\/actualites\\\/wp-content\\\/uploads\\\/2022\\\/07\\\/logo-ia-120.png\",\"contentUrl\":\"https:\\\/\\\/www.info-algerie.com\\\/actualites\\\/wp-content\\\/uploads\\\/2022\\\/07\\\/logo-ia-120.png\",\"width\":120,\"height\":43,\"caption\":\"info algerie\"},\"image\":{\"@id\":\"https:\\\/\\\/www.info-algerie.com\\\/actualites\\\/#\\\/schema\\\/logo\\\/image\\\/\"},\"sameAs\":[\"https:\\\/\\\/www.facebook.com\\\/infoalgerieactu\",\"https:\\\/\\\/x.com\\\/infoalgerie1\"]},{\"@type\":\"Person\",\"@id\":\"https:\\\/\\\/www.info-algerie.com\\\/actualites\\\/#\\\/schema\\\/person\\\/847aaec44920825b843a08f30ec6aa1e\",\"name\":\"La r\u00e9daction\",\"image\":{\"@type\":\"ImageObject\",\"inLanguage\":\"fr-FR\",\"@id\":\"https:\\\/\\\/secure.gravatar.com\\\/avatar\\\/769db425c6f465158149f1ffd6cf61ce7a8a879d11dfbef8288af36dfddd418c?s=96&d=mm&r=g\",\"url\":\"https:\\\/\\\/secure.gravatar.com\\\/avatar\\\/769db425c6f465158149f1ffd6cf61ce7a8a879d11dfbef8288af36dfddd418c?s=96&d=mm&r=g\",\"contentUrl\":\"https:\\\/\\\/secure.gravatar.com\\\/avatar\\\/769db425c6f465158149f1ffd6cf61ce7a8a879d11dfbef8288af36dfddd418c?s=96&d=mm&r=g\",\"caption\":\"La r\u00e9daction\"},\"sameAs\":[\"http:\\\/\\\/www.lkeria.com\\\/\"],\"url\":\"https:\\\/\\\/www.info-algerie.com\\\/actualites\\\/author\\\/chakib32\\\/\"}]}<\/script>\n<!-- \/ Yoast SEO plugin. -->","yoast_head_json":{"title":"Un journaliste d&#039;El Watan arr\u00eat\u00e9 au Maroc - info algerie","robots":{"index":"index","follow":"follow","max-snippet":"max-snippet:-1","max-image-preview":"max-image-preview:large","max-video-preview":"max-video-preview:-1"},"canonical":"https:\/\/www.info-algerie.com\/actualites\/un-journaliste-del-watan-arrete-au-maroc\/","og_locale":"fr_FR","og_type":"article","og_title":"Un journaliste d&#039;El Watan arr\u00eat\u00e9 au Maroc - info algerie","og_description":"ALGER &#8211; Le journaliste du quotidien El Watan, Djamel\u00a0 Alilat a \u00e9t\u00e9 arr\u00eat\u00e9 dimanche par les autorit\u00e9s marocaines, alors qu&rsquo;il\u00a0 couvrait les manifestations dans la r\u00e9gion du Rif (Nord du Maroc), a\u00a0 indiqu\u00e9 le directeur de la publication de ce journal, Omar Belhouchet. &#013; &#013; M. Belhouchet a soulign\u00e9 dans une d\u00e9claration \u00e0 l&rsquo;APS, que","og_url":"https:\/\/www.info-algerie.com\/actualites\/un-journaliste-del-watan-arrete-au-maroc\/","og_site_name":"info algerie","article_publisher":"https:\/\/www.facebook.com\/infoalgerieactu","article_published_time":"2017-05-29T16:10:56+00:00","og_image":[{"width":280,"height":168,"url":"https:\/\/www.info-algerie.com\/actualites\/wp-content\/uploads\/2017\/05\/a6306c10dd668490c1bdbb7d68323c63_S-1.jpg","type":"image\/jpeg"}],"author":"La r\u00e9daction","twitter_misc":{"\u00c9crit par":"La r\u00e9daction","Dur\u00e9e de lecture estim\u00e9e":"2 minutes"},"schema":{"@context":"https:\/\/schema.org","@graph":[{"@type":"Article","@id":"https:\/\/www.info-algerie.com\/actualites\/un-journaliste-del-watan-arrete-au-maroc\/#article","isPartOf":{"@id":"https:\/\/www.info-algerie.com\/actualites\/un-journaliste-del-watan-arrete-au-maroc\/"},"author":{"name":"La r\u00e9daction","@id":"https:\/\/www.info-algerie.com\/actualites\/#\/schema\/person\/847aaec44920825b843a08f30ec6aa1e"},"headline":"Un journaliste d&#039;El Watan arr\u00eat\u00e9 au Maroc","datePublished":"2017-05-29T16:10:56+00:00","mainEntityOfPage":{"@id":"https:\/\/www.info-algerie.com\/actualites\/un-journaliste-del-watan-arrete-au-maroc\/"},"wordCount":464,"commentCount":0,"publisher":{"@id":"https:\/\/www.info-algerie.com\/actualites\/#organization"},"image":{"@id":"https:\/\/www.info-algerie.com\/actualites\/un-journaliste-del-watan-arrete-au-maroc\/#primaryimage"},"thumbnailUrl":"https:\/\/www.info-algerie.com\/actualites\/wp-content\/uploads\/2017\/05\/a6306c10dd668490c1bdbb7d68323c63_S-1.jpg","keywords":["ONU"],"articleSection":["infos"],"inLanguage":"fr-FR","potentialAction":[{"@type":"CommentAction","name":"Comment","target":["https:\/\/www.info-algerie.com\/actualites\/un-journaliste-del-watan-arrete-au-maroc\/#respond"]}]},{"@type":"WebPage","@id":"https:\/\/www.info-algerie.com\/actualites\/un-journaliste-del-watan-arrete-au-maroc\/","url":"https:\/\/www.info-algerie.com\/actualites\/un-journaliste-del-watan-arrete-au-maroc\/","name":"Un journaliste d&#039;El Watan arr\u00eat\u00e9 au Maroc - info algerie","isPartOf":{"@id":"https:\/\/www.info-algerie.com\/actualites\/#website"},"primaryImageOfPage":{"@id":"https:\/\/www.info-algerie.com\/actualites\/un-journaliste-del-watan-arrete-au-maroc\/#primaryimage"},"image":{"@id":"https:\/\/www.info-algerie.com\/actualites\/un-journaliste-del-watan-arrete-au-maroc\/#primaryimage"},"thumbnailUrl":"https:\/\/www.info-algerie.com\/actualites\/wp-content\/uploads\/2017\/05\/a6306c10dd668490c1bdbb7d68323c63_S-1.jpg","datePublished":"2017-05-29T16:10:56+00:00","breadcrumb":{"@id":"https:\/\/www.info-algerie.com\/actualites\/un-journaliste-del-watan-arrete-au-maroc\/#breadcrumb"},"inLanguage":"fr-FR","potentialAction":[{"@type":"ReadAction","target":["https:\/\/www.info-algerie.com\/actualites\/un-journaliste-del-watan-arrete-au-maroc\/"]}]},{"@type":"ImageObject","inLanguage":"fr-FR","@id":"https:\/\/www.info-algerie.com\/actualites\/un-journaliste-del-watan-arrete-au-maroc\/#primaryimage","url":"https:\/\/www.info-algerie.com\/actualites\/wp-content\/uploads\/2017\/05\/a6306c10dd668490c1bdbb7d68323c63_S-1.jpg","contentUrl":"https:\/\/www.info-algerie.com\/actualites\/wp-content\/uploads\/2017\/05\/a6306c10dd668490c1bdbb7d68323c63_S-1.jpg","width":280,"height":168},{"@type":"BreadcrumbList","@id":"https:\/\/www.info-algerie.com\/actualites\/un-journaliste-del-watan-arrete-au-maroc\/#breadcrumb","itemListElement":[{"@type":"ListItem","position":1,"name":"Accueil","item":"https:\/\/www.info-algerie.com\/actualites\/"},{"@type":"ListItem","position":2,"name":"Un journaliste d&#039;El Watan arr\u00eat\u00e9 au Maroc"}]},{"@type":"WebSite","@id":"https:\/\/www.info-algerie.com\/actualites\/#website","url":"https:\/\/www.info-algerie.com\/actualites\/","name":"info algerie","description":"Toutes les actualit\u00e9s","publisher":{"@id":"https:\/\/www.info-algerie.com\/actualites\/#organization"},"potentialAction":[{"@type":"SearchAction","target":{"@type":"EntryPoint","urlTemplate":"https:\/\/www.info-algerie.com\/actualites\/?s={search_term_string}"},"query-input":{"@type":"PropertyValueSpecification","valueRequired":true,"valueName":"search_term_string"}}],"inLanguage":"fr-FR"},{"@type":"Organization","@id":"https:\/\/www.info-algerie.com\/actualites\/#organization","name":"info algerie","url":"https:\/\/www.info-algerie.com\/actualites\/","logo":{"@type":"ImageObject","inLanguage":"fr-FR","@id":"https:\/\/www.info-algerie.com\/actualites\/#\/schema\/logo\/image\/","url":"https:\/\/www.info-algerie.com\/actualites\/wp-content\/uploads\/2022\/07\/logo-ia-120.png","contentUrl":"https:\/\/www.info-algerie.com\/actualites\/wp-content\/uploads\/2022\/07\/logo-ia-120.png","width":120,"height":43,"caption":"info algerie"},"image":{"@id":"https:\/\/www.info-algerie.com\/actualites\/#\/schema\/logo\/image\/"},"sameAs":["https:\/\/www.facebook.com\/infoalgerieactu","https:\/\/x.com\/infoalgerie1"]},{"@type":"Person","@id":"https:\/\/www.info-algerie.com\/actualites\/#\/schema\/person\/847aaec44920825b843a08f30ec6aa1e","name":"La r\u00e9daction","image":{"@type":"ImageObject","inLanguage":"fr-FR","@id":"https:\/\/secure.gravatar.com\/avatar\/769db425c6f465158149f1ffd6cf61ce7a8a879d11dfbef8288af36dfddd418c?s=96&d=mm&r=g","url":"https:\/\/secure.gravatar.com\/avatar\/769db425c6f465158149f1ffd6cf61ce7a8a879d11dfbef8288af36dfddd418c?s=96&d=mm&r=g","contentUrl":"https:\/\/secure.gravatar.com\/avatar\/769db425c6f465158149f1ffd6cf61ce7a8a879d11dfbef8288af36dfddd418c?s=96&d=mm&r=g","caption":"La r\u00e9daction"},"sameAs":["http:\/\/www.lkeria.com\/"],"url":"https:\/\/www.info-algerie.com\/actualites\/author\/chakib32\/"}]}},"_links":{"self":[{"href":"https:\/\/www.info-algerie.com\/actualites\/wp-json\/wp\/v2\/posts\/12686","targetHints":{"allow":["GET"]}}],"collection":[{"href":"https:\/\/www.info-algerie.com\/actualites\/wp-json\/wp\/v2\/posts"}],"about":[{"href":"https:\/\/www.info-algerie.com\/actualites\/wp-json\/wp\/v2\/types\/post"}],"author":[{"embeddable":true,"href":"https:\/\/www.info-algerie.com\/actualites\/wp-json\/wp\/v2\/users\/6"}],"replies":[{"embeddable":true,"href":"https:\/\/www.info-algerie.com\/actualites\/wp-json\/wp\/v2\/comments?post=12686"}],"version-history":[{"count":0,"href":"https:\/\/www.info-algerie.com\/actualites\/wp-json\/wp\/v2\/posts\/12686\/revisions"}],"wp:featuredmedia":[{"embeddable":true,"href":"https:\/\/www.info-algerie.com\/actualites\/wp-json\/wp\/v2\/media\/12687"}],"wp:attachment":[{"href":"https:\/\/www.info-algerie.com\/actualites\/wp-json\/wp\/v2\/media?parent=12686"}],"wp:term":[{"taxonomy":"category","embeddable":true,"href":"https:\/\/www.info-algerie.com\/actualites\/wp-json\/wp\/v2\/categories?post=12686"},{"taxonomy":"post_tag","embeddable":true,"href":"https:\/\/www.info-algerie.com\/actualites\/wp-json\/wp\/v2\/tags?post=12686"}],"curies":[{"name":"wp","href":"https:\/\/api.w.org\/{rel}","templated":true}]}}