{"id":12692,"date":"2017-05-29T16:35:26","date_gmt":"2017-05-29T15:35:26","guid":{"rendered":"http:\/\/www.info-algerie.com\/actualites\/la-moudjahida-djamila-bouhired-recompensee-a-amman-du-prix-bahgat-abou-ghriba\/"},"modified":"2017-05-29T16:35:26","modified_gmt":"2017-05-29T15:35:26","slug":"la-moudjahida-djamila-bouhired-recompensee-a-amman-du-prix-bahgat-abou-ghriba","status":"publish","type":"post","link":"https:\/\/www.info-algerie.com\/actualites\/la-moudjahida-djamila-bouhired-recompensee-a-amman-du-prix-bahgat-abou-ghriba\/","title":{"rendered":"La Moudjahida Djamila Bouhired r\u00e9compens\u00e9e \u00e0 Amman du Prix\u00a0&quot;Bahgat Abou Ghriba&quot;"},"content":{"rendered":"<div class=\"K2FeedImage\"><img decoding=\"async\" src=\"https:\/\/www.info-algerie.com\/actualites\/wp-content\/uploads\/2017\/05\/56366974d830fe02d9ed7ba96a1fb254_S.jpg\" \/><\/div>\n<div class=\"K2FeedIntroText\">\n<p class=\"MsoNoSpacing\">AMMAN- La Moudjahida Djamila Bouhired a re\u00e7u le prix\u00a0 jordanien de la culture et de la r\u00e9sistance \u00ab\u00a0Bahgat Abou Ghriba\u00a0\u00bb pour\u00a0 l&rsquo;ann\u00e9e 2007, d\u00e9cern\u00e9 par le Comit\u00e9 des nominations en coordination avec la\u00a0 Ligue des \u00e9crivains jordaniens, a-t-on appris lundi aupr\u00e8s de l&rsquo;ambassade\u00a0 d&rsquo;Alg\u00e9rie \u00e0 Amman.<\/p>\n<p>&#013;\n<\/p><\/div>\n<div class=\"K2FeedFullText\">&#013;<\/p>\n<p class=\"MsoNoSpacing\">Lors d&rsquo;une c\u00e9r\u00e9monie organis\u00e9e \u00e0 Amman, le pr\u00e9sident du Comit\u00e9, Sobhi\u00a0 Ghoucha a indiqu\u00e9 que le Prix \u00ab\u00a0Bahgat Abou Ghriba\u00a0\u00bb\u00a0 se veut une\u00a0 cons\u00e9cration de \u00ab\u00a0la r\u00e9sistance arabe, de l&rsquo;attachement au droit au retour,\u00a0 \u00e0 la lib\u00e9ration et au droit inali\u00e9nable \u00e0 l&rsquo;ensemble du territoire\u00a0 palestinien ainsi que du rejet de toute soumission ou normalisation des\u00a0 relations avec l&rsquo;ennemi\u00a0\u00bb.<\/p>\n<p>&#013;<\/p>\n<p class=\"MsoNoSpacing\">La distinction de la Moudjahida Djamila Bouhired est \u00ab\u00a0une reconnaissance\u00a0 de son r\u00f4le lors de la guerre de lib\u00e9ration en tant que symbole des\u00a0 moudjahidine et mod\u00e8le de lutte et de sacrifice pour ind\u00e9pendance de\u00a0 l&rsquo;Alg\u00e9rie\u00a0\u00bb, a-t-il d\u00e9clar\u00e9.<\/p>\n<p>&#013;<\/p>\n<p class=\"MsoNoSpacing\">Le prix, d\u00e9cern\u00e9 pour la cinqui\u00e8me ann\u00e9e cons\u00e9cutive en comm\u00e9moration de\u00a0 l&rsquo;anniversaire de la disparition d&rsquo;Abou Ghriba, a \u00e9t\u00e9 r\u00e9ceptionn\u00e9, au nom\u00a0 de la Moudjahida, par l&rsquo;attach\u00e9 culturel de l&rsquo;ambassade d&rsquo;Alg\u00e9rie \u00e0 Amman,\u00a0 Ghalib Rezmane, qui a affirm\u00e9 dans une allocution que Djamila Bouhired \u00ab\u00a0est\u00a0 un symbole de la lutte de la femme alg\u00e9rienne durant la guerre de\u00a0 lib\u00e9ration nationale et un exemple de la participation de la femme, aux\u00a0 c\u00f4t\u00e9s de l&rsquo;homme, au processus de lib\u00e9ration nationale pour ind\u00e9pendance et\u00a0 la libert\u00e9\u00a0\u00bb. \u00ab\u00a0Mme Bouhired est une femme que l&rsquo;histoire \u00e0 de tout temps honor\u00e9e et un\u00a0 embl\u00e8me de la dignit\u00e9 arabe, de la libert\u00e9 et de l&rsquo;humanit\u00e9\u00a0\u00bb, a-t-il\u00a0 ajout\u00e9.<\/p>\n<\/div>\n<p>&#013;<br \/>\nSource: <a href=\"http:\/\/www.aps.dz\/algerie\/58339-la-moudjahida-djamila-bouhired-recompense-a-amman-jordanie-du-prix-bahgat-abou-ghriba\" target=\"_blank\">La Moudjahida Djamila Bouhired r\u00e9compens\u00e9e \u00e0 Amman du Prix\u00a0\u00ab\u00a0Bahgat Abou Ghriba\u00a0\u00bb<\/a><\/p>\n<!--CusAds0-->\n<div style=\"font-size: 0px; height: 0px; line-height: 0px; margin: 0; padding: 0; clear: both;\"><\/div>","protected":false},"excerpt":{"rendered":"<p>AMMAN- La Moudjahida Djamila Bouhired a re\u00e7u le prix\u00a0 jordanien de la culture et de la r\u00e9sistance \u00ab\u00a0Bahgat Abou Ghriba\u00a0\u00bb pour\u00a0 l&rsquo;ann\u00e9e 2007, d\u00e9cern\u00e9 par le Comit\u00e9 des nominations en coordination avec la\u00a0 Ligue des \u00e9crivains jordaniens, a-t-on appris lundi aupr\u00e8s de l&rsquo;ambassade\u00a0 d&rsquo;Alg\u00e9rie \u00e0 Amman. &#013; &#013; Lors d&rsquo;une c\u00e9r\u00e9monie organis\u00e9e \u00e0 Amman, le<\/p>\n","protected":false},"author":6,"featured_media":12693,"comment_status":"open","ping_status":"open","sticky":false,"template":"","format":"standard","meta":{"footnotes":""},"categories":[22],"tags":[93],"class_list":["post-12692","post","type-post","status-publish","format-standard","has-post-thumbnail","hentry","category-infos","tag-onu"],"yoast_head":"<!-- This site is optimized with the Yoast SEO plugin v27.5 - https:\/\/yoast.com\/product\/yoast-seo-wordpress\/ -->\n<title>La Moudjahida Djamila Bouhired r\u00e9compens\u00e9e \u00e0 Amman du Prix\u00a0&quot;Bahgat Abou Ghriba&quot; - info algerie<\/title>\n<meta name=\"robots\" content=\"index, follow, max-snippet:-1, max-image-preview:large, max-video-preview:-1\" \/>\n<link rel=\"canonical\" href=\"https:\/\/www.info-algerie.com\/actualites\/la-moudjahida-djamila-bouhired-recompensee-a-amman-du-prix-bahgat-abou-ghriba\/\" \/>\n<meta property=\"og:locale\" content=\"fr_FR\" \/>\n<meta property=\"og:type\" content=\"article\" \/>\n<meta property=\"og:title\" content=\"La Moudjahida Djamila Bouhired r\u00e9compens\u00e9e \u00e0 Amman du Prix\u00a0&quot;Bahgat Abou Ghriba&quot; - info algerie\" \/>\n<meta property=\"og:description\" content=\"AMMAN- La Moudjahida Djamila Bouhired a re\u00e7u le prix\u00a0 jordanien de la culture et de la r\u00e9sistance \u00ab\u00a0Bahgat Abou Ghriba\u00a0\u00bb pour\u00a0 l&rsquo;ann\u00e9e 2007, d\u00e9cern\u00e9 par le Comit\u00e9 des nominations en coordination avec la\u00a0 Ligue des \u00e9crivains jordaniens, a-t-on appris lundi aupr\u00e8s de l&rsquo;ambassade\u00a0 d&rsquo;Alg\u00e9rie \u00e0 Amman. &#013; &#013; Lors d&rsquo;une c\u00e9r\u00e9monie organis\u00e9e \u00e0 Amman, le\" \/>\n<meta property=\"og:url\" content=\"https:\/\/www.info-algerie.com\/actualites\/la-moudjahida-djamila-bouhired-recompensee-a-amman-du-prix-bahgat-abou-ghriba\/\" \/>\n<meta property=\"og:site_name\" content=\"info algerie\" \/>\n<meta property=\"article:publisher\" content=\"https:\/\/www.facebook.com\/infoalgerieactu\" \/>\n<meta property=\"article:published_time\" content=\"2017-05-29T15:35:26+00:00\" \/>\n<meta property=\"og:image\" content=\"https:\/\/www.info-algerie.com\/actualites\/wp-content\/uploads\/2017\/05\/56366974d830fe02d9ed7ba96a1fb254_S-1.jpg\" \/>\n\t<meta property=\"og:image:width\" content=\"280\" \/>\n\t<meta property=\"og:image:height\" content=\"146\" \/>\n\t<meta property=\"og:image:type\" content=\"image\/jpeg\" \/>\n<meta name=\"author\" content=\"La r\u00e9daction\" \/>\n<meta name=\"twitter:label1\" content=\"\u00c9crit par\" \/>\n\t<meta name=\"twitter:data1\" content=\"La r\u00e9daction\" \/>\n\t<meta name=\"twitter:label2\" content=\"Dur\u00e9e de lecture estim\u00e9e\" \/>\n\t<meta name=\"twitter:data2\" content=\"1 minute\" \/>\n<script type=\"application\/ld+json\" class=\"yoast-schema-graph\">{\"@context\":\"https:\\\/\\\/schema.org\",\"@graph\":[{\"@type\":\"Article\",\"@id\":\"https:\\\/\\\/www.info-algerie.com\\\/actualites\\\/la-moudjahida-djamila-bouhired-recompensee-a-amman-du-prix-bahgat-abou-ghriba\\\/#article\",\"isPartOf\":{\"@id\":\"https:\\\/\\\/www.info-algerie.com\\\/actualites\\\/la-moudjahida-djamila-bouhired-recompensee-a-amman-du-prix-bahgat-abou-ghriba\\\/\"},\"author\":{\"name\":\"La r\u00e9daction\",\"@id\":\"https:\\\/\\\/www.info-algerie.com\\\/actualites\\\/#\\\/schema\\\/person\\\/847aaec44920825b843a08f30ec6aa1e\"},\"headline\":\"La Moudjahida Djamila Bouhired r\u00e9compens\u00e9e \u00e0 Amman du Prix\u00a0&quot;Bahgat Abou Ghriba&quot;\",\"datePublished\":\"2017-05-29T15:35:26+00:00\",\"mainEntityOfPage\":{\"@id\":\"https:\\\/\\\/www.info-algerie.com\\\/actualites\\\/la-moudjahida-djamila-bouhired-recompensee-a-amman-du-prix-bahgat-abou-ghriba\\\/\"},\"wordCount\":326,\"commentCount\":0,\"publisher\":{\"@id\":\"https:\\\/\\\/www.info-algerie.com\\\/actualites\\\/#organization\"},\"image\":{\"@id\":\"https:\\\/\\\/www.info-algerie.com\\\/actualites\\\/la-moudjahida-djamila-bouhired-recompensee-a-amman-du-prix-bahgat-abou-ghriba\\\/#primaryimage\"},\"thumbnailUrl\":\"https:\\\/\\\/www.info-algerie.com\\\/actualites\\\/wp-content\\\/uploads\\\/2017\\\/05\\\/56366974d830fe02d9ed7ba96a1fb254_S-1.jpg\",\"keywords\":[\"ONU\"],\"articleSection\":[\"infos\"],\"inLanguage\":\"fr-FR\",\"potentialAction\":[{\"@type\":\"CommentAction\",\"name\":\"Comment\",\"target\":[\"https:\\\/\\\/www.info-algerie.com\\\/actualites\\\/la-moudjahida-djamila-bouhired-recompensee-a-amman-du-prix-bahgat-abou-ghriba\\\/#respond\"]}]},{\"@type\":\"WebPage\",\"@id\":\"https:\\\/\\\/www.info-algerie.com\\\/actualites\\\/la-moudjahida-djamila-bouhired-recompensee-a-amman-du-prix-bahgat-abou-ghriba\\\/\",\"url\":\"https:\\\/\\\/www.info-algerie.com\\\/actualites\\\/la-moudjahida-djamila-bouhired-recompensee-a-amman-du-prix-bahgat-abou-ghriba\\\/\",\"name\":\"La Moudjahida Djamila Bouhired r\u00e9compens\u00e9e \u00e0 Amman du Prix\u00a0&quot;Bahgat Abou Ghriba&quot; - info algerie\",\"isPartOf\":{\"@id\":\"https:\\\/\\\/www.info-algerie.com\\\/actualites\\\/#website\"},\"primaryImageOfPage\":{\"@id\":\"https:\\\/\\\/www.info-algerie.com\\\/actualites\\\/la-moudjahida-djamila-bouhired-recompensee-a-amman-du-prix-bahgat-abou-ghriba\\\/#primaryimage\"},\"image\":{\"@id\":\"https:\\\/\\\/www.info-algerie.com\\\/actualites\\\/la-moudjahida-djamila-bouhired-recompensee-a-amman-du-prix-bahgat-abou-ghriba\\\/#primaryimage\"},\"thumbnailUrl\":\"https:\\\/\\\/www.info-algerie.com\\\/actualites\\\/wp-content\\\/uploads\\\/2017\\\/05\\\/56366974d830fe02d9ed7ba96a1fb254_S-1.jpg\",\"datePublished\":\"2017-05-29T15:35:26+00:00\",\"breadcrumb\":{\"@id\":\"https:\\\/\\\/www.info-algerie.com\\\/actualites\\\/la-moudjahida-djamila-bouhired-recompensee-a-amman-du-prix-bahgat-abou-ghriba\\\/#breadcrumb\"},\"inLanguage\":\"fr-FR\",\"potentialAction\":[{\"@type\":\"ReadAction\",\"target\":[\"https:\\\/\\\/www.info-algerie.com\\\/actualites\\\/la-moudjahida-djamila-bouhired-recompensee-a-amman-du-prix-bahgat-abou-ghriba\\\/\"]}]},{\"@type\":\"ImageObject\",\"inLanguage\":\"fr-FR\",\"@id\":\"https:\\\/\\\/www.info-algerie.com\\\/actualites\\\/la-moudjahida-djamila-bouhired-recompensee-a-amman-du-prix-bahgat-abou-ghriba\\\/#primaryimage\",\"url\":\"https:\\\/\\\/www.info-algerie.com\\\/actualites\\\/wp-content\\\/uploads\\\/2017\\\/05\\\/56366974d830fe02d9ed7ba96a1fb254_S-1.jpg\",\"contentUrl\":\"https:\\\/\\\/www.info-algerie.com\\\/actualites\\\/wp-content\\\/uploads\\\/2017\\\/05\\\/56366974d830fe02d9ed7ba96a1fb254_S-1.jpg\",\"width\":280,\"height\":146},{\"@type\":\"BreadcrumbList\",\"@id\":\"https:\\\/\\\/www.info-algerie.com\\\/actualites\\\/la-moudjahida-djamila-bouhired-recompensee-a-amman-du-prix-bahgat-abou-ghriba\\\/#breadcrumb\",\"itemListElement\":[{\"@type\":\"ListItem\",\"position\":1,\"name\":\"Accueil\",\"item\":\"https:\\\/\\\/www.info-algerie.com\\\/actualites\\\/\"},{\"@type\":\"ListItem\",\"position\":2,\"name\":\"La Moudjahida Djamila Bouhired r\u00e9compens\u00e9e \u00e0 Amman du Prix\u00a0&quot;Bahgat Abou Ghriba&quot;\"}]},{\"@type\":\"WebSite\",\"@id\":\"https:\\\/\\\/www.info-algerie.com\\\/actualites\\\/#website\",\"url\":\"https:\\\/\\\/www.info-algerie.com\\\/actualites\\\/\",\"name\":\"info algerie\",\"description\":\"Toutes les actualit\u00e9s\",\"publisher\":{\"@id\":\"https:\\\/\\\/www.info-algerie.com\\\/actualites\\\/#organization\"},\"potentialAction\":[{\"@type\":\"SearchAction\",\"target\":{\"@type\":\"EntryPoint\",\"urlTemplate\":\"https:\\\/\\\/www.info-algerie.com\\\/actualites\\\/?s={search_term_string}\"},\"query-input\":{\"@type\":\"PropertyValueSpecification\",\"valueRequired\":true,\"valueName\":\"search_term_string\"}}],\"inLanguage\":\"fr-FR\"},{\"@type\":\"Organization\",\"@id\":\"https:\\\/\\\/www.info-algerie.com\\\/actualites\\\/#organization\",\"name\":\"info algerie\",\"url\":\"https:\\\/\\\/www.info-algerie.com\\\/actualites\\\/\",\"logo\":{\"@type\":\"ImageObject\",\"inLanguage\":\"fr-FR\",\"@id\":\"https:\\\/\\\/www.info-algerie.com\\\/actualites\\\/#\\\/schema\\\/logo\\\/image\\\/\",\"url\":\"https:\\\/\\\/www.info-algerie.com\\\/actualites\\\/wp-content\\\/uploads\\\/2022\\\/07\\\/logo-ia-120.png\",\"contentUrl\":\"https:\\\/\\\/www.info-algerie.com\\\/actualites\\\/wp-content\\\/uploads\\\/2022\\\/07\\\/logo-ia-120.png\",\"width\":120,\"height\":43,\"caption\":\"info algerie\"},\"image\":{\"@id\":\"https:\\\/\\\/www.info-algerie.com\\\/actualites\\\/#\\\/schema\\\/logo\\\/image\\\/\"},\"sameAs\":[\"https:\\\/\\\/www.facebook.com\\\/infoalgerieactu\",\"https:\\\/\\\/x.com\\\/infoalgerie1\"]},{\"@type\":\"Person\",\"@id\":\"https:\\\/\\\/www.info-algerie.com\\\/actualites\\\/#\\\/schema\\\/person\\\/847aaec44920825b843a08f30ec6aa1e\",\"name\":\"La r\u00e9daction\",\"image\":{\"@type\":\"ImageObject\",\"inLanguage\":\"fr-FR\",\"@id\":\"https:\\\/\\\/secure.gravatar.com\\\/avatar\\\/769db425c6f465158149f1ffd6cf61ce7a8a879d11dfbef8288af36dfddd418c?s=96&d=mm&r=g\",\"url\":\"https:\\\/\\\/secure.gravatar.com\\\/avatar\\\/769db425c6f465158149f1ffd6cf61ce7a8a879d11dfbef8288af36dfddd418c?s=96&d=mm&r=g\",\"contentUrl\":\"https:\\\/\\\/secure.gravatar.com\\\/avatar\\\/769db425c6f465158149f1ffd6cf61ce7a8a879d11dfbef8288af36dfddd418c?s=96&d=mm&r=g\",\"caption\":\"La r\u00e9daction\"},\"sameAs\":[\"http:\\\/\\\/www.lkeria.com\\\/\"],\"url\":\"https:\\\/\\\/www.info-algerie.com\\\/actualites\\\/author\\\/chakib32\\\/\"}]}<\/script>\n<!-- \/ Yoast SEO plugin. -->","yoast_head_json":{"title":"La Moudjahida Djamila Bouhired r\u00e9compens\u00e9e \u00e0 Amman du Prix\u00a0&quot;Bahgat Abou Ghriba&quot; - info algerie","robots":{"index":"index","follow":"follow","max-snippet":"max-snippet:-1","max-image-preview":"max-image-preview:large","max-video-preview":"max-video-preview:-1"},"canonical":"https:\/\/www.info-algerie.com\/actualites\/la-moudjahida-djamila-bouhired-recompensee-a-amman-du-prix-bahgat-abou-ghriba\/","og_locale":"fr_FR","og_type":"article","og_title":"La Moudjahida Djamila Bouhired r\u00e9compens\u00e9e \u00e0 Amman du Prix\u00a0&quot;Bahgat Abou Ghriba&quot; - info algerie","og_description":"AMMAN- La Moudjahida Djamila Bouhired a re\u00e7u le prix\u00a0 jordanien de la culture et de la r\u00e9sistance \u00ab\u00a0Bahgat Abou Ghriba\u00a0\u00bb pour\u00a0 l&rsquo;ann\u00e9e 2007, d\u00e9cern\u00e9 par le Comit\u00e9 des nominations en coordination avec la\u00a0 Ligue des \u00e9crivains jordaniens, a-t-on appris lundi aupr\u00e8s de l&rsquo;ambassade\u00a0 d&rsquo;Alg\u00e9rie \u00e0 Amman. &#013; &#013; Lors d&rsquo;une c\u00e9r\u00e9monie organis\u00e9e \u00e0 Amman, le","og_url":"https:\/\/www.info-algerie.com\/actualites\/la-moudjahida-djamila-bouhired-recompensee-a-amman-du-prix-bahgat-abou-ghriba\/","og_site_name":"info algerie","article_publisher":"https:\/\/www.facebook.com\/infoalgerieactu","article_published_time":"2017-05-29T15:35:26+00:00","og_image":[{"width":280,"height":146,"url":"https:\/\/www.info-algerie.com\/actualites\/wp-content\/uploads\/2017\/05\/56366974d830fe02d9ed7ba96a1fb254_S-1.jpg","type":"image\/jpeg"}],"author":"La r\u00e9daction","twitter_misc":{"\u00c9crit par":"La r\u00e9daction","Dur\u00e9e de lecture estim\u00e9e":"1 minute"},"schema":{"@context":"https:\/\/schema.org","@graph":[{"@type":"Article","@id":"https:\/\/www.info-algerie.com\/actualites\/la-moudjahida-djamila-bouhired-recompensee-a-amman-du-prix-bahgat-abou-ghriba\/#article","isPartOf":{"@id":"https:\/\/www.info-algerie.com\/actualites\/la-moudjahida-djamila-bouhired-recompensee-a-amman-du-prix-bahgat-abou-ghriba\/"},"author":{"name":"La r\u00e9daction","@id":"https:\/\/www.info-algerie.com\/actualites\/#\/schema\/person\/847aaec44920825b843a08f30ec6aa1e"},"headline":"La Moudjahida Djamila Bouhired r\u00e9compens\u00e9e \u00e0 Amman du Prix\u00a0&quot;Bahgat Abou Ghriba&quot;","datePublished":"2017-05-29T15:35:26+00:00","mainEntityOfPage":{"@id":"https:\/\/www.info-algerie.com\/actualites\/la-moudjahida-djamila-bouhired-recompensee-a-amman-du-prix-bahgat-abou-ghriba\/"},"wordCount":326,"commentCount":0,"publisher":{"@id":"https:\/\/www.info-algerie.com\/actualites\/#organization"},"image":{"@id":"https:\/\/www.info-algerie.com\/actualites\/la-moudjahida-djamila-bouhired-recompensee-a-amman-du-prix-bahgat-abou-ghriba\/#primaryimage"},"thumbnailUrl":"https:\/\/www.info-algerie.com\/actualites\/wp-content\/uploads\/2017\/05\/56366974d830fe02d9ed7ba96a1fb254_S-1.jpg","keywords":["ONU"],"articleSection":["infos"],"inLanguage":"fr-FR","potentialAction":[{"@type":"CommentAction","name":"Comment","target":["https:\/\/www.info-algerie.com\/actualites\/la-moudjahida-djamila-bouhired-recompensee-a-amman-du-prix-bahgat-abou-ghriba\/#respond"]}]},{"@type":"WebPage","@id":"https:\/\/www.info-algerie.com\/actualites\/la-moudjahida-djamila-bouhired-recompensee-a-amman-du-prix-bahgat-abou-ghriba\/","url":"https:\/\/www.info-algerie.com\/actualites\/la-moudjahida-djamila-bouhired-recompensee-a-amman-du-prix-bahgat-abou-ghriba\/","name":"La Moudjahida Djamila Bouhired r\u00e9compens\u00e9e \u00e0 Amman du Prix\u00a0&quot;Bahgat Abou Ghriba&quot; - info algerie","isPartOf":{"@id":"https:\/\/www.info-algerie.com\/actualites\/#website"},"primaryImageOfPage":{"@id":"https:\/\/www.info-algerie.com\/actualites\/la-moudjahida-djamila-bouhired-recompensee-a-amman-du-prix-bahgat-abou-ghriba\/#primaryimage"},"image":{"@id":"https:\/\/www.info-algerie.com\/actualites\/la-moudjahida-djamila-bouhired-recompensee-a-amman-du-prix-bahgat-abou-ghriba\/#primaryimage"},"thumbnailUrl":"https:\/\/www.info-algerie.com\/actualites\/wp-content\/uploads\/2017\/05\/56366974d830fe02d9ed7ba96a1fb254_S-1.jpg","datePublished":"2017-05-29T15:35:26+00:00","breadcrumb":{"@id":"https:\/\/www.info-algerie.com\/actualites\/la-moudjahida-djamila-bouhired-recompensee-a-amman-du-prix-bahgat-abou-ghriba\/#breadcrumb"},"inLanguage":"fr-FR","potentialAction":[{"@type":"ReadAction","target":["https:\/\/www.info-algerie.com\/actualites\/la-moudjahida-djamila-bouhired-recompensee-a-amman-du-prix-bahgat-abou-ghriba\/"]}]},{"@type":"ImageObject","inLanguage":"fr-FR","@id":"https:\/\/www.info-algerie.com\/actualites\/la-moudjahida-djamila-bouhired-recompensee-a-amman-du-prix-bahgat-abou-ghriba\/#primaryimage","url":"https:\/\/www.info-algerie.com\/actualites\/wp-content\/uploads\/2017\/05\/56366974d830fe02d9ed7ba96a1fb254_S-1.jpg","contentUrl":"https:\/\/www.info-algerie.com\/actualites\/wp-content\/uploads\/2017\/05\/56366974d830fe02d9ed7ba96a1fb254_S-1.jpg","width":280,"height":146},{"@type":"BreadcrumbList","@id":"https:\/\/www.info-algerie.com\/actualites\/la-moudjahida-djamila-bouhired-recompensee-a-amman-du-prix-bahgat-abou-ghriba\/#breadcrumb","itemListElement":[{"@type":"ListItem","position":1,"name":"Accueil","item":"https:\/\/www.info-algerie.com\/actualites\/"},{"@type":"ListItem","position":2,"name":"La Moudjahida Djamila Bouhired r\u00e9compens\u00e9e \u00e0 Amman du Prix\u00a0&quot;Bahgat Abou Ghriba&quot;"}]},{"@type":"WebSite","@id":"https:\/\/www.info-algerie.com\/actualites\/#website","url":"https:\/\/www.info-algerie.com\/actualites\/","name":"info algerie","description":"Toutes les actualit\u00e9s","publisher":{"@id":"https:\/\/www.info-algerie.com\/actualites\/#organization"},"potentialAction":[{"@type":"SearchAction","target":{"@type":"EntryPoint","urlTemplate":"https:\/\/www.info-algerie.com\/actualites\/?s={search_term_string}"},"query-input":{"@type":"PropertyValueSpecification","valueRequired":true,"valueName":"search_term_string"}}],"inLanguage":"fr-FR"},{"@type":"Organization","@id":"https:\/\/www.info-algerie.com\/actualites\/#organization","name":"info algerie","url":"https:\/\/www.info-algerie.com\/actualites\/","logo":{"@type":"ImageObject","inLanguage":"fr-FR","@id":"https:\/\/www.info-algerie.com\/actualites\/#\/schema\/logo\/image\/","url":"https:\/\/www.info-algerie.com\/actualites\/wp-content\/uploads\/2022\/07\/logo-ia-120.png","contentUrl":"https:\/\/www.info-algerie.com\/actualites\/wp-content\/uploads\/2022\/07\/logo-ia-120.png","width":120,"height":43,"caption":"info algerie"},"image":{"@id":"https:\/\/www.info-algerie.com\/actualites\/#\/schema\/logo\/image\/"},"sameAs":["https:\/\/www.facebook.com\/infoalgerieactu","https:\/\/x.com\/infoalgerie1"]},{"@type":"Person","@id":"https:\/\/www.info-algerie.com\/actualites\/#\/schema\/person\/847aaec44920825b843a08f30ec6aa1e","name":"La r\u00e9daction","image":{"@type":"ImageObject","inLanguage":"fr-FR","@id":"https:\/\/secure.gravatar.com\/avatar\/769db425c6f465158149f1ffd6cf61ce7a8a879d11dfbef8288af36dfddd418c?s=96&d=mm&r=g","url":"https:\/\/secure.gravatar.com\/avatar\/769db425c6f465158149f1ffd6cf61ce7a8a879d11dfbef8288af36dfddd418c?s=96&d=mm&r=g","contentUrl":"https:\/\/secure.gravatar.com\/avatar\/769db425c6f465158149f1ffd6cf61ce7a8a879d11dfbef8288af36dfddd418c?s=96&d=mm&r=g","caption":"La r\u00e9daction"},"sameAs":["http:\/\/www.lkeria.com\/"],"url":"https:\/\/www.info-algerie.com\/actualites\/author\/chakib32\/"}]}},"_links":{"self":[{"href":"https:\/\/www.info-algerie.com\/actualites\/wp-json\/wp\/v2\/posts\/12692","targetHints":{"allow":["GET"]}}],"collection":[{"href":"https:\/\/www.info-algerie.com\/actualites\/wp-json\/wp\/v2\/posts"}],"about":[{"href":"https:\/\/www.info-algerie.com\/actualites\/wp-json\/wp\/v2\/types\/post"}],"author":[{"embeddable":true,"href":"https:\/\/www.info-algerie.com\/actualites\/wp-json\/wp\/v2\/users\/6"}],"replies":[{"embeddable":true,"href":"https:\/\/www.info-algerie.com\/actualites\/wp-json\/wp\/v2\/comments?post=12692"}],"version-history":[{"count":0,"href":"https:\/\/www.info-algerie.com\/actualites\/wp-json\/wp\/v2\/posts\/12692\/revisions"}],"wp:featuredmedia":[{"embeddable":true,"href":"https:\/\/www.info-algerie.com\/actualites\/wp-json\/wp\/v2\/media\/12693"}],"wp:attachment":[{"href":"https:\/\/www.info-algerie.com\/actualites\/wp-json\/wp\/v2\/media?parent=12692"}],"wp:term":[{"taxonomy":"category","embeddable":true,"href":"https:\/\/www.info-algerie.com\/actualites\/wp-json\/wp\/v2\/categories?post=12692"},{"taxonomy":"post_tag","embeddable":true,"href":"https:\/\/www.info-algerie.com\/actualites\/wp-json\/wp\/v2\/tags?post=12692"}],"curies":[{"name":"wp","href":"https:\/\/api.w.org\/{rel}","templated":true}]}}