{"id":12696,"date":"2017-05-29T18:01:28","date_gmt":"2017-05-29T17:01:28","guid":{"rendered":"http:\/\/www.info-algerie.com\/actualites\/le-journaliste-del-watan-djamel-alilat-expulse-par-les-autorites-marocaines\/"},"modified":"2017-05-29T18:01:28","modified_gmt":"2017-05-29T17:01:28","slug":"le-journaliste-del-watan-djamel-alilat-expulse-par-les-autorites-marocaines","status":"publish","type":"post","link":"https:\/\/www.info-algerie.com\/actualites\/le-journaliste-del-watan-djamel-alilat-expulse-par-les-autorites-marocaines\/","title":{"rendered":"Le journaliste d&#039;El Watan Djamel\u00a0Alilat expuls\u00e9 par les autorit\u00e9s marocaines"},"content":{"rendered":"<div class=\"K2FeedImage\"><img decoding=\"async\" src=\"https:\/\/www.info-algerie.com\/actualites\/wp-content\/uploads\/2017\/05\/3ee32935536d666771502edaa443f90d_S.jpg\" alt=\"Le journaliste d'El Watan Djamel&#xA0;Alilat expuls&#xE9; par les autorit&#xE9;s marocaines\" \/><\/div>\n<div class=\"K2FeedIntroText\">\n<p class=\"MsoNoSpacing\">ALGER &#8211; Le journaliste du quotidien El Watan, Djamel\u00a0 Alilat arr\u00eat\u00e9 dimanche par les autorit\u00e9s marocaines, alors qu&rsquo;il couvrait\u00a0 les manifestations dans la r\u00e9gion du Rif (Nord du Maroc), a \u00e9t\u00e9 expuls\u00e9\u00a0 mardi du territoire marocain, selon des informations rapport\u00e9es par des agences de presse.<\/p>\n<p>&#013;\n<\/p><\/div>\n<div class=\"K2FeedFullText\">&#013;<\/p>\n<p class=\"MsoNoSpacing\">Djamel Alilat avait \u00e9t\u00e9 envoy\u00e9 par la direction de son journal pour\u00a0 couvrir les \u00e9v\u00e8nements qui secouent le Rif marocain et son arrestation\u00a0 avait provoqu\u00e9 un sentiment \u00ab\u00a0d&rsquo;inqui\u00e9tude extr\u00eame\u00a0\u00bb de sa r\u00e9daction et\u00a0 suscit\u00e9 \u00e9lan de solidarit\u00e9 parmi la corporation.<\/p>\n<p>&#013;<\/p>\n<p class=\"MsoNoSpacing\">Le directeur de la publication d&rsquo;El Watan avait exprim\u00e9 auparavant \u00e0 l&rsquo;APS\u00a0 son \u00ab\u00a0extr\u00eame pr\u00e9occupation\u00a0\u00bb et son \u00ab\u00a0inqui\u00e9tude\u00a0\u00bb du fait que <a href=\"http:\/\/www.aps.dz\/algerie\/58344-un-journaliste-d-el-watan-arrete-au-maroc\">le journaliste\u00a0 arr\u00eat\u00e9 <\/a>se trouvait dans les locaux de la police, rappelant qu&rsquo;il avait\u00a0 contact\u00e9 les autorit\u00e9s alg\u00e9riennes \u00ab\u00a0pour venir en aide\u00a0\u00bb \u00e0 ce journaliste.<\/p>\n<p>&#013;<\/p>\n<p class=\"MsoNoSpacing\">De son c\u00f4t\u00e9, le Syndicat national des journalistes (SNJ), avait d\u00e9nonc\u00e9\u00a0 \u00ab\u00a0avec force\u00a0\u00bb, l\u2019attitude des autorit\u00e9s marocaines pour cette arrestation \u00ab\u00a0brutale et abusive, et que rien ne saurait justifier\u00a0\u00bb.<\/p>\n<p>&#013;<\/p>\n<p class=\"MsoNoSpacing\">Le SNJ avait exig\u00e9 la lib\u00e9ration \u00ab\u00a0imm\u00e9diate\u00a0\u00bb du journaliste, \u00ab\u00a0et mis en\u00a0 garde contre toute atteinte, physique ou morale de l\u2019envoy\u00e9 sp\u00e9cial d\u2019El\u00a0 Watan\u00a0\u00bb .<\/p>\n<p>&#013;<\/p>\n<p class=\"MsoNoSpacing\">Le Syndicat avait not\u00e9, \u00ab\u00a0avec regret, l\u2019attitude peu confraternelle de\u00a0 certains m\u00e9dias marocains qui m\u00e8nent une campagne de propagande hyst\u00e9rique,\u00a0 appartenant \u00e0 un autre temps et \u00e0 un autre m\u00e9tier, juste pour diaboliser un\u00a0 journaliste dont le seul tort est d\u2019\u00eatre de nationalit\u00e9 alg\u00e9rienne !\u00a0\u00bb.<\/p>\n<p>&#013;<\/p>\n<p class=\"MsoNoSpacing\">La r\u00e9gion Rif, est secou\u00e9e depuis six mois par un mouvement de\u00a0 contestation populaire pour exiger le d\u00e9veloppement de la r\u00e9gion.<\/p>\n<p>&#013;<\/p>\n<p>\u00a0<\/p>\n<p>&#013;<\/p>\n<p class=\"MsoNoSpacing\">Les\u00a0 manifestations, avec \u00e0 chaque fois des incidents violents entre\u00a0 manifestants et policiers, se sont acc\u00e9l\u00e9r\u00e9es ces derniers jours et la\u00a0 police a proc\u00e9d\u00e9 \u00e0 l&rsquo;arrestation de dizaines de personne.<\/p>\n<\/div>\n<p>&#013;<br \/>\nSource: <a href=\"http:\/\/www.aps.dz\/algerie\/58350-manifestations-dans-la-region-du-rif-le-journaliste-d-el-watan-djamel-alilat-expulse-par-les-autorites-marocaines\" target=\"_blank\">Le journaliste d&rsquo;El Watan Djamel\u00a0Alilat expuls\u00e9 par les autorit\u00e9s marocaines<\/a><\/p>\n<!--CusAds0-->\n<div style=\"font-size: 0px; height: 0px; line-height: 0px; margin: 0; padding: 0; clear: both;\"><\/div>","protected":false},"excerpt":{"rendered":"<p>ALGER &#8211; Le journaliste du quotidien El Watan, Djamel\u00a0 Alilat arr\u00eat\u00e9 dimanche par les autorit\u00e9s marocaines, alors qu&rsquo;il couvrait\u00a0 les manifestations dans la r\u00e9gion du Rif (Nord du Maroc), a \u00e9t\u00e9 expuls\u00e9\u00a0 mardi du territoire marocain, selon des informations rapport\u00e9es par des agences de presse. &#013; &#013; Djamel Alilat avait \u00e9t\u00e9 envoy\u00e9 par la direction<\/p>\n","protected":false},"author":6,"featured_media":12697,"comment_status":"open","ping_status":"open","sticky":false,"template":"","format":"standard","meta":{"footnotes":""},"categories":[22],"tags":[93],"class_list":["post-12696","post","type-post","status-publish","format-standard","has-post-thumbnail","hentry","category-infos","tag-onu"],"yoast_head":"<!-- This site is optimized with the Yoast SEO plugin v27.5 - https:\/\/yoast.com\/product\/yoast-seo-wordpress\/ -->\n<title>Le journaliste d&#039;El Watan Djamel\u00a0Alilat expuls\u00e9 par les autorit\u00e9s marocaines - info algerie<\/title>\n<meta name=\"robots\" content=\"index, follow, max-snippet:-1, max-image-preview:large, max-video-preview:-1\" \/>\n<link rel=\"canonical\" href=\"https:\/\/www.info-algerie.com\/actualites\/le-journaliste-del-watan-djamel-alilat-expulse-par-les-autorites-marocaines\/\" \/>\n<meta property=\"og:locale\" content=\"fr_FR\" \/>\n<meta property=\"og:type\" content=\"article\" \/>\n<meta property=\"og:title\" content=\"Le journaliste d&#039;El Watan Djamel\u00a0Alilat expuls\u00e9 par les autorit\u00e9s marocaines - info algerie\" \/>\n<meta property=\"og:description\" content=\"ALGER &#8211; Le journaliste du quotidien El Watan, Djamel\u00a0 Alilat arr\u00eat\u00e9 dimanche par les autorit\u00e9s marocaines, alors qu&rsquo;il couvrait\u00a0 les manifestations dans la r\u00e9gion du Rif (Nord du Maroc), a \u00e9t\u00e9 expuls\u00e9\u00a0 mardi du territoire marocain, selon des informations rapport\u00e9es par des agences de presse. &#013; &#013; Djamel Alilat avait \u00e9t\u00e9 envoy\u00e9 par la direction\" \/>\n<meta property=\"og:url\" content=\"https:\/\/www.info-algerie.com\/actualites\/le-journaliste-del-watan-djamel-alilat-expulse-par-les-autorites-marocaines\/\" \/>\n<meta property=\"og:site_name\" content=\"info algerie\" \/>\n<meta property=\"article:publisher\" content=\"https:\/\/www.facebook.com\/infoalgerieactu\" \/>\n<meta property=\"article:published_time\" content=\"2017-05-29T17:01:28+00:00\" \/>\n<meta property=\"og:image\" content=\"https:\/\/www.info-algerie.com\/actualites\/wp-content\/uploads\/2017\/05\/3ee32935536d666771502edaa443f90d_S-1.jpg\" \/>\n\t<meta property=\"og:image:width\" content=\"280\" \/>\n\t<meta property=\"og:image:height\" content=\"145\" \/>\n\t<meta property=\"og:image:type\" content=\"image\/jpeg\" \/>\n<meta name=\"author\" content=\"La r\u00e9daction\" \/>\n<meta name=\"twitter:label1\" content=\"\u00c9crit par\" \/>\n\t<meta name=\"twitter:data1\" content=\"La r\u00e9daction\" \/>\n\t<meta name=\"twitter:label2\" content=\"Dur\u00e9e de lecture estim\u00e9e\" \/>\n\t<meta name=\"twitter:data2\" content=\"2 minutes\" \/>\n<script type=\"application\/ld+json\" class=\"yoast-schema-graph\">{\"@context\":\"https:\\\/\\\/schema.org\",\"@graph\":[{\"@type\":\"Article\",\"@id\":\"https:\\\/\\\/www.info-algerie.com\\\/actualites\\\/le-journaliste-del-watan-djamel-alilat-expulse-par-les-autorites-marocaines\\\/#article\",\"isPartOf\":{\"@id\":\"https:\\\/\\\/www.info-algerie.com\\\/actualites\\\/le-journaliste-del-watan-djamel-alilat-expulse-par-les-autorites-marocaines\\\/\"},\"author\":{\"name\":\"La r\u00e9daction\",\"@id\":\"https:\\\/\\\/www.info-algerie.com\\\/actualites\\\/#\\\/schema\\\/person\\\/847aaec44920825b843a08f30ec6aa1e\"},\"headline\":\"Le journaliste d&#039;El Watan Djamel\u00a0Alilat expuls\u00e9 par les autorit\u00e9s marocaines\",\"datePublished\":\"2017-05-29T17:01:28+00:00\",\"mainEntityOfPage\":{\"@id\":\"https:\\\/\\\/www.info-algerie.com\\\/actualites\\\/le-journaliste-del-watan-djamel-alilat-expulse-par-les-autorites-marocaines\\\/\"},\"wordCount\":344,\"commentCount\":0,\"publisher\":{\"@id\":\"https:\\\/\\\/www.info-algerie.com\\\/actualites\\\/#organization\"},\"image\":{\"@id\":\"https:\\\/\\\/www.info-algerie.com\\\/actualites\\\/le-journaliste-del-watan-djamel-alilat-expulse-par-les-autorites-marocaines\\\/#primaryimage\"},\"thumbnailUrl\":\"https:\\\/\\\/www.info-algerie.com\\\/actualites\\\/wp-content\\\/uploads\\\/2017\\\/05\\\/3ee32935536d666771502edaa443f90d_S-1.jpg\",\"keywords\":[\"ONU\"],\"articleSection\":[\"infos\"],\"inLanguage\":\"fr-FR\",\"potentialAction\":[{\"@type\":\"CommentAction\",\"name\":\"Comment\",\"target\":[\"https:\\\/\\\/www.info-algerie.com\\\/actualites\\\/le-journaliste-del-watan-djamel-alilat-expulse-par-les-autorites-marocaines\\\/#respond\"]}]},{\"@type\":\"WebPage\",\"@id\":\"https:\\\/\\\/www.info-algerie.com\\\/actualites\\\/le-journaliste-del-watan-djamel-alilat-expulse-par-les-autorites-marocaines\\\/\",\"url\":\"https:\\\/\\\/www.info-algerie.com\\\/actualites\\\/le-journaliste-del-watan-djamel-alilat-expulse-par-les-autorites-marocaines\\\/\",\"name\":\"Le journaliste d&#039;El Watan Djamel\u00a0Alilat expuls\u00e9 par les autorit\u00e9s marocaines - info algerie\",\"isPartOf\":{\"@id\":\"https:\\\/\\\/www.info-algerie.com\\\/actualites\\\/#website\"},\"primaryImageOfPage\":{\"@id\":\"https:\\\/\\\/www.info-algerie.com\\\/actualites\\\/le-journaliste-del-watan-djamel-alilat-expulse-par-les-autorites-marocaines\\\/#primaryimage\"},\"image\":{\"@id\":\"https:\\\/\\\/www.info-algerie.com\\\/actualites\\\/le-journaliste-del-watan-djamel-alilat-expulse-par-les-autorites-marocaines\\\/#primaryimage\"},\"thumbnailUrl\":\"https:\\\/\\\/www.info-algerie.com\\\/actualites\\\/wp-content\\\/uploads\\\/2017\\\/05\\\/3ee32935536d666771502edaa443f90d_S-1.jpg\",\"datePublished\":\"2017-05-29T17:01:28+00:00\",\"breadcrumb\":{\"@id\":\"https:\\\/\\\/www.info-algerie.com\\\/actualites\\\/le-journaliste-del-watan-djamel-alilat-expulse-par-les-autorites-marocaines\\\/#breadcrumb\"},\"inLanguage\":\"fr-FR\",\"potentialAction\":[{\"@type\":\"ReadAction\",\"target\":[\"https:\\\/\\\/www.info-algerie.com\\\/actualites\\\/le-journaliste-del-watan-djamel-alilat-expulse-par-les-autorites-marocaines\\\/\"]}]},{\"@type\":\"ImageObject\",\"inLanguage\":\"fr-FR\",\"@id\":\"https:\\\/\\\/www.info-algerie.com\\\/actualites\\\/le-journaliste-del-watan-djamel-alilat-expulse-par-les-autorites-marocaines\\\/#primaryimage\",\"url\":\"https:\\\/\\\/www.info-algerie.com\\\/actualites\\\/wp-content\\\/uploads\\\/2017\\\/05\\\/3ee32935536d666771502edaa443f90d_S-1.jpg\",\"contentUrl\":\"https:\\\/\\\/www.info-algerie.com\\\/actualites\\\/wp-content\\\/uploads\\\/2017\\\/05\\\/3ee32935536d666771502edaa443f90d_S-1.jpg\",\"width\":280,\"height\":145},{\"@type\":\"BreadcrumbList\",\"@id\":\"https:\\\/\\\/www.info-algerie.com\\\/actualites\\\/le-journaliste-del-watan-djamel-alilat-expulse-par-les-autorites-marocaines\\\/#breadcrumb\",\"itemListElement\":[{\"@type\":\"ListItem\",\"position\":1,\"name\":\"Accueil\",\"item\":\"https:\\\/\\\/www.info-algerie.com\\\/actualites\\\/\"},{\"@type\":\"ListItem\",\"position\":2,\"name\":\"Le journaliste d&#039;El Watan Djamel\u00a0Alilat expuls\u00e9 par les autorit\u00e9s marocaines\"}]},{\"@type\":\"WebSite\",\"@id\":\"https:\\\/\\\/www.info-algerie.com\\\/actualites\\\/#website\",\"url\":\"https:\\\/\\\/www.info-algerie.com\\\/actualites\\\/\",\"name\":\"info algerie\",\"description\":\"Toutes les actualit\u00e9s\",\"publisher\":{\"@id\":\"https:\\\/\\\/www.info-algerie.com\\\/actualites\\\/#organization\"},\"potentialAction\":[{\"@type\":\"SearchAction\",\"target\":{\"@type\":\"EntryPoint\",\"urlTemplate\":\"https:\\\/\\\/www.info-algerie.com\\\/actualites\\\/?s={search_term_string}\"},\"query-input\":{\"@type\":\"PropertyValueSpecification\",\"valueRequired\":true,\"valueName\":\"search_term_string\"}}],\"inLanguage\":\"fr-FR\"},{\"@type\":\"Organization\",\"@id\":\"https:\\\/\\\/www.info-algerie.com\\\/actualites\\\/#organization\",\"name\":\"info algerie\",\"url\":\"https:\\\/\\\/www.info-algerie.com\\\/actualites\\\/\",\"logo\":{\"@type\":\"ImageObject\",\"inLanguage\":\"fr-FR\",\"@id\":\"https:\\\/\\\/www.info-algerie.com\\\/actualites\\\/#\\\/schema\\\/logo\\\/image\\\/\",\"url\":\"https:\\\/\\\/www.info-algerie.com\\\/actualites\\\/wp-content\\\/uploads\\\/2022\\\/07\\\/logo-ia-120.png\",\"contentUrl\":\"https:\\\/\\\/www.info-algerie.com\\\/actualites\\\/wp-content\\\/uploads\\\/2022\\\/07\\\/logo-ia-120.png\",\"width\":120,\"height\":43,\"caption\":\"info algerie\"},\"image\":{\"@id\":\"https:\\\/\\\/www.info-algerie.com\\\/actualites\\\/#\\\/schema\\\/logo\\\/image\\\/\"},\"sameAs\":[\"https:\\\/\\\/www.facebook.com\\\/infoalgerieactu\",\"https:\\\/\\\/x.com\\\/infoalgerie1\"]},{\"@type\":\"Person\",\"@id\":\"https:\\\/\\\/www.info-algerie.com\\\/actualites\\\/#\\\/schema\\\/person\\\/847aaec44920825b843a08f30ec6aa1e\",\"name\":\"La r\u00e9daction\",\"image\":{\"@type\":\"ImageObject\",\"inLanguage\":\"fr-FR\",\"@id\":\"https:\\\/\\\/secure.gravatar.com\\\/avatar\\\/769db425c6f465158149f1ffd6cf61ce7a8a879d11dfbef8288af36dfddd418c?s=96&d=mm&r=g\",\"url\":\"https:\\\/\\\/secure.gravatar.com\\\/avatar\\\/769db425c6f465158149f1ffd6cf61ce7a8a879d11dfbef8288af36dfddd418c?s=96&d=mm&r=g\",\"contentUrl\":\"https:\\\/\\\/secure.gravatar.com\\\/avatar\\\/769db425c6f465158149f1ffd6cf61ce7a8a879d11dfbef8288af36dfddd418c?s=96&d=mm&r=g\",\"caption\":\"La r\u00e9daction\"},\"sameAs\":[\"http:\\\/\\\/www.lkeria.com\\\/\"],\"url\":\"https:\\\/\\\/www.info-algerie.com\\\/actualites\\\/author\\\/chakib32\\\/\"}]}<\/script>\n<!-- \/ Yoast SEO plugin. -->","yoast_head_json":{"title":"Le journaliste d&#039;El Watan Djamel\u00a0Alilat expuls\u00e9 par les autorit\u00e9s marocaines - info algerie","robots":{"index":"index","follow":"follow","max-snippet":"max-snippet:-1","max-image-preview":"max-image-preview:large","max-video-preview":"max-video-preview:-1"},"canonical":"https:\/\/www.info-algerie.com\/actualites\/le-journaliste-del-watan-djamel-alilat-expulse-par-les-autorites-marocaines\/","og_locale":"fr_FR","og_type":"article","og_title":"Le journaliste d&#039;El Watan Djamel\u00a0Alilat expuls\u00e9 par les autorit\u00e9s marocaines - info algerie","og_description":"ALGER &#8211; Le journaliste du quotidien El Watan, Djamel\u00a0 Alilat arr\u00eat\u00e9 dimanche par les autorit\u00e9s marocaines, alors qu&rsquo;il couvrait\u00a0 les manifestations dans la r\u00e9gion du Rif (Nord du Maroc), a \u00e9t\u00e9 expuls\u00e9\u00a0 mardi du territoire marocain, selon des informations rapport\u00e9es par des agences de presse. &#013; &#013; Djamel Alilat avait \u00e9t\u00e9 envoy\u00e9 par la direction","og_url":"https:\/\/www.info-algerie.com\/actualites\/le-journaliste-del-watan-djamel-alilat-expulse-par-les-autorites-marocaines\/","og_site_name":"info algerie","article_publisher":"https:\/\/www.facebook.com\/infoalgerieactu","article_published_time":"2017-05-29T17:01:28+00:00","og_image":[{"width":280,"height":145,"url":"https:\/\/www.info-algerie.com\/actualites\/wp-content\/uploads\/2017\/05\/3ee32935536d666771502edaa443f90d_S-1.jpg","type":"image\/jpeg"}],"author":"La r\u00e9daction","twitter_misc":{"\u00c9crit par":"La r\u00e9daction","Dur\u00e9e de lecture estim\u00e9e":"2 minutes"},"schema":{"@context":"https:\/\/schema.org","@graph":[{"@type":"Article","@id":"https:\/\/www.info-algerie.com\/actualites\/le-journaliste-del-watan-djamel-alilat-expulse-par-les-autorites-marocaines\/#article","isPartOf":{"@id":"https:\/\/www.info-algerie.com\/actualites\/le-journaliste-del-watan-djamel-alilat-expulse-par-les-autorites-marocaines\/"},"author":{"name":"La r\u00e9daction","@id":"https:\/\/www.info-algerie.com\/actualites\/#\/schema\/person\/847aaec44920825b843a08f30ec6aa1e"},"headline":"Le journaliste d&#039;El Watan Djamel\u00a0Alilat expuls\u00e9 par les autorit\u00e9s marocaines","datePublished":"2017-05-29T17:01:28+00:00","mainEntityOfPage":{"@id":"https:\/\/www.info-algerie.com\/actualites\/le-journaliste-del-watan-djamel-alilat-expulse-par-les-autorites-marocaines\/"},"wordCount":344,"commentCount":0,"publisher":{"@id":"https:\/\/www.info-algerie.com\/actualites\/#organization"},"image":{"@id":"https:\/\/www.info-algerie.com\/actualites\/le-journaliste-del-watan-djamel-alilat-expulse-par-les-autorites-marocaines\/#primaryimage"},"thumbnailUrl":"https:\/\/www.info-algerie.com\/actualites\/wp-content\/uploads\/2017\/05\/3ee32935536d666771502edaa443f90d_S-1.jpg","keywords":["ONU"],"articleSection":["infos"],"inLanguage":"fr-FR","potentialAction":[{"@type":"CommentAction","name":"Comment","target":["https:\/\/www.info-algerie.com\/actualites\/le-journaliste-del-watan-djamel-alilat-expulse-par-les-autorites-marocaines\/#respond"]}]},{"@type":"WebPage","@id":"https:\/\/www.info-algerie.com\/actualites\/le-journaliste-del-watan-djamel-alilat-expulse-par-les-autorites-marocaines\/","url":"https:\/\/www.info-algerie.com\/actualites\/le-journaliste-del-watan-djamel-alilat-expulse-par-les-autorites-marocaines\/","name":"Le journaliste d&#039;El Watan Djamel\u00a0Alilat expuls\u00e9 par les autorit\u00e9s marocaines - info algerie","isPartOf":{"@id":"https:\/\/www.info-algerie.com\/actualites\/#website"},"primaryImageOfPage":{"@id":"https:\/\/www.info-algerie.com\/actualites\/le-journaliste-del-watan-djamel-alilat-expulse-par-les-autorites-marocaines\/#primaryimage"},"image":{"@id":"https:\/\/www.info-algerie.com\/actualites\/le-journaliste-del-watan-djamel-alilat-expulse-par-les-autorites-marocaines\/#primaryimage"},"thumbnailUrl":"https:\/\/www.info-algerie.com\/actualites\/wp-content\/uploads\/2017\/05\/3ee32935536d666771502edaa443f90d_S-1.jpg","datePublished":"2017-05-29T17:01:28+00:00","breadcrumb":{"@id":"https:\/\/www.info-algerie.com\/actualites\/le-journaliste-del-watan-djamel-alilat-expulse-par-les-autorites-marocaines\/#breadcrumb"},"inLanguage":"fr-FR","potentialAction":[{"@type":"ReadAction","target":["https:\/\/www.info-algerie.com\/actualites\/le-journaliste-del-watan-djamel-alilat-expulse-par-les-autorites-marocaines\/"]}]},{"@type":"ImageObject","inLanguage":"fr-FR","@id":"https:\/\/www.info-algerie.com\/actualites\/le-journaliste-del-watan-djamel-alilat-expulse-par-les-autorites-marocaines\/#primaryimage","url":"https:\/\/www.info-algerie.com\/actualites\/wp-content\/uploads\/2017\/05\/3ee32935536d666771502edaa443f90d_S-1.jpg","contentUrl":"https:\/\/www.info-algerie.com\/actualites\/wp-content\/uploads\/2017\/05\/3ee32935536d666771502edaa443f90d_S-1.jpg","width":280,"height":145},{"@type":"BreadcrumbList","@id":"https:\/\/www.info-algerie.com\/actualites\/le-journaliste-del-watan-djamel-alilat-expulse-par-les-autorites-marocaines\/#breadcrumb","itemListElement":[{"@type":"ListItem","position":1,"name":"Accueil","item":"https:\/\/www.info-algerie.com\/actualites\/"},{"@type":"ListItem","position":2,"name":"Le journaliste d&#039;El Watan Djamel\u00a0Alilat expuls\u00e9 par les autorit\u00e9s marocaines"}]},{"@type":"WebSite","@id":"https:\/\/www.info-algerie.com\/actualites\/#website","url":"https:\/\/www.info-algerie.com\/actualites\/","name":"info algerie","description":"Toutes les actualit\u00e9s","publisher":{"@id":"https:\/\/www.info-algerie.com\/actualites\/#organization"},"potentialAction":[{"@type":"SearchAction","target":{"@type":"EntryPoint","urlTemplate":"https:\/\/www.info-algerie.com\/actualites\/?s={search_term_string}"},"query-input":{"@type":"PropertyValueSpecification","valueRequired":true,"valueName":"search_term_string"}}],"inLanguage":"fr-FR"},{"@type":"Organization","@id":"https:\/\/www.info-algerie.com\/actualites\/#organization","name":"info algerie","url":"https:\/\/www.info-algerie.com\/actualites\/","logo":{"@type":"ImageObject","inLanguage":"fr-FR","@id":"https:\/\/www.info-algerie.com\/actualites\/#\/schema\/logo\/image\/","url":"https:\/\/www.info-algerie.com\/actualites\/wp-content\/uploads\/2022\/07\/logo-ia-120.png","contentUrl":"https:\/\/www.info-algerie.com\/actualites\/wp-content\/uploads\/2022\/07\/logo-ia-120.png","width":120,"height":43,"caption":"info algerie"},"image":{"@id":"https:\/\/www.info-algerie.com\/actualites\/#\/schema\/logo\/image\/"},"sameAs":["https:\/\/www.facebook.com\/infoalgerieactu","https:\/\/x.com\/infoalgerie1"]},{"@type":"Person","@id":"https:\/\/www.info-algerie.com\/actualites\/#\/schema\/person\/847aaec44920825b843a08f30ec6aa1e","name":"La r\u00e9daction","image":{"@type":"ImageObject","inLanguage":"fr-FR","@id":"https:\/\/secure.gravatar.com\/avatar\/769db425c6f465158149f1ffd6cf61ce7a8a879d11dfbef8288af36dfddd418c?s=96&d=mm&r=g","url":"https:\/\/secure.gravatar.com\/avatar\/769db425c6f465158149f1ffd6cf61ce7a8a879d11dfbef8288af36dfddd418c?s=96&d=mm&r=g","contentUrl":"https:\/\/secure.gravatar.com\/avatar\/769db425c6f465158149f1ffd6cf61ce7a8a879d11dfbef8288af36dfddd418c?s=96&d=mm&r=g","caption":"La r\u00e9daction"},"sameAs":["http:\/\/www.lkeria.com\/"],"url":"https:\/\/www.info-algerie.com\/actualites\/author\/chakib32\/"}]}},"_links":{"self":[{"href":"https:\/\/www.info-algerie.com\/actualites\/wp-json\/wp\/v2\/posts\/12696","targetHints":{"allow":["GET"]}}],"collection":[{"href":"https:\/\/www.info-algerie.com\/actualites\/wp-json\/wp\/v2\/posts"}],"about":[{"href":"https:\/\/www.info-algerie.com\/actualites\/wp-json\/wp\/v2\/types\/post"}],"author":[{"embeddable":true,"href":"https:\/\/www.info-algerie.com\/actualites\/wp-json\/wp\/v2\/users\/6"}],"replies":[{"embeddable":true,"href":"https:\/\/www.info-algerie.com\/actualites\/wp-json\/wp\/v2\/comments?post=12696"}],"version-history":[{"count":0,"href":"https:\/\/www.info-algerie.com\/actualites\/wp-json\/wp\/v2\/posts\/12696\/revisions"}],"wp:featuredmedia":[{"embeddable":true,"href":"https:\/\/www.info-algerie.com\/actualites\/wp-json\/wp\/v2\/media\/12697"}],"wp:attachment":[{"href":"https:\/\/www.info-algerie.com\/actualites\/wp-json\/wp\/v2\/media?parent=12696"}],"wp:term":[{"taxonomy":"category","embeddable":true,"href":"https:\/\/www.info-algerie.com\/actualites\/wp-json\/wp\/v2\/categories?post=12696"},{"taxonomy":"post_tag","embeddable":true,"href":"https:\/\/www.info-algerie.com\/actualites\/wp-json\/wp\/v2\/tags?post=12696"}],"curies":[{"name":"wp","href":"https:\/\/api.w.org\/{rel}","templated":true}]}}