{"id":127,"date":"2015-08-20T14:50:33","date_gmt":"2015-08-20T13:50:33","guid":{"rendered":"http:\/\/www.info-algerie.com\/actualites\/le-president-bouteflika-appelle-au-resserrement-des-rangs-face-au-terrorisme\/"},"modified":"2015-08-21T13:41:44","modified_gmt":"2015-08-21T12:41:44","slug":"le-president-bouteflika-appelle-au-resserrement-des-rangs-face-au-terrorisme","status":"publish","type":"post","link":"https:\/\/www.info-algerie.com\/actualites\/le-president-bouteflika-appelle-au-resserrement-des-rangs-face-au-terrorisme\/","title":{"rendered":"le pr\u00e9sident Bouteflika appelle au resserrement des rangs face au terrorisme"},"content":{"rendered":"<div class=\"K2FeedImage\"><\/div>\n<div class=\"K2FeedIntroText\">\n<p style=\"text-align: justify;\"><a href=\"https:\/\/www.info-algerie.com\/actualites\/wp-content\/uploads\/2015\/08\/resserrement-des-rangs-face-au-terrorisme.jpg\"><img loading=\"lazy\" decoding=\"async\" class=\" wp-image-153 alignleft\" src=\"https:\/\/www.info-algerie.com\/actualites\/wp-content\/uploads\/2015\/08\/resserrement-des-rangs-face-au-terrorisme-300x169.jpg\" alt=\"resserrement des rangs face au terrorisme\" width=\"185\" height=\"104\" srcset=\"https:\/\/www.info-algerie.com\/actualites\/wp-content\/uploads\/2015\/08\/resserrement-des-rangs-face-au-terrorisme-300x169.jpg 300w, https:\/\/www.info-algerie.com\/actualites\/wp-content\/uploads\/2015\/08\/resserrement-des-rangs-face-au-terrorisme.jpg 900w\" sizes=\"auto, (max-width: 185px) 100vw, 185px\" \/><\/a>Le pr\u00e9sident de la R\u00e9publique, Abdelaziz Bouteflika, a appel\u00e9 jeudi \u00e0 Constantine le peuple alg\u00e9rien \u00e0 resserrer les rangs face aux menaces du terrorisme \u00ab\u00a0barbare et d\u00e9vastateur\u00a0\u00bb et \u00e0 faire front uni contre le sous-d\u00e9veloppement et contre tout esprit pessimiste et d\u00e9faitiste.<\/p>\n<h2 style=\"text-align: justify;\">resserrement des rangs face au terrorisme<\/h2>\n<p style=\"text-align: justify;\">\u00ab\u00a0Pour la sauvegarde de notre pays et de notre libert\u00e9, il nous incombe \u00e0 tous d&rsquo;\u0153uvrer au resserrement des rangs face aux menaces du terrorisme barbare et d\u00e9vastateur qui ne conna\u00eet pas de fronti\u00e8res\u00a0\u00bb, a soulign\u00e9 le pr\u00e9sident Bouteflika dans un message\u00a0\u00e0 la nation, \u00e0 l&rsquo;occasion de la Journ\u00e9e nationale du moudjahid, lu en son nom par le ministre de la Culture, Azzedine Mihoubi.<\/p>\n<p style=\"text-align: justify;\">\u00ab\u00a0La c\u00e9l\u00e9bration de la Journ\u00e9e nationale du moudjahid nous interpelle ainsi que l&rsquo;ensemble des citoyens et citoyennes, \u00e0 la diff\u00e9rence de leurs ob\u00e9diences et appartenances politiques, \u00e0 l&rsquo;effet de faire front uni contre le sous-d\u00e9veloppement, sous toutes ses formes, et de nous dresser d&rsquo;un seul bloc contre tout esprit pessimiste et d\u00e9faitiste, en consolidant l&rsquo;espoir et la confiance en soi afin de pouvoir appr\u00e9hender positivement les difficult\u00e9s \u00e9conomiques qui se posent aujourd&rsquo;hui \u00e0 la plan\u00e8te et de nous projeter ensemble, forts du g\u00e9nie de nos jeunes savants, chercheurs et cr\u00e9ateurs, de l&rsquo;\u00e8re du p\u00e9trole dans l&rsquo;\u00e8re des technologies de pointe\u00a0\u00bb, a ajout\u00e9 le chef de l&rsquo;Etat.<\/p>\n<p style=\"text-align: justify;\">Pour le pr\u00e9sident Bouteflika, \u00ab\u00a0la r\u00e9alisation d&rsquo;une telle entreprise passe par l&rsquo;investissement dans le savoir et l&rsquo;intelligence, dans les \u00e9nergies renouvelables et les ressources alternatives que notre pays rec\u00e8le en abondance, fort heureusement\u00a0\u00bb.<\/p>\n<p style=\"text-align: justify;\">\u00ab\u00a0En comm\u00e9morant cette date si ch\u00e8re au peuple alg\u00e9rien et en c\u00e9l\u00e9brant ses h\u00e9ros qui ont arrach\u00e9 au prix de leur vie l&rsquo;ind\u00e9pendance et la souverainet\u00e9 nationales, nous entendons surtout nous arr\u00eater sur la symbolique des \u00e9v\u00e9nements historiques et mettre en avant les hautes valeurs humaines qui stimulent les bonnes volont\u00e9s et nourrissent, chez les g\u00e9n\u00e9rations montantes, cette fiert\u00e9 d&rsquo;appartenir \u00e0 un pays de gloires\u00a0\u00bb, a soutenu le pr\u00e9sident de la R\u00e9publique.<\/p>\n<\/div>\n<p>Source: <a href=\"http:\/\/www.aps.dz\/algerie\/27422-le-pr%C3%A9sident-bouteflika-appelle-au-resserrement-des-rangs-face-au-terrorisme\" target=\"_blank\">Le pr\u00e9sident Bouteflika appelle au resserrement des rangs face au terrorisme<\/a><\/p>\n<!--CusAds0-->\n<div style=\"font-size: 0px; height: 0px; line-height: 0px; margin: 0; padding: 0; clear: both;\"><\/div>","protected":false},"excerpt":{"rendered":"<p>Le pr\u00e9sident de la R\u00e9publique, Abdelaziz Bouteflika, a appel\u00e9 jeudi \u00e0 Constantine le peuple alg\u00e9rien \u00e0 resserrer les rangs face aux menaces du terrorisme \u00ab\u00a0barbare et d\u00e9vastateur\u00a0\u00bb et \u00e0 faire front uni contre le sous-d\u00e9veloppement et contre tout esprit pessimiste et d\u00e9faitiste. resserrement des rangs face au terrorisme \u00ab\u00a0Pour la sauvegarde de notre pays et<\/p>\n","protected":false},"author":6,"featured_media":153,"comment_status":"open","ping_status":"open","sticky":false,"template":"","format":"standard","meta":{"footnotes":""},"categories":[7],"tags":[20,18,19,21],"class_list":["post-127","post","type-post","status-publish","format-standard","has-post-thumbnail","hentry","category-politique","tag-20-aout","tag-abdelaziz-bouteflika","tag-message","tag-terrorisme"],"yoast_head":"<!-- This site is optimized with the Yoast SEO plugin v27.5 - https:\/\/yoast.com\/product\/yoast-seo-wordpress\/ -->\n<title>le pr\u00e9sident Bouteflika appelle au resserrement des rangs<\/title>\n<meta name=\"description\" content=\"le pr\u00e9sident Bouteflika appelle au resserrement des rangs face au terrorisme dans un message \u00e0 l&#039;occasion de la journ\u00e9e du moudjahed\" \/>\n<meta name=\"robots\" content=\"index, follow, max-snippet:-1, max-image-preview:large, max-video-preview:-1\" \/>\n<link rel=\"canonical\" href=\"https:\/\/www.info-algerie.com\/actualites\/le-president-bouteflika-appelle-au-resserrement-des-rangs-face-au-terrorisme\/\" \/>\n<meta property=\"og:locale\" content=\"fr_FR\" \/>\n<meta property=\"og:type\" content=\"article\" \/>\n<meta property=\"og:title\" content=\"le pr\u00e9sident Bouteflika appelle au resserrement des rangs\" \/>\n<meta property=\"og:description\" content=\"le pr\u00e9sident Bouteflika appelle au resserrement des rangs face au terrorisme dans un message \u00e0 l&#039;occasion de la journ\u00e9e du moudjahed\" \/>\n<meta property=\"og:url\" content=\"https:\/\/www.info-algerie.com\/actualites\/le-president-bouteflika-appelle-au-resserrement-des-rangs-face-au-terrorisme\/\" \/>\n<meta property=\"og:site_name\" content=\"info algerie\" \/>\n<meta property=\"article:publisher\" content=\"https:\/\/www.facebook.com\/infoalgerieactu\" \/>\n<meta property=\"article:published_time\" content=\"2015-08-20T13:50:33+00:00\" \/>\n<meta property=\"article:modified_time\" content=\"2015-08-21T12:41:44+00:00\" \/>\n<meta property=\"og:image\" content=\"https:\/\/www.info-algerie.com\/actualites\/wp-content\/uploads\/2015\/08\/resserrement-des-rangs-face-au-terrorisme.jpg\" \/>\n\t<meta property=\"og:image:width\" content=\"900\" \/>\n\t<meta property=\"og:image:height\" content=\"508\" \/>\n\t<meta property=\"og:image:type\" content=\"image\/jpeg\" \/>\n<meta name=\"author\" content=\"La r\u00e9daction\" \/>\n<meta name=\"twitter:label1\" content=\"\u00c9crit par\" \/>\n\t<meta name=\"twitter:data1\" content=\"La r\u00e9daction\" \/>\n\t<meta name=\"twitter:label2\" content=\"Dur\u00e9e de lecture estim\u00e9e\" \/>\n\t<meta name=\"twitter:data2\" content=\"2 minutes\" \/>\n<script type=\"application\/ld+json\" class=\"yoast-schema-graph\">{\"@context\":\"https:\\\/\\\/schema.org\",\"@graph\":[{\"@type\":\"Article\",\"@id\":\"https:\\\/\\\/www.info-algerie.com\\\/actualites\\\/le-president-bouteflika-appelle-au-resserrement-des-rangs-face-au-terrorisme\\\/#article\",\"isPartOf\":{\"@id\":\"https:\\\/\\\/www.info-algerie.com\\\/actualites\\\/le-president-bouteflika-appelle-au-resserrement-des-rangs-face-au-terrorisme\\\/\"},\"author\":{\"name\":\"La r\u00e9daction\",\"@id\":\"https:\\\/\\\/www.info-algerie.com\\\/actualites\\\/#\\\/schema\\\/person\\\/847aaec44920825b843a08f30ec6aa1e\"},\"headline\":\"le pr\u00e9sident Bouteflika appelle au resserrement des rangs face au terrorisme\",\"datePublished\":\"2015-08-20T13:50:33+00:00\",\"dateModified\":\"2015-08-21T12:41:44+00:00\",\"mainEntityOfPage\":{\"@id\":\"https:\\\/\\\/www.info-algerie.com\\\/actualites\\\/le-president-bouteflika-appelle-au-resserrement-des-rangs-face-au-terrorisme\\\/\"},\"wordCount\":395,\"commentCount\":0,\"publisher\":{\"@id\":\"https:\\\/\\\/www.info-algerie.com\\\/actualites\\\/#organization\"},\"image\":{\"@id\":\"https:\\\/\\\/www.info-algerie.com\\\/actualites\\\/le-president-bouteflika-appelle-au-resserrement-des-rangs-face-au-terrorisme\\\/#primaryimage\"},\"thumbnailUrl\":\"https:\\\/\\\/www.info-algerie.com\\\/actualites\\\/wp-content\\\/uploads\\\/2015\\\/08\\\/resserrement-des-rangs-face-au-terrorisme.jpg\",\"keywords\":[\"20 aout\",\"Abdelaziz Bouteflika\",\"message\",\"terrorisme\"],\"articleSection\":[\"Politique\"],\"inLanguage\":\"fr-FR\",\"potentialAction\":[{\"@type\":\"CommentAction\",\"name\":\"Comment\",\"target\":[\"https:\\\/\\\/www.info-algerie.com\\\/actualites\\\/le-president-bouteflika-appelle-au-resserrement-des-rangs-face-au-terrorisme\\\/#respond\"]}]},{\"@type\":\"WebPage\",\"@id\":\"https:\\\/\\\/www.info-algerie.com\\\/actualites\\\/le-president-bouteflika-appelle-au-resserrement-des-rangs-face-au-terrorisme\\\/\",\"url\":\"https:\\\/\\\/www.info-algerie.com\\\/actualites\\\/le-president-bouteflika-appelle-au-resserrement-des-rangs-face-au-terrorisme\\\/\",\"name\":\"le pr\u00e9sident Bouteflika appelle au resserrement des rangs\",\"isPartOf\":{\"@id\":\"https:\\\/\\\/www.info-algerie.com\\\/actualites\\\/#website\"},\"primaryImageOfPage\":{\"@id\":\"https:\\\/\\\/www.info-algerie.com\\\/actualites\\\/le-president-bouteflika-appelle-au-resserrement-des-rangs-face-au-terrorisme\\\/#primaryimage\"},\"image\":{\"@id\":\"https:\\\/\\\/www.info-algerie.com\\\/actualites\\\/le-president-bouteflika-appelle-au-resserrement-des-rangs-face-au-terrorisme\\\/#primaryimage\"},\"thumbnailUrl\":\"https:\\\/\\\/www.info-algerie.com\\\/actualites\\\/wp-content\\\/uploads\\\/2015\\\/08\\\/resserrement-des-rangs-face-au-terrorisme.jpg\",\"datePublished\":\"2015-08-20T13:50:33+00:00\",\"dateModified\":\"2015-08-21T12:41:44+00:00\",\"description\":\"le pr\u00e9sident Bouteflika appelle au resserrement des rangs face au terrorisme dans un message \u00e0 l'occasion de la journ\u00e9e du moudjahed\",\"breadcrumb\":{\"@id\":\"https:\\\/\\\/www.info-algerie.com\\\/actualites\\\/le-president-bouteflika-appelle-au-resserrement-des-rangs-face-au-terrorisme\\\/#breadcrumb\"},\"inLanguage\":\"fr-FR\",\"potentialAction\":[{\"@type\":\"ReadAction\",\"target\":[\"https:\\\/\\\/www.info-algerie.com\\\/actualites\\\/le-president-bouteflika-appelle-au-resserrement-des-rangs-face-au-terrorisme\\\/\"]}]},{\"@type\":\"ImageObject\",\"inLanguage\":\"fr-FR\",\"@id\":\"https:\\\/\\\/www.info-algerie.com\\\/actualites\\\/le-president-bouteflika-appelle-au-resserrement-des-rangs-face-au-terrorisme\\\/#primaryimage\",\"url\":\"https:\\\/\\\/www.info-algerie.com\\\/actualites\\\/wp-content\\\/uploads\\\/2015\\\/08\\\/resserrement-des-rangs-face-au-terrorisme.jpg\",\"contentUrl\":\"https:\\\/\\\/www.info-algerie.com\\\/actualites\\\/wp-content\\\/uploads\\\/2015\\\/08\\\/resserrement-des-rangs-face-au-terrorisme.jpg\",\"width\":900,\"height\":508,\"caption\":\"resserrement des rangs face au terrorisme\"},{\"@type\":\"BreadcrumbList\",\"@id\":\"https:\\\/\\\/www.info-algerie.com\\\/actualites\\\/le-president-bouteflika-appelle-au-resserrement-des-rangs-face-au-terrorisme\\\/#breadcrumb\",\"itemListElement\":[{\"@type\":\"ListItem\",\"position\":1,\"name\":\"Accueil\",\"item\":\"https:\\\/\\\/www.info-algerie.com\\\/actualites\\\/\"},{\"@type\":\"ListItem\",\"position\":2,\"name\":\"le pr\u00e9sident Bouteflika appelle au resserrement des rangs face au terrorisme\"}]},{\"@type\":\"WebSite\",\"@id\":\"https:\\\/\\\/www.info-algerie.com\\\/actualites\\\/#website\",\"url\":\"https:\\\/\\\/www.info-algerie.com\\\/actualites\\\/\",\"name\":\"info algerie\",\"description\":\"Toutes les actualit\u00e9s\",\"publisher\":{\"@id\":\"https:\\\/\\\/www.info-algerie.com\\\/actualites\\\/#organization\"},\"potentialAction\":[{\"@type\":\"SearchAction\",\"target\":{\"@type\":\"EntryPoint\",\"urlTemplate\":\"https:\\\/\\\/www.info-algerie.com\\\/actualites\\\/?s={search_term_string}\"},\"query-input\":{\"@type\":\"PropertyValueSpecification\",\"valueRequired\":true,\"valueName\":\"search_term_string\"}}],\"inLanguage\":\"fr-FR\"},{\"@type\":\"Organization\",\"@id\":\"https:\\\/\\\/www.info-algerie.com\\\/actualites\\\/#organization\",\"name\":\"info algerie\",\"url\":\"https:\\\/\\\/www.info-algerie.com\\\/actualites\\\/\",\"logo\":{\"@type\":\"ImageObject\",\"inLanguage\":\"fr-FR\",\"@id\":\"https:\\\/\\\/www.info-algerie.com\\\/actualites\\\/#\\\/schema\\\/logo\\\/image\\\/\",\"url\":\"https:\\\/\\\/www.info-algerie.com\\\/actualites\\\/wp-content\\\/uploads\\\/2022\\\/07\\\/logo-ia-120.png\",\"contentUrl\":\"https:\\\/\\\/www.info-algerie.com\\\/actualites\\\/wp-content\\\/uploads\\\/2022\\\/07\\\/logo-ia-120.png\",\"width\":120,\"height\":43,\"caption\":\"info algerie\"},\"image\":{\"@id\":\"https:\\\/\\\/www.info-algerie.com\\\/actualites\\\/#\\\/schema\\\/logo\\\/image\\\/\"},\"sameAs\":[\"https:\\\/\\\/www.facebook.com\\\/infoalgerieactu\",\"https:\\\/\\\/x.com\\\/infoalgerie1\"]},{\"@type\":\"Person\",\"@id\":\"https:\\\/\\\/www.info-algerie.com\\\/actualites\\\/#\\\/schema\\\/person\\\/847aaec44920825b843a08f30ec6aa1e\",\"name\":\"La r\u00e9daction\",\"image\":{\"@type\":\"ImageObject\",\"inLanguage\":\"fr-FR\",\"@id\":\"https:\\\/\\\/secure.gravatar.com\\\/avatar\\\/769db425c6f465158149f1ffd6cf61ce7a8a879d11dfbef8288af36dfddd418c?s=96&d=mm&r=g\",\"url\":\"https:\\\/\\\/secure.gravatar.com\\\/avatar\\\/769db425c6f465158149f1ffd6cf61ce7a8a879d11dfbef8288af36dfddd418c?s=96&d=mm&r=g\",\"contentUrl\":\"https:\\\/\\\/secure.gravatar.com\\\/avatar\\\/769db425c6f465158149f1ffd6cf61ce7a8a879d11dfbef8288af36dfddd418c?s=96&d=mm&r=g\",\"caption\":\"La r\u00e9daction\"},\"sameAs\":[\"http:\\\/\\\/www.lkeria.com\\\/\"],\"url\":\"https:\\\/\\\/www.info-algerie.com\\\/actualites\\\/author\\\/chakib32\\\/\"}]}<\/script>\n<!-- \/ Yoast SEO plugin. -->","yoast_head_json":{"title":"le pr\u00e9sident Bouteflika appelle au resserrement des rangs","description":"le pr\u00e9sident Bouteflika appelle au resserrement des rangs face au terrorisme dans un message \u00e0 l'occasion de la journ\u00e9e du moudjahed","robots":{"index":"index","follow":"follow","max-snippet":"max-snippet:-1","max-image-preview":"max-image-preview:large","max-video-preview":"max-video-preview:-1"},"canonical":"https:\/\/www.info-algerie.com\/actualites\/le-president-bouteflika-appelle-au-resserrement-des-rangs-face-au-terrorisme\/","og_locale":"fr_FR","og_type":"article","og_title":"le pr\u00e9sident Bouteflika appelle au resserrement des rangs","og_description":"le pr\u00e9sident Bouteflika appelle au resserrement des rangs face au terrorisme dans un message \u00e0 l'occasion de la journ\u00e9e du moudjahed","og_url":"https:\/\/www.info-algerie.com\/actualites\/le-president-bouteflika-appelle-au-resserrement-des-rangs-face-au-terrorisme\/","og_site_name":"info algerie","article_publisher":"https:\/\/www.facebook.com\/infoalgerieactu","article_published_time":"2015-08-20T13:50:33+00:00","article_modified_time":"2015-08-21T12:41:44+00:00","og_image":[{"width":900,"height":508,"url":"https:\/\/www.info-algerie.com\/actualites\/wp-content\/uploads\/2015\/08\/resserrement-des-rangs-face-au-terrorisme.jpg","type":"image\/jpeg"}],"author":"La r\u00e9daction","twitter_misc":{"\u00c9crit par":"La r\u00e9daction","Dur\u00e9e de lecture estim\u00e9e":"2 minutes"},"schema":{"@context":"https:\/\/schema.org","@graph":[{"@type":"Article","@id":"https:\/\/www.info-algerie.com\/actualites\/le-president-bouteflika-appelle-au-resserrement-des-rangs-face-au-terrorisme\/#article","isPartOf":{"@id":"https:\/\/www.info-algerie.com\/actualites\/le-president-bouteflika-appelle-au-resserrement-des-rangs-face-au-terrorisme\/"},"author":{"name":"La r\u00e9daction","@id":"https:\/\/www.info-algerie.com\/actualites\/#\/schema\/person\/847aaec44920825b843a08f30ec6aa1e"},"headline":"le pr\u00e9sident Bouteflika appelle au resserrement des rangs face au terrorisme","datePublished":"2015-08-20T13:50:33+00:00","dateModified":"2015-08-21T12:41:44+00:00","mainEntityOfPage":{"@id":"https:\/\/www.info-algerie.com\/actualites\/le-president-bouteflika-appelle-au-resserrement-des-rangs-face-au-terrorisme\/"},"wordCount":395,"commentCount":0,"publisher":{"@id":"https:\/\/www.info-algerie.com\/actualites\/#organization"},"image":{"@id":"https:\/\/www.info-algerie.com\/actualites\/le-president-bouteflika-appelle-au-resserrement-des-rangs-face-au-terrorisme\/#primaryimage"},"thumbnailUrl":"https:\/\/www.info-algerie.com\/actualites\/wp-content\/uploads\/2015\/08\/resserrement-des-rangs-face-au-terrorisme.jpg","keywords":["20 aout","Abdelaziz Bouteflika","message","terrorisme"],"articleSection":["Politique"],"inLanguage":"fr-FR","potentialAction":[{"@type":"CommentAction","name":"Comment","target":["https:\/\/www.info-algerie.com\/actualites\/le-president-bouteflika-appelle-au-resserrement-des-rangs-face-au-terrorisme\/#respond"]}]},{"@type":"WebPage","@id":"https:\/\/www.info-algerie.com\/actualites\/le-president-bouteflika-appelle-au-resserrement-des-rangs-face-au-terrorisme\/","url":"https:\/\/www.info-algerie.com\/actualites\/le-president-bouteflika-appelle-au-resserrement-des-rangs-face-au-terrorisme\/","name":"le pr\u00e9sident Bouteflika appelle au resserrement des rangs","isPartOf":{"@id":"https:\/\/www.info-algerie.com\/actualites\/#website"},"primaryImageOfPage":{"@id":"https:\/\/www.info-algerie.com\/actualites\/le-president-bouteflika-appelle-au-resserrement-des-rangs-face-au-terrorisme\/#primaryimage"},"image":{"@id":"https:\/\/www.info-algerie.com\/actualites\/le-president-bouteflika-appelle-au-resserrement-des-rangs-face-au-terrorisme\/#primaryimage"},"thumbnailUrl":"https:\/\/www.info-algerie.com\/actualites\/wp-content\/uploads\/2015\/08\/resserrement-des-rangs-face-au-terrorisme.jpg","datePublished":"2015-08-20T13:50:33+00:00","dateModified":"2015-08-21T12:41:44+00:00","description":"le pr\u00e9sident Bouteflika appelle au resserrement des rangs face au terrorisme dans un message \u00e0 l'occasion de la journ\u00e9e du moudjahed","breadcrumb":{"@id":"https:\/\/www.info-algerie.com\/actualites\/le-president-bouteflika-appelle-au-resserrement-des-rangs-face-au-terrorisme\/#breadcrumb"},"inLanguage":"fr-FR","potentialAction":[{"@type":"ReadAction","target":["https:\/\/www.info-algerie.com\/actualites\/le-president-bouteflika-appelle-au-resserrement-des-rangs-face-au-terrorisme\/"]}]},{"@type":"ImageObject","inLanguage":"fr-FR","@id":"https:\/\/www.info-algerie.com\/actualites\/le-president-bouteflika-appelle-au-resserrement-des-rangs-face-au-terrorisme\/#primaryimage","url":"https:\/\/www.info-algerie.com\/actualites\/wp-content\/uploads\/2015\/08\/resserrement-des-rangs-face-au-terrorisme.jpg","contentUrl":"https:\/\/www.info-algerie.com\/actualites\/wp-content\/uploads\/2015\/08\/resserrement-des-rangs-face-au-terrorisme.jpg","width":900,"height":508,"caption":"resserrement des rangs face au terrorisme"},{"@type":"BreadcrumbList","@id":"https:\/\/www.info-algerie.com\/actualites\/le-president-bouteflika-appelle-au-resserrement-des-rangs-face-au-terrorisme\/#breadcrumb","itemListElement":[{"@type":"ListItem","position":1,"name":"Accueil","item":"https:\/\/www.info-algerie.com\/actualites\/"},{"@type":"ListItem","position":2,"name":"le pr\u00e9sident Bouteflika appelle au resserrement des rangs face au terrorisme"}]},{"@type":"WebSite","@id":"https:\/\/www.info-algerie.com\/actualites\/#website","url":"https:\/\/www.info-algerie.com\/actualites\/","name":"info algerie","description":"Toutes les actualit\u00e9s","publisher":{"@id":"https:\/\/www.info-algerie.com\/actualites\/#organization"},"potentialAction":[{"@type":"SearchAction","target":{"@type":"EntryPoint","urlTemplate":"https:\/\/www.info-algerie.com\/actualites\/?s={search_term_string}"},"query-input":{"@type":"PropertyValueSpecification","valueRequired":true,"valueName":"search_term_string"}}],"inLanguage":"fr-FR"},{"@type":"Organization","@id":"https:\/\/www.info-algerie.com\/actualites\/#organization","name":"info algerie","url":"https:\/\/www.info-algerie.com\/actualites\/","logo":{"@type":"ImageObject","inLanguage":"fr-FR","@id":"https:\/\/www.info-algerie.com\/actualites\/#\/schema\/logo\/image\/","url":"https:\/\/www.info-algerie.com\/actualites\/wp-content\/uploads\/2022\/07\/logo-ia-120.png","contentUrl":"https:\/\/www.info-algerie.com\/actualites\/wp-content\/uploads\/2022\/07\/logo-ia-120.png","width":120,"height":43,"caption":"info algerie"},"image":{"@id":"https:\/\/www.info-algerie.com\/actualites\/#\/schema\/logo\/image\/"},"sameAs":["https:\/\/www.facebook.com\/infoalgerieactu","https:\/\/x.com\/infoalgerie1"]},{"@type":"Person","@id":"https:\/\/www.info-algerie.com\/actualites\/#\/schema\/person\/847aaec44920825b843a08f30ec6aa1e","name":"La r\u00e9daction","image":{"@type":"ImageObject","inLanguage":"fr-FR","@id":"https:\/\/secure.gravatar.com\/avatar\/769db425c6f465158149f1ffd6cf61ce7a8a879d11dfbef8288af36dfddd418c?s=96&d=mm&r=g","url":"https:\/\/secure.gravatar.com\/avatar\/769db425c6f465158149f1ffd6cf61ce7a8a879d11dfbef8288af36dfddd418c?s=96&d=mm&r=g","contentUrl":"https:\/\/secure.gravatar.com\/avatar\/769db425c6f465158149f1ffd6cf61ce7a8a879d11dfbef8288af36dfddd418c?s=96&d=mm&r=g","caption":"La r\u00e9daction"},"sameAs":["http:\/\/www.lkeria.com\/"],"url":"https:\/\/www.info-algerie.com\/actualites\/author\/chakib32\/"}]}},"_links":{"self":[{"href":"https:\/\/www.info-algerie.com\/actualites\/wp-json\/wp\/v2\/posts\/127","targetHints":{"allow":["GET"]}}],"collection":[{"href":"https:\/\/www.info-algerie.com\/actualites\/wp-json\/wp\/v2\/posts"}],"about":[{"href":"https:\/\/www.info-algerie.com\/actualites\/wp-json\/wp\/v2\/types\/post"}],"author":[{"embeddable":true,"href":"https:\/\/www.info-algerie.com\/actualites\/wp-json\/wp\/v2\/users\/6"}],"replies":[{"embeddable":true,"href":"https:\/\/www.info-algerie.com\/actualites\/wp-json\/wp\/v2\/comments?post=127"}],"version-history":[{"count":2,"href":"https:\/\/www.info-algerie.com\/actualites\/wp-json\/wp\/v2\/posts\/127\/revisions"}],"predecessor-version":[{"id":154,"href":"https:\/\/www.info-algerie.com\/actualites\/wp-json\/wp\/v2\/posts\/127\/revisions\/154"}],"wp:featuredmedia":[{"embeddable":true,"href":"https:\/\/www.info-algerie.com\/actualites\/wp-json\/wp\/v2\/media\/153"}],"wp:attachment":[{"href":"https:\/\/www.info-algerie.com\/actualites\/wp-json\/wp\/v2\/media?parent=127"}],"wp:term":[{"taxonomy":"category","embeddable":true,"href":"https:\/\/www.info-algerie.com\/actualites\/wp-json\/wp\/v2\/categories?post=127"},{"taxonomy":"post_tag","embeddable":true,"href":"https:\/\/www.info-algerie.com\/actualites\/wp-json\/wp\/v2\/tags?post=127"}],"curies":[{"name":"wp","href":"https:\/\/api.w.org\/{rel}","templated":true}]}}