{"id":12709,"date":"2017-05-30T17:00:57","date_gmt":"2017-05-30T16:00:57","guid":{"rendered":"http:\/\/www.info-algerie.com\/actualites\/expulse-par-les-autorites-marocaines-le-journaliste-del-watan-djamel-alilat-regagne-lalgerie\/"},"modified":"2017-05-30T17:00:57","modified_gmt":"2017-05-30T16:00:57","slug":"expulse-par-les-autorites-marocaines-le-journaliste-del-watan-djamel-alilat-regagne-lalgerie","status":"publish","type":"post","link":"https:\/\/www.info-algerie.com\/actualites\/expulse-par-les-autorites-marocaines-le-journaliste-del-watan-djamel-alilat-regagne-lalgerie\/","title":{"rendered":"Expuls\u00e9 par les autorit\u00e9s marocaines, le journaliste d&#039;El Watan Djamel\u00a0Alilat regagne l&#039;Alg\u00e9rie"},"content":{"rendered":"<div class=\"K2FeedIntroText\">\n<p>ALGER- Le journaliste du quotidien El Watan, <a href=\"http:\/\/www.aps.dz\/algerie\/58350-manifestations-dans-la-region-du-rif-le-journaliste-d-el-watan-djamel-alilat-expulse-par-les-autorites-marocaines\"><strong>Djamel\u00a0 Alilat expuls\u00e9<\/strong><\/a> lundi par les autorit\u00e9s marocaines, alors qu&rsquo;il couvrait les\u00a0 manifestations populaires dans la r\u00e9gion du Rif (Nord du Maroc), a regagn\u00e9\u00a0 mardi l&rsquo;Alg\u00e9rie, a-t-on appris aupr\u00e8s du concern\u00e9.<\/p>\n<p>&#013;\n<\/p><\/div>\n<div class=\"K2FeedFullText\">&#013;<\/p>\n<p>\u00ab\u00a0Je suis tr\u00e8s soulag\u00e9 de regagner l&rsquo;Alg\u00e9rie et retrouver mes amis et ma\u00a0 famille. Je n&rsquo;ai pas dormi pendant ces 48 heures, mais le moral est au beau\u00a0 fixe\u00a0\u00bb, a indiqu\u00e9 Djamel Alilat, dans une d\u00e9claration \u00e0 l&rsquo;APS, remerciant au\u00a0 passage tous les Alg\u00e9riens qui se sont solidaris\u00e9s avec lui durant sa\u00a0d\u00e9tention.<\/p>\n<p>&#013;<\/p>\n<p>Il s&rsquo;est dit n\u00e9anmoins \u00ab\u00a0frustr\u00e9\u00a0\u00bb de ne pas avoir termin\u00e9 sa mission pour\u00a0 laquelle il a \u00e9t\u00e9 envoy\u00e9 au Maroc pour faire la couverture m\u00e9diatique des\u00a0 manifestations du Rif, ajoutant qu'\u00a0\u00bbil n&rsquo;avait pas \u00e9t\u00e9 maltrait\u00e9 durant sa\u00a0 d\u00e9tention\u00a0\u00bb.<\/p>\n<p>&#013;<\/p>\n<p>Djamel Alilat avait \u00e9t\u00e9 arr\u00eat\u00e9 dimanche par les autorit\u00e9s marocaines,\u00a0 alors qu&rsquo;il couvrait les manifestations dans la r\u00e9gion du Rif. Son <strong><a href=\"http:\/\/www.aps.dz\/algerie\/58344-un-journaliste-d-el-watan-arrete-au-maroc\">arrestation<\/a><\/strong>\u00a0avait provoqu\u00e9 un sentiment \u00ab\u00a0d&rsquo;inqui\u00e9tude extr\u00eame\u00a0\u00bb de sa\u00a0 r\u00e9daction et suscit\u00e9 \u00e9lan de solidarit\u00e9 parmi la corporation.<\/p>\n<p>&#013;<\/p>\n<p>Le directeur de la publication d&rsquo;El Watan, qui avait contact\u00e9 les\u00a0 autorit\u00e9s alg\u00e9riennes \u00ab\u00a0pour venir en aide\u00a0\u00bb \u00e0 ce journaliste, avait exprim\u00e9\u00a0 lundi \u00e0 l&rsquo;APS son \u00ab\u00a0extr\u00eame pr\u00e9occupation\u00a0\u00bb et son \u00ab\u00a0inqui\u00e9tude\u00a0\u00bb du fait que\u00a0 le journaliste arr\u00eat\u00e9 se trouvait dans les locaux de la police.<\/p>\n<p>&#013;<\/p>\n<p>De son c\u00f4t\u00e9, le Syndicat national des journalistes (SNJ), avait d\u00e9nonc\u00e9\u00a0 \u00ab\u00a0avec force\u00a0\u00bb, l\u2019attitude des autorit\u00e9s marocaines pour cette arrestation\u00a0 \u00ab\u00a0brutale et abusive, et que rien ne saurait justifier\u00a0\u00bb. Le SNJ avait exig\u00e9 la lib\u00e9ration \u00ab\u00a0imm\u00e9diate\u00a0\u00bb du journaliste, \u00ab\u00a0et mis en\u00a0 garde contre toute atteinte, physique ou morale de l\u2019envoy\u00e9 sp\u00e9cial d\u2019El\u00a0 Watan\u00a0\u00bb .<\/p>\n<p>&#013;<\/p>\n<p>La r\u00e9gion Rif, est secou\u00e9e depuis six mois par un mouvement de\u00a0 contestation populaire pour exiger le d\u00e9veloppement de la r\u00e9gion. Les\u00a0 manifestations, avec \u00e0 chaque fois des incidents violents entre\u00a0manifestants et policiers, se sont acc\u00e9l\u00e9r\u00e9es ces derniers jours et la\u00a0 police a proc\u00e9d\u00e9 \u00e0 l&rsquo;arrestation de dizaines de personne.<\/p>\n<\/div>\n<p>&#013;<br \/>\nSource: <a href=\"http:\/\/www.aps.dz\/algerie\/58378-expulse-par-les-autorites-marocaines-le-journaliste-d-el-watan-djamel-alilat-regagne-l-algerie\" target=\"_blank\">Expuls\u00e9 par les autorit\u00e9s marocaines, le journaliste d&rsquo;El Watan Djamel\u00a0Alilat regagne l&rsquo;Alg\u00e9rie<\/a><\/p>\n<!--CusAds0-->\n<div style=\"font-size: 0px; height: 0px; line-height: 0px; margin: 0; padding: 0; clear: both;\"><\/div>","protected":false},"excerpt":{"rendered":"<p>ALGER- Le journaliste du quotidien El Watan, Djamel\u00a0 Alilat expuls\u00e9 lundi par les autorit\u00e9s marocaines, alors qu&rsquo;il couvrait les\u00a0 manifestations populaires dans la r\u00e9gion du Rif (Nord du Maroc), a regagn\u00e9\u00a0 mardi l&rsquo;Alg\u00e9rie, a-t-on appris aupr\u00e8s du concern\u00e9. &#013; &#013; \u00ab\u00a0Je suis tr\u00e8s soulag\u00e9 de regagner l&rsquo;Alg\u00e9rie et retrouver mes amis et ma\u00a0 famille. Je<\/p>\n","protected":false},"author":6,"featured_media":0,"comment_status":"open","ping_status":"open","sticky":false,"template":"","format":"standard","meta":{"footnotes":""},"categories":[22],"tags":[93],"class_list":["post-12709","post","type-post","status-publish","format-standard","hentry","category-infos","tag-onu"],"yoast_head":"<!-- This site is optimized with the Yoast SEO plugin v27.5 - https:\/\/yoast.com\/product\/yoast-seo-wordpress\/ -->\n<title>Expuls\u00e9 par les autorit\u00e9s marocaines, le journaliste d&#039;El Watan Djamel\u00a0Alilat regagne l&#039;Alg\u00e9rie - info algerie<\/title>\n<meta name=\"robots\" content=\"index, follow, max-snippet:-1, max-image-preview:large, max-video-preview:-1\" \/>\n<link rel=\"canonical\" href=\"https:\/\/www.info-algerie.com\/actualites\/expulse-par-les-autorites-marocaines-le-journaliste-del-watan-djamel-alilat-regagne-lalgerie\/\" \/>\n<meta property=\"og:locale\" content=\"fr_FR\" \/>\n<meta property=\"og:type\" content=\"article\" \/>\n<meta property=\"og:title\" content=\"Expuls\u00e9 par les autorit\u00e9s marocaines, le journaliste d&#039;El Watan Djamel\u00a0Alilat regagne l&#039;Alg\u00e9rie - info algerie\" \/>\n<meta property=\"og:description\" content=\"ALGER- Le journaliste du quotidien El Watan, Djamel\u00a0 Alilat expuls\u00e9 lundi par les autorit\u00e9s marocaines, alors qu&rsquo;il couvrait les\u00a0 manifestations populaires dans la r\u00e9gion du Rif (Nord du Maroc), a regagn\u00e9\u00a0 mardi l&rsquo;Alg\u00e9rie, a-t-on appris aupr\u00e8s du concern\u00e9. &#013; &#013; \u00ab\u00a0Je suis tr\u00e8s soulag\u00e9 de regagner l&rsquo;Alg\u00e9rie et retrouver mes amis et ma\u00a0 famille. Je\" \/>\n<meta property=\"og:url\" content=\"https:\/\/www.info-algerie.com\/actualites\/expulse-par-les-autorites-marocaines-le-journaliste-del-watan-djamel-alilat-regagne-lalgerie\/\" \/>\n<meta property=\"og:site_name\" content=\"info algerie\" \/>\n<meta property=\"article:publisher\" content=\"https:\/\/www.facebook.com\/infoalgerieactu\" \/>\n<meta property=\"article:published_time\" content=\"2017-05-30T16:00:57+00:00\" \/>\n<meta name=\"author\" content=\"La r\u00e9daction\" \/>\n<meta name=\"twitter:label1\" content=\"\u00c9crit par\" \/>\n\t<meta name=\"twitter:data1\" content=\"La r\u00e9daction\" \/>\n\t<meta name=\"twitter:label2\" content=\"Dur\u00e9e de lecture estim\u00e9e\" \/>\n\t<meta name=\"twitter:data2\" content=\"2 minutes\" \/>\n<script type=\"application\/ld+json\" class=\"yoast-schema-graph\">{\"@context\":\"https:\\\/\\\/schema.org\",\"@graph\":[{\"@type\":\"Article\",\"@id\":\"https:\\\/\\\/www.info-algerie.com\\\/actualites\\\/expulse-par-les-autorites-marocaines-le-journaliste-del-watan-djamel-alilat-regagne-lalgerie\\\/#article\",\"isPartOf\":{\"@id\":\"https:\\\/\\\/www.info-algerie.com\\\/actualites\\\/expulse-par-les-autorites-marocaines-le-journaliste-del-watan-djamel-alilat-regagne-lalgerie\\\/\"},\"author\":{\"name\":\"La r\u00e9daction\",\"@id\":\"https:\\\/\\\/www.info-algerie.com\\\/actualites\\\/#\\\/schema\\\/person\\\/847aaec44920825b843a08f30ec6aa1e\"},\"headline\":\"Expuls\u00e9 par les autorit\u00e9s marocaines, le journaliste d&#039;El Watan Djamel\u00a0Alilat regagne l&#039;Alg\u00e9rie\",\"datePublished\":\"2017-05-30T16:00:57+00:00\",\"mainEntityOfPage\":{\"@id\":\"https:\\\/\\\/www.info-algerie.com\\\/actualites\\\/expulse-par-les-autorites-marocaines-le-journaliste-del-watan-djamel-alilat-regagne-lalgerie\\\/\"},\"wordCount\":401,\"commentCount\":0,\"publisher\":{\"@id\":\"https:\\\/\\\/www.info-algerie.com\\\/actualites\\\/#organization\"},\"keywords\":[\"ONU\"],\"articleSection\":[\"infos\"],\"inLanguage\":\"fr-FR\",\"potentialAction\":[{\"@type\":\"CommentAction\",\"name\":\"Comment\",\"target\":[\"https:\\\/\\\/www.info-algerie.com\\\/actualites\\\/expulse-par-les-autorites-marocaines-le-journaliste-del-watan-djamel-alilat-regagne-lalgerie\\\/#respond\"]}]},{\"@type\":\"WebPage\",\"@id\":\"https:\\\/\\\/www.info-algerie.com\\\/actualites\\\/expulse-par-les-autorites-marocaines-le-journaliste-del-watan-djamel-alilat-regagne-lalgerie\\\/\",\"url\":\"https:\\\/\\\/www.info-algerie.com\\\/actualites\\\/expulse-par-les-autorites-marocaines-le-journaliste-del-watan-djamel-alilat-regagne-lalgerie\\\/\",\"name\":\"Expuls\u00e9 par les autorit\u00e9s marocaines, le journaliste d&#039;El Watan Djamel\u00a0Alilat regagne l&#039;Alg\u00e9rie - info algerie\",\"isPartOf\":{\"@id\":\"https:\\\/\\\/www.info-algerie.com\\\/actualites\\\/#website\"},\"datePublished\":\"2017-05-30T16:00:57+00:00\",\"breadcrumb\":{\"@id\":\"https:\\\/\\\/www.info-algerie.com\\\/actualites\\\/expulse-par-les-autorites-marocaines-le-journaliste-del-watan-djamel-alilat-regagne-lalgerie\\\/#breadcrumb\"},\"inLanguage\":\"fr-FR\",\"potentialAction\":[{\"@type\":\"ReadAction\",\"target\":[\"https:\\\/\\\/www.info-algerie.com\\\/actualites\\\/expulse-par-les-autorites-marocaines-le-journaliste-del-watan-djamel-alilat-regagne-lalgerie\\\/\"]}]},{\"@type\":\"BreadcrumbList\",\"@id\":\"https:\\\/\\\/www.info-algerie.com\\\/actualites\\\/expulse-par-les-autorites-marocaines-le-journaliste-del-watan-djamel-alilat-regagne-lalgerie\\\/#breadcrumb\",\"itemListElement\":[{\"@type\":\"ListItem\",\"position\":1,\"name\":\"Accueil\",\"item\":\"https:\\\/\\\/www.info-algerie.com\\\/actualites\\\/\"},{\"@type\":\"ListItem\",\"position\":2,\"name\":\"Expuls\u00e9 par les autorit\u00e9s marocaines, le journaliste d&#039;El Watan Djamel\u00a0Alilat regagne l&#039;Alg\u00e9rie\"}]},{\"@type\":\"WebSite\",\"@id\":\"https:\\\/\\\/www.info-algerie.com\\\/actualites\\\/#website\",\"url\":\"https:\\\/\\\/www.info-algerie.com\\\/actualites\\\/\",\"name\":\"info algerie\",\"description\":\"Toutes les actualit\u00e9s\",\"publisher\":{\"@id\":\"https:\\\/\\\/www.info-algerie.com\\\/actualites\\\/#organization\"},\"potentialAction\":[{\"@type\":\"SearchAction\",\"target\":{\"@type\":\"EntryPoint\",\"urlTemplate\":\"https:\\\/\\\/www.info-algerie.com\\\/actualites\\\/?s={search_term_string}\"},\"query-input\":{\"@type\":\"PropertyValueSpecification\",\"valueRequired\":true,\"valueName\":\"search_term_string\"}}],\"inLanguage\":\"fr-FR\"},{\"@type\":\"Organization\",\"@id\":\"https:\\\/\\\/www.info-algerie.com\\\/actualites\\\/#organization\",\"name\":\"info algerie\",\"url\":\"https:\\\/\\\/www.info-algerie.com\\\/actualites\\\/\",\"logo\":{\"@type\":\"ImageObject\",\"inLanguage\":\"fr-FR\",\"@id\":\"https:\\\/\\\/www.info-algerie.com\\\/actualites\\\/#\\\/schema\\\/logo\\\/image\\\/\",\"url\":\"https:\\\/\\\/www.info-algerie.com\\\/actualites\\\/wp-content\\\/uploads\\\/2022\\\/07\\\/logo-ia-120.png\",\"contentUrl\":\"https:\\\/\\\/www.info-algerie.com\\\/actualites\\\/wp-content\\\/uploads\\\/2022\\\/07\\\/logo-ia-120.png\",\"width\":120,\"height\":43,\"caption\":\"info algerie\"},\"image\":{\"@id\":\"https:\\\/\\\/www.info-algerie.com\\\/actualites\\\/#\\\/schema\\\/logo\\\/image\\\/\"},\"sameAs\":[\"https:\\\/\\\/www.facebook.com\\\/infoalgerieactu\",\"https:\\\/\\\/x.com\\\/infoalgerie1\"]},{\"@type\":\"Person\",\"@id\":\"https:\\\/\\\/www.info-algerie.com\\\/actualites\\\/#\\\/schema\\\/person\\\/847aaec44920825b843a08f30ec6aa1e\",\"name\":\"La r\u00e9daction\",\"image\":{\"@type\":\"ImageObject\",\"inLanguage\":\"fr-FR\",\"@id\":\"https:\\\/\\\/secure.gravatar.com\\\/avatar\\\/769db425c6f465158149f1ffd6cf61ce7a8a879d11dfbef8288af36dfddd418c?s=96&d=mm&r=g\",\"url\":\"https:\\\/\\\/secure.gravatar.com\\\/avatar\\\/769db425c6f465158149f1ffd6cf61ce7a8a879d11dfbef8288af36dfddd418c?s=96&d=mm&r=g\",\"contentUrl\":\"https:\\\/\\\/secure.gravatar.com\\\/avatar\\\/769db425c6f465158149f1ffd6cf61ce7a8a879d11dfbef8288af36dfddd418c?s=96&d=mm&r=g\",\"caption\":\"La r\u00e9daction\"},\"sameAs\":[\"http:\\\/\\\/www.lkeria.com\\\/\"],\"url\":\"https:\\\/\\\/www.info-algerie.com\\\/actualites\\\/author\\\/chakib32\\\/\"}]}<\/script>\n<!-- \/ Yoast SEO plugin. -->","yoast_head_json":{"title":"Expuls\u00e9 par les autorit\u00e9s marocaines, le journaliste d&#039;El Watan Djamel\u00a0Alilat regagne l&#039;Alg\u00e9rie - info algerie","robots":{"index":"index","follow":"follow","max-snippet":"max-snippet:-1","max-image-preview":"max-image-preview:large","max-video-preview":"max-video-preview:-1"},"canonical":"https:\/\/www.info-algerie.com\/actualites\/expulse-par-les-autorites-marocaines-le-journaliste-del-watan-djamel-alilat-regagne-lalgerie\/","og_locale":"fr_FR","og_type":"article","og_title":"Expuls\u00e9 par les autorit\u00e9s marocaines, le journaliste d&#039;El Watan Djamel\u00a0Alilat regagne l&#039;Alg\u00e9rie - info algerie","og_description":"ALGER- Le journaliste du quotidien El Watan, Djamel\u00a0 Alilat expuls\u00e9 lundi par les autorit\u00e9s marocaines, alors qu&rsquo;il couvrait les\u00a0 manifestations populaires dans la r\u00e9gion du Rif (Nord du Maroc), a regagn\u00e9\u00a0 mardi l&rsquo;Alg\u00e9rie, a-t-on appris aupr\u00e8s du concern\u00e9. &#013; &#013; \u00ab\u00a0Je suis tr\u00e8s soulag\u00e9 de regagner l&rsquo;Alg\u00e9rie et retrouver mes amis et ma\u00a0 famille. Je","og_url":"https:\/\/www.info-algerie.com\/actualites\/expulse-par-les-autorites-marocaines-le-journaliste-del-watan-djamel-alilat-regagne-lalgerie\/","og_site_name":"info algerie","article_publisher":"https:\/\/www.facebook.com\/infoalgerieactu","article_published_time":"2017-05-30T16:00:57+00:00","author":"La r\u00e9daction","twitter_misc":{"\u00c9crit par":"La r\u00e9daction","Dur\u00e9e de lecture estim\u00e9e":"2 minutes"},"schema":{"@context":"https:\/\/schema.org","@graph":[{"@type":"Article","@id":"https:\/\/www.info-algerie.com\/actualites\/expulse-par-les-autorites-marocaines-le-journaliste-del-watan-djamel-alilat-regagne-lalgerie\/#article","isPartOf":{"@id":"https:\/\/www.info-algerie.com\/actualites\/expulse-par-les-autorites-marocaines-le-journaliste-del-watan-djamel-alilat-regagne-lalgerie\/"},"author":{"name":"La r\u00e9daction","@id":"https:\/\/www.info-algerie.com\/actualites\/#\/schema\/person\/847aaec44920825b843a08f30ec6aa1e"},"headline":"Expuls\u00e9 par les autorit\u00e9s marocaines, le journaliste d&#039;El Watan Djamel\u00a0Alilat regagne l&#039;Alg\u00e9rie","datePublished":"2017-05-30T16:00:57+00:00","mainEntityOfPage":{"@id":"https:\/\/www.info-algerie.com\/actualites\/expulse-par-les-autorites-marocaines-le-journaliste-del-watan-djamel-alilat-regagne-lalgerie\/"},"wordCount":401,"commentCount":0,"publisher":{"@id":"https:\/\/www.info-algerie.com\/actualites\/#organization"},"keywords":["ONU"],"articleSection":["infos"],"inLanguage":"fr-FR","potentialAction":[{"@type":"CommentAction","name":"Comment","target":["https:\/\/www.info-algerie.com\/actualites\/expulse-par-les-autorites-marocaines-le-journaliste-del-watan-djamel-alilat-regagne-lalgerie\/#respond"]}]},{"@type":"WebPage","@id":"https:\/\/www.info-algerie.com\/actualites\/expulse-par-les-autorites-marocaines-le-journaliste-del-watan-djamel-alilat-regagne-lalgerie\/","url":"https:\/\/www.info-algerie.com\/actualites\/expulse-par-les-autorites-marocaines-le-journaliste-del-watan-djamel-alilat-regagne-lalgerie\/","name":"Expuls\u00e9 par les autorit\u00e9s marocaines, le journaliste d&#039;El Watan Djamel\u00a0Alilat regagne l&#039;Alg\u00e9rie - info algerie","isPartOf":{"@id":"https:\/\/www.info-algerie.com\/actualites\/#website"},"datePublished":"2017-05-30T16:00:57+00:00","breadcrumb":{"@id":"https:\/\/www.info-algerie.com\/actualites\/expulse-par-les-autorites-marocaines-le-journaliste-del-watan-djamel-alilat-regagne-lalgerie\/#breadcrumb"},"inLanguage":"fr-FR","potentialAction":[{"@type":"ReadAction","target":["https:\/\/www.info-algerie.com\/actualites\/expulse-par-les-autorites-marocaines-le-journaliste-del-watan-djamel-alilat-regagne-lalgerie\/"]}]},{"@type":"BreadcrumbList","@id":"https:\/\/www.info-algerie.com\/actualites\/expulse-par-les-autorites-marocaines-le-journaliste-del-watan-djamel-alilat-regagne-lalgerie\/#breadcrumb","itemListElement":[{"@type":"ListItem","position":1,"name":"Accueil","item":"https:\/\/www.info-algerie.com\/actualites\/"},{"@type":"ListItem","position":2,"name":"Expuls\u00e9 par les autorit\u00e9s marocaines, le journaliste d&#039;El Watan Djamel\u00a0Alilat regagne l&#039;Alg\u00e9rie"}]},{"@type":"WebSite","@id":"https:\/\/www.info-algerie.com\/actualites\/#website","url":"https:\/\/www.info-algerie.com\/actualites\/","name":"info algerie","description":"Toutes les actualit\u00e9s","publisher":{"@id":"https:\/\/www.info-algerie.com\/actualites\/#organization"},"potentialAction":[{"@type":"SearchAction","target":{"@type":"EntryPoint","urlTemplate":"https:\/\/www.info-algerie.com\/actualites\/?s={search_term_string}"},"query-input":{"@type":"PropertyValueSpecification","valueRequired":true,"valueName":"search_term_string"}}],"inLanguage":"fr-FR"},{"@type":"Organization","@id":"https:\/\/www.info-algerie.com\/actualites\/#organization","name":"info algerie","url":"https:\/\/www.info-algerie.com\/actualites\/","logo":{"@type":"ImageObject","inLanguage":"fr-FR","@id":"https:\/\/www.info-algerie.com\/actualites\/#\/schema\/logo\/image\/","url":"https:\/\/www.info-algerie.com\/actualites\/wp-content\/uploads\/2022\/07\/logo-ia-120.png","contentUrl":"https:\/\/www.info-algerie.com\/actualites\/wp-content\/uploads\/2022\/07\/logo-ia-120.png","width":120,"height":43,"caption":"info algerie"},"image":{"@id":"https:\/\/www.info-algerie.com\/actualites\/#\/schema\/logo\/image\/"},"sameAs":["https:\/\/www.facebook.com\/infoalgerieactu","https:\/\/x.com\/infoalgerie1"]},{"@type":"Person","@id":"https:\/\/www.info-algerie.com\/actualites\/#\/schema\/person\/847aaec44920825b843a08f30ec6aa1e","name":"La r\u00e9daction","image":{"@type":"ImageObject","inLanguage":"fr-FR","@id":"https:\/\/secure.gravatar.com\/avatar\/769db425c6f465158149f1ffd6cf61ce7a8a879d11dfbef8288af36dfddd418c?s=96&d=mm&r=g","url":"https:\/\/secure.gravatar.com\/avatar\/769db425c6f465158149f1ffd6cf61ce7a8a879d11dfbef8288af36dfddd418c?s=96&d=mm&r=g","contentUrl":"https:\/\/secure.gravatar.com\/avatar\/769db425c6f465158149f1ffd6cf61ce7a8a879d11dfbef8288af36dfddd418c?s=96&d=mm&r=g","caption":"La r\u00e9daction"},"sameAs":["http:\/\/www.lkeria.com\/"],"url":"https:\/\/www.info-algerie.com\/actualites\/author\/chakib32\/"}]}},"_links":{"self":[{"href":"https:\/\/www.info-algerie.com\/actualites\/wp-json\/wp\/v2\/posts\/12709","targetHints":{"allow":["GET"]}}],"collection":[{"href":"https:\/\/www.info-algerie.com\/actualites\/wp-json\/wp\/v2\/posts"}],"about":[{"href":"https:\/\/www.info-algerie.com\/actualites\/wp-json\/wp\/v2\/types\/post"}],"author":[{"embeddable":true,"href":"https:\/\/www.info-algerie.com\/actualites\/wp-json\/wp\/v2\/users\/6"}],"replies":[{"embeddable":true,"href":"https:\/\/www.info-algerie.com\/actualites\/wp-json\/wp\/v2\/comments?post=12709"}],"version-history":[{"count":0,"href":"https:\/\/www.info-algerie.com\/actualites\/wp-json\/wp\/v2\/posts\/12709\/revisions"}],"wp:attachment":[{"href":"https:\/\/www.info-algerie.com\/actualites\/wp-json\/wp\/v2\/media?parent=12709"}],"wp:term":[{"taxonomy":"category","embeddable":true,"href":"https:\/\/www.info-algerie.com\/actualites\/wp-json\/wp\/v2\/categories?post=12709"},{"taxonomy":"post_tag","embeddable":true,"href":"https:\/\/www.info-algerie.com\/actualites\/wp-json\/wp\/v2\/tags?post=12709"}],"curies":[{"name":"wp","href":"https:\/\/api.w.org\/{rel}","templated":true}]}}