{"id":12722,"date":"2017-05-31T10:20:59","date_gmt":"2017-05-31T09:20:59","guid":{"rendered":"http:\/\/www.info-algerie.com\/actualites\/conseil-national-des-droits-de-lhomme-reiterer-lengagement-de-la-protection-des-droits-de-lenfant\/"},"modified":"2017-05-31T10:20:59","modified_gmt":"2017-05-31T09:20:59","slug":"conseil-national-des-droits-de-lhomme-reiterer-lengagement-de-la-protection-des-droits-de-lenfant","status":"publish","type":"post","link":"https:\/\/www.info-algerie.com\/actualites\/conseil-national-des-droits-de-lhomme-reiterer-lengagement-de-la-protection-des-droits-de-lenfant\/","title":{"rendered":"Conseil national des droits de l&#039;homme : r\u00e9it\u00e9rer l&#039;engagement de la protection des droits de l&#039;enfant"},"content":{"rendered":"<div class=\"K2FeedImage\"><img decoding=\"async\" src=\"https:\/\/www.info-algerie.com\/actualites\/wp-content\/uploads\/2017\/05\/5a05b9eaa45b42e01ffd31c736d1c8cc_S.jpg\" alt=\"Conseil national des droits de l'homme : r&#xE9;it&#xE9;rer l'engagement de la protection des droits de l'enfant\" \/><\/div>\n<div class=\"K2FeedIntroText\">\n<p>ALGER &#8211; Le Conseil national des droits de l&rsquo;homme (CNDH) a affirm\u00e9 mardi \u00e0 Alger que le premier juin \u00e9tait plus qu&rsquo;une simple journ\u00e9e de c\u00e9l\u00e9bration mais plut\u00f4t une occasion de r\u00e9it\u00e9rer l&rsquo;engagement de prot\u00e9ger les droits de l&rsquo;enfant alg\u00e9rien et tous les enfants alg\u00e9riens.<\/p>\n<p>&#013;\n<\/p><\/div>\n<div class=\"K2FeedFullText\">&#013;<\/p>\n<p>A l&rsquo;instar de la communaut\u00e9 internationale, le Conseil national des droits de l&rsquo;homme (CNDH) c\u00e9l\u00e8bre la journ\u00e9e mondiale de l&rsquo;enfant soulignant les efforts consentis dans ce cadre traduits par l&rsquo;\u00e9laboration de la convention relative aux droits de l&rsquo;enfant le 20 novembre 1989 ratifi\u00e9e par l&rsquo;Alg\u00e9rie le 19 d\u00e9cembre 1992, indique un communiqu\u00e9 de cette instance, ajoutant que cet instrument international (sign\u00e9 par la quasi-totalit\u00e9 des pays) stipule un ensemble de principes fondamentaux plus particuli\u00e8rement la non distinction entre les enfants, la priorit\u00e9 \u00e0 int\u00e9r\u00eat supr\u00eame de l&rsquo;enfant, le droit \u00e0 la vie et \u00e0 la croissance et le respect de l&rsquo;opinion de l&rsquo;enfant.<\/p>\n<p>&#013;<\/p>\n<p>\u00ab\u00a0Le CNDH prend acte des cas de maltraitance des enfants signal\u00e9s par-ci par-l\u00e0 et appelle les acteurs institutionnels et non institutionnels de doubler leurs efforts pour mettre fin \u00e0 ce ph\u00e9nom\u00e8ne\u00a0\u00bb, ajoute la m\u00eame source.<\/p>\n<p>&#013;<\/p>\n<p>\u00ab\u00a0Rien n&rsquo;est plus important que de b\u00e2tir un monde o\u00f9 tous les enfants ont le droit de r\u00e9aliser leurs r\u00eaves et de grandir en bonne sant\u00e9, en paix et en dignit\u00e9\u00a0\u00bb, poursuit\u00a0 la m\u00eame source.<\/p>\n<p>&#013;<\/p>\n<p>Le CNDH recommande de renforcer davantage les acquis en la mati\u00e8re, de privil\u00e9gier un syst\u00e8me \u00e9ducatif de qualit\u00e9 et de pr\u00e9server l&rsquo;int\u00e9r\u00eat sup\u00e9rieur de l&rsquo;enfant dans tous les cas.<\/p>\n<p>&#013;<\/p>\n<p>L&rsquo;Alg\u00e9rie s&rsquo;est engag\u00e9e \u00e0 prot\u00e9ger les droits de l&rsquo;enfant \u00e0 travers un cadre juridique ad\u00e9quat notamment la constitution qui stipule dans son article 72 \u00ab\u00a0La famille b\u00e9n\u00e9ficie de la protection de l&rsquo;Etat et de la soci\u00e9t\u00e9. La famille, la soci\u00e9t\u00e9 et l&rsquo;Etat prot\u00e8gent les droit de l&rsquo;enfant.\u00a0<\/p>\n<p>&#013;<\/p>\n<p>L&rsquo;Etat prend en charge les enfants abandonn\u00e9s ou sans affiliation. La loi r\u00e9prime la violence contre les enfants\u00a0\u00bb, et \u00e9galement \u00e0 travers sa signature de la d\u00e9claration de Gen\u00e8ve relative aux droits de l&rsquo;enfant en novembre 1959 et la ratification de la charte africaine des droits de l&rsquo;homme et son bien-\u00eatre en 1990.<\/p>\n<p>&#013;<\/p>\n<p>\u00a0Le Conseil national des droits de l&rsquo;homme (CNDH) est un nouveau m\u00e9canisme pour la promotion et la protection des droits de l&rsquo;homme en Alg\u00e9rie consacr\u00e9 par les articles 198 et 199 de la r\u00e9vision constitutionnelle du 6 mars 2016 pr\u00e9vu dans la loi 19-03 dat\u00e9 du 3 novembre 2016.<\/p>\n<\/div>\n<p>&#013;<br \/>\nSource: <a href=\"http:\/\/www.aps.dz\/algerie\/58386-conseil-national-des-droits-de-l-homme-le-1-juin-est-une-occasion-pour-reiterer-l-engagement-de-la-protection-des-droits-de-l-enfant\" target=\"_blank\">Conseil national des droits de l&rsquo;homme : r\u00e9it\u00e9rer l&rsquo;engagement de la protection des droits de l&rsquo;enfant<\/a><\/p>\n<!--CusAds0-->\n<div style=\"font-size: 0px; height: 0px; line-height: 0px; margin: 0; padding: 0; clear: both;\"><\/div>","protected":false},"excerpt":{"rendered":"<p>ALGER &#8211; Le Conseil national des droits de l&rsquo;homme (CNDH) a affirm\u00e9 mardi \u00e0 Alger que le premier juin \u00e9tait plus qu&rsquo;une simple journ\u00e9e de c\u00e9l\u00e9bration mais plut\u00f4t une occasion de r\u00e9it\u00e9rer l&rsquo;engagement de prot\u00e9ger les droits de l&rsquo;enfant alg\u00e9rien et tous les enfants alg\u00e9riens. &#013; &#013; A l&rsquo;instar de la communaut\u00e9 internationale, le Conseil<\/p>\n","protected":false},"author":6,"featured_media":12723,"comment_status":"open","ping_status":"open","sticky":false,"template":"","format":"standard","meta":{"footnotes":""},"categories":[22],"tags":[93],"class_list":["post-12722","post","type-post","status-publish","format-standard","has-post-thumbnail","hentry","category-infos","tag-onu"],"yoast_head":"<!-- This site is optimized with the Yoast SEO plugin v27.5 - https:\/\/yoast.com\/product\/yoast-seo-wordpress\/ -->\n<title>Conseil national des droits de l&#039;homme : r\u00e9it\u00e9rer l&#039;engagement de la protection des droits de l&#039;enfant - info algerie<\/title>\n<meta name=\"robots\" content=\"index, follow, max-snippet:-1, max-image-preview:large, max-video-preview:-1\" \/>\n<link rel=\"canonical\" href=\"https:\/\/www.info-algerie.com\/actualites\/conseil-national-des-droits-de-lhomme-reiterer-lengagement-de-la-protection-des-droits-de-lenfant\/\" \/>\n<meta property=\"og:locale\" content=\"fr_FR\" \/>\n<meta property=\"og:type\" content=\"article\" \/>\n<meta property=\"og:title\" content=\"Conseil national des droits de l&#039;homme : r\u00e9it\u00e9rer l&#039;engagement de la protection des droits de l&#039;enfant - info algerie\" \/>\n<meta property=\"og:description\" content=\"ALGER &#8211; Le Conseil national des droits de l&rsquo;homme (CNDH) a affirm\u00e9 mardi \u00e0 Alger que le premier juin \u00e9tait plus qu&rsquo;une simple journ\u00e9e de c\u00e9l\u00e9bration mais plut\u00f4t une occasion de r\u00e9it\u00e9rer l&rsquo;engagement de prot\u00e9ger les droits de l&rsquo;enfant alg\u00e9rien et tous les enfants alg\u00e9riens. &#013; &#013; A l&rsquo;instar de la communaut\u00e9 internationale, le Conseil\" \/>\n<meta property=\"og:url\" content=\"https:\/\/www.info-algerie.com\/actualites\/conseil-national-des-droits-de-lhomme-reiterer-lengagement-de-la-protection-des-droits-de-lenfant\/\" \/>\n<meta property=\"og:site_name\" content=\"info algerie\" \/>\n<meta property=\"article:publisher\" content=\"https:\/\/www.facebook.com\/infoalgerieactu\" \/>\n<meta property=\"article:published_time\" content=\"2017-05-31T09:20:59+00:00\" \/>\n<meta property=\"og:image\" content=\"https:\/\/www.info-algerie.com\/actualites\/wp-content\/uploads\/2017\/05\/5a05b9eaa45b42e01ffd31c736d1c8cc_S-1.jpg\" \/>\n\t<meta property=\"og:image:width\" content=\"280\" \/>\n\t<meta property=\"og:image:height\" content=\"169\" \/>\n\t<meta property=\"og:image:type\" content=\"image\/jpeg\" \/>\n<meta name=\"author\" content=\"La r\u00e9daction\" \/>\n<meta name=\"twitter:label1\" content=\"\u00c9crit par\" \/>\n\t<meta name=\"twitter:data1\" content=\"La r\u00e9daction\" \/>\n\t<meta name=\"twitter:label2\" content=\"Dur\u00e9e de lecture estim\u00e9e\" \/>\n\t<meta name=\"twitter:data2\" content=\"2 minutes\" \/>\n<script type=\"application\/ld+json\" class=\"yoast-schema-graph\">{\"@context\":\"https:\\\/\\\/schema.org\",\"@graph\":[{\"@type\":\"Article\",\"@id\":\"https:\\\/\\\/www.info-algerie.com\\\/actualites\\\/conseil-national-des-droits-de-lhomme-reiterer-lengagement-de-la-protection-des-droits-de-lenfant\\\/#article\",\"isPartOf\":{\"@id\":\"https:\\\/\\\/www.info-algerie.com\\\/actualites\\\/conseil-national-des-droits-de-lhomme-reiterer-lengagement-de-la-protection-des-droits-de-lenfant\\\/\"},\"author\":{\"name\":\"La r\u00e9daction\",\"@id\":\"https:\\\/\\\/www.info-algerie.com\\\/actualites\\\/#\\\/schema\\\/person\\\/847aaec44920825b843a08f30ec6aa1e\"},\"headline\":\"Conseil national des droits de l&#039;homme : r\u00e9it\u00e9rer l&#039;engagement de la protection des droits de l&#039;enfant\",\"datePublished\":\"2017-05-31T09:20:59+00:00\",\"mainEntityOfPage\":{\"@id\":\"https:\\\/\\\/www.info-algerie.com\\\/actualites\\\/conseil-national-des-droits-de-lhomme-reiterer-lengagement-de-la-protection-des-droits-de-lenfant\\\/\"},\"wordCount\":495,\"commentCount\":0,\"publisher\":{\"@id\":\"https:\\\/\\\/www.info-algerie.com\\\/actualites\\\/#organization\"},\"image\":{\"@id\":\"https:\\\/\\\/www.info-algerie.com\\\/actualites\\\/conseil-national-des-droits-de-lhomme-reiterer-lengagement-de-la-protection-des-droits-de-lenfant\\\/#primaryimage\"},\"thumbnailUrl\":\"https:\\\/\\\/www.info-algerie.com\\\/actualites\\\/wp-content\\\/uploads\\\/2017\\\/05\\\/5a05b9eaa45b42e01ffd31c736d1c8cc_S-1.jpg\",\"keywords\":[\"ONU\"],\"articleSection\":[\"infos\"],\"inLanguage\":\"fr-FR\",\"potentialAction\":[{\"@type\":\"CommentAction\",\"name\":\"Comment\",\"target\":[\"https:\\\/\\\/www.info-algerie.com\\\/actualites\\\/conseil-national-des-droits-de-lhomme-reiterer-lengagement-de-la-protection-des-droits-de-lenfant\\\/#respond\"]}]},{\"@type\":\"WebPage\",\"@id\":\"https:\\\/\\\/www.info-algerie.com\\\/actualites\\\/conseil-national-des-droits-de-lhomme-reiterer-lengagement-de-la-protection-des-droits-de-lenfant\\\/\",\"url\":\"https:\\\/\\\/www.info-algerie.com\\\/actualites\\\/conseil-national-des-droits-de-lhomme-reiterer-lengagement-de-la-protection-des-droits-de-lenfant\\\/\",\"name\":\"Conseil national des droits de l&#039;homme : r\u00e9it\u00e9rer l&#039;engagement de la protection des droits de l&#039;enfant - info algerie\",\"isPartOf\":{\"@id\":\"https:\\\/\\\/www.info-algerie.com\\\/actualites\\\/#website\"},\"primaryImageOfPage\":{\"@id\":\"https:\\\/\\\/www.info-algerie.com\\\/actualites\\\/conseil-national-des-droits-de-lhomme-reiterer-lengagement-de-la-protection-des-droits-de-lenfant\\\/#primaryimage\"},\"image\":{\"@id\":\"https:\\\/\\\/www.info-algerie.com\\\/actualites\\\/conseil-national-des-droits-de-lhomme-reiterer-lengagement-de-la-protection-des-droits-de-lenfant\\\/#primaryimage\"},\"thumbnailUrl\":\"https:\\\/\\\/www.info-algerie.com\\\/actualites\\\/wp-content\\\/uploads\\\/2017\\\/05\\\/5a05b9eaa45b42e01ffd31c736d1c8cc_S-1.jpg\",\"datePublished\":\"2017-05-31T09:20:59+00:00\",\"breadcrumb\":{\"@id\":\"https:\\\/\\\/www.info-algerie.com\\\/actualites\\\/conseil-national-des-droits-de-lhomme-reiterer-lengagement-de-la-protection-des-droits-de-lenfant\\\/#breadcrumb\"},\"inLanguage\":\"fr-FR\",\"potentialAction\":[{\"@type\":\"ReadAction\",\"target\":[\"https:\\\/\\\/www.info-algerie.com\\\/actualites\\\/conseil-national-des-droits-de-lhomme-reiterer-lengagement-de-la-protection-des-droits-de-lenfant\\\/\"]}]},{\"@type\":\"ImageObject\",\"inLanguage\":\"fr-FR\",\"@id\":\"https:\\\/\\\/www.info-algerie.com\\\/actualites\\\/conseil-national-des-droits-de-lhomme-reiterer-lengagement-de-la-protection-des-droits-de-lenfant\\\/#primaryimage\",\"url\":\"https:\\\/\\\/www.info-algerie.com\\\/actualites\\\/wp-content\\\/uploads\\\/2017\\\/05\\\/5a05b9eaa45b42e01ffd31c736d1c8cc_S-1.jpg\",\"contentUrl\":\"https:\\\/\\\/www.info-algerie.com\\\/actualites\\\/wp-content\\\/uploads\\\/2017\\\/05\\\/5a05b9eaa45b42e01ffd31c736d1c8cc_S-1.jpg\",\"width\":280,\"height\":169},{\"@type\":\"BreadcrumbList\",\"@id\":\"https:\\\/\\\/www.info-algerie.com\\\/actualites\\\/conseil-national-des-droits-de-lhomme-reiterer-lengagement-de-la-protection-des-droits-de-lenfant\\\/#breadcrumb\",\"itemListElement\":[{\"@type\":\"ListItem\",\"position\":1,\"name\":\"Accueil\",\"item\":\"https:\\\/\\\/www.info-algerie.com\\\/actualites\\\/\"},{\"@type\":\"ListItem\",\"position\":2,\"name\":\"Conseil national des droits de l&#039;homme : r\u00e9it\u00e9rer l&#039;engagement de la protection des droits de l&#039;enfant\"}]},{\"@type\":\"WebSite\",\"@id\":\"https:\\\/\\\/www.info-algerie.com\\\/actualites\\\/#website\",\"url\":\"https:\\\/\\\/www.info-algerie.com\\\/actualites\\\/\",\"name\":\"info algerie\",\"description\":\"Toutes les actualit\u00e9s\",\"publisher\":{\"@id\":\"https:\\\/\\\/www.info-algerie.com\\\/actualites\\\/#organization\"},\"potentialAction\":[{\"@type\":\"SearchAction\",\"target\":{\"@type\":\"EntryPoint\",\"urlTemplate\":\"https:\\\/\\\/www.info-algerie.com\\\/actualites\\\/?s={search_term_string}\"},\"query-input\":{\"@type\":\"PropertyValueSpecification\",\"valueRequired\":true,\"valueName\":\"search_term_string\"}}],\"inLanguage\":\"fr-FR\"},{\"@type\":\"Organization\",\"@id\":\"https:\\\/\\\/www.info-algerie.com\\\/actualites\\\/#organization\",\"name\":\"info algerie\",\"url\":\"https:\\\/\\\/www.info-algerie.com\\\/actualites\\\/\",\"logo\":{\"@type\":\"ImageObject\",\"inLanguage\":\"fr-FR\",\"@id\":\"https:\\\/\\\/www.info-algerie.com\\\/actualites\\\/#\\\/schema\\\/logo\\\/image\\\/\",\"url\":\"https:\\\/\\\/www.info-algerie.com\\\/actualites\\\/wp-content\\\/uploads\\\/2022\\\/07\\\/logo-ia-120.png\",\"contentUrl\":\"https:\\\/\\\/www.info-algerie.com\\\/actualites\\\/wp-content\\\/uploads\\\/2022\\\/07\\\/logo-ia-120.png\",\"width\":120,\"height\":43,\"caption\":\"info algerie\"},\"image\":{\"@id\":\"https:\\\/\\\/www.info-algerie.com\\\/actualites\\\/#\\\/schema\\\/logo\\\/image\\\/\"},\"sameAs\":[\"https:\\\/\\\/www.facebook.com\\\/infoalgerieactu\",\"https:\\\/\\\/x.com\\\/infoalgerie1\"]},{\"@type\":\"Person\",\"@id\":\"https:\\\/\\\/www.info-algerie.com\\\/actualites\\\/#\\\/schema\\\/person\\\/847aaec44920825b843a08f30ec6aa1e\",\"name\":\"La r\u00e9daction\",\"image\":{\"@type\":\"ImageObject\",\"inLanguage\":\"fr-FR\",\"@id\":\"https:\\\/\\\/secure.gravatar.com\\\/avatar\\\/769db425c6f465158149f1ffd6cf61ce7a8a879d11dfbef8288af36dfddd418c?s=96&d=mm&r=g\",\"url\":\"https:\\\/\\\/secure.gravatar.com\\\/avatar\\\/769db425c6f465158149f1ffd6cf61ce7a8a879d11dfbef8288af36dfddd418c?s=96&d=mm&r=g\",\"contentUrl\":\"https:\\\/\\\/secure.gravatar.com\\\/avatar\\\/769db425c6f465158149f1ffd6cf61ce7a8a879d11dfbef8288af36dfddd418c?s=96&d=mm&r=g\",\"caption\":\"La r\u00e9daction\"},\"sameAs\":[\"http:\\\/\\\/www.lkeria.com\\\/\"],\"url\":\"https:\\\/\\\/www.info-algerie.com\\\/actualites\\\/author\\\/chakib32\\\/\"}]}<\/script>\n<!-- \/ Yoast SEO plugin. -->","yoast_head_json":{"title":"Conseil national des droits de l&#039;homme : r\u00e9it\u00e9rer l&#039;engagement de la protection des droits de l&#039;enfant - info algerie","robots":{"index":"index","follow":"follow","max-snippet":"max-snippet:-1","max-image-preview":"max-image-preview:large","max-video-preview":"max-video-preview:-1"},"canonical":"https:\/\/www.info-algerie.com\/actualites\/conseil-national-des-droits-de-lhomme-reiterer-lengagement-de-la-protection-des-droits-de-lenfant\/","og_locale":"fr_FR","og_type":"article","og_title":"Conseil national des droits de l&#039;homme : r\u00e9it\u00e9rer l&#039;engagement de la protection des droits de l&#039;enfant - info algerie","og_description":"ALGER &#8211; Le Conseil national des droits de l&rsquo;homme (CNDH) a affirm\u00e9 mardi \u00e0 Alger que le premier juin \u00e9tait plus qu&rsquo;une simple journ\u00e9e de c\u00e9l\u00e9bration mais plut\u00f4t une occasion de r\u00e9it\u00e9rer l&rsquo;engagement de prot\u00e9ger les droits de l&rsquo;enfant alg\u00e9rien et tous les enfants alg\u00e9riens. &#013; &#013; A l&rsquo;instar de la communaut\u00e9 internationale, le Conseil","og_url":"https:\/\/www.info-algerie.com\/actualites\/conseil-national-des-droits-de-lhomme-reiterer-lengagement-de-la-protection-des-droits-de-lenfant\/","og_site_name":"info algerie","article_publisher":"https:\/\/www.facebook.com\/infoalgerieactu","article_published_time":"2017-05-31T09:20:59+00:00","og_image":[{"width":280,"height":169,"url":"https:\/\/www.info-algerie.com\/actualites\/wp-content\/uploads\/2017\/05\/5a05b9eaa45b42e01ffd31c736d1c8cc_S-1.jpg","type":"image\/jpeg"}],"author":"La r\u00e9daction","twitter_misc":{"\u00c9crit par":"La r\u00e9daction","Dur\u00e9e de lecture estim\u00e9e":"2 minutes"},"schema":{"@context":"https:\/\/schema.org","@graph":[{"@type":"Article","@id":"https:\/\/www.info-algerie.com\/actualites\/conseil-national-des-droits-de-lhomme-reiterer-lengagement-de-la-protection-des-droits-de-lenfant\/#article","isPartOf":{"@id":"https:\/\/www.info-algerie.com\/actualites\/conseil-national-des-droits-de-lhomme-reiterer-lengagement-de-la-protection-des-droits-de-lenfant\/"},"author":{"name":"La r\u00e9daction","@id":"https:\/\/www.info-algerie.com\/actualites\/#\/schema\/person\/847aaec44920825b843a08f30ec6aa1e"},"headline":"Conseil national des droits de l&#039;homme : r\u00e9it\u00e9rer l&#039;engagement de la protection des droits de l&#039;enfant","datePublished":"2017-05-31T09:20:59+00:00","mainEntityOfPage":{"@id":"https:\/\/www.info-algerie.com\/actualites\/conseil-national-des-droits-de-lhomme-reiterer-lengagement-de-la-protection-des-droits-de-lenfant\/"},"wordCount":495,"commentCount":0,"publisher":{"@id":"https:\/\/www.info-algerie.com\/actualites\/#organization"},"image":{"@id":"https:\/\/www.info-algerie.com\/actualites\/conseil-national-des-droits-de-lhomme-reiterer-lengagement-de-la-protection-des-droits-de-lenfant\/#primaryimage"},"thumbnailUrl":"https:\/\/www.info-algerie.com\/actualites\/wp-content\/uploads\/2017\/05\/5a05b9eaa45b42e01ffd31c736d1c8cc_S-1.jpg","keywords":["ONU"],"articleSection":["infos"],"inLanguage":"fr-FR","potentialAction":[{"@type":"CommentAction","name":"Comment","target":["https:\/\/www.info-algerie.com\/actualites\/conseil-national-des-droits-de-lhomme-reiterer-lengagement-de-la-protection-des-droits-de-lenfant\/#respond"]}]},{"@type":"WebPage","@id":"https:\/\/www.info-algerie.com\/actualites\/conseil-national-des-droits-de-lhomme-reiterer-lengagement-de-la-protection-des-droits-de-lenfant\/","url":"https:\/\/www.info-algerie.com\/actualites\/conseil-national-des-droits-de-lhomme-reiterer-lengagement-de-la-protection-des-droits-de-lenfant\/","name":"Conseil national des droits de l&#039;homme : r\u00e9it\u00e9rer l&#039;engagement de la protection des droits de l&#039;enfant - info algerie","isPartOf":{"@id":"https:\/\/www.info-algerie.com\/actualites\/#website"},"primaryImageOfPage":{"@id":"https:\/\/www.info-algerie.com\/actualites\/conseil-national-des-droits-de-lhomme-reiterer-lengagement-de-la-protection-des-droits-de-lenfant\/#primaryimage"},"image":{"@id":"https:\/\/www.info-algerie.com\/actualites\/conseil-national-des-droits-de-lhomme-reiterer-lengagement-de-la-protection-des-droits-de-lenfant\/#primaryimage"},"thumbnailUrl":"https:\/\/www.info-algerie.com\/actualites\/wp-content\/uploads\/2017\/05\/5a05b9eaa45b42e01ffd31c736d1c8cc_S-1.jpg","datePublished":"2017-05-31T09:20:59+00:00","breadcrumb":{"@id":"https:\/\/www.info-algerie.com\/actualites\/conseil-national-des-droits-de-lhomme-reiterer-lengagement-de-la-protection-des-droits-de-lenfant\/#breadcrumb"},"inLanguage":"fr-FR","potentialAction":[{"@type":"ReadAction","target":["https:\/\/www.info-algerie.com\/actualites\/conseil-national-des-droits-de-lhomme-reiterer-lengagement-de-la-protection-des-droits-de-lenfant\/"]}]},{"@type":"ImageObject","inLanguage":"fr-FR","@id":"https:\/\/www.info-algerie.com\/actualites\/conseil-national-des-droits-de-lhomme-reiterer-lengagement-de-la-protection-des-droits-de-lenfant\/#primaryimage","url":"https:\/\/www.info-algerie.com\/actualites\/wp-content\/uploads\/2017\/05\/5a05b9eaa45b42e01ffd31c736d1c8cc_S-1.jpg","contentUrl":"https:\/\/www.info-algerie.com\/actualites\/wp-content\/uploads\/2017\/05\/5a05b9eaa45b42e01ffd31c736d1c8cc_S-1.jpg","width":280,"height":169},{"@type":"BreadcrumbList","@id":"https:\/\/www.info-algerie.com\/actualites\/conseil-national-des-droits-de-lhomme-reiterer-lengagement-de-la-protection-des-droits-de-lenfant\/#breadcrumb","itemListElement":[{"@type":"ListItem","position":1,"name":"Accueil","item":"https:\/\/www.info-algerie.com\/actualites\/"},{"@type":"ListItem","position":2,"name":"Conseil national des droits de l&#039;homme : r\u00e9it\u00e9rer l&#039;engagement de la protection des droits de l&#039;enfant"}]},{"@type":"WebSite","@id":"https:\/\/www.info-algerie.com\/actualites\/#website","url":"https:\/\/www.info-algerie.com\/actualites\/","name":"info algerie","description":"Toutes les actualit\u00e9s","publisher":{"@id":"https:\/\/www.info-algerie.com\/actualites\/#organization"},"potentialAction":[{"@type":"SearchAction","target":{"@type":"EntryPoint","urlTemplate":"https:\/\/www.info-algerie.com\/actualites\/?s={search_term_string}"},"query-input":{"@type":"PropertyValueSpecification","valueRequired":true,"valueName":"search_term_string"}}],"inLanguage":"fr-FR"},{"@type":"Organization","@id":"https:\/\/www.info-algerie.com\/actualites\/#organization","name":"info algerie","url":"https:\/\/www.info-algerie.com\/actualites\/","logo":{"@type":"ImageObject","inLanguage":"fr-FR","@id":"https:\/\/www.info-algerie.com\/actualites\/#\/schema\/logo\/image\/","url":"https:\/\/www.info-algerie.com\/actualites\/wp-content\/uploads\/2022\/07\/logo-ia-120.png","contentUrl":"https:\/\/www.info-algerie.com\/actualites\/wp-content\/uploads\/2022\/07\/logo-ia-120.png","width":120,"height":43,"caption":"info algerie"},"image":{"@id":"https:\/\/www.info-algerie.com\/actualites\/#\/schema\/logo\/image\/"},"sameAs":["https:\/\/www.facebook.com\/infoalgerieactu","https:\/\/x.com\/infoalgerie1"]},{"@type":"Person","@id":"https:\/\/www.info-algerie.com\/actualites\/#\/schema\/person\/847aaec44920825b843a08f30ec6aa1e","name":"La r\u00e9daction","image":{"@type":"ImageObject","inLanguage":"fr-FR","@id":"https:\/\/secure.gravatar.com\/avatar\/769db425c6f465158149f1ffd6cf61ce7a8a879d11dfbef8288af36dfddd418c?s=96&d=mm&r=g","url":"https:\/\/secure.gravatar.com\/avatar\/769db425c6f465158149f1ffd6cf61ce7a8a879d11dfbef8288af36dfddd418c?s=96&d=mm&r=g","contentUrl":"https:\/\/secure.gravatar.com\/avatar\/769db425c6f465158149f1ffd6cf61ce7a8a879d11dfbef8288af36dfddd418c?s=96&d=mm&r=g","caption":"La r\u00e9daction"},"sameAs":["http:\/\/www.lkeria.com\/"],"url":"https:\/\/www.info-algerie.com\/actualites\/author\/chakib32\/"}]}},"_links":{"self":[{"href":"https:\/\/www.info-algerie.com\/actualites\/wp-json\/wp\/v2\/posts\/12722","targetHints":{"allow":["GET"]}}],"collection":[{"href":"https:\/\/www.info-algerie.com\/actualites\/wp-json\/wp\/v2\/posts"}],"about":[{"href":"https:\/\/www.info-algerie.com\/actualites\/wp-json\/wp\/v2\/types\/post"}],"author":[{"embeddable":true,"href":"https:\/\/www.info-algerie.com\/actualites\/wp-json\/wp\/v2\/users\/6"}],"replies":[{"embeddable":true,"href":"https:\/\/www.info-algerie.com\/actualites\/wp-json\/wp\/v2\/comments?post=12722"}],"version-history":[{"count":0,"href":"https:\/\/www.info-algerie.com\/actualites\/wp-json\/wp\/v2\/posts\/12722\/revisions"}],"wp:featuredmedia":[{"embeddable":true,"href":"https:\/\/www.info-algerie.com\/actualites\/wp-json\/wp\/v2\/media\/12723"}],"wp:attachment":[{"href":"https:\/\/www.info-algerie.com\/actualites\/wp-json\/wp\/v2\/media?parent=12722"}],"wp:term":[{"taxonomy":"category","embeddable":true,"href":"https:\/\/www.info-algerie.com\/actualites\/wp-json\/wp\/v2\/categories?post=12722"},{"taxonomy":"post_tag","embeddable":true,"href":"https:\/\/www.info-algerie.com\/actualites\/wp-json\/wp\/v2\/tags?post=12722"}],"curies":[{"name":"wp","href":"https:\/\/api.w.org\/{rel}","templated":true}]}}