{"id":12732,"date":"2017-05-31T14:30:25","date_gmt":"2017-05-31T13:30:25","guid":{"rendered":"http:\/\/www.info-algerie.com\/actualites\/anniversaire-de-la-mort-du-president-mohamed-abdelaziz-un-message-aux-generations-sahraouies-pour-renouveler-le-serment\/"},"modified":"2017-05-31T14:30:25","modified_gmt":"2017-05-31T13:30:25","slug":"anniversaire-de-la-mort-du-president-mohamed-abdelaziz-un-message-aux-generations-sahraouies-pour-renouveler-le-serment","status":"publish","type":"post","link":"https:\/\/www.info-algerie.com\/actualites\/anniversaire-de-la-mort-du-president-mohamed-abdelaziz-un-message-aux-generations-sahraouies-pour-renouveler-le-serment\/","title":{"rendered":"Anniversaire de la mort du Pr\u00e9sident Mohamed Abdelaziz : &quot;un message aux\u00a0 g\u00e9n\u00e9rations sahraouies pour renouveler le serment&quot;\u00a0"},"content":{"rendered":"<div class=\"K2FeedImage\"><img decoding=\"async\" src=\"https:\/\/www.info-algerie.com\/actualites\/wp-content\/uploads\/2017\/05\/062a65436492d814461a8428788e142f_S.jpg\" \/><\/div>\n<div class=\"K2FeedIntroText\">\n<p class=\"MsoNoSpacing\">AOUSSERD (camps sahraouis) &#8211; La comm\u00e9moration de\u00a0 l\u2019anniversaire de la mort du Pr\u00e9sident sahraoui et secr\u00e9taire g\u00e9n\u00e9ral du\u00a0 Front Polisario, Mohamed Abdelaziz, constitue un \u00ab\u00a0message aux g\u00e9n\u00e9rations\u00a0 sahraouies pour renouveler le serment\u00a0\u00bb, a affirm\u00e9, mercredi au camp\u00a0 d\u2019Aousserd des r\u00e9fugi\u00e9s sahraouis, le responsable du secr\u00e9tariat politique\u00a0 du Polisario, Hamma Salama.<\/p>\n<p>&#013;\n<\/p><\/div>\n<div class=\"K2FeedFullText\">&#013;<\/p>\n<p>S\u2019exprimant en ouverture de la conf\u00e9rence \u00ab\u00a0Chahid Mohamed Abdelaziz\u00a0\u00bb, M.\u00a0 Salama a indiqu\u00e9 que la comm\u00e9moration de l\u2019anniversaire de la disparition\u00a0 du Pr\u00e9sident Sahraoui Mohamed Abdelaziz constituait \u00ab\u00a0un message \u00e0\u00a0 l\u2019ensemble des g\u00e9n\u00e9rations sahraouies pour renouveler le serment et s\u2019y attacher, ainsi qu\u2019un t\u00e9moignage de fiert\u00e9 et de grandeur pour tous ceux\u00a0 qui ne se sont pas d\u00e9marqu\u00e9 de l\u2019objectif de l\u2019ind\u00e9pendance nationale et de\u00a0 la construction de l\u2019Etat sahraoui ind\u00e9pendant\u00a0\u00bb.<\/p>\n<p>&#013;<\/p>\n<p>S\u2019interrogeant sur \u00ab\u00a0la possibilit\u00e9 de r\u00e9sumer le parcours de 40 ann\u00e9es\u00a0 d\u2019une personnalit\u00e9 imbue des principes du Polisario et qui en a fait des\u00a0 objectifs essentiels dont on ne saurait se d\u00e9partir\u00a0\u00bb, le responsable\u00a0 sahraoui a indiqu\u00e9 que cette conf\u00e9rence vise non seulement \u00e0 \u00ab\u00a0s\u2019appesantir\u00a0 sur l\u2019oeuvre, la philosophie et l\u2019organisation du Chahid Mohamed Abdelaziz\u00a0\u00bb,\u00a0 mais aussi \u00e0 \u00ab\u00a0observer une halte pour en tirer les enseignements et s\u2019en\u00a0 armer\u00a0\u00bb.<\/p>\n<p>&#013;<\/p>\n<p>De son c\u00f4t\u00e9, le membre du secr\u00e9tariat national sahraoui, Mohamed Lamine\u00a0 Ould Ahmed, a pr\u00e9sent\u00e9 une communication dans laquelle il braque les\u00a0 lumi\u00e8res sur certaines \u00e9tapes du parcours du Chahid Mohamed Abdelaziz, les\u00a0 qualit\u00e9s du SG du Polisario qu\u2019il \u00e9tait aussi, et de ses actions en tant qu\u2019homme de terrain et fin politique ayant consacr\u00e9 sa vie au service de la\u00a0 cause sahraouie juste.<\/p>\n<p>&#013;<\/p>\n<p>Des communications ont \u00e9t\u00e9 aussi pr\u00e9sent\u00e9es par le pr\u00e9sident de la\u00a0 commission pr\u00e9paratoire de la conf\u00e9rence, Bachir Yalama, et le wali du camp\u00a0 d\u2019Aousserd des r\u00e9fugi\u00e9s sahraouis, Meriem Salek Hamada.<\/p>\n<p>&#013;<\/p>\n<p>Les participants \u00e0 cette conf\u00e9rence, \u00e0 laquelle a assist\u00e9 le Premier\u00a0 ministre sahraoui Abdelkader Taleb Omar, ont suivi une projection vid\u00e9o\u00a0 r\u00e9sumant les principales \u00e9tapes du parcours militant et les qualit\u00e9s du\u00a0 d\u00e9funt Pr\u00e9sident Mohamed Abdelaziz, ainsi que des t\u00e9moignages vivants de\u00a0 diff\u00e9rentes personnalit\u00e9s sahraouies ayant int\u00e9gr\u00e9 le gouvernement de la\u00a0 R\u00e9publique arabe sahraouie d\u00e9mocratique, tout au long de quatre d\u00e9cennies.<\/p>\n<p>&#013;<\/p>\n<p>\u00a0<\/p>\n<p>&#013;<\/p>\n<p>Cette conf\u00e9rence, en pr\u00e9sence de quelques 500 participants, est organis\u00e9e\u00a0 \u00e0 l\u2019occasion du premier anniversaire de la mort du Pr\u00e9sident Sahraoui\u00a0 Mohamed Abdelaziz, sous l\u2019\u00e9gide du secr\u00e9tariat politique du Front Polisario\u00a0 et de l\u2019Union g\u00e9n\u00e9rale des travailleurs sahraouis (UGTSARIO).<\/p>\n<\/div>\n<p>&#013;<br \/>\nSource: <a href=\"http:\/\/www.aps.dz\/algerie\/58406-anniversaire-de-la-mort-du-president-mohamed-abdelaziz-un-message-aux-generations-sahraouies-pour-renouveler-le-serment\" target=\"_blank\">Anniversaire de la mort du Pr\u00e9sident Mohamed Abdelaziz : \u00ab\u00a0un message aux\u00a0 g\u00e9n\u00e9rations sahraouies pour renouveler le serment\u00a0\u00bb\u00a0<\/a><\/p>\n<!--CusAds0-->\n<div style=\"font-size: 0px; height: 0px; line-height: 0px; margin: 0; padding: 0; clear: both;\"><\/div>","protected":false},"excerpt":{"rendered":"<p>AOUSSERD (camps sahraouis) &#8211; La comm\u00e9moration de\u00a0 l\u2019anniversaire de la mort du Pr\u00e9sident sahraoui et secr\u00e9taire g\u00e9n\u00e9ral du\u00a0 Front Polisario, Mohamed Abdelaziz, constitue un \u00ab\u00a0message aux g\u00e9n\u00e9rations\u00a0 sahraouies pour renouveler le serment\u00a0\u00bb, a affirm\u00e9, mercredi au camp\u00a0 d\u2019Aousserd des r\u00e9fugi\u00e9s sahraouis, le responsable du secr\u00e9tariat politique\u00a0 du Polisario, Hamma Salama. &#013; &#013; S\u2019exprimant en ouverture<\/p>\n","protected":false},"author":6,"featured_media":12733,"comment_status":"open","ping_status":"open","sticky":false,"template":"","format":"standard","meta":{"footnotes":""},"categories":[22],"tags":[93],"class_list":["post-12732","post","type-post","status-publish","format-standard","has-post-thumbnail","hentry","category-infos","tag-onu"],"yoast_head":"<!-- This site is optimized with the Yoast SEO plugin v27.5 - https:\/\/yoast.com\/product\/yoast-seo-wordpress\/ -->\n<title>Anniversaire de la mort du Pr\u00e9sident Mohamed Abdelaziz : &quot;un message aux\u00a0 g\u00e9n\u00e9rations sahraouies pour renouveler le serment&quot;\u00a0 - info algerie<\/title>\n<meta name=\"robots\" content=\"index, follow, max-snippet:-1, max-image-preview:large, max-video-preview:-1\" \/>\n<link rel=\"canonical\" href=\"https:\/\/www.info-algerie.com\/actualites\/anniversaire-de-la-mort-du-president-mohamed-abdelaziz-un-message-aux-generations-sahraouies-pour-renouveler-le-serment\/\" \/>\n<meta property=\"og:locale\" content=\"fr_FR\" \/>\n<meta property=\"og:type\" content=\"article\" \/>\n<meta property=\"og:title\" content=\"Anniversaire de la mort du Pr\u00e9sident Mohamed Abdelaziz : &quot;un message aux\u00a0 g\u00e9n\u00e9rations sahraouies pour renouveler le serment&quot;\u00a0 - info algerie\" \/>\n<meta property=\"og:description\" content=\"AOUSSERD (camps sahraouis) &#8211; La comm\u00e9moration de\u00a0 l\u2019anniversaire de la mort du Pr\u00e9sident sahraoui et secr\u00e9taire g\u00e9n\u00e9ral du\u00a0 Front Polisario, Mohamed Abdelaziz, constitue un \u00ab\u00a0message aux g\u00e9n\u00e9rations\u00a0 sahraouies pour renouveler le serment\u00a0\u00bb, a affirm\u00e9, mercredi au camp\u00a0 d\u2019Aousserd des r\u00e9fugi\u00e9s sahraouis, le responsable du secr\u00e9tariat politique\u00a0 du Polisario, Hamma Salama. &#013; &#013; S\u2019exprimant en ouverture\" \/>\n<meta property=\"og:url\" content=\"https:\/\/www.info-algerie.com\/actualites\/anniversaire-de-la-mort-du-president-mohamed-abdelaziz-un-message-aux-generations-sahraouies-pour-renouveler-le-serment\/\" \/>\n<meta property=\"og:site_name\" content=\"info algerie\" \/>\n<meta property=\"article:publisher\" content=\"https:\/\/www.facebook.com\/infoalgerieactu\" \/>\n<meta property=\"article:published_time\" content=\"2017-05-31T13:30:25+00:00\" \/>\n<meta property=\"og:image\" content=\"https:\/\/www.info-algerie.com\/actualites\/wp-content\/uploads\/2017\/05\/062a65436492d814461a8428788e142f_S-1.jpg\" \/>\n\t<meta property=\"og:image:width\" content=\"280\" \/>\n\t<meta property=\"og:image:height\" content=\"187\" \/>\n\t<meta property=\"og:image:type\" content=\"image\/jpeg\" \/>\n<meta name=\"author\" content=\"La r\u00e9daction\" \/>\n<meta name=\"twitter:label1\" content=\"\u00c9crit par\" \/>\n\t<meta name=\"twitter:data1\" content=\"La r\u00e9daction\" \/>\n\t<meta name=\"twitter:label2\" content=\"Dur\u00e9e de lecture estim\u00e9e\" \/>\n\t<meta name=\"twitter:data2\" content=\"2 minutes\" \/>\n<script type=\"application\/ld+json\" class=\"yoast-schema-graph\">{\"@context\":\"https:\\\/\\\/schema.org\",\"@graph\":[{\"@type\":\"Article\",\"@id\":\"https:\\\/\\\/www.info-algerie.com\\\/actualites\\\/anniversaire-de-la-mort-du-president-mohamed-abdelaziz-un-message-aux-generations-sahraouies-pour-renouveler-le-serment\\\/#article\",\"isPartOf\":{\"@id\":\"https:\\\/\\\/www.info-algerie.com\\\/actualites\\\/anniversaire-de-la-mort-du-president-mohamed-abdelaziz-un-message-aux-generations-sahraouies-pour-renouveler-le-serment\\\/\"},\"author\":{\"name\":\"La r\u00e9daction\",\"@id\":\"https:\\\/\\\/www.info-algerie.com\\\/actualites\\\/#\\\/schema\\\/person\\\/847aaec44920825b843a08f30ec6aa1e\"},\"headline\":\"Anniversaire de la mort du Pr\u00e9sident Mohamed Abdelaziz : &quot;un message aux\u00a0 g\u00e9n\u00e9rations sahraouies pour renouveler le serment&quot;\u00a0\",\"datePublished\":\"2017-05-31T13:30:25+00:00\",\"mainEntityOfPage\":{\"@id\":\"https:\\\/\\\/www.info-algerie.com\\\/actualites\\\/anniversaire-de-la-mort-du-president-mohamed-abdelaziz-un-message-aux-generations-sahraouies-pour-renouveler-le-serment\\\/\"},\"wordCount\":496,\"commentCount\":0,\"publisher\":{\"@id\":\"https:\\\/\\\/www.info-algerie.com\\\/actualites\\\/#organization\"},\"image\":{\"@id\":\"https:\\\/\\\/www.info-algerie.com\\\/actualites\\\/anniversaire-de-la-mort-du-president-mohamed-abdelaziz-un-message-aux-generations-sahraouies-pour-renouveler-le-serment\\\/#primaryimage\"},\"thumbnailUrl\":\"https:\\\/\\\/www.info-algerie.com\\\/actualites\\\/wp-content\\\/uploads\\\/2017\\\/05\\\/062a65436492d814461a8428788e142f_S-1.jpg\",\"keywords\":[\"ONU\"],\"articleSection\":[\"infos\"],\"inLanguage\":\"fr-FR\",\"potentialAction\":[{\"@type\":\"CommentAction\",\"name\":\"Comment\",\"target\":[\"https:\\\/\\\/www.info-algerie.com\\\/actualites\\\/anniversaire-de-la-mort-du-president-mohamed-abdelaziz-un-message-aux-generations-sahraouies-pour-renouveler-le-serment\\\/#respond\"]}]},{\"@type\":\"WebPage\",\"@id\":\"https:\\\/\\\/www.info-algerie.com\\\/actualites\\\/anniversaire-de-la-mort-du-president-mohamed-abdelaziz-un-message-aux-generations-sahraouies-pour-renouveler-le-serment\\\/\",\"url\":\"https:\\\/\\\/www.info-algerie.com\\\/actualites\\\/anniversaire-de-la-mort-du-president-mohamed-abdelaziz-un-message-aux-generations-sahraouies-pour-renouveler-le-serment\\\/\",\"name\":\"Anniversaire de la mort du Pr\u00e9sident Mohamed Abdelaziz : &quot;un message aux\u00a0 g\u00e9n\u00e9rations sahraouies pour renouveler le serment&quot;\u00a0 - info algerie\",\"isPartOf\":{\"@id\":\"https:\\\/\\\/www.info-algerie.com\\\/actualites\\\/#website\"},\"primaryImageOfPage\":{\"@id\":\"https:\\\/\\\/www.info-algerie.com\\\/actualites\\\/anniversaire-de-la-mort-du-president-mohamed-abdelaziz-un-message-aux-generations-sahraouies-pour-renouveler-le-serment\\\/#primaryimage\"},\"image\":{\"@id\":\"https:\\\/\\\/www.info-algerie.com\\\/actualites\\\/anniversaire-de-la-mort-du-president-mohamed-abdelaziz-un-message-aux-generations-sahraouies-pour-renouveler-le-serment\\\/#primaryimage\"},\"thumbnailUrl\":\"https:\\\/\\\/www.info-algerie.com\\\/actualites\\\/wp-content\\\/uploads\\\/2017\\\/05\\\/062a65436492d814461a8428788e142f_S-1.jpg\",\"datePublished\":\"2017-05-31T13:30:25+00:00\",\"breadcrumb\":{\"@id\":\"https:\\\/\\\/www.info-algerie.com\\\/actualites\\\/anniversaire-de-la-mort-du-president-mohamed-abdelaziz-un-message-aux-generations-sahraouies-pour-renouveler-le-serment\\\/#breadcrumb\"},\"inLanguage\":\"fr-FR\",\"potentialAction\":[{\"@type\":\"ReadAction\",\"target\":[\"https:\\\/\\\/www.info-algerie.com\\\/actualites\\\/anniversaire-de-la-mort-du-president-mohamed-abdelaziz-un-message-aux-generations-sahraouies-pour-renouveler-le-serment\\\/\"]}]},{\"@type\":\"ImageObject\",\"inLanguage\":\"fr-FR\",\"@id\":\"https:\\\/\\\/www.info-algerie.com\\\/actualites\\\/anniversaire-de-la-mort-du-president-mohamed-abdelaziz-un-message-aux-generations-sahraouies-pour-renouveler-le-serment\\\/#primaryimage\",\"url\":\"https:\\\/\\\/www.info-algerie.com\\\/actualites\\\/wp-content\\\/uploads\\\/2017\\\/05\\\/062a65436492d814461a8428788e142f_S-1.jpg\",\"contentUrl\":\"https:\\\/\\\/www.info-algerie.com\\\/actualites\\\/wp-content\\\/uploads\\\/2017\\\/05\\\/062a65436492d814461a8428788e142f_S-1.jpg\",\"width\":280,\"height\":187},{\"@type\":\"BreadcrumbList\",\"@id\":\"https:\\\/\\\/www.info-algerie.com\\\/actualites\\\/anniversaire-de-la-mort-du-president-mohamed-abdelaziz-un-message-aux-generations-sahraouies-pour-renouveler-le-serment\\\/#breadcrumb\",\"itemListElement\":[{\"@type\":\"ListItem\",\"position\":1,\"name\":\"Accueil\",\"item\":\"https:\\\/\\\/www.info-algerie.com\\\/actualites\\\/\"},{\"@type\":\"ListItem\",\"position\":2,\"name\":\"Anniversaire de la mort du Pr\u00e9sident Mohamed Abdelaziz : &quot;un message aux\u00a0 g\u00e9n\u00e9rations sahraouies pour renouveler le serment&quot;\u00a0\"}]},{\"@type\":\"WebSite\",\"@id\":\"https:\\\/\\\/www.info-algerie.com\\\/actualites\\\/#website\",\"url\":\"https:\\\/\\\/www.info-algerie.com\\\/actualites\\\/\",\"name\":\"info algerie\",\"description\":\"Toutes les actualit\u00e9s\",\"publisher\":{\"@id\":\"https:\\\/\\\/www.info-algerie.com\\\/actualites\\\/#organization\"},\"potentialAction\":[{\"@type\":\"SearchAction\",\"target\":{\"@type\":\"EntryPoint\",\"urlTemplate\":\"https:\\\/\\\/www.info-algerie.com\\\/actualites\\\/?s={search_term_string}\"},\"query-input\":{\"@type\":\"PropertyValueSpecification\",\"valueRequired\":true,\"valueName\":\"search_term_string\"}}],\"inLanguage\":\"fr-FR\"},{\"@type\":\"Organization\",\"@id\":\"https:\\\/\\\/www.info-algerie.com\\\/actualites\\\/#organization\",\"name\":\"info algerie\",\"url\":\"https:\\\/\\\/www.info-algerie.com\\\/actualites\\\/\",\"logo\":{\"@type\":\"ImageObject\",\"inLanguage\":\"fr-FR\",\"@id\":\"https:\\\/\\\/www.info-algerie.com\\\/actualites\\\/#\\\/schema\\\/logo\\\/image\\\/\",\"url\":\"https:\\\/\\\/www.info-algerie.com\\\/actualites\\\/wp-content\\\/uploads\\\/2022\\\/07\\\/logo-ia-120.png\",\"contentUrl\":\"https:\\\/\\\/www.info-algerie.com\\\/actualites\\\/wp-content\\\/uploads\\\/2022\\\/07\\\/logo-ia-120.png\",\"width\":120,\"height\":43,\"caption\":\"info algerie\"},\"image\":{\"@id\":\"https:\\\/\\\/www.info-algerie.com\\\/actualites\\\/#\\\/schema\\\/logo\\\/image\\\/\"},\"sameAs\":[\"https:\\\/\\\/www.facebook.com\\\/infoalgerieactu\",\"https:\\\/\\\/x.com\\\/infoalgerie1\"]},{\"@type\":\"Person\",\"@id\":\"https:\\\/\\\/www.info-algerie.com\\\/actualites\\\/#\\\/schema\\\/person\\\/847aaec44920825b843a08f30ec6aa1e\",\"name\":\"La r\u00e9daction\",\"image\":{\"@type\":\"ImageObject\",\"inLanguage\":\"fr-FR\",\"@id\":\"https:\\\/\\\/secure.gravatar.com\\\/avatar\\\/769db425c6f465158149f1ffd6cf61ce7a8a879d11dfbef8288af36dfddd418c?s=96&d=mm&r=g\",\"url\":\"https:\\\/\\\/secure.gravatar.com\\\/avatar\\\/769db425c6f465158149f1ffd6cf61ce7a8a879d11dfbef8288af36dfddd418c?s=96&d=mm&r=g\",\"contentUrl\":\"https:\\\/\\\/secure.gravatar.com\\\/avatar\\\/769db425c6f465158149f1ffd6cf61ce7a8a879d11dfbef8288af36dfddd418c?s=96&d=mm&r=g\",\"caption\":\"La r\u00e9daction\"},\"sameAs\":[\"http:\\\/\\\/www.lkeria.com\\\/\"],\"url\":\"https:\\\/\\\/www.info-algerie.com\\\/actualites\\\/author\\\/chakib32\\\/\"}]}<\/script>\n<!-- \/ Yoast SEO plugin. -->","yoast_head_json":{"title":"Anniversaire de la mort du Pr\u00e9sident Mohamed Abdelaziz : &quot;un message aux\u00a0 g\u00e9n\u00e9rations sahraouies pour renouveler le serment&quot;\u00a0 - info algerie","robots":{"index":"index","follow":"follow","max-snippet":"max-snippet:-1","max-image-preview":"max-image-preview:large","max-video-preview":"max-video-preview:-1"},"canonical":"https:\/\/www.info-algerie.com\/actualites\/anniversaire-de-la-mort-du-president-mohamed-abdelaziz-un-message-aux-generations-sahraouies-pour-renouveler-le-serment\/","og_locale":"fr_FR","og_type":"article","og_title":"Anniversaire de la mort du Pr\u00e9sident Mohamed Abdelaziz : &quot;un message aux\u00a0 g\u00e9n\u00e9rations sahraouies pour renouveler le serment&quot;\u00a0 - info algerie","og_description":"AOUSSERD (camps sahraouis) &#8211; La comm\u00e9moration de\u00a0 l\u2019anniversaire de la mort du Pr\u00e9sident sahraoui et secr\u00e9taire g\u00e9n\u00e9ral du\u00a0 Front Polisario, Mohamed Abdelaziz, constitue un \u00ab\u00a0message aux g\u00e9n\u00e9rations\u00a0 sahraouies pour renouveler le serment\u00a0\u00bb, a affirm\u00e9, mercredi au camp\u00a0 d\u2019Aousserd des r\u00e9fugi\u00e9s sahraouis, le responsable du secr\u00e9tariat politique\u00a0 du Polisario, Hamma Salama. &#013; &#013; S\u2019exprimant en ouverture","og_url":"https:\/\/www.info-algerie.com\/actualites\/anniversaire-de-la-mort-du-president-mohamed-abdelaziz-un-message-aux-generations-sahraouies-pour-renouveler-le-serment\/","og_site_name":"info algerie","article_publisher":"https:\/\/www.facebook.com\/infoalgerieactu","article_published_time":"2017-05-31T13:30:25+00:00","og_image":[{"width":280,"height":187,"url":"https:\/\/www.info-algerie.com\/actualites\/wp-content\/uploads\/2017\/05\/062a65436492d814461a8428788e142f_S-1.jpg","type":"image\/jpeg"}],"author":"La r\u00e9daction","twitter_misc":{"\u00c9crit par":"La r\u00e9daction","Dur\u00e9e de lecture estim\u00e9e":"2 minutes"},"schema":{"@context":"https:\/\/schema.org","@graph":[{"@type":"Article","@id":"https:\/\/www.info-algerie.com\/actualites\/anniversaire-de-la-mort-du-president-mohamed-abdelaziz-un-message-aux-generations-sahraouies-pour-renouveler-le-serment\/#article","isPartOf":{"@id":"https:\/\/www.info-algerie.com\/actualites\/anniversaire-de-la-mort-du-president-mohamed-abdelaziz-un-message-aux-generations-sahraouies-pour-renouveler-le-serment\/"},"author":{"name":"La r\u00e9daction","@id":"https:\/\/www.info-algerie.com\/actualites\/#\/schema\/person\/847aaec44920825b843a08f30ec6aa1e"},"headline":"Anniversaire de la mort du Pr\u00e9sident Mohamed Abdelaziz : &quot;un message aux\u00a0 g\u00e9n\u00e9rations sahraouies pour renouveler le serment&quot;\u00a0","datePublished":"2017-05-31T13:30:25+00:00","mainEntityOfPage":{"@id":"https:\/\/www.info-algerie.com\/actualites\/anniversaire-de-la-mort-du-president-mohamed-abdelaziz-un-message-aux-generations-sahraouies-pour-renouveler-le-serment\/"},"wordCount":496,"commentCount":0,"publisher":{"@id":"https:\/\/www.info-algerie.com\/actualites\/#organization"},"image":{"@id":"https:\/\/www.info-algerie.com\/actualites\/anniversaire-de-la-mort-du-president-mohamed-abdelaziz-un-message-aux-generations-sahraouies-pour-renouveler-le-serment\/#primaryimage"},"thumbnailUrl":"https:\/\/www.info-algerie.com\/actualites\/wp-content\/uploads\/2017\/05\/062a65436492d814461a8428788e142f_S-1.jpg","keywords":["ONU"],"articleSection":["infos"],"inLanguage":"fr-FR","potentialAction":[{"@type":"CommentAction","name":"Comment","target":["https:\/\/www.info-algerie.com\/actualites\/anniversaire-de-la-mort-du-president-mohamed-abdelaziz-un-message-aux-generations-sahraouies-pour-renouveler-le-serment\/#respond"]}]},{"@type":"WebPage","@id":"https:\/\/www.info-algerie.com\/actualites\/anniversaire-de-la-mort-du-president-mohamed-abdelaziz-un-message-aux-generations-sahraouies-pour-renouveler-le-serment\/","url":"https:\/\/www.info-algerie.com\/actualites\/anniversaire-de-la-mort-du-president-mohamed-abdelaziz-un-message-aux-generations-sahraouies-pour-renouveler-le-serment\/","name":"Anniversaire de la mort du Pr\u00e9sident Mohamed Abdelaziz : &quot;un message aux\u00a0 g\u00e9n\u00e9rations sahraouies pour renouveler le serment&quot;\u00a0 - info algerie","isPartOf":{"@id":"https:\/\/www.info-algerie.com\/actualites\/#website"},"primaryImageOfPage":{"@id":"https:\/\/www.info-algerie.com\/actualites\/anniversaire-de-la-mort-du-president-mohamed-abdelaziz-un-message-aux-generations-sahraouies-pour-renouveler-le-serment\/#primaryimage"},"image":{"@id":"https:\/\/www.info-algerie.com\/actualites\/anniversaire-de-la-mort-du-president-mohamed-abdelaziz-un-message-aux-generations-sahraouies-pour-renouveler-le-serment\/#primaryimage"},"thumbnailUrl":"https:\/\/www.info-algerie.com\/actualites\/wp-content\/uploads\/2017\/05\/062a65436492d814461a8428788e142f_S-1.jpg","datePublished":"2017-05-31T13:30:25+00:00","breadcrumb":{"@id":"https:\/\/www.info-algerie.com\/actualites\/anniversaire-de-la-mort-du-president-mohamed-abdelaziz-un-message-aux-generations-sahraouies-pour-renouveler-le-serment\/#breadcrumb"},"inLanguage":"fr-FR","potentialAction":[{"@type":"ReadAction","target":["https:\/\/www.info-algerie.com\/actualites\/anniversaire-de-la-mort-du-president-mohamed-abdelaziz-un-message-aux-generations-sahraouies-pour-renouveler-le-serment\/"]}]},{"@type":"ImageObject","inLanguage":"fr-FR","@id":"https:\/\/www.info-algerie.com\/actualites\/anniversaire-de-la-mort-du-president-mohamed-abdelaziz-un-message-aux-generations-sahraouies-pour-renouveler-le-serment\/#primaryimage","url":"https:\/\/www.info-algerie.com\/actualites\/wp-content\/uploads\/2017\/05\/062a65436492d814461a8428788e142f_S-1.jpg","contentUrl":"https:\/\/www.info-algerie.com\/actualites\/wp-content\/uploads\/2017\/05\/062a65436492d814461a8428788e142f_S-1.jpg","width":280,"height":187},{"@type":"BreadcrumbList","@id":"https:\/\/www.info-algerie.com\/actualites\/anniversaire-de-la-mort-du-president-mohamed-abdelaziz-un-message-aux-generations-sahraouies-pour-renouveler-le-serment\/#breadcrumb","itemListElement":[{"@type":"ListItem","position":1,"name":"Accueil","item":"https:\/\/www.info-algerie.com\/actualites\/"},{"@type":"ListItem","position":2,"name":"Anniversaire de la mort du Pr\u00e9sident Mohamed Abdelaziz : &quot;un message aux\u00a0 g\u00e9n\u00e9rations sahraouies pour renouveler le serment&quot;\u00a0"}]},{"@type":"WebSite","@id":"https:\/\/www.info-algerie.com\/actualites\/#website","url":"https:\/\/www.info-algerie.com\/actualites\/","name":"info algerie","description":"Toutes les actualit\u00e9s","publisher":{"@id":"https:\/\/www.info-algerie.com\/actualites\/#organization"},"potentialAction":[{"@type":"SearchAction","target":{"@type":"EntryPoint","urlTemplate":"https:\/\/www.info-algerie.com\/actualites\/?s={search_term_string}"},"query-input":{"@type":"PropertyValueSpecification","valueRequired":true,"valueName":"search_term_string"}}],"inLanguage":"fr-FR"},{"@type":"Organization","@id":"https:\/\/www.info-algerie.com\/actualites\/#organization","name":"info algerie","url":"https:\/\/www.info-algerie.com\/actualites\/","logo":{"@type":"ImageObject","inLanguage":"fr-FR","@id":"https:\/\/www.info-algerie.com\/actualites\/#\/schema\/logo\/image\/","url":"https:\/\/www.info-algerie.com\/actualites\/wp-content\/uploads\/2022\/07\/logo-ia-120.png","contentUrl":"https:\/\/www.info-algerie.com\/actualites\/wp-content\/uploads\/2022\/07\/logo-ia-120.png","width":120,"height":43,"caption":"info algerie"},"image":{"@id":"https:\/\/www.info-algerie.com\/actualites\/#\/schema\/logo\/image\/"},"sameAs":["https:\/\/www.facebook.com\/infoalgerieactu","https:\/\/x.com\/infoalgerie1"]},{"@type":"Person","@id":"https:\/\/www.info-algerie.com\/actualites\/#\/schema\/person\/847aaec44920825b843a08f30ec6aa1e","name":"La r\u00e9daction","image":{"@type":"ImageObject","inLanguage":"fr-FR","@id":"https:\/\/secure.gravatar.com\/avatar\/769db425c6f465158149f1ffd6cf61ce7a8a879d11dfbef8288af36dfddd418c?s=96&d=mm&r=g","url":"https:\/\/secure.gravatar.com\/avatar\/769db425c6f465158149f1ffd6cf61ce7a8a879d11dfbef8288af36dfddd418c?s=96&d=mm&r=g","contentUrl":"https:\/\/secure.gravatar.com\/avatar\/769db425c6f465158149f1ffd6cf61ce7a8a879d11dfbef8288af36dfddd418c?s=96&d=mm&r=g","caption":"La r\u00e9daction"},"sameAs":["http:\/\/www.lkeria.com\/"],"url":"https:\/\/www.info-algerie.com\/actualites\/author\/chakib32\/"}]}},"_links":{"self":[{"href":"https:\/\/www.info-algerie.com\/actualites\/wp-json\/wp\/v2\/posts\/12732","targetHints":{"allow":["GET"]}}],"collection":[{"href":"https:\/\/www.info-algerie.com\/actualites\/wp-json\/wp\/v2\/posts"}],"about":[{"href":"https:\/\/www.info-algerie.com\/actualites\/wp-json\/wp\/v2\/types\/post"}],"author":[{"embeddable":true,"href":"https:\/\/www.info-algerie.com\/actualites\/wp-json\/wp\/v2\/users\/6"}],"replies":[{"embeddable":true,"href":"https:\/\/www.info-algerie.com\/actualites\/wp-json\/wp\/v2\/comments?post=12732"}],"version-history":[{"count":0,"href":"https:\/\/www.info-algerie.com\/actualites\/wp-json\/wp\/v2\/posts\/12732\/revisions"}],"wp:featuredmedia":[{"embeddable":true,"href":"https:\/\/www.info-algerie.com\/actualites\/wp-json\/wp\/v2\/media\/12733"}],"wp:attachment":[{"href":"https:\/\/www.info-algerie.com\/actualites\/wp-json\/wp\/v2\/media?parent=12732"}],"wp:term":[{"taxonomy":"category","embeddable":true,"href":"https:\/\/www.info-algerie.com\/actualites\/wp-json\/wp\/v2\/categories?post=12732"},{"taxonomy":"post_tag","embeddable":true,"href":"https:\/\/www.info-algerie.com\/actualites\/wp-json\/wp\/v2\/tags?post=12732"}],"curies":[{"name":"wp","href":"https:\/\/api.w.org\/{rel}","templated":true}]}}