{"id":12735,"date":"2017-05-31T16:18:54","date_gmt":"2017-05-31T15:18:54","guid":{"rendered":"http:\/\/www.info-algerie.com\/actualites\/attaque-terroriste-a-kaboul-lalgerie-condamne-vigoureusement-mae\/"},"modified":"2017-05-31T16:18:54","modified_gmt":"2017-05-31T15:18:54","slug":"attaque-terroriste-a-kaboul-lalgerie-condamne-vigoureusement-mae","status":"publish","type":"post","link":"https:\/\/www.info-algerie.com\/actualites\/attaque-terroriste-a-kaboul-lalgerie-condamne-vigoureusement-mae\/","title":{"rendered":"Attaque terroriste \u00e0 Kaboul: l&#039;Alg\u00e9rie condamne &quot;vigoureusement&quot; (MAE)"},"content":{"rendered":"<div class=\"K2FeedImage\"><img decoding=\"async\" src=\"https:\/\/www.info-algerie.com\/actualites\/wp-content\/uploads\/2017\/05\/d6c7c4d4aacdfcdc1c5ac51f58c35beb_S.jpg\" \/><\/div>\n<div class=\"K2FeedIntroText\">\n<p>ALGER- L&rsquo;Alg\u00e9rie a condamn\u00e9 \u00ab\u00a0vigoureusement\u00a0\u00bb l&rsquo;attaque\u00a0 terroriste perp\u00e9tr\u00e9e mercredi \u00e0 Kaboul (Afghanistan), faisant des dizaines\u00a0 de morts et de bless\u00e9s.<\/p>\n<p>&#013;\n<\/p><\/div>\n<div class=\"K2FeedFullText\">&#013;<\/p>\n<p>\u00ab\u00a0Nous condamnons vigoureusement l&rsquo;attaque terroriste ayant vis\u00e9 ce\u00a0 mercredi le quartier diplomatique de Kaboul, et qui a fait plusieurs\u00a0 victimes et bless\u00e9s\u00a0\u00bb, a d\u00e9clar\u00e9 \u00e0 l&rsquo;APS le porte-parole\u00a0 du minist\u00e8re des Affaires \u00e9trang\u00e8res, Abdelaziz Benali Cherif.<\/p>\n<p>&#013;<\/p>\n<p>\u00ab\u00a0Nous pr\u00e9sentons nos condol\u00e9ances aux familles des victimes et exprimons\u00a0 notre solidarit\u00e9 avec le peuple afghan et son gouvernement, ainsi qu&rsquo;avec\u00a0 les gouvernements dont les repr\u00e9sentations diplomatiques ont \u00e9t\u00e9 touch\u00e9es\u00a0 par cette attaque\u00a0\u00bb, a-t-il ajout\u00e9.<\/p>\n<p>&#013;<\/p>\n<p>\u00a0<\/p>\n<p>&#013;<\/p>\n<p>M. Benali Cherif a estim\u00e9 que \u00ab\u00a0cette nouvelle d\u00e9monstration de violence\u00a0 qui tente de saper les efforts visant \u00e0 r\u00e9tablir la stabilit\u00e9 et \u00e0 la\u00a0 consolidation de la paix en Afghanistan, interpelle la communaut\u00e9\u00a0 internationale sur la n\u00e9cessit\u00e9 de redoubler d&rsquo;efforts pour lutter\u00a0 efficacement contre la menace que repr\u00e9sente le terrorisme pour la paix et\u00a0 la s\u00e9curit\u00e9 internationale\u00a0\u00bb.<\/p>\n<\/div>\n<p>&#013;<br \/>\nSource: <a href=\"http:\/\/www.aps.dz\/algerie\/58413-attaque-terroriste-a-kaboul-l-algerie-condamne-vigoureusement-mae\" target=\"_blank\">Attaque terroriste \u00e0 Kaboul: l&rsquo;Alg\u00e9rie condamne \u00ab\u00a0vigoureusement\u00a0\u00bb (MAE)<\/a><\/p>\n<!--CusAds0-->\n<div style=\"font-size: 0px; height: 0px; line-height: 0px; margin: 0; padding: 0; clear: both;\"><\/div>","protected":false},"excerpt":{"rendered":"<p>ALGER- L&rsquo;Alg\u00e9rie a condamn\u00e9 \u00ab\u00a0vigoureusement\u00a0\u00bb l&rsquo;attaque\u00a0 terroriste perp\u00e9tr\u00e9e mercredi \u00e0 Kaboul (Afghanistan), faisant des dizaines\u00a0 de morts et de bless\u00e9s. &#013; &#013; \u00ab\u00a0Nous condamnons vigoureusement l&rsquo;attaque terroriste ayant vis\u00e9 ce\u00a0 mercredi le quartier diplomatique de Kaboul, et qui a fait plusieurs\u00a0 victimes et bless\u00e9s\u00a0\u00bb, a d\u00e9clar\u00e9 \u00e0 l&rsquo;APS le porte-parole\u00a0 du minist\u00e8re des Affaires \u00e9trang\u00e8res,<\/p>\n","protected":false},"author":6,"featured_media":12736,"comment_status":"open","ping_status":"open","sticky":false,"template":"","format":"standard","meta":{"footnotes":""},"categories":[22],"tags":[93],"class_list":["post-12735","post","type-post","status-publish","format-standard","has-post-thumbnail","hentry","category-infos","tag-onu"],"yoast_head":"<!-- This site is optimized with the Yoast SEO plugin v27.5 - https:\/\/yoast.com\/product\/yoast-seo-wordpress\/ -->\n<title>Attaque terroriste \u00e0 Kaboul: l&#039;Alg\u00e9rie condamne &quot;vigoureusement&quot; (MAE) - info algerie<\/title>\n<meta name=\"robots\" content=\"index, follow, max-snippet:-1, max-image-preview:large, max-video-preview:-1\" \/>\n<link rel=\"canonical\" href=\"https:\/\/www.info-algerie.com\/actualites\/attaque-terroriste-a-kaboul-lalgerie-condamne-vigoureusement-mae\/\" \/>\n<meta property=\"og:locale\" content=\"fr_FR\" \/>\n<meta property=\"og:type\" content=\"article\" \/>\n<meta property=\"og:title\" content=\"Attaque terroriste \u00e0 Kaboul: l&#039;Alg\u00e9rie condamne &quot;vigoureusement&quot; (MAE) - info algerie\" \/>\n<meta property=\"og:description\" content=\"ALGER- L&rsquo;Alg\u00e9rie a condamn\u00e9 \u00ab\u00a0vigoureusement\u00a0\u00bb l&rsquo;attaque\u00a0 terroriste perp\u00e9tr\u00e9e mercredi \u00e0 Kaboul (Afghanistan), faisant des dizaines\u00a0 de morts et de bless\u00e9s. &#013; &#013; \u00ab\u00a0Nous condamnons vigoureusement l&rsquo;attaque terroriste ayant vis\u00e9 ce\u00a0 mercredi le quartier diplomatique de Kaboul, et qui a fait plusieurs\u00a0 victimes et bless\u00e9s\u00a0\u00bb, a d\u00e9clar\u00e9 \u00e0 l&rsquo;APS le porte-parole\u00a0 du minist\u00e8re des Affaires \u00e9trang\u00e8res,\" \/>\n<meta property=\"og:url\" content=\"https:\/\/www.info-algerie.com\/actualites\/attaque-terroriste-a-kaboul-lalgerie-condamne-vigoureusement-mae\/\" \/>\n<meta property=\"og:site_name\" content=\"info algerie\" \/>\n<meta property=\"article:publisher\" content=\"https:\/\/www.facebook.com\/infoalgerieactu\" \/>\n<meta property=\"article:published_time\" content=\"2017-05-31T15:18:54+00:00\" \/>\n<meta property=\"og:image\" content=\"https:\/\/www.info-algerie.com\/actualites\/wp-content\/uploads\/2017\/05\/d6c7c4d4aacdfcdc1c5ac51f58c35beb_S-1.jpg\" \/>\n\t<meta property=\"og:image:width\" content=\"280\" \/>\n\t<meta property=\"og:image:height\" content=\"165\" \/>\n\t<meta property=\"og:image:type\" content=\"image\/jpeg\" \/>\n<meta name=\"author\" content=\"La r\u00e9daction\" \/>\n<meta name=\"twitter:label1\" content=\"\u00c9crit par\" \/>\n\t<meta name=\"twitter:data1\" content=\"La r\u00e9daction\" \/>\n\t<meta name=\"twitter:label2\" content=\"Dur\u00e9e de lecture estim\u00e9e\" \/>\n\t<meta name=\"twitter:data2\" content=\"1 minute\" \/>\n<script type=\"application\/ld+json\" class=\"yoast-schema-graph\">{\"@context\":\"https:\\\/\\\/schema.org\",\"@graph\":[{\"@type\":\"Article\",\"@id\":\"https:\\\/\\\/www.info-algerie.com\\\/actualites\\\/attaque-terroriste-a-kaboul-lalgerie-condamne-vigoureusement-mae\\\/#article\",\"isPartOf\":{\"@id\":\"https:\\\/\\\/www.info-algerie.com\\\/actualites\\\/attaque-terroriste-a-kaboul-lalgerie-condamne-vigoureusement-mae\\\/\"},\"author\":{\"name\":\"La r\u00e9daction\",\"@id\":\"https:\\\/\\\/www.info-algerie.com\\\/actualites\\\/#\\\/schema\\\/person\\\/847aaec44920825b843a08f30ec6aa1e\"},\"headline\":\"Attaque terroriste \u00e0 Kaboul: l&#039;Alg\u00e9rie condamne &quot;vigoureusement&quot; (MAE)\",\"datePublished\":\"2017-05-31T15:18:54+00:00\",\"mainEntityOfPage\":{\"@id\":\"https:\\\/\\\/www.info-algerie.com\\\/actualites\\\/attaque-terroriste-a-kaboul-lalgerie-condamne-vigoureusement-mae\\\/\"},\"wordCount\":189,\"commentCount\":0,\"publisher\":{\"@id\":\"https:\\\/\\\/www.info-algerie.com\\\/actualites\\\/#organization\"},\"image\":{\"@id\":\"https:\\\/\\\/www.info-algerie.com\\\/actualites\\\/attaque-terroriste-a-kaboul-lalgerie-condamne-vigoureusement-mae\\\/#primaryimage\"},\"thumbnailUrl\":\"https:\\\/\\\/www.info-algerie.com\\\/actualites\\\/wp-content\\\/uploads\\\/2017\\\/05\\\/d6c7c4d4aacdfcdc1c5ac51f58c35beb_S-1.jpg\",\"keywords\":[\"ONU\"],\"articleSection\":[\"infos\"],\"inLanguage\":\"fr-FR\",\"potentialAction\":[{\"@type\":\"CommentAction\",\"name\":\"Comment\",\"target\":[\"https:\\\/\\\/www.info-algerie.com\\\/actualites\\\/attaque-terroriste-a-kaboul-lalgerie-condamne-vigoureusement-mae\\\/#respond\"]}]},{\"@type\":\"WebPage\",\"@id\":\"https:\\\/\\\/www.info-algerie.com\\\/actualites\\\/attaque-terroriste-a-kaboul-lalgerie-condamne-vigoureusement-mae\\\/\",\"url\":\"https:\\\/\\\/www.info-algerie.com\\\/actualites\\\/attaque-terroriste-a-kaboul-lalgerie-condamne-vigoureusement-mae\\\/\",\"name\":\"Attaque terroriste \u00e0 Kaboul: l&#039;Alg\u00e9rie condamne &quot;vigoureusement&quot; (MAE) - info algerie\",\"isPartOf\":{\"@id\":\"https:\\\/\\\/www.info-algerie.com\\\/actualites\\\/#website\"},\"primaryImageOfPage\":{\"@id\":\"https:\\\/\\\/www.info-algerie.com\\\/actualites\\\/attaque-terroriste-a-kaboul-lalgerie-condamne-vigoureusement-mae\\\/#primaryimage\"},\"image\":{\"@id\":\"https:\\\/\\\/www.info-algerie.com\\\/actualites\\\/attaque-terroriste-a-kaboul-lalgerie-condamne-vigoureusement-mae\\\/#primaryimage\"},\"thumbnailUrl\":\"https:\\\/\\\/www.info-algerie.com\\\/actualites\\\/wp-content\\\/uploads\\\/2017\\\/05\\\/d6c7c4d4aacdfcdc1c5ac51f58c35beb_S-1.jpg\",\"datePublished\":\"2017-05-31T15:18:54+00:00\",\"breadcrumb\":{\"@id\":\"https:\\\/\\\/www.info-algerie.com\\\/actualites\\\/attaque-terroriste-a-kaboul-lalgerie-condamne-vigoureusement-mae\\\/#breadcrumb\"},\"inLanguage\":\"fr-FR\",\"potentialAction\":[{\"@type\":\"ReadAction\",\"target\":[\"https:\\\/\\\/www.info-algerie.com\\\/actualites\\\/attaque-terroriste-a-kaboul-lalgerie-condamne-vigoureusement-mae\\\/\"]}]},{\"@type\":\"ImageObject\",\"inLanguage\":\"fr-FR\",\"@id\":\"https:\\\/\\\/www.info-algerie.com\\\/actualites\\\/attaque-terroriste-a-kaboul-lalgerie-condamne-vigoureusement-mae\\\/#primaryimage\",\"url\":\"https:\\\/\\\/www.info-algerie.com\\\/actualites\\\/wp-content\\\/uploads\\\/2017\\\/05\\\/d6c7c4d4aacdfcdc1c5ac51f58c35beb_S-1.jpg\",\"contentUrl\":\"https:\\\/\\\/www.info-algerie.com\\\/actualites\\\/wp-content\\\/uploads\\\/2017\\\/05\\\/d6c7c4d4aacdfcdc1c5ac51f58c35beb_S-1.jpg\",\"width\":280,\"height\":165},{\"@type\":\"BreadcrumbList\",\"@id\":\"https:\\\/\\\/www.info-algerie.com\\\/actualites\\\/attaque-terroriste-a-kaboul-lalgerie-condamne-vigoureusement-mae\\\/#breadcrumb\",\"itemListElement\":[{\"@type\":\"ListItem\",\"position\":1,\"name\":\"Accueil\",\"item\":\"https:\\\/\\\/www.info-algerie.com\\\/actualites\\\/\"},{\"@type\":\"ListItem\",\"position\":2,\"name\":\"Attaque terroriste \u00e0 Kaboul: l&#039;Alg\u00e9rie condamne &quot;vigoureusement&quot; (MAE)\"}]},{\"@type\":\"WebSite\",\"@id\":\"https:\\\/\\\/www.info-algerie.com\\\/actualites\\\/#website\",\"url\":\"https:\\\/\\\/www.info-algerie.com\\\/actualites\\\/\",\"name\":\"info algerie\",\"description\":\"Toutes les actualit\u00e9s\",\"publisher\":{\"@id\":\"https:\\\/\\\/www.info-algerie.com\\\/actualites\\\/#organization\"},\"potentialAction\":[{\"@type\":\"SearchAction\",\"target\":{\"@type\":\"EntryPoint\",\"urlTemplate\":\"https:\\\/\\\/www.info-algerie.com\\\/actualites\\\/?s={search_term_string}\"},\"query-input\":{\"@type\":\"PropertyValueSpecification\",\"valueRequired\":true,\"valueName\":\"search_term_string\"}}],\"inLanguage\":\"fr-FR\"},{\"@type\":\"Organization\",\"@id\":\"https:\\\/\\\/www.info-algerie.com\\\/actualites\\\/#organization\",\"name\":\"info algerie\",\"url\":\"https:\\\/\\\/www.info-algerie.com\\\/actualites\\\/\",\"logo\":{\"@type\":\"ImageObject\",\"inLanguage\":\"fr-FR\",\"@id\":\"https:\\\/\\\/www.info-algerie.com\\\/actualites\\\/#\\\/schema\\\/logo\\\/image\\\/\",\"url\":\"https:\\\/\\\/www.info-algerie.com\\\/actualites\\\/wp-content\\\/uploads\\\/2022\\\/07\\\/logo-ia-120.png\",\"contentUrl\":\"https:\\\/\\\/www.info-algerie.com\\\/actualites\\\/wp-content\\\/uploads\\\/2022\\\/07\\\/logo-ia-120.png\",\"width\":120,\"height\":43,\"caption\":\"info algerie\"},\"image\":{\"@id\":\"https:\\\/\\\/www.info-algerie.com\\\/actualites\\\/#\\\/schema\\\/logo\\\/image\\\/\"},\"sameAs\":[\"https:\\\/\\\/www.facebook.com\\\/infoalgerieactu\",\"https:\\\/\\\/x.com\\\/infoalgerie1\"]},{\"@type\":\"Person\",\"@id\":\"https:\\\/\\\/www.info-algerie.com\\\/actualites\\\/#\\\/schema\\\/person\\\/847aaec44920825b843a08f30ec6aa1e\",\"name\":\"La r\u00e9daction\",\"image\":{\"@type\":\"ImageObject\",\"inLanguage\":\"fr-FR\",\"@id\":\"https:\\\/\\\/secure.gravatar.com\\\/avatar\\\/769db425c6f465158149f1ffd6cf61ce7a8a879d11dfbef8288af36dfddd418c?s=96&d=mm&r=g\",\"url\":\"https:\\\/\\\/secure.gravatar.com\\\/avatar\\\/769db425c6f465158149f1ffd6cf61ce7a8a879d11dfbef8288af36dfddd418c?s=96&d=mm&r=g\",\"contentUrl\":\"https:\\\/\\\/secure.gravatar.com\\\/avatar\\\/769db425c6f465158149f1ffd6cf61ce7a8a879d11dfbef8288af36dfddd418c?s=96&d=mm&r=g\",\"caption\":\"La r\u00e9daction\"},\"sameAs\":[\"http:\\\/\\\/www.lkeria.com\\\/\"],\"url\":\"https:\\\/\\\/www.info-algerie.com\\\/actualites\\\/author\\\/chakib32\\\/\"}]}<\/script>\n<!-- \/ Yoast SEO plugin. -->","yoast_head_json":{"title":"Attaque terroriste \u00e0 Kaboul: l&#039;Alg\u00e9rie condamne &quot;vigoureusement&quot; (MAE) - info algerie","robots":{"index":"index","follow":"follow","max-snippet":"max-snippet:-1","max-image-preview":"max-image-preview:large","max-video-preview":"max-video-preview:-1"},"canonical":"https:\/\/www.info-algerie.com\/actualites\/attaque-terroriste-a-kaboul-lalgerie-condamne-vigoureusement-mae\/","og_locale":"fr_FR","og_type":"article","og_title":"Attaque terroriste \u00e0 Kaboul: l&#039;Alg\u00e9rie condamne &quot;vigoureusement&quot; (MAE) - info algerie","og_description":"ALGER- L&rsquo;Alg\u00e9rie a condamn\u00e9 \u00ab\u00a0vigoureusement\u00a0\u00bb l&rsquo;attaque\u00a0 terroriste perp\u00e9tr\u00e9e mercredi \u00e0 Kaboul (Afghanistan), faisant des dizaines\u00a0 de morts et de bless\u00e9s. &#013; &#013; \u00ab\u00a0Nous condamnons vigoureusement l&rsquo;attaque terroriste ayant vis\u00e9 ce\u00a0 mercredi le quartier diplomatique de Kaboul, et qui a fait plusieurs\u00a0 victimes et bless\u00e9s\u00a0\u00bb, a d\u00e9clar\u00e9 \u00e0 l&rsquo;APS le porte-parole\u00a0 du minist\u00e8re des Affaires \u00e9trang\u00e8res,","og_url":"https:\/\/www.info-algerie.com\/actualites\/attaque-terroriste-a-kaboul-lalgerie-condamne-vigoureusement-mae\/","og_site_name":"info algerie","article_publisher":"https:\/\/www.facebook.com\/infoalgerieactu","article_published_time":"2017-05-31T15:18:54+00:00","og_image":[{"width":280,"height":165,"url":"https:\/\/www.info-algerie.com\/actualites\/wp-content\/uploads\/2017\/05\/d6c7c4d4aacdfcdc1c5ac51f58c35beb_S-1.jpg","type":"image\/jpeg"}],"author":"La r\u00e9daction","twitter_misc":{"\u00c9crit par":"La r\u00e9daction","Dur\u00e9e de lecture estim\u00e9e":"1 minute"},"schema":{"@context":"https:\/\/schema.org","@graph":[{"@type":"Article","@id":"https:\/\/www.info-algerie.com\/actualites\/attaque-terroriste-a-kaboul-lalgerie-condamne-vigoureusement-mae\/#article","isPartOf":{"@id":"https:\/\/www.info-algerie.com\/actualites\/attaque-terroriste-a-kaboul-lalgerie-condamne-vigoureusement-mae\/"},"author":{"name":"La r\u00e9daction","@id":"https:\/\/www.info-algerie.com\/actualites\/#\/schema\/person\/847aaec44920825b843a08f30ec6aa1e"},"headline":"Attaque terroriste \u00e0 Kaboul: l&#039;Alg\u00e9rie condamne &quot;vigoureusement&quot; (MAE)","datePublished":"2017-05-31T15:18:54+00:00","mainEntityOfPage":{"@id":"https:\/\/www.info-algerie.com\/actualites\/attaque-terroriste-a-kaboul-lalgerie-condamne-vigoureusement-mae\/"},"wordCount":189,"commentCount":0,"publisher":{"@id":"https:\/\/www.info-algerie.com\/actualites\/#organization"},"image":{"@id":"https:\/\/www.info-algerie.com\/actualites\/attaque-terroriste-a-kaboul-lalgerie-condamne-vigoureusement-mae\/#primaryimage"},"thumbnailUrl":"https:\/\/www.info-algerie.com\/actualites\/wp-content\/uploads\/2017\/05\/d6c7c4d4aacdfcdc1c5ac51f58c35beb_S-1.jpg","keywords":["ONU"],"articleSection":["infos"],"inLanguage":"fr-FR","potentialAction":[{"@type":"CommentAction","name":"Comment","target":["https:\/\/www.info-algerie.com\/actualites\/attaque-terroriste-a-kaboul-lalgerie-condamne-vigoureusement-mae\/#respond"]}]},{"@type":"WebPage","@id":"https:\/\/www.info-algerie.com\/actualites\/attaque-terroriste-a-kaboul-lalgerie-condamne-vigoureusement-mae\/","url":"https:\/\/www.info-algerie.com\/actualites\/attaque-terroriste-a-kaboul-lalgerie-condamne-vigoureusement-mae\/","name":"Attaque terroriste \u00e0 Kaboul: l&#039;Alg\u00e9rie condamne &quot;vigoureusement&quot; (MAE) - info algerie","isPartOf":{"@id":"https:\/\/www.info-algerie.com\/actualites\/#website"},"primaryImageOfPage":{"@id":"https:\/\/www.info-algerie.com\/actualites\/attaque-terroriste-a-kaboul-lalgerie-condamne-vigoureusement-mae\/#primaryimage"},"image":{"@id":"https:\/\/www.info-algerie.com\/actualites\/attaque-terroriste-a-kaboul-lalgerie-condamne-vigoureusement-mae\/#primaryimage"},"thumbnailUrl":"https:\/\/www.info-algerie.com\/actualites\/wp-content\/uploads\/2017\/05\/d6c7c4d4aacdfcdc1c5ac51f58c35beb_S-1.jpg","datePublished":"2017-05-31T15:18:54+00:00","breadcrumb":{"@id":"https:\/\/www.info-algerie.com\/actualites\/attaque-terroriste-a-kaboul-lalgerie-condamne-vigoureusement-mae\/#breadcrumb"},"inLanguage":"fr-FR","potentialAction":[{"@type":"ReadAction","target":["https:\/\/www.info-algerie.com\/actualites\/attaque-terroriste-a-kaboul-lalgerie-condamne-vigoureusement-mae\/"]}]},{"@type":"ImageObject","inLanguage":"fr-FR","@id":"https:\/\/www.info-algerie.com\/actualites\/attaque-terroriste-a-kaboul-lalgerie-condamne-vigoureusement-mae\/#primaryimage","url":"https:\/\/www.info-algerie.com\/actualites\/wp-content\/uploads\/2017\/05\/d6c7c4d4aacdfcdc1c5ac51f58c35beb_S-1.jpg","contentUrl":"https:\/\/www.info-algerie.com\/actualites\/wp-content\/uploads\/2017\/05\/d6c7c4d4aacdfcdc1c5ac51f58c35beb_S-1.jpg","width":280,"height":165},{"@type":"BreadcrumbList","@id":"https:\/\/www.info-algerie.com\/actualites\/attaque-terroriste-a-kaboul-lalgerie-condamne-vigoureusement-mae\/#breadcrumb","itemListElement":[{"@type":"ListItem","position":1,"name":"Accueil","item":"https:\/\/www.info-algerie.com\/actualites\/"},{"@type":"ListItem","position":2,"name":"Attaque terroriste \u00e0 Kaboul: l&#039;Alg\u00e9rie condamne &quot;vigoureusement&quot; (MAE)"}]},{"@type":"WebSite","@id":"https:\/\/www.info-algerie.com\/actualites\/#website","url":"https:\/\/www.info-algerie.com\/actualites\/","name":"info algerie","description":"Toutes les actualit\u00e9s","publisher":{"@id":"https:\/\/www.info-algerie.com\/actualites\/#organization"},"potentialAction":[{"@type":"SearchAction","target":{"@type":"EntryPoint","urlTemplate":"https:\/\/www.info-algerie.com\/actualites\/?s={search_term_string}"},"query-input":{"@type":"PropertyValueSpecification","valueRequired":true,"valueName":"search_term_string"}}],"inLanguage":"fr-FR"},{"@type":"Organization","@id":"https:\/\/www.info-algerie.com\/actualites\/#organization","name":"info algerie","url":"https:\/\/www.info-algerie.com\/actualites\/","logo":{"@type":"ImageObject","inLanguage":"fr-FR","@id":"https:\/\/www.info-algerie.com\/actualites\/#\/schema\/logo\/image\/","url":"https:\/\/www.info-algerie.com\/actualites\/wp-content\/uploads\/2022\/07\/logo-ia-120.png","contentUrl":"https:\/\/www.info-algerie.com\/actualites\/wp-content\/uploads\/2022\/07\/logo-ia-120.png","width":120,"height":43,"caption":"info algerie"},"image":{"@id":"https:\/\/www.info-algerie.com\/actualites\/#\/schema\/logo\/image\/"},"sameAs":["https:\/\/www.facebook.com\/infoalgerieactu","https:\/\/x.com\/infoalgerie1"]},{"@type":"Person","@id":"https:\/\/www.info-algerie.com\/actualites\/#\/schema\/person\/847aaec44920825b843a08f30ec6aa1e","name":"La r\u00e9daction","image":{"@type":"ImageObject","inLanguage":"fr-FR","@id":"https:\/\/secure.gravatar.com\/avatar\/769db425c6f465158149f1ffd6cf61ce7a8a879d11dfbef8288af36dfddd418c?s=96&d=mm&r=g","url":"https:\/\/secure.gravatar.com\/avatar\/769db425c6f465158149f1ffd6cf61ce7a8a879d11dfbef8288af36dfddd418c?s=96&d=mm&r=g","contentUrl":"https:\/\/secure.gravatar.com\/avatar\/769db425c6f465158149f1ffd6cf61ce7a8a879d11dfbef8288af36dfddd418c?s=96&d=mm&r=g","caption":"La r\u00e9daction"},"sameAs":["http:\/\/www.lkeria.com\/"],"url":"https:\/\/www.info-algerie.com\/actualites\/author\/chakib32\/"}]}},"_links":{"self":[{"href":"https:\/\/www.info-algerie.com\/actualites\/wp-json\/wp\/v2\/posts\/12735","targetHints":{"allow":["GET"]}}],"collection":[{"href":"https:\/\/www.info-algerie.com\/actualites\/wp-json\/wp\/v2\/posts"}],"about":[{"href":"https:\/\/www.info-algerie.com\/actualites\/wp-json\/wp\/v2\/types\/post"}],"author":[{"embeddable":true,"href":"https:\/\/www.info-algerie.com\/actualites\/wp-json\/wp\/v2\/users\/6"}],"replies":[{"embeddable":true,"href":"https:\/\/www.info-algerie.com\/actualites\/wp-json\/wp\/v2\/comments?post=12735"}],"version-history":[{"count":0,"href":"https:\/\/www.info-algerie.com\/actualites\/wp-json\/wp\/v2\/posts\/12735\/revisions"}],"wp:featuredmedia":[{"embeddable":true,"href":"https:\/\/www.info-algerie.com\/actualites\/wp-json\/wp\/v2\/media\/12736"}],"wp:attachment":[{"href":"https:\/\/www.info-algerie.com\/actualites\/wp-json\/wp\/v2\/media?parent=12735"}],"wp:term":[{"taxonomy":"category","embeddable":true,"href":"https:\/\/www.info-algerie.com\/actualites\/wp-json\/wp\/v2\/categories?post=12735"},{"taxonomy":"post_tag","embeddable":true,"href":"https:\/\/www.info-algerie.com\/actualites\/wp-json\/wp\/v2\/tags?post=12735"}],"curies":[{"name":"wp","href":"https:\/\/api.w.org\/{rel}","templated":true}]}}