{"id":12752,"date":"2017-06-01T16:14:41","date_gmt":"2017-06-01T15:14:41","guid":{"rendered":"http:\/\/www.info-algerie.com\/actualites\/la-qualification-des-faits-reproches-a-benagoune-par-ennahar-ne-releve-pas-des-prerogatives-de-larav\/"},"modified":"2017-06-01T16:14:41","modified_gmt":"2017-06-01T15:14:41","slug":"la-qualification-des-faits-reproches-a-benagoune-par-ennahar-ne-releve-pas-des-prerogatives-de-larav","status":"publish","type":"post","link":"https:\/\/www.info-algerie.com\/actualites\/la-qualification-des-faits-reproches-a-benagoune-par-ennahar-ne-releve-pas-des-prerogatives-de-larav\/","title":{"rendered":"La qualification des faits reproch\u00e9s \u00e0 Benagoune par Ennahar ne rel\u00e8ve \u00a0pas des pr\u00e9rogatives de l&#039;ARAV"},"content":{"rendered":"<div class=\"K2FeedImage\"><img decoding=\"async\" src=\"https:\/\/www.info-algerie.com\/actualites\/wp-content\/uploads\/2017\/06\/7809cda0cd199adafae2d3e009cbe330_S.jpg\" alt=\"La qualification des faits reproch&#xE9;s &#xE0; Benagoune par Ennahar ne rel&#xE8;ve &#xA0;pas des pr&#xE9;rogatives de l'ARAV\" \/><\/div>\n<div class=\"K2FeedIntroText\">\n<p class=\"MsoNoSpacing\">ALGER- La qualification des faits reproch\u00e9s \u00e0 Benagoune\u00a0\u00a0 Messaoud, par la cha\u00eene priv\u00e9e Ennahar ne rel\u00e8ve pas des pr\u00e9rogatives de\u00a0\u00a0 l\u2019Autorit\u00e9 de r\u00e9gulation de l&rsquo;audiovisuel (ARAV), a indiqu\u00e9 jeudi un\u00a0\u00a0 communiqu\u00e9 de cette instance.<\/p>\n<p>&#013;\n<\/p><\/div>\n<div class=\"K2FeedFullText\">&#013;<\/p>\n<p>\u00ab\u00a0La qualification des faits reproch\u00e9s \u00e0 M. Benagoune Messaoud par la\u00a0\u00a0 cha\u00eene Ennahar ne rel\u00e8ve pas des pr\u00e9rogatives de l\u2019ARAV, mais de la\u00a0 \u00a0justice. Ce qui, pour autant, ne d\u00e9douanerait pas la dite cha\u00eene d\u2019un\u00a0\u00a0 manque d\u2019\u00e9thique et de professionnalisme, si les faits s\u2019av\u00e9raient.<\/p>\n<p>&#013;<\/p>\n<p>Le\u00a0\u00a0 suivi de cette affaire est d\u2019ores et d\u00e9j\u00e0 ouvert au niveau des services de\u00a0\u00a0 l\u2019ARAV\u00a0\u00bb, a pr\u00e9cis\u00e9 un communiqu\u00e9 de cette Autorit\u00e9. L\u2019ARAV a ajout\u00e9 qu&rsquo;elle avait re\u00e7u ce mercredi, en fin d\u2019apr\u00e8s-midi, une\u00a0\u00a0 lettre du pr\u00e9sident du Mouvement populaire alg\u00e9rien (MPA) faisant \u00e9tat\u00a0\u00a0 d\u2019une campagne de \u00ab\u00a0diffamation orchestr\u00e9e contre le ministre du Tourisme et\u00a0 de l\u2019Artisanat sortant, le MPA et son pr\u00e9sident, men\u00e9e par la cha\u00eene de \u00a0t\u00e9l\u00e9vision Ennahar\u00a0\u00bb.<\/p>\n<p>&#013;<\/p>\n<p>\u00ab\u00a0Bien qu\u2019elle ait \u00e9t\u00e9 rendue publique, alors qu\u2019elle \u00e9tait adress\u00e9e au pr\u00e9sident de l\u2019ARAV, cette correspondance a \u00e9t\u00e9 examin\u00e9e par son coll\u00e8ge\u00a0\u00bb,\u00a0 a relev\u00e9 le communiqu\u00e9. Pour l&rsquo;ARAV, \u00ab\u00a0d\u00e9fendant ce qu\u2019il estime \u00eatre son droit, le pr\u00e9sident du \u00a0MPA aurait pu faire l\u2019\u00e9conomie d\u2019impliquer l\u2019ARAV dans une controverse\u00a0 politique \u00e0 laquelle, \u00e0 l\u2019\u00e9vidence, elle est parfaitement \u00e9trang\u00e8re\u00a0\u00bb.<\/p>\n<p>&#013;<\/p>\n<p>\u00ab\u00a0Car, en parlant d\u2019\u00e9tonnement ou encore de silence incompr\u00e9hensible, il \u00a0laisse supposer une certaine compr\u00e9hension de la part de l\u2019ARAV de m\u00e9thodes \u00a0et de proc\u00e9d\u00e9s qu\u2019elle n\u2019a eu de cesse de d\u00e9noncer depuis son\u00a0 installation\u00a0\u00bb, a soutenu l&rsquo;instance de r\u00e9gulation.<\/p>\n<p>&#013;<\/p>\n<p>\u00a0<\/p>\n<p>&#013;<\/p>\n<p>Messaoud Benagoun, membre du MPA, a \u00e9t\u00e9 nomm\u00e9 ministre du Tourisme et de\u00a0 l&rsquo;Artisanat avant qu&rsquo;il ne soit d\u00e9mis de ses fonctions par le pr\u00e9sident de\u00a0\u00a0 La R\u00e9publique.<\/p>\n<\/div>\n<p>&#013;<br \/>\nSource: <a href=\"http:\/\/www.aps.dz\/algerie\/58444-la-qualification-des-faits-reproches-a-benagoune-par-ennahar-ne-releve-pas-des-prerogatives-de-l-arav\" target=\"_blank\">La qualification des faits reproch\u00e9s \u00e0 Benagoune par Ennahar ne rel\u00e8ve \u00a0pas des pr\u00e9rogatives de l&rsquo;ARAV<\/a><\/p>\n<!--CusAds0-->\n<div style=\"font-size: 0px; height: 0px; line-height: 0px; margin: 0; padding: 0; clear: both;\"><\/div>","protected":false},"excerpt":{"rendered":"<p>ALGER- La qualification des faits reproch\u00e9s \u00e0 Benagoune\u00a0\u00a0 Messaoud, par la cha\u00eene priv\u00e9e Ennahar ne rel\u00e8ve pas des pr\u00e9rogatives de\u00a0\u00a0 l\u2019Autorit\u00e9 de r\u00e9gulation de l&rsquo;audiovisuel (ARAV), a indiqu\u00e9 jeudi un\u00a0\u00a0 communiqu\u00e9 de cette instance. &#013; &#013; \u00ab\u00a0La qualification des faits reproch\u00e9s \u00e0 M. Benagoune Messaoud par la\u00a0\u00a0 cha\u00eene Ennahar ne rel\u00e8ve pas des pr\u00e9rogatives de<\/p>\n","protected":false},"author":6,"featured_media":12753,"comment_status":"open","ping_status":"open","sticky":false,"template":"","format":"standard","meta":{"footnotes":""},"categories":[22],"tags":[93],"class_list":["post-12752","post","type-post","status-publish","format-standard","has-post-thumbnail","hentry","category-infos","tag-onu"],"yoast_head":"<!-- This site is optimized with the Yoast SEO plugin v27.5 - https:\/\/yoast.com\/product\/yoast-seo-wordpress\/ -->\n<title>La qualification des faits reproch\u00e9s \u00e0 Benagoune par Ennahar ne rel\u00e8ve \u00a0pas des pr\u00e9rogatives de l&#039;ARAV - info algerie<\/title>\n<meta name=\"robots\" content=\"index, follow, max-snippet:-1, max-image-preview:large, max-video-preview:-1\" \/>\n<link rel=\"canonical\" href=\"https:\/\/www.info-algerie.com\/actualites\/la-qualification-des-faits-reproches-a-benagoune-par-ennahar-ne-releve-pas-des-prerogatives-de-larav\/\" \/>\n<meta property=\"og:locale\" content=\"fr_FR\" \/>\n<meta property=\"og:type\" content=\"article\" \/>\n<meta property=\"og:title\" content=\"La qualification des faits reproch\u00e9s \u00e0 Benagoune par Ennahar ne rel\u00e8ve \u00a0pas des pr\u00e9rogatives de l&#039;ARAV - info algerie\" \/>\n<meta property=\"og:description\" content=\"ALGER- La qualification des faits reproch\u00e9s \u00e0 Benagoune\u00a0\u00a0 Messaoud, par la cha\u00eene priv\u00e9e Ennahar ne rel\u00e8ve pas des pr\u00e9rogatives de\u00a0\u00a0 l\u2019Autorit\u00e9 de r\u00e9gulation de l&rsquo;audiovisuel (ARAV), a indiqu\u00e9 jeudi un\u00a0\u00a0 communiqu\u00e9 de cette instance. &#013; &#013; \u00ab\u00a0La qualification des faits reproch\u00e9s \u00e0 M. Benagoune Messaoud par la\u00a0\u00a0 cha\u00eene Ennahar ne rel\u00e8ve pas des pr\u00e9rogatives de\" \/>\n<meta property=\"og:url\" content=\"https:\/\/www.info-algerie.com\/actualites\/la-qualification-des-faits-reproches-a-benagoune-par-ennahar-ne-releve-pas-des-prerogatives-de-larav\/\" \/>\n<meta property=\"og:site_name\" content=\"info algerie\" \/>\n<meta property=\"article:publisher\" content=\"https:\/\/www.facebook.com\/infoalgerieactu\" \/>\n<meta property=\"article:published_time\" content=\"2017-06-01T15:14:41+00:00\" \/>\n<meta property=\"og:image\" content=\"https:\/\/www.info-algerie.com\/actualites\/wp-content\/uploads\/2017\/06\/7809cda0cd199adafae2d3e009cbe330_S-1.jpg\" \/>\n\t<meta property=\"og:image:width\" content=\"280\" \/>\n\t<meta property=\"og:image:height\" content=\"188\" \/>\n\t<meta property=\"og:image:type\" content=\"image\/jpeg\" \/>\n<meta name=\"author\" content=\"La r\u00e9daction\" \/>\n<meta name=\"twitter:label1\" content=\"\u00c9crit par\" \/>\n\t<meta name=\"twitter:data1\" content=\"La r\u00e9daction\" \/>\n\t<meta name=\"twitter:label2\" content=\"Dur\u00e9e de lecture estim\u00e9e\" \/>\n\t<meta name=\"twitter:data2\" content=\"2 minutes\" \/>\n<script type=\"application\/ld+json\" class=\"yoast-schema-graph\">{\"@context\":\"https:\\\/\\\/schema.org\",\"@graph\":[{\"@type\":\"Article\",\"@id\":\"https:\\\/\\\/www.info-algerie.com\\\/actualites\\\/la-qualification-des-faits-reproches-a-benagoune-par-ennahar-ne-releve-pas-des-prerogatives-de-larav\\\/#article\",\"isPartOf\":{\"@id\":\"https:\\\/\\\/www.info-algerie.com\\\/actualites\\\/la-qualification-des-faits-reproches-a-benagoune-par-ennahar-ne-releve-pas-des-prerogatives-de-larav\\\/\"},\"author\":{\"name\":\"La r\u00e9daction\",\"@id\":\"https:\\\/\\\/www.info-algerie.com\\\/actualites\\\/#\\\/schema\\\/person\\\/847aaec44920825b843a08f30ec6aa1e\"},\"headline\":\"La qualification des faits reproch\u00e9s \u00e0 Benagoune par Ennahar ne rel\u00e8ve \u00a0pas des pr\u00e9rogatives de l&#039;ARAV\",\"datePublished\":\"2017-06-01T15:14:41+00:00\",\"mainEntityOfPage\":{\"@id\":\"https:\\\/\\\/www.info-algerie.com\\\/actualites\\\/la-qualification-des-faits-reproches-a-benagoune-par-ennahar-ne-releve-pas-des-prerogatives-de-larav\\\/\"},\"wordCount\":380,\"commentCount\":0,\"publisher\":{\"@id\":\"https:\\\/\\\/www.info-algerie.com\\\/actualites\\\/#organization\"},\"image\":{\"@id\":\"https:\\\/\\\/www.info-algerie.com\\\/actualites\\\/la-qualification-des-faits-reproches-a-benagoune-par-ennahar-ne-releve-pas-des-prerogatives-de-larav\\\/#primaryimage\"},\"thumbnailUrl\":\"https:\\\/\\\/www.info-algerie.com\\\/actualites\\\/wp-content\\\/uploads\\\/2017\\\/06\\\/7809cda0cd199adafae2d3e009cbe330_S-1.jpg\",\"keywords\":[\"ONU\"],\"articleSection\":[\"infos\"],\"inLanguage\":\"fr-FR\",\"potentialAction\":[{\"@type\":\"CommentAction\",\"name\":\"Comment\",\"target\":[\"https:\\\/\\\/www.info-algerie.com\\\/actualites\\\/la-qualification-des-faits-reproches-a-benagoune-par-ennahar-ne-releve-pas-des-prerogatives-de-larav\\\/#respond\"]}]},{\"@type\":\"WebPage\",\"@id\":\"https:\\\/\\\/www.info-algerie.com\\\/actualites\\\/la-qualification-des-faits-reproches-a-benagoune-par-ennahar-ne-releve-pas-des-prerogatives-de-larav\\\/\",\"url\":\"https:\\\/\\\/www.info-algerie.com\\\/actualites\\\/la-qualification-des-faits-reproches-a-benagoune-par-ennahar-ne-releve-pas-des-prerogatives-de-larav\\\/\",\"name\":\"La qualification des faits reproch\u00e9s \u00e0 Benagoune par Ennahar ne rel\u00e8ve \u00a0pas des pr\u00e9rogatives de l&#039;ARAV - info algerie\",\"isPartOf\":{\"@id\":\"https:\\\/\\\/www.info-algerie.com\\\/actualites\\\/#website\"},\"primaryImageOfPage\":{\"@id\":\"https:\\\/\\\/www.info-algerie.com\\\/actualites\\\/la-qualification-des-faits-reproches-a-benagoune-par-ennahar-ne-releve-pas-des-prerogatives-de-larav\\\/#primaryimage\"},\"image\":{\"@id\":\"https:\\\/\\\/www.info-algerie.com\\\/actualites\\\/la-qualification-des-faits-reproches-a-benagoune-par-ennahar-ne-releve-pas-des-prerogatives-de-larav\\\/#primaryimage\"},\"thumbnailUrl\":\"https:\\\/\\\/www.info-algerie.com\\\/actualites\\\/wp-content\\\/uploads\\\/2017\\\/06\\\/7809cda0cd199adafae2d3e009cbe330_S-1.jpg\",\"datePublished\":\"2017-06-01T15:14:41+00:00\",\"breadcrumb\":{\"@id\":\"https:\\\/\\\/www.info-algerie.com\\\/actualites\\\/la-qualification-des-faits-reproches-a-benagoune-par-ennahar-ne-releve-pas-des-prerogatives-de-larav\\\/#breadcrumb\"},\"inLanguage\":\"fr-FR\",\"potentialAction\":[{\"@type\":\"ReadAction\",\"target\":[\"https:\\\/\\\/www.info-algerie.com\\\/actualites\\\/la-qualification-des-faits-reproches-a-benagoune-par-ennahar-ne-releve-pas-des-prerogatives-de-larav\\\/\"]}]},{\"@type\":\"ImageObject\",\"inLanguage\":\"fr-FR\",\"@id\":\"https:\\\/\\\/www.info-algerie.com\\\/actualites\\\/la-qualification-des-faits-reproches-a-benagoune-par-ennahar-ne-releve-pas-des-prerogatives-de-larav\\\/#primaryimage\",\"url\":\"https:\\\/\\\/www.info-algerie.com\\\/actualites\\\/wp-content\\\/uploads\\\/2017\\\/06\\\/7809cda0cd199adafae2d3e009cbe330_S-1.jpg\",\"contentUrl\":\"https:\\\/\\\/www.info-algerie.com\\\/actualites\\\/wp-content\\\/uploads\\\/2017\\\/06\\\/7809cda0cd199adafae2d3e009cbe330_S-1.jpg\",\"width\":280,\"height\":188},{\"@type\":\"BreadcrumbList\",\"@id\":\"https:\\\/\\\/www.info-algerie.com\\\/actualites\\\/la-qualification-des-faits-reproches-a-benagoune-par-ennahar-ne-releve-pas-des-prerogatives-de-larav\\\/#breadcrumb\",\"itemListElement\":[{\"@type\":\"ListItem\",\"position\":1,\"name\":\"Accueil\",\"item\":\"https:\\\/\\\/www.info-algerie.com\\\/actualites\\\/\"},{\"@type\":\"ListItem\",\"position\":2,\"name\":\"La qualification des faits reproch\u00e9s \u00e0 Benagoune par Ennahar ne rel\u00e8ve \u00a0pas des pr\u00e9rogatives de l&#039;ARAV\"}]},{\"@type\":\"WebSite\",\"@id\":\"https:\\\/\\\/www.info-algerie.com\\\/actualites\\\/#website\",\"url\":\"https:\\\/\\\/www.info-algerie.com\\\/actualites\\\/\",\"name\":\"info algerie\",\"description\":\"Toutes les actualit\u00e9s\",\"publisher\":{\"@id\":\"https:\\\/\\\/www.info-algerie.com\\\/actualites\\\/#organization\"},\"potentialAction\":[{\"@type\":\"SearchAction\",\"target\":{\"@type\":\"EntryPoint\",\"urlTemplate\":\"https:\\\/\\\/www.info-algerie.com\\\/actualites\\\/?s={search_term_string}\"},\"query-input\":{\"@type\":\"PropertyValueSpecification\",\"valueRequired\":true,\"valueName\":\"search_term_string\"}}],\"inLanguage\":\"fr-FR\"},{\"@type\":\"Organization\",\"@id\":\"https:\\\/\\\/www.info-algerie.com\\\/actualites\\\/#organization\",\"name\":\"info algerie\",\"url\":\"https:\\\/\\\/www.info-algerie.com\\\/actualites\\\/\",\"logo\":{\"@type\":\"ImageObject\",\"inLanguage\":\"fr-FR\",\"@id\":\"https:\\\/\\\/www.info-algerie.com\\\/actualites\\\/#\\\/schema\\\/logo\\\/image\\\/\",\"url\":\"https:\\\/\\\/www.info-algerie.com\\\/actualites\\\/wp-content\\\/uploads\\\/2022\\\/07\\\/logo-ia-120.png\",\"contentUrl\":\"https:\\\/\\\/www.info-algerie.com\\\/actualites\\\/wp-content\\\/uploads\\\/2022\\\/07\\\/logo-ia-120.png\",\"width\":120,\"height\":43,\"caption\":\"info algerie\"},\"image\":{\"@id\":\"https:\\\/\\\/www.info-algerie.com\\\/actualites\\\/#\\\/schema\\\/logo\\\/image\\\/\"},\"sameAs\":[\"https:\\\/\\\/www.facebook.com\\\/infoalgerieactu\",\"https:\\\/\\\/x.com\\\/infoalgerie1\"]},{\"@type\":\"Person\",\"@id\":\"https:\\\/\\\/www.info-algerie.com\\\/actualites\\\/#\\\/schema\\\/person\\\/847aaec44920825b843a08f30ec6aa1e\",\"name\":\"La r\u00e9daction\",\"image\":{\"@type\":\"ImageObject\",\"inLanguage\":\"fr-FR\",\"@id\":\"https:\\\/\\\/secure.gravatar.com\\\/avatar\\\/769db425c6f465158149f1ffd6cf61ce7a8a879d11dfbef8288af36dfddd418c?s=96&d=mm&r=g\",\"url\":\"https:\\\/\\\/secure.gravatar.com\\\/avatar\\\/769db425c6f465158149f1ffd6cf61ce7a8a879d11dfbef8288af36dfddd418c?s=96&d=mm&r=g\",\"contentUrl\":\"https:\\\/\\\/secure.gravatar.com\\\/avatar\\\/769db425c6f465158149f1ffd6cf61ce7a8a879d11dfbef8288af36dfddd418c?s=96&d=mm&r=g\",\"caption\":\"La r\u00e9daction\"},\"sameAs\":[\"http:\\\/\\\/www.lkeria.com\\\/\"],\"url\":\"https:\\\/\\\/www.info-algerie.com\\\/actualites\\\/author\\\/chakib32\\\/\"}]}<\/script>\n<!-- \/ Yoast SEO plugin. -->","yoast_head_json":{"title":"La qualification des faits reproch\u00e9s \u00e0 Benagoune par Ennahar ne rel\u00e8ve \u00a0pas des pr\u00e9rogatives de l&#039;ARAV - info algerie","robots":{"index":"index","follow":"follow","max-snippet":"max-snippet:-1","max-image-preview":"max-image-preview:large","max-video-preview":"max-video-preview:-1"},"canonical":"https:\/\/www.info-algerie.com\/actualites\/la-qualification-des-faits-reproches-a-benagoune-par-ennahar-ne-releve-pas-des-prerogatives-de-larav\/","og_locale":"fr_FR","og_type":"article","og_title":"La qualification des faits reproch\u00e9s \u00e0 Benagoune par Ennahar ne rel\u00e8ve \u00a0pas des pr\u00e9rogatives de l&#039;ARAV - info algerie","og_description":"ALGER- La qualification des faits reproch\u00e9s \u00e0 Benagoune\u00a0\u00a0 Messaoud, par la cha\u00eene priv\u00e9e Ennahar ne rel\u00e8ve pas des pr\u00e9rogatives de\u00a0\u00a0 l\u2019Autorit\u00e9 de r\u00e9gulation de l&rsquo;audiovisuel (ARAV), a indiqu\u00e9 jeudi un\u00a0\u00a0 communiqu\u00e9 de cette instance. &#013; &#013; \u00ab\u00a0La qualification des faits reproch\u00e9s \u00e0 M. Benagoune Messaoud par la\u00a0\u00a0 cha\u00eene Ennahar ne rel\u00e8ve pas des pr\u00e9rogatives de","og_url":"https:\/\/www.info-algerie.com\/actualites\/la-qualification-des-faits-reproches-a-benagoune-par-ennahar-ne-releve-pas-des-prerogatives-de-larav\/","og_site_name":"info algerie","article_publisher":"https:\/\/www.facebook.com\/infoalgerieactu","article_published_time":"2017-06-01T15:14:41+00:00","og_image":[{"width":280,"height":188,"url":"https:\/\/www.info-algerie.com\/actualites\/wp-content\/uploads\/2017\/06\/7809cda0cd199adafae2d3e009cbe330_S-1.jpg","type":"image\/jpeg"}],"author":"La r\u00e9daction","twitter_misc":{"\u00c9crit par":"La r\u00e9daction","Dur\u00e9e de lecture estim\u00e9e":"2 minutes"},"schema":{"@context":"https:\/\/schema.org","@graph":[{"@type":"Article","@id":"https:\/\/www.info-algerie.com\/actualites\/la-qualification-des-faits-reproches-a-benagoune-par-ennahar-ne-releve-pas-des-prerogatives-de-larav\/#article","isPartOf":{"@id":"https:\/\/www.info-algerie.com\/actualites\/la-qualification-des-faits-reproches-a-benagoune-par-ennahar-ne-releve-pas-des-prerogatives-de-larav\/"},"author":{"name":"La r\u00e9daction","@id":"https:\/\/www.info-algerie.com\/actualites\/#\/schema\/person\/847aaec44920825b843a08f30ec6aa1e"},"headline":"La qualification des faits reproch\u00e9s \u00e0 Benagoune par Ennahar ne rel\u00e8ve \u00a0pas des pr\u00e9rogatives de l&#039;ARAV","datePublished":"2017-06-01T15:14:41+00:00","mainEntityOfPage":{"@id":"https:\/\/www.info-algerie.com\/actualites\/la-qualification-des-faits-reproches-a-benagoune-par-ennahar-ne-releve-pas-des-prerogatives-de-larav\/"},"wordCount":380,"commentCount":0,"publisher":{"@id":"https:\/\/www.info-algerie.com\/actualites\/#organization"},"image":{"@id":"https:\/\/www.info-algerie.com\/actualites\/la-qualification-des-faits-reproches-a-benagoune-par-ennahar-ne-releve-pas-des-prerogatives-de-larav\/#primaryimage"},"thumbnailUrl":"https:\/\/www.info-algerie.com\/actualites\/wp-content\/uploads\/2017\/06\/7809cda0cd199adafae2d3e009cbe330_S-1.jpg","keywords":["ONU"],"articleSection":["infos"],"inLanguage":"fr-FR","potentialAction":[{"@type":"CommentAction","name":"Comment","target":["https:\/\/www.info-algerie.com\/actualites\/la-qualification-des-faits-reproches-a-benagoune-par-ennahar-ne-releve-pas-des-prerogatives-de-larav\/#respond"]}]},{"@type":"WebPage","@id":"https:\/\/www.info-algerie.com\/actualites\/la-qualification-des-faits-reproches-a-benagoune-par-ennahar-ne-releve-pas-des-prerogatives-de-larav\/","url":"https:\/\/www.info-algerie.com\/actualites\/la-qualification-des-faits-reproches-a-benagoune-par-ennahar-ne-releve-pas-des-prerogatives-de-larav\/","name":"La qualification des faits reproch\u00e9s \u00e0 Benagoune par Ennahar ne rel\u00e8ve \u00a0pas des pr\u00e9rogatives de l&#039;ARAV - info algerie","isPartOf":{"@id":"https:\/\/www.info-algerie.com\/actualites\/#website"},"primaryImageOfPage":{"@id":"https:\/\/www.info-algerie.com\/actualites\/la-qualification-des-faits-reproches-a-benagoune-par-ennahar-ne-releve-pas-des-prerogatives-de-larav\/#primaryimage"},"image":{"@id":"https:\/\/www.info-algerie.com\/actualites\/la-qualification-des-faits-reproches-a-benagoune-par-ennahar-ne-releve-pas-des-prerogatives-de-larav\/#primaryimage"},"thumbnailUrl":"https:\/\/www.info-algerie.com\/actualites\/wp-content\/uploads\/2017\/06\/7809cda0cd199adafae2d3e009cbe330_S-1.jpg","datePublished":"2017-06-01T15:14:41+00:00","breadcrumb":{"@id":"https:\/\/www.info-algerie.com\/actualites\/la-qualification-des-faits-reproches-a-benagoune-par-ennahar-ne-releve-pas-des-prerogatives-de-larav\/#breadcrumb"},"inLanguage":"fr-FR","potentialAction":[{"@type":"ReadAction","target":["https:\/\/www.info-algerie.com\/actualites\/la-qualification-des-faits-reproches-a-benagoune-par-ennahar-ne-releve-pas-des-prerogatives-de-larav\/"]}]},{"@type":"ImageObject","inLanguage":"fr-FR","@id":"https:\/\/www.info-algerie.com\/actualites\/la-qualification-des-faits-reproches-a-benagoune-par-ennahar-ne-releve-pas-des-prerogatives-de-larav\/#primaryimage","url":"https:\/\/www.info-algerie.com\/actualites\/wp-content\/uploads\/2017\/06\/7809cda0cd199adafae2d3e009cbe330_S-1.jpg","contentUrl":"https:\/\/www.info-algerie.com\/actualites\/wp-content\/uploads\/2017\/06\/7809cda0cd199adafae2d3e009cbe330_S-1.jpg","width":280,"height":188},{"@type":"BreadcrumbList","@id":"https:\/\/www.info-algerie.com\/actualites\/la-qualification-des-faits-reproches-a-benagoune-par-ennahar-ne-releve-pas-des-prerogatives-de-larav\/#breadcrumb","itemListElement":[{"@type":"ListItem","position":1,"name":"Accueil","item":"https:\/\/www.info-algerie.com\/actualites\/"},{"@type":"ListItem","position":2,"name":"La qualification des faits reproch\u00e9s \u00e0 Benagoune par Ennahar ne rel\u00e8ve \u00a0pas des pr\u00e9rogatives de l&#039;ARAV"}]},{"@type":"WebSite","@id":"https:\/\/www.info-algerie.com\/actualites\/#website","url":"https:\/\/www.info-algerie.com\/actualites\/","name":"info algerie","description":"Toutes les actualit\u00e9s","publisher":{"@id":"https:\/\/www.info-algerie.com\/actualites\/#organization"},"potentialAction":[{"@type":"SearchAction","target":{"@type":"EntryPoint","urlTemplate":"https:\/\/www.info-algerie.com\/actualites\/?s={search_term_string}"},"query-input":{"@type":"PropertyValueSpecification","valueRequired":true,"valueName":"search_term_string"}}],"inLanguage":"fr-FR"},{"@type":"Organization","@id":"https:\/\/www.info-algerie.com\/actualites\/#organization","name":"info algerie","url":"https:\/\/www.info-algerie.com\/actualites\/","logo":{"@type":"ImageObject","inLanguage":"fr-FR","@id":"https:\/\/www.info-algerie.com\/actualites\/#\/schema\/logo\/image\/","url":"https:\/\/www.info-algerie.com\/actualites\/wp-content\/uploads\/2022\/07\/logo-ia-120.png","contentUrl":"https:\/\/www.info-algerie.com\/actualites\/wp-content\/uploads\/2022\/07\/logo-ia-120.png","width":120,"height":43,"caption":"info algerie"},"image":{"@id":"https:\/\/www.info-algerie.com\/actualites\/#\/schema\/logo\/image\/"},"sameAs":["https:\/\/www.facebook.com\/infoalgerieactu","https:\/\/x.com\/infoalgerie1"]},{"@type":"Person","@id":"https:\/\/www.info-algerie.com\/actualites\/#\/schema\/person\/847aaec44920825b843a08f30ec6aa1e","name":"La r\u00e9daction","image":{"@type":"ImageObject","inLanguage":"fr-FR","@id":"https:\/\/secure.gravatar.com\/avatar\/769db425c6f465158149f1ffd6cf61ce7a8a879d11dfbef8288af36dfddd418c?s=96&d=mm&r=g","url":"https:\/\/secure.gravatar.com\/avatar\/769db425c6f465158149f1ffd6cf61ce7a8a879d11dfbef8288af36dfddd418c?s=96&d=mm&r=g","contentUrl":"https:\/\/secure.gravatar.com\/avatar\/769db425c6f465158149f1ffd6cf61ce7a8a879d11dfbef8288af36dfddd418c?s=96&d=mm&r=g","caption":"La r\u00e9daction"},"sameAs":["http:\/\/www.lkeria.com\/"],"url":"https:\/\/www.info-algerie.com\/actualites\/author\/chakib32\/"}]}},"_links":{"self":[{"href":"https:\/\/www.info-algerie.com\/actualites\/wp-json\/wp\/v2\/posts\/12752","targetHints":{"allow":["GET"]}}],"collection":[{"href":"https:\/\/www.info-algerie.com\/actualites\/wp-json\/wp\/v2\/posts"}],"about":[{"href":"https:\/\/www.info-algerie.com\/actualites\/wp-json\/wp\/v2\/types\/post"}],"author":[{"embeddable":true,"href":"https:\/\/www.info-algerie.com\/actualites\/wp-json\/wp\/v2\/users\/6"}],"replies":[{"embeddable":true,"href":"https:\/\/www.info-algerie.com\/actualites\/wp-json\/wp\/v2\/comments?post=12752"}],"version-history":[{"count":0,"href":"https:\/\/www.info-algerie.com\/actualites\/wp-json\/wp\/v2\/posts\/12752\/revisions"}],"wp:featuredmedia":[{"embeddable":true,"href":"https:\/\/www.info-algerie.com\/actualites\/wp-json\/wp\/v2\/media\/12753"}],"wp:attachment":[{"href":"https:\/\/www.info-algerie.com\/actualites\/wp-json\/wp\/v2\/media?parent=12752"}],"wp:term":[{"taxonomy":"category","embeddable":true,"href":"https:\/\/www.info-algerie.com\/actualites\/wp-json\/wp\/v2\/categories?post=12752"},{"taxonomy":"post_tag","embeddable":true,"href":"https:\/\/www.info-algerie.com\/actualites\/wp-json\/wp\/v2\/tags?post=12752"}],"curies":[{"name":"wp","href":"https:\/\/api.w.org\/{rel}","templated":true}]}}