{"id":12755,"date":"2017-06-01T15:49:01","date_gmt":"2017-06-01T14:49:01","guid":{"rendered":"http:\/\/www.info-algerie.com\/actualites\/une-patrouille-de-la-gendarmerie-nationale-ciblee-par-une-attaque-terroriste-4-blesses-legers-mdn\/"},"modified":"2017-06-01T15:49:01","modified_gmt":"2017-06-01T14:49:01","slug":"une-patrouille-de-la-gendarmerie-nationale-ciblee-par-une-attaque-terroriste-4-blesses-legers-mdn","status":"publish","type":"post","link":"https:\/\/www.info-algerie.com\/actualites\/une-patrouille-de-la-gendarmerie-nationale-ciblee-par-une-attaque-terroriste-4-blesses-legers-mdn\/","title":{"rendered":"Une patrouille de la Gendarmerie nationale cibl\u00e9e par une attaque terroriste: 4 bless\u00e9s l\u00e9gers (MDN)"},"content":{"rendered":"<div class=\"K2FeedImage\"><img decoding=\"async\" src=\"https:\/\/www.info-algerie.com\/actualites\/wp-content\/uploads\/2017\/06\/90591f13ef10a6de2eb209fd30f001b1_S.jpg\" alt=\"Une patrouille de la Gendarmerie nationale cibl&#xE9;e par une attaque terroriste: 4 bless&#xE9;s l&#xE9;gers (MDN)\" \/><\/div>\n<div class=\"K2FeedIntroText\">\n<p class=\"MsoNoSpacing\">ALGER- Une patrouille de la Gendarmerie nationale a \u00e9t\u00e9 \u00a0cibl\u00e9e mercredi soir par une attaque terroriste, dans la commune de Larba\u00e2\u00a0\u00a0 (Blida), causant des blessures l\u00e9g\u00e8res \u00e0 quatre \u00e9l\u00e9ments de la patrouille,\u00a0\u00a0 indique jeudi un communiqu\u00e9 du minist\u00e8re de la D\u00e9fense nationale (MDN).<\/p>\n<p>&#013;\n<\/p><\/div>\n<div class=\"K2FeedFullText\">&#013;<\/p>\n<p>\u00ab\u00a0Une patrouille de la Gendarmerie nationale a \u00e9t\u00e9 la cible de coups de\u00a0\u00a0 feux, le mercredi 31 mai 2017 aux environs de 22h00, tir\u00e9s par un groupe\u00a0\u00a0 terroriste dans la zone de Oued Djema\u00e2, commune de Larba\u00e2, wilaya de Blida\u00a0\u00a0 (1e RM), causant la blessure l\u00e9g\u00e8re de quatre \u00e9l\u00e9ments de la patrouille\u00a0\u00bb, pr\u00e9cise la m\u00eame source.<\/p>\n<p>&#013;<\/p>\n<p>\u00a0\u00ab\u00a0Les mesures s\u00e9curitaires n\u00e9cessaires ont \u00e9t\u00e9 prises par les forces de\u00a0\u00a0 l&rsquo;Arm\u00e9e nationale populaire, en proc\u00e9dant au bouclage et ratissage imm\u00e9diat\u00a0\u00a0 de cette zone \u00e0 la recherche des criminels\u00a0\u00bb, ajoute la m\u00eame source.<\/p>\n<\/div>\n<p>&#013;<br \/>\nSource: <a href=\"http:\/\/www.aps.dz\/algerie\/58441-une-patrouille-de-la-gendarmerie-nationale-ciblee-par-une-attaque-terroriste-4-blesses-legers-mdn\" target=\"_blank\">Une patrouille de la Gendarmerie nationale cibl\u00e9e par une attaque terroriste: 4 bless\u00e9s l\u00e9gers (MDN)<\/a><\/p>\n<!--CusAds0-->\n<div style=\"font-size: 0px; height: 0px; line-height: 0px; margin: 0; padding: 0; clear: both;\"><\/div>","protected":false},"excerpt":{"rendered":"<p>ALGER- Une patrouille de la Gendarmerie nationale a \u00e9t\u00e9 \u00a0cibl\u00e9e mercredi soir par une attaque terroriste, dans la commune de Larba\u00e2\u00a0\u00a0 (Blida), causant des blessures l\u00e9g\u00e8res \u00e0 quatre \u00e9l\u00e9ments de la patrouille,\u00a0\u00a0 indique jeudi un communiqu\u00e9 du minist\u00e8re de la D\u00e9fense nationale (MDN). &#013; &#013; \u00ab\u00a0Une patrouille de la Gendarmerie nationale a \u00e9t\u00e9 la cible<\/p>\n","protected":false},"author":6,"featured_media":12756,"comment_status":"open","ping_status":"open","sticky":false,"template":"","format":"standard","meta":{"footnotes":""},"categories":[22],"tags":[93],"class_list":["post-12755","post","type-post","status-publish","format-standard","has-post-thumbnail","hentry","category-infos","tag-onu"],"yoast_head":"<!-- This site is optimized with the Yoast SEO plugin v27.5 - https:\/\/yoast.com\/product\/yoast-seo-wordpress\/ -->\n<title>Une patrouille de la Gendarmerie nationale cibl\u00e9e par une attaque terroriste: 4 bless\u00e9s l\u00e9gers (MDN) - info algerie<\/title>\n<meta name=\"robots\" content=\"index, follow, max-snippet:-1, max-image-preview:large, max-video-preview:-1\" \/>\n<link rel=\"canonical\" href=\"https:\/\/www.info-algerie.com\/actualites\/une-patrouille-de-la-gendarmerie-nationale-ciblee-par-une-attaque-terroriste-4-blesses-legers-mdn\/\" \/>\n<meta property=\"og:locale\" content=\"fr_FR\" \/>\n<meta property=\"og:type\" content=\"article\" \/>\n<meta property=\"og:title\" content=\"Une patrouille de la Gendarmerie nationale cibl\u00e9e par une attaque terroriste: 4 bless\u00e9s l\u00e9gers (MDN) - info algerie\" \/>\n<meta property=\"og:description\" content=\"ALGER- Une patrouille de la Gendarmerie nationale a \u00e9t\u00e9 \u00a0cibl\u00e9e mercredi soir par une attaque terroriste, dans la commune de Larba\u00e2\u00a0\u00a0 (Blida), causant des blessures l\u00e9g\u00e8res \u00e0 quatre \u00e9l\u00e9ments de la patrouille,\u00a0\u00a0 indique jeudi un communiqu\u00e9 du minist\u00e8re de la D\u00e9fense nationale (MDN). &#013; &#013; \u00ab\u00a0Une patrouille de la Gendarmerie nationale a \u00e9t\u00e9 la cible\" \/>\n<meta property=\"og:url\" content=\"https:\/\/www.info-algerie.com\/actualites\/une-patrouille-de-la-gendarmerie-nationale-ciblee-par-une-attaque-terroriste-4-blesses-legers-mdn\/\" \/>\n<meta property=\"og:site_name\" content=\"info algerie\" \/>\n<meta property=\"article:publisher\" content=\"https:\/\/www.facebook.com\/infoalgerieactu\" \/>\n<meta property=\"article:published_time\" content=\"2017-06-01T14:49:01+00:00\" \/>\n<meta property=\"og:image\" content=\"https:\/\/www.info-algerie.com\/actualites\/wp-content\/uploads\/2017\/06\/90591f13ef10a6de2eb209fd30f001b1_S-1.jpg\" \/>\n\t<meta property=\"og:image:width\" content=\"280\" \/>\n\t<meta property=\"og:image:height\" content=\"158\" \/>\n\t<meta property=\"og:image:type\" content=\"image\/jpeg\" \/>\n<meta name=\"author\" content=\"La r\u00e9daction\" \/>\n<meta name=\"twitter:label1\" content=\"\u00c9crit par\" \/>\n\t<meta name=\"twitter:data1\" content=\"La r\u00e9daction\" \/>\n\t<meta name=\"twitter:label2\" content=\"Dur\u00e9e de lecture estim\u00e9e\" \/>\n\t<meta name=\"twitter:data2\" content=\"1 minute\" \/>\n<script type=\"application\/ld+json\" class=\"yoast-schema-graph\">{\"@context\":\"https:\\\/\\\/schema.org\",\"@graph\":[{\"@type\":\"Article\",\"@id\":\"https:\\\/\\\/www.info-algerie.com\\\/actualites\\\/une-patrouille-de-la-gendarmerie-nationale-ciblee-par-une-attaque-terroriste-4-blesses-legers-mdn\\\/#article\",\"isPartOf\":{\"@id\":\"https:\\\/\\\/www.info-algerie.com\\\/actualites\\\/une-patrouille-de-la-gendarmerie-nationale-ciblee-par-une-attaque-terroriste-4-blesses-legers-mdn\\\/\"},\"author\":{\"name\":\"La r\u00e9daction\",\"@id\":\"https:\\\/\\\/www.info-algerie.com\\\/actualites\\\/#\\\/schema\\\/person\\\/847aaec44920825b843a08f30ec6aa1e\"},\"headline\":\"Une patrouille de la Gendarmerie nationale cibl\u00e9e par une attaque terroriste: 4 bless\u00e9s l\u00e9gers (MDN)\",\"datePublished\":\"2017-06-01T14:49:01+00:00\",\"mainEntityOfPage\":{\"@id\":\"https:\\\/\\\/www.info-algerie.com\\\/actualites\\\/une-patrouille-de-la-gendarmerie-nationale-ciblee-par-une-attaque-terroriste-4-blesses-legers-mdn\\\/\"},\"wordCount\":182,\"commentCount\":0,\"publisher\":{\"@id\":\"https:\\\/\\\/www.info-algerie.com\\\/actualites\\\/#organization\"},\"image\":{\"@id\":\"https:\\\/\\\/www.info-algerie.com\\\/actualites\\\/une-patrouille-de-la-gendarmerie-nationale-ciblee-par-une-attaque-terroriste-4-blesses-legers-mdn\\\/#primaryimage\"},\"thumbnailUrl\":\"https:\\\/\\\/www.info-algerie.com\\\/actualites\\\/wp-content\\\/uploads\\\/2017\\\/06\\\/90591f13ef10a6de2eb209fd30f001b1_S-1.jpg\",\"keywords\":[\"ONU\"],\"articleSection\":[\"infos\"],\"inLanguage\":\"fr-FR\",\"potentialAction\":[{\"@type\":\"CommentAction\",\"name\":\"Comment\",\"target\":[\"https:\\\/\\\/www.info-algerie.com\\\/actualites\\\/une-patrouille-de-la-gendarmerie-nationale-ciblee-par-une-attaque-terroriste-4-blesses-legers-mdn\\\/#respond\"]}]},{\"@type\":\"WebPage\",\"@id\":\"https:\\\/\\\/www.info-algerie.com\\\/actualites\\\/une-patrouille-de-la-gendarmerie-nationale-ciblee-par-une-attaque-terroriste-4-blesses-legers-mdn\\\/\",\"url\":\"https:\\\/\\\/www.info-algerie.com\\\/actualites\\\/une-patrouille-de-la-gendarmerie-nationale-ciblee-par-une-attaque-terroriste-4-blesses-legers-mdn\\\/\",\"name\":\"Une patrouille de la Gendarmerie nationale cibl\u00e9e par une attaque terroriste: 4 bless\u00e9s l\u00e9gers (MDN) - info algerie\",\"isPartOf\":{\"@id\":\"https:\\\/\\\/www.info-algerie.com\\\/actualites\\\/#website\"},\"primaryImageOfPage\":{\"@id\":\"https:\\\/\\\/www.info-algerie.com\\\/actualites\\\/une-patrouille-de-la-gendarmerie-nationale-ciblee-par-une-attaque-terroriste-4-blesses-legers-mdn\\\/#primaryimage\"},\"image\":{\"@id\":\"https:\\\/\\\/www.info-algerie.com\\\/actualites\\\/une-patrouille-de-la-gendarmerie-nationale-ciblee-par-une-attaque-terroriste-4-blesses-legers-mdn\\\/#primaryimage\"},\"thumbnailUrl\":\"https:\\\/\\\/www.info-algerie.com\\\/actualites\\\/wp-content\\\/uploads\\\/2017\\\/06\\\/90591f13ef10a6de2eb209fd30f001b1_S-1.jpg\",\"datePublished\":\"2017-06-01T14:49:01+00:00\",\"breadcrumb\":{\"@id\":\"https:\\\/\\\/www.info-algerie.com\\\/actualites\\\/une-patrouille-de-la-gendarmerie-nationale-ciblee-par-une-attaque-terroriste-4-blesses-legers-mdn\\\/#breadcrumb\"},\"inLanguage\":\"fr-FR\",\"potentialAction\":[{\"@type\":\"ReadAction\",\"target\":[\"https:\\\/\\\/www.info-algerie.com\\\/actualites\\\/une-patrouille-de-la-gendarmerie-nationale-ciblee-par-une-attaque-terroriste-4-blesses-legers-mdn\\\/\"]}]},{\"@type\":\"ImageObject\",\"inLanguage\":\"fr-FR\",\"@id\":\"https:\\\/\\\/www.info-algerie.com\\\/actualites\\\/une-patrouille-de-la-gendarmerie-nationale-ciblee-par-une-attaque-terroriste-4-blesses-legers-mdn\\\/#primaryimage\",\"url\":\"https:\\\/\\\/www.info-algerie.com\\\/actualites\\\/wp-content\\\/uploads\\\/2017\\\/06\\\/90591f13ef10a6de2eb209fd30f001b1_S-1.jpg\",\"contentUrl\":\"https:\\\/\\\/www.info-algerie.com\\\/actualites\\\/wp-content\\\/uploads\\\/2017\\\/06\\\/90591f13ef10a6de2eb209fd30f001b1_S-1.jpg\",\"width\":280,\"height\":158},{\"@type\":\"BreadcrumbList\",\"@id\":\"https:\\\/\\\/www.info-algerie.com\\\/actualites\\\/une-patrouille-de-la-gendarmerie-nationale-ciblee-par-une-attaque-terroriste-4-blesses-legers-mdn\\\/#breadcrumb\",\"itemListElement\":[{\"@type\":\"ListItem\",\"position\":1,\"name\":\"Accueil\",\"item\":\"https:\\\/\\\/www.info-algerie.com\\\/actualites\\\/\"},{\"@type\":\"ListItem\",\"position\":2,\"name\":\"Une patrouille de la Gendarmerie nationale cibl\u00e9e par une attaque terroriste: 4 bless\u00e9s l\u00e9gers (MDN)\"}]},{\"@type\":\"WebSite\",\"@id\":\"https:\\\/\\\/www.info-algerie.com\\\/actualites\\\/#website\",\"url\":\"https:\\\/\\\/www.info-algerie.com\\\/actualites\\\/\",\"name\":\"info algerie\",\"description\":\"Toutes les actualit\u00e9s\",\"publisher\":{\"@id\":\"https:\\\/\\\/www.info-algerie.com\\\/actualites\\\/#organization\"},\"potentialAction\":[{\"@type\":\"SearchAction\",\"target\":{\"@type\":\"EntryPoint\",\"urlTemplate\":\"https:\\\/\\\/www.info-algerie.com\\\/actualites\\\/?s={search_term_string}\"},\"query-input\":{\"@type\":\"PropertyValueSpecification\",\"valueRequired\":true,\"valueName\":\"search_term_string\"}}],\"inLanguage\":\"fr-FR\"},{\"@type\":\"Organization\",\"@id\":\"https:\\\/\\\/www.info-algerie.com\\\/actualites\\\/#organization\",\"name\":\"info algerie\",\"url\":\"https:\\\/\\\/www.info-algerie.com\\\/actualites\\\/\",\"logo\":{\"@type\":\"ImageObject\",\"inLanguage\":\"fr-FR\",\"@id\":\"https:\\\/\\\/www.info-algerie.com\\\/actualites\\\/#\\\/schema\\\/logo\\\/image\\\/\",\"url\":\"https:\\\/\\\/www.info-algerie.com\\\/actualites\\\/wp-content\\\/uploads\\\/2022\\\/07\\\/logo-ia-120.png\",\"contentUrl\":\"https:\\\/\\\/www.info-algerie.com\\\/actualites\\\/wp-content\\\/uploads\\\/2022\\\/07\\\/logo-ia-120.png\",\"width\":120,\"height\":43,\"caption\":\"info algerie\"},\"image\":{\"@id\":\"https:\\\/\\\/www.info-algerie.com\\\/actualites\\\/#\\\/schema\\\/logo\\\/image\\\/\"},\"sameAs\":[\"https:\\\/\\\/www.facebook.com\\\/infoalgerieactu\",\"https:\\\/\\\/x.com\\\/infoalgerie1\"]},{\"@type\":\"Person\",\"@id\":\"https:\\\/\\\/www.info-algerie.com\\\/actualites\\\/#\\\/schema\\\/person\\\/847aaec44920825b843a08f30ec6aa1e\",\"name\":\"La r\u00e9daction\",\"image\":{\"@type\":\"ImageObject\",\"inLanguage\":\"fr-FR\",\"@id\":\"https:\\\/\\\/secure.gravatar.com\\\/avatar\\\/769db425c6f465158149f1ffd6cf61ce7a8a879d11dfbef8288af36dfddd418c?s=96&d=mm&r=g\",\"url\":\"https:\\\/\\\/secure.gravatar.com\\\/avatar\\\/769db425c6f465158149f1ffd6cf61ce7a8a879d11dfbef8288af36dfddd418c?s=96&d=mm&r=g\",\"contentUrl\":\"https:\\\/\\\/secure.gravatar.com\\\/avatar\\\/769db425c6f465158149f1ffd6cf61ce7a8a879d11dfbef8288af36dfddd418c?s=96&d=mm&r=g\",\"caption\":\"La r\u00e9daction\"},\"sameAs\":[\"http:\\\/\\\/www.lkeria.com\\\/\"],\"url\":\"https:\\\/\\\/www.info-algerie.com\\\/actualites\\\/author\\\/chakib32\\\/\"}]}<\/script>\n<!-- \/ Yoast SEO plugin. -->","yoast_head_json":{"title":"Une patrouille de la Gendarmerie nationale cibl\u00e9e par une attaque terroriste: 4 bless\u00e9s l\u00e9gers (MDN) - info algerie","robots":{"index":"index","follow":"follow","max-snippet":"max-snippet:-1","max-image-preview":"max-image-preview:large","max-video-preview":"max-video-preview:-1"},"canonical":"https:\/\/www.info-algerie.com\/actualites\/une-patrouille-de-la-gendarmerie-nationale-ciblee-par-une-attaque-terroriste-4-blesses-legers-mdn\/","og_locale":"fr_FR","og_type":"article","og_title":"Une patrouille de la Gendarmerie nationale cibl\u00e9e par une attaque terroriste: 4 bless\u00e9s l\u00e9gers (MDN) - info algerie","og_description":"ALGER- Une patrouille de la Gendarmerie nationale a \u00e9t\u00e9 \u00a0cibl\u00e9e mercredi soir par une attaque terroriste, dans la commune de Larba\u00e2\u00a0\u00a0 (Blida), causant des blessures l\u00e9g\u00e8res \u00e0 quatre \u00e9l\u00e9ments de la patrouille,\u00a0\u00a0 indique jeudi un communiqu\u00e9 du minist\u00e8re de la D\u00e9fense nationale (MDN). &#013; &#013; \u00ab\u00a0Une patrouille de la Gendarmerie nationale a \u00e9t\u00e9 la cible","og_url":"https:\/\/www.info-algerie.com\/actualites\/une-patrouille-de-la-gendarmerie-nationale-ciblee-par-une-attaque-terroriste-4-blesses-legers-mdn\/","og_site_name":"info algerie","article_publisher":"https:\/\/www.facebook.com\/infoalgerieactu","article_published_time":"2017-06-01T14:49:01+00:00","og_image":[{"width":280,"height":158,"url":"https:\/\/www.info-algerie.com\/actualites\/wp-content\/uploads\/2017\/06\/90591f13ef10a6de2eb209fd30f001b1_S-1.jpg","type":"image\/jpeg"}],"author":"La r\u00e9daction","twitter_misc":{"\u00c9crit par":"La r\u00e9daction","Dur\u00e9e de lecture estim\u00e9e":"1 minute"},"schema":{"@context":"https:\/\/schema.org","@graph":[{"@type":"Article","@id":"https:\/\/www.info-algerie.com\/actualites\/une-patrouille-de-la-gendarmerie-nationale-ciblee-par-une-attaque-terroriste-4-blesses-legers-mdn\/#article","isPartOf":{"@id":"https:\/\/www.info-algerie.com\/actualites\/une-patrouille-de-la-gendarmerie-nationale-ciblee-par-une-attaque-terroriste-4-blesses-legers-mdn\/"},"author":{"name":"La r\u00e9daction","@id":"https:\/\/www.info-algerie.com\/actualites\/#\/schema\/person\/847aaec44920825b843a08f30ec6aa1e"},"headline":"Une patrouille de la Gendarmerie nationale cibl\u00e9e par une attaque terroriste: 4 bless\u00e9s l\u00e9gers (MDN)","datePublished":"2017-06-01T14:49:01+00:00","mainEntityOfPage":{"@id":"https:\/\/www.info-algerie.com\/actualites\/une-patrouille-de-la-gendarmerie-nationale-ciblee-par-une-attaque-terroriste-4-blesses-legers-mdn\/"},"wordCount":182,"commentCount":0,"publisher":{"@id":"https:\/\/www.info-algerie.com\/actualites\/#organization"},"image":{"@id":"https:\/\/www.info-algerie.com\/actualites\/une-patrouille-de-la-gendarmerie-nationale-ciblee-par-une-attaque-terroriste-4-blesses-legers-mdn\/#primaryimage"},"thumbnailUrl":"https:\/\/www.info-algerie.com\/actualites\/wp-content\/uploads\/2017\/06\/90591f13ef10a6de2eb209fd30f001b1_S-1.jpg","keywords":["ONU"],"articleSection":["infos"],"inLanguage":"fr-FR","potentialAction":[{"@type":"CommentAction","name":"Comment","target":["https:\/\/www.info-algerie.com\/actualites\/une-patrouille-de-la-gendarmerie-nationale-ciblee-par-une-attaque-terroriste-4-blesses-legers-mdn\/#respond"]}]},{"@type":"WebPage","@id":"https:\/\/www.info-algerie.com\/actualites\/une-patrouille-de-la-gendarmerie-nationale-ciblee-par-une-attaque-terroriste-4-blesses-legers-mdn\/","url":"https:\/\/www.info-algerie.com\/actualites\/une-patrouille-de-la-gendarmerie-nationale-ciblee-par-une-attaque-terroriste-4-blesses-legers-mdn\/","name":"Une patrouille de la Gendarmerie nationale cibl\u00e9e par une attaque terroriste: 4 bless\u00e9s l\u00e9gers (MDN) - info algerie","isPartOf":{"@id":"https:\/\/www.info-algerie.com\/actualites\/#website"},"primaryImageOfPage":{"@id":"https:\/\/www.info-algerie.com\/actualites\/une-patrouille-de-la-gendarmerie-nationale-ciblee-par-une-attaque-terroriste-4-blesses-legers-mdn\/#primaryimage"},"image":{"@id":"https:\/\/www.info-algerie.com\/actualites\/une-patrouille-de-la-gendarmerie-nationale-ciblee-par-une-attaque-terroriste-4-blesses-legers-mdn\/#primaryimage"},"thumbnailUrl":"https:\/\/www.info-algerie.com\/actualites\/wp-content\/uploads\/2017\/06\/90591f13ef10a6de2eb209fd30f001b1_S-1.jpg","datePublished":"2017-06-01T14:49:01+00:00","breadcrumb":{"@id":"https:\/\/www.info-algerie.com\/actualites\/une-patrouille-de-la-gendarmerie-nationale-ciblee-par-une-attaque-terroriste-4-blesses-legers-mdn\/#breadcrumb"},"inLanguage":"fr-FR","potentialAction":[{"@type":"ReadAction","target":["https:\/\/www.info-algerie.com\/actualites\/une-patrouille-de-la-gendarmerie-nationale-ciblee-par-une-attaque-terroriste-4-blesses-legers-mdn\/"]}]},{"@type":"ImageObject","inLanguage":"fr-FR","@id":"https:\/\/www.info-algerie.com\/actualites\/une-patrouille-de-la-gendarmerie-nationale-ciblee-par-une-attaque-terroriste-4-blesses-legers-mdn\/#primaryimage","url":"https:\/\/www.info-algerie.com\/actualites\/wp-content\/uploads\/2017\/06\/90591f13ef10a6de2eb209fd30f001b1_S-1.jpg","contentUrl":"https:\/\/www.info-algerie.com\/actualites\/wp-content\/uploads\/2017\/06\/90591f13ef10a6de2eb209fd30f001b1_S-1.jpg","width":280,"height":158},{"@type":"BreadcrumbList","@id":"https:\/\/www.info-algerie.com\/actualites\/une-patrouille-de-la-gendarmerie-nationale-ciblee-par-une-attaque-terroriste-4-blesses-legers-mdn\/#breadcrumb","itemListElement":[{"@type":"ListItem","position":1,"name":"Accueil","item":"https:\/\/www.info-algerie.com\/actualites\/"},{"@type":"ListItem","position":2,"name":"Une patrouille de la Gendarmerie nationale cibl\u00e9e par une attaque terroriste: 4 bless\u00e9s l\u00e9gers (MDN)"}]},{"@type":"WebSite","@id":"https:\/\/www.info-algerie.com\/actualites\/#website","url":"https:\/\/www.info-algerie.com\/actualites\/","name":"info algerie","description":"Toutes les actualit\u00e9s","publisher":{"@id":"https:\/\/www.info-algerie.com\/actualites\/#organization"},"potentialAction":[{"@type":"SearchAction","target":{"@type":"EntryPoint","urlTemplate":"https:\/\/www.info-algerie.com\/actualites\/?s={search_term_string}"},"query-input":{"@type":"PropertyValueSpecification","valueRequired":true,"valueName":"search_term_string"}}],"inLanguage":"fr-FR"},{"@type":"Organization","@id":"https:\/\/www.info-algerie.com\/actualites\/#organization","name":"info algerie","url":"https:\/\/www.info-algerie.com\/actualites\/","logo":{"@type":"ImageObject","inLanguage":"fr-FR","@id":"https:\/\/www.info-algerie.com\/actualites\/#\/schema\/logo\/image\/","url":"https:\/\/www.info-algerie.com\/actualites\/wp-content\/uploads\/2022\/07\/logo-ia-120.png","contentUrl":"https:\/\/www.info-algerie.com\/actualites\/wp-content\/uploads\/2022\/07\/logo-ia-120.png","width":120,"height":43,"caption":"info algerie"},"image":{"@id":"https:\/\/www.info-algerie.com\/actualites\/#\/schema\/logo\/image\/"},"sameAs":["https:\/\/www.facebook.com\/infoalgerieactu","https:\/\/x.com\/infoalgerie1"]},{"@type":"Person","@id":"https:\/\/www.info-algerie.com\/actualites\/#\/schema\/person\/847aaec44920825b843a08f30ec6aa1e","name":"La r\u00e9daction","image":{"@type":"ImageObject","inLanguage":"fr-FR","@id":"https:\/\/secure.gravatar.com\/avatar\/769db425c6f465158149f1ffd6cf61ce7a8a879d11dfbef8288af36dfddd418c?s=96&d=mm&r=g","url":"https:\/\/secure.gravatar.com\/avatar\/769db425c6f465158149f1ffd6cf61ce7a8a879d11dfbef8288af36dfddd418c?s=96&d=mm&r=g","contentUrl":"https:\/\/secure.gravatar.com\/avatar\/769db425c6f465158149f1ffd6cf61ce7a8a879d11dfbef8288af36dfddd418c?s=96&d=mm&r=g","caption":"La r\u00e9daction"},"sameAs":["http:\/\/www.lkeria.com\/"],"url":"https:\/\/www.info-algerie.com\/actualites\/author\/chakib32\/"}]}},"_links":{"self":[{"href":"https:\/\/www.info-algerie.com\/actualites\/wp-json\/wp\/v2\/posts\/12755","targetHints":{"allow":["GET"]}}],"collection":[{"href":"https:\/\/www.info-algerie.com\/actualites\/wp-json\/wp\/v2\/posts"}],"about":[{"href":"https:\/\/www.info-algerie.com\/actualites\/wp-json\/wp\/v2\/types\/post"}],"author":[{"embeddable":true,"href":"https:\/\/www.info-algerie.com\/actualites\/wp-json\/wp\/v2\/users\/6"}],"replies":[{"embeddable":true,"href":"https:\/\/www.info-algerie.com\/actualites\/wp-json\/wp\/v2\/comments?post=12755"}],"version-history":[{"count":0,"href":"https:\/\/www.info-algerie.com\/actualites\/wp-json\/wp\/v2\/posts\/12755\/revisions"}],"wp:featuredmedia":[{"embeddable":true,"href":"https:\/\/www.info-algerie.com\/actualites\/wp-json\/wp\/v2\/media\/12756"}],"wp:attachment":[{"href":"https:\/\/www.info-algerie.com\/actualites\/wp-json\/wp\/v2\/media?parent=12755"}],"wp:term":[{"taxonomy":"category","embeddable":true,"href":"https:\/\/www.info-algerie.com\/actualites\/wp-json\/wp\/v2\/categories?post=12755"},{"taxonomy":"post_tag","embeddable":true,"href":"https:\/\/www.info-algerie.com\/actualites\/wp-json\/wp\/v2\/tags?post=12755"}],"curies":[{"name":"wp","href":"https:\/\/api.w.org\/{rel}","templated":true}]}}