{"id":12760,"date":"2017-06-01T17:00:09","date_gmt":"2017-06-01T16:00:09","guid":{"rendered":"http:\/\/www.info-algerie.com\/actualites\/lalgerie-condamne-lattaque-terroriste-dans-la-ville-nigerienne-dabala-mae\/"},"modified":"2017-06-01T17:00:09","modified_gmt":"2017-06-01T16:00:09","slug":"lalgerie-condamne-lattaque-terroriste-dans-la-ville-nigerienne-dabala-mae","status":"publish","type":"post","link":"https:\/\/www.info-algerie.com\/actualites\/lalgerie-condamne-lattaque-terroriste-dans-la-ville-nigerienne-dabala-mae\/","title":{"rendered":"L\u2019Alg\u00e9rie condamne l&#039;attaque terroriste dans la ville nig\u00e9rienne d\u2019Abala\u00a0 (MAE)"},"content":{"rendered":"<div class=\"K2FeedImage\"><img decoding=\"async\" src=\"https:\/\/www.info-algerie.com\/actualites\/wp-content\/uploads\/2017\/06\/ed9d9b205179b8b57b8a61214107e233_S.jpg\" alt=\"L&#x2019;Alg&#xE9;rie condamne l'attaque terroriste dans la ville nig&#xE9;rienne d&#x2019;Abala&#xA0; (MAE)\" \/><\/div>\n<div class=\"K2FeedIntroText\">\n<p>ALGER- L&rsquo;Alg\u00e9rie a condamn\u00e9 jeudi l\u2019attaque terroriste\u00a0 qui a cibl\u00e9 mercredi une position militaire de la ville nig\u00e9rienne d\u2019Abala\u00a0 faisant six victimes parmi les forces de s\u00e9curit\u00e9, tout en exprimant sa\u00a0 solidarit\u00e9 avec le peuple et le gouvernement nig\u00e9riens.<\/p>\n<p>&#013;\n<\/p><\/div>\n<div class=\"K2FeedFullText\">&#013;<\/p>\n<p>\u00ab\u00a0Les hordes terroristes, qui persistent dans leur funeste entreprise, ont\u00a0 frapp\u00e9 encore hier la ville d\u2019Abala au Niger pr\u00e8s de la fronti\u00e8re malienne\u00a0 faisant six victimes parmi les forces de s\u00e9curit\u00e9 nig\u00e9rienne\u00a0\u00bb, a d\u00e9clar\u00e9 \u00e0\u00a0 l&rsquo;APS, le porte-parole du minist\u00e8re des Affaires \u00e9trang\u00e8res, Abdelaziz\u00a0 Benali Cherif, \u00ab\u00a0Tout en exprimant notre solidarit\u00e9 avec le peuple et le gouvernement\u00a0 nig\u00e9riens, nous pr\u00e9sentons nos condol\u00e9ances aux familles des martyrs et\u00a0 saluons leurs sacrifices tout comme nous rendons un hommage appuy\u00e9 \u00e0 la\u00a0 r\u00e9sistance et au combat r\u00e9solus que m\u00e8nent l\u2019arm\u00e9e et les forces de\u00a0 s\u00e9curit\u00e9 nig\u00e9riennes contre le fl\u00e9au terroriste\u00a0\u00bb, a ajout\u00e9 le porte-parole du MAE.<\/p>\n<\/div>\n<p>&#013;<br \/>\nSource: <a href=\"http:\/\/www.aps.dz\/algerie\/58447-l-algerie-condamne-l-attaque-terroriste-dans-la-ville-nigerienne-d-abala-mae\" target=\"_blank\">L\u2019Alg\u00e9rie condamne l&rsquo;attaque terroriste dans la ville nig\u00e9rienne d\u2019Abala\u00a0 (MAE)<\/a><\/p>\n<!--CusAds0-->\n<div style=\"font-size: 0px; height: 0px; line-height: 0px; margin: 0; padding: 0; clear: both;\"><\/div>","protected":false},"excerpt":{"rendered":"<p>ALGER- L&rsquo;Alg\u00e9rie a condamn\u00e9 jeudi l\u2019attaque terroriste\u00a0 qui a cibl\u00e9 mercredi une position militaire de la ville nig\u00e9rienne d\u2019Abala\u00a0 faisant six victimes parmi les forces de s\u00e9curit\u00e9, tout en exprimant sa\u00a0 solidarit\u00e9 avec le peuple et le gouvernement nig\u00e9riens. &#013; &#013; \u00ab\u00a0Les hordes terroristes, qui persistent dans leur funeste entreprise, ont\u00a0 frapp\u00e9 encore hier la<\/p>\n","protected":false},"author":6,"featured_media":12761,"comment_status":"open","ping_status":"open","sticky":false,"template":"","format":"standard","meta":{"footnotes":""},"categories":[22],"tags":[93],"class_list":["post-12760","post","type-post","status-publish","format-standard","has-post-thumbnail","hentry","category-infos","tag-onu"],"yoast_head":"<!-- This site is optimized with the Yoast SEO plugin v27.5 - https:\/\/yoast.com\/product\/yoast-seo-wordpress\/ -->\n<title>L\u2019Alg\u00e9rie condamne l&#039;attaque terroriste dans la ville nig\u00e9rienne d\u2019Abala\u00a0 (MAE) - info algerie<\/title>\n<meta name=\"robots\" content=\"index, follow, max-snippet:-1, max-image-preview:large, max-video-preview:-1\" \/>\n<link rel=\"canonical\" href=\"https:\/\/www.info-algerie.com\/actualites\/lalgerie-condamne-lattaque-terroriste-dans-la-ville-nigerienne-dabala-mae\/\" \/>\n<meta property=\"og:locale\" content=\"fr_FR\" \/>\n<meta property=\"og:type\" content=\"article\" \/>\n<meta property=\"og:title\" content=\"L\u2019Alg\u00e9rie condamne l&#039;attaque terroriste dans la ville nig\u00e9rienne d\u2019Abala\u00a0 (MAE) - info algerie\" \/>\n<meta property=\"og:description\" content=\"ALGER- L&rsquo;Alg\u00e9rie a condamn\u00e9 jeudi l\u2019attaque terroriste\u00a0 qui a cibl\u00e9 mercredi une position militaire de la ville nig\u00e9rienne d\u2019Abala\u00a0 faisant six victimes parmi les forces de s\u00e9curit\u00e9, tout en exprimant sa\u00a0 solidarit\u00e9 avec le peuple et le gouvernement nig\u00e9riens. &#013; &#013; \u00ab\u00a0Les hordes terroristes, qui persistent dans leur funeste entreprise, ont\u00a0 frapp\u00e9 encore hier la\" \/>\n<meta property=\"og:url\" content=\"https:\/\/www.info-algerie.com\/actualites\/lalgerie-condamne-lattaque-terroriste-dans-la-ville-nigerienne-dabala-mae\/\" \/>\n<meta property=\"og:site_name\" content=\"info algerie\" \/>\n<meta property=\"article:publisher\" content=\"https:\/\/www.facebook.com\/infoalgerieactu\" \/>\n<meta property=\"article:published_time\" content=\"2017-06-01T16:00:09+00:00\" \/>\n<meta property=\"og:image\" content=\"https:\/\/www.info-algerie.com\/actualites\/wp-content\/uploads\/2017\/06\/ed9d9b205179b8b57b8a61214107e233_S-1.jpg\" \/>\n\t<meta property=\"og:image:width\" content=\"280\" \/>\n\t<meta property=\"og:image:height\" content=\"145\" \/>\n\t<meta property=\"og:image:type\" content=\"image\/jpeg\" \/>\n<meta name=\"author\" content=\"La r\u00e9daction\" \/>\n<meta name=\"twitter:label1\" content=\"\u00c9crit par\" \/>\n\t<meta name=\"twitter:data1\" content=\"La r\u00e9daction\" \/>\n\t<meta name=\"twitter:label2\" content=\"Dur\u00e9e de lecture estim\u00e9e\" \/>\n\t<meta name=\"twitter:data2\" content=\"1 minute\" \/>\n<script type=\"application\/ld+json\" class=\"yoast-schema-graph\">{\"@context\":\"https:\\\/\\\/schema.org\",\"@graph\":[{\"@type\":\"Article\",\"@id\":\"https:\\\/\\\/www.info-algerie.com\\\/actualites\\\/lalgerie-condamne-lattaque-terroriste-dans-la-ville-nigerienne-dabala-mae\\\/#article\",\"isPartOf\":{\"@id\":\"https:\\\/\\\/www.info-algerie.com\\\/actualites\\\/lalgerie-condamne-lattaque-terroriste-dans-la-ville-nigerienne-dabala-mae\\\/\"},\"author\":{\"name\":\"La r\u00e9daction\",\"@id\":\"https:\\\/\\\/www.info-algerie.com\\\/actualites\\\/#\\\/schema\\\/person\\\/847aaec44920825b843a08f30ec6aa1e\"},\"headline\":\"L\u2019Alg\u00e9rie condamne l&#039;attaque terroriste dans la ville nig\u00e9rienne d\u2019Abala\u00a0 (MAE)\",\"datePublished\":\"2017-06-01T16:00:09+00:00\",\"mainEntityOfPage\":{\"@id\":\"https:\\\/\\\/www.info-algerie.com\\\/actualites\\\/lalgerie-condamne-lattaque-terroriste-dans-la-ville-nigerienne-dabala-mae\\\/\"},\"wordCount\":198,\"commentCount\":0,\"publisher\":{\"@id\":\"https:\\\/\\\/www.info-algerie.com\\\/actualites\\\/#organization\"},\"image\":{\"@id\":\"https:\\\/\\\/www.info-algerie.com\\\/actualites\\\/lalgerie-condamne-lattaque-terroriste-dans-la-ville-nigerienne-dabala-mae\\\/#primaryimage\"},\"thumbnailUrl\":\"https:\\\/\\\/www.info-algerie.com\\\/actualites\\\/wp-content\\\/uploads\\\/2017\\\/06\\\/ed9d9b205179b8b57b8a61214107e233_S-1.jpg\",\"keywords\":[\"ONU\"],\"articleSection\":[\"infos\"],\"inLanguage\":\"fr-FR\",\"potentialAction\":[{\"@type\":\"CommentAction\",\"name\":\"Comment\",\"target\":[\"https:\\\/\\\/www.info-algerie.com\\\/actualites\\\/lalgerie-condamne-lattaque-terroriste-dans-la-ville-nigerienne-dabala-mae\\\/#respond\"]}]},{\"@type\":\"WebPage\",\"@id\":\"https:\\\/\\\/www.info-algerie.com\\\/actualites\\\/lalgerie-condamne-lattaque-terroriste-dans-la-ville-nigerienne-dabala-mae\\\/\",\"url\":\"https:\\\/\\\/www.info-algerie.com\\\/actualites\\\/lalgerie-condamne-lattaque-terroriste-dans-la-ville-nigerienne-dabala-mae\\\/\",\"name\":\"L\u2019Alg\u00e9rie condamne l&#039;attaque terroriste dans la ville nig\u00e9rienne d\u2019Abala\u00a0 (MAE) - info algerie\",\"isPartOf\":{\"@id\":\"https:\\\/\\\/www.info-algerie.com\\\/actualites\\\/#website\"},\"primaryImageOfPage\":{\"@id\":\"https:\\\/\\\/www.info-algerie.com\\\/actualites\\\/lalgerie-condamne-lattaque-terroriste-dans-la-ville-nigerienne-dabala-mae\\\/#primaryimage\"},\"image\":{\"@id\":\"https:\\\/\\\/www.info-algerie.com\\\/actualites\\\/lalgerie-condamne-lattaque-terroriste-dans-la-ville-nigerienne-dabala-mae\\\/#primaryimage\"},\"thumbnailUrl\":\"https:\\\/\\\/www.info-algerie.com\\\/actualites\\\/wp-content\\\/uploads\\\/2017\\\/06\\\/ed9d9b205179b8b57b8a61214107e233_S-1.jpg\",\"datePublished\":\"2017-06-01T16:00:09+00:00\",\"breadcrumb\":{\"@id\":\"https:\\\/\\\/www.info-algerie.com\\\/actualites\\\/lalgerie-condamne-lattaque-terroriste-dans-la-ville-nigerienne-dabala-mae\\\/#breadcrumb\"},\"inLanguage\":\"fr-FR\",\"potentialAction\":[{\"@type\":\"ReadAction\",\"target\":[\"https:\\\/\\\/www.info-algerie.com\\\/actualites\\\/lalgerie-condamne-lattaque-terroriste-dans-la-ville-nigerienne-dabala-mae\\\/\"]}]},{\"@type\":\"ImageObject\",\"inLanguage\":\"fr-FR\",\"@id\":\"https:\\\/\\\/www.info-algerie.com\\\/actualites\\\/lalgerie-condamne-lattaque-terroriste-dans-la-ville-nigerienne-dabala-mae\\\/#primaryimage\",\"url\":\"https:\\\/\\\/www.info-algerie.com\\\/actualites\\\/wp-content\\\/uploads\\\/2017\\\/06\\\/ed9d9b205179b8b57b8a61214107e233_S-1.jpg\",\"contentUrl\":\"https:\\\/\\\/www.info-algerie.com\\\/actualites\\\/wp-content\\\/uploads\\\/2017\\\/06\\\/ed9d9b205179b8b57b8a61214107e233_S-1.jpg\",\"width\":280,\"height\":145},{\"@type\":\"BreadcrumbList\",\"@id\":\"https:\\\/\\\/www.info-algerie.com\\\/actualites\\\/lalgerie-condamne-lattaque-terroriste-dans-la-ville-nigerienne-dabala-mae\\\/#breadcrumb\",\"itemListElement\":[{\"@type\":\"ListItem\",\"position\":1,\"name\":\"Accueil\",\"item\":\"https:\\\/\\\/www.info-algerie.com\\\/actualites\\\/\"},{\"@type\":\"ListItem\",\"position\":2,\"name\":\"L\u2019Alg\u00e9rie condamne l&#039;attaque terroriste dans la ville nig\u00e9rienne d\u2019Abala\u00a0 (MAE)\"}]},{\"@type\":\"WebSite\",\"@id\":\"https:\\\/\\\/www.info-algerie.com\\\/actualites\\\/#website\",\"url\":\"https:\\\/\\\/www.info-algerie.com\\\/actualites\\\/\",\"name\":\"info algerie\",\"description\":\"Toutes les actualit\u00e9s\",\"publisher\":{\"@id\":\"https:\\\/\\\/www.info-algerie.com\\\/actualites\\\/#organization\"},\"potentialAction\":[{\"@type\":\"SearchAction\",\"target\":{\"@type\":\"EntryPoint\",\"urlTemplate\":\"https:\\\/\\\/www.info-algerie.com\\\/actualites\\\/?s={search_term_string}\"},\"query-input\":{\"@type\":\"PropertyValueSpecification\",\"valueRequired\":true,\"valueName\":\"search_term_string\"}}],\"inLanguage\":\"fr-FR\"},{\"@type\":\"Organization\",\"@id\":\"https:\\\/\\\/www.info-algerie.com\\\/actualites\\\/#organization\",\"name\":\"info algerie\",\"url\":\"https:\\\/\\\/www.info-algerie.com\\\/actualites\\\/\",\"logo\":{\"@type\":\"ImageObject\",\"inLanguage\":\"fr-FR\",\"@id\":\"https:\\\/\\\/www.info-algerie.com\\\/actualites\\\/#\\\/schema\\\/logo\\\/image\\\/\",\"url\":\"https:\\\/\\\/www.info-algerie.com\\\/actualites\\\/wp-content\\\/uploads\\\/2022\\\/07\\\/logo-ia-120.png\",\"contentUrl\":\"https:\\\/\\\/www.info-algerie.com\\\/actualites\\\/wp-content\\\/uploads\\\/2022\\\/07\\\/logo-ia-120.png\",\"width\":120,\"height\":43,\"caption\":\"info algerie\"},\"image\":{\"@id\":\"https:\\\/\\\/www.info-algerie.com\\\/actualites\\\/#\\\/schema\\\/logo\\\/image\\\/\"},\"sameAs\":[\"https:\\\/\\\/www.facebook.com\\\/infoalgerieactu\",\"https:\\\/\\\/x.com\\\/infoalgerie1\"]},{\"@type\":\"Person\",\"@id\":\"https:\\\/\\\/www.info-algerie.com\\\/actualites\\\/#\\\/schema\\\/person\\\/847aaec44920825b843a08f30ec6aa1e\",\"name\":\"La r\u00e9daction\",\"image\":{\"@type\":\"ImageObject\",\"inLanguage\":\"fr-FR\",\"@id\":\"https:\\\/\\\/secure.gravatar.com\\\/avatar\\\/769db425c6f465158149f1ffd6cf61ce7a8a879d11dfbef8288af36dfddd418c?s=96&d=mm&r=g\",\"url\":\"https:\\\/\\\/secure.gravatar.com\\\/avatar\\\/769db425c6f465158149f1ffd6cf61ce7a8a879d11dfbef8288af36dfddd418c?s=96&d=mm&r=g\",\"contentUrl\":\"https:\\\/\\\/secure.gravatar.com\\\/avatar\\\/769db425c6f465158149f1ffd6cf61ce7a8a879d11dfbef8288af36dfddd418c?s=96&d=mm&r=g\",\"caption\":\"La r\u00e9daction\"},\"sameAs\":[\"http:\\\/\\\/www.lkeria.com\\\/\"],\"url\":\"https:\\\/\\\/www.info-algerie.com\\\/actualites\\\/author\\\/chakib32\\\/\"}]}<\/script>\n<!-- \/ Yoast SEO plugin. -->","yoast_head_json":{"title":"L\u2019Alg\u00e9rie condamne l&#039;attaque terroriste dans la ville nig\u00e9rienne d\u2019Abala\u00a0 (MAE) - info algerie","robots":{"index":"index","follow":"follow","max-snippet":"max-snippet:-1","max-image-preview":"max-image-preview:large","max-video-preview":"max-video-preview:-1"},"canonical":"https:\/\/www.info-algerie.com\/actualites\/lalgerie-condamne-lattaque-terroriste-dans-la-ville-nigerienne-dabala-mae\/","og_locale":"fr_FR","og_type":"article","og_title":"L\u2019Alg\u00e9rie condamne l&#039;attaque terroriste dans la ville nig\u00e9rienne d\u2019Abala\u00a0 (MAE) - info algerie","og_description":"ALGER- L&rsquo;Alg\u00e9rie a condamn\u00e9 jeudi l\u2019attaque terroriste\u00a0 qui a cibl\u00e9 mercredi une position militaire de la ville nig\u00e9rienne d\u2019Abala\u00a0 faisant six victimes parmi les forces de s\u00e9curit\u00e9, tout en exprimant sa\u00a0 solidarit\u00e9 avec le peuple et le gouvernement nig\u00e9riens. &#013; &#013; \u00ab\u00a0Les hordes terroristes, qui persistent dans leur funeste entreprise, ont\u00a0 frapp\u00e9 encore hier la","og_url":"https:\/\/www.info-algerie.com\/actualites\/lalgerie-condamne-lattaque-terroriste-dans-la-ville-nigerienne-dabala-mae\/","og_site_name":"info algerie","article_publisher":"https:\/\/www.facebook.com\/infoalgerieactu","article_published_time":"2017-06-01T16:00:09+00:00","og_image":[{"width":280,"height":145,"url":"https:\/\/www.info-algerie.com\/actualites\/wp-content\/uploads\/2017\/06\/ed9d9b205179b8b57b8a61214107e233_S-1.jpg","type":"image\/jpeg"}],"author":"La r\u00e9daction","twitter_misc":{"\u00c9crit par":"La r\u00e9daction","Dur\u00e9e de lecture estim\u00e9e":"1 minute"},"schema":{"@context":"https:\/\/schema.org","@graph":[{"@type":"Article","@id":"https:\/\/www.info-algerie.com\/actualites\/lalgerie-condamne-lattaque-terroriste-dans-la-ville-nigerienne-dabala-mae\/#article","isPartOf":{"@id":"https:\/\/www.info-algerie.com\/actualites\/lalgerie-condamne-lattaque-terroriste-dans-la-ville-nigerienne-dabala-mae\/"},"author":{"name":"La r\u00e9daction","@id":"https:\/\/www.info-algerie.com\/actualites\/#\/schema\/person\/847aaec44920825b843a08f30ec6aa1e"},"headline":"L\u2019Alg\u00e9rie condamne l&#039;attaque terroriste dans la ville nig\u00e9rienne d\u2019Abala\u00a0 (MAE)","datePublished":"2017-06-01T16:00:09+00:00","mainEntityOfPage":{"@id":"https:\/\/www.info-algerie.com\/actualites\/lalgerie-condamne-lattaque-terroriste-dans-la-ville-nigerienne-dabala-mae\/"},"wordCount":198,"commentCount":0,"publisher":{"@id":"https:\/\/www.info-algerie.com\/actualites\/#organization"},"image":{"@id":"https:\/\/www.info-algerie.com\/actualites\/lalgerie-condamne-lattaque-terroriste-dans-la-ville-nigerienne-dabala-mae\/#primaryimage"},"thumbnailUrl":"https:\/\/www.info-algerie.com\/actualites\/wp-content\/uploads\/2017\/06\/ed9d9b205179b8b57b8a61214107e233_S-1.jpg","keywords":["ONU"],"articleSection":["infos"],"inLanguage":"fr-FR","potentialAction":[{"@type":"CommentAction","name":"Comment","target":["https:\/\/www.info-algerie.com\/actualites\/lalgerie-condamne-lattaque-terroriste-dans-la-ville-nigerienne-dabala-mae\/#respond"]}]},{"@type":"WebPage","@id":"https:\/\/www.info-algerie.com\/actualites\/lalgerie-condamne-lattaque-terroriste-dans-la-ville-nigerienne-dabala-mae\/","url":"https:\/\/www.info-algerie.com\/actualites\/lalgerie-condamne-lattaque-terroriste-dans-la-ville-nigerienne-dabala-mae\/","name":"L\u2019Alg\u00e9rie condamne l&#039;attaque terroriste dans la ville nig\u00e9rienne d\u2019Abala\u00a0 (MAE) - info algerie","isPartOf":{"@id":"https:\/\/www.info-algerie.com\/actualites\/#website"},"primaryImageOfPage":{"@id":"https:\/\/www.info-algerie.com\/actualites\/lalgerie-condamne-lattaque-terroriste-dans-la-ville-nigerienne-dabala-mae\/#primaryimage"},"image":{"@id":"https:\/\/www.info-algerie.com\/actualites\/lalgerie-condamne-lattaque-terroriste-dans-la-ville-nigerienne-dabala-mae\/#primaryimage"},"thumbnailUrl":"https:\/\/www.info-algerie.com\/actualites\/wp-content\/uploads\/2017\/06\/ed9d9b205179b8b57b8a61214107e233_S-1.jpg","datePublished":"2017-06-01T16:00:09+00:00","breadcrumb":{"@id":"https:\/\/www.info-algerie.com\/actualites\/lalgerie-condamne-lattaque-terroriste-dans-la-ville-nigerienne-dabala-mae\/#breadcrumb"},"inLanguage":"fr-FR","potentialAction":[{"@type":"ReadAction","target":["https:\/\/www.info-algerie.com\/actualites\/lalgerie-condamne-lattaque-terroriste-dans-la-ville-nigerienne-dabala-mae\/"]}]},{"@type":"ImageObject","inLanguage":"fr-FR","@id":"https:\/\/www.info-algerie.com\/actualites\/lalgerie-condamne-lattaque-terroriste-dans-la-ville-nigerienne-dabala-mae\/#primaryimage","url":"https:\/\/www.info-algerie.com\/actualites\/wp-content\/uploads\/2017\/06\/ed9d9b205179b8b57b8a61214107e233_S-1.jpg","contentUrl":"https:\/\/www.info-algerie.com\/actualites\/wp-content\/uploads\/2017\/06\/ed9d9b205179b8b57b8a61214107e233_S-1.jpg","width":280,"height":145},{"@type":"BreadcrumbList","@id":"https:\/\/www.info-algerie.com\/actualites\/lalgerie-condamne-lattaque-terroriste-dans-la-ville-nigerienne-dabala-mae\/#breadcrumb","itemListElement":[{"@type":"ListItem","position":1,"name":"Accueil","item":"https:\/\/www.info-algerie.com\/actualites\/"},{"@type":"ListItem","position":2,"name":"L\u2019Alg\u00e9rie condamne l&#039;attaque terroriste dans la ville nig\u00e9rienne d\u2019Abala\u00a0 (MAE)"}]},{"@type":"WebSite","@id":"https:\/\/www.info-algerie.com\/actualites\/#website","url":"https:\/\/www.info-algerie.com\/actualites\/","name":"info algerie","description":"Toutes les actualit\u00e9s","publisher":{"@id":"https:\/\/www.info-algerie.com\/actualites\/#organization"},"potentialAction":[{"@type":"SearchAction","target":{"@type":"EntryPoint","urlTemplate":"https:\/\/www.info-algerie.com\/actualites\/?s={search_term_string}"},"query-input":{"@type":"PropertyValueSpecification","valueRequired":true,"valueName":"search_term_string"}}],"inLanguage":"fr-FR"},{"@type":"Organization","@id":"https:\/\/www.info-algerie.com\/actualites\/#organization","name":"info algerie","url":"https:\/\/www.info-algerie.com\/actualites\/","logo":{"@type":"ImageObject","inLanguage":"fr-FR","@id":"https:\/\/www.info-algerie.com\/actualites\/#\/schema\/logo\/image\/","url":"https:\/\/www.info-algerie.com\/actualites\/wp-content\/uploads\/2022\/07\/logo-ia-120.png","contentUrl":"https:\/\/www.info-algerie.com\/actualites\/wp-content\/uploads\/2022\/07\/logo-ia-120.png","width":120,"height":43,"caption":"info algerie"},"image":{"@id":"https:\/\/www.info-algerie.com\/actualites\/#\/schema\/logo\/image\/"},"sameAs":["https:\/\/www.facebook.com\/infoalgerieactu","https:\/\/x.com\/infoalgerie1"]},{"@type":"Person","@id":"https:\/\/www.info-algerie.com\/actualites\/#\/schema\/person\/847aaec44920825b843a08f30ec6aa1e","name":"La r\u00e9daction","image":{"@type":"ImageObject","inLanguage":"fr-FR","@id":"https:\/\/secure.gravatar.com\/avatar\/769db425c6f465158149f1ffd6cf61ce7a8a879d11dfbef8288af36dfddd418c?s=96&d=mm&r=g","url":"https:\/\/secure.gravatar.com\/avatar\/769db425c6f465158149f1ffd6cf61ce7a8a879d11dfbef8288af36dfddd418c?s=96&d=mm&r=g","contentUrl":"https:\/\/secure.gravatar.com\/avatar\/769db425c6f465158149f1ffd6cf61ce7a8a879d11dfbef8288af36dfddd418c?s=96&d=mm&r=g","caption":"La r\u00e9daction"},"sameAs":["http:\/\/www.lkeria.com\/"],"url":"https:\/\/www.info-algerie.com\/actualites\/author\/chakib32\/"}]}},"_links":{"self":[{"href":"https:\/\/www.info-algerie.com\/actualites\/wp-json\/wp\/v2\/posts\/12760","targetHints":{"allow":["GET"]}}],"collection":[{"href":"https:\/\/www.info-algerie.com\/actualites\/wp-json\/wp\/v2\/posts"}],"about":[{"href":"https:\/\/www.info-algerie.com\/actualites\/wp-json\/wp\/v2\/types\/post"}],"author":[{"embeddable":true,"href":"https:\/\/www.info-algerie.com\/actualites\/wp-json\/wp\/v2\/users\/6"}],"replies":[{"embeddable":true,"href":"https:\/\/www.info-algerie.com\/actualites\/wp-json\/wp\/v2\/comments?post=12760"}],"version-history":[{"count":0,"href":"https:\/\/www.info-algerie.com\/actualites\/wp-json\/wp\/v2\/posts\/12760\/revisions"}],"wp:featuredmedia":[{"embeddable":true,"href":"https:\/\/www.info-algerie.com\/actualites\/wp-json\/wp\/v2\/media\/12761"}],"wp:attachment":[{"href":"https:\/\/www.info-algerie.com\/actualites\/wp-json\/wp\/v2\/media?parent=12760"}],"wp:term":[{"taxonomy":"category","embeddable":true,"href":"https:\/\/www.info-algerie.com\/actualites\/wp-json\/wp\/v2\/categories?post=12760"},{"taxonomy":"post_tag","embeddable":true,"href":"https:\/\/www.info-algerie.com\/actualites\/wp-json\/wp\/v2\/tags?post=12760"}],"curies":[{"name":"wp","href":"https:\/\/api.w.org\/{rel}","templated":true}]}}