{"id":12766,"date":"2017-06-02T14:23:41","date_gmt":"2017-06-02T13:23:41","guid":{"rendered":"http:\/\/www.info-algerie.com\/actualites\/la-question-du-sahara-occidental-occupe-et-ses-similitudes-avec-le-timor-oriental-theme-dune-conference-a-lisbonne\/"},"modified":"2017-06-02T14:23:41","modified_gmt":"2017-06-02T13:23:41","slug":"la-question-du-sahara-occidental-occupe-et-ses-similitudes-avec-le-timor-oriental-theme-dune-conference-a-lisbonne","status":"publish","type":"post","link":"https:\/\/www.info-algerie.com\/actualites\/la-question-du-sahara-occidental-occupe-et-ses-similitudes-avec-le-timor-oriental-theme-dune-conference-a-lisbonne\/","title":{"rendered":"La question du Sahara occidental occup\u00e9 et ses similitudes avec le\u00a0Timor-oriental th\u00e8me d&#039;une conf\u00e9rence \u00e0 Lisbonne"},"content":{"rendered":"<div class=\"K2FeedIntroText\">\n<p>LISBONNE &#8211; La question du Sahara occidental occup\u00e9 et\u00a0 ses similitudes avec le\u00a0 Timor-oriental a \u00e9t\u00e9 au centre d&rsquo;une conf\u00e9rence internationale tenue\u00a0 r\u00e9cemment dans la capitale portugaise, Lisbonne, o\u00f9 les participants\u00a0 ont\u00a0 mis l&rsquo;accent sur la pers\u00e9v\u00e9rance et la solidarit\u00e9 internationale pour\u00a0 arracher l&rsquo;ind\u00e9pendance.<\/p>\n<p>&#013;\n<\/p><\/div>\n<div class=\"K2FeedFullText\">&#013;<\/p>\n<p>Ouvrant cette conf\u00e9rence organis\u00e9e lundi et mardi dernier au si\u00e8ge du\u00a0 Parlement portugais par la plateforme des juristes pour \u00ab\u00a0Timor-Leste\u00a0\u00bb \u00e0\u00a0 l&rsquo;occasion de sa 25eme ann\u00e9e d&rsquo;existence, le vice-pr\u00e9sident du parlement\u00a0 portugais, Jorge Lacao, a rappel\u00e9 son soutien au droit \u00e0\u00a0 l&rsquo;autod\u00e9termination des peuples du Sahara occidental et de Palestine.<\/p>\n<p>&#013;<\/p>\n<p>Intervenant \u00e0 la cl\u00f4ture des d\u00e9bats de la premi\u00e8re journ\u00e9e, l&rsquo;ex-pr\u00e9sident\u00a0 de Timor Xanana Xusmao a \u00e9galement r\u00e9affirm\u00e9 \u00ab\u00a0le soutien total de son pays\u00a0 \u00e0 la lutte du peuple sahraoui pour son ind\u00e9pendance\u00a0\u00bb, appelant le peuple\u00a0 sahraoui \u00e0 la r\u00e9sistance. \u00ab\u00a0seule la r\u00e9sistance int\u00e9rieure peut faire la\u00a0 diff\u00e9rence. Comptez avant tout sur la r\u00e9sistance int\u00e9rieure\u00a0\u00bb, a- dit M.\u00a0 Xusmao.<\/p>\n<p>&#013;<\/p>\n<p>Au cours de son intervention consacr\u00e9e \u00e0 la g\u00e9opolitique et l&rsquo;ordre l\u00e9gal,\u00a0 Jos\u00e9 Manuel Pureza, vice-pr\u00e9sident du parlement portugais, s&rsquo;est, pour sa\u00a0 part,\u00a0 r\u00e9f\u00e9r\u00e9 \u00e0 plusieurs reprises \u00e0 la question du Sahara occidental. Il a rappel\u00e9 que \u00ab\u00a0la pers\u00e9v\u00e9rance et la d\u00e9termination ajout\u00e9es \u00e0 la\u00a0 l\u00e9galit\u00e9 de la cause finissent toujours par faire la diff\u00e9rence. Aujourd&rsquo;hui Timor est un pays ind\u00e9pendant comme demain le Sahara occidental\u00a0 et la Palestine jouiront de leur droit l\u00e9gitime \u00e0 l&rsquo;autod\u00e9termination\u00a0\u00bb,\u00a0 a-t-il soulign\u00e9.<\/p>\n<p>&#013;<\/p>\n<p>\u00ab\u00a0Le temps est en faveur du peuple du Sahara occidental. Notre r\u00f4le, le\u00a0 r\u00f4le de la solidarit\u00e9 internationale est de briser le silence que veulent\u00a0 imposer les occupants et donner encore plus de visibilit\u00e9 \u00e0 la cause du\u00a0 peuple sahraoui comme nous avons fait pour le Timor\u00a0\u00bb qui a acc\u00e9d\u00e9 \u00e0\u00a0 l&rsquo;ind\u00e9pendance apr\u00e8s le r\u00e9f\u00e9rendum supervis\u00e9 par les Nations Unies en 1999,\u00a0 a-t-il soutenu .Quant au Professeur Lauri Hannikainen de l&rsquo;Universit\u00e9 de Helsinki, il a\u00a0 intervenu sur le th\u00e8me relatif aux \u00ab\u00a0graves violations du droit\u00a0 international\u00a0\u00bb, prenant comme exemple les cas du Sahara occidental, Timor\u00a0 et de la Palestine.<\/p>\n<p>&#013;<\/p>\n<p>\u00ab\u00a0Certainement, dit-il, le Maroc et Isra\u00ebl feront tout pour maintenir\u00a0 l&rsquo;occupation des territoires qu&rsquo;ils contr\u00f4lent au Sahara occidental et en\u00a0 Palestine, mais les avanc\u00e9es ces derni\u00e8res ann\u00e9es au niveau international\u00a0 mettent en difficult\u00e9 cet \u00e9tat des faits\u00a0\u00bb.<\/p>\n<p>&#013;<\/p>\n<p>\u00ab\u00a0Pour la Sahara occidental, la derni\u00e8re d\u00e9cision de la Cour europ\u00e9enne de\u00a0 Justice qui statue que les accords entre l&rsquo;Union Europ\u00e9enne (UE) et le\u00a0 Maroc ne doivent pas inclure le Sahara occidental est une bonne nouvelle.\u00a0 Cela veut dire que l&rsquo;Europe doit mettre un terme \u00e0 son soutien au Maroc. Cela cr\u00e9e l&rsquo;espoir que l&rsquo;Europe va soutenir les droits l\u00e9gitimes du peuple\u00a0 sahraoui\u00a0\u00bb, a-t-il ajout\u00e9.<\/p>\n<p>&#013;<\/p>\n<p>De M\u00eame, le pr\u00e9sident de l\u2019observateur des ressources naturelles du Sahara\u00a0 occidental, Erik Hagen, a \u00e9voqu\u00e9\u00a0 le pillage des ressources naturelles\u00a0 sahraouies, soulignant en particulier \u00ab\u00a0la responsabilit\u00e9 de l\u2019Europe\u00a0\u00bb. Il a\u00a0 regrett\u00e9 dans ce contexte le fait que certaines soci\u00e9t\u00e9s portugaises\u00a0 importent des tomates, du poisson et surtout du sable pour les plages de\u00a0 l\u2019ile de Madeira.<\/p>\n<p>&#013;<\/p>\n<p>Kathlyn Thomas, ancienne charg\u00e9e des affaires l\u00e9gales \u00e0 la MINURSO et\u00a0 membre du Conseil des affaires internationales de l\u2019Association des\u00a0 juristes \u00ab\u00a0Bar Association\u00a0\u00bb de New York a, quant-\u00e0-elle, soulign\u00e9 des\u00a0 aspects l\u00e9gaux et des ramifications politiques du conflit. Elle a rappel\u00e9 \u00ab\u00a0les entraves \u00e9rig\u00e9s par le Maroc au processus d\u2019identification dans le but\u00a0 de bloquer le processus r\u00e9f\u00e9rendaire et retarder la d\u00e9colonisation du\u00a0 Sahara occidental\u00a0\u00bb.<\/p>\n<p>&#013;<\/p>\n<p>\u00a0<\/p>\n<p>&#013;<\/p>\n<p>R\u00f4le de l&rsquo;UE, blocages marocains et d\u00e9termination\u00a0 sahraouie<\/p>\n<p>&#013;<\/p>\n<p>\u00a0<\/p>\n<p>&#013;<\/p>\n<p>Les Professeurs Clive Symmons de \u00ab\u00a0Trinity College\u00a0\u00bb de Dublin en Irlande,\u00a0 Manfred Hinz de l\u2019Universit\u00e9 de Bremen en Allemagne et\u00a0 Rui Moura Ramos de\u00a0 l\u2019Universit\u00e9 de Coimbra au Portugal ont trait\u00e9 de la position de l\u2019Europe\u00a0 et le besoin de l\u2019implication de l\u2019UE pour contribuer \u00e0 une solution\u00a0 conforme au droit international \u00e0 la question du Sahara occidental.<\/p>\n<p>&#013;<\/p>\n<p>Ils ont \u00e0 cet \u00e9gard demand\u00e9 aux pays membres de l\u2019UE de respecter la d\u00e9cision de la\u00a0 Cour de Justice Europ\u00e9enne du 21 d\u00e9cembre relative au Sahara occidental qui\u00a0 stipule l\u2019exclusion de ce territoire du champ d\u2019application de tout accord\u00a0 entre l\u2019UE et le Maroc. \u00ab\u00a0Le consentement du peuple du Sahara occidental \u00e0\u00a0 travers son repr\u00e9sentant le Front Polisario est fondamental et\u00a0 incontournable\u00a0\u00bb ont martel\u00e9 les deux orateurs.<\/p>\n<p>&#013;<\/p>\n<p>De son c\u00f4t\u00e9, Mhamed Khadad, coordinateur avec la MINURSO (Mission des\u00a0 Nations-Unies pour l&rsquo;organisation du r\u00e9f\u00e9rendum au Sahara Occidental) a mis\u00a0 en relief \u00ab\u00a0le blocage marocain, les 25 ann\u00e9es \u00e9coul\u00e9es, de toutes les\u00a0 initiatives onusiennes\u00a0\u00bb tout en pr\u00e9cisant aussi \u00ab\u00a0la d\u00e9mission du Conseil de\u00a0 s\u00e9curit\u00e9 de ses responsabilit\u00e9s manquant de fermet\u00e9 face \u00e0 l&rsquo;intransigeance\u00a0 de Rabat\u00a0\u00bb.<\/p>\n<p>&#013;<\/p>\n<p>\u00ab\u00a0Malgr\u00e9 l&rsquo;\u00e9chec des Nations Unies \u00e0 tenir leurs engagements, le peuple\u00a0 sahraoui reste confiant dans le triomphe de sa cause comme ce fut hier le\u00a0 cas pour le peuple de Timor. Grace aux efforts de notre peuple et de ceux\u00a0 de nos amis \u00e0 travers le monde nous imposerons in\u00e9luctablement\u00a0 le respect\u00a0 des droits inali\u00e9nables de notre peuple \u00e0 l&rsquo;autod\u00e9termination et \u00e0\u00a0 l&rsquo;ind\u00e9pendance\u00a0\u00bb, a-t-il dit.<\/p>\n<p>&#013;<\/p>\n<p>Au terme des travaux, la conf\u00e9rence a adress\u00e9 une lettre au Secr\u00e9taire\u00a0 g\u00e9n\u00e9ral des Nations Unies, Antonio Guterres, lui rappelant les similitudes\u00a0 entre le Sahara occidental et Timor-Leste, l&rsquo;exhortant \u00e0 s&rsquo;investir\u00a0 personnellement pour le triomphe de la justice et de la l\u00e9galit\u00e9 au Timor.<\/p>\n<p>&#013;<\/p>\n<p>\u00a0<\/p>\n<p>&#013;<\/p>\n<p>Les participants ont \u00e9galement appel\u00e9 le Secr\u00e9taire g\u00e9n\u00e9ral de l\u2019ONU \u00e0\u00a0 \u00ab\u00a0tout faire pour mettre un terme \u00e0 l\u2019injustice impos\u00e9e, depuis plus de\u00a0 quatre d\u00e9cennies, au peuple sahraoui ce qui implique le respect et\u00a0 l\u2019application des r\u00e9solutions de l\u2019ONU qui soutiennent le droit inali\u00e9nable\u00a0 du peuple sahraoui \u00e0 l\u2019autod\u00e9termination\u00a0\u00bb.<\/p>\n<\/div>\n<p>&#013;<br \/>\nSource: <a href=\"http:\/\/www.aps.dz\/algerie\/58455-la-question-du-sahara-occidental-occupe-et-ses-similitudes-avec-le-timor-oriental-theme-d-une-conference-a-lisbonne\" target=\"_blank\">La question du Sahara occidental occup\u00e9 et ses similitudes avec le\u00a0Timor-oriental th\u00e8me d&rsquo;une conf\u00e9rence \u00e0 Lisbonne<\/a><\/p>\n<!--CusAds0-->\n<div style=\"font-size: 0px; height: 0px; line-height: 0px; margin: 0; padding: 0; clear: both;\"><\/div>","protected":false},"excerpt":{"rendered":"<p>LISBONNE &#8211; La question du Sahara occidental occup\u00e9 et\u00a0 ses similitudes avec le\u00a0 Timor-oriental a \u00e9t\u00e9 au centre d&rsquo;une conf\u00e9rence internationale tenue\u00a0 r\u00e9cemment dans la capitale portugaise, Lisbonne, o\u00f9 les participants\u00a0 ont\u00a0 mis l&rsquo;accent sur la pers\u00e9v\u00e9rance et la solidarit\u00e9 internationale pour\u00a0 arracher l&rsquo;ind\u00e9pendance. &#013; &#013; Ouvrant cette conf\u00e9rence organis\u00e9e lundi et mardi dernier au<\/p>\n","protected":false},"author":6,"featured_media":0,"comment_status":"open","ping_status":"open","sticky":false,"template":"","format":"standard","meta":{"footnotes":""},"categories":[22],"tags":[93],"class_list":["post-12766","post","type-post","status-publish","format-standard","hentry","category-infos","tag-onu"],"yoast_head":"<!-- This site is optimized with the Yoast SEO plugin v27.5 - https:\/\/yoast.com\/product\/yoast-seo-wordpress\/ -->\n<title>La question du Sahara occidental occup\u00e9 et ses similitudes avec le\u00a0Timor-oriental th\u00e8me d&#039;une conf\u00e9rence \u00e0 Lisbonne - info algerie<\/title>\n<meta name=\"robots\" content=\"index, follow, max-snippet:-1, max-image-preview:large, max-video-preview:-1\" \/>\n<link rel=\"canonical\" href=\"https:\/\/www.info-algerie.com\/actualites\/la-question-du-sahara-occidental-occupe-et-ses-similitudes-avec-le-timor-oriental-theme-dune-conference-a-lisbonne\/\" \/>\n<meta property=\"og:locale\" content=\"fr_FR\" \/>\n<meta property=\"og:type\" content=\"article\" \/>\n<meta property=\"og:title\" content=\"La question du Sahara occidental occup\u00e9 et ses similitudes avec le\u00a0Timor-oriental th\u00e8me d&#039;une conf\u00e9rence \u00e0 Lisbonne - info algerie\" \/>\n<meta property=\"og:description\" content=\"LISBONNE &#8211; La question du Sahara occidental occup\u00e9 et\u00a0 ses similitudes avec le\u00a0 Timor-oriental a \u00e9t\u00e9 au centre d&rsquo;une conf\u00e9rence internationale tenue\u00a0 r\u00e9cemment dans la capitale portugaise, Lisbonne, o\u00f9 les participants\u00a0 ont\u00a0 mis l&rsquo;accent sur la pers\u00e9v\u00e9rance et la solidarit\u00e9 internationale pour\u00a0 arracher l&rsquo;ind\u00e9pendance. &#013; &#013; Ouvrant cette conf\u00e9rence organis\u00e9e lundi et mardi dernier au\" \/>\n<meta property=\"og:url\" content=\"https:\/\/www.info-algerie.com\/actualites\/la-question-du-sahara-occidental-occupe-et-ses-similitudes-avec-le-timor-oriental-theme-dune-conference-a-lisbonne\/\" \/>\n<meta property=\"og:site_name\" content=\"info algerie\" \/>\n<meta property=\"article:publisher\" content=\"https:\/\/www.facebook.com\/infoalgerieactu\" \/>\n<meta property=\"article:published_time\" content=\"2017-06-02T13:23:41+00:00\" \/>\n<meta name=\"author\" content=\"La r\u00e9daction\" \/>\n<meta name=\"twitter:label1\" content=\"\u00c9crit par\" \/>\n\t<meta name=\"twitter:data1\" content=\"La r\u00e9daction\" \/>\n\t<meta name=\"twitter:label2\" content=\"Dur\u00e9e de lecture estim\u00e9e\" \/>\n\t<meta name=\"twitter:data2\" content=\"5 minutes\" \/>\n<script type=\"application\/ld+json\" class=\"yoast-schema-graph\">{\"@context\":\"https:\\\/\\\/schema.org\",\"@graph\":[{\"@type\":\"Article\",\"@id\":\"https:\\\/\\\/www.info-algerie.com\\\/actualites\\\/la-question-du-sahara-occidental-occupe-et-ses-similitudes-avec-le-timor-oriental-theme-dune-conference-a-lisbonne\\\/#article\",\"isPartOf\":{\"@id\":\"https:\\\/\\\/www.info-algerie.com\\\/actualites\\\/la-question-du-sahara-occidental-occupe-et-ses-similitudes-avec-le-timor-oriental-theme-dune-conference-a-lisbonne\\\/\"},\"author\":{\"name\":\"La r\u00e9daction\",\"@id\":\"https:\\\/\\\/www.info-algerie.com\\\/actualites\\\/#\\\/schema\\\/person\\\/847aaec44920825b843a08f30ec6aa1e\"},\"headline\":\"La question du Sahara occidental occup\u00e9 et ses similitudes avec le\u00a0Timor-oriental th\u00e8me d&#039;une conf\u00e9rence \u00e0 Lisbonne\",\"datePublished\":\"2017-06-02T13:23:41+00:00\",\"mainEntityOfPage\":{\"@id\":\"https:\\\/\\\/www.info-algerie.com\\\/actualites\\\/la-question-du-sahara-occidental-occupe-et-ses-similitudes-avec-le-timor-oriental-theme-dune-conference-a-lisbonne\\\/\"},\"wordCount\":1059,\"commentCount\":0,\"publisher\":{\"@id\":\"https:\\\/\\\/www.info-algerie.com\\\/actualites\\\/#organization\"},\"keywords\":[\"ONU\"],\"articleSection\":[\"infos\"],\"inLanguage\":\"fr-FR\",\"potentialAction\":[{\"@type\":\"CommentAction\",\"name\":\"Comment\",\"target\":[\"https:\\\/\\\/www.info-algerie.com\\\/actualites\\\/la-question-du-sahara-occidental-occupe-et-ses-similitudes-avec-le-timor-oriental-theme-dune-conference-a-lisbonne\\\/#respond\"]}]},{\"@type\":\"WebPage\",\"@id\":\"https:\\\/\\\/www.info-algerie.com\\\/actualites\\\/la-question-du-sahara-occidental-occupe-et-ses-similitudes-avec-le-timor-oriental-theme-dune-conference-a-lisbonne\\\/\",\"url\":\"https:\\\/\\\/www.info-algerie.com\\\/actualites\\\/la-question-du-sahara-occidental-occupe-et-ses-similitudes-avec-le-timor-oriental-theme-dune-conference-a-lisbonne\\\/\",\"name\":\"La question du Sahara occidental occup\u00e9 et ses similitudes avec le\u00a0Timor-oriental th\u00e8me d&#039;une conf\u00e9rence \u00e0 Lisbonne - info algerie\",\"isPartOf\":{\"@id\":\"https:\\\/\\\/www.info-algerie.com\\\/actualites\\\/#website\"},\"datePublished\":\"2017-06-02T13:23:41+00:00\",\"breadcrumb\":{\"@id\":\"https:\\\/\\\/www.info-algerie.com\\\/actualites\\\/la-question-du-sahara-occidental-occupe-et-ses-similitudes-avec-le-timor-oriental-theme-dune-conference-a-lisbonne\\\/#breadcrumb\"},\"inLanguage\":\"fr-FR\",\"potentialAction\":[{\"@type\":\"ReadAction\",\"target\":[\"https:\\\/\\\/www.info-algerie.com\\\/actualites\\\/la-question-du-sahara-occidental-occupe-et-ses-similitudes-avec-le-timor-oriental-theme-dune-conference-a-lisbonne\\\/\"]}]},{\"@type\":\"BreadcrumbList\",\"@id\":\"https:\\\/\\\/www.info-algerie.com\\\/actualites\\\/la-question-du-sahara-occidental-occupe-et-ses-similitudes-avec-le-timor-oriental-theme-dune-conference-a-lisbonne\\\/#breadcrumb\",\"itemListElement\":[{\"@type\":\"ListItem\",\"position\":1,\"name\":\"Accueil\",\"item\":\"https:\\\/\\\/www.info-algerie.com\\\/actualites\\\/\"},{\"@type\":\"ListItem\",\"position\":2,\"name\":\"La question du Sahara occidental occup\u00e9 et ses similitudes avec le\u00a0Timor-oriental th\u00e8me d&#039;une conf\u00e9rence \u00e0 Lisbonne\"}]},{\"@type\":\"WebSite\",\"@id\":\"https:\\\/\\\/www.info-algerie.com\\\/actualites\\\/#website\",\"url\":\"https:\\\/\\\/www.info-algerie.com\\\/actualites\\\/\",\"name\":\"info algerie\",\"description\":\"Toutes les actualit\u00e9s\",\"publisher\":{\"@id\":\"https:\\\/\\\/www.info-algerie.com\\\/actualites\\\/#organization\"},\"potentialAction\":[{\"@type\":\"SearchAction\",\"target\":{\"@type\":\"EntryPoint\",\"urlTemplate\":\"https:\\\/\\\/www.info-algerie.com\\\/actualites\\\/?s={search_term_string}\"},\"query-input\":{\"@type\":\"PropertyValueSpecification\",\"valueRequired\":true,\"valueName\":\"search_term_string\"}}],\"inLanguage\":\"fr-FR\"},{\"@type\":\"Organization\",\"@id\":\"https:\\\/\\\/www.info-algerie.com\\\/actualites\\\/#organization\",\"name\":\"info algerie\",\"url\":\"https:\\\/\\\/www.info-algerie.com\\\/actualites\\\/\",\"logo\":{\"@type\":\"ImageObject\",\"inLanguage\":\"fr-FR\",\"@id\":\"https:\\\/\\\/www.info-algerie.com\\\/actualites\\\/#\\\/schema\\\/logo\\\/image\\\/\",\"url\":\"https:\\\/\\\/www.info-algerie.com\\\/actualites\\\/wp-content\\\/uploads\\\/2022\\\/07\\\/logo-ia-120.png\",\"contentUrl\":\"https:\\\/\\\/www.info-algerie.com\\\/actualites\\\/wp-content\\\/uploads\\\/2022\\\/07\\\/logo-ia-120.png\",\"width\":120,\"height\":43,\"caption\":\"info algerie\"},\"image\":{\"@id\":\"https:\\\/\\\/www.info-algerie.com\\\/actualites\\\/#\\\/schema\\\/logo\\\/image\\\/\"},\"sameAs\":[\"https:\\\/\\\/www.facebook.com\\\/infoalgerieactu\",\"https:\\\/\\\/x.com\\\/infoalgerie1\"]},{\"@type\":\"Person\",\"@id\":\"https:\\\/\\\/www.info-algerie.com\\\/actualites\\\/#\\\/schema\\\/person\\\/847aaec44920825b843a08f30ec6aa1e\",\"name\":\"La r\u00e9daction\",\"image\":{\"@type\":\"ImageObject\",\"inLanguage\":\"fr-FR\",\"@id\":\"https:\\\/\\\/secure.gravatar.com\\\/avatar\\\/769db425c6f465158149f1ffd6cf61ce7a8a879d11dfbef8288af36dfddd418c?s=96&d=mm&r=g\",\"url\":\"https:\\\/\\\/secure.gravatar.com\\\/avatar\\\/769db425c6f465158149f1ffd6cf61ce7a8a879d11dfbef8288af36dfddd418c?s=96&d=mm&r=g\",\"contentUrl\":\"https:\\\/\\\/secure.gravatar.com\\\/avatar\\\/769db425c6f465158149f1ffd6cf61ce7a8a879d11dfbef8288af36dfddd418c?s=96&d=mm&r=g\",\"caption\":\"La r\u00e9daction\"},\"sameAs\":[\"http:\\\/\\\/www.lkeria.com\\\/\"],\"url\":\"https:\\\/\\\/www.info-algerie.com\\\/actualites\\\/author\\\/chakib32\\\/\"}]}<\/script>\n<!-- \/ Yoast SEO plugin. -->","yoast_head_json":{"title":"La question du Sahara occidental occup\u00e9 et ses similitudes avec le\u00a0Timor-oriental th\u00e8me d&#039;une conf\u00e9rence \u00e0 Lisbonne - info algerie","robots":{"index":"index","follow":"follow","max-snippet":"max-snippet:-1","max-image-preview":"max-image-preview:large","max-video-preview":"max-video-preview:-1"},"canonical":"https:\/\/www.info-algerie.com\/actualites\/la-question-du-sahara-occidental-occupe-et-ses-similitudes-avec-le-timor-oriental-theme-dune-conference-a-lisbonne\/","og_locale":"fr_FR","og_type":"article","og_title":"La question du Sahara occidental occup\u00e9 et ses similitudes avec le\u00a0Timor-oriental th\u00e8me d&#039;une conf\u00e9rence \u00e0 Lisbonne - info algerie","og_description":"LISBONNE &#8211; La question du Sahara occidental occup\u00e9 et\u00a0 ses similitudes avec le\u00a0 Timor-oriental a \u00e9t\u00e9 au centre d&rsquo;une conf\u00e9rence internationale tenue\u00a0 r\u00e9cemment dans la capitale portugaise, Lisbonne, o\u00f9 les participants\u00a0 ont\u00a0 mis l&rsquo;accent sur la pers\u00e9v\u00e9rance et la solidarit\u00e9 internationale pour\u00a0 arracher l&rsquo;ind\u00e9pendance. &#013; &#013; Ouvrant cette conf\u00e9rence organis\u00e9e lundi et mardi dernier au","og_url":"https:\/\/www.info-algerie.com\/actualites\/la-question-du-sahara-occidental-occupe-et-ses-similitudes-avec-le-timor-oriental-theme-dune-conference-a-lisbonne\/","og_site_name":"info algerie","article_publisher":"https:\/\/www.facebook.com\/infoalgerieactu","article_published_time":"2017-06-02T13:23:41+00:00","author":"La r\u00e9daction","twitter_misc":{"\u00c9crit par":"La r\u00e9daction","Dur\u00e9e de lecture estim\u00e9e":"5 minutes"},"schema":{"@context":"https:\/\/schema.org","@graph":[{"@type":"Article","@id":"https:\/\/www.info-algerie.com\/actualites\/la-question-du-sahara-occidental-occupe-et-ses-similitudes-avec-le-timor-oriental-theme-dune-conference-a-lisbonne\/#article","isPartOf":{"@id":"https:\/\/www.info-algerie.com\/actualites\/la-question-du-sahara-occidental-occupe-et-ses-similitudes-avec-le-timor-oriental-theme-dune-conference-a-lisbonne\/"},"author":{"name":"La r\u00e9daction","@id":"https:\/\/www.info-algerie.com\/actualites\/#\/schema\/person\/847aaec44920825b843a08f30ec6aa1e"},"headline":"La question du Sahara occidental occup\u00e9 et ses similitudes avec le\u00a0Timor-oriental th\u00e8me d&#039;une conf\u00e9rence \u00e0 Lisbonne","datePublished":"2017-06-02T13:23:41+00:00","mainEntityOfPage":{"@id":"https:\/\/www.info-algerie.com\/actualites\/la-question-du-sahara-occidental-occupe-et-ses-similitudes-avec-le-timor-oriental-theme-dune-conference-a-lisbonne\/"},"wordCount":1059,"commentCount":0,"publisher":{"@id":"https:\/\/www.info-algerie.com\/actualites\/#organization"},"keywords":["ONU"],"articleSection":["infos"],"inLanguage":"fr-FR","potentialAction":[{"@type":"CommentAction","name":"Comment","target":["https:\/\/www.info-algerie.com\/actualites\/la-question-du-sahara-occidental-occupe-et-ses-similitudes-avec-le-timor-oriental-theme-dune-conference-a-lisbonne\/#respond"]}]},{"@type":"WebPage","@id":"https:\/\/www.info-algerie.com\/actualites\/la-question-du-sahara-occidental-occupe-et-ses-similitudes-avec-le-timor-oriental-theme-dune-conference-a-lisbonne\/","url":"https:\/\/www.info-algerie.com\/actualites\/la-question-du-sahara-occidental-occupe-et-ses-similitudes-avec-le-timor-oriental-theme-dune-conference-a-lisbonne\/","name":"La question du Sahara occidental occup\u00e9 et ses similitudes avec le\u00a0Timor-oriental th\u00e8me d&#039;une conf\u00e9rence \u00e0 Lisbonne - info algerie","isPartOf":{"@id":"https:\/\/www.info-algerie.com\/actualites\/#website"},"datePublished":"2017-06-02T13:23:41+00:00","breadcrumb":{"@id":"https:\/\/www.info-algerie.com\/actualites\/la-question-du-sahara-occidental-occupe-et-ses-similitudes-avec-le-timor-oriental-theme-dune-conference-a-lisbonne\/#breadcrumb"},"inLanguage":"fr-FR","potentialAction":[{"@type":"ReadAction","target":["https:\/\/www.info-algerie.com\/actualites\/la-question-du-sahara-occidental-occupe-et-ses-similitudes-avec-le-timor-oriental-theme-dune-conference-a-lisbonne\/"]}]},{"@type":"BreadcrumbList","@id":"https:\/\/www.info-algerie.com\/actualites\/la-question-du-sahara-occidental-occupe-et-ses-similitudes-avec-le-timor-oriental-theme-dune-conference-a-lisbonne\/#breadcrumb","itemListElement":[{"@type":"ListItem","position":1,"name":"Accueil","item":"https:\/\/www.info-algerie.com\/actualites\/"},{"@type":"ListItem","position":2,"name":"La question du Sahara occidental occup\u00e9 et ses similitudes avec le\u00a0Timor-oriental th\u00e8me d&#039;une conf\u00e9rence \u00e0 Lisbonne"}]},{"@type":"WebSite","@id":"https:\/\/www.info-algerie.com\/actualites\/#website","url":"https:\/\/www.info-algerie.com\/actualites\/","name":"info algerie","description":"Toutes les actualit\u00e9s","publisher":{"@id":"https:\/\/www.info-algerie.com\/actualites\/#organization"},"potentialAction":[{"@type":"SearchAction","target":{"@type":"EntryPoint","urlTemplate":"https:\/\/www.info-algerie.com\/actualites\/?s={search_term_string}"},"query-input":{"@type":"PropertyValueSpecification","valueRequired":true,"valueName":"search_term_string"}}],"inLanguage":"fr-FR"},{"@type":"Organization","@id":"https:\/\/www.info-algerie.com\/actualites\/#organization","name":"info algerie","url":"https:\/\/www.info-algerie.com\/actualites\/","logo":{"@type":"ImageObject","inLanguage":"fr-FR","@id":"https:\/\/www.info-algerie.com\/actualites\/#\/schema\/logo\/image\/","url":"https:\/\/www.info-algerie.com\/actualites\/wp-content\/uploads\/2022\/07\/logo-ia-120.png","contentUrl":"https:\/\/www.info-algerie.com\/actualites\/wp-content\/uploads\/2022\/07\/logo-ia-120.png","width":120,"height":43,"caption":"info algerie"},"image":{"@id":"https:\/\/www.info-algerie.com\/actualites\/#\/schema\/logo\/image\/"},"sameAs":["https:\/\/www.facebook.com\/infoalgerieactu","https:\/\/x.com\/infoalgerie1"]},{"@type":"Person","@id":"https:\/\/www.info-algerie.com\/actualites\/#\/schema\/person\/847aaec44920825b843a08f30ec6aa1e","name":"La r\u00e9daction","image":{"@type":"ImageObject","inLanguage":"fr-FR","@id":"https:\/\/secure.gravatar.com\/avatar\/769db425c6f465158149f1ffd6cf61ce7a8a879d11dfbef8288af36dfddd418c?s=96&d=mm&r=g","url":"https:\/\/secure.gravatar.com\/avatar\/769db425c6f465158149f1ffd6cf61ce7a8a879d11dfbef8288af36dfddd418c?s=96&d=mm&r=g","contentUrl":"https:\/\/secure.gravatar.com\/avatar\/769db425c6f465158149f1ffd6cf61ce7a8a879d11dfbef8288af36dfddd418c?s=96&d=mm&r=g","caption":"La r\u00e9daction"},"sameAs":["http:\/\/www.lkeria.com\/"],"url":"https:\/\/www.info-algerie.com\/actualites\/author\/chakib32\/"}]}},"_links":{"self":[{"href":"https:\/\/www.info-algerie.com\/actualites\/wp-json\/wp\/v2\/posts\/12766","targetHints":{"allow":["GET"]}}],"collection":[{"href":"https:\/\/www.info-algerie.com\/actualites\/wp-json\/wp\/v2\/posts"}],"about":[{"href":"https:\/\/www.info-algerie.com\/actualites\/wp-json\/wp\/v2\/types\/post"}],"author":[{"embeddable":true,"href":"https:\/\/www.info-algerie.com\/actualites\/wp-json\/wp\/v2\/users\/6"}],"replies":[{"embeddable":true,"href":"https:\/\/www.info-algerie.com\/actualites\/wp-json\/wp\/v2\/comments?post=12766"}],"version-history":[{"count":0,"href":"https:\/\/www.info-algerie.com\/actualites\/wp-json\/wp\/v2\/posts\/12766\/revisions"}],"wp:attachment":[{"href":"https:\/\/www.info-algerie.com\/actualites\/wp-json\/wp\/v2\/media?parent=12766"}],"wp:term":[{"taxonomy":"category","embeddable":true,"href":"https:\/\/www.info-algerie.com\/actualites\/wp-json\/wp\/v2\/categories?post=12766"},{"taxonomy":"post_tag","embeddable":true,"href":"https:\/\/www.info-algerie.com\/actualites\/wp-json\/wp\/v2\/tags?post=12766"}],"curies":[{"name":"wp","href":"https:\/\/api.w.org\/{rel}","templated":true}]}}