{"id":12779,"date":"2017-06-02T15:30:20","date_gmt":"2017-06-02T14:30:20","guid":{"rendered":"http:\/\/www.info-algerie.com\/actualites\/les-enfants-algeriens-proteges-contre-toutes-les-formes-de-violence\/"},"modified":"2017-06-02T15:30:20","modified_gmt":"2017-06-02T14:30:20","slug":"les-enfants-algeriens-proteges-contre-toutes-les-formes-de-violence","status":"publish","type":"post","link":"https:\/\/www.info-algerie.com\/actualites\/les-enfants-algeriens-proteges-contre-toutes-les-formes-de-violence\/","title":{"rendered":"Les enfants alg\u00e9riens prot\u00e9g\u00e9s contre toutes les formes de violence"},"content":{"rendered":"<div class=\"K2FeedImage\"><img decoding=\"async\" src=\"https:\/\/www.info-algerie.com\/actualites\/wp-content\/uploads\/2017\/06\/fd7436a528039b36d3b0b1777ce1a381_S.jpg\" alt=\"Les enfants alg&#xE9;riens prot&#xE9;g&#xE9;s contre toutes les formes de violence\" \/><\/div>\n<div class=\"K2FeedIntroText\">\n<p class=\"MsoNoSpacing\">ALGER- La D\u00e9l\u00e9gu\u00e9e nationale \u00e0 la protection de\u00a0 l&rsquo;enfance et pr\u00e9sidente de l&rsquo;Organe national de la protection et de la\u00a0 promotion de l&rsquo;enfance, Meriem Chorfi, a indiqu\u00e9 jeudi soir que les enfants alg\u00e9riens avaient b\u00e9n\u00e9fici\u00e9 de nouveaux textes de loi qui les prot\u00e8gent\u00a0 contre toutes les formes de violence, de s\u00e9vices et d&rsquo;exploitation.<\/p>\n<p>&#013;\n<\/p><\/div>\n<div class=\"K2FeedFullText\">&#013;<\/p>\n<p class=\"MsoNoSpacing\">Dans une allocution lors de la c\u00e9r\u00e9monie organis\u00e9e \u00e0 l&rsquo;occasion de\u00a0 la Journ\u00e9e mondiale de l&rsquo;enfance\u00a0 (1er juin) \u00e0 la Promenade des Sablettes (Alger), Mme Chorfi a pr\u00e9cis\u00e9 que\u00a0 cette c\u00e9l\u00e9bration \u00ab\u00a0intervient dans un contexte marqu\u00e9 par de nouveaux\u00a0 acquis au profit de l&rsquo;enfance\u00a0\u00bb, mettant en avant les \u00ab\u00a0nouveau textes de loi\u00a0 qui les prot\u00e8gent contre toutes les formes de violence, de s\u00e9vices et\u00a0 d&rsquo;exploitation\u00a0\u00bb.<\/p>\n<p>&#013;<\/p>\n<p class=\"MsoNoSpacing\">Elle a notamment cit\u00e9 la loi sur la protection de l&rsquo;enfant et la\u00a0 loi relative au fonds de pension alimentaire, affirmant que ces acquis \u00ab\u00a0ont\u00a0 vu le jour gr\u00e2ce \u00e0 la politique \u00e9clair\u00e9e du pr\u00e9sident de la R\u00e9publique,\u00a0 Abdelaziz Bouteflika, et de l&rsquo;int\u00e9r\u00eat qu&rsquo;il attache \u00e0 cette importante\u00a0 frange de la soci\u00e9t\u00e9 alg\u00e9rienne\u00a0\u00bb.<\/p>\n<p>&#013;<\/p>\n<p class=\"MsoNoSpacing\">La noblesse de la mission de protection de l&rsquo;enfance appelle la\u00a0 conjugaison des efforts de tous pour assurer aux enfants un bel avenir,\u00a0 a-t-elle estim\u00e9.<\/p>\n<p>&#013;<\/p>\n<p>\u00a0<\/p>\n<p>&#013;<\/p>\n<p class=\"MsoNoSpacing\">Dans une d\u00e9claration \u00e0 la presse en marge de la c\u00e9r\u00e9monie, Mme\u00a0 Chorfi a fait savoir qu&rsquo;outre la lutte contre la violence faite aux\u00a0 enfants, l&rsquo;Organe national de la protection et de la promotion de l&rsquo;enfance\u00a0 \u00ab\u00a0est investi de diverses autres missions, dont la promotion des droits de\u00a0 l&rsquo;enfant par la mise en place de programmes nationaux et locaux, la\u00a0 coordination des efforts des intervenants dans ce domaine et la protection\u00a0 des enfants suite aux signalements\u00a0\u00bb.<\/p>\n<\/div>\n<p>&#013;<br \/>\nSource: <a href=\"http:\/\/www.aps.dz\/algerie\/58461-les-enfants-algeriens-proteges-contre-toutes-les-formes-de-violence-grace-aux-nouvelles-lois\" target=\"_blank\">Les enfants alg\u00e9riens prot\u00e9g\u00e9s contre toutes les formes de violence<\/a><\/p>\n<!--CusAds0-->\n<div style=\"font-size: 0px; height: 0px; line-height: 0px; margin: 0; padding: 0; clear: both;\"><\/div>","protected":false},"excerpt":{"rendered":"<p>ALGER- La D\u00e9l\u00e9gu\u00e9e nationale \u00e0 la protection de\u00a0 l&rsquo;enfance et pr\u00e9sidente de l&rsquo;Organe national de la protection et de la\u00a0 promotion de l&rsquo;enfance, Meriem Chorfi, a indiqu\u00e9 jeudi soir que les enfants alg\u00e9riens avaient b\u00e9n\u00e9fici\u00e9 de nouveaux textes de loi qui les prot\u00e8gent\u00a0 contre toutes les formes de violence, de s\u00e9vices et d&rsquo;exploitation. &#013; &#013;<\/p>\n","protected":false},"author":6,"featured_media":12780,"comment_status":"open","ping_status":"open","sticky":false,"template":"","format":"standard","meta":{"footnotes":""},"categories":[22],"tags":[93],"class_list":["post-12779","post","type-post","status-publish","format-standard","has-post-thumbnail","hentry","category-infos","tag-onu"],"yoast_head":"<!-- This site is optimized with the Yoast SEO plugin v27.5 - https:\/\/yoast.com\/product\/yoast-seo-wordpress\/ -->\n<title>Les enfants alg\u00e9riens prot\u00e9g\u00e9s contre toutes les formes de violence - info algerie<\/title>\n<meta name=\"robots\" content=\"index, follow, max-snippet:-1, max-image-preview:large, max-video-preview:-1\" \/>\n<link rel=\"canonical\" href=\"https:\/\/www.info-algerie.com\/actualites\/les-enfants-algeriens-proteges-contre-toutes-les-formes-de-violence\/\" \/>\n<meta property=\"og:locale\" content=\"fr_FR\" \/>\n<meta property=\"og:type\" content=\"article\" \/>\n<meta property=\"og:title\" content=\"Les enfants alg\u00e9riens prot\u00e9g\u00e9s contre toutes les formes de violence - info algerie\" \/>\n<meta property=\"og:description\" content=\"ALGER- La D\u00e9l\u00e9gu\u00e9e nationale \u00e0 la protection de\u00a0 l&rsquo;enfance et pr\u00e9sidente de l&rsquo;Organe national de la protection et de la\u00a0 promotion de l&rsquo;enfance, Meriem Chorfi, a indiqu\u00e9 jeudi soir que les enfants alg\u00e9riens avaient b\u00e9n\u00e9fici\u00e9 de nouveaux textes de loi qui les prot\u00e8gent\u00a0 contre toutes les formes de violence, de s\u00e9vices et d&rsquo;exploitation. &#013; &#013;\" \/>\n<meta property=\"og:url\" content=\"https:\/\/www.info-algerie.com\/actualites\/les-enfants-algeriens-proteges-contre-toutes-les-formes-de-violence\/\" \/>\n<meta property=\"og:site_name\" content=\"info algerie\" \/>\n<meta property=\"article:publisher\" content=\"https:\/\/www.facebook.com\/infoalgerieactu\" \/>\n<meta property=\"article:published_time\" content=\"2017-06-02T14:30:20+00:00\" \/>\n<meta property=\"og:image\" content=\"https:\/\/www.info-algerie.com\/actualites\/wp-content\/uploads\/2017\/06\/fd7436a528039b36d3b0b1777ce1a381_S-1.jpg\" \/>\n\t<meta property=\"og:image:width\" content=\"280\" \/>\n\t<meta property=\"og:image:height\" content=\"193\" \/>\n\t<meta property=\"og:image:type\" content=\"image\/jpeg\" \/>\n<meta name=\"author\" content=\"La r\u00e9daction\" \/>\n<meta name=\"twitter:label1\" content=\"\u00c9crit par\" \/>\n\t<meta name=\"twitter:data1\" content=\"La r\u00e9daction\" \/>\n\t<meta name=\"twitter:label2\" content=\"Dur\u00e9e de lecture estim\u00e9e\" \/>\n\t<meta name=\"twitter:data2\" content=\"2 minutes\" \/>\n<script type=\"application\/ld+json\" class=\"yoast-schema-graph\">{\"@context\":\"https:\\\/\\\/schema.org\",\"@graph\":[{\"@type\":\"Article\",\"@id\":\"https:\\\/\\\/www.info-algerie.com\\\/actualites\\\/les-enfants-algeriens-proteges-contre-toutes-les-formes-de-violence\\\/#article\",\"isPartOf\":{\"@id\":\"https:\\\/\\\/www.info-algerie.com\\\/actualites\\\/les-enfants-algeriens-proteges-contre-toutes-les-formes-de-violence\\\/\"},\"author\":{\"name\":\"La r\u00e9daction\",\"@id\":\"https:\\\/\\\/www.info-algerie.com\\\/actualites\\\/#\\\/schema\\\/person\\\/847aaec44920825b843a08f30ec6aa1e\"},\"headline\":\"Les enfants alg\u00e9riens prot\u00e9g\u00e9s contre toutes les formes de violence\",\"datePublished\":\"2017-06-02T14:30:20+00:00\",\"mainEntityOfPage\":{\"@id\":\"https:\\\/\\\/www.info-algerie.com\\\/actualites\\\/les-enfants-algeriens-proteges-contre-toutes-les-formes-de-violence\\\/\"},\"wordCount\":338,\"commentCount\":0,\"publisher\":{\"@id\":\"https:\\\/\\\/www.info-algerie.com\\\/actualites\\\/#organization\"},\"image\":{\"@id\":\"https:\\\/\\\/www.info-algerie.com\\\/actualites\\\/les-enfants-algeriens-proteges-contre-toutes-les-formes-de-violence\\\/#primaryimage\"},\"thumbnailUrl\":\"https:\\\/\\\/www.info-algerie.com\\\/actualites\\\/wp-content\\\/uploads\\\/2017\\\/06\\\/fd7436a528039b36d3b0b1777ce1a381_S-1.jpg\",\"keywords\":[\"ONU\"],\"articleSection\":[\"infos\"],\"inLanguage\":\"fr-FR\",\"potentialAction\":[{\"@type\":\"CommentAction\",\"name\":\"Comment\",\"target\":[\"https:\\\/\\\/www.info-algerie.com\\\/actualites\\\/les-enfants-algeriens-proteges-contre-toutes-les-formes-de-violence\\\/#respond\"]}]},{\"@type\":\"WebPage\",\"@id\":\"https:\\\/\\\/www.info-algerie.com\\\/actualites\\\/les-enfants-algeriens-proteges-contre-toutes-les-formes-de-violence\\\/\",\"url\":\"https:\\\/\\\/www.info-algerie.com\\\/actualites\\\/les-enfants-algeriens-proteges-contre-toutes-les-formes-de-violence\\\/\",\"name\":\"Les enfants alg\u00e9riens prot\u00e9g\u00e9s contre toutes les formes de violence - info algerie\",\"isPartOf\":{\"@id\":\"https:\\\/\\\/www.info-algerie.com\\\/actualites\\\/#website\"},\"primaryImageOfPage\":{\"@id\":\"https:\\\/\\\/www.info-algerie.com\\\/actualites\\\/les-enfants-algeriens-proteges-contre-toutes-les-formes-de-violence\\\/#primaryimage\"},\"image\":{\"@id\":\"https:\\\/\\\/www.info-algerie.com\\\/actualites\\\/les-enfants-algeriens-proteges-contre-toutes-les-formes-de-violence\\\/#primaryimage\"},\"thumbnailUrl\":\"https:\\\/\\\/www.info-algerie.com\\\/actualites\\\/wp-content\\\/uploads\\\/2017\\\/06\\\/fd7436a528039b36d3b0b1777ce1a381_S-1.jpg\",\"datePublished\":\"2017-06-02T14:30:20+00:00\",\"breadcrumb\":{\"@id\":\"https:\\\/\\\/www.info-algerie.com\\\/actualites\\\/les-enfants-algeriens-proteges-contre-toutes-les-formes-de-violence\\\/#breadcrumb\"},\"inLanguage\":\"fr-FR\",\"potentialAction\":[{\"@type\":\"ReadAction\",\"target\":[\"https:\\\/\\\/www.info-algerie.com\\\/actualites\\\/les-enfants-algeriens-proteges-contre-toutes-les-formes-de-violence\\\/\"]}]},{\"@type\":\"ImageObject\",\"inLanguage\":\"fr-FR\",\"@id\":\"https:\\\/\\\/www.info-algerie.com\\\/actualites\\\/les-enfants-algeriens-proteges-contre-toutes-les-formes-de-violence\\\/#primaryimage\",\"url\":\"https:\\\/\\\/www.info-algerie.com\\\/actualites\\\/wp-content\\\/uploads\\\/2017\\\/06\\\/fd7436a528039b36d3b0b1777ce1a381_S-1.jpg\",\"contentUrl\":\"https:\\\/\\\/www.info-algerie.com\\\/actualites\\\/wp-content\\\/uploads\\\/2017\\\/06\\\/fd7436a528039b36d3b0b1777ce1a381_S-1.jpg\",\"width\":280,\"height\":193},{\"@type\":\"BreadcrumbList\",\"@id\":\"https:\\\/\\\/www.info-algerie.com\\\/actualites\\\/les-enfants-algeriens-proteges-contre-toutes-les-formes-de-violence\\\/#breadcrumb\",\"itemListElement\":[{\"@type\":\"ListItem\",\"position\":1,\"name\":\"Accueil\",\"item\":\"https:\\\/\\\/www.info-algerie.com\\\/actualites\\\/\"},{\"@type\":\"ListItem\",\"position\":2,\"name\":\"Les enfants alg\u00e9riens prot\u00e9g\u00e9s contre toutes les formes de violence\"}]},{\"@type\":\"WebSite\",\"@id\":\"https:\\\/\\\/www.info-algerie.com\\\/actualites\\\/#website\",\"url\":\"https:\\\/\\\/www.info-algerie.com\\\/actualites\\\/\",\"name\":\"info algerie\",\"description\":\"Toutes les actualit\u00e9s\",\"publisher\":{\"@id\":\"https:\\\/\\\/www.info-algerie.com\\\/actualites\\\/#organization\"},\"potentialAction\":[{\"@type\":\"SearchAction\",\"target\":{\"@type\":\"EntryPoint\",\"urlTemplate\":\"https:\\\/\\\/www.info-algerie.com\\\/actualites\\\/?s={search_term_string}\"},\"query-input\":{\"@type\":\"PropertyValueSpecification\",\"valueRequired\":true,\"valueName\":\"search_term_string\"}}],\"inLanguage\":\"fr-FR\"},{\"@type\":\"Organization\",\"@id\":\"https:\\\/\\\/www.info-algerie.com\\\/actualites\\\/#organization\",\"name\":\"info algerie\",\"url\":\"https:\\\/\\\/www.info-algerie.com\\\/actualites\\\/\",\"logo\":{\"@type\":\"ImageObject\",\"inLanguage\":\"fr-FR\",\"@id\":\"https:\\\/\\\/www.info-algerie.com\\\/actualites\\\/#\\\/schema\\\/logo\\\/image\\\/\",\"url\":\"https:\\\/\\\/www.info-algerie.com\\\/actualites\\\/wp-content\\\/uploads\\\/2022\\\/07\\\/logo-ia-120.png\",\"contentUrl\":\"https:\\\/\\\/www.info-algerie.com\\\/actualites\\\/wp-content\\\/uploads\\\/2022\\\/07\\\/logo-ia-120.png\",\"width\":120,\"height\":43,\"caption\":\"info algerie\"},\"image\":{\"@id\":\"https:\\\/\\\/www.info-algerie.com\\\/actualites\\\/#\\\/schema\\\/logo\\\/image\\\/\"},\"sameAs\":[\"https:\\\/\\\/www.facebook.com\\\/infoalgerieactu\",\"https:\\\/\\\/x.com\\\/infoalgerie1\"]},{\"@type\":\"Person\",\"@id\":\"https:\\\/\\\/www.info-algerie.com\\\/actualites\\\/#\\\/schema\\\/person\\\/847aaec44920825b843a08f30ec6aa1e\",\"name\":\"La r\u00e9daction\",\"image\":{\"@type\":\"ImageObject\",\"inLanguage\":\"fr-FR\",\"@id\":\"https:\\\/\\\/secure.gravatar.com\\\/avatar\\\/769db425c6f465158149f1ffd6cf61ce7a8a879d11dfbef8288af36dfddd418c?s=96&d=mm&r=g\",\"url\":\"https:\\\/\\\/secure.gravatar.com\\\/avatar\\\/769db425c6f465158149f1ffd6cf61ce7a8a879d11dfbef8288af36dfddd418c?s=96&d=mm&r=g\",\"contentUrl\":\"https:\\\/\\\/secure.gravatar.com\\\/avatar\\\/769db425c6f465158149f1ffd6cf61ce7a8a879d11dfbef8288af36dfddd418c?s=96&d=mm&r=g\",\"caption\":\"La r\u00e9daction\"},\"sameAs\":[\"http:\\\/\\\/www.lkeria.com\\\/\"],\"url\":\"https:\\\/\\\/www.info-algerie.com\\\/actualites\\\/author\\\/chakib32\\\/\"}]}<\/script>\n<!-- \/ Yoast SEO plugin. -->","yoast_head_json":{"title":"Les enfants alg\u00e9riens prot\u00e9g\u00e9s contre toutes les formes de violence - info algerie","robots":{"index":"index","follow":"follow","max-snippet":"max-snippet:-1","max-image-preview":"max-image-preview:large","max-video-preview":"max-video-preview:-1"},"canonical":"https:\/\/www.info-algerie.com\/actualites\/les-enfants-algeriens-proteges-contre-toutes-les-formes-de-violence\/","og_locale":"fr_FR","og_type":"article","og_title":"Les enfants alg\u00e9riens prot\u00e9g\u00e9s contre toutes les formes de violence - info algerie","og_description":"ALGER- La D\u00e9l\u00e9gu\u00e9e nationale \u00e0 la protection de\u00a0 l&rsquo;enfance et pr\u00e9sidente de l&rsquo;Organe national de la protection et de la\u00a0 promotion de l&rsquo;enfance, Meriem Chorfi, a indiqu\u00e9 jeudi soir que les enfants alg\u00e9riens avaient b\u00e9n\u00e9fici\u00e9 de nouveaux textes de loi qui les prot\u00e8gent\u00a0 contre toutes les formes de violence, de s\u00e9vices et d&rsquo;exploitation. &#013; &#013;","og_url":"https:\/\/www.info-algerie.com\/actualites\/les-enfants-algeriens-proteges-contre-toutes-les-formes-de-violence\/","og_site_name":"info algerie","article_publisher":"https:\/\/www.facebook.com\/infoalgerieactu","article_published_time":"2017-06-02T14:30:20+00:00","og_image":[{"width":280,"height":193,"url":"https:\/\/www.info-algerie.com\/actualites\/wp-content\/uploads\/2017\/06\/fd7436a528039b36d3b0b1777ce1a381_S-1.jpg","type":"image\/jpeg"}],"author":"La r\u00e9daction","twitter_misc":{"\u00c9crit par":"La r\u00e9daction","Dur\u00e9e de lecture estim\u00e9e":"2 minutes"},"schema":{"@context":"https:\/\/schema.org","@graph":[{"@type":"Article","@id":"https:\/\/www.info-algerie.com\/actualites\/les-enfants-algeriens-proteges-contre-toutes-les-formes-de-violence\/#article","isPartOf":{"@id":"https:\/\/www.info-algerie.com\/actualites\/les-enfants-algeriens-proteges-contre-toutes-les-formes-de-violence\/"},"author":{"name":"La r\u00e9daction","@id":"https:\/\/www.info-algerie.com\/actualites\/#\/schema\/person\/847aaec44920825b843a08f30ec6aa1e"},"headline":"Les enfants alg\u00e9riens prot\u00e9g\u00e9s contre toutes les formes de violence","datePublished":"2017-06-02T14:30:20+00:00","mainEntityOfPage":{"@id":"https:\/\/www.info-algerie.com\/actualites\/les-enfants-algeriens-proteges-contre-toutes-les-formes-de-violence\/"},"wordCount":338,"commentCount":0,"publisher":{"@id":"https:\/\/www.info-algerie.com\/actualites\/#organization"},"image":{"@id":"https:\/\/www.info-algerie.com\/actualites\/les-enfants-algeriens-proteges-contre-toutes-les-formes-de-violence\/#primaryimage"},"thumbnailUrl":"https:\/\/www.info-algerie.com\/actualites\/wp-content\/uploads\/2017\/06\/fd7436a528039b36d3b0b1777ce1a381_S-1.jpg","keywords":["ONU"],"articleSection":["infos"],"inLanguage":"fr-FR","potentialAction":[{"@type":"CommentAction","name":"Comment","target":["https:\/\/www.info-algerie.com\/actualites\/les-enfants-algeriens-proteges-contre-toutes-les-formes-de-violence\/#respond"]}]},{"@type":"WebPage","@id":"https:\/\/www.info-algerie.com\/actualites\/les-enfants-algeriens-proteges-contre-toutes-les-formes-de-violence\/","url":"https:\/\/www.info-algerie.com\/actualites\/les-enfants-algeriens-proteges-contre-toutes-les-formes-de-violence\/","name":"Les enfants alg\u00e9riens prot\u00e9g\u00e9s contre toutes les formes de violence - info algerie","isPartOf":{"@id":"https:\/\/www.info-algerie.com\/actualites\/#website"},"primaryImageOfPage":{"@id":"https:\/\/www.info-algerie.com\/actualites\/les-enfants-algeriens-proteges-contre-toutes-les-formes-de-violence\/#primaryimage"},"image":{"@id":"https:\/\/www.info-algerie.com\/actualites\/les-enfants-algeriens-proteges-contre-toutes-les-formes-de-violence\/#primaryimage"},"thumbnailUrl":"https:\/\/www.info-algerie.com\/actualites\/wp-content\/uploads\/2017\/06\/fd7436a528039b36d3b0b1777ce1a381_S-1.jpg","datePublished":"2017-06-02T14:30:20+00:00","breadcrumb":{"@id":"https:\/\/www.info-algerie.com\/actualites\/les-enfants-algeriens-proteges-contre-toutes-les-formes-de-violence\/#breadcrumb"},"inLanguage":"fr-FR","potentialAction":[{"@type":"ReadAction","target":["https:\/\/www.info-algerie.com\/actualites\/les-enfants-algeriens-proteges-contre-toutes-les-formes-de-violence\/"]}]},{"@type":"ImageObject","inLanguage":"fr-FR","@id":"https:\/\/www.info-algerie.com\/actualites\/les-enfants-algeriens-proteges-contre-toutes-les-formes-de-violence\/#primaryimage","url":"https:\/\/www.info-algerie.com\/actualites\/wp-content\/uploads\/2017\/06\/fd7436a528039b36d3b0b1777ce1a381_S-1.jpg","contentUrl":"https:\/\/www.info-algerie.com\/actualites\/wp-content\/uploads\/2017\/06\/fd7436a528039b36d3b0b1777ce1a381_S-1.jpg","width":280,"height":193},{"@type":"BreadcrumbList","@id":"https:\/\/www.info-algerie.com\/actualites\/les-enfants-algeriens-proteges-contre-toutes-les-formes-de-violence\/#breadcrumb","itemListElement":[{"@type":"ListItem","position":1,"name":"Accueil","item":"https:\/\/www.info-algerie.com\/actualites\/"},{"@type":"ListItem","position":2,"name":"Les enfants alg\u00e9riens prot\u00e9g\u00e9s contre toutes les formes de violence"}]},{"@type":"WebSite","@id":"https:\/\/www.info-algerie.com\/actualites\/#website","url":"https:\/\/www.info-algerie.com\/actualites\/","name":"info algerie","description":"Toutes les actualit\u00e9s","publisher":{"@id":"https:\/\/www.info-algerie.com\/actualites\/#organization"},"potentialAction":[{"@type":"SearchAction","target":{"@type":"EntryPoint","urlTemplate":"https:\/\/www.info-algerie.com\/actualites\/?s={search_term_string}"},"query-input":{"@type":"PropertyValueSpecification","valueRequired":true,"valueName":"search_term_string"}}],"inLanguage":"fr-FR"},{"@type":"Organization","@id":"https:\/\/www.info-algerie.com\/actualites\/#organization","name":"info algerie","url":"https:\/\/www.info-algerie.com\/actualites\/","logo":{"@type":"ImageObject","inLanguage":"fr-FR","@id":"https:\/\/www.info-algerie.com\/actualites\/#\/schema\/logo\/image\/","url":"https:\/\/www.info-algerie.com\/actualites\/wp-content\/uploads\/2022\/07\/logo-ia-120.png","contentUrl":"https:\/\/www.info-algerie.com\/actualites\/wp-content\/uploads\/2022\/07\/logo-ia-120.png","width":120,"height":43,"caption":"info algerie"},"image":{"@id":"https:\/\/www.info-algerie.com\/actualites\/#\/schema\/logo\/image\/"},"sameAs":["https:\/\/www.facebook.com\/infoalgerieactu","https:\/\/x.com\/infoalgerie1"]},{"@type":"Person","@id":"https:\/\/www.info-algerie.com\/actualites\/#\/schema\/person\/847aaec44920825b843a08f30ec6aa1e","name":"La r\u00e9daction","image":{"@type":"ImageObject","inLanguage":"fr-FR","@id":"https:\/\/secure.gravatar.com\/avatar\/769db425c6f465158149f1ffd6cf61ce7a8a879d11dfbef8288af36dfddd418c?s=96&d=mm&r=g","url":"https:\/\/secure.gravatar.com\/avatar\/769db425c6f465158149f1ffd6cf61ce7a8a879d11dfbef8288af36dfddd418c?s=96&d=mm&r=g","contentUrl":"https:\/\/secure.gravatar.com\/avatar\/769db425c6f465158149f1ffd6cf61ce7a8a879d11dfbef8288af36dfddd418c?s=96&d=mm&r=g","caption":"La r\u00e9daction"},"sameAs":["http:\/\/www.lkeria.com\/"],"url":"https:\/\/www.info-algerie.com\/actualites\/author\/chakib32\/"}]}},"_links":{"self":[{"href":"https:\/\/www.info-algerie.com\/actualites\/wp-json\/wp\/v2\/posts\/12779","targetHints":{"allow":["GET"]}}],"collection":[{"href":"https:\/\/www.info-algerie.com\/actualites\/wp-json\/wp\/v2\/posts"}],"about":[{"href":"https:\/\/www.info-algerie.com\/actualites\/wp-json\/wp\/v2\/types\/post"}],"author":[{"embeddable":true,"href":"https:\/\/www.info-algerie.com\/actualites\/wp-json\/wp\/v2\/users\/6"}],"replies":[{"embeddable":true,"href":"https:\/\/www.info-algerie.com\/actualites\/wp-json\/wp\/v2\/comments?post=12779"}],"version-history":[{"count":0,"href":"https:\/\/www.info-algerie.com\/actualites\/wp-json\/wp\/v2\/posts\/12779\/revisions"}],"wp:featuredmedia":[{"embeddable":true,"href":"https:\/\/www.info-algerie.com\/actualites\/wp-json\/wp\/v2\/media\/12780"}],"wp:attachment":[{"href":"https:\/\/www.info-algerie.com\/actualites\/wp-json\/wp\/v2\/media?parent=12779"}],"wp:term":[{"taxonomy":"category","embeddable":true,"href":"https:\/\/www.info-algerie.com\/actualites\/wp-json\/wp\/v2\/categories?post=12779"},{"taxonomy":"post_tag","embeddable":true,"href":"https:\/\/www.info-algerie.com\/actualites\/wp-json\/wp\/v2\/tags?post=12779"}],"curies":[{"name":"wp","href":"https:\/\/api.w.org\/{rel}","templated":true}]}}