{"id":128,"date":"2015-08-20T14:46:35","date_gmt":"2015-08-20T13:46:35","guid":{"rendered":"http:\/\/www.info-algerie.com\/actualites\/journee-nationale-du-moudjahid-le-president-bouteflika-appelle-a-mediter-sur-les-facteurs-de-force-de-la-revolution\/"},"modified":"2015-08-21T16:28:29","modified_gmt":"2015-08-21T15:28:29","slug":"journee-nationale-du-moudjahid-le-president-bouteflika-appelle-a-mediter-sur-les-facteurs-de-force-de-la-revolution","status":"publish","type":"post","link":"https:\/\/www.info-algerie.com\/actualites\/journee-nationale-du-moudjahid-le-president-bouteflika-appelle-a-mediter-sur-les-facteurs-de-force-de-la-revolution\/","title":{"rendered":"Journ\u00e9e nationale du moudjahid: le pr\u00e9sident Bouteflika appelle \u00e0 m\u00e9diter sur les facteurs de force de la R\u00e9volution"},"content":{"rendered":"<div class=\"K2FeedImage\"><\/div>\n<div class=\"K2FeedIntroText\">\n<p style=\"text-align: justify;\">Le pr\u00e9sident de la R\u00e9publique, Abdelaziz Bouteflika, a appel\u00e9 jeudi \u00e0 Constantine \u00e0 marquer une halte, un demi-si\u00e8cle apr\u00e8s la R\u00e9volution, pour m\u00e9diter sur ses facteurs de force sans s&rsquo;arr\u00eater aux limites de la simple satisfaction d&rsquo;une prouesse h\u00e9ro\u00efque.<\/p>\n<p style=\"text-align: justify;\">\u00ab\u00a0Il ne s&rsquo;agit pas de s&rsquo;arr\u00eater aux limites de la simple satisfaction d&rsquo;une prouesse h\u00e9ro\u00efque dans laquelle la volont\u00e9 de notre peuple vaillant s&rsquo;est oppos\u00e9e \u00e0 la violence d&rsquo;un occupant inique.<\/p>\n<p style=\"text-align: justify;\">Nous nous devons, un demi-si\u00e8cle apr\u00e8s la r\u00e9alisation de cet \u00e9clatant exploit, de marquer une halte pour m\u00e9diter sur les facteurs de force de la R\u00e9volution et le degr\u00e9 de maturit\u00e9 de cette avant-garde qui l&rsquo;a d\u00e9clench\u00e9e et conduite dans ses \u00e9tapes successives, exceptionnelles pour la plupart, tant \u00e0 l&rsquo;int\u00e9rieur qu&rsquo;\u00e0 l&rsquo;ext\u00e9rieur du pays\u00a0\u00bb, a soulign\u00e9 le pr\u00e9sident Bouteflika dans un message\u00a0\u00e0 la nation, \u00e0 l&rsquo;occasion de la Journ\u00e9e nationale du moudjahid, lu en son nom par le ministre de la Culture, Azzedine Mihoubi.<\/p>\n<p style=\"text-align: justify;\">Pour le pr\u00e9sident de la R\u00e9publique, cet anniversaire \u00ab\u00a0offre mati\u00e8re \u00e0 la r\u00e9flexion et \u00e0 l&rsquo;analyse d&rsquo;une valeur morale et humaine qui a consacr\u00e9 le triomphe des Alg\u00e9riens lorsqu&rsquo;ils ont privil\u00e9gi\u00e9 les facteurs les unissant\u00a0\u00bb.<\/p>\n<p style=\"text-align: justify;\">\u00ab\u00a0Au-del\u00e0, cette occasion constitue une r\u00e9f\u00e9rence nationale pour la consolidation de la coh\u00e9sion sociale, le raffermissement des volont\u00e9s et la mobilisation des toutes les \u00e9nergies autour d&rsquo;un m\u00eame objectif, autant de vertus qui ont fait de la R\u00e9volution un exemple pour toutes les \u00e2mes opprim\u00e9es en qu\u00eate de libert\u00e9 et de dignit\u00e9\u00a0\u00bb, a ajout\u00e9 le pr\u00e9sident Bouteflika.<\/p>\n<p style=\"text-align: justify;\">\u00ab\u00a0Toutes ces valeurs symboliques, n\u00e9es de la R\u00e9volution, \u00e9taient destin\u00e9es \u00e0 pr\u00e9senter de v\u00e9ritables soupapes de s\u00e9curit\u00e9 contre les violents troubles qui ont frapp\u00e9 et plong\u00e9 d&rsquo;autres pays dans le chaos\u00a0\u00bb, a soutenu le chef de l&rsquo;Etat, appelant \u00e0 accorder tout l&rsquo;int\u00e9r\u00eat \u00e0 \u00ab\u00a0cette immunit\u00e9 procur\u00e9e par la glorieuse R\u00e9volution de novembre pour contrer les complots ourdis, ou qui pourraient l&rsquo;\u00eatre, contre notre ch\u00e8re partie tant \u00e0 l&rsquo;ext\u00e9rieur qu&rsquo;\u00e0 l&rsquo;int\u00e9rieur\u00a0\u00bb.<\/p>\n<\/div>\n<p>Source: <a href=\"http:\/\/www.aps.dz\/algerie\/27421-journ%C3%A9e-nationale-du-moudjahid-le-pr%C3%A9sident-bouteflika-appelle-%C3%A0-m%C3%A9diter-sur-les-facteurs-de-force-de-la-r%C3%A9volution\" target=\"_blank\">Journ\u00e9e nationale du moudjahid: le pr\u00e9sident Bouteflika appelle \u00e0 m\u00e9diter sur les facteurs de force de la R\u00e9volution<\/a><\/p>\n<!--CusAds0-->\n<div style=\"font-size: 0px; height: 0px; line-height: 0px; margin: 0; padding: 0; clear: both;\"><\/div>","protected":false},"excerpt":{"rendered":"<p>Le pr\u00e9sident de la R\u00e9publique, Abdelaziz Bouteflika, a appel\u00e9 jeudi \u00e0 Constantine \u00e0 marquer une halte, un demi-si\u00e8cle apr\u00e8s la R\u00e9volution, pour m\u00e9diter sur ses facteurs de force sans s&rsquo;arr\u00eater aux limites de la simple satisfaction d&rsquo;une prouesse h\u00e9ro\u00efque. \u00ab\u00a0Il ne s&rsquo;agit pas de s&rsquo;arr\u00eater aux limites de la simple satisfaction d&rsquo;une prouesse h\u00e9ro\u00efque dans<\/p>\n","protected":false},"author":6,"featured_media":183,"comment_status":"open","ping_status":"open","sticky":false,"template":"","format":"standard","meta":{"footnotes":""},"categories":[9],"tags":[31],"class_list":["post-128","post","type-post","status-publish","format-standard","has-post-thumbnail","hentry","category-culture-sante","tag-journee-nationale-du-moudjahid"],"yoast_head":"<!-- This site is optimized with the Yoast SEO plugin v27.5 - https:\/\/yoast.com\/product\/yoast-seo-wordpress\/ -->\n<title>Journ\u00e9e nationale du moudjahid: Bouteflika appelle \u00e0 m\u00e9diter<\/title>\n<meta name=\"description\" content=\"Journ\u00e9e nationale du moudjahid: le pr\u00e9sident Bouteflika appelle \u00e0 m\u00e9diter sur les facteurs de force de la R\u00e9volution\" \/>\n<meta name=\"robots\" content=\"index, follow, max-snippet:-1, max-image-preview:large, max-video-preview:-1\" \/>\n<link rel=\"canonical\" href=\"https:\/\/www.info-algerie.com\/actualites\/journee-nationale-du-moudjahid-le-president-bouteflika-appelle-a-mediter-sur-les-facteurs-de-force-de-la-revolution\/\" \/>\n<meta property=\"og:locale\" content=\"fr_FR\" \/>\n<meta property=\"og:type\" content=\"article\" \/>\n<meta property=\"og:title\" content=\"Journ\u00e9e nationale du moudjahid: Bouteflika appelle \u00e0 m\u00e9diter\" \/>\n<meta property=\"og:description\" content=\"Journ\u00e9e nationale du moudjahid: le pr\u00e9sident Bouteflika appelle \u00e0 m\u00e9diter sur les facteurs de force de la R\u00e9volution\" \/>\n<meta property=\"og:url\" content=\"https:\/\/www.info-algerie.com\/actualites\/journee-nationale-du-moudjahid-le-president-bouteflika-appelle-a-mediter-sur-les-facteurs-de-force-de-la-revolution\/\" \/>\n<meta property=\"og:site_name\" content=\"info algerie\" \/>\n<meta property=\"article:publisher\" content=\"https:\/\/www.facebook.com\/infoalgerieactu\" \/>\n<meta property=\"article:published_time\" content=\"2015-08-20T13:46:35+00:00\" \/>\n<meta property=\"article:modified_time\" content=\"2015-08-21T15:28:29+00:00\" \/>\n<meta property=\"og:image\" content=\"https:\/\/www.info-algerie.com\/actualites\/wp-content\/uploads\/2015\/08\/Journ\u00e9e-nationale-du-moudjahid.jpg\" \/>\n\t<meta property=\"og:image:width\" content=\"900\" \/>\n\t<meta property=\"og:image:height\" content=\"508\" \/>\n\t<meta property=\"og:image:type\" content=\"image\/jpeg\" \/>\n<meta name=\"author\" content=\"La r\u00e9daction\" \/>\n<meta name=\"twitter:label1\" content=\"\u00c9crit par\" \/>\n\t<meta name=\"twitter:data1\" content=\"La r\u00e9daction\" \/>\n\t<meta name=\"twitter:label2\" content=\"Dur\u00e9e de lecture estim\u00e9e\" \/>\n\t<meta name=\"twitter:data2\" content=\"2 minutes\" \/>\n<script type=\"application\/ld+json\" class=\"yoast-schema-graph\">{\"@context\":\"https:\\\/\\\/schema.org\",\"@graph\":[{\"@type\":\"Article\",\"@id\":\"https:\\\/\\\/www.info-algerie.com\\\/actualites\\\/journee-nationale-du-moudjahid-le-president-bouteflika-appelle-a-mediter-sur-les-facteurs-de-force-de-la-revolution\\\/#article\",\"isPartOf\":{\"@id\":\"https:\\\/\\\/www.info-algerie.com\\\/actualites\\\/journee-nationale-du-moudjahid-le-president-bouteflika-appelle-a-mediter-sur-les-facteurs-de-force-de-la-revolution\\\/\"},\"author\":{\"name\":\"La r\u00e9daction\",\"@id\":\"https:\\\/\\\/www.info-algerie.com\\\/actualites\\\/#\\\/schema\\\/person\\\/847aaec44920825b843a08f30ec6aa1e\"},\"headline\":\"Journ\u00e9e nationale du moudjahid: le pr\u00e9sident Bouteflika appelle \u00e0 m\u00e9diter sur les facteurs de force de la R\u00e9volution\",\"datePublished\":\"2015-08-20T13:46:35+00:00\",\"dateModified\":\"2015-08-21T15:28:29+00:00\",\"mainEntityOfPage\":{\"@id\":\"https:\\\/\\\/www.info-algerie.com\\\/actualites\\\/journee-nationale-du-moudjahid-le-president-bouteflika-appelle-a-mediter-sur-les-facteurs-de-force-de-la-revolution\\\/\"},\"wordCount\":421,\"commentCount\":0,\"publisher\":{\"@id\":\"https:\\\/\\\/www.info-algerie.com\\\/actualites\\\/#organization\"},\"image\":{\"@id\":\"https:\\\/\\\/www.info-algerie.com\\\/actualites\\\/journee-nationale-du-moudjahid-le-president-bouteflika-appelle-a-mediter-sur-les-facteurs-de-force-de-la-revolution\\\/#primaryimage\"},\"thumbnailUrl\":\"https:\\\/\\\/www.info-algerie.com\\\/actualites\\\/wp-content\\\/uploads\\\/2015\\\/08\\\/Journ\u00e9e-nationale-du-moudjahid.jpg\",\"keywords\":[\"Journ\u00e9e nationale du moudjahid\"],\"articleSection\":[\"culture sant\u00e9\"],\"inLanguage\":\"fr-FR\",\"potentialAction\":[{\"@type\":\"CommentAction\",\"name\":\"Comment\",\"target\":[\"https:\\\/\\\/www.info-algerie.com\\\/actualites\\\/journee-nationale-du-moudjahid-le-president-bouteflika-appelle-a-mediter-sur-les-facteurs-de-force-de-la-revolution\\\/#respond\"]}]},{\"@type\":\"WebPage\",\"@id\":\"https:\\\/\\\/www.info-algerie.com\\\/actualites\\\/journee-nationale-du-moudjahid-le-president-bouteflika-appelle-a-mediter-sur-les-facteurs-de-force-de-la-revolution\\\/\",\"url\":\"https:\\\/\\\/www.info-algerie.com\\\/actualites\\\/journee-nationale-du-moudjahid-le-president-bouteflika-appelle-a-mediter-sur-les-facteurs-de-force-de-la-revolution\\\/\",\"name\":\"Journ\u00e9e nationale du moudjahid: Bouteflika appelle \u00e0 m\u00e9diter\",\"isPartOf\":{\"@id\":\"https:\\\/\\\/www.info-algerie.com\\\/actualites\\\/#website\"},\"primaryImageOfPage\":{\"@id\":\"https:\\\/\\\/www.info-algerie.com\\\/actualites\\\/journee-nationale-du-moudjahid-le-president-bouteflika-appelle-a-mediter-sur-les-facteurs-de-force-de-la-revolution\\\/#primaryimage\"},\"image\":{\"@id\":\"https:\\\/\\\/www.info-algerie.com\\\/actualites\\\/journee-nationale-du-moudjahid-le-president-bouteflika-appelle-a-mediter-sur-les-facteurs-de-force-de-la-revolution\\\/#primaryimage\"},\"thumbnailUrl\":\"https:\\\/\\\/www.info-algerie.com\\\/actualites\\\/wp-content\\\/uploads\\\/2015\\\/08\\\/Journ\u00e9e-nationale-du-moudjahid.jpg\",\"datePublished\":\"2015-08-20T13:46:35+00:00\",\"dateModified\":\"2015-08-21T15:28:29+00:00\",\"description\":\"Journ\u00e9e nationale du moudjahid: le pr\u00e9sident Bouteflika appelle \u00e0 m\u00e9diter sur les facteurs de force de la R\u00e9volution\",\"breadcrumb\":{\"@id\":\"https:\\\/\\\/www.info-algerie.com\\\/actualites\\\/journee-nationale-du-moudjahid-le-president-bouteflika-appelle-a-mediter-sur-les-facteurs-de-force-de-la-revolution\\\/#breadcrumb\"},\"inLanguage\":\"fr-FR\",\"potentialAction\":[{\"@type\":\"ReadAction\",\"target\":[\"https:\\\/\\\/www.info-algerie.com\\\/actualites\\\/journee-nationale-du-moudjahid-le-president-bouteflika-appelle-a-mediter-sur-les-facteurs-de-force-de-la-revolution\\\/\"]}]},{\"@type\":\"ImageObject\",\"inLanguage\":\"fr-FR\",\"@id\":\"https:\\\/\\\/www.info-algerie.com\\\/actualites\\\/journee-nationale-du-moudjahid-le-president-bouteflika-appelle-a-mediter-sur-les-facteurs-de-force-de-la-revolution\\\/#primaryimage\",\"url\":\"https:\\\/\\\/www.info-algerie.com\\\/actualites\\\/wp-content\\\/uploads\\\/2015\\\/08\\\/Journ\u00e9e-nationale-du-moudjahid.jpg\",\"contentUrl\":\"https:\\\/\\\/www.info-algerie.com\\\/actualites\\\/wp-content\\\/uploads\\\/2015\\\/08\\\/Journ\u00e9e-nationale-du-moudjahid.jpg\",\"width\":900,\"height\":508,\"caption\":\"Journ\u00e9e nationale du moudjahid\"},{\"@type\":\"BreadcrumbList\",\"@id\":\"https:\\\/\\\/www.info-algerie.com\\\/actualites\\\/journee-nationale-du-moudjahid-le-president-bouteflika-appelle-a-mediter-sur-les-facteurs-de-force-de-la-revolution\\\/#breadcrumb\",\"itemListElement\":[{\"@type\":\"ListItem\",\"position\":1,\"name\":\"Accueil\",\"item\":\"https:\\\/\\\/www.info-algerie.com\\\/actualites\\\/\"},{\"@type\":\"ListItem\",\"position\":2,\"name\":\"Journ\u00e9e nationale du moudjahid: le pr\u00e9sident Bouteflika appelle \u00e0 m\u00e9diter sur les facteurs de force de la R\u00e9volution\"}]},{\"@type\":\"WebSite\",\"@id\":\"https:\\\/\\\/www.info-algerie.com\\\/actualites\\\/#website\",\"url\":\"https:\\\/\\\/www.info-algerie.com\\\/actualites\\\/\",\"name\":\"info algerie\",\"description\":\"Toutes les actualit\u00e9s\",\"publisher\":{\"@id\":\"https:\\\/\\\/www.info-algerie.com\\\/actualites\\\/#organization\"},\"potentialAction\":[{\"@type\":\"SearchAction\",\"target\":{\"@type\":\"EntryPoint\",\"urlTemplate\":\"https:\\\/\\\/www.info-algerie.com\\\/actualites\\\/?s={search_term_string}\"},\"query-input\":{\"@type\":\"PropertyValueSpecification\",\"valueRequired\":true,\"valueName\":\"search_term_string\"}}],\"inLanguage\":\"fr-FR\"},{\"@type\":\"Organization\",\"@id\":\"https:\\\/\\\/www.info-algerie.com\\\/actualites\\\/#organization\",\"name\":\"info algerie\",\"url\":\"https:\\\/\\\/www.info-algerie.com\\\/actualites\\\/\",\"logo\":{\"@type\":\"ImageObject\",\"inLanguage\":\"fr-FR\",\"@id\":\"https:\\\/\\\/www.info-algerie.com\\\/actualites\\\/#\\\/schema\\\/logo\\\/image\\\/\",\"url\":\"https:\\\/\\\/www.info-algerie.com\\\/actualites\\\/wp-content\\\/uploads\\\/2022\\\/07\\\/logo-ia-120.png\",\"contentUrl\":\"https:\\\/\\\/www.info-algerie.com\\\/actualites\\\/wp-content\\\/uploads\\\/2022\\\/07\\\/logo-ia-120.png\",\"width\":120,\"height\":43,\"caption\":\"info algerie\"},\"image\":{\"@id\":\"https:\\\/\\\/www.info-algerie.com\\\/actualites\\\/#\\\/schema\\\/logo\\\/image\\\/\"},\"sameAs\":[\"https:\\\/\\\/www.facebook.com\\\/infoalgerieactu\",\"https:\\\/\\\/x.com\\\/infoalgerie1\"]},{\"@type\":\"Person\",\"@id\":\"https:\\\/\\\/www.info-algerie.com\\\/actualites\\\/#\\\/schema\\\/person\\\/847aaec44920825b843a08f30ec6aa1e\",\"name\":\"La r\u00e9daction\",\"image\":{\"@type\":\"ImageObject\",\"inLanguage\":\"fr-FR\",\"@id\":\"https:\\\/\\\/secure.gravatar.com\\\/avatar\\\/769db425c6f465158149f1ffd6cf61ce7a8a879d11dfbef8288af36dfddd418c?s=96&d=mm&r=g\",\"url\":\"https:\\\/\\\/secure.gravatar.com\\\/avatar\\\/769db425c6f465158149f1ffd6cf61ce7a8a879d11dfbef8288af36dfddd418c?s=96&d=mm&r=g\",\"contentUrl\":\"https:\\\/\\\/secure.gravatar.com\\\/avatar\\\/769db425c6f465158149f1ffd6cf61ce7a8a879d11dfbef8288af36dfddd418c?s=96&d=mm&r=g\",\"caption\":\"La r\u00e9daction\"},\"sameAs\":[\"http:\\\/\\\/www.lkeria.com\\\/\"],\"url\":\"https:\\\/\\\/www.info-algerie.com\\\/actualites\\\/author\\\/chakib32\\\/\"}]}<\/script>\n<!-- \/ Yoast SEO plugin. -->","yoast_head_json":{"title":"Journ\u00e9e nationale du moudjahid: Bouteflika appelle \u00e0 m\u00e9diter","description":"Journ\u00e9e nationale du moudjahid: le pr\u00e9sident Bouteflika appelle \u00e0 m\u00e9diter sur les facteurs de force de la R\u00e9volution","robots":{"index":"index","follow":"follow","max-snippet":"max-snippet:-1","max-image-preview":"max-image-preview:large","max-video-preview":"max-video-preview:-1"},"canonical":"https:\/\/www.info-algerie.com\/actualites\/journee-nationale-du-moudjahid-le-president-bouteflika-appelle-a-mediter-sur-les-facteurs-de-force-de-la-revolution\/","og_locale":"fr_FR","og_type":"article","og_title":"Journ\u00e9e nationale du moudjahid: Bouteflika appelle \u00e0 m\u00e9diter","og_description":"Journ\u00e9e nationale du moudjahid: le pr\u00e9sident Bouteflika appelle \u00e0 m\u00e9diter sur les facteurs de force de la R\u00e9volution","og_url":"https:\/\/www.info-algerie.com\/actualites\/journee-nationale-du-moudjahid-le-president-bouteflika-appelle-a-mediter-sur-les-facteurs-de-force-de-la-revolution\/","og_site_name":"info algerie","article_publisher":"https:\/\/www.facebook.com\/infoalgerieactu","article_published_time":"2015-08-20T13:46:35+00:00","article_modified_time":"2015-08-21T15:28:29+00:00","og_image":[{"width":900,"height":508,"url":"https:\/\/www.info-algerie.com\/actualites\/wp-content\/uploads\/2015\/08\/Journ\u00e9e-nationale-du-moudjahid.jpg","type":"image\/jpeg"}],"author":"La r\u00e9daction","twitter_misc":{"\u00c9crit par":"La r\u00e9daction","Dur\u00e9e de lecture estim\u00e9e":"2 minutes"},"schema":{"@context":"https:\/\/schema.org","@graph":[{"@type":"Article","@id":"https:\/\/www.info-algerie.com\/actualites\/journee-nationale-du-moudjahid-le-president-bouteflika-appelle-a-mediter-sur-les-facteurs-de-force-de-la-revolution\/#article","isPartOf":{"@id":"https:\/\/www.info-algerie.com\/actualites\/journee-nationale-du-moudjahid-le-president-bouteflika-appelle-a-mediter-sur-les-facteurs-de-force-de-la-revolution\/"},"author":{"name":"La r\u00e9daction","@id":"https:\/\/www.info-algerie.com\/actualites\/#\/schema\/person\/847aaec44920825b843a08f30ec6aa1e"},"headline":"Journ\u00e9e nationale du moudjahid: le pr\u00e9sident Bouteflika appelle \u00e0 m\u00e9diter sur les facteurs de force de la R\u00e9volution","datePublished":"2015-08-20T13:46:35+00:00","dateModified":"2015-08-21T15:28:29+00:00","mainEntityOfPage":{"@id":"https:\/\/www.info-algerie.com\/actualites\/journee-nationale-du-moudjahid-le-president-bouteflika-appelle-a-mediter-sur-les-facteurs-de-force-de-la-revolution\/"},"wordCount":421,"commentCount":0,"publisher":{"@id":"https:\/\/www.info-algerie.com\/actualites\/#organization"},"image":{"@id":"https:\/\/www.info-algerie.com\/actualites\/journee-nationale-du-moudjahid-le-president-bouteflika-appelle-a-mediter-sur-les-facteurs-de-force-de-la-revolution\/#primaryimage"},"thumbnailUrl":"https:\/\/www.info-algerie.com\/actualites\/wp-content\/uploads\/2015\/08\/Journ\u00e9e-nationale-du-moudjahid.jpg","keywords":["Journ\u00e9e nationale du moudjahid"],"articleSection":["culture sant\u00e9"],"inLanguage":"fr-FR","potentialAction":[{"@type":"CommentAction","name":"Comment","target":["https:\/\/www.info-algerie.com\/actualites\/journee-nationale-du-moudjahid-le-president-bouteflika-appelle-a-mediter-sur-les-facteurs-de-force-de-la-revolution\/#respond"]}]},{"@type":"WebPage","@id":"https:\/\/www.info-algerie.com\/actualites\/journee-nationale-du-moudjahid-le-president-bouteflika-appelle-a-mediter-sur-les-facteurs-de-force-de-la-revolution\/","url":"https:\/\/www.info-algerie.com\/actualites\/journee-nationale-du-moudjahid-le-president-bouteflika-appelle-a-mediter-sur-les-facteurs-de-force-de-la-revolution\/","name":"Journ\u00e9e nationale du moudjahid: Bouteflika appelle \u00e0 m\u00e9diter","isPartOf":{"@id":"https:\/\/www.info-algerie.com\/actualites\/#website"},"primaryImageOfPage":{"@id":"https:\/\/www.info-algerie.com\/actualites\/journee-nationale-du-moudjahid-le-president-bouteflika-appelle-a-mediter-sur-les-facteurs-de-force-de-la-revolution\/#primaryimage"},"image":{"@id":"https:\/\/www.info-algerie.com\/actualites\/journee-nationale-du-moudjahid-le-president-bouteflika-appelle-a-mediter-sur-les-facteurs-de-force-de-la-revolution\/#primaryimage"},"thumbnailUrl":"https:\/\/www.info-algerie.com\/actualites\/wp-content\/uploads\/2015\/08\/Journ\u00e9e-nationale-du-moudjahid.jpg","datePublished":"2015-08-20T13:46:35+00:00","dateModified":"2015-08-21T15:28:29+00:00","description":"Journ\u00e9e nationale du moudjahid: le pr\u00e9sident Bouteflika appelle \u00e0 m\u00e9diter sur les facteurs de force de la R\u00e9volution","breadcrumb":{"@id":"https:\/\/www.info-algerie.com\/actualites\/journee-nationale-du-moudjahid-le-president-bouteflika-appelle-a-mediter-sur-les-facteurs-de-force-de-la-revolution\/#breadcrumb"},"inLanguage":"fr-FR","potentialAction":[{"@type":"ReadAction","target":["https:\/\/www.info-algerie.com\/actualites\/journee-nationale-du-moudjahid-le-president-bouteflika-appelle-a-mediter-sur-les-facteurs-de-force-de-la-revolution\/"]}]},{"@type":"ImageObject","inLanguage":"fr-FR","@id":"https:\/\/www.info-algerie.com\/actualites\/journee-nationale-du-moudjahid-le-president-bouteflika-appelle-a-mediter-sur-les-facteurs-de-force-de-la-revolution\/#primaryimage","url":"https:\/\/www.info-algerie.com\/actualites\/wp-content\/uploads\/2015\/08\/Journ\u00e9e-nationale-du-moudjahid.jpg","contentUrl":"https:\/\/www.info-algerie.com\/actualites\/wp-content\/uploads\/2015\/08\/Journ\u00e9e-nationale-du-moudjahid.jpg","width":900,"height":508,"caption":"Journ\u00e9e nationale du moudjahid"},{"@type":"BreadcrumbList","@id":"https:\/\/www.info-algerie.com\/actualites\/journee-nationale-du-moudjahid-le-president-bouteflika-appelle-a-mediter-sur-les-facteurs-de-force-de-la-revolution\/#breadcrumb","itemListElement":[{"@type":"ListItem","position":1,"name":"Accueil","item":"https:\/\/www.info-algerie.com\/actualites\/"},{"@type":"ListItem","position":2,"name":"Journ\u00e9e nationale du moudjahid: le pr\u00e9sident Bouteflika appelle \u00e0 m\u00e9diter sur les facteurs de force de la R\u00e9volution"}]},{"@type":"WebSite","@id":"https:\/\/www.info-algerie.com\/actualites\/#website","url":"https:\/\/www.info-algerie.com\/actualites\/","name":"info algerie","description":"Toutes les actualit\u00e9s","publisher":{"@id":"https:\/\/www.info-algerie.com\/actualites\/#organization"},"potentialAction":[{"@type":"SearchAction","target":{"@type":"EntryPoint","urlTemplate":"https:\/\/www.info-algerie.com\/actualites\/?s={search_term_string}"},"query-input":{"@type":"PropertyValueSpecification","valueRequired":true,"valueName":"search_term_string"}}],"inLanguage":"fr-FR"},{"@type":"Organization","@id":"https:\/\/www.info-algerie.com\/actualites\/#organization","name":"info algerie","url":"https:\/\/www.info-algerie.com\/actualites\/","logo":{"@type":"ImageObject","inLanguage":"fr-FR","@id":"https:\/\/www.info-algerie.com\/actualites\/#\/schema\/logo\/image\/","url":"https:\/\/www.info-algerie.com\/actualites\/wp-content\/uploads\/2022\/07\/logo-ia-120.png","contentUrl":"https:\/\/www.info-algerie.com\/actualites\/wp-content\/uploads\/2022\/07\/logo-ia-120.png","width":120,"height":43,"caption":"info algerie"},"image":{"@id":"https:\/\/www.info-algerie.com\/actualites\/#\/schema\/logo\/image\/"},"sameAs":["https:\/\/www.facebook.com\/infoalgerieactu","https:\/\/x.com\/infoalgerie1"]},{"@type":"Person","@id":"https:\/\/www.info-algerie.com\/actualites\/#\/schema\/person\/847aaec44920825b843a08f30ec6aa1e","name":"La r\u00e9daction","image":{"@type":"ImageObject","inLanguage":"fr-FR","@id":"https:\/\/secure.gravatar.com\/avatar\/769db425c6f465158149f1ffd6cf61ce7a8a879d11dfbef8288af36dfddd418c?s=96&d=mm&r=g","url":"https:\/\/secure.gravatar.com\/avatar\/769db425c6f465158149f1ffd6cf61ce7a8a879d11dfbef8288af36dfddd418c?s=96&d=mm&r=g","contentUrl":"https:\/\/secure.gravatar.com\/avatar\/769db425c6f465158149f1ffd6cf61ce7a8a879d11dfbef8288af36dfddd418c?s=96&d=mm&r=g","caption":"La r\u00e9daction"},"sameAs":["http:\/\/www.lkeria.com\/"],"url":"https:\/\/www.info-algerie.com\/actualites\/author\/chakib32\/"}]}},"_links":{"self":[{"href":"https:\/\/www.info-algerie.com\/actualites\/wp-json\/wp\/v2\/posts\/128","targetHints":{"allow":["GET"]}}],"collection":[{"href":"https:\/\/www.info-algerie.com\/actualites\/wp-json\/wp\/v2\/posts"}],"about":[{"href":"https:\/\/www.info-algerie.com\/actualites\/wp-json\/wp\/v2\/types\/post"}],"author":[{"embeddable":true,"href":"https:\/\/www.info-algerie.com\/actualites\/wp-json\/wp\/v2\/users\/6"}],"replies":[{"embeddable":true,"href":"https:\/\/www.info-algerie.com\/actualites\/wp-json\/wp\/v2\/comments?post=128"}],"version-history":[{"count":2,"href":"https:\/\/www.info-algerie.com\/actualites\/wp-json\/wp\/v2\/posts\/128\/revisions"}],"predecessor-version":[{"id":184,"href":"https:\/\/www.info-algerie.com\/actualites\/wp-json\/wp\/v2\/posts\/128\/revisions\/184"}],"wp:featuredmedia":[{"embeddable":true,"href":"https:\/\/www.info-algerie.com\/actualites\/wp-json\/wp\/v2\/media\/183"}],"wp:attachment":[{"href":"https:\/\/www.info-algerie.com\/actualites\/wp-json\/wp\/v2\/media?parent=128"}],"wp:term":[{"taxonomy":"category","embeddable":true,"href":"https:\/\/www.info-algerie.com\/actualites\/wp-json\/wp\/v2\/categories?post=128"},{"taxonomy":"post_tag","embeddable":true,"href":"https:\/\/www.info-algerie.com\/actualites\/wp-json\/wp\/v2\/tags?post=128"}],"curies":[{"name":"wp","href":"https:\/\/api.w.org\/{rel}","templated":true}]}}