{"id":12806,"date":"2017-06-03T15:50:09","date_gmt":"2017-06-03T14:50:09","guid":{"rendered":"http:\/\/www.info-algerie.com\/actualites\/quelque-7-680-detenus-se-presentent-a-lexamen-du-bem\/"},"modified":"2017-06-03T15:50:09","modified_gmt":"2017-06-03T14:50:09","slug":"quelque-7-680-detenus-se-presentent-a-lexamen-du-bem","status":"publish","type":"post","link":"https:\/\/www.info-algerie.com\/actualites\/quelque-7-680-detenus-se-presentent-a-lexamen-du-bem\/","title":{"rendered":"Quelque 7.680 d\u00e9tenus se pr\u00e9sentent \u00e0 l&#039;examen du BEM"},"content":{"rendered":"<div class=\"K2FeedImage\"><img decoding=\"async\" src=\"https:\/\/www.info-algerie.com\/actualites\/wp-content\/uploads\/2017\/06\/caa1c071f41d6d729a28d7c7c13c474a_S.jpg\" alt=\"Quelque 7.680 d&#xE9;tenus se pr&#xE9;sentent &#xE0; l'examen du BEM\" \/><\/div>\n<div class=\"K2FeedIntroText\">\n<p class=\"MsoNormal\">ALGER &#8211; Quelque 7.680 d\u00e9tenus se pr\u00e9sentent \u00e0 l&rsquo;examen du Brevet d&rsquo;enseignement moyen (BEM) dont les \u00e9preuves d\u00e9butent demain dimanche au niveau de 42 \u00e9tablissements p\u00e9nitentiaires agr\u00e9\u00e9s par le minist\u00e8re de l&rsquo;Education nationale comme des centres d&rsquo;examens officiels, a annonc\u00e9 samedi le minist\u00e8re de la Justice dans un communiqu\u00e9.<\/p>\n<p>&#013;\n<\/p><\/div>\n<div class=\"K2FeedFullText\">&#013;<\/p>\n<p class=\"MsoNormal\">Le nombre global des d\u00e9tenus candidats au BEM dont le coup d&rsquo;envoi sera donn\u00e9 demain dimanche \u00e0 partir de l&rsquo;\u00e9tablissement de r\u00e9\u00e9ducation et de r\u00e9insertion d&rsquo;El Harrach, englobe 7.604 hommes et 76 femmes. L&rsquo;ann\u00e9e pr\u00e9c\u00e9dente, ce dernier \u00e9tait de 7.066 candidats.<\/p>\n<p>&#013;<\/p>\n<p class=\"MsoNormal\">Selon la m\u00eame source, les inscrits qui passent leur examen en dehors des \u00e9tablissements p\u00e9nitentiaires sont estim\u00e9s \u00e0 125 alors que l&rsquo;on d\u00e9nombre et 520 autres inscrits remis en libert\u00e9.\u00a0\u00a0\u00a0<\/p>\n<p>&#013;<\/p>\n<p class=\"MsoNormal\">L&rsquo;examen du brevet d&rsquo;enseignement moyen (BEM) se d\u00e9roule sous la supervision de l&rsquo;Office national des examens et concours (ONEC) et l&rsquo;encadrement des personnels du secteur de l&rsquo;\u00e9ducation nationale conform\u00e9ment aux dispositions de la Convention conclue entre les minist\u00e8res de la Justice et de l&rsquo;Education nationale.\u00a0\u00a0<\/p>\n<p>&#013;<\/p>\n<p class=\"MsoNormal\">D&rsquo;autre part, le minist\u00e8re de la Justice a rappel\u00e9 que les candidats au baccalaur\u00e9at et au BEM avaient b\u00e9n\u00e9fici\u00e9 de s\u00e9ances de pr\u00e9paration psychologique, de conseils et orientations pendant les r\u00e9visions sous la supervision de psychologues relevant du secteur des prisons outre des cours de soutien dispens\u00e9s par 717 enseignants.\u00a0<\/p>\n<p>&#013;<\/p>\n<p class=\"MsoNormal\">Durant l&rsquo;ann\u00e9e scolaire 2016\/2017, quelque 42 433 inscrits ont \u00e9t\u00e9 recens\u00e9s pour ce qui est de l&rsquo;enseignement g\u00e9n\u00e9ral dont 34.037 inscrits pour suivre des cours \u00e0 distance, 1.150 pour poursuivre des \u00e9tudes universitaires, 7.246 inscrits dans les classes d&rsquo;alphab\u00e9tisation et enfin, 3.710 candidats \u00e0 l&rsquo;examen du BAC. \u00a0\u00a0<\/p>\n<p>&#013;<\/p>\n<p class=\"MsoNormal\">Par ailleurs, le nombre d&rsquo;inscrits dans les fili\u00e8res de formation professionnelle et libre s&rsquo;\u00e9l\u00e8ve \u00e0 39.380 y compris ceux inscrits pour la session f\u00e9vrier 2017 pour la m\u00eame saison.\u00a0<\/p>\n<\/div>\n<p>&#013;<br \/>\nSource: <a href=\"http:\/\/www.aps.dz\/algerie\/58491-quelque-7-680-detenus-se-presentent-a-l-examen-du-bem\" target=\"_blank\">Quelque 7.680 d\u00e9tenus se pr\u00e9sentent \u00e0 l&rsquo;examen du BEM<\/a><\/p>\n<!--CusAds0-->\n<div style=\"font-size: 0px; height: 0px; line-height: 0px; margin: 0; padding: 0; clear: both;\"><\/div>","protected":false},"excerpt":{"rendered":"<p>ALGER &#8211; Quelque 7.680 d\u00e9tenus se pr\u00e9sentent \u00e0 l&rsquo;examen du Brevet d&rsquo;enseignement moyen (BEM) dont les \u00e9preuves d\u00e9butent demain dimanche au niveau de 42 \u00e9tablissements p\u00e9nitentiaires agr\u00e9\u00e9s par le minist\u00e8re de l&rsquo;Education nationale comme des centres d&rsquo;examens officiels, a annonc\u00e9 samedi le minist\u00e8re de la Justice dans un communiqu\u00e9. &#013; &#013; Le nombre global des<\/p>\n","protected":false},"author":6,"featured_media":12807,"comment_status":"open","ping_status":"open","sticky":false,"template":"","format":"standard","meta":{"footnotes":""},"categories":[22],"tags":[93],"class_list":["post-12806","post","type-post","status-publish","format-standard","has-post-thumbnail","hentry","category-infos","tag-onu"],"yoast_head":"<!-- This site is optimized with the Yoast SEO plugin v27.5 - https:\/\/yoast.com\/product\/yoast-seo-wordpress\/ -->\n<title>Quelque 7.680 d\u00e9tenus se pr\u00e9sentent \u00e0 l&#039;examen du BEM - info algerie<\/title>\n<meta name=\"robots\" content=\"index, follow, max-snippet:-1, max-image-preview:large, max-video-preview:-1\" \/>\n<link rel=\"canonical\" href=\"https:\/\/www.info-algerie.com\/actualites\/quelque-7-680-detenus-se-presentent-a-lexamen-du-bem\/\" \/>\n<meta property=\"og:locale\" content=\"fr_FR\" \/>\n<meta property=\"og:type\" content=\"article\" \/>\n<meta property=\"og:title\" content=\"Quelque 7.680 d\u00e9tenus se pr\u00e9sentent \u00e0 l&#039;examen du BEM - info algerie\" \/>\n<meta property=\"og:description\" content=\"ALGER &#8211; Quelque 7.680 d\u00e9tenus se pr\u00e9sentent \u00e0 l&rsquo;examen du Brevet d&rsquo;enseignement moyen (BEM) dont les \u00e9preuves d\u00e9butent demain dimanche au niveau de 42 \u00e9tablissements p\u00e9nitentiaires agr\u00e9\u00e9s par le minist\u00e8re de l&rsquo;Education nationale comme des centres d&rsquo;examens officiels, a annonc\u00e9 samedi le minist\u00e8re de la Justice dans un communiqu\u00e9. &#013; &#013; Le nombre global des\" \/>\n<meta property=\"og:url\" content=\"https:\/\/www.info-algerie.com\/actualites\/quelque-7-680-detenus-se-presentent-a-lexamen-du-bem\/\" \/>\n<meta property=\"og:site_name\" content=\"info algerie\" \/>\n<meta property=\"article:publisher\" content=\"https:\/\/www.facebook.com\/infoalgerieactu\" \/>\n<meta property=\"article:published_time\" content=\"2017-06-03T14:50:09+00:00\" \/>\n<meta property=\"og:image\" content=\"https:\/\/www.info-algerie.com\/actualites\/wp-content\/uploads\/2017\/06\/caa1c071f41d6d729a28d7c7c13c474a_S-1.jpg\" \/>\n\t<meta property=\"og:image:width\" content=\"280\" \/>\n\t<meta property=\"og:image:height\" content=\"169\" \/>\n\t<meta property=\"og:image:type\" content=\"image\/jpeg\" \/>\n<meta name=\"author\" content=\"La r\u00e9daction\" \/>\n<meta name=\"twitter:label1\" content=\"\u00c9crit par\" \/>\n\t<meta name=\"twitter:data1\" content=\"La r\u00e9daction\" \/>\n\t<meta name=\"twitter:label2\" content=\"Dur\u00e9e de lecture estim\u00e9e\" \/>\n\t<meta name=\"twitter:data2\" content=\"2 minutes\" \/>\n<script type=\"application\/ld+json\" class=\"yoast-schema-graph\">{\"@context\":\"https:\\\/\\\/schema.org\",\"@graph\":[{\"@type\":\"Article\",\"@id\":\"https:\\\/\\\/www.info-algerie.com\\\/actualites\\\/quelque-7-680-detenus-se-presentent-a-lexamen-du-bem\\\/#article\",\"isPartOf\":{\"@id\":\"https:\\\/\\\/www.info-algerie.com\\\/actualites\\\/quelque-7-680-detenus-se-presentent-a-lexamen-du-bem\\\/\"},\"author\":{\"name\":\"La r\u00e9daction\",\"@id\":\"https:\\\/\\\/www.info-algerie.com\\\/actualites\\\/#\\\/schema\\\/person\\\/847aaec44920825b843a08f30ec6aa1e\"},\"headline\":\"Quelque 7.680 d\u00e9tenus se pr\u00e9sentent \u00e0 l&#039;examen du BEM\",\"datePublished\":\"2017-06-03T14:50:09+00:00\",\"mainEntityOfPage\":{\"@id\":\"https:\\\/\\\/www.info-algerie.com\\\/actualites\\\/quelque-7-680-detenus-se-presentent-a-lexamen-du-bem\\\/\"},\"wordCount\":348,\"commentCount\":0,\"publisher\":{\"@id\":\"https:\\\/\\\/www.info-algerie.com\\\/actualites\\\/#organization\"},\"image\":{\"@id\":\"https:\\\/\\\/www.info-algerie.com\\\/actualites\\\/quelque-7-680-detenus-se-presentent-a-lexamen-du-bem\\\/#primaryimage\"},\"thumbnailUrl\":\"https:\\\/\\\/www.info-algerie.com\\\/actualites\\\/wp-content\\\/uploads\\\/2017\\\/06\\\/caa1c071f41d6d729a28d7c7c13c474a_S-1.jpg\",\"keywords\":[\"ONU\"],\"articleSection\":[\"infos\"],\"inLanguage\":\"fr-FR\",\"potentialAction\":[{\"@type\":\"CommentAction\",\"name\":\"Comment\",\"target\":[\"https:\\\/\\\/www.info-algerie.com\\\/actualites\\\/quelque-7-680-detenus-se-presentent-a-lexamen-du-bem\\\/#respond\"]}]},{\"@type\":\"WebPage\",\"@id\":\"https:\\\/\\\/www.info-algerie.com\\\/actualites\\\/quelque-7-680-detenus-se-presentent-a-lexamen-du-bem\\\/\",\"url\":\"https:\\\/\\\/www.info-algerie.com\\\/actualites\\\/quelque-7-680-detenus-se-presentent-a-lexamen-du-bem\\\/\",\"name\":\"Quelque 7.680 d\u00e9tenus se pr\u00e9sentent \u00e0 l&#039;examen du BEM - info algerie\",\"isPartOf\":{\"@id\":\"https:\\\/\\\/www.info-algerie.com\\\/actualites\\\/#website\"},\"primaryImageOfPage\":{\"@id\":\"https:\\\/\\\/www.info-algerie.com\\\/actualites\\\/quelque-7-680-detenus-se-presentent-a-lexamen-du-bem\\\/#primaryimage\"},\"image\":{\"@id\":\"https:\\\/\\\/www.info-algerie.com\\\/actualites\\\/quelque-7-680-detenus-se-presentent-a-lexamen-du-bem\\\/#primaryimage\"},\"thumbnailUrl\":\"https:\\\/\\\/www.info-algerie.com\\\/actualites\\\/wp-content\\\/uploads\\\/2017\\\/06\\\/caa1c071f41d6d729a28d7c7c13c474a_S-1.jpg\",\"datePublished\":\"2017-06-03T14:50:09+00:00\",\"breadcrumb\":{\"@id\":\"https:\\\/\\\/www.info-algerie.com\\\/actualites\\\/quelque-7-680-detenus-se-presentent-a-lexamen-du-bem\\\/#breadcrumb\"},\"inLanguage\":\"fr-FR\",\"potentialAction\":[{\"@type\":\"ReadAction\",\"target\":[\"https:\\\/\\\/www.info-algerie.com\\\/actualites\\\/quelque-7-680-detenus-se-presentent-a-lexamen-du-bem\\\/\"]}]},{\"@type\":\"ImageObject\",\"inLanguage\":\"fr-FR\",\"@id\":\"https:\\\/\\\/www.info-algerie.com\\\/actualites\\\/quelque-7-680-detenus-se-presentent-a-lexamen-du-bem\\\/#primaryimage\",\"url\":\"https:\\\/\\\/www.info-algerie.com\\\/actualites\\\/wp-content\\\/uploads\\\/2017\\\/06\\\/caa1c071f41d6d729a28d7c7c13c474a_S-1.jpg\",\"contentUrl\":\"https:\\\/\\\/www.info-algerie.com\\\/actualites\\\/wp-content\\\/uploads\\\/2017\\\/06\\\/caa1c071f41d6d729a28d7c7c13c474a_S-1.jpg\",\"width\":280,\"height\":169},{\"@type\":\"BreadcrumbList\",\"@id\":\"https:\\\/\\\/www.info-algerie.com\\\/actualites\\\/quelque-7-680-detenus-se-presentent-a-lexamen-du-bem\\\/#breadcrumb\",\"itemListElement\":[{\"@type\":\"ListItem\",\"position\":1,\"name\":\"Accueil\",\"item\":\"https:\\\/\\\/www.info-algerie.com\\\/actualites\\\/\"},{\"@type\":\"ListItem\",\"position\":2,\"name\":\"Quelque 7.680 d\u00e9tenus se pr\u00e9sentent \u00e0 l&#039;examen du BEM\"}]},{\"@type\":\"WebSite\",\"@id\":\"https:\\\/\\\/www.info-algerie.com\\\/actualites\\\/#website\",\"url\":\"https:\\\/\\\/www.info-algerie.com\\\/actualites\\\/\",\"name\":\"info algerie\",\"description\":\"Toutes les actualit\u00e9s\",\"publisher\":{\"@id\":\"https:\\\/\\\/www.info-algerie.com\\\/actualites\\\/#organization\"},\"potentialAction\":[{\"@type\":\"SearchAction\",\"target\":{\"@type\":\"EntryPoint\",\"urlTemplate\":\"https:\\\/\\\/www.info-algerie.com\\\/actualites\\\/?s={search_term_string}\"},\"query-input\":{\"@type\":\"PropertyValueSpecification\",\"valueRequired\":true,\"valueName\":\"search_term_string\"}}],\"inLanguage\":\"fr-FR\"},{\"@type\":\"Organization\",\"@id\":\"https:\\\/\\\/www.info-algerie.com\\\/actualites\\\/#organization\",\"name\":\"info algerie\",\"url\":\"https:\\\/\\\/www.info-algerie.com\\\/actualites\\\/\",\"logo\":{\"@type\":\"ImageObject\",\"inLanguage\":\"fr-FR\",\"@id\":\"https:\\\/\\\/www.info-algerie.com\\\/actualites\\\/#\\\/schema\\\/logo\\\/image\\\/\",\"url\":\"https:\\\/\\\/www.info-algerie.com\\\/actualites\\\/wp-content\\\/uploads\\\/2022\\\/07\\\/logo-ia-120.png\",\"contentUrl\":\"https:\\\/\\\/www.info-algerie.com\\\/actualites\\\/wp-content\\\/uploads\\\/2022\\\/07\\\/logo-ia-120.png\",\"width\":120,\"height\":43,\"caption\":\"info algerie\"},\"image\":{\"@id\":\"https:\\\/\\\/www.info-algerie.com\\\/actualites\\\/#\\\/schema\\\/logo\\\/image\\\/\"},\"sameAs\":[\"https:\\\/\\\/www.facebook.com\\\/infoalgerieactu\",\"https:\\\/\\\/x.com\\\/infoalgerie1\"]},{\"@type\":\"Person\",\"@id\":\"https:\\\/\\\/www.info-algerie.com\\\/actualites\\\/#\\\/schema\\\/person\\\/847aaec44920825b843a08f30ec6aa1e\",\"name\":\"La r\u00e9daction\",\"image\":{\"@type\":\"ImageObject\",\"inLanguage\":\"fr-FR\",\"@id\":\"https:\\\/\\\/secure.gravatar.com\\\/avatar\\\/769db425c6f465158149f1ffd6cf61ce7a8a879d11dfbef8288af36dfddd418c?s=96&d=mm&r=g\",\"url\":\"https:\\\/\\\/secure.gravatar.com\\\/avatar\\\/769db425c6f465158149f1ffd6cf61ce7a8a879d11dfbef8288af36dfddd418c?s=96&d=mm&r=g\",\"contentUrl\":\"https:\\\/\\\/secure.gravatar.com\\\/avatar\\\/769db425c6f465158149f1ffd6cf61ce7a8a879d11dfbef8288af36dfddd418c?s=96&d=mm&r=g\",\"caption\":\"La r\u00e9daction\"},\"sameAs\":[\"http:\\\/\\\/www.lkeria.com\\\/\"],\"url\":\"https:\\\/\\\/www.info-algerie.com\\\/actualites\\\/author\\\/chakib32\\\/\"}]}<\/script>\n<!-- \/ Yoast SEO plugin. -->","yoast_head_json":{"title":"Quelque 7.680 d\u00e9tenus se pr\u00e9sentent \u00e0 l&#039;examen du BEM - info algerie","robots":{"index":"index","follow":"follow","max-snippet":"max-snippet:-1","max-image-preview":"max-image-preview:large","max-video-preview":"max-video-preview:-1"},"canonical":"https:\/\/www.info-algerie.com\/actualites\/quelque-7-680-detenus-se-presentent-a-lexamen-du-bem\/","og_locale":"fr_FR","og_type":"article","og_title":"Quelque 7.680 d\u00e9tenus se pr\u00e9sentent \u00e0 l&#039;examen du BEM - info algerie","og_description":"ALGER &#8211; Quelque 7.680 d\u00e9tenus se pr\u00e9sentent \u00e0 l&rsquo;examen du Brevet d&rsquo;enseignement moyen (BEM) dont les \u00e9preuves d\u00e9butent demain dimanche au niveau de 42 \u00e9tablissements p\u00e9nitentiaires agr\u00e9\u00e9s par le minist\u00e8re de l&rsquo;Education nationale comme des centres d&rsquo;examens officiels, a annonc\u00e9 samedi le minist\u00e8re de la Justice dans un communiqu\u00e9. &#013; &#013; Le nombre global des","og_url":"https:\/\/www.info-algerie.com\/actualites\/quelque-7-680-detenus-se-presentent-a-lexamen-du-bem\/","og_site_name":"info algerie","article_publisher":"https:\/\/www.facebook.com\/infoalgerieactu","article_published_time":"2017-06-03T14:50:09+00:00","og_image":[{"width":280,"height":169,"url":"https:\/\/www.info-algerie.com\/actualites\/wp-content\/uploads\/2017\/06\/caa1c071f41d6d729a28d7c7c13c474a_S-1.jpg","type":"image\/jpeg"}],"author":"La r\u00e9daction","twitter_misc":{"\u00c9crit par":"La r\u00e9daction","Dur\u00e9e de lecture estim\u00e9e":"2 minutes"},"schema":{"@context":"https:\/\/schema.org","@graph":[{"@type":"Article","@id":"https:\/\/www.info-algerie.com\/actualites\/quelque-7-680-detenus-se-presentent-a-lexamen-du-bem\/#article","isPartOf":{"@id":"https:\/\/www.info-algerie.com\/actualites\/quelque-7-680-detenus-se-presentent-a-lexamen-du-bem\/"},"author":{"name":"La r\u00e9daction","@id":"https:\/\/www.info-algerie.com\/actualites\/#\/schema\/person\/847aaec44920825b843a08f30ec6aa1e"},"headline":"Quelque 7.680 d\u00e9tenus se pr\u00e9sentent \u00e0 l&#039;examen du BEM","datePublished":"2017-06-03T14:50:09+00:00","mainEntityOfPage":{"@id":"https:\/\/www.info-algerie.com\/actualites\/quelque-7-680-detenus-se-presentent-a-lexamen-du-bem\/"},"wordCount":348,"commentCount":0,"publisher":{"@id":"https:\/\/www.info-algerie.com\/actualites\/#organization"},"image":{"@id":"https:\/\/www.info-algerie.com\/actualites\/quelque-7-680-detenus-se-presentent-a-lexamen-du-bem\/#primaryimage"},"thumbnailUrl":"https:\/\/www.info-algerie.com\/actualites\/wp-content\/uploads\/2017\/06\/caa1c071f41d6d729a28d7c7c13c474a_S-1.jpg","keywords":["ONU"],"articleSection":["infos"],"inLanguage":"fr-FR","potentialAction":[{"@type":"CommentAction","name":"Comment","target":["https:\/\/www.info-algerie.com\/actualites\/quelque-7-680-detenus-se-presentent-a-lexamen-du-bem\/#respond"]}]},{"@type":"WebPage","@id":"https:\/\/www.info-algerie.com\/actualites\/quelque-7-680-detenus-se-presentent-a-lexamen-du-bem\/","url":"https:\/\/www.info-algerie.com\/actualites\/quelque-7-680-detenus-se-presentent-a-lexamen-du-bem\/","name":"Quelque 7.680 d\u00e9tenus se pr\u00e9sentent \u00e0 l&#039;examen du BEM - info algerie","isPartOf":{"@id":"https:\/\/www.info-algerie.com\/actualites\/#website"},"primaryImageOfPage":{"@id":"https:\/\/www.info-algerie.com\/actualites\/quelque-7-680-detenus-se-presentent-a-lexamen-du-bem\/#primaryimage"},"image":{"@id":"https:\/\/www.info-algerie.com\/actualites\/quelque-7-680-detenus-se-presentent-a-lexamen-du-bem\/#primaryimage"},"thumbnailUrl":"https:\/\/www.info-algerie.com\/actualites\/wp-content\/uploads\/2017\/06\/caa1c071f41d6d729a28d7c7c13c474a_S-1.jpg","datePublished":"2017-06-03T14:50:09+00:00","breadcrumb":{"@id":"https:\/\/www.info-algerie.com\/actualites\/quelque-7-680-detenus-se-presentent-a-lexamen-du-bem\/#breadcrumb"},"inLanguage":"fr-FR","potentialAction":[{"@type":"ReadAction","target":["https:\/\/www.info-algerie.com\/actualites\/quelque-7-680-detenus-se-presentent-a-lexamen-du-bem\/"]}]},{"@type":"ImageObject","inLanguage":"fr-FR","@id":"https:\/\/www.info-algerie.com\/actualites\/quelque-7-680-detenus-se-presentent-a-lexamen-du-bem\/#primaryimage","url":"https:\/\/www.info-algerie.com\/actualites\/wp-content\/uploads\/2017\/06\/caa1c071f41d6d729a28d7c7c13c474a_S-1.jpg","contentUrl":"https:\/\/www.info-algerie.com\/actualites\/wp-content\/uploads\/2017\/06\/caa1c071f41d6d729a28d7c7c13c474a_S-1.jpg","width":280,"height":169},{"@type":"BreadcrumbList","@id":"https:\/\/www.info-algerie.com\/actualites\/quelque-7-680-detenus-se-presentent-a-lexamen-du-bem\/#breadcrumb","itemListElement":[{"@type":"ListItem","position":1,"name":"Accueil","item":"https:\/\/www.info-algerie.com\/actualites\/"},{"@type":"ListItem","position":2,"name":"Quelque 7.680 d\u00e9tenus se pr\u00e9sentent \u00e0 l&#039;examen du BEM"}]},{"@type":"WebSite","@id":"https:\/\/www.info-algerie.com\/actualites\/#website","url":"https:\/\/www.info-algerie.com\/actualites\/","name":"info algerie","description":"Toutes les actualit\u00e9s","publisher":{"@id":"https:\/\/www.info-algerie.com\/actualites\/#organization"},"potentialAction":[{"@type":"SearchAction","target":{"@type":"EntryPoint","urlTemplate":"https:\/\/www.info-algerie.com\/actualites\/?s={search_term_string}"},"query-input":{"@type":"PropertyValueSpecification","valueRequired":true,"valueName":"search_term_string"}}],"inLanguage":"fr-FR"},{"@type":"Organization","@id":"https:\/\/www.info-algerie.com\/actualites\/#organization","name":"info algerie","url":"https:\/\/www.info-algerie.com\/actualites\/","logo":{"@type":"ImageObject","inLanguage":"fr-FR","@id":"https:\/\/www.info-algerie.com\/actualites\/#\/schema\/logo\/image\/","url":"https:\/\/www.info-algerie.com\/actualites\/wp-content\/uploads\/2022\/07\/logo-ia-120.png","contentUrl":"https:\/\/www.info-algerie.com\/actualites\/wp-content\/uploads\/2022\/07\/logo-ia-120.png","width":120,"height":43,"caption":"info algerie"},"image":{"@id":"https:\/\/www.info-algerie.com\/actualites\/#\/schema\/logo\/image\/"},"sameAs":["https:\/\/www.facebook.com\/infoalgerieactu","https:\/\/x.com\/infoalgerie1"]},{"@type":"Person","@id":"https:\/\/www.info-algerie.com\/actualites\/#\/schema\/person\/847aaec44920825b843a08f30ec6aa1e","name":"La r\u00e9daction","image":{"@type":"ImageObject","inLanguage":"fr-FR","@id":"https:\/\/secure.gravatar.com\/avatar\/769db425c6f465158149f1ffd6cf61ce7a8a879d11dfbef8288af36dfddd418c?s=96&d=mm&r=g","url":"https:\/\/secure.gravatar.com\/avatar\/769db425c6f465158149f1ffd6cf61ce7a8a879d11dfbef8288af36dfddd418c?s=96&d=mm&r=g","contentUrl":"https:\/\/secure.gravatar.com\/avatar\/769db425c6f465158149f1ffd6cf61ce7a8a879d11dfbef8288af36dfddd418c?s=96&d=mm&r=g","caption":"La r\u00e9daction"},"sameAs":["http:\/\/www.lkeria.com\/"],"url":"https:\/\/www.info-algerie.com\/actualites\/author\/chakib32\/"}]}},"_links":{"self":[{"href":"https:\/\/www.info-algerie.com\/actualites\/wp-json\/wp\/v2\/posts\/12806","targetHints":{"allow":["GET"]}}],"collection":[{"href":"https:\/\/www.info-algerie.com\/actualites\/wp-json\/wp\/v2\/posts"}],"about":[{"href":"https:\/\/www.info-algerie.com\/actualites\/wp-json\/wp\/v2\/types\/post"}],"author":[{"embeddable":true,"href":"https:\/\/www.info-algerie.com\/actualites\/wp-json\/wp\/v2\/users\/6"}],"replies":[{"embeddable":true,"href":"https:\/\/www.info-algerie.com\/actualites\/wp-json\/wp\/v2\/comments?post=12806"}],"version-history":[{"count":0,"href":"https:\/\/www.info-algerie.com\/actualites\/wp-json\/wp\/v2\/posts\/12806\/revisions"}],"wp:featuredmedia":[{"embeddable":true,"href":"https:\/\/www.info-algerie.com\/actualites\/wp-json\/wp\/v2\/media\/12807"}],"wp:attachment":[{"href":"https:\/\/www.info-algerie.com\/actualites\/wp-json\/wp\/v2\/media?parent=12806"}],"wp:term":[{"taxonomy":"category","embeddable":true,"href":"https:\/\/www.info-algerie.com\/actualites\/wp-json\/wp\/v2\/categories?post=12806"},{"taxonomy":"post_tag","embeddable":true,"href":"https:\/\/www.info-algerie.com\/actualites\/wp-json\/wp\/v2\/tags?post=12806"}],"curies":[{"name":"wp","href":"https:\/\/api.w.org\/{rel}","templated":true}]}}