{"id":12809,"date":"2017-06-03T15:23:20","date_gmt":"2017-06-03T14:23:20","guid":{"rendered":"http:\/\/www.info-algerie.com\/actualites\/necessite-de-parachever-laspect-reglementaire-du-champ-audiovisuel\/"},"modified":"2017-06-03T15:23:20","modified_gmt":"2017-06-03T14:23:20","slug":"necessite-de-parachever-laspect-reglementaire-du-champ-audiovisuel","status":"publish","type":"post","link":"https:\/\/www.info-algerie.com\/actualites\/necessite-de-parachever-laspect-reglementaire-du-champ-audiovisuel\/","title":{"rendered":"N\u00e9cessit\u00e9 de parachever l&#039;aspect r\u00e9glementaire du champ audiovisuel"},"content":{"rendered":"<div class=\"K2FeedImage\"><img decoding=\"async\" src=\"https:\/\/www.info-algerie.com\/actualites\/wp-content\/uploads\/2017\/06\/ec8fc99dfef4b34f89218a41ece849ff_S.jpg\" alt=\"N&#xE9;cessit&#xE9; de parachever l'aspect r&#xE9;glementaire du champ audiovisuel\" \/><\/div>\n<div class=\"K2FeedIntroText\">\n<p class=\"MsoNormal\">ALGER &#8211; Le pr\u00e9sident de l&rsquo;Autorit\u00e9 de r\u00e9gulation de l&rsquo;audiovisuel (ARAV), Zouaoui Benhamadi a appel\u00e9 \u00e0 la n\u00e9cessit\u00e9 de \u00ab\u00a0parachever l&rsquo;aspect disciplinaire et r\u00e9glementaire\u00a0\u00bb du champ audiovisuel pour en assurer la bonne organisation afin d&rsquo;\u00e9viter \u00ab\u00a0des d\u00e9passements\u00a0\u00bb constat\u00e9s notamment durant le mois sacr\u00e9 du Ramadhan.<\/p>\n<p>&#013;\n<\/p><\/div>\n<div class=\"K2FeedFullText\">&#013;<\/p>\n<p class=\"MsoNormal\">\u00ab\u00a0Nous avons agi jusqu&rsquo;\u00e0 maintenant de mani\u00e8re p\u00e9dagogique, mais il est temps qu&rsquo;on passe \u00e0 autre chose pour parachever l&rsquo;aspect disciplinaire et r\u00e8glementaire\u00a0\u00bb de l&rsquo;organisation du secteur audiovisuel, a indiqu\u00e9 M. Benhamadi dans une d\u00e9claration \u00e0 l&rsquo;APS.<\/p>\n<p>&#013;<\/p>\n<p class=\"MsoNormal\">Il a estim\u00e9 qu&rsquo;avec l&rsquo;application rigoureuse de la r\u00e9glementation \u00ab\u00a0on peut aller vite dans la r\u00e9gularisation des cha\u00eenes priv\u00e9es (qui sont de droit \u00e9tranger), apr\u00e8s, bien s\u00fbr, leur mise en conformit\u00e9 avec le cahier des charges\u00a0\u00bb.<\/p>\n<p>&#013;<\/p>\n<p class=\"MsoNormal\">\u00ab\u00a0Avec un nouveau gouvernement et un nouveau ministre de la Communication, on va avancer s\u00e9rieusement sur le dossier de la r\u00e9glementation du champ audiovisuel\u00a0\u00bb, a-t-il dit.<\/p>\n<p>&#013;<\/p>\n<p class=\"MsoNormal\">M. Benhamadi a point\u00e9 du doigt des \u00e9missions, notamment les cam\u00e9ras cach\u00e9es, qui sous couvert de divertissement, montrent des s\u00e9quences dont \u00ab\u00a0la brutalit\u00e9 et la vulgarit\u00e9\u00a0\u00bb sont une \u00ab\u00a0insulte \u00e0 la dignit\u00e9 humaine\u00a0\u00bb.<\/p>\n<p>&#013;<\/p>\n<p class=\"MsoNormal\">Selon lui, c&rsquo;est aux \u00ab\u00a0personnes mal repr\u00e9sent\u00e9es, de se plaindre et de faire pression sur ces cha\u00eenes en ayant recours \u00e0 la justice\u00a0\u00bb, soulignant que l&rsquo;ARAV pouvait intervenir notamment quand elle constate un \u00ab\u00a0d\u00e9passement grave\u00a0\u00bb, touchant\u00a0 notamment aux symboles de l&rsquo;Etat.<\/p>\n<p>&#013;<\/p>\n<p class=\"MsoNormal\">\u00ab\u00a0Nous sommes abasourdis par tant de l\u00e9g\u00e8ret\u00e9 dans certains programmes\u00a0\u00bb, a-t-il regrett\u00e9 avant d&rsquo;appeler \u00e0 la n\u00e9cessit\u00e9 \u00ab\u00a0d&rsquo;entreprendre une r\u00e9flexion pour la construction du paysage audiovisuel national\u00a0\u00bb.<\/p>\n<p>&#013;<\/p>\n<p class=\"MsoNormal\">Le pr\u00e9sident de l&rsquo;ARAV a relev\u00e9 que ces cha\u00eenes priv\u00e9es existaient sans cahier des charges pr\u00e9cis propres \u00e0 elles, tout en estimant que celles-ci sont un \u00ab\u00a0\u00e9l\u00e9ment valorisant\u00a0\u00bb dans le champ audiovisuel national et qu&rsquo;il \u00ab\u00a0ne convient pas de les supprimer ou de les stigmatiser\u00a0\u00bb.<\/p>\n<p>&#013;<\/p>\n<p class=\"MsoNormal\">Pour rappel, l&rsquo;ARAV avait exhort\u00e9, avant le d\u00e9but du mois sacr\u00e9 du Ramadhan, les cha\u00eenes de t\u00e9l\u00e9vision alg\u00e9riennes \u00e0 observer les \u00ab\u00a0principes d\u2019int\u00e9r\u00eat g\u00e9n\u00e9ral\u00a0\u00bb afin d\u2019\u00e9viter les \u00ab\u00a0d\u00e9rives\u00a0\u00bb constat\u00e9es les ann\u00e9es pr\u00e9c\u00e9dentes, tout en \u00e9laborant des programmes sp\u00e9ciaux pour le Ramadhan \u00a0\u00bbqui soient un espace d\u2019\u00e9veil \u00e0 la fois spirituel et rationnel, conciliant authenticit\u00e9 et modernit\u00e9\u00a0\u00bb.<\/p>\n<p>&#013;<\/p>\n<p class=\"MsoNormal\">Le d\u00e9cret ex\u00e9cutif portant cahier des charges de l`audiovisuel de 2016 dispose notamment le respect des valeurs nationales\u00a0 et veille \u00e0 ne pas faire l`apologie de la violence.<\/p>\n<p>&#013;<\/p>\n<p>\u00a0<\/p>\n<p>&#013;<\/p>\n<p class=\"MsoNormal\">Il dispose \u00e9galement que le temps consacr\u00e9 \u00e0 la diffusion des messages publicitaires ne peut \u00eatre sup\u00e9rieur \u00e0 6 minutes par heure d`antenne en moyenne dans l`ann\u00e9e et chaque s\u00e9quence de messages publicitaires est limit\u00e9e \u00e0 une dur\u00e9e maximum de 3 minutes.<\/p>\n<\/div>\n<p>&#013;<br \/>\nSource: <a href=\"http:\/\/www.aps.dz\/algerie\/58490-necessite-de-parachever-l-aspect-reglementaire-du-champ-audiovisuel\" target=\"_blank\">N\u00e9cessit\u00e9 de parachever l&rsquo;aspect r\u00e9glementaire du champ audiovisuel<\/a><\/p>\n<!--CusAds0-->\n<div style=\"font-size: 0px; height: 0px; line-height: 0px; margin: 0; padding: 0; clear: both;\"><\/div>","protected":false},"excerpt":{"rendered":"<p>ALGER &#8211; Le pr\u00e9sident de l&rsquo;Autorit\u00e9 de r\u00e9gulation de l&rsquo;audiovisuel (ARAV), Zouaoui Benhamadi a appel\u00e9 \u00e0 la n\u00e9cessit\u00e9 de \u00ab\u00a0parachever l&rsquo;aspect disciplinaire et r\u00e9glementaire\u00a0\u00bb du champ audiovisuel pour en assurer la bonne organisation afin d&rsquo;\u00e9viter \u00ab\u00a0des d\u00e9passements\u00a0\u00bb constat\u00e9s notamment durant le mois sacr\u00e9 du Ramadhan. &#013; &#013; \u00ab\u00a0Nous avons agi jusqu&rsquo;\u00e0 maintenant de mani\u00e8re p\u00e9dagogique,<\/p>\n","protected":false},"author":6,"featured_media":12810,"comment_status":"open","ping_status":"open","sticky":false,"template":"","format":"standard","meta":{"footnotes":""},"categories":[22],"tags":[93],"class_list":["post-12809","post","type-post","status-publish","format-standard","has-post-thumbnail","hentry","category-infos","tag-onu"],"yoast_head":"<!-- This site is optimized with the Yoast SEO plugin v27.5 - https:\/\/yoast.com\/product\/yoast-seo-wordpress\/ -->\n<title>N\u00e9cessit\u00e9 de parachever l&#039;aspect r\u00e9glementaire du champ audiovisuel - info algerie<\/title>\n<meta name=\"robots\" content=\"index, follow, max-snippet:-1, max-image-preview:large, max-video-preview:-1\" \/>\n<link rel=\"canonical\" href=\"https:\/\/www.info-algerie.com\/actualites\/necessite-de-parachever-laspect-reglementaire-du-champ-audiovisuel\/\" \/>\n<meta property=\"og:locale\" content=\"fr_FR\" \/>\n<meta property=\"og:type\" content=\"article\" \/>\n<meta property=\"og:title\" content=\"N\u00e9cessit\u00e9 de parachever l&#039;aspect r\u00e9glementaire du champ audiovisuel - info algerie\" \/>\n<meta property=\"og:description\" content=\"ALGER &#8211; Le pr\u00e9sident de l&rsquo;Autorit\u00e9 de r\u00e9gulation de l&rsquo;audiovisuel (ARAV), Zouaoui Benhamadi a appel\u00e9 \u00e0 la n\u00e9cessit\u00e9 de \u00ab\u00a0parachever l&rsquo;aspect disciplinaire et r\u00e9glementaire\u00a0\u00bb du champ audiovisuel pour en assurer la bonne organisation afin d&rsquo;\u00e9viter \u00ab\u00a0des d\u00e9passements\u00a0\u00bb constat\u00e9s notamment durant le mois sacr\u00e9 du Ramadhan. &#013; &#013; \u00ab\u00a0Nous avons agi jusqu&rsquo;\u00e0 maintenant de mani\u00e8re p\u00e9dagogique,\" \/>\n<meta property=\"og:url\" content=\"https:\/\/www.info-algerie.com\/actualites\/necessite-de-parachever-laspect-reglementaire-du-champ-audiovisuel\/\" \/>\n<meta property=\"og:site_name\" content=\"info algerie\" \/>\n<meta property=\"article:publisher\" content=\"https:\/\/www.facebook.com\/infoalgerieactu\" \/>\n<meta property=\"article:published_time\" content=\"2017-06-03T14:23:20+00:00\" \/>\n<meta property=\"og:image\" content=\"https:\/\/www.info-algerie.com\/actualites\/wp-content\/uploads\/2017\/06\/ec8fc99dfef4b34f89218a41ece849ff_S-1.jpg\" \/>\n\t<meta property=\"og:image:width\" content=\"280\" \/>\n\t<meta property=\"og:image:height\" content=\"169\" \/>\n\t<meta property=\"og:image:type\" content=\"image\/jpeg\" \/>\n<meta name=\"author\" content=\"La r\u00e9daction\" \/>\n<meta name=\"twitter:label1\" content=\"\u00c9crit par\" \/>\n\t<meta name=\"twitter:data1\" content=\"La r\u00e9daction\" \/>\n\t<meta name=\"twitter:label2\" content=\"Dur\u00e9e de lecture estim\u00e9e\" \/>\n\t<meta name=\"twitter:data2\" content=\"2 minutes\" \/>\n<script type=\"application\/ld+json\" class=\"yoast-schema-graph\">{\"@context\":\"https:\\\/\\\/schema.org\",\"@graph\":[{\"@type\":\"Article\",\"@id\":\"https:\\\/\\\/www.info-algerie.com\\\/actualites\\\/necessite-de-parachever-laspect-reglementaire-du-champ-audiovisuel\\\/#article\",\"isPartOf\":{\"@id\":\"https:\\\/\\\/www.info-algerie.com\\\/actualites\\\/necessite-de-parachever-laspect-reglementaire-du-champ-audiovisuel\\\/\"},\"author\":{\"name\":\"La r\u00e9daction\",\"@id\":\"https:\\\/\\\/www.info-algerie.com\\\/actualites\\\/#\\\/schema\\\/person\\\/847aaec44920825b843a08f30ec6aa1e\"},\"headline\":\"N\u00e9cessit\u00e9 de parachever l&#039;aspect r\u00e9glementaire du champ audiovisuel\",\"datePublished\":\"2017-06-03T14:23:20+00:00\",\"mainEntityOfPage\":{\"@id\":\"https:\\\/\\\/www.info-algerie.com\\\/actualites\\\/necessite-de-parachever-laspect-reglementaire-du-champ-audiovisuel\\\/\"},\"wordCount\":504,\"commentCount\":0,\"publisher\":{\"@id\":\"https:\\\/\\\/www.info-algerie.com\\\/actualites\\\/#organization\"},\"image\":{\"@id\":\"https:\\\/\\\/www.info-algerie.com\\\/actualites\\\/necessite-de-parachever-laspect-reglementaire-du-champ-audiovisuel\\\/#primaryimage\"},\"thumbnailUrl\":\"https:\\\/\\\/www.info-algerie.com\\\/actualites\\\/wp-content\\\/uploads\\\/2017\\\/06\\\/ec8fc99dfef4b34f89218a41ece849ff_S-1.jpg\",\"keywords\":[\"ONU\"],\"articleSection\":[\"infos\"],\"inLanguage\":\"fr-FR\",\"potentialAction\":[{\"@type\":\"CommentAction\",\"name\":\"Comment\",\"target\":[\"https:\\\/\\\/www.info-algerie.com\\\/actualites\\\/necessite-de-parachever-laspect-reglementaire-du-champ-audiovisuel\\\/#respond\"]}]},{\"@type\":\"WebPage\",\"@id\":\"https:\\\/\\\/www.info-algerie.com\\\/actualites\\\/necessite-de-parachever-laspect-reglementaire-du-champ-audiovisuel\\\/\",\"url\":\"https:\\\/\\\/www.info-algerie.com\\\/actualites\\\/necessite-de-parachever-laspect-reglementaire-du-champ-audiovisuel\\\/\",\"name\":\"N\u00e9cessit\u00e9 de parachever l&#039;aspect r\u00e9glementaire du champ audiovisuel - info algerie\",\"isPartOf\":{\"@id\":\"https:\\\/\\\/www.info-algerie.com\\\/actualites\\\/#website\"},\"primaryImageOfPage\":{\"@id\":\"https:\\\/\\\/www.info-algerie.com\\\/actualites\\\/necessite-de-parachever-laspect-reglementaire-du-champ-audiovisuel\\\/#primaryimage\"},\"image\":{\"@id\":\"https:\\\/\\\/www.info-algerie.com\\\/actualites\\\/necessite-de-parachever-laspect-reglementaire-du-champ-audiovisuel\\\/#primaryimage\"},\"thumbnailUrl\":\"https:\\\/\\\/www.info-algerie.com\\\/actualites\\\/wp-content\\\/uploads\\\/2017\\\/06\\\/ec8fc99dfef4b34f89218a41ece849ff_S-1.jpg\",\"datePublished\":\"2017-06-03T14:23:20+00:00\",\"breadcrumb\":{\"@id\":\"https:\\\/\\\/www.info-algerie.com\\\/actualites\\\/necessite-de-parachever-laspect-reglementaire-du-champ-audiovisuel\\\/#breadcrumb\"},\"inLanguage\":\"fr-FR\",\"potentialAction\":[{\"@type\":\"ReadAction\",\"target\":[\"https:\\\/\\\/www.info-algerie.com\\\/actualites\\\/necessite-de-parachever-laspect-reglementaire-du-champ-audiovisuel\\\/\"]}]},{\"@type\":\"ImageObject\",\"inLanguage\":\"fr-FR\",\"@id\":\"https:\\\/\\\/www.info-algerie.com\\\/actualites\\\/necessite-de-parachever-laspect-reglementaire-du-champ-audiovisuel\\\/#primaryimage\",\"url\":\"https:\\\/\\\/www.info-algerie.com\\\/actualites\\\/wp-content\\\/uploads\\\/2017\\\/06\\\/ec8fc99dfef4b34f89218a41ece849ff_S-1.jpg\",\"contentUrl\":\"https:\\\/\\\/www.info-algerie.com\\\/actualites\\\/wp-content\\\/uploads\\\/2017\\\/06\\\/ec8fc99dfef4b34f89218a41ece849ff_S-1.jpg\",\"width\":280,\"height\":169},{\"@type\":\"BreadcrumbList\",\"@id\":\"https:\\\/\\\/www.info-algerie.com\\\/actualites\\\/necessite-de-parachever-laspect-reglementaire-du-champ-audiovisuel\\\/#breadcrumb\",\"itemListElement\":[{\"@type\":\"ListItem\",\"position\":1,\"name\":\"Accueil\",\"item\":\"https:\\\/\\\/www.info-algerie.com\\\/actualites\\\/\"},{\"@type\":\"ListItem\",\"position\":2,\"name\":\"N\u00e9cessit\u00e9 de parachever l&#039;aspect r\u00e9glementaire du champ audiovisuel\"}]},{\"@type\":\"WebSite\",\"@id\":\"https:\\\/\\\/www.info-algerie.com\\\/actualites\\\/#website\",\"url\":\"https:\\\/\\\/www.info-algerie.com\\\/actualites\\\/\",\"name\":\"info algerie\",\"description\":\"Toutes les actualit\u00e9s\",\"publisher\":{\"@id\":\"https:\\\/\\\/www.info-algerie.com\\\/actualites\\\/#organization\"},\"potentialAction\":[{\"@type\":\"SearchAction\",\"target\":{\"@type\":\"EntryPoint\",\"urlTemplate\":\"https:\\\/\\\/www.info-algerie.com\\\/actualites\\\/?s={search_term_string}\"},\"query-input\":{\"@type\":\"PropertyValueSpecification\",\"valueRequired\":true,\"valueName\":\"search_term_string\"}}],\"inLanguage\":\"fr-FR\"},{\"@type\":\"Organization\",\"@id\":\"https:\\\/\\\/www.info-algerie.com\\\/actualites\\\/#organization\",\"name\":\"info algerie\",\"url\":\"https:\\\/\\\/www.info-algerie.com\\\/actualites\\\/\",\"logo\":{\"@type\":\"ImageObject\",\"inLanguage\":\"fr-FR\",\"@id\":\"https:\\\/\\\/www.info-algerie.com\\\/actualites\\\/#\\\/schema\\\/logo\\\/image\\\/\",\"url\":\"https:\\\/\\\/www.info-algerie.com\\\/actualites\\\/wp-content\\\/uploads\\\/2022\\\/07\\\/logo-ia-120.png\",\"contentUrl\":\"https:\\\/\\\/www.info-algerie.com\\\/actualites\\\/wp-content\\\/uploads\\\/2022\\\/07\\\/logo-ia-120.png\",\"width\":120,\"height\":43,\"caption\":\"info algerie\"},\"image\":{\"@id\":\"https:\\\/\\\/www.info-algerie.com\\\/actualites\\\/#\\\/schema\\\/logo\\\/image\\\/\"},\"sameAs\":[\"https:\\\/\\\/www.facebook.com\\\/infoalgerieactu\",\"https:\\\/\\\/x.com\\\/infoalgerie1\"]},{\"@type\":\"Person\",\"@id\":\"https:\\\/\\\/www.info-algerie.com\\\/actualites\\\/#\\\/schema\\\/person\\\/847aaec44920825b843a08f30ec6aa1e\",\"name\":\"La r\u00e9daction\",\"image\":{\"@type\":\"ImageObject\",\"inLanguage\":\"fr-FR\",\"@id\":\"https:\\\/\\\/secure.gravatar.com\\\/avatar\\\/769db425c6f465158149f1ffd6cf61ce7a8a879d11dfbef8288af36dfddd418c?s=96&d=mm&r=g\",\"url\":\"https:\\\/\\\/secure.gravatar.com\\\/avatar\\\/769db425c6f465158149f1ffd6cf61ce7a8a879d11dfbef8288af36dfddd418c?s=96&d=mm&r=g\",\"contentUrl\":\"https:\\\/\\\/secure.gravatar.com\\\/avatar\\\/769db425c6f465158149f1ffd6cf61ce7a8a879d11dfbef8288af36dfddd418c?s=96&d=mm&r=g\",\"caption\":\"La r\u00e9daction\"},\"sameAs\":[\"http:\\\/\\\/www.lkeria.com\\\/\"],\"url\":\"https:\\\/\\\/www.info-algerie.com\\\/actualites\\\/author\\\/chakib32\\\/\"}]}<\/script>\n<!-- \/ Yoast SEO plugin. -->","yoast_head_json":{"title":"N\u00e9cessit\u00e9 de parachever l&#039;aspect r\u00e9glementaire du champ audiovisuel - info algerie","robots":{"index":"index","follow":"follow","max-snippet":"max-snippet:-1","max-image-preview":"max-image-preview:large","max-video-preview":"max-video-preview:-1"},"canonical":"https:\/\/www.info-algerie.com\/actualites\/necessite-de-parachever-laspect-reglementaire-du-champ-audiovisuel\/","og_locale":"fr_FR","og_type":"article","og_title":"N\u00e9cessit\u00e9 de parachever l&#039;aspect r\u00e9glementaire du champ audiovisuel - info algerie","og_description":"ALGER &#8211; Le pr\u00e9sident de l&rsquo;Autorit\u00e9 de r\u00e9gulation de l&rsquo;audiovisuel (ARAV), Zouaoui Benhamadi a appel\u00e9 \u00e0 la n\u00e9cessit\u00e9 de \u00ab\u00a0parachever l&rsquo;aspect disciplinaire et r\u00e9glementaire\u00a0\u00bb du champ audiovisuel pour en assurer la bonne organisation afin d&rsquo;\u00e9viter \u00ab\u00a0des d\u00e9passements\u00a0\u00bb constat\u00e9s notamment durant le mois sacr\u00e9 du Ramadhan. &#013; &#013; \u00ab\u00a0Nous avons agi jusqu&rsquo;\u00e0 maintenant de mani\u00e8re p\u00e9dagogique,","og_url":"https:\/\/www.info-algerie.com\/actualites\/necessite-de-parachever-laspect-reglementaire-du-champ-audiovisuel\/","og_site_name":"info algerie","article_publisher":"https:\/\/www.facebook.com\/infoalgerieactu","article_published_time":"2017-06-03T14:23:20+00:00","og_image":[{"width":280,"height":169,"url":"https:\/\/www.info-algerie.com\/actualites\/wp-content\/uploads\/2017\/06\/ec8fc99dfef4b34f89218a41ece849ff_S-1.jpg","type":"image\/jpeg"}],"author":"La r\u00e9daction","twitter_misc":{"\u00c9crit par":"La r\u00e9daction","Dur\u00e9e de lecture estim\u00e9e":"2 minutes"},"schema":{"@context":"https:\/\/schema.org","@graph":[{"@type":"Article","@id":"https:\/\/www.info-algerie.com\/actualites\/necessite-de-parachever-laspect-reglementaire-du-champ-audiovisuel\/#article","isPartOf":{"@id":"https:\/\/www.info-algerie.com\/actualites\/necessite-de-parachever-laspect-reglementaire-du-champ-audiovisuel\/"},"author":{"name":"La r\u00e9daction","@id":"https:\/\/www.info-algerie.com\/actualites\/#\/schema\/person\/847aaec44920825b843a08f30ec6aa1e"},"headline":"N\u00e9cessit\u00e9 de parachever l&#039;aspect r\u00e9glementaire du champ audiovisuel","datePublished":"2017-06-03T14:23:20+00:00","mainEntityOfPage":{"@id":"https:\/\/www.info-algerie.com\/actualites\/necessite-de-parachever-laspect-reglementaire-du-champ-audiovisuel\/"},"wordCount":504,"commentCount":0,"publisher":{"@id":"https:\/\/www.info-algerie.com\/actualites\/#organization"},"image":{"@id":"https:\/\/www.info-algerie.com\/actualites\/necessite-de-parachever-laspect-reglementaire-du-champ-audiovisuel\/#primaryimage"},"thumbnailUrl":"https:\/\/www.info-algerie.com\/actualites\/wp-content\/uploads\/2017\/06\/ec8fc99dfef4b34f89218a41ece849ff_S-1.jpg","keywords":["ONU"],"articleSection":["infos"],"inLanguage":"fr-FR","potentialAction":[{"@type":"CommentAction","name":"Comment","target":["https:\/\/www.info-algerie.com\/actualites\/necessite-de-parachever-laspect-reglementaire-du-champ-audiovisuel\/#respond"]}]},{"@type":"WebPage","@id":"https:\/\/www.info-algerie.com\/actualites\/necessite-de-parachever-laspect-reglementaire-du-champ-audiovisuel\/","url":"https:\/\/www.info-algerie.com\/actualites\/necessite-de-parachever-laspect-reglementaire-du-champ-audiovisuel\/","name":"N\u00e9cessit\u00e9 de parachever l&#039;aspect r\u00e9glementaire du champ audiovisuel - info algerie","isPartOf":{"@id":"https:\/\/www.info-algerie.com\/actualites\/#website"},"primaryImageOfPage":{"@id":"https:\/\/www.info-algerie.com\/actualites\/necessite-de-parachever-laspect-reglementaire-du-champ-audiovisuel\/#primaryimage"},"image":{"@id":"https:\/\/www.info-algerie.com\/actualites\/necessite-de-parachever-laspect-reglementaire-du-champ-audiovisuel\/#primaryimage"},"thumbnailUrl":"https:\/\/www.info-algerie.com\/actualites\/wp-content\/uploads\/2017\/06\/ec8fc99dfef4b34f89218a41ece849ff_S-1.jpg","datePublished":"2017-06-03T14:23:20+00:00","breadcrumb":{"@id":"https:\/\/www.info-algerie.com\/actualites\/necessite-de-parachever-laspect-reglementaire-du-champ-audiovisuel\/#breadcrumb"},"inLanguage":"fr-FR","potentialAction":[{"@type":"ReadAction","target":["https:\/\/www.info-algerie.com\/actualites\/necessite-de-parachever-laspect-reglementaire-du-champ-audiovisuel\/"]}]},{"@type":"ImageObject","inLanguage":"fr-FR","@id":"https:\/\/www.info-algerie.com\/actualites\/necessite-de-parachever-laspect-reglementaire-du-champ-audiovisuel\/#primaryimage","url":"https:\/\/www.info-algerie.com\/actualites\/wp-content\/uploads\/2017\/06\/ec8fc99dfef4b34f89218a41ece849ff_S-1.jpg","contentUrl":"https:\/\/www.info-algerie.com\/actualites\/wp-content\/uploads\/2017\/06\/ec8fc99dfef4b34f89218a41ece849ff_S-1.jpg","width":280,"height":169},{"@type":"BreadcrumbList","@id":"https:\/\/www.info-algerie.com\/actualites\/necessite-de-parachever-laspect-reglementaire-du-champ-audiovisuel\/#breadcrumb","itemListElement":[{"@type":"ListItem","position":1,"name":"Accueil","item":"https:\/\/www.info-algerie.com\/actualites\/"},{"@type":"ListItem","position":2,"name":"N\u00e9cessit\u00e9 de parachever l&#039;aspect r\u00e9glementaire du champ audiovisuel"}]},{"@type":"WebSite","@id":"https:\/\/www.info-algerie.com\/actualites\/#website","url":"https:\/\/www.info-algerie.com\/actualites\/","name":"info algerie","description":"Toutes les actualit\u00e9s","publisher":{"@id":"https:\/\/www.info-algerie.com\/actualites\/#organization"},"potentialAction":[{"@type":"SearchAction","target":{"@type":"EntryPoint","urlTemplate":"https:\/\/www.info-algerie.com\/actualites\/?s={search_term_string}"},"query-input":{"@type":"PropertyValueSpecification","valueRequired":true,"valueName":"search_term_string"}}],"inLanguage":"fr-FR"},{"@type":"Organization","@id":"https:\/\/www.info-algerie.com\/actualites\/#organization","name":"info algerie","url":"https:\/\/www.info-algerie.com\/actualites\/","logo":{"@type":"ImageObject","inLanguage":"fr-FR","@id":"https:\/\/www.info-algerie.com\/actualites\/#\/schema\/logo\/image\/","url":"https:\/\/www.info-algerie.com\/actualites\/wp-content\/uploads\/2022\/07\/logo-ia-120.png","contentUrl":"https:\/\/www.info-algerie.com\/actualites\/wp-content\/uploads\/2022\/07\/logo-ia-120.png","width":120,"height":43,"caption":"info algerie"},"image":{"@id":"https:\/\/www.info-algerie.com\/actualites\/#\/schema\/logo\/image\/"},"sameAs":["https:\/\/www.facebook.com\/infoalgerieactu","https:\/\/x.com\/infoalgerie1"]},{"@type":"Person","@id":"https:\/\/www.info-algerie.com\/actualites\/#\/schema\/person\/847aaec44920825b843a08f30ec6aa1e","name":"La r\u00e9daction","image":{"@type":"ImageObject","inLanguage":"fr-FR","@id":"https:\/\/secure.gravatar.com\/avatar\/769db425c6f465158149f1ffd6cf61ce7a8a879d11dfbef8288af36dfddd418c?s=96&d=mm&r=g","url":"https:\/\/secure.gravatar.com\/avatar\/769db425c6f465158149f1ffd6cf61ce7a8a879d11dfbef8288af36dfddd418c?s=96&d=mm&r=g","contentUrl":"https:\/\/secure.gravatar.com\/avatar\/769db425c6f465158149f1ffd6cf61ce7a8a879d11dfbef8288af36dfddd418c?s=96&d=mm&r=g","caption":"La r\u00e9daction"},"sameAs":["http:\/\/www.lkeria.com\/"],"url":"https:\/\/www.info-algerie.com\/actualites\/author\/chakib32\/"}]}},"_links":{"self":[{"href":"https:\/\/www.info-algerie.com\/actualites\/wp-json\/wp\/v2\/posts\/12809","targetHints":{"allow":["GET"]}}],"collection":[{"href":"https:\/\/www.info-algerie.com\/actualites\/wp-json\/wp\/v2\/posts"}],"about":[{"href":"https:\/\/www.info-algerie.com\/actualites\/wp-json\/wp\/v2\/types\/post"}],"author":[{"embeddable":true,"href":"https:\/\/www.info-algerie.com\/actualites\/wp-json\/wp\/v2\/users\/6"}],"replies":[{"embeddable":true,"href":"https:\/\/www.info-algerie.com\/actualites\/wp-json\/wp\/v2\/comments?post=12809"}],"version-history":[{"count":0,"href":"https:\/\/www.info-algerie.com\/actualites\/wp-json\/wp\/v2\/posts\/12809\/revisions"}],"wp:featuredmedia":[{"embeddable":true,"href":"https:\/\/www.info-algerie.com\/actualites\/wp-json\/wp\/v2\/media\/12810"}],"wp:attachment":[{"href":"https:\/\/www.info-algerie.com\/actualites\/wp-json\/wp\/v2\/media?parent=12809"}],"wp:term":[{"taxonomy":"category","embeddable":true,"href":"https:\/\/www.info-algerie.com\/actualites\/wp-json\/wp\/v2\/categories?post=12809"},{"taxonomy":"post_tag","embeddable":true,"href":"https:\/\/www.info-algerie.com\/actualites\/wp-json\/wp\/v2\/tags?post=12809"}],"curies":[{"name":"wp","href":"https:\/\/api.w.org\/{rel}","templated":true}]}}