{"id":12815,"date":"2017-06-03T16:43:22","date_gmt":"2017-06-03T15:43:22","guid":{"rendered":"http:\/\/www.info-algerie.com\/actualites\/le-programme-de-la-camera-cachee-dennahar-tv-arrete-de-diffusion-dg\/"},"modified":"2017-06-03T16:43:22","modified_gmt":"2017-06-03T15:43:22","slug":"le-programme-de-la-camera-cachee-dennahar-tv-arrete-de-diffusion-dg","status":"publish","type":"post","link":"https:\/\/www.info-algerie.com\/actualites\/le-programme-de-la-camera-cachee-dennahar-tv-arrete-de-diffusion-dg\/","title":{"rendered":"Le programme de la cam\u00e9ra cach\u00e9e d&#039;Ennahar TV arr\u00eat\u00e9 de diffusion (DG)"},"content":{"rendered":"<div class=\"K2FeedImage\"><img decoding=\"async\" src=\"https:\/\/www.info-algerie.com\/actualites\/wp-content\/uploads\/2017\/06\/9a8a0eb095af80dae7907f775956a2e5_S.jpg\" alt=\"Le programme de la cam&#xE9;ra cach&#xE9;e d'Ennahar TV arr&#xEA;t&#xE9; de diffusion (DG)\" \/><\/div>\n<div class=\"K2FeedIntroText\">\n<p>ALGER &#8211; Le programme de la cam\u00e9ra cach\u00e9e de la cha\u00eene de t\u00e9l\u00e9vision priv\u00e9e Ennahar TV a \u00e9t\u00e9 arr\u00eat\u00e9 de diffusion d\u00e9finitivement, suite \u00e0 la pol\u00e9mique suscit\u00e9e et l&rsquo;\u00e9lan de solidarit\u00e9 notamment des hommes de lettre, apr\u00e8s le mauvais traitement inflig\u00e9 \u00e0 l&rsquo;\u00e9crivain Rachid Boudjedra, a annonc\u00e9 samedi le directeur de cette cha\u00eene de t\u00e9l\u00e9vision.<\/p>\n<p>&#013;\n<\/p><\/div>\n<div class=\"K2FeedFullText\">&#013;<\/p>\n<p>\u00ab\u00a0Nous avons d\u00e9cid\u00e9 d\u00e9finitivement d&rsquo;arr\u00eater la diffusion du programme Rana Hkemnak (cam\u00e9ra cach\u00e9e)\u00a0\u00bb, a \u00e9crit le directeur de la cette chaine de t\u00e9l\u00e9vision priv\u00e9e, Annis Rahmani sur son compte Twitter.Rachid Boudjdra a indiqu\u00e9, lors du rassemblement de solidarit\u00e9 organis\u00e9 en sa faveur, qu&rsquo;il \u00e9tait \u00ab\u00a0en \u00e9tat de choc\u00a0\u00bb devant \u00ab\u00a0l&rsquo;atteinte port\u00e9e\u00a0\u00bb \u00e0 sa personne en subissant la cam\u00e9ra cach\u00e9e \u00ab\u00a0Rana Hkemnak\u00a0\u00bb, diffus\u00e9e sur la chaine priv\u00e9e Ennahar TV.<\/p>\n<p>&#013;<\/p>\n<p \/>\n<blockquote class=\"twitter-tweet\">\n<p lang=\"ar\" dir=\"rtl\">\u0642\u0631\u0631\u062a \u062a\u0648\u0642\u064a\u0641 \u0648\u0628\u0634\u0643\u0644 \u0646\u0647\u0627\u0626\u064a \u0628\u062b \u0628\u0631\u0646\u0627\u0645\u062c <a href=\"https:\/\/twitter.com\/hashtag\/%D8%B1%D8%A7%D9%86%D8%A7_%D8%AD%D9%83%D9%85%D9%86%D8%A7%D9%83?src=hash\">#\u0631\u0627\u0646\u0627_\u062d\u0643\u0645\u0646\u0627\u0643<\/a> \u0644\u0644\u0632\u0645\u064a\u0644\u064a\u0646 \u0647\u0634\u0627\u0645 \u0634\u0631\u064a\u0641 \u0648\u0623\u062d\u0645\u062f \u0645\u062f\u0646\u064a<br \/>\u0635\u062d \u0641\u0637\u0648\u0631\u0643\u0645 <a href=\"https:\/\/t.co\/uk0eVNmJPC\">pic.twitter.com\/uk0eVNmJPC<\/a><\/p>\n<p>\u2014 Anis Rahmani \u0623\u0646\u064a\u0633 (@anisrahmanidz) <a href=\"https:\/\/twitter.com\/anisrahmanidz\/status\/870979466524332032\">3 juin 2017<\/a><\/p><\/blockquote>\n<p>&#013;<\/p>\n<p \/>&#013;<\/p>\n<p>Des hommes du monde de la culture et de l&rsquo;art, des journalistes et des acad\u00e9miciens ont organis\u00e9 samedi un rassemblement devant le si\u00e8ge de l&rsquo;Autorit\u00e9 de r\u00e9gulation de l&rsquo;audiovisuel (ARAV) pour d\u00e9noncer les d\u00e9passements enregistr\u00e9s dans les \u00e9missions de la chaine Ennahar TV durant le mois sacr\u00e9 du Ramadhan.<\/p>\n<p>&#013;<\/p>\n<p>Le pr\u00e9sident de l&rsquo;ARAV, Zouaoui Benhamadi exprim\u00e9, de son c\u00f4t\u00e9,\u00a0 son soutien et sa solidarit\u00e9 envers Rachid Boudjedra, relevant n\u00e9anmoins que l&rsquo;institution qu&rsquo;il pr\u00e9side n&rsquo;avait pas, dans ce cas de figure, les pr\u00e9rogatives de s\u00e9vir, qui sont du ressort de la justice.<\/p>\n<p>&#013;<\/p>\n<p>Des sp\u00e9cialistes et des experts des m\u00e9dias ont point\u00e9 du doigt des \u00e9missions diffus\u00e9es durant le mois sacr\u00e9 du Ramadhan, notamment les cam\u00e9ras cach\u00e9es, qui sous couvert de divertissement, montrent des s\u00e9quences dont \u00ab\u00a0la brutalit\u00e9 et la vulgarit\u00e9\u00a0\u00bb sont une \u00ab\u00a0insulte \u00e0 la dignit\u00e9 humaine\u00a0\u00bb.<\/p>\n<p>&#013;<\/p>\n<p>\u00a0<\/p>\n<p>&#013;<\/p>\n<p>Pour rappel, l&rsquo;ARAV avait exhort\u00e9, avant le d\u00e9but du mois sacr\u00e9 du Ramadhan, les cha\u00eenes de t\u00e9l\u00e9vision alg\u00e9riennes \u00e0 observer les \u00ab\u00a0principes d\u2019int\u00e9r\u00eat g\u00e9n\u00e9ral\u00a0\u00bb afin d\u2019\u00e9viter les \u00ab\u00a0d\u00e9rives\u00a0\u00bb constat\u00e9es les ann\u00e9es pr\u00e9c\u00e9dentes, tout en \u00e9laborant des programmes sp\u00e9ciaux pour le Ramadhan \u00a0\u00bbqui soient un espace d\u2019\u00e9veil \u00e0 la fois spirituel et rationnel, conciliant authenticit\u00e9 et modernit\u00e9\u00a0\u00bb.<\/p>\n<\/div>\n<p>&#013;<br \/>\nSource: <a href=\"http:\/\/www.aps.dz\/algerie\/58495-le-programme-de-la-camera-cachee-d-ennahar-tv-arrete-de-diffusion-dg\" target=\"_blank\">Le programme de la cam\u00e9ra cach\u00e9e d&rsquo;Ennahar TV arr\u00eat\u00e9 de diffusion (DG)<\/a><\/p>\n<!--CusAds0-->\n<div style=\"font-size: 0px; height: 0px; line-height: 0px; margin: 0; padding: 0; clear: both;\"><\/div>","protected":false},"excerpt":{"rendered":"<p>ALGER &#8211; Le programme de la cam\u00e9ra cach\u00e9e de la cha\u00eene de t\u00e9l\u00e9vision priv\u00e9e Ennahar TV a \u00e9t\u00e9 arr\u00eat\u00e9 de diffusion d\u00e9finitivement, suite \u00e0 la pol\u00e9mique suscit\u00e9e et l&rsquo;\u00e9lan de solidarit\u00e9 notamment des hommes de lettre, apr\u00e8s le mauvais traitement inflig\u00e9 \u00e0 l&rsquo;\u00e9crivain Rachid Boudjedra, a annonc\u00e9 samedi le directeur de cette cha\u00eene de t\u00e9l\u00e9vision.<\/p>\n","protected":false},"author":6,"featured_media":12816,"comment_status":"open","ping_status":"open","sticky":false,"template":"","format":"standard","meta":{"footnotes":""},"categories":[22],"tags":[93],"class_list":["post-12815","post","type-post","status-publish","format-standard","has-post-thumbnail","hentry","category-infos","tag-onu"],"yoast_head":"<!-- This site is optimized with the Yoast SEO plugin v27.5 - https:\/\/yoast.com\/product\/yoast-seo-wordpress\/ -->\n<title>Le programme de la cam\u00e9ra cach\u00e9e d&#039;Ennahar TV arr\u00eat\u00e9 de diffusion (DG) - info algerie<\/title>\n<meta name=\"robots\" content=\"index, follow, max-snippet:-1, max-image-preview:large, max-video-preview:-1\" \/>\n<link rel=\"canonical\" href=\"https:\/\/www.info-algerie.com\/actualites\/le-programme-de-la-camera-cachee-dennahar-tv-arrete-de-diffusion-dg\/\" \/>\n<meta property=\"og:locale\" content=\"fr_FR\" \/>\n<meta property=\"og:type\" content=\"article\" \/>\n<meta property=\"og:title\" content=\"Le programme de la cam\u00e9ra cach\u00e9e d&#039;Ennahar TV arr\u00eat\u00e9 de diffusion (DG) - info algerie\" \/>\n<meta property=\"og:description\" content=\"ALGER &#8211; Le programme de la cam\u00e9ra cach\u00e9e de la cha\u00eene de t\u00e9l\u00e9vision priv\u00e9e Ennahar TV a \u00e9t\u00e9 arr\u00eat\u00e9 de diffusion d\u00e9finitivement, suite \u00e0 la pol\u00e9mique suscit\u00e9e et l&rsquo;\u00e9lan de solidarit\u00e9 notamment des hommes de lettre, apr\u00e8s le mauvais traitement inflig\u00e9 \u00e0 l&rsquo;\u00e9crivain Rachid Boudjedra, a annonc\u00e9 samedi le directeur de cette cha\u00eene de t\u00e9l\u00e9vision.\" \/>\n<meta property=\"og:url\" content=\"https:\/\/www.info-algerie.com\/actualites\/le-programme-de-la-camera-cachee-dennahar-tv-arrete-de-diffusion-dg\/\" \/>\n<meta property=\"og:site_name\" content=\"info algerie\" \/>\n<meta property=\"article:publisher\" content=\"https:\/\/www.facebook.com\/infoalgerieactu\" \/>\n<meta property=\"article:published_time\" content=\"2017-06-03T15:43:22+00:00\" \/>\n<meta property=\"og:image\" content=\"https:\/\/www.info-algerie.com\/actualites\/wp-content\/uploads\/2017\/06\/9a8a0eb095af80dae7907f775956a2e5_S-1.jpg\" \/>\n\t<meta property=\"og:image:width\" content=\"280\" \/>\n\t<meta property=\"og:image:height\" content=\"169\" \/>\n\t<meta property=\"og:image:type\" content=\"image\/jpeg\" \/>\n<meta name=\"author\" content=\"La r\u00e9daction\" \/>\n<meta name=\"twitter:label1\" content=\"\u00c9crit par\" \/>\n\t<meta name=\"twitter:data1\" content=\"La r\u00e9daction\" \/>\n\t<meta name=\"twitter:label2\" content=\"Dur\u00e9e de lecture estim\u00e9e\" \/>\n\t<meta name=\"twitter:data2\" content=\"2 minutes\" \/>\n<script type=\"application\/ld+json\" class=\"yoast-schema-graph\">{\"@context\":\"https:\\\/\\\/schema.org\",\"@graph\":[{\"@type\":\"Article\",\"@id\":\"https:\\\/\\\/www.info-algerie.com\\\/actualites\\\/le-programme-de-la-camera-cachee-dennahar-tv-arrete-de-diffusion-dg\\\/#article\",\"isPartOf\":{\"@id\":\"https:\\\/\\\/www.info-algerie.com\\\/actualites\\\/le-programme-de-la-camera-cachee-dennahar-tv-arrete-de-diffusion-dg\\\/\"},\"author\":{\"name\":\"La r\u00e9daction\",\"@id\":\"https:\\\/\\\/www.info-algerie.com\\\/actualites\\\/#\\\/schema\\\/person\\\/847aaec44920825b843a08f30ec6aa1e\"},\"headline\":\"Le programme de la cam\u00e9ra cach\u00e9e d&#039;Ennahar TV arr\u00eat\u00e9 de diffusion (DG)\",\"datePublished\":\"2017-06-03T15:43:22+00:00\",\"mainEntityOfPage\":{\"@id\":\"https:\\\/\\\/www.info-algerie.com\\\/actualites\\\/le-programme-de-la-camera-cachee-dennahar-tv-arrete-de-diffusion-dg\\\/\"},\"wordCount\":428,\"commentCount\":0,\"publisher\":{\"@id\":\"https:\\\/\\\/www.info-algerie.com\\\/actualites\\\/#organization\"},\"image\":{\"@id\":\"https:\\\/\\\/www.info-algerie.com\\\/actualites\\\/le-programme-de-la-camera-cachee-dennahar-tv-arrete-de-diffusion-dg\\\/#primaryimage\"},\"thumbnailUrl\":\"https:\\\/\\\/www.info-algerie.com\\\/actualites\\\/wp-content\\\/uploads\\\/2017\\\/06\\\/9a8a0eb095af80dae7907f775956a2e5_S-1.jpg\",\"keywords\":[\"ONU\"],\"articleSection\":[\"infos\"],\"inLanguage\":\"fr-FR\",\"potentialAction\":[{\"@type\":\"CommentAction\",\"name\":\"Comment\",\"target\":[\"https:\\\/\\\/www.info-algerie.com\\\/actualites\\\/le-programme-de-la-camera-cachee-dennahar-tv-arrete-de-diffusion-dg\\\/#respond\"]}]},{\"@type\":\"WebPage\",\"@id\":\"https:\\\/\\\/www.info-algerie.com\\\/actualites\\\/le-programme-de-la-camera-cachee-dennahar-tv-arrete-de-diffusion-dg\\\/\",\"url\":\"https:\\\/\\\/www.info-algerie.com\\\/actualites\\\/le-programme-de-la-camera-cachee-dennahar-tv-arrete-de-diffusion-dg\\\/\",\"name\":\"Le programme de la cam\u00e9ra cach\u00e9e d&#039;Ennahar TV arr\u00eat\u00e9 de diffusion (DG) - info algerie\",\"isPartOf\":{\"@id\":\"https:\\\/\\\/www.info-algerie.com\\\/actualites\\\/#website\"},\"primaryImageOfPage\":{\"@id\":\"https:\\\/\\\/www.info-algerie.com\\\/actualites\\\/le-programme-de-la-camera-cachee-dennahar-tv-arrete-de-diffusion-dg\\\/#primaryimage\"},\"image\":{\"@id\":\"https:\\\/\\\/www.info-algerie.com\\\/actualites\\\/le-programme-de-la-camera-cachee-dennahar-tv-arrete-de-diffusion-dg\\\/#primaryimage\"},\"thumbnailUrl\":\"https:\\\/\\\/www.info-algerie.com\\\/actualites\\\/wp-content\\\/uploads\\\/2017\\\/06\\\/9a8a0eb095af80dae7907f775956a2e5_S-1.jpg\",\"datePublished\":\"2017-06-03T15:43:22+00:00\",\"breadcrumb\":{\"@id\":\"https:\\\/\\\/www.info-algerie.com\\\/actualites\\\/le-programme-de-la-camera-cachee-dennahar-tv-arrete-de-diffusion-dg\\\/#breadcrumb\"},\"inLanguage\":\"fr-FR\",\"potentialAction\":[{\"@type\":\"ReadAction\",\"target\":[\"https:\\\/\\\/www.info-algerie.com\\\/actualites\\\/le-programme-de-la-camera-cachee-dennahar-tv-arrete-de-diffusion-dg\\\/\"]}]},{\"@type\":\"ImageObject\",\"inLanguage\":\"fr-FR\",\"@id\":\"https:\\\/\\\/www.info-algerie.com\\\/actualites\\\/le-programme-de-la-camera-cachee-dennahar-tv-arrete-de-diffusion-dg\\\/#primaryimage\",\"url\":\"https:\\\/\\\/www.info-algerie.com\\\/actualites\\\/wp-content\\\/uploads\\\/2017\\\/06\\\/9a8a0eb095af80dae7907f775956a2e5_S-1.jpg\",\"contentUrl\":\"https:\\\/\\\/www.info-algerie.com\\\/actualites\\\/wp-content\\\/uploads\\\/2017\\\/06\\\/9a8a0eb095af80dae7907f775956a2e5_S-1.jpg\",\"width\":280,\"height\":169},{\"@type\":\"BreadcrumbList\",\"@id\":\"https:\\\/\\\/www.info-algerie.com\\\/actualites\\\/le-programme-de-la-camera-cachee-dennahar-tv-arrete-de-diffusion-dg\\\/#breadcrumb\",\"itemListElement\":[{\"@type\":\"ListItem\",\"position\":1,\"name\":\"Accueil\",\"item\":\"https:\\\/\\\/www.info-algerie.com\\\/actualites\\\/\"},{\"@type\":\"ListItem\",\"position\":2,\"name\":\"Le programme de la cam\u00e9ra cach\u00e9e d&#039;Ennahar TV arr\u00eat\u00e9 de diffusion (DG)\"}]},{\"@type\":\"WebSite\",\"@id\":\"https:\\\/\\\/www.info-algerie.com\\\/actualites\\\/#website\",\"url\":\"https:\\\/\\\/www.info-algerie.com\\\/actualites\\\/\",\"name\":\"info algerie\",\"description\":\"Toutes les actualit\u00e9s\",\"publisher\":{\"@id\":\"https:\\\/\\\/www.info-algerie.com\\\/actualites\\\/#organization\"},\"potentialAction\":[{\"@type\":\"SearchAction\",\"target\":{\"@type\":\"EntryPoint\",\"urlTemplate\":\"https:\\\/\\\/www.info-algerie.com\\\/actualites\\\/?s={search_term_string}\"},\"query-input\":{\"@type\":\"PropertyValueSpecification\",\"valueRequired\":true,\"valueName\":\"search_term_string\"}}],\"inLanguage\":\"fr-FR\"},{\"@type\":\"Organization\",\"@id\":\"https:\\\/\\\/www.info-algerie.com\\\/actualites\\\/#organization\",\"name\":\"info algerie\",\"url\":\"https:\\\/\\\/www.info-algerie.com\\\/actualites\\\/\",\"logo\":{\"@type\":\"ImageObject\",\"inLanguage\":\"fr-FR\",\"@id\":\"https:\\\/\\\/www.info-algerie.com\\\/actualites\\\/#\\\/schema\\\/logo\\\/image\\\/\",\"url\":\"https:\\\/\\\/www.info-algerie.com\\\/actualites\\\/wp-content\\\/uploads\\\/2022\\\/07\\\/logo-ia-120.png\",\"contentUrl\":\"https:\\\/\\\/www.info-algerie.com\\\/actualites\\\/wp-content\\\/uploads\\\/2022\\\/07\\\/logo-ia-120.png\",\"width\":120,\"height\":43,\"caption\":\"info algerie\"},\"image\":{\"@id\":\"https:\\\/\\\/www.info-algerie.com\\\/actualites\\\/#\\\/schema\\\/logo\\\/image\\\/\"},\"sameAs\":[\"https:\\\/\\\/www.facebook.com\\\/infoalgerieactu\",\"https:\\\/\\\/x.com\\\/infoalgerie1\"]},{\"@type\":\"Person\",\"@id\":\"https:\\\/\\\/www.info-algerie.com\\\/actualites\\\/#\\\/schema\\\/person\\\/847aaec44920825b843a08f30ec6aa1e\",\"name\":\"La r\u00e9daction\",\"image\":{\"@type\":\"ImageObject\",\"inLanguage\":\"fr-FR\",\"@id\":\"https:\\\/\\\/secure.gravatar.com\\\/avatar\\\/769db425c6f465158149f1ffd6cf61ce7a8a879d11dfbef8288af36dfddd418c?s=96&d=mm&r=g\",\"url\":\"https:\\\/\\\/secure.gravatar.com\\\/avatar\\\/769db425c6f465158149f1ffd6cf61ce7a8a879d11dfbef8288af36dfddd418c?s=96&d=mm&r=g\",\"contentUrl\":\"https:\\\/\\\/secure.gravatar.com\\\/avatar\\\/769db425c6f465158149f1ffd6cf61ce7a8a879d11dfbef8288af36dfddd418c?s=96&d=mm&r=g\",\"caption\":\"La r\u00e9daction\"},\"sameAs\":[\"http:\\\/\\\/www.lkeria.com\\\/\"],\"url\":\"https:\\\/\\\/www.info-algerie.com\\\/actualites\\\/author\\\/chakib32\\\/\"}]}<\/script>\n<!-- \/ Yoast SEO plugin. -->","yoast_head_json":{"title":"Le programme de la cam\u00e9ra cach\u00e9e d&#039;Ennahar TV arr\u00eat\u00e9 de diffusion (DG) - info algerie","robots":{"index":"index","follow":"follow","max-snippet":"max-snippet:-1","max-image-preview":"max-image-preview:large","max-video-preview":"max-video-preview:-1"},"canonical":"https:\/\/www.info-algerie.com\/actualites\/le-programme-de-la-camera-cachee-dennahar-tv-arrete-de-diffusion-dg\/","og_locale":"fr_FR","og_type":"article","og_title":"Le programme de la cam\u00e9ra cach\u00e9e d&#039;Ennahar TV arr\u00eat\u00e9 de diffusion (DG) - info algerie","og_description":"ALGER &#8211; Le programme de la cam\u00e9ra cach\u00e9e de la cha\u00eene de t\u00e9l\u00e9vision priv\u00e9e Ennahar TV a \u00e9t\u00e9 arr\u00eat\u00e9 de diffusion d\u00e9finitivement, suite \u00e0 la pol\u00e9mique suscit\u00e9e et l&rsquo;\u00e9lan de solidarit\u00e9 notamment des hommes de lettre, apr\u00e8s le mauvais traitement inflig\u00e9 \u00e0 l&rsquo;\u00e9crivain Rachid Boudjedra, a annonc\u00e9 samedi le directeur de cette cha\u00eene de t\u00e9l\u00e9vision.","og_url":"https:\/\/www.info-algerie.com\/actualites\/le-programme-de-la-camera-cachee-dennahar-tv-arrete-de-diffusion-dg\/","og_site_name":"info algerie","article_publisher":"https:\/\/www.facebook.com\/infoalgerieactu","article_published_time":"2017-06-03T15:43:22+00:00","og_image":[{"width":280,"height":169,"url":"https:\/\/www.info-algerie.com\/actualites\/wp-content\/uploads\/2017\/06\/9a8a0eb095af80dae7907f775956a2e5_S-1.jpg","type":"image\/jpeg"}],"author":"La r\u00e9daction","twitter_misc":{"\u00c9crit par":"La r\u00e9daction","Dur\u00e9e de lecture estim\u00e9e":"2 minutes"},"schema":{"@context":"https:\/\/schema.org","@graph":[{"@type":"Article","@id":"https:\/\/www.info-algerie.com\/actualites\/le-programme-de-la-camera-cachee-dennahar-tv-arrete-de-diffusion-dg\/#article","isPartOf":{"@id":"https:\/\/www.info-algerie.com\/actualites\/le-programme-de-la-camera-cachee-dennahar-tv-arrete-de-diffusion-dg\/"},"author":{"name":"La r\u00e9daction","@id":"https:\/\/www.info-algerie.com\/actualites\/#\/schema\/person\/847aaec44920825b843a08f30ec6aa1e"},"headline":"Le programme de la cam\u00e9ra cach\u00e9e d&#039;Ennahar TV arr\u00eat\u00e9 de diffusion (DG)","datePublished":"2017-06-03T15:43:22+00:00","mainEntityOfPage":{"@id":"https:\/\/www.info-algerie.com\/actualites\/le-programme-de-la-camera-cachee-dennahar-tv-arrete-de-diffusion-dg\/"},"wordCount":428,"commentCount":0,"publisher":{"@id":"https:\/\/www.info-algerie.com\/actualites\/#organization"},"image":{"@id":"https:\/\/www.info-algerie.com\/actualites\/le-programme-de-la-camera-cachee-dennahar-tv-arrete-de-diffusion-dg\/#primaryimage"},"thumbnailUrl":"https:\/\/www.info-algerie.com\/actualites\/wp-content\/uploads\/2017\/06\/9a8a0eb095af80dae7907f775956a2e5_S-1.jpg","keywords":["ONU"],"articleSection":["infos"],"inLanguage":"fr-FR","potentialAction":[{"@type":"CommentAction","name":"Comment","target":["https:\/\/www.info-algerie.com\/actualites\/le-programme-de-la-camera-cachee-dennahar-tv-arrete-de-diffusion-dg\/#respond"]}]},{"@type":"WebPage","@id":"https:\/\/www.info-algerie.com\/actualites\/le-programme-de-la-camera-cachee-dennahar-tv-arrete-de-diffusion-dg\/","url":"https:\/\/www.info-algerie.com\/actualites\/le-programme-de-la-camera-cachee-dennahar-tv-arrete-de-diffusion-dg\/","name":"Le programme de la cam\u00e9ra cach\u00e9e d&#039;Ennahar TV arr\u00eat\u00e9 de diffusion (DG) - info algerie","isPartOf":{"@id":"https:\/\/www.info-algerie.com\/actualites\/#website"},"primaryImageOfPage":{"@id":"https:\/\/www.info-algerie.com\/actualites\/le-programme-de-la-camera-cachee-dennahar-tv-arrete-de-diffusion-dg\/#primaryimage"},"image":{"@id":"https:\/\/www.info-algerie.com\/actualites\/le-programme-de-la-camera-cachee-dennahar-tv-arrete-de-diffusion-dg\/#primaryimage"},"thumbnailUrl":"https:\/\/www.info-algerie.com\/actualites\/wp-content\/uploads\/2017\/06\/9a8a0eb095af80dae7907f775956a2e5_S-1.jpg","datePublished":"2017-06-03T15:43:22+00:00","breadcrumb":{"@id":"https:\/\/www.info-algerie.com\/actualites\/le-programme-de-la-camera-cachee-dennahar-tv-arrete-de-diffusion-dg\/#breadcrumb"},"inLanguage":"fr-FR","potentialAction":[{"@type":"ReadAction","target":["https:\/\/www.info-algerie.com\/actualites\/le-programme-de-la-camera-cachee-dennahar-tv-arrete-de-diffusion-dg\/"]}]},{"@type":"ImageObject","inLanguage":"fr-FR","@id":"https:\/\/www.info-algerie.com\/actualites\/le-programme-de-la-camera-cachee-dennahar-tv-arrete-de-diffusion-dg\/#primaryimage","url":"https:\/\/www.info-algerie.com\/actualites\/wp-content\/uploads\/2017\/06\/9a8a0eb095af80dae7907f775956a2e5_S-1.jpg","contentUrl":"https:\/\/www.info-algerie.com\/actualites\/wp-content\/uploads\/2017\/06\/9a8a0eb095af80dae7907f775956a2e5_S-1.jpg","width":280,"height":169},{"@type":"BreadcrumbList","@id":"https:\/\/www.info-algerie.com\/actualites\/le-programme-de-la-camera-cachee-dennahar-tv-arrete-de-diffusion-dg\/#breadcrumb","itemListElement":[{"@type":"ListItem","position":1,"name":"Accueil","item":"https:\/\/www.info-algerie.com\/actualites\/"},{"@type":"ListItem","position":2,"name":"Le programme de la cam\u00e9ra cach\u00e9e d&#039;Ennahar TV arr\u00eat\u00e9 de diffusion (DG)"}]},{"@type":"WebSite","@id":"https:\/\/www.info-algerie.com\/actualites\/#website","url":"https:\/\/www.info-algerie.com\/actualites\/","name":"info algerie","description":"Toutes les actualit\u00e9s","publisher":{"@id":"https:\/\/www.info-algerie.com\/actualites\/#organization"},"potentialAction":[{"@type":"SearchAction","target":{"@type":"EntryPoint","urlTemplate":"https:\/\/www.info-algerie.com\/actualites\/?s={search_term_string}"},"query-input":{"@type":"PropertyValueSpecification","valueRequired":true,"valueName":"search_term_string"}}],"inLanguage":"fr-FR"},{"@type":"Organization","@id":"https:\/\/www.info-algerie.com\/actualites\/#organization","name":"info algerie","url":"https:\/\/www.info-algerie.com\/actualites\/","logo":{"@type":"ImageObject","inLanguage":"fr-FR","@id":"https:\/\/www.info-algerie.com\/actualites\/#\/schema\/logo\/image\/","url":"https:\/\/www.info-algerie.com\/actualites\/wp-content\/uploads\/2022\/07\/logo-ia-120.png","contentUrl":"https:\/\/www.info-algerie.com\/actualites\/wp-content\/uploads\/2022\/07\/logo-ia-120.png","width":120,"height":43,"caption":"info algerie"},"image":{"@id":"https:\/\/www.info-algerie.com\/actualites\/#\/schema\/logo\/image\/"},"sameAs":["https:\/\/www.facebook.com\/infoalgerieactu","https:\/\/x.com\/infoalgerie1"]},{"@type":"Person","@id":"https:\/\/www.info-algerie.com\/actualites\/#\/schema\/person\/847aaec44920825b843a08f30ec6aa1e","name":"La r\u00e9daction","image":{"@type":"ImageObject","inLanguage":"fr-FR","@id":"https:\/\/secure.gravatar.com\/avatar\/769db425c6f465158149f1ffd6cf61ce7a8a879d11dfbef8288af36dfddd418c?s=96&d=mm&r=g","url":"https:\/\/secure.gravatar.com\/avatar\/769db425c6f465158149f1ffd6cf61ce7a8a879d11dfbef8288af36dfddd418c?s=96&d=mm&r=g","contentUrl":"https:\/\/secure.gravatar.com\/avatar\/769db425c6f465158149f1ffd6cf61ce7a8a879d11dfbef8288af36dfddd418c?s=96&d=mm&r=g","caption":"La r\u00e9daction"},"sameAs":["http:\/\/www.lkeria.com\/"],"url":"https:\/\/www.info-algerie.com\/actualites\/author\/chakib32\/"}]}},"_links":{"self":[{"href":"https:\/\/www.info-algerie.com\/actualites\/wp-json\/wp\/v2\/posts\/12815","targetHints":{"allow":["GET"]}}],"collection":[{"href":"https:\/\/www.info-algerie.com\/actualites\/wp-json\/wp\/v2\/posts"}],"about":[{"href":"https:\/\/www.info-algerie.com\/actualites\/wp-json\/wp\/v2\/types\/post"}],"author":[{"embeddable":true,"href":"https:\/\/www.info-algerie.com\/actualites\/wp-json\/wp\/v2\/users\/6"}],"replies":[{"embeddable":true,"href":"https:\/\/www.info-algerie.com\/actualites\/wp-json\/wp\/v2\/comments?post=12815"}],"version-history":[{"count":0,"href":"https:\/\/www.info-algerie.com\/actualites\/wp-json\/wp\/v2\/posts\/12815\/revisions"}],"wp:featuredmedia":[{"embeddable":true,"href":"https:\/\/www.info-algerie.com\/actualites\/wp-json\/wp\/v2\/media\/12816"}],"wp:attachment":[{"href":"https:\/\/www.info-algerie.com\/actualites\/wp-json\/wp\/v2\/media?parent=12815"}],"wp:term":[{"taxonomy":"category","embeddable":true,"href":"https:\/\/www.info-algerie.com\/actualites\/wp-json\/wp\/v2\/categories?post=12815"},{"taxonomy":"post_tag","embeddable":true,"href":"https:\/\/www.info-algerie.com\/actualites\/wp-json\/wp\/v2\/tags?post=12815"}],"curies":[{"name":"wp","href":"https:\/\/api.w.org\/{rel}","templated":true}]}}