{"id":12818,"date":"2017-06-03T16:29:58","date_gmt":"2017-06-03T15:29:58","guid":{"rendered":"http:\/\/www.info-algerie.com\/actualites\/depassements-de-la-chaine-ennahar-sit-in-dintellectuels-et-de-journalistes-devant-le-siege-de-larav\/"},"modified":"2017-06-03T16:29:58","modified_gmt":"2017-06-03T15:29:58","slug":"depassements-de-la-chaine-ennahar-sit-in-dintellectuels-et-de-journalistes-devant-le-siege-de-larav","status":"publish","type":"post","link":"https:\/\/www.info-algerie.com\/actualites\/depassements-de-la-chaine-ennahar-sit-in-dintellectuels-et-de-journalistes-devant-le-siege-de-larav\/","title":{"rendered":"D\u00e9passements de la chaine Ennahar: sit-in d&#039;intellectuels et de journalistes devant le si\u00e8ge de l&#039;ARAV\u00a0"},"content":{"rendered":"<div class=\"K2FeedImage\"><img decoding=\"async\" src=\"https:\/\/www.info-algerie.com\/actualites\/wp-content\/uploads\/2017\/06\/dc99bf6835d0ee5729b3855e1cc7143d_S.jpg\" alt=\"D&#xE9;passements de la chaine Ennahar: sit-in d'intellectuels et de journalistes devant le si&#xE8;ge de l'ARAV&#xA0;\" \/><\/div>\n<div class=\"K2FeedIntroText\">\n<p>ALGER &#8211; Des dizaines d&rsquo;intellectuels, d&rsquo;artistes, de journalistes et d&rsquo;acad\u00e9miciens se sont rassembl\u00e9s samedi \u00e0 Alger devant le si\u00e8ge de l&rsquo;Autorit\u00e9 de r\u00e9gulation de l&rsquo;audiovisuel (ARAV), en protestation contre \u00ab\u00a0les d\u00e9passements\u00a0\u00bb enregistr\u00e9s dans certains programmes de la grille sp\u00e9cial ramadhan de la chaine de t\u00e9l\u00e9vision priv\u00e9e \u00ab\u00a0Ennahar\u00a0\u00bb et contre \u00ab\u00a0l&rsquo;atteinte\u00a0\u00bb \u00e0 la personne de l&rsquo;\u00e9crivain alg\u00e9rien Rachid Boudjedra.<\/p>\n<p>&#013;\n<\/p><\/div>\n<div class=\"K2FeedFullText\">&#013;<\/p>\n<p>Re\u00e7u par le pr\u00e9sident de l&rsquo;ARAV, Zouaoui Benhamadi, l&rsquo;\u00e9crivain Rachid Boudjedra, accompagn\u00e9 de plusieurs sympathisants, a d\u00e9nonc\u00e9 le traitement qui lui a \u00e9t\u00e9 r\u00e9serv\u00e9 par cette chaine, lors de son programme de cam\u00e9ra cach\u00e9e, qu&rsquo;il a qualifi\u00e9 de \u00ab\u00a0terrorisme\u00a0\u00bb, affirmant qu&rsquo;il \u00e9tait \u00ab\u00a0en \u00e9tat de choc\u00a0\u00bb, en raison de l&rsquo;atteinte \u00e0 sa personne.\u00a0<\/p>\n<p>&#013;<\/p>\n<p>M. Boudjedra a fait savoir qu&rsquo;il comptait, demain dimanche, lancer une action en justice contre cette chaine, avec\u00a0\u00a0 un collectif d&rsquo;avocats, soutenant que le principal objectif de sa d\u00e9marche \u00e9tait de \u00ab\u00a0mettre un terme \u00e0 la m\u00e9diocrit\u00e9 qui caract\u00e9rise ce type de cha\u00eenes\u00a0\u00bb.\u00a0\u00a0<\/p>\n<p>&#013;<\/p>\n<p>Par ailleurs, il s&rsquo;est f\u00e9licit\u00e9 de l&rsquo;\u00e9lan de solidarit\u00e9 des citoyens \u00ab\u00a0aussi bien en Alg\u00e9rie qu&rsquo;\u00e0 l&rsquo;\u00e9tranger\u00a0\u00bb.<\/p>\n<p>&#013;<\/p>\n<p>Pour sa part, M. Zouaoui Benhamadi a exprim\u00e9 sa solidarit\u00e9 avec M. Boudjedra, se disant tr\u00e8s honor\u00e9 de recevoir l&rsquo;\u00e9crivain et ses sympathisants qui sont venus \u00ab\u00a0d\u00e9fendre une cause juste\u00a0\u00bb, ajoutant qu&rsquo;il \u00ab\u00a0est enti\u00e8rement d&rsquo;accord avec la plupart des points contenus dans la p\u00e9tition&#8230; et qu&rsquo;il comprend leurs revendications\u00a0\u00bb.<\/p>\n<p>&#013;<\/p>\n<p>\u00ab\u00a0l&rsquo;ARAV n&rsquo;a pas, en de pareils cas, le pouvoir de sanctionner qui rel\u00e8ve, plut\u00f4t, des pr\u00e9rogatives de la justice\u00a0\u00bb a-t-il ajout\u00e9, appelant \u00e0 \u00ab\u00a0ne pas porter de jugement h\u00e2tif sur ces chaines priv\u00e9es qui ont combl\u00e9 un vide m\u00e9diatique\u00a0\u00bb\u00a0<\/p>\n<p>&#013;<\/p>\n<p>Plusieurs personnalit\u00e9s artistiques, intellectuelles, m\u00e9diatiques et politiques \u00e9taient pr\u00e9sentes \u00e0 ce rassemblement\u00a0 au niveau du si\u00e8ge de l&rsquo;ARAV.\u00a0<\/p>\n<p>&#013;<\/p>\n<p>Pour sa part, le po\u00e8te Achour Fenni a indiqu\u00e9 que \u00ab\u00a0plus de mille personnes ont sign\u00e9 jusque l\u00e0 la p\u00e9tition, dont des journalistes, des intellectuels, des pr\u00e9sidents d&rsquo;associations et des d\u00e9fenseurs de droits\u00a0\u00bb, appelant \u00e0 mettre fin \u00e0 \u00ab\u00a0l&rsquo;utilisation des m\u00e9dias pour heurter la sensibilit\u00e9 des familles alg\u00e9riennes et porter atteinte aux valeurs de la soci\u00e9t\u00e9 \u00e0 travers des programmes faisant l&rsquo;apologie de la violence\u00a0\u00bb.\u00a0<\/p>\n<p>&#013;<\/p>\n<p>Les contestataires ont appel\u00e9 dans leur communiqu\u00e9, les autorit\u00e9s comp\u00e9tentes, \u00e0 leur t\u00eate les minist\u00e8res de la Justice, de l&rsquo;Int\u00e9rieur et la Communication et l&rsquo;ARAV \u00e0 \u00ab\u00a0mettre un terme \u00e0 la m\u00e9diocrit\u00e9, \u00e0 r\u00e9primer les d\u00e9passements et les d\u00e9rapages et \u00e0 sanctionner les contrevenants \u00e0 la loi et aux principes de la d\u00e9ontologie\u00a0\u00bb.\u00a0<\/p>\n<p>&#013;<\/p>\n<p>Ils ont par ailleurs exhort\u00e9 la soci\u00e9t\u00e9 civile, les \u00e9crivains et les journalistes \u00e0 \u00ab\u00a0agir pour d\u00e9fendre leur position au sein de la soci\u00e9t\u00e9 et leur droit \u00e0 donner leur avis sans faire l&rsquo;objet d&rsquo;attaques ou de railleries en raison de leurs opinions ou convictions\u00a0\u00bb.\u00a0<\/p>\n<p>&#013;<\/p>\n<p>Dans une d\u00e9claration \u00e0 l&rsquo;APS, le pr\u00e9sident de l&rsquo;ARAV avait appel\u00e9 \u00e0 la n\u00e9cessit\u00e9 de \u00ab\u00a0parachever l&rsquo;aspect disciplinaire et r\u00e9glementaire\u00a0\u00bb du champ audiovisuel pour en assurer la bonne organisation afin d&rsquo;\u00e9viter \u00ab\u00a0des d\u00e9passements\u00a0\u00bb constat\u00e9s notamment durant le mois sacr\u00e9 du Ramadhan.<\/p>\n<p>&#013;<\/p>\n<p>Il avait estim\u00e9 qu&rsquo;avec l&rsquo;application rigoureuse de la r\u00e9glementation \u00ab\u00a0on peut aller vite dans la r\u00e9gularisation des cha\u00eenes priv\u00e9es (qui sont de droit \u00e9tranger), apr\u00e8s, bien s\u00fbr, leur mise en conformit\u00e9 avec le cahier des charges\u00a0\u00bb.<\/p>\n<p>&#013;<\/p>\n<p>M. Benhamadi a point\u00e9 du doigt des \u00e9missions, notamment les cam\u00e9ras cach\u00e9es, qui sous couvert de divertissement, montrent des s\u00e9quences dont \u00ab\u00a0la brutalit\u00e9 et la vulgarit\u00e9\u00a0\u00bb sont une \u00ab\u00a0insulte \u00e0 la dignit\u00e9 humaine\u00a0\u00bb.<\/p>\n<p>&#013;<\/p>\n<p>Selon lui, c&rsquo;est aux \u00ab\u00a0personnes mal repr\u00e9sent\u00e9es, de se plaindre et de faire pression sur ces cha\u00eenes en ayant recours \u00e0 la justice\u00a0\u00bb, soulignant que l&rsquo;ARAV pouvait intervenir notamment quand elle constate un \u00ab\u00a0d\u00e9passement grave\u00a0\u00bb, touchant\u00a0 notamment aux symboles de l&rsquo;Etat.<\/p>\n<p>&#013;<\/p>\n<p>\u00ab\u00a0Nous sommes abasourdis par tant de l\u00e9g\u00e8ret\u00e9 dans certains programmes\u00a0\u00bb, a-t-il regrett\u00e9 avant d&rsquo;appeler \u00e0 la n\u00e9cessit\u00e9 \u00ab\u00a0d&rsquo;entreprendre une r\u00e9flexion pour la construction du paysage audiovisuel national\u00a0\u00bb.<\/p>\n<p>&#013;<\/p>\n<p>Pour rappel, l&rsquo;ARAV avait exhort\u00e9, avant le d\u00e9but du mois sacr\u00e9 du Ramadhan, les cha\u00eenes de t\u00e9l\u00e9vision alg\u00e9riennes \u00e0 observer les \u00ab\u00a0principes d\u2019int\u00e9r\u00eat g\u00e9n\u00e9ral\u00a0\u00bb afin d\u2019\u00e9viter les \u00ab\u00a0d\u00e9rives\u00a0\u00bb constat\u00e9es les ann\u00e9es pr\u00e9c\u00e9dentes, tout en \u00e9laborant des programmes sp\u00e9ciaux pour le Ramadhan \u00a0\u00bbqui soient un espace d\u2019\u00e9veil \u00e0 la fois spirituel et rationnel, conciliant authenticit\u00e9 et modernit\u00e9\u00a0\u00bb.<\/p>\n<\/div>\n<p>&#013;<br \/>\nSource: <a href=\"http:\/\/www.aps.dz\/algerie\/58494-depassements-de-la-chaine-ennahar-sit-in-d-intellectuels-et-de-journalistes-devant-le-siege-de-l-arav\" target=\"_blank\">D\u00e9passements de la chaine Ennahar: sit-in d&rsquo;intellectuels et de journalistes devant le si\u00e8ge de l&rsquo;ARAV\u00a0<\/a><\/p>\n<!--CusAds0-->\n<div style=\"font-size: 0px; height: 0px; line-height: 0px; margin: 0; padding: 0; clear: both;\"><\/div>","protected":false},"excerpt":{"rendered":"<p>ALGER &#8211; Des dizaines d&rsquo;intellectuels, d&rsquo;artistes, de journalistes et d&rsquo;acad\u00e9miciens se sont rassembl\u00e9s samedi \u00e0 Alger devant le si\u00e8ge de l&rsquo;Autorit\u00e9 de r\u00e9gulation de l&rsquo;audiovisuel (ARAV), en protestation contre \u00ab\u00a0les d\u00e9passements\u00a0\u00bb enregistr\u00e9s dans certains programmes de la grille sp\u00e9cial ramadhan de la chaine de t\u00e9l\u00e9vision priv\u00e9e \u00ab\u00a0Ennahar\u00a0\u00bb et contre \u00ab\u00a0l&rsquo;atteinte\u00a0\u00bb \u00e0 la personne de l&rsquo;\u00e9crivain<\/p>\n","protected":false},"author":6,"featured_media":12819,"comment_status":"open","ping_status":"open","sticky":false,"template":"","format":"standard","meta":{"footnotes":""},"categories":[22],"tags":[93],"class_list":["post-12818","post","type-post","status-publish","format-standard","has-post-thumbnail","hentry","category-infos","tag-onu"],"yoast_head":"<!-- This site is optimized with the Yoast SEO plugin v27.5 - https:\/\/yoast.com\/product\/yoast-seo-wordpress\/ -->\n<title>D\u00e9passements de la chaine Ennahar: sit-in d&#039;intellectuels et de journalistes devant le si\u00e8ge de l&#039;ARAV\u00a0 - info algerie<\/title>\n<meta name=\"robots\" content=\"index, follow, max-snippet:-1, max-image-preview:large, max-video-preview:-1\" \/>\n<link rel=\"canonical\" href=\"https:\/\/www.info-algerie.com\/actualites\/depassements-de-la-chaine-ennahar-sit-in-dintellectuels-et-de-journalistes-devant-le-siege-de-larav\/\" \/>\n<meta property=\"og:locale\" content=\"fr_FR\" \/>\n<meta property=\"og:type\" content=\"article\" \/>\n<meta property=\"og:title\" content=\"D\u00e9passements de la chaine Ennahar: sit-in d&#039;intellectuels et de journalistes devant le si\u00e8ge de l&#039;ARAV\u00a0 - info algerie\" \/>\n<meta property=\"og:description\" content=\"ALGER &#8211; Des dizaines d&rsquo;intellectuels, d&rsquo;artistes, de journalistes et d&rsquo;acad\u00e9miciens se sont rassembl\u00e9s samedi \u00e0 Alger devant le si\u00e8ge de l&rsquo;Autorit\u00e9 de r\u00e9gulation de l&rsquo;audiovisuel (ARAV), en protestation contre \u00ab\u00a0les d\u00e9passements\u00a0\u00bb enregistr\u00e9s dans certains programmes de la grille sp\u00e9cial ramadhan de la chaine de t\u00e9l\u00e9vision priv\u00e9e \u00ab\u00a0Ennahar\u00a0\u00bb et contre \u00ab\u00a0l&rsquo;atteinte\u00a0\u00bb \u00e0 la personne de l&rsquo;\u00e9crivain\" \/>\n<meta property=\"og:url\" content=\"https:\/\/www.info-algerie.com\/actualites\/depassements-de-la-chaine-ennahar-sit-in-dintellectuels-et-de-journalistes-devant-le-siege-de-larav\/\" \/>\n<meta property=\"og:site_name\" content=\"info algerie\" \/>\n<meta property=\"article:publisher\" content=\"https:\/\/www.facebook.com\/infoalgerieactu\" \/>\n<meta property=\"article:published_time\" content=\"2017-06-03T15:29:58+00:00\" \/>\n<meta property=\"og:image\" content=\"https:\/\/www.info-algerie.com\/actualites\/wp-content\/uploads\/2017\/06\/dc99bf6835d0ee5729b3855e1cc7143d_S-1.jpg\" \/>\n\t<meta property=\"og:image:width\" content=\"280\" \/>\n\t<meta property=\"og:image:height\" content=\"210\" \/>\n\t<meta property=\"og:image:type\" content=\"image\/jpeg\" \/>\n<meta name=\"author\" content=\"La r\u00e9daction\" \/>\n<meta name=\"twitter:label1\" content=\"\u00c9crit par\" \/>\n\t<meta name=\"twitter:data1\" content=\"La r\u00e9daction\" \/>\n\t<meta name=\"twitter:label2\" content=\"Dur\u00e9e de lecture estim\u00e9e\" \/>\n\t<meta name=\"twitter:data2\" content=\"4 minutes\" \/>\n<script type=\"application\/ld+json\" class=\"yoast-schema-graph\">{\"@context\":\"https:\\\/\\\/schema.org\",\"@graph\":[{\"@type\":\"Article\",\"@id\":\"https:\\\/\\\/www.info-algerie.com\\\/actualites\\\/depassements-de-la-chaine-ennahar-sit-in-dintellectuels-et-de-journalistes-devant-le-siege-de-larav\\\/#article\",\"isPartOf\":{\"@id\":\"https:\\\/\\\/www.info-algerie.com\\\/actualites\\\/depassements-de-la-chaine-ennahar-sit-in-dintellectuels-et-de-journalistes-devant-le-siege-de-larav\\\/\"},\"author\":{\"name\":\"La r\u00e9daction\",\"@id\":\"https:\\\/\\\/www.info-algerie.com\\\/actualites\\\/#\\\/schema\\\/person\\\/847aaec44920825b843a08f30ec6aa1e\"},\"headline\":\"D\u00e9passements de la chaine Ennahar: sit-in d&#039;intellectuels et de journalistes devant le si\u00e8ge de l&#039;ARAV\u00a0\",\"datePublished\":\"2017-06-03T15:29:58+00:00\",\"mainEntityOfPage\":{\"@id\":\"https:\\\/\\\/www.info-algerie.com\\\/actualites\\\/depassements-de-la-chaine-ennahar-sit-in-dintellectuels-et-de-journalistes-devant-le-siege-de-larav\\\/\"},\"wordCount\":830,\"commentCount\":0,\"publisher\":{\"@id\":\"https:\\\/\\\/www.info-algerie.com\\\/actualites\\\/#organization\"},\"image\":{\"@id\":\"https:\\\/\\\/www.info-algerie.com\\\/actualites\\\/depassements-de-la-chaine-ennahar-sit-in-dintellectuels-et-de-journalistes-devant-le-siege-de-larav\\\/#primaryimage\"},\"thumbnailUrl\":\"https:\\\/\\\/www.info-algerie.com\\\/actualites\\\/wp-content\\\/uploads\\\/2017\\\/06\\\/dc99bf6835d0ee5729b3855e1cc7143d_S-1.jpg\",\"keywords\":[\"ONU\"],\"articleSection\":[\"infos\"],\"inLanguage\":\"fr-FR\",\"potentialAction\":[{\"@type\":\"CommentAction\",\"name\":\"Comment\",\"target\":[\"https:\\\/\\\/www.info-algerie.com\\\/actualites\\\/depassements-de-la-chaine-ennahar-sit-in-dintellectuels-et-de-journalistes-devant-le-siege-de-larav\\\/#respond\"]}]},{\"@type\":\"WebPage\",\"@id\":\"https:\\\/\\\/www.info-algerie.com\\\/actualites\\\/depassements-de-la-chaine-ennahar-sit-in-dintellectuels-et-de-journalistes-devant-le-siege-de-larav\\\/\",\"url\":\"https:\\\/\\\/www.info-algerie.com\\\/actualites\\\/depassements-de-la-chaine-ennahar-sit-in-dintellectuels-et-de-journalistes-devant-le-siege-de-larav\\\/\",\"name\":\"D\u00e9passements de la chaine Ennahar: sit-in d&#039;intellectuels et de journalistes devant le si\u00e8ge de l&#039;ARAV\u00a0 - info algerie\",\"isPartOf\":{\"@id\":\"https:\\\/\\\/www.info-algerie.com\\\/actualites\\\/#website\"},\"primaryImageOfPage\":{\"@id\":\"https:\\\/\\\/www.info-algerie.com\\\/actualites\\\/depassements-de-la-chaine-ennahar-sit-in-dintellectuels-et-de-journalistes-devant-le-siege-de-larav\\\/#primaryimage\"},\"image\":{\"@id\":\"https:\\\/\\\/www.info-algerie.com\\\/actualites\\\/depassements-de-la-chaine-ennahar-sit-in-dintellectuels-et-de-journalistes-devant-le-siege-de-larav\\\/#primaryimage\"},\"thumbnailUrl\":\"https:\\\/\\\/www.info-algerie.com\\\/actualites\\\/wp-content\\\/uploads\\\/2017\\\/06\\\/dc99bf6835d0ee5729b3855e1cc7143d_S-1.jpg\",\"datePublished\":\"2017-06-03T15:29:58+00:00\",\"breadcrumb\":{\"@id\":\"https:\\\/\\\/www.info-algerie.com\\\/actualites\\\/depassements-de-la-chaine-ennahar-sit-in-dintellectuels-et-de-journalistes-devant-le-siege-de-larav\\\/#breadcrumb\"},\"inLanguage\":\"fr-FR\",\"potentialAction\":[{\"@type\":\"ReadAction\",\"target\":[\"https:\\\/\\\/www.info-algerie.com\\\/actualites\\\/depassements-de-la-chaine-ennahar-sit-in-dintellectuels-et-de-journalistes-devant-le-siege-de-larav\\\/\"]}]},{\"@type\":\"ImageObject\",\"inLanguage\":\"fr-FR\",\"@id\":\"https:\\\/\\\/www.info-algerie.com\\\/actualites\\\/depassements-de-la-chaine-ennahar-sit-in-dintellectuels-et-de-journalistes-devant-le-siege-de-larav\\\/#primaryimage\",\"url\":\"https:\\\/\\\/www.info-algerie.com\\\/actualites\\\/wp-content\\\/uploads\\\/2017\\\/06\\\/dc99bf6835d0ee5729b3855e1cc7143d_S-1.jpg\",\"contentUrl\":\"https:\\\/\\\/www.info-algerie.com\\\/actualites\\\/wp-content\\\/uploads\\\/2017\\\/06\\\/dc99bf6835d0ee5729b3855e1cc7143d_S-1.jpg\",\"width\":280,\"height\":210},{\"@type\":\"BreadcrumbList\",\"@id\":\"https:\\\/\\\/www.info-algerie.com\\\/actualites\\\/depassements-de-la-chaine-ennahar-sit-in-dintellectuels-et-de-journalistes-devant-le-siege-de-larav\\\/#breadcrumb\",\"itemListElement\":[{\"@type\":\"ListItem\",\"position\":1,\"name\":\"Accueil\",\"item\":\"https:\\\/\\\/www.info-algerie.com\\\/actualites\\\/\"},{\"@type\":\"ListItem\",\"position\":2,\"name\":\"D\u00e9passements de la chaine Ennahar: sit-in d&#039;intellectuels et de journalistes devant le si\u00e8ge de l&#039;ARAV\u00a0\"}]},{\"@type\":\"WebSite\",\"@id\":\"https:\\\/\\\/www.info-algerie.com\\\/actualites\\\/#website\",\"url\":\"https:\\\/\\\/www.info-algerie.com\\\/actualites\\\/\",\"name\":\"info algerie\",\"description\":\"Toutes les actualit\u00e9s\",\"publisher\":{\"@id\":\"https:\\\/\\\/www.info-algerie.com\\\/actualites\\\/#organization\"},\"potentialAction\":[{\"@type\":\"SearchAction\",\"target\":{\"@type\":\"EntryPoint\",\"urlTemplate\":\"https:\\\/\\\/www.info-algerie.com\\\/actualites\\\/?s={search_term_string}\"},\"query-input\":{\"@type\":\"PropertyValueSpecification\",\"valueRequired\":true,\"valueName\":\"search_term_string\"}}],\"inLanguage\":\"fr-FR\"},{\"@type\":\"Organization\",\"@id\":\"https:\\\/\\\/www.info-algerie.com\\\/actualites\\\/#organization\",\"name\":\"info algerie\",\"url\":\"https:\\\/\\\/www.info-algerie.com\\\/actualites\\\/\",\"logo\":{\"@type\":\"ImageObject\",\"inLanguage\":\"fr-FR\",\"@id\":\"https:\\\/\\\/www.info-algerie.com\\\/actualites\\\/#\\\/schema\\\/logo\\\/image\\\/\",\"url\":\"https:\\\/\\\/www.info-algerie.com\\\/actualites\\\/wp-content\\\/uploads\\\/2022\\\/07\\\/logo-ia-120.png\",\"contentUrl\":\"https:\\\/\\\/www.info-algerie.com\\\/actualites\\\/wp-content\\\/uploads\\\/2022\\\/07\\\/logo-ia-120.png\",\"width\":120,\"height\":43,\"caption\":\"info algerie\"},\"image\":{\"@id\":\"https:\\\/\\\/www.info-algerie.com\\\/actualites\\\/#\\\/schema\\\/logo\\\/image\\\/\"},\"sameAs\":[\"https:\\\/\\\/www.facebook.com\\\/infoalgerieactu\",\"https:\\\/\\\/x.com\\\/infoalgerie1\"]},{\"@type\":\"Person\",\"@id\":\"https:\\\/\\\/www.info-algerie.com\\\/actualites\\\/#\\\/schema\\\/person\\\/847aaec44920825b843a08f30ec6aa1e\",\"name\":\"La r\u00e9daction\",\"image\":{\"@type\":\"ImageObject\",\"inLanguage\":\"fr-FR\",\"@id\":\"https:\\\/\\\/secure.gravatar.com\\\/avatar\\\/769db425c6f465158149f1ffd6cf61ce7a8a879d11dfbef8288af36dfddd418c?s=96&d=mm&r=g\",\"url\":\"https:\\\/\\\/secure.gravatar.com\\\/avatar\\\/769db425c6f465158149f1ffd6cf61ce7a8a879d11dfbef8288af36dfddd418c?s=96&d=mm&r=g\",\"contentUrl\":\"https:\\\/\\\/secure.gravatar.com\\\/avatar\\\/769db425c6f465158149f1ffd6cf61ce7a8a879d11dfbef8288af36dfddd418c?s=96&d=mm&r=g\",\"caption\":\"La r\u00e9daction\"},\"sameAs\":[\"http:\\\/\\\/www.lkeria.com\\\/\"],\"url\":\"https:\\\/\\\/www.info-algerie.com\\\/actualites\\\/author\\\/chakib32\\\/\"}]}<\/script>\n<!-- \/ Yoast SEO plugin. -->","yoast_head_json":{"title":"D\u00e9passements de la chaine Ennahar: sit-in d&#039;intellectuels et de journalistes devant le si\u00e8ge de l&#039;ARAV\u00a0 - info algerie","robots":{"index":"index","follow":"follow","max-snippet":"max-snippet:-1","max-image-preview":"max-image-preview:large","max-video-preview":"max-video-preview:-1"},"canonical":"https:\/\/www.info-algerie.com\/actualites\/depassements-de-la-chaine-ennahar-sit-in-dintellectuels-et-de-journalistes-devant-le-siege-de-larav\/","og_locale":"fr_FR","og_type":"article","og_title":"D\u00e9passements de la chaine Ennahar: sit-in d&#039;intellectuels et de journalistes devant le si\u00e8ge de l&#039;ARAV\u00a0 - info algerie","og_description":"ALGER &#8211; Des dizaines d&rsquo;intellectuels, d&rsquo;artistes, de journalistes et d&rsquo;acad\u00e9miciens se sont rassembl\u00e9s samedi \u00e0 Alger devant le si\u00e8ge de l&rsquo;Autorit\u00e9 de r\u00e9gulation de l&rsquo;audiovisuel (ARAV), en protestation contre \u00ab\u00a0les d\u00e9passements\u00a0\u00bb enregistr\u00e9s dans certains programmes de la grille sp\u00e9cial ramadhan de la chaine de t\u00e9l\u00e9vision priv\u00e9e \u00ab\u00a0Ennahar\u00a0\u00bb et contre \u00ab\u00a0l&rsquo;atteinte\u00a0\u00bb \u00e0 la personne de l&rsquo;\u00e9crivain","og_url":"https:\/\/www.info-algerie.com\/actualites\/depassements-de-la-chaine-ennahar-sit-in-dintellectuels-et-de-journalistes-devant-le-siege-de-larav\/","og_site_name":"info algerie","article_publisher":"https:\/\/www.facebook.com\/infoalgerieactu","article_published_time":"2017-06-03T15:29:58+00:00","og_image":[{"width":280,"height":210,"url":"https:\/\/www.info-algerie.com\/actualites\/wp-content\/uploads\/2017\/06\/dc99bf6835d0ee5729b3855e1cc7143d_S-1.jpg","type":"image\/jpeg"}],"author":"La r\u00e9daction","twitter_misc":{"\u00c9crit par":"La r\u00e9daction","Dur\u00e9e de lecture estim\u00e9e":"4 minutes"},"schema":{"@context":"https:\/\/schema.org","@graph":[{"@type":"Article","@id":"https:\/\/www.info-algerie.com\/actualites\/depassements-de-la-chaine-ennahar-sit-in-dintellectuels-et-de-journalistes-devant-le-siege-de-larav\/#article","isPartOf":{"@id":"https:\/\/www.info-algerie.com\/actualites\/depassements-de-la-chaine-ennahar-sit-in-dintellectuels-et-de-journalistes-devant-le-siege-de-larav\/"},"author":{"name":"La r\u00e9daction","@id":"https:\/\/www.info-algerie.com\/actualites\/#\/schema\/person\/847aaec44920825b843a08f30ec6aa1e"},"headline":"D\u00e9passements de la chaine Ennahar: sit-in d&#039;intellectuels et de journalistes devant le si\u00e8ge de l&#039;ARAV\u00a0","datePublished":"2017-06-03T15:29:58+00:00","mainEntityOfPage":{"@id":"https:\/\/www.info-algerie.com\/actualites\/depassements-de-la-chaine-ennahar-sit-in-dintellectuels-et-de-journalistes-devant-le-siege-de-larav\/"},"wordCount":830,"commentCount":0,"publisher":{"@id":"https:\/\/www.info-algerie.com\/actualites\/#organization"},"image":{"@id":"https:\/\/www.info-algerie.com\/actualites\/depassements-de-la-chaine-ennahar-sit-in-dintellectuels-et-de-journalistes-devant-le-siege-de-larav\/#primaryimage"},"thumbnailUrl":"https:\/\/www.info-algerie.com\/actualites\/wp-content\/uploads\/2017\/06\/dc99bf6835d0ee5729b3855e1cc7143d_S-1.jpg","keywords":["ONU"],"articleSection":["infos"],"inLanguage":"fr-FR","potentialAction":[{"@type":"CommentAction","name":"Comment","target":["https:\/\/www.info-algerie.com\/actualites\/depassements-de-la-chaine-ennahar-sit-in-dintellectuels-et-de-journalistes-devant-le-siege-de-larav\/#respond"]}]},{"@type":"WebPage","@id":"https:\/\/www.info-algerie.com\/actualites\/depassements-de-la-chaine-ennahar-sit-in-dintellectuels-et-de-journalistes-devant-le-siege-de-larav\/","url":"https:\/\/www.info-algerie.com\/actualites\/depassements-de-la-chaine-ennahar-sit-in-dintellectuels-et-de-journalistes-devant-le-siege-de-larav\/","name":"D\u00e9passements de la chaine Ennahar: sit-in d&#039;intellectuels et de journalistes devant le si\u00e8ge de l&#039;ARAV\u00a0 - info algerie","isPartOf":{"@id":"https:\/\/www.info-algerie.com\/actualites\/#website"},"primaryImageOfPage":{"@id":"https:\/\/www.info-algerie.com\/actualites\/depassements-de-la-chaine-ennahar-sit-in-dintellectuels-et-de-journalistes-devant-le-siege-de-larav\/#primaryimage"},"image":{"@id":"https:\/\/www.info-algerie.com\/actualites\/depassements-de-la-chaine-ennahar-sit-in-dintellectuels-et-de-journalistes-devant-le-siege-de-larav\/#primaryimage"},"thumbnailUrl":"https:\/\/www.info-algerie.com\/actualites\/wp-content\/uploads\/2017\/06\/dc99bf6835d0ee5729b3855e1cc7143d_S-1.jpg","datePublished":"2017-06-03T15:29:58+00:00","breadcrumb":{"@id":"https:\/\/www.info-algerie.com\/actualites\/depassements-de-la-chaine-ennahar-sit-in-dintellectuels-et-de-journalistes-devant-le-siege-de-larav\/#breadcrumb"},"inLanguage":"fr-FR","potentialAction":[{"@type":"ReadAction","target":["https:\/\/www.info-algerie.com\/actualites\/depassements-de-la-chaine-ennahar-sit-in-dintellectuels-et-de-journalistes-devant-le-siege-de-larav\/"]}]},{"@type":"ImageObject","inLanguage":"fr-FR","@id":"https:\/\/www.info-algerie.com\/actualites\/depassements-de-la-chaine-ennahar-sit-in-dintellectuels-et-de-journalistes-devant-le-siege-de-larav\/#primaryimage","url":"https:\/\/www.info-algerie.com\/actualites\/wp-content\/uploads\/2017\/06\/dc99bf6835d0ee5729b3855e1cc7143d_S-1.jpg","contentUrl":"https:\/\/www.info-algerie.com\/actualites\/wp-content\/uploads\/2017\/06\/dc99bf6835d0ee5729b3855e1cc7143d_S-1.jpg","width":280,"height":210},{"@type":"BreadcrumbList","@id":"https:\/\/www.info-algerie.com\/actualites\/depassements-de-la-chaine-ennahar-sit-in-dintellectuels-et-de-journalistes-devant-le-siege-de-larav\/#breadcrumb","itemListElement":[{"@type":"ListItem","position":1,"name":"Accueil","item":"https:\/\/www.info-algerie.com\/actualites\/"},{"@type":"ListItem","position":2,"name":"D\u00e9passements de la chaine Ennahar: sit-in d&#039;intellectuels et de journalistes devant le si\u00e8ge de l&#039;ARAV\u00a0"}]},{"@type":"WebSite","@id":"https:\/\/www.info-algerie.com\/actualites\/#website","url":"https:\/\/www.info-algerie.com\/actualites\/","name":"info algerie","description":"Toutes les actualit\u00e9s","publisher":{"@id":"https:\/\/www.info-algerie.com\/actualites\/#organization"},"potentialAction":[{"@type":"SearchAction","target":{"@type":"EntryPoint","urlTemplate":"https:\/\/www.info-algerie.com\/actualites\/?s={search_term_string}"},"query-input":{"@type":"PropertyValueSpecification","valueRequired":true,"valueName":"search_term_string"}}],"inLanguage":"fr-FR"},{"@type":"Organization","@id":"https:\/\/www.info-algerie.com\/actualites\/#organization","name":"info algerie","url":"https:\/\/www.info-algerie.com\/actualites\/","logo":{"@type":"ImageObject","inLanguage":"fr-FR","@id":"https:\/\/www.info-algerie.com\/actualites\/#\/schema\/logo\/image\/","url":"https:\/\/www.info-algerie.com\/actualites\/wp-content\/uploads\/2022\/07\/logo-ia-120.png","contentUrl":"https:\/\/www.info-algerie.com\/actualites\/wp-content\/uploads\/2022\/07\/logo-ia-120.png","width":120,"height":43,"caption":"info algerie"},"image":{"@id":"https:\/\/www.info-algerie.com\/actualites\/#\/schema\/logo\/image\/"},"sameAs":["https:\/\/www.facebook.com\/infoalgerieactu","https:\/\/x.com\/infoalgerie1"]},{"@type":"Person","@id":"https:\/\/www.info-algerie.com\/actualites\/#\/schema\/person\/847aaec44920825b843a08f30ec6aa1e","name":"La r\u00e9daction","image":{"@type":"ImageObject","inLanguage":"fr-FR","@id":"https:\/\/secure.gravatar.com\/avatar\/769db425c6f465158149f1ffd6cf61ce7a8a879d11dfbef8288af36dfddd418c?s=96&d=mm&r=g","url":"https:\/\/secure.gravatar.com\/avatar\/769db425c6f465158149f1ffd6cf61ce7a8a879d11dfbef8288af36dfddd418c?s=96&d=mm&r=g","contentUrl":"https:\/\/secure.gravatar.com\/avatar\/769db425c6f465158149f1ffd6cf61ce7a8a879d11dfbef8288af36dfddd418c?s=96&d=mm&r=g","caption":"La r\u00e9daction"},"sameAs":["http:\/\/www.lkeria.com\/"],"url":"https:\/\/www.info-algerie.com\/actualites\/author\/chakib32\/"}]}},"_links":{"self":[{"href":"https:\/\/www.info-algerie.com\/actualites\/wp-json\/wp\/v2\/posts\/12818","targetHints":{"allow":["GET"]}}],"collection":[{"href":"https:\/\/www.info-algerie.com\/actualites\/wp-json\/wp\/v2\/posts"}],"about":[{"href":"https:\/\/www.info-algerie.com\/actualites\/wp-json\/wp\/v2\/types\/post"}],"author":[{"embeddable":true,"href":"https:\/\/www.info-algerie.com\/actualites\/wp-json\/wp\/v2\/users\/6"}],"replies":[{"embeddable":true,"href":"https:\/\/www.info-algerie.com\/actualites\/wp-json\/wp\/v2\/comments?post=12818"}],"version-history":[{"count":0,"href":"https:\/\/www.info-algerie.com\/actualites\/wp-json\/wp\/v2\/posts\/12818\/revisions"}],"wp:featuredmedia":[{"embeddable":true,"href":"https:\/\/www.info-algerie.com\/actualites\/wp-json\/wp\/v2\/media\/12819"}],"wp:attachment":[{"href":"https:\/\/www.info-algerie.com\/actualites\/wp-json\/wp\/v2\/media?parent=12818"}],"wp:term":[{"taxonomy":"category","embeddable":true,"href":"https:\/\/www.info-algerie.com\/actualites\/wp-json\/wp\/v2\/categories?post=12818"},{"taxonomy":"post_tag","embeddable":true,"href":"https:\/\/www.info-algerie.com\/actualites\/wp-json\/wp\/v2\/tags?post=12818"}],"curies":[{"name":"wp","href":"https:\/\/api.w.org\/{rel}","templated":true}]}}