{"id":12827,"date":"2017-06-04T10:56:12","date_gmt":"2017-06-04T09:56:12","guid":{"rendered":"http:\/\/www.info-algerie.com\/actualites\/mascara-la-ministre-de-leducation-nationale-donne-le-coup-denvoi-des-epreuves-du-bem\/"},"modified":"2017-06-04T10:56:12","modified_gmt":"2017-06-04T09:56:12","slug":"mascara-la-ministre-de-leducation-nationale-donne-le-coup-denvoi-des-epreuves-du-bem","status":"publish","type":"post","link":"https:\/\/www.info-algerie.com\/actualites\/mascara-la-ministre-de-leducation-nationale-donne-le-coup-denvoi-des-epreuves-du-bem\/","title":{"rendered":"Mascara: la ministre de l\u2019Education nationale donne le coup d\u2019envoi des \u00e9preuves du BEM"},"content":{"rendered":"<div class=\"K2FeedIntroText\">\n<p class=\"MsoNoSpacing\">MASCARA- La ministre de l\u2019Education nationale, Nouria\u00a0 Benghebrit, a donn\u00e9 dimanche \u00e0 partir du CEM \u00ab\u00a0Cheikh Abdelkader Mecherfi\u00a0\u00bb de Ghris (wilaya de Mascara) le coup d\u2019envoi des \u00e9preuves du Brevet d\u2019enseignement moyen (BEM).<\/p>\n<p>&#013;\n<\/p><\/div>\n<div class=\"K2FeedFullText\">&#013;<\/p>\n<p>Ils sont quelque 566.221 candidats dont 51,58 % de filles, \u00e0 subir ces\u00a0 \u00e9preuves au niveau de 2.234 centres r\u00e9partis \u00e0 l&rsquo;\u00e9chelle nationale. S&rsquo;agissant de la wilaya de Mascara, les effectifs devant concourir \u00e0 cet\u00a0 examen sont de l&rsquo;ordre de 12.032 candidats dont 178 candidats libres\u00a0 r\u00e9partis dans 50 centres .<\/p>\n<p>&#013;<\/p>\n<p>Dans la commune de Ghriss, la ministre s\u2019est enquise des pr\u00e9paratifs des\u00a0 examens du BEM et du baccalaur\u00e9at dans la wilaya de Mascara ainsi que des\u00a0 dispositions prises concernant la correction de copies de ces deux examens.<\/p>\n<p>&#013;<\/p>\n<p>Mme Benghrebit a visit\u00e9, \u00e0 cette occasion, le centre o\u00f9 doit se d\u00e9rouler\u00a0 la correction des copies du BEM, install\u00e9 au lyc\u00e9e \u00ab\u00a0Mekkioui Mamoun\u00a0\u00bb de\u00a0Mascara avant d\u2019inaugurer le service de m\u00e9decine du travail destin\u00e9 aux\u00a0 personnels de l\u2019Education, ouvert au sein du m\u00eame lyc\u00e9e.<\/p>\n<p>&#013;<\/p>\n<p>Elle s&rsquo;est rendue, par ailleurs, au centre de collecte des copies des\u00a0 examens du BEM au niveau du lyc\u00e9e \u00ab\u00a0Abiras Ennaciri\u00a0\u00bb de Mascara ainsi qu&rsquo;\u00e0\u00a0l\u2019institut national de formation des cadres de l\u2019\u00e9ducation qui a fait\u00a0 l\u2019objet de travaux d\u2019extension avant sa r\u00e9ception. Cette infrastructure relevait du minist\u00e8re de l\u2019Enseignement sup\u00e9rieur et de la recherche\u00a0 scientifique car abritant auparavant l\u2019institut de Droit et des sciences\u00a0 administratives.<\/p>\n<p>&#013;<\/p>\n<p>\u00a0<\/p>\n<p>&#013;<\/p>\n<p>\u00a0<\/p>\n<\/div>\n<p>&#013;<br \/>\nSource: <a href=\"http:\/\/www.aps.dz\/algerie\/58507-mascara-la-ministre-de-l-education-nationale-donne-le-coup-d-envoi-des-epreuves-du-bem\" target=\"_blank\">Mascara: la ministre de l\u2019Education nationale donne le coup d\u2019envoi des \u00e9preuves du BEM<\/a><\/p>\n<!--CusAds0-->\n<div style=\"font-size: 0px; height: 0px; line-height: 0px; margin: 0; padding: 0; clear: both;\"><\/div>","protected":false},"excerpt":{"rendered":"<p>MASCARA- La ministre de l\u2019Education nationale, Nouria\u00a0 Benghebrit, a donn\u00e9 dimanche \u00e0 partir du CEM \u00ab\u00a0Cheikh Abdelkader Mecherfi\u00a0\u00bb de Ghris (wilaya de Mascara) le coup d\u2019envoi des \u00e9preuves du Brevet d\u2019enseignement moyen (BEM). &#013; &#013; Ils sont quelque 566.221 candidats dont 51,58 % de filles, \u00e0 subir ces\u00a0 \u00e9preuves au niveau de 2.234 centres r\u00e9partis<\/p>\n","protected":false},"author":6,"featured_media":0,"comment_status":"open","ping_status":"open","sticky":false,"template":"","format":"standard","meta":{"footnotes":""},"categories":[22],"tags":[93],"class_list":["post-12827","post","type-post","status-publish","format-standard","hentry","category-infos","tag-onu"],"yoast_head":"<!-- This site is optimized with the Yoast SEO plugin v27.5 - https:\/\/yoast.com\/product\/yoast-seo-wordpress\/ -->\n<title>Mascara: la ministre de l\u2019Education nationale donne le coup d\u2019envoi des \u00e9preuves du BEM - info algerie<\/title>\n<meta name=\"robots\" content=\"index, follow, max-snippet:-1, max-image-preview:large, max-video-preview:-1\" \/>\n<link rel=\"canonical\" href=\"https:\/\/www.info-algerie.com\/actualites\/mascara-la-ministre-de-leducation-nationale-donne-le-coup-denvoi-des-epreuves-du-bem\/\" \/>\n<meta property=\"og:locale\" content=\"fr_FR\" \/>\n<meta property=\"og:type\" content=\"article\" \/>\n<meta property=\"og:title\" content=\"Mascara: la ministre de l\u2019Education nationale donne le coup d\u2019envoi des \u00e9preuves du BEM - info algerie\" \/>\n<meta property=\"og:description\" content=\"MASCARA- La ministre de l\u2019Education nationale, Nouria\u00a0 Benghebrit, a donn\u00e9 dimanche \u00e0 partir du CEM \u00ab\u00a0Cheikh Abdelkader Mecherfi\u00a0\u00bb de Ghris (wilaya de Mascara) le coup d\u2019envoi des \u00e9preuves du Brevet d\u2019enseignement moyen (BEM). &#013; &#013; Ils sont quelque 566.221 candidats dont 51,58 % de filles, \u00e0 subir ces\u00a0 \u00e9preuves au niveau de 2.234 centres r\u00e9partis\" \/>\n<meta property=\"og:url\" content=\"https:\/\/www.info-algerie.com\/actualites\/mascara-la-ministre-de-leducation-nationale-donne-le-coup-denvoi-des-epreuves-du-bem\/\" \/>\n<meta property=\"og:site_name\" content=\"info algerie\" \/>\n<meta property=\"article:publisher\" content=\"https:\/\/www.facebook.com\/infoalgerieactu\" \/>\n<meta property=\"article:published_time\" content=\"2017-06-04T09:56:12+00:00\" \/>\n<meta name=\"author\" content=\"La r\u00e9daction\" \/>\n<meta name=\"twitter:label1\" content=\"\u00c9crit par\" \/>\n\t<meta name=\"twitter:data1\" content=\"La r\u00e9daction\" \/>\n\t<meta name=\"twitter:label2\" content=\"Dur\u00e9e de lecture estim\u00e9e\" \/>\n\t<meta name=\"twitter:data2\" content=\"1 minute\" \/>\n<script type=\"application\/ld+json\" class=\"yoast-schema-graph\">{\"@context\":\"https:\\\/\\\/schema.org\",\"@graph\":[{\"@type\":\"Article\",\"@id\":\"https:\\\/\\\/www.info-algerie.com\\\/actualites\\\/mascara-la-ministre-de-leducation-nationale-donne-le-coup-denvoi-des-epreuves-du-bem\\\/#article\",\"isPartOf\":{\"@id\":\"https:\\\/\\\/www.info-algerie.com\\\/actualites\\\/mascara-la-ministre-de-leducation-nationale-donne-le-coup-denvoi-des-epreuves-du-bem\\\/\"},\"author\":{\"name\":\"La r\u00e9daction\",\"@id\":\"https:\\\/\\\/www.info-algerie.com\\\/actualites\\\/#\\\/schema\\\/person\\\/847aaec44920825b843a08f30ec6aa1e\"},\"headline\":\"Mascara: la ministre de l\u2019Education nationale donne le coup d\u2019envoi des \u00e9preuves du BEM\",\"datePublished\":\"2017-06-04T09:56:12+00:00\",\"mainEntityOfPage\":{\"@id\":\"https:\\\/\\\/www.info-algerie.com\\\/actualites\\\/mascara-la-ministre-de-leducation-nationale-donne-le-coup-denvoi-des-epreuves-du-bem\\\/\"},\"wordCount\":281,\"commentCount\":0,\"publisher\":{\"@id\":\"https:\\\/\\\/www.info-algerie.com\\\/actualites\\\/#organization\"},\"keywords\":[\"ONU\"],\"articleSection\":[\"infos\"],\"inLanguage\":\"fr-FR\",\"potentialAction\":[{\"@type\":\"CommentAction\",\"name\":\"Comment\",\"target\":[\"https:\\\/\\\/www.info-algerie.com\\\/actualites\\\/mascara-la-ministre-de-leducation-nationale-donne-le-coup-denvoi-des-epreuves-du-bem\\\/#respond\"]}]},{\"@type\":\"WebPage\",\"@id\":\"https:\\\/\\\/www.info-algerie.com\\\/actualites\\\/mascara-la-ministre-de-leducation-nationale-donne-le-coup-denvoi-des-epreuves-du-bem\\\/\",\"url\":\"https:\\\/\\\/www.info-algerie.com\\\/actualites\\\/mascara-la-ministre-de-leducation-nationale-donne-le-coup-denvoi-des-epreuves-du-bem\\\/\",\"name\":\"Mascara: la ministre de l\u2019Education nationale donne le coup d\u2019envoi des \u00e9preuves du BEM - info algerie\",\"isPartOf\":{\"@id\":\"https:\\\/\\\/www.info-algerie.com\\\/actualites\\\/#website\"},\"datePublished\":\"2017-06-04T09:56:12+00:00\",\"breadcrumb\":{\"@id\":\"https:\\\/\\\/www.info-algerie.com\\\/actualites\\\/mascara-la-ministre-de-leducation-nationale-donne-le-coup-denvoi-des-epreuves-du-bem\\\/#breadcrumb\"},\"inLanguage\":\"fr-FR\",\"potentialAction\":[{\"@type\":\"ReadAction\",\"target\":[\"https:\\\/\\\/www.info-algerie.com\\\/actualites\\\/mascara-la-ministre-de-leducation-nationale-donne-le-coup-denvoi-des-epreuves-du-bem\\\/\"]}]},{\"@type\":\"BreadcrumbList\",\"@id\":\"https:\\\/\\\/www.info-algerie.com\\\/actualites\\\/mascara-la-ministre-de-leducation-nationale-donne-le-coup-denvoi-des-epreuves-du-bem\\\/#breadcrumb\",\"itemListElement\":[{\"@type\":\"ListItem\",\"position\":1,\"name\":\"Accueil\",\"item\":\"https:\\\/\\\/www.info-algerie.com\\\/actualites\\\/\"},{\"@type\":\"ListItem\",\"position\":2,\"name\":\"Mascara: la ministre de l\u2019Education nationale donne le coup d\u2019envoi des \u00e9preuves du BEM\"}]},{\"@type\":\"WebSite\",\"@id\":\"https:\\\/\\\/www.info-algerie.com\\\/actualites\\\/#website\",\"url\":\"https:\\\/\\\/www.info-algerie.com\\\/actualites\\\/\",\"name\":\"info algerie\",\"description\":\"Toutes les actualit\u00e9s\",\"publisher\":{\"@id\":\"https:\\\/\\\/www.info-algerie.com\\\/actualites\\\/#organization\"},\"potentialAction\":[{\"@type\":\"SearchAction\",\"target\":{\"@type\":\"EntryPoint\",\"urlTemplate\":\"https:\\\/\\\/www.info-algerie.com\\\/actualites\\\/?s={search_term_string}\"},\"query-input\":{\"@type\":\"PropertyValueSpecification\",\"valueRequired\":true,\"valueName\":\"search_term_string\"}}],\"inLanguage\":\"fr-FR\"},{\"@type\":\"Organization\",\"@id\":\"https:\\\/\\\/www.info-algerie.com\\\/actualites\\\/#organization\",\"name\":\"info algerie\",\"url\":\"https:\\\/\\\/www.info-algerie.com\\\/actualites\\\/\",\"logo\":{\"@type\":\"ImageObject\",\"inLanguage\":\"fr-FR\",\"@id\":\"https:\\\/\\\/www.info-algerie.com\\\/actualites\\\/#\\\/schema\\\/logo\\\/image\\\/\",\"url\":\"https:\\\/\\\/www.info-algerie.com\\\/actualites\\\/wp-content\\\/uploads\\\/2022\\\/07\\\/logo-ia-120.png\",\"contentUrl\":\"https:\\\/\\\/www.info-algerie.com\\\/actualites\\\/wp-content\\\/uploads\\\/2022\\\/07\\\/logo-ia-120.png\",\"width\":120,\"height\":43,\"caption\":\"info algerie\"},\"image\":{\"@id\":\"https:\\\/\\\/www.info-algerie.com\\\/actualites\\\/#\\\/schema\\\/logo\\\/image\\\/\"},\"sameAs\":[\"https:\\\/\\\/www.facebook.com\\\/infoalgerieactu\",\"https:\\\/\\\/x.com\\\/infoalgerie1\"]},{\"@type\":\"Person\",\"@id\":\"https:\\\/\\\/www.info-algerie.com\\\/actualites\\\/#\\\/schema\\\/person\\\/847aaec44920825b843a08f30ec6aa1e\",\"name\":\"La r\u00e9daction\",\"image\":{\"@type\":\"ImageObject\",\"inLanguage\":\"fr-FR\",\"@id\":\"https:\\\/\\\/secure.gravatar.com\\\/avatar\\\/769db425c6f465158149f1ffd6cf61ce7a8a879d11dfbef8288af36dfddd418c?s=96&d=mm&r=g\",\"url\":\"https:\\\/\\\/secure.gravatar.com\\\/avatar\\\/769db425c6f465158149f1ffd6cf61ce7a8a879d11dfbef8288af36dfddd418c?s=96&d=mm&r=g\",\"contentUrl\":\"https:\\\/\\\/secure.gravatar.com\\\/avatar\\\/769db425c6f465158149f1ffd6cf61ce7a8a879d11dfbef8288af36dfddd418c?s=96&d=mm&r=g\",\"caption\":\"La r\u00e9daction\"},\"sameAs\":[\"http:\\\/\\\/www.lkeria.com\\\/\"],\"url\":\"https:\\\/\\\/www.info-algerie.com\\\/actualites\\\/author\\\/chakib32\\\/\"}]}<\/script>\n<!-- \/ Yoast SEO plugin. -->","yoast_head_json":{"title":"Mascara: la ministre de l\u2019Education nationale donne le coup d\u2019envoi des \u00e9preuves du BEM - info algerie","robots":{"index":"index","follow":"follow","max-snippet":"max-snippet:-1","max-image-preview":"max-image-preview:large","max-video-preview":"max-video-preview:-1"},"canonical":"https:\/\/www.info-algerie.com\/actualites\/mascara-la-ministre-de-leducation-nationale-donne-le-coup-denvoi-des-epreuves-du-bem\/","og_locale":"fr_FR","og_type":"article","og_title":"Mascara: la ministre de l\u2019Education nationale donne le coup d\u2019envoi des \u00e9preuves du BEM - info algerie","og_description":"MASCARA- La ministre de l\u2019Education nationale, Nouria\u00a0 Benghebrit, a donn\u00e9 dimanche \u00e0 partir du CEM \u00ab\u00a0Cheikh Abdelkader Mecherfi\u00a0\u00bb de Ghris (wilaya de Mascara) le coup d\u2019envoi des \u00e9preuves du Brevet d\u2019enseignement moyen (BEM). &#013; &#013; Ils sont quelque 566.221 candidats dont 51,58 % de filles, \u00e0 subir ces\u00a0 \u00e9preuves au niveau de 2.234 centres r\u00e9partis","og_url":"https:\/\/www.info-algerie.com\/actualites\/mascara-la-ministre-de-leducation-nationale-donne-le-coup-denvoi-des-epreuves-du-bem\/","og_site_name":"info algerie","article_publisher":"https:\/\/www.facebook.com\/infoalgerieactu","article_published_time":"2017-06-04T09:56:12+00:00","author":"La r\u00e9daction","twitter_misc":{"\u00c9crit par":"La r\u00e9daction","Dur\u00e9e de lecture estim\u00e9e":"1 minute"},"schema":{"@context":"https:\/\/schema.org","@graph":[{"@type":"Article","@id":"https:\/\/www.info-algerie.com\/actualites\/mascara-la-ministre-de-leducation-nationale-donne-le-coup-denvoi-des-epreuves-du-bem\/#article","isPartOf":{"@id":"https:\/\/www.info-algerie.com\/actualites\/mascara-la-ministre-de-leducation-nationale-donne-le-coup-denvoi-des-epreuves-du-bem\/"},"author":{"name":"La r\u00e9daction","@id":"https:\/\/www.info-algerie.com\/actualites\/#\/schema\/person\/847aaec44920825b843a08f30ec6aa1e"},"headline":"Mascara: la ministre de l\u2019Education nationale donne le coup d\u2019envoi des \u00e9preuves du BEM","datePublished":"2017-06-04T09:56:12+00:00","mainEntityOfPage":{"@id":"https:\/\/www.info-algerie.com\/actualites\/mascara-la-ministre-de-leducation-nationale-donne-le-coup-denvoi-des-epreuves-du-bem\/"},"wordCount":281,"commentCount":0,"publisher":{"@id":"https:\/\/www.info-algerie.com\/actualites\/#organization"},"keywords":["ONU"],"articleSection":["infos"],"inLanguage":"fr-FR","potentialAction":[{"@type":"CommentAction","name":"Comment","target":["https:\/\/www.info-algerie.com\/actualites\/mascara-la-ministre-de-leducation-nationale-donne-le-coup-denvoi-des-epreuves-du-bem\/#respond"]}]},{"@type":"WebPage","@id":"https:\/\/www.info-algerie.com\/actualites\/mascara-la-ministre-de-leducation-nationale-donne-le-coup-denvoi-des-epreuves-du-bem\/","url":"https:\/\/www.info-algerie.com\/actualites\/mascara-la-ministre-de-leducation-nationale-donne-le-coup-denvoi-des-epreuves-du-bem\/","name":"Mascara: la ministre de l\u2019Education nationale donne le coup d\u2019envoi des \u00e9preuves du BEM - info algerie","isPartOf":{"@id":"https:\/\/www.info-algerie.com\/actualites\/#website"},"datePublished":"2017-06-04T09:56:12+00:00","breadcrumb":{"@id":"https:\/\/www.info-algerie.com\/actualites\/mascara-la-ministre-de-leducation-nationale-donne-le-coup-denvoi-des-epreuves-du-bem\/#breadcrumb"},"inLanguage":"fr-FR","potentialAction":[{"@type":"ReadAction","target":["https:\/\/www.info-algerie.com\/actualites\/mascara-la-ministre-de-leducation-nationale-donne-le-coup-denvoi-des-epreuves-du-bem\/"]}]},{"@type":"BreadcrumbList","@id":"https:\/\/www.info-algerie.com\/actualites\/mascara-la-ministre-de-leducation-nationale-donne-le-coup-denvoi-des-epreuves-du-bem\/#breadcrumb","itemListElement":[{"@type":"ListItem","position":1,"name":"Accueil","item":"https:\/\/www.info-algerie.com\/actualites\/"},{"@type":"ListItem","position":2,"name":"Mascara: la ministre de l\u2019Education nationale donne le coup d\u2019envoi des \u00e9preuves du BEM"}]},{"@type":"WebSite","@id":"https:\/\/www.info-algerie.com\/actualites\/#website","url":"https:\/\/www.info-algerie.com\/actualites\/","name":"info algerie","description":"Toutes les actualit\u00e9s","publisher":{"@id":"https:\/\/www.info-algerie.com\/actualites\/#organization"},"potentialAction":[{"@type":"SearchAction","target":{"@type":"EntryPoint","urlTemplate":"https:\/\/www.info-algerie.com\/actualites\/?s={search_term_string}"},"query-input":{"@type":"PropertyValueSpecification","valueRequired":true,"valueName":"search_term_string"}}],"inLanguage":"fr-FR"},{"@type":"Organization","@id":"https:\/\/www.info-algerie.com\/actualites\/#organization","name":"info algerie","url":"https:\/\/www.info-algerie.com\/actualites\/","logo":{"@type":"ImageObject","inLanguage":"fr-FR","@id":"https:\/\/www.info-algerie.com\/actualites\/#\/schema\/logo\/image\/","url":"https:\/\/www.info-algerie.com\/actualites\/wp-content\/uploads\/2022\/07\/logo-ia-120.png","contentUrl":"https:\/\/www.info-algerie.com\/actualites\/wp-content\/uploads\/2022\/07\/logo-ia-120.png","width":120,"height":43,"caption":"info algerie"},"image":{"@id":"https:\/\/www.info-algerie.com\/actualites\/#\/schema\/logo\/image\/"},"sameAs":["https:\/\/www.facebook.com\/infoalgerieactu","https:\/\/x.com\/infoalgerie1"]},{"@type":"Person","@id":"https:\/\/www.info-algerie.com\/actualites\/#\/schema\/person\/847aaec44920825b843a08f30ec6aa1e","name":"La r\u00e9daction","image":{"@type":"ImageObject","inLanguage":"fr-FR","@id":"https:\/\/secure.gravatar.com\/avatar\/769db425c6f465158149f1ffd6cf61ce7a8a879d11dfbef8288af36dfddd418c?s=96&d=mm&r=g","url":"https:\/\/secure.gravatar.com\/avatar\/769db425c6f465158149f1ffd6cf61ce7a8a879d11dfbef8288af36dfddd418c?s=96&d=mm&r=g","contentUrl":"https:\/\/secure.gravatar.com\/avatar\/769db425c6f465158149f1ffd6cf61ce7a8a879d11dfbef8288af36dfddd418c?s=96&d=mm&r=g","caption":"La r\u00e9daction"},"sameAs":["http:\/\/www.lkeria.com\/"],"url":"https:\/\/www.info-algerie.com\/actualites\/author\/chakib32\/"}]}},"_links":{"self":[{"href":"https:\/\/www.info-algerie.com\/actualites\/wp-json\/wp\/v2\/posts\/12827","targetHints":{"allow":["GET"]}}],"collection":[{"href":"https:\/\/www.info-algerie.com\/actualites\/wp-json\/wp\/v2\/posts"}],"about":[{"href":"https:\/\/www.info-algerie.com\/actualites\/wp-json\/wp\/v2\/types\/post"}],"author":[{"embeddable":true,"href":"https:\/\/www.info-algerie.com\/actualites\/wp-json\/wp\/v2\/users\/6"}],"replies":[{"embeddable":true,"href":"https:\/\/www.info-algerie.com\/actualites\/wp-json\/wp\/v2\/comments?post=12827"}],"version-history":[{"count":0,"href":"https:\/\/www.info-algerie.com\/actualites\/wp-json\/wp\/v2\/posts\/12827\/revisions"}],"wp:attachment":[{"href":"https:\/\/www.info-algerie.com\/actualites\/wp-json\/wp\/v2\/media?parent=12827"}],"wp:term":[{"taxonomy":"category","embeddable":true,"href":"https:\/\/www.info-algerie.com\/actualites\/wp-json\/wp\/v2\/categories?post=12827"},{"taxonomy":"post_tag","embeddable":true,"href":"https:\/\/www.info-algerie.com\/actualites\/wp-json\/wp\/v2\/tags?post=12827"}],"curies":[{"name":"wp","href":"https:\/\/api.w.org\/{rel}","templated":true}]}}