{"id":12845,"date":"2017-06-04T16:27:49","date_gmt":"2017-06-04T15:27:49","guid":{"rendered":"http:\/\/www.info-algerie.com\/actualites\/les-trois-terroristes-arretes-a-tebessa-reconnaissent-leur-implication-dans-lattentat-contre-une-patrouille-militaire-mdn\/"},"modified":"2017-06-04T16:27:49","modified_gmt":"2017-06-04T15:27:49","slug":"les-trois-terroristes-arretes-a-tebessa-reconnaissent-leur-implication-dans-lattentat-contre-une-patrouille-militaire-mdn","status":"publish","type":"post","link":"https:\/\/www.info-algerie.com\/actualites\/les-trois-terroristes-arretes-a-tebessa-reconnaissent-leur-implication-dans-lattentat-contre-une-patrouille-militaire-mdn\/","title":{"rendered":"Les trois terroristes arr\u00eat\u00e9s \u00e0 T\u00e9bessa reconnaissent leur implication dans l&#039;attentat contre une patrouille militaire (MDN)"},"content":{"rendered":"<div class=\"K2FeedIntroText\">\n<p>ALGER &#8211; Les trois terroristes arr\u00eat\u00e9s samedi \u00e0 T\u00e9bessa ont reconnu leur implication dans la pose de la mine de confection artisanale qui a explos\u00e9 vendredi au passage d&rsquo;une patrouille militaire, indique dimanche un communiqu\u00e9 du minist\u00e8re de la de la D\u00e9fense nationale (MDN).\u00a0\u00a0<\/p>\n<p>&#013;\n<\/p><\/div>\n<div class=\"K2FeedFullText\">&#013;<\/p>\n<p>\u00ab\u00a0Dans le cadre de la lutte antiterroriste et suite \u00e0 l&rsquo;enqu\u00eate et investigations des services de la Gendarmerie nationale de Bir El Ater, wilaya de T\u00e9bessa (5\u00e8me R\u00e9gion militaire), les trois terroristes R. Hamid, R. Saddam et M. Mahiou, arr\u00eat\u00e9s le 03 juin 2017, ont reconnu \u00eatre derri\u00e8re la pose de la mine de confection artisanale qui a explos\u00e9 lors du passage d&rsquo;une patrouille militaire le 2 juin 2017&Prime;, pr\u00e9cise-t-on de m\u00eame source.\u00a0\u00bbCes criminels seront pr\u00e9sent\u00e9s devant la justice\u00a0\u00bb, ajoute le communiqu\u00e9.\u00a0\u00a0<\/p>\n<\/div>\n<p>&#013;<br \/>\nSource: <a href=\"http:\/\/www.aps.dz\/algerie\/58533-les-trois-terroristes-arretes-a-tebessa-reconnaissent-leur-implication-dans-l-attentat-contre-une-patrouille-militaire-mdn\" target=\"_blank\">Les trois terroristes arr\u00eat\u00e9s \u00e0 T\u00e9bessa reconnaissent leur implication dans l&rsquo;attentat contre une patrouille militaire (MDN)<\/a><\/p>\n<!--CusAds0-->\n<div style=\"font-size: 0px; height: 0px; line-height: 0px; margin: 0; padding: 0; clear: both;\"><\/div>","protected":false},"excerpt":{"rendered":"<p>ALGER &#8211; Les trois terroristes arr\u00eat\u00e9s samedi \u00e0 T\u00e9bessa ont reconnu leur implication dans la pose de la mine de confection artisanale qui a explos\u00e9 vendredi au passage d&rsquo;une patrouille militaire, indique dimanche un communiqu\u00e9 du minist\u00e8re de la de la D\u00e9fense nationale (MDN).\u00a0\u00a0 &#013; &#013; \u00ab\u00a0Dans le cadre de la lutte antiterroriste et suite<\/p>\n","protected":false},"author":6,"featured_media":0,"comment_status":"open","ping_status":"open","sticky":false,"template":"","format":"standard","meta":{"footnotes":""},"categories":[22],"tags":[93],"class_list":["post-12845","post","type-post","status-publish","format-standard","hentry","category-infos","tag-onu"],"yoast_head":"<!-- This site is optimized with the Yoast SEO plugin v27.5 - https:\/\/yoast.com\/product\/yoast-seo-wordpress\/ -->\n<title>Les trois terroristes arr\u00eat\u00e9s \u00e0 T\u00e9bessa reconnaissent leur implication dans l&#039;attentat contre une patrouille militaire (MDN) - info algerie<\/title>\n<meta name=\"robots\" content=\"index, follow, max-snippet:-1, max-image-preview:large, max-video-preview:-1\" \/>\n<link rel=\"canonical\" href=\"https:\/\/www.info-algerie.com\/actualites\/les-trois-terroristes-arretes-a-tebessa-reconnaissent-leur-implication-dans-lattentat-contre-une-patrouille-militaire-mdn\/\" \/>\n<meta property=\"og:locale\" content=\"fr_FR\" \/>\n<meta property=\"og:type\" content=\"article\" \/>\n<meta property=\"og:title\" content=\"Les trois terroristes arr\u00eat\u00e9s \u00e0 T\u00e9bessa reconnaissent leur implication dans l&#039;attentat contre une patrouille militaire (MDN) - info algerie\" \/>\n<meta property=\"og:description\" content=\"ALGER &#8211; Les trois terroristes arr\u00eat\u00e9s samedi \u00e0 T\u00e9bessa ont reconnu leur implication dans la pose de la mine de confection artisanale qui a explos\u00e9 vendredi au passage d&rsquo;une patrouille militaire, indique dimanche un communiqu\u00e9 du minist\u00e8re de la de la D\u00e9fense nationale (MDN).\u00a0\u00a0 &#013; &#013; \u00ab\u00a0Dans le cadre de la lutte antiterroriste et suite\" \/>\n<meta property=\"og:url\" content=\"https:\/\/www.info-algerie.com\/actualites\/les-trois-terroristes-arretes-a-tebessa-reconnaissent-leur-implication-dans-lattentat-contre-une-patrouille-militaire-mdn\/\" \/>\n<meta property=\"og:site_name\" content=\"info algerie\" \/>\n<meta property=\"article:publisher\" content=\"https:\/\/www.facebook.com\/infoalgerieactu\" \/>\n<meta property=\"article:published_time\" content=\"2017-06-04T15:27:49+00:00\" \/>\n<meta name=\"author\" content=\"La r\u00e9daction\" \/>\n<meta name=\"twitter:label1\" content=\"\u00c9crit par\" \/>\n\t<meta name=\"twitter:data1\" content=\"La r\u00e9daction\" \/>\n\t<meta name=\"twitter:label2\" content=\"Dur\u00e9e de lecture estim\u00e9e\" \/>\n\t<meta name=\"twitter:data2\" content=\"1 minute\" \/>\n<script type=\"application\/ld+json\" class=\"yoast-schema-graph\">{\"@context\":\"https:\\\/\\\/schema.org\",\"@graph\":[{\"@type\":\"Article\",\"@id\":\"https:\\\/\\\/www.info-algerie.com\\\/actualites\\\/les-trois-terroristes-arretes-a-tebessa-reconnaissent-leur-implication-dans-lattentat-contre-une-patrouille-militaire-mdn\\\/#article\",\"isPartOf\":{\"@id\":\"https:\\\/\\\/www.info-algerie.com\\\/actualites\\\/les-trois-terroristes-arretes-a-tebessa-reconnaissent-leur-implication-dans-lattentat-contre-une-patrouille-militaire-mdn\\\/\"},\"author\":{\"name\":\"La r\u00e9daction\",\"@id\":\"https:\\\/\\\/www.info-algerie.com\\\/actualites\\\/#\\\/schema\\\/person\\\/847aaec44920825b843a08f30ec6aa1e\"},\"headline\":\"Les trois terroristes arr\u00eat\u00e9s \u00e0 T\u00e9bessa reconnaissent leur implication dans l&#039;attentat contre une patrouille militaire (MDN)\",\"datePublished\":\"2017-06-04T15:27:49+00:00\",\"mainEntityOfPage\":{\"@id\":\"https:\\\/\\\/www.info-algerie.com\\\/actualites\\\/les-trois-terroristes-arretes-a-tebessa-reconnaissent-leur-implication-dans-lattentat-contre-une-patrouille-militaire-mdn\\\/\"},\"wordCount\":178,\"commentCount\":0,\"publisher\":{\"@id\":\"https:\\\/\\\/www.info-algerie.com\\\/actualites\\\/#organization\"},\"keywords\":[\"ONU\"],\"articleSection\":[\"infos\"],\"inLanguage\":\"fr-FR\",\"potentialAction\":[{\"@type\":\"CommentAction\",\"name\":\"Comment\",\"target\":[\"https:\\\/\\\/www.info-algerie.com\\\/actualites\\\/les-trois-terroristes-arretes-a-tebessa-reconnaissent-leur-implication-dans-lattentat-contre-une-patrouille-militaire-mdn\\\/#respond\"]}]},{\"@type\":\"WebPage\",\"@id\":\"https:\\\/\\\/www.info-algerie.com\\\/actualites\\\/les-trois-terroristes-arretes-a-tebessa-reconnaissent-leur-implication-dans-lattentat-contre-une-patrouille-militaire-mdn\\\/\",\"url\":\"https:\\\/\\\/www.info-algerie.com\\\/actualites\\\/les-trois-terroristes-arretes-a-tebessa-reconnaissent-leur-implication-dans-lattentat-contre-une-patrouille-militaire-mdn\\\/\",\"name\":\"Les trois terroristes arr\u00eat\u00e9s \u00e0 T\u00e9bessa reconnaissent leur implication dans l&#039;attentat contre une patrouille militaire (MDN) - info algerie\",\"isPartOf\":{\"@id\":\"https:\\\/\\\/www.info-algerie.com\\\/actualites\\\/#website\"},\"datePublished\":\"2017-06-04T15:27:49+00:00\",\"breadcrumb\":{\"@id\":\"https:\\\/\\\/www.info-algerie.com\\\/actualites\\\/les-trois-terroristes-arretes-a-tebessa-reconnaissent-leur-implication-dans-lattentat-contre-une-patrouille-militaire-mdn\\\/#breadcrumb\"},\"inLanguage\":\"fr-FR\",\"potentialAction\":[{\"@type\":\"ReadAction\",\"target\":[\"https:\\\/\\\/www.info-algerie.com\\\/actualites\\\/les-trois-terroristes-arretes-a-tebessa-reconnaissent-leur-implication-dans-lattentat-contre-une-patrouille-militaire-mdn\\\/\"]}]},{\"@type\":\"BreadcrumbList\",\"@id\":\"https:\\\/\\\/www.info-algerie.com\\\/actualites\\\/les-trois-terroristes-arretes-a-tebessa-reconnaissent-leur-implication-dans-lattentat-contre-une-patrouille-militaire-mdn\\\/#breadcrumb\",\"itemListElement\":[{\"@type\":\"ListItem\",\"position\":1,\"name\":\"Accueil\",\"item\":\"https:\\\/\\\/www.info-algerie.com\\\/actualites\\\/\"},{\"@type\":\"ListItem\",\"position\":2,\"name\":\"Les trois terroristes arr\u00eat\u00e9s \u00e0 T\u00e9bessa reconnaissent leur implication dans l&#039;attentat contre une patrouille militaire (MDN)\"}]},{\"@type\":\"WebSite\",\"@id\":\"https:\\\/\\\/www.info-algerie.com\\\/actualites\\\/#website\",\"url\":\"https:\\\/\\\/www.info-algerie.com\\\/actualites\\\/\",\"name\":\"info algerie\",\"description\":\"Toutes les actualit\u00e9s\",\"publisher\":{\"@id\":\"https:\\\/\\\/www.info-algerie.com\\\/actualites\\\/#organization\"},\"potentialAction\":[{\"@type\":\"SearchAction\",\"target\":{\"@type\":\"EntryPoint\",\"urlTemplate\":\"https:\\\/\\\/www.info-algerie.com\\\/actualites\\\/?s={search_term_string}\"},\"query-input\":{\"@type\":\"PropertyValueSpecification\",\"valueRequired\":true,\"valueName\":\"search_term_string\"}}],\"inLanguage\":\"fr-FR\"},{\"@type\":\"Organization\",\"@id\":\"https:\\\/\\\/www.info-algerie.com\\\/actualites\\\/#organization\",\"name\":\"info algerie\",\"url\":\"https:\\\/\\\/www.info-algerie.com\\\/actualites\\\/\",\"logo\":{\"@type\":\"ImageObject\",\"inLanguage\":\"fr-FR\",\"@id\":\"https:\\\/\\\/www.info-algerie.com\\\/actualites\\\/#\\\/schema\\\/logo\\\/image\\\/\",\"url\":\"https:\\\/\\\/www.info-algerie.com\\\/actualites\\\/wp-content\\\/uploads\\\/2022\\\/07\\\/logo-ia-120.png\",\"contentUrl\":\"https:\\\/\\\/www.info-algerie.com\\\/actualites\\\/wp-content\\\/uploads\\\/2022\\\/07\\\/logo-ia-120.png\",\"width\":120,\"height\":43,\"caption\":\"info algerie\"},\"image\":{\"@id\":\"https:\\\/\\\/www.info-algerie.com\\\/actualites\\\/#\\\/schema\\\/logo\\\/image\\\/\"},\"sameAs\":[\"https:\\\/\\\/www.facebook.com\\\/infoalgerieactu\",\"https:\\\/\\\/x.com\\\/infoalgerie1\"]},{\"@type\":\"Person\",\"@id\":\"https:\\\/\\\/www.info-algerie.com\\\/actualites\\\/#\\\/schema\\\/person\\\/847aaec44920825b843a08f30ec6aa1e\",\"name\":\"La r\u00e9daction\",\"image\":{\"@type\":\"ImageObject\",\"inLanguage\":\"fr-FR\",\"@id\":\"https:\\\/\\\/secure.gravatar.com\\\/avatar\\\/769db425c6f465158149f1ffd6cf61ce7a8a879d11dfbef8288af36dfddd418c?s=96&d=mm&r=g\",\"url\":\"https:\\\/\\\/secure.gravatar.com\\\/avatar\\\/769db425c6f465158149f1ffd6cf61ce7a8a879d11dfbef8288af36dfddd418c?s=96&d=mm&r=g\",\"contentUrl\":\"https:\\\/\\\/secure.gravatar.com\\\/avatar\\\/769db425c6f465158149f1ffd6cf61ce7a8a879d11dfbef8288af36dfddd418c?s=96&d=mm&r=g\",\"caption\":\"La r\u00e9daction\"},\"sameAs\":[\"http:\\\/\\\/www.lkeria.com\\\/\"],\"url\":\"https:\\\/\\\/www.info-algerie.com\\\/actualites\\\/author\\\/chakib32\\\/\"}]}<\/script>\n<!-- \/ Yoast SEO plugin. -->","yoast_head_json":{"title":"Les trois terroristes arr\u00eat\u00e9s \u00e0 T\u00e9bessa reconnaissent leur implication dans l&#039;attentat contre une patrouille militaire (MDN) - info algerie","robots":{"index":"index","follow":"follow","max-snippet":"max-snippet:-1","max-image-preview":"max-image-preview:large","max-video-preview":"max-video-preview:-1"},"canonical":"https:\/\/www.info-algerie.com\/actualites\/les-trois-terroristes-arretes-a-tebessa-reconnaissent-leur-implication-dans-lattentat-contre-une-patrouille-militaire-mdn\/","og_locale":"fr_FR","og_type":"article","og_title":"Les trois terroristes arr\u00eat\u00e9s \u00e0 T\u00e9bessa reconnaissent leur implication dans l&#039;attentat contre une patrouille militaire (MDN) - info algerie","og_description":"ALGER &#8211; Les trois terroristes arr\u00eat\u00e9s samedi \u00e0 T\u00e9bessa ont reconnu leur implication dans la pose de la mine de confection artisanale qui a explos\u00e9 vendredi au passage d&rsquo;une patrouille militaire, indique dimanche un communiqu\u00e9 du minist\u00e8re de la de la D\u00e9fense nationale (MDN).\u00a0\u00a0 &#013; &#013; \u00ab\u00a0Dans le cadre de la lutte antiterroriste et suite","og_url":"https:\/\/www.info-algerie.com\/actualites\/les-trois-terroristes-arretes-a-tebessa-reconnaissent-leur-implication-dans-lattentat-contre-une-patrouille-militaire-mdn\/","og_site_name":"info algerie","article_publisher":"https:\/\/www.facebook.com\/infoalgerieactu","article_published_time":"2017-06-04T15:27:49+00:00","author":"La r\u00e9daction","twitter_misc":{"\u00c9crit par":"La r\u00e9daction","Dur\u00e9e de lecture estim\u00e9e":"1 minute"},"schema":{"@context":"https:\/\/schema.org","@graph":[{"@type":"Article","@id":"https:\/\/www.info-algerie.com\/actualites\/les-trois-terroristes-arretes-a-tebessa-reconnaissent-leur-implication-dans-lattentat-contre-une-patrouille-militaire-mdn\/#article","isPartOf":{"@id":"https:\/\/www.info-algerie.com\/actualites\/les-trois-terroristes-arretes-a-tebessa-reconnaissent-leur-implication-dans-lattentat-contre-une-patrouille-militaire-mdn\/"},"author":{"name":"La r\u00e9daction","@id":"https:\/\/www.info-algerie.com\/actualites\/#\/schema\/person\/847aaec44920825b843a08f30ec6aa1e"},"headline":"Les trois terroristes arr\u00eat\u00e9s \u00e0 T\u00e9bessa reconnaissent leur implication dans l&#039;attentat contre une patrouille militaire (MDN)","datePublished":"2017-06-04T15:27:49+00:00","mainEntityOfPage":{"@id":"https:\/\/www.info-algerie.com\/actualites\/les-trois-terroristes-arretes-a-tebessa-reconnaissent-leur-implication-dans-lattentat-contre-une-patrouille-militaire-mdn\/"},"wordCount":178,"commentCount":0,"publisher":{"@id":"https:\/\/www.info-algerie.com\/actualites\/#organization"},"keywords":["ONU"],"articleSection":["infos"],"inLanguage":"fr-FR","potentialAction":[{"@type":"CommentAction","name":"Comment","target":["https:\/\/www.info-algerie.com\/actualites\/les-trois-terroristes-arretes-a-tebessa-reconnaissent-leur-implication-dans-lattentat-contre-une-patrouille-militaire-mdn\/#respond"]}]},{"@type":"WebPage","@id":"https:\/\/www.info-algerie.com\/actualites\/les-trois-terroristes-arretes-a-tebessa-reconnaissent-leur-implication-dans-lattentat-contre-une-patrouille-militaire-mdn\/","url":"https:\/\/www.info-algerie.com\/actualites\/les-trois-terroristes-arretes-a-tebessa-reconnaissent-leur-implication-dans-lattentat-contre-une-patrouille-militaire-mdn\/","name":"Les trois terroristes arr\u00eat\u00e9s \u00e0 T\u00e9bessa reconnaissent leur implication dans l&#039;attentat contre une patrouille militaire (MDN) - info algerie","isPartOf":{"@id":"https:\/\/www.info-algerie.com\/actualites\/#website"},"datePublished":"2017-06-04T15:27:49+00:00","breadcrumb":{"@id":"https:\/\/www.info-algerie.com\/actualites\/les-trois-terroristes-arretes-a-tebessa-reconnaissent-leur-implication-dans-lattentat-contre-une-patrouille-militaire-mdn\/#breadcrumb"},"inLanguage":"fr-FR","potentialAction":[{"@type":"ReadAction","target":["https:\/\/www.info-algerie.com\/actualites\/les-trois-terroristes-arretes-a-tebessa-reconnaissent-leur-implication-dans-lattentat-contre-une-patrouille-militaire-mdn\/"]}]},{"@type":"BreadcrumbList","@id":"https:\/\/www.info-algerie.com\/actualites\/les-trois-terroristes-arretes-a-tebessa-reconnaissent-leur-implication-dans-lattentat-contre-une-patrouille-militaire-mdn\/#breadcrumb","itemListElement":[{"@type":"ListItem","position":1,"name":"Accueil","item":"https:\/\/www.info-algerie.com\/actualites\/"},{"@type":"ListItem","position":2,"name":"Les trois terroristes arr\u00eat\u00e9s \u00e0 T\u00e9bessa reconnaissent leur implication dans l&#039;attentat contre une patrouille militaire (MDN)"}]},{"@type":"WebSite","@id":"https:\/\/www.info-algerie.com\/actualites\/#website","url":"https:\/\/www.info-algerie.com\/actualites\/","name":"info algerie","description":"Toutes les actualit\u00e9s","publisher":{"@id":"https:\/\/www.info-algerie.com\/actualites\/#organization"},"potentialAction":[{"@type":"SearchAction","target":{"@type":"EntryPoint","urlTemplate":"https:\/\/www.info-algerie.com\/actualites\/?s={search_term_string}"},"query-input":{"@type":"PropertyValueSpecification","valueRequired":true,"valueName":"search_term_string"}}],"inLanguage":"fr-FR"},{"@type":"Organization","@id":"https:\/\/www.info-algerie.com\/actualites\/#organization","name":"info algerie","url":"https:\/\/www.info-algerie.com\/actualites\/","logo":{"@type":"ImageObject","inLanguage":"fr-FR","@id":"https:\/\/www.info-algerie.com\/actualites\/#\/schema\/logo\/image\/","url":"https:\/\/www.info-algerie.com\/actualites\/wp-content\/uploads\/2022\/07\/logo-ia-120.png","contentUrl":"https:\/\/www.info-algerie.com\/actualites\/wp-content\/uploads\/2022\/07\/logo-ia-120.png","width":120,"height":43,"caption":"info algerie"},"image":{"@id":"https:\/\/www.info-algerie.com\/actualites\/#\/schema\/logo\/image\/"},"sameAs":["https:\/\/www.facebook.com\/infoalgerieactu","https:\/\/x.com\/infoalgerie1"]},{"@type":"Person","@id":"https:\/\/www.info-algerie.com\/actualites\/#\/schema\/person\/847aaec44920825b843a08f30ec6aa1e","name":"La r\u00e9daction","image":{"@type":"ImageObject","inLanguage":"fr-FR","@id":"https:\/\/secure.gravatar.com\/avatar\/769db425c6f465158149f1ffd6cf61ce7a8a879d11dfbef8288af36dfddd418c?s=96&d=mm&r=g","url":"https:\/\/secure.gravatar.com\/avatar\/769db425c6f465158149f1ffd6cf61ce7a8a879d11dfbef8288af36dfddd418c?s=96&d=mm&r=g","contentUrl":"https:\/\/secure.gravatar.com\/avatar\/769db425c6f465158149f1ffd6cf61ce7a8a879d11dfbef8288af36dfddd418c?s=96&d=mm&r=g","caption":"La r\u00e9daction"},"sameAs":["http:\/\/www.lkeria.com\/"],"url":"https:\/\/www.info-algerie.com\/actualites\/author\/chakib32\/"}]}},"_links":{"self":[{"href":"https:\/\/www.info-algerie.com\/actualites\/wp-json\/wp\/v2\/posts\/12845","targetHints":{"allow":["GET"]}}],"collection":[{"href":"https:\/\/www.info-algerie.com\/actualites\/wp-json\/wp\/v2\/posts"}],"about":[{"href":"https:\/\/www.info-algerie.com\/actualites\/wp-json\/wp\/v2\/types\/post"}],"author":[{"embeddable":true,"href":"https:\/\/www.info-algerie.com\/actualites\/wp-json\/wp\/v2\/users\/6"}],"replies":[{"embeddable":true,"href":"https:\/\/www.info-algerie.com\/actualites\/wp-json\/wp\/v2\/comments?post=12845"}],"version-history":[{"count":0,"href":"https:\/\/www.info-algerie.com\/actualites\/wp-json\/wp\/v2\/posts\/12845\/revisions"}],"wp:attachment":[{"href":"https:\/\/www.info-algerie.com\/actualites\/wp-json\/wp\/v2\/media?parent=12845"}],"wp:term":[{"taxonomy":"category","embeddable":true,"href":"https:\/\/www.info-algerie.com\/actualites\/wp-json\/wp\/v2\/categories?post=12845"},{"taxonomy":"post_tag","embeddable":true,"href":"https:\/\/www.info-algerie.com\/actualites\/wp-json\/wp\/v2\/tags?post=12845"}],"curies":[{"name":"wp","href":"https:\/\/api.w.org\/{rel}","templated":true}]}}