{"id":12846,"date":"2017-06-04T16:19:02","date_gmt":"2017-06-04T15:19:02","guid":{"rendered":"http:\/\/www.info-algerie.com\/actualites\/larav-doit-pouvoir-assumer-ses-responsabilites\/"},"modified":"2017-06-04T16:19:02","modified_gmt":"2017-06-04T15:19:02","slug":"larav-doit-pouvoir-assumer-ses-responsabilites","status":"publish","type":"post","link":"https:\/\/www.info-algerie.com\/actualites\/larav-doit-pouvoir-assumer-ses-responsabilites\/","title":{"rendered":"L&#039;ARAV doit pouvoir assumer ses responsabilit\u00e9s \u00a0"},"content":{"rendered":"<div class=\"K2FeedIntroText\">\n<p>ALGER &#8211; L&rsquo;Autorit\u00e9 de R\u00e9gulation de l\u2019Audiovisuel (ARAV) doit pouvoir assumer ses responsabilit\u00e9s et ses missions, a d\u00e9clar\u00e9 le ministre de la Communication, Djamel Kaouane, lors de l&rsquo;audience qu&rsquo;il a accord\u00e9e dimanche au pr\u00e9sident de cette instance, Zouaoui Benhamadi, indique un communiqu\u00e9 du minist\u00e8re.<\/p>\n<p>&#013;\n<\/p><\/div>\n<div class=\"K2FeedFullText\">&#013;<\/p>\n<p>\u00ab\u00a0La rencontre a permis au ministre de s\u2019enqu\u00e9rir du travail et des actions men\u00e9es par l\u2019Autorit\u00e9 de R\u00e9gulation de l\u2019Audiovisuel, et d\u2019assurer son pr\u00e9sident de la disponibilit\u00e9 enti\u00e8re du minist\u00e8re de la Communication et, \u00e0 travers ce dernier, du Gouvernement \u00e0 lui apporter aide et soutien afin de lui permettre d\u2019assumer pleinement ses responsabilit\u00e9s et ses missions tel que le stipulent les textes de loi en vigueur\u00a0\u00bb, pr\u00e9cise la m\u00eame source.<\/p>\n<\/div>\n<p>&#013;<br \/>\nSource: <a href=\"http:\/\/www.aps.dz\/algerie\/58531-l-arav-doit-pouvoir-assumer-ses-responsabilites\" target=\"_blank\">L&rsquo;ARAV doit pouvoir assumer ses responsabilit\u00e9s \u00a0<\/a><\/p>\n<!--CusAds0-->\n<div style=\"font-size: 0px; height: 0px; line-height: 0px; margin: 0; padding: 0; clear: both;\"><\/div>","protected":false},"excerpt":{"rendered":"<p>ALGER &#8211; L&rsquo;Autorit\u00e9 de R\u00e9gulation de l\u2019Audiovisuel (ARAV) doit pouvoir assumer ses responsabilit\u00e9s et ses missions, a d\u00e9clar\u00e9 le ministre de la Communication, Djamel Kaouane, lors de l&rsquo;audience qu&rsquo;il a accord\u00e9e dimanche au pr\u00e9sident de cette instance, Zouaoui Benhamadi, indique un communiqu\u00e9 du minist\u00e8re. &#013; &#013; \u00ab\u00a0La rencontre a permis au ministre de s\u2019enqu\u00e9rir du<\/p>\n","protected":false},"author":6,"featured_media":0,"comment_status":"open","ping_status":"open","sticky":false,"template":"","format":"standard","meta":{"footnotes":""},"categories":[22],"tags":[93],"class_list":["post-12846","post","type-post","status-publish","format-standard","hentry","category-infos","tag-onu"],"yoast_head":"<!-- This site is optimized with the Yoast SEO plugin v27.5 - https:\/\/yoast.com\/product\/yoast-seo-wordpress\/ -->\n<title>L&#039;ARAV doit pouvoir assumer ses responsabilit\u00e9s \u00a0 - info algerie<\/title>\n<meta name=\"robots\" content=\"index, follow, max-snippet:-1, max-image-preview:large, max-video-preview:-1\" \/>\n<link rel=\"canonical\" href=\"https:\/\/www.info-algerie.com\/actualites\/larav-doit-pouvoir-assumer-ses-responsabilites\/\" \/>\n<meta property=\"og:locale\" content=\"fr_FR\" \/>\n<meta property=\"og:type\" content=\"article\" \/>\n<meta property=\"og:title\" content=\"L&#039;ARAV doit pouvoir assumer ses responsabilit\u00e9s \u00a0 - info algerie\" \/>\n<meta property=\"og:description\" content=\"ALGER &#8211; L&rsquo;Autorit\u00e9 de R\u00e9gulation de l\u2019Audiovisuel (ARAV) doit pouvoir assumer ses responsabilit\u00e9s et ses missions, a d\u00e9clar\u00e9 le ministre de la Communication, Djamel Kaouane, lors de l&rsquo;audience qu&rsquo;il a accord\u00e9e dimanche au pr\u00e9sident de cette instance, Zouaoui Benhamadi, indique un communiqu\u00e9 du minist\u00e8re. &#013; &#013; \u00ab\u00a0La rencontre a permis au ministre de s\u2019enqu\u00e9rir du\" \/>\n<meta property=\"og:url\" content=\"https:\/\/www.info-algerie.com\/actualites\/larav-doit-pouvoir-assumer-ses-responsabilites\/\" \/>\n<meta property=\"og:site_name\" content=\"info algerie\" \/>\n<meta property=\"article:publisher\" content=\"https:\/\/www.facebook.com\/infoalgerieactu\" \/>\n<meta property=\"article:published_time\" content=\"2017-06-04T15:19:02+00:00\" \/>\n<meta name=\"author\" content=\"La r\u00e9daction\" \/>\n<meta name=\"twitter:label1\" content=\"\u00c9crit par\" \/>\n\t<meta name=\"twitter:data1\" content=\"La r\u00e9daction\" \/>\n\t<meta name=\"twitter:label2\" content=\"Dur\u00e9e de lecture estim\u00e9e\" \/>\n\t<meta name=\"twitter:data2\" content=\"1 minute\" \/>\n<script type=\"application\/ld+json\" class=\"yoast-schema-graph\">{\"@context\":\"https:\\\/\\\/schema.org\",\"@graph\":[{\"@type\":\"Article\",\"@id\":\"https:\\\/\\\/www.info-algerie.com\\\/actualites\\\/larav-doit-pouvoir-assumer-ses-responsabilites\\\/#article\",\"isPartOf\":{\"@id\":\"https:\\\/\\\/www.info-algerie.com\\\/actualites\\\/larav-doit-pouvoir-assumer-ses-responsabilites\\\/\"},\"author\":{\"name\":\"La r\u00e9daction\",\"@id\":\"https:\\\/\\\/www.info-algerie.com\\\/actualites\\\/#\\\/schema\\\/person\\\/847aaec44920825b843a08f30ec6aa1e\"},\"headline\":\"L&#039;ARAV doit pouvoir assumer ses responsabilit\u00e9s \u00a0\",\"datePublished\":\"2017-06-04T15:19:02+00:00\",\"mainEntityOfPage\":{\"@id\":\"https:\\\/\\\/www.info-algerie.com\\\/actualites\\\/larav-doit-pouvoir-assumer-ses-responsabilites\\\/\"},\"wordCount\":154,\"commentCount\":0,\"publisher\":{\"@id\":\"https:\\\/\\\/www.info-algerie.com\\\/actualites\\\/#organization\"},\"keywords\":[\"ONU\"],\"articleSection\":[\"infos\"],\"inLanguage\":\"fr-FR\",\"potentialAction\":[{\"@type\":\"CommentAction\",\"name\":\"Comment\",\"target\":[\"https:\\\/\\\/www.info-algerie.com\\\/actualites\\\/larav-doit-pouvoir-assumer-ses-responsabilites\\\/#respond\"]}]},{\"@type\":\"WebPage\",\"@id\":\"https:\\\/\\\/www.info-algerie.com\\\/actualites\\\/larav-doit-pouvoir-assumer-ses-responsabilites\\\/\",\"url\":\"https:\\\/\\\/www.info-algerie.com\\\/actualites\\\/larav-doit-pouvoir-assumer-ses-responsabilites\\\/\",\"name\":\"L&#039;ARAV doit pouvoir assumer ses responsabilit\u00e9s \u00a0 - info algerie\",\"isPartOf\":{\"@id\":\"https:\\\/\\\/www.info-algerie.com\\\/actualites\\\/#website\"},\"datePublished\":\"2017-06-04T15:19:02+00:00\",\"breadcrumb\":{\"@id\":\"https:\\\/\\\/www.info-algerie.com\\\/actualites\\\/larav-doit-pouvoir-assumer-ses-responsabilites\\\/#breadcrumb\"},\"inLanguage\":\"fr-FR\",\"potentialAction\":[{\"@type\":\"ReadAction\",\"target\":[\"https:\\\/\\\/www.info-algerie.com\\\/actualites\\\/larav-doit-pouvoir-assumer-ses-responsabilites\\\/\"]}]},{\"@type\":\"BreadcrumbList\",\"@id\":\"https:\\\/\\\/www.info-algerie.com\\\/actualites\\\/larav-doit-pouvoir-assumer-ses-responsabilites\\\/#breadcrumb\",\"itemListElement\":[{\"@type\":\"ListItem\",\"position\":1,\"name\":\"Accueil\",\"item\":\"https:\\\/\\\/www.info-algerie.com\\\/actualites\\\/\"},{\"@type\":\"ListItem\",\"position\":2,\"name\":\"L&#039;ARAV doit pouvoir assumer ses responsabilit\u00e9s \u00a0\"}]},{\"@type\":\"WebSite\",\"@id\":\"https:\\\/\\\/www.info-algerie.com\\\/actualites\\\/#website\",\"url\":\"https:\\\/\\\/www.info-algerie.com\\\/actualites\\\/\",\"name\":\"info algerie\",\"description\":\"Toutes les actualit\u00e9s\",\"publisher\":{\"@id\":\"https:\\\/\\\/www.info-algerie.com\\\/actualites\\\/#organization\"},\"potentialAction\":[{\"@type\":\"SearchAction\",\"target\":{\"@type\":\"EntryPoint\",\"urlTemplate\":\"https:\\\/\\\/www.info-algerie.com\\\/actualites\\\/?s={search_term_string}\"},\"query-input\":{\"@type\":\"PropertyValueSpecification\",\"valueRequired\":true,\"valueName\":\"search_term_string\"}}],\"inLanguage\":\"fr-FR\"},{\"@type\":\"Organization\",\"@id\":\"https:\\\/\\\/www.info-algerie.com\\\/actualites\\\/#organization\",\"name\":\"info algerie\",\"url\":\"https:\\\/\\\/www.info-algerie.com\\\/actualites\\\/\",\"logo\":{\"@type\":\"ImageObject\",\"inLanguage\":\"fr-FR\",\"@id\":\"https:\\\/\\\/www.info-algerie.com\\\/actualites\\\/#\\\/schema\\\/logo\\\/image\\\/\",\"url\":\"https:\\\/\\\/www.info-algerie.com\\\/actualites\\\/wp-content\\\/uploads\\\/2022\\\/07\\\/logo-ia-120.png\",\"contentUrl\":\"https:\\\/\\\/www.info-algerie.com\\\/actualites\\\/wp-content\\\/uploads\\\/2022\\\/07\\\/logo-ia-120.png\",\"width\":120,\"height\":43,\"caption\":\"info algerie\"},\"image\":{\"@id\":\"https:\\\/\\\/www.info-algerie.com\\\/actualites\\\/#\\\/schema\\\/logo\\\/image\\\/\"},\"sameAs\":[\"https:\\\/\\\/www.facebook.com\\\/infoalgerieactu\",\"https:\\\/\\\/x.com\\\/infoalgerie1\"]},{\"@type\":\"Person\",\"@id\":\"https:\\\/\\\/www.info-algerie.com\\\/actualites\\\/#\\\/schema\\\/person\\\/847aaec44920825b843a08f30ec6aa1e\",\"name\":\"La r\u00e9daction\",\"image\":{\"@type\":\"ImageObject\",\"inLanguage\":\"fr-FR\",\"@id\":\"https:\\\/\\\/secure.gravatar.com\\\/avatar\\\/769db425c6f465158149f1ffd6cf61ce7a8a879d11dfbef8288af36dfddd418c?s=96&d=mm&r=g\",\"url\":\"https:\\\/\\\/secure.gravatar.com\\\/avatar\\\/769db425c6f465158149f1ffd6cf61ce7a8a879d11dfbef8288af36dfddd418c?s=96&d=mm&r=g\",\"contentUrl\":\"https:\\\/\\\/secure.gravatar.com\\\/avatar\\\/769db425c6f465158149f1ffd6cf61ce7a8a879d11dfbef8288af36dfddd418c?s=96&d=mm&r=g\",\"caption\":\"La r\u00e9daction\"},\"sameAs\":[\"http:\\\/\\\/www.lkeria.com\\\/\"],\"url\":\"https:\\\/\\\/www.info-algerie.com\\\/actualites\\\/author\\\/chakib32\\\/\"}]}<\/script>\n<!-- \/ Yoast SEO plugin. -->","yoast_head_json":{"title":"L&#039;ARAV doit pouvoir assumer ses responsabilit\u00e9s \u00a0 - info algerie","robots":{"index":"index","follow":"follow","max-snippet":"max-snippet:-1","max-image-preview":"max-image-preview:large","max-video-preview":"max-video-preview:-1"},"canonical":"https:\/\/www.info-algerie.com\/actualites\/larav-doit-pouvoir-assumer-ses-responsabilites\/","og_locale":"fr_FR","og_type":"article","og_title":"L&#039;ARAV doit pouvoir assumer ses responsabilit\u00e9s \u00a0 - info algerie","og_description":"ALGER &#8211; L&rsquo;Autorit\u00e9 de R\u00e9gulation de l\u2019Audiovisuel (ARAV) doit pouvoir assumer ses responsabilit\u00e9s et ses missions, a d\u00e9clar\u00e9 le ministre de la Communication, Djamel Kaouane, lors de l&rsquo;audience qu&rsquo;il a accord\u00e9e dimanche au pr\u00e9sident de cette instance, Zouaoui Benhamadi, indique un communiqu\u00e9 du minist\u00e8re. &#013; &#013; \u00ab\u00a0La rencontre a permis au ministre de s\u2019enqu\u00e9rir du","og_url":"https:\/\/www.info-algerie.com\/actualites\/larav-doit-pouvoir-assumer-ses-responsabilites\/","og_site_name":"info algerie","article_publisher":"https:\/\/www.facebook.com\/infoalgerieactu","article_published_time":"2017-06-04T15:19:02+00:00","author":"La r\u00e9daction","twitter_misc":{"\u00c9crit par":"La r\u00e9daction","Dur\u00e9e de lecture estim\u00e9e":"1 minute"},"schema":{"@context":"https:\/\/schema.org","@graph":[{"@type":"Article","@id":"https:\/\/www.info-algerie.com\/actualites\/larav-doit-pouvoir-assumer-ses-responsabilites\/#article","isPartOf":{"@id":"https:\/\/www.info-algerie.com\/actualites\/larav-doit-pouvoir-assumer-ses-responsabilites\/"},"author":{"name":"La r\u00e9daction","@id":"https:\/\/www.info-algerie.com\/actualites\/#\/schema\/person\/847aaec44920825b843a08f30ec6aa1e"},"headline":"L&#039;ARAV doit pouvoir assumer ses responsabilit\u00e9s \u00a0","datePublished":"2017-06-04T15:19:02+00:00","mainEntityOfPage":{"@id":"https:\/\/www.info-algerie.com\/actualites\/larav-doit-pouvoir-assumer-ses-responsabilites\/"},"wordCount":154,"commentCount":0,"publisher":{"@id":"https:\/\/www.info-algerie.com\/actualites\/#organization"},"keywords":["ONU"],"articleSection":["infos"],"inLanguage":"fr-FR","potentialAction":[{"@type":"CommentAction","name":"Comment","target":["https:\/\/www.info-algerie.com\/actualites\/larav-doit-pouvoir-assumer-ses-responsabilites\/#respond"]}]},{"@type":"WebPage","@id":"https:\/\/www.info-algerie.com\/actualites\/larav-doit-pouvoir-assumer-ses-responsabilites\/","url":"https:\/\/www.info-algerie.com\/actualites\/larav-doit-pouvoir-assumer-ses-responsabilites\/","name":"L&#039;ARAV doit pouvoir assumer ses responsabilit\u00e9s \u00a0 - info algerie","isPartOf":{"@id":"https:\/\/www.info-algerie.com\/actualites\/#website"},"datePublished":"2017-06-04T15:19:02+00:00","breadcrumb":{"@id":"https:\/\/www.info-algerie.com\/actualites\/larav-doit-pouvoir-assumer-ses-responsabilites\/#breadcrumb"},"inLanguage":"fr-FR","potentialAction":[{"@type":"ReadAction","target":["https:\/\/www.info-algerie.com\/actualites\/larav-doit-pouvoir-assumer-ses-responsabilites\/"]}]},{"@type":"BreadcrumbList","@id":"https:\/\/www.info-algerie.com\/actualites\/larav-doit-pouvoir-assumer-ses-responsabilites\/#breadcrumb","itemListElement":[{"@type":"ListItem","position":1,"name":"Accueil","item":"https:\/\/www.info-algerie.com\/actualites\/"},{"@type":"ListItem","position":2,"name":"L&#039;ARAV doit pouvoir assumer ses responsabilit\u00e9s \u00a0"}]},{"@type":"WebSite","@id":"https:\/\/www.info-algerie.com\/actualites\/#website","url":"https:\/\/www.info-algerie.com\/actualites\/","name":"info algerie","description":"Toutes les actualit\u00e9s","publisher":{"@id":"https:\/\/www.info-algerie.com\/actualites\/#organization"},"potentialAction":[{"@type":"SearchAction","target":{"@type":"EntryPoint","urlTemplate":"https:\/\/www.info-algerie.com\/actualites\/?s={search_term_string}"},"query-input":{"@type":"PropertyValueSpecification","valueRequired":true,"valueName":"search_term_string"}}],"inLanguage":"fr-FR"},{"@type":"Organization","@id":"https:\/\/www.info-algerie.com\/actualites\/#organization","name":"info algerie","url":"https:\/\/www.info-algerie.com\/actualites\/","logo":{"@type":"ImageObject","inLanguage":"fr-FR","@id":"https:\/\/www.info-algerie.com\/actualites\/#\/schema\/logo\/image\/","url":"https:\/\/www.info-algerie.com\/actualites\/wp-content\/uploads\/2022\/07\/logo-ia-120.png","contentUrl":"https:\/\/www.info-algerie.com\/actualites\/wp-content\/uploads\/2022\/07\/logo-ia-120.png","width":120,"height":43,"caption":"info algerie"},"image":{"@id":"https:\/\/www.info-algerie.com\/actualites\/#\/schema\/logo\/image\/"},"sameAs":["https:\/\/www.facebook.com\/infoalgerieactu","https:\/\/x.com\/infoalgerie1"]},{"@type":"Person","@id":"https:\/\/www.info-algerie.com\/actualites\/#\/schema\/person\/847aaec44920825b843a08f30ec6aa1e","name":"La r\u00e9daction","image":{"@type":"ImageObject","inLanguage":"fr-FR","@id":"https:\/\/secure.gravatar.com\/avatar\/769db425c6f465158149f1ffd6cf61ce7a8a879d11dfbef8288af36dfddd418c?s=96&d=mm&r=g","url":"https:\/\/secure.gravatar.com\/avatar\/769db425c6f465158149f1ffd6cf61ce7a8a879d11dfbef8288af36dfddd418c?s=96&d=mm&r=g","contentUrl":"https:\/\/secure.gravatar.com\/avatar\/769db425c6f465158149f1ffd6cf61ce7a8a879d11dfbef8288af36dfddd418c?s=96&d=mm&r=g","caption":"La r\u00e9daction"},"sameAs":["http:\/\/www.lkeria.com\/"],"url":"https:\/\/www.info-algerie.com\/actualites\/author\/chakib32\/"}]}},"_links":{"self":[{"href":"https:\/\/www.info-algerie.com\/actualites\/wp-json\/wp\/v2\/posts\/12846","targetHints":{"allow":["GET"]}}],"collection":[{"href":"https:\/\/www.info-algerie.com\/actualites\/wp-json\/wp\/v2\/posts"}],"about":[{"href":"https:\/\/www.info-algerie.com\/actualites\/wp-json\/wp\/v2\/types\/post"}],"author":[{"embeddable":true,"href":"https:\/\/www.info-algerie.com\/actualites\/wp-json\/wp\/v2\/users\/6"}],"replies":[{"embeddable":true,"href":"https:\/\/www.info-algerie.com\/actualites\/wp-json\/wp\/v2\/comments?post=12846"}],"version-history":[{"count":0,"href":"https:\/\/www.info-algerie.com\/actualites\/wp-json\/wp\/v2\/posts\/12846\/revisions"}],"wp:attachment":[{"href":"https:\/\/www.info-algerie.com\/actualites\/wp-json\/wp\/v2\/media?parent=12846"}],"wp:term":[{"taxonomy":"category","embeddable":true,"href":"https:\/\/www.info-algerie.com\/actualites\/wp-json\/wp\/v2\/categories?post=12846"},{"taxonomy":"post_tag","embeddable":true,"href":"https:\/\/www.info-algerie.com\/actualites\/wp-json\/wp\/v2\/tags?post=12846"}],"curies":[{"name":"wp","href":"https:\/\/api.w.org\/{rel}","templated":true}]}}